{"id":23836,"date":"2021-11-12T07:01:28","date_gmt":"2021-11-12T11:01:28","guid":{"rendered":"http:\/\/www.mpppst.gob.ve\/mpppstweb\/?p=23836"},"modified":"2021-11-12T07:01:29","modified_gmt":"2021-11-12T11:01:29","slug":"venezuela-reafirma-su-compromiso-de-defender-la-soberania-y-derechos-de-los-pueblos","status":"publish","type":"post","link":"https:\/\/www.mpppst.gob.ve\/mpppstweb\/index.php\/2021\/11\/12\/venezuela-reafirma-su-compromiso-de-defender-la-soberania-y-derechos-de-los-pueblos\/","title":{"rendered":"Venezuela reafirma su compromiso de defender la soberan\u00eda y derechos de los pueblos"},"content":{"rendered":"\n<p>La ministra del Poder Popular para Ciencia y Tecnolog\u00eda,&nbsp;<strong>Gabriela Jim\u00e9nez Ram\u00edrez<\/strong>, reafirm\u00f3 que el Gobierno de Venezuela logr\u00f3 mantener todos sus programas educativos, cient\u00edficos y culturales, a pesar de los graves efectos causados por las medidas coercitivas unilaterales impuestas por las autoridades de Estados Unidos, informaci\u00f3n de Prensa Mincyt.<\/p>\n\n\n\n<p>Durante su intervenci\u00f3n en la 41\u00aa Conferencia General de la Organizaci\u00f3n de las Naciones Unidas para la Educaci\u00f3n, Ciencia y Cultura, que efectu\u00f3 en la ciudad de Par\u00eds, Francia, la Jefa de la delegaci\u00f3n criolla hizo un llamado a la Unesco y a sus autoridades para que se pronuncien sobre las medidas coercitivas unilaterales que atentan contra los derechos humanos en 30 pa\u00edses del mundo.<\/p>\n\n\n\n<p>\u201c\u00a1Se\u00f1ores, pese a esta acci\u00f3n terrorista del bloqueo impuesto por el Gobierno de los Estados Unidos de Norteam\u00e9rica, Venezuela mantiene todos sus programas para el bienestar de la poblaci\u00f3n! Millones de seres humanos sufren las criminales e injustas medidas que imponen los poderes hegem\u00f3nicos y guerreristas\u201d, expres\u00f3.<\/p>\n\n\n\n<p>La Ministra asever\u00f3 que aunque la COVID-19 ha promovido las inequidades sociales en el mundo, en la naci\u00f3n Bolivariana alcanzan el 70 % de la vacunaci\u00f3n a la poblaci\u00f3n.&nbsp; \u201cEn materia educativa, con el programa Una Gota de Amor para mi Escuela, hemos logrado que 8.7 millones de ni\u00f1os y ni\u00f1as se incorporen a las aulas de clase\u201d, acot\u00f3.<\/p>\n\n\n\n<p>La titular de la cartera cient\u00edfica venezolana manifest\u00f3 que el Gobierno Bolivariano tambi\u00e9n est\u00e1 comprometido con la preservaci\u00f3n del patrimonio mundial, as\u00ed como la cultura y la divulgaci\u00f3n de las diversas manifestaciones.<\/p>\n\n\n\n<p>\u201cRecientemente, la Asamblea Nacional aprob\u00f3 la Ley para la Salvaguardia del Patrimonio Cultural Inmaterial, la cual fue consultada con los actores y protagonistas del hecho cultural como un ejercicio de la pr\u00e1ctica democr\u00e1tica que caracteriza a la Revoluci\u00f3n Bolivariana\u201d, especific\u00f3.<\/p>\n\n\n\n<p>En tal sentido, Jim\u00e9nez-Ram\u00edrez inform\u00f3 que el Gobierno venezolano ha hecho un gran esfuerzo para integrar y desplegar todas las capacidades de educaci\u00f3n, conocimiento y ciencia a trav\u00e9s de la creaci\u00f3n del nuevo Polo Cient\u00edfico-Tecnol\u00f3gico, una instancia unificadora que permita articular a todas las instituciones p\u00fablicas y privadas para buscar respuestas reales y efectivas a los problemas del pa\u00eds.<\/p>\n\n\n\n<h3 class=\"wp-block-heading\"><strong>La Revoluci\u00f3n Bolivariana es Feminista<\/strong><\/h3>\n\n\n\n<p>\u201cTambi\u00e9n queremos destacar que, para el a\u00f1o 2018, Venezuela hab\u00eda alcanzado la paridad de g\u00e9nero en la ciencia. La Revoluci\u00f3n Bolivariana es definitivamente feminista pues la mujer es protagonista de la gesti\u00f3n p\u00fablica. El 55 % de la n\u00f3mina universitaria, hoy, en Venezuela son mujeres\u201d, enfatiz\u00f3.<\/p>\n\n\n\n<p>La vocera criolla declar\u00f3 que el pa\u00eds apoya la recomendaci\u00f3n sobre ciencia abierta, puesto que, tiempos de revoluci\u00f3n, se asegura las garant\u00edas institucionales y pol\u00edticas para democratizar los beneficios de la ciencia, la tecnolog\u00eda y la innovaci\u00f3n, desde la ecolog\u00eda de los saberes y del conocimiento a favor del bienestar colectivo.<\/p>\n\n\n\n<p>\u201cUna manifestaci\u00f3n de esto es la Alianza Cient\u00edfico-Campesina, un espacio de creaci\u00f3n, transferencia de tecnolog\u00eda y promoci\u00f3n de la producci\u00f3n soberana de alimentos as\u00ed tambi\u00e9n como el est\u00edmulo al desarrollo del software libre en est\u00e1ndares abiertos\u201d, exclam\u00f3.<\/p>\n\n\n\n<p>Por \u00faltimo, reconoci\u00f3 los esfuerzos de la Unesco para elaborar una recomendaci\u00f3n sobre la \u00e9tica en el uso de la inteligencia artificial.&nbsp;<\/p>\n","protected":false},"excerpt":{"rendered":"<p>La ministra del Poder Popular para Ciencia y Tecnolog\u00eda,&nbsp;Gabriela Jim\u00e9nez Ram\u00edrez, reafirm\u00f3 que el Gobierno de &hellip; <a title=\"Venezuela reafirma su compromiso de defender la soberan\u00eda y derechos de los pueblos\" class=\"hm-read-more\" href=\"https:\/\/www.mpppst.gob.ve\/mpppstweb\/index.php\/2021\/11\/12\/venezuela-reafirma-su-compromiso-de-defender-la-soberania-y-derechos-de-los-pueblos\/\"><span class=\"screen-reader-text\">Venezuela reafirma su compromiso de defender la soberan\u00eda y derechos de los pueblos<\/span>Read more<\/a><\/p>\n","protected":false},"author":25,"featured_media":23837,"comment_status":"closed","ping_status":"closed","sticky":false,"template":"","format":"standard","meta":{"footnotes":""},"categories":[82,163],"tags":[],"yoast_head":"<!-- This site is optimized with the Yoast SEO plugin v22.5 - https:\/\/yoast.com\/wordpress\/plugins\/seo\/ -->\n<title>Venezuela reafirma su compromiso de defender la soberan\u00eda y derechos de los pueblos - MPPPST<\/title>\n<meta name=\"robots\" content=\"index, follow, max-snippet:-1, max-image-preview:large, max-video-preview:-1\" \/>\n<link rel=\"canonical\" href=\"https:\/\/www.mpppst.gob.ve\/mpppstweb\/index.php\/2021\/11\/12\/venezuela-reafirma-su-compromiso-de-defender-la-soberania-y-derechos-de-los-pueblos\/\" \/>\n<meta property=\"og:locale\" content=\"es_ES\" \/>\n<meta property=\"og:type\" content=\"article\" \/>\n<meta property=\"og:title\" content=\"Venezuela reafirma su compromiso de defender la soberan\u00eda y derechos de los pueblos - MPPPST\" \/>\n<meta property=\"og:description\" content=\"La ministra del Poder Popular para Ciencia y Tecnolog\u00eda,&nbsp;Gabriela Jim\u00e9nez Ram\u00edrez, reafirm\u00f3 que el Gobierno de &hellip; Venezuela reafirma su compromiso de defender la soberan\u00eda y derechos de los pueblosRead more\" \/>\n<meta property=\"og:url\" content=\"https:\/\/www.mpppst.gob.ve\/mpppstweb\/index.php\/2021\/11\/12\/venezuela-reafirma-su-compromiso-de-defender-la-soberania-y-derechos-de-los-pueblos\/\" \/>\n<meta property=\"og:site_name\" content=\"MPPPST\" \/>\n<meta property=\"article:published_time\" content=\"2021-11-12T11:01:28+00:00\" \/>\n<meta property=\"article:modified_time\" content=\"2021-11-12T11:01:29+00:00\" \/>\n<meta property=\"og:image\" content=\"https:\/\/www.mpppst.gob.ve\/mpppstweb\/wp-content\/uploads\/2021\/11\/Prensa-Mincyt-768x427-1.jpg\" \/>\n\t<meta property=\"og:image:width\" content=\"768\" \/>\n\t<meta property=\"og:image:height\" content=\"427\" \/>\n\t<meta property=\"og:image:type\" content=\"image\/jpeg\" \/>\n<meta name=\"author\" content=\"MPPPST Prensa\" \/>\n<meta name=\"twitter:card\" content=\"summary_large_image\" \/>\n<meta name=\"twitter:label1\" content=\"Escrito por\" \/>\n\t<meta name=\"twitter:data1\" content=\"MPPPST Prensa\" \/>\n\t<meta name=\"twitter:label2\" content=\"Tiempo de lectura\" \/>\n\t<meta name=\"twitter:data2\" content=\"3 minutos\" \/>\n<script type=\"application\/ld+json\" class=\"yoast-schema-graph\">{\"@context\":\"https:\/\/schema.org\",\"@graph\":[{\"@type\":\"Article\",\"@id\":\"https:\/\/www.mpppst.gob.ve\/mpppstweb\/index.php\/2021\/11\/12\/venezuela-reafirma-su-compromiso-de-defender-la-soberania-y-derechos-de-los-pueblos\/#article\",\"isPartOf\":{\"@id\":\"https:\/\/www.mpppst.gob.ve\/mpppstweb\/index.php\/2021\/11\/12\/venezuela-reafirma-su-compromiso-de-defender-la-soberania-y-derechos-de-los-pueblos\/\"},\"author\":{\"name\":\"MPPPST Prensa\",\"@id\":\"https:\/\/www.mpppst.gob.ve\/mpppstweb\/#\/schema\/person\/fc187ee8ead412bd4c9304b62f900ea4\"},\"headline\":\"Venezuela reafirma su compromiso de defender la soberan\u00eda y derechos de los pueblos\",\"datePublished\":\"2021-11-12T11:01:28+00:00\",\"dateModified\":\"2021-11-12T11:01:29+00:00\",\"mainEntityOfPage\":{\"@id\":\"https:\/\/www.mpppst.gob.ve\/mpppstweb\/index.php\/2021\/11\/12\/venezuela-reafirma-su-compromiso-de-defender-la-soberania-y-derechos-de-los-pueblos\/\"},\"wordCount\":586,\"publisher\":{\"@id\":\"https:\/\/www.mpppst.gob.ve\/mpppstweb\/#organization\"},\"image\":{\"@id\":\"https:\/\/www.mpppst.gob.ve\/mpppstweb\/index.php\/2021\/11\/12\/venezuela-reafirma-su-compromiso-de-defender-la-soberania-y-derechos-de-los-pueblos\/#primaryimage\"},\"thumbnailUrl\":\"https:\/\/www.mpppst.gob.ve\/mpppstweb\/wp-content\/uploads\/2021\/11\/Prensa-Mincyt-768x427-1.jpg\",\"articleSection\":[\"Gobierno Nacional\",\"Noticias\"],\"inLanguage\":\"es\"},{\"@type\":\"WebPage\",\"@id\":\"https:\/\/www.mpppst.gob.ve\/mpppstweb\/index.php\/2021\/11\/12\/venezuela-reafirma-su-compromiso-de-defender-la-soberania-y-derechos-de-los-pueblos\/\",\"url\":\"https:\/\/www.mpppst.gob.ve\/mpppstweb\/index.php\/2021\/11\/12\/venezuela-reafirma-su-compromiso-de-defender-la-soberania-y-derechos-de-los-pueblos\/\",\"name\":\"Venezuela reafirma su compromiso de defender la soberan\u00eda y derechos de los pueblos - MPPPST\",\"isPartOf\":{\"@id\":\"https:\/\/www.mpppst.gob.ve\/mpppstweb\/#website\"},\"primaryImageOfPage\":{\"@id\":\"https:\/\/www.mpppst.gob.ve\/mpppstweb\/index.php\/2021\/11\/12\/venezuela-reafirma-su-compromiso-de-defender-la-soberania-y-derechos-de-los-pueblos\/#primaryimage\"},\"image\":{\"@id\":\"https:\/\/www.mpppst.gob.ve\/mpppstweb\/index.php\/2021\/11\/12\/venezuela-reafirma-su-compromiso-de-defender-la-soberania-y-derechos-de-los-pueblos\/#primaryimage\"},\"thumbnailUrl\":\"https:\/\/www.mpppst.gob.ve\/mpppstweb\/wp-content\/uploads\/2021\/11\/Prensa-Mincyt-768x427-1.jpg\",\"datePublished\":\"2021-11-12T11:01:28+00:00\",\"dateModified\":\"2021-11-12T11:01:29+00:00\",\"breadcrumb\":{\"@id\":\"https:\/\/www.mpppst.gob.ve\/mpppstweb\/index.php\/2021\/11\/12\/venezuela-reafirma-su-compromiso-de-defender-la-soberania-y-derechos-de-los-pueblos\/#breadcrumb\"},\"inLanguage\":\"es\",\"potentialAction\":[{\"@type\":\"ReadAction\",\"target\":[\"https:\/\/www.mpppst.gob.ve\/mpppstweb\/index.php\/2021\/11\/12\/venezuela-reafirma-su-compromiso-de-defender-la-soberania-y-derechos-de-los-pueblos\/\"]}]},{\"@type\":\"ImageObject\",\"inLanguage\":\"es\",\"@id\":\"https:\/\/www.mpppst.gob.ve\/mpppstweb\/index.php\/2021\/11\/12\/venezuela-reafirma-su-compromiso-de-defender-la-soberania-y-derechos-de-los-pueblos\/#primaryimage\",\"url\":\"https:\/\/www.mpppst.gob.ve\/mpppstweb\/wp-content\/uploads\/2021\/11\/Prensa-Mincyt-768x427-1.jpg\",\"contentUrl\":\"https:\/\/www.mpppst.gob.ve\/mpppstweb\/wp-content\/uploads\/2021\/11\/Prensa-Mincyt-768x427-1.jpg\",\"width\":768,\"height\":427},{\"@type\":\"BreadcrumbList\",\"@id\":\"https:\/\/www.mpppst.gob.ve\/mpppstweb\/index.php\/2021\/11\/12\/venezuela-reafirma-su-compromiso-de-defender-la-soberania-y-derechos-de-los-pueblos\/#breadcrumb\",\"itemListElement\":[{\"@type\":\"ListItem\",\"position\":1,\"name\":\"Home\",\"item\":\"https:\/\/www.mpppst.gob.ve\/mpppstweb\/\"},{\"@type\":\"ListItem\",\"position\":2,\"name\":\"Venezuela reafirma su compromiso de defender la soberan\u00eda y derechos de los pueblos\"}]},{\"@type\":\"WebSite\",\"@id\":\"https:\/\/www.mpppst.gob.ve\/mpppstweb\/#website\",\"url\":\"https:\/\/www.mpppst.gob.ve\/mpppstweb\/\",\"name\":\"MPPPST\",\"description\":\"Ministerio del Poder Popular para el Proceso Social de Trabajo\",\"publisher\":{\"@id\":\"https:\/\/www.mpppst.gob.ve\/mpppstweb\/#organization\"},\"potentialAction\":[{\"@type\":\"SearchAction\",\"target\":{\"@type\":\"EntryPoint\",\"urlTemplate\":\"https:\/\/www.mpppst.gob.ve\/mpppstweb\/?s={search_term_string}\"},\"query-input\":\"required name=search_term_string\"}],\"inLanguage\":\"es\"},{\"@type\":\"Organization\",\"@id\":\"https:\/\/www.mpppst.gob.ve\/mpppstweb\/#organization\",\"name\":\"mpppst\",\"url\":\"https:\/\/www.mpppst.gob.ve\/mpppstweb\/\",\"logo\":{\"@type\":\"ImageObject\",\"inLanguage\":\"es\",\"@id\":\"https:\/\/www.mpppst.gob.ve\/mpppstweb\/#\/schema\/logo\/image\/\",\"url\":\"https:\/\/www.mpppst.gob.ve\/mpppstweb\/wp-content\/uploads\/2025\/07\/cropped-cropped-g910.png\",\"contentUrl\":\"https:\/\/www.mpppst.gob.ve\/mpppstweb\/wp-content\/uploads\/2025\/07\/cropped-cropped-g910.png\",\"width\":1080,\"height\":241,\"caption\":\"mpppst\"},\"image\":{\"@id\":\"https:\/\/www.mpppst.gob.ve\/mpppstweb\/#\/schema\/logo\/image\/\"}},{\"@type\":\"Person\",\"@id\":\"https:\/\/www.mpppst.gob.ve\/mpppstweb\/#\/schema\/person\/fc187ee8ead412bd4c9304b62f900ea4\",\"name\":\"MPPPST Prensa\",\"url\":\"https:\/\/www.mpppst.gob.ve\/mpppstweb\/index.php\/author\/prensa-mpppst\/\"}]}<\/script>\n<!-- \/ Yoast SEO plugin. -->","yoast_head_json":{"title":"Venezuela reafirma su compromiso de defender la soberan\u00eda y derechos de los pueblos - MPPPST","robots":{"index":"index","follow":"follow","max-snippet":"max-snippet:-1","max-image-preview":"max-image-preview:large","max-video-preview":"max-video-preview:-1"},"canonical":"https:\/\/www.mpppst.gob.ve\/mpppstweb\/index.php\/2021\/11\/12\/venezuela-reafirma-su-compromiso-de-defender-la-soberania-y-derechos-de-los-pueblos\/","og_locale":"es_ES","og_type":"article","og_title":"Venezuela reafirma su compromiso de defender la soberan\u00eda y derechos de los pueblos - MPPPST","og_description":"La ministra del Poder Popular para Ciencia y Tecnolog\u00eda,&nbsp;Gabriela Jim\u00e9nez Ram\u00edrez, reafirm\u00f3 que el Gobierno de &hellip; Venezuela reafirma su compromiso de defender la soberan\u00eda y derechos de los pueblosRead more","og_url":"https:\/\/www.mpppst.gob.ve\/mpppstweb\/index.php\/2021\/11\/12\/venezuela-reafirma-su-compromiso-de-defender-la-soberania-y-derechos-de-los-pueblos\/","og_site_name":"MPPPST","article_published_time":"2021-11-12T11:01:28+00:00","article_modified_time":"2021-11-12T11:01:29+00:00","og_image":[{"width":768,"height":427,"url":"https:\/\/www.mpppst.gob.ve\/mpppstweb\/wp-content\/uploads\/2021\/11\/Prensa-Mincyt-768x427-1.jpg","type":"image\/jpeg"}],"author":"MPPPST Prensa","twitter_card":"summary_large_image","twitter_misc":{"Escrito por":"MPPPST Prensa","Tiempo de lectura":"3 minutos"},"schema":{"@context":"https:\/\/schema.org","@graph":[{"@type":"Article","@id":"https:\/\/www.mpppst.gob.ve\/mpppstweb\/index.php\/2021\/11\/12\/venezuela-reafirma-su-compromiso-de-defender-la-soberania-y-derechos-de-los-pueblos\/#article","isPartOf":{"@id":"https:\/\/www.mpppst.gob.ve\/mpppstweb\/index.php\/2021\/11\/12\/venezuela-reafirma-su-compromiso-de-defender-la-soberania-y-derechos-de-los-pueblos\/"},"author":{"name":"MPPPST Prensa","@id":"https:\/\/www.mpppst.gob.ve\/mpppstweb\/#\/schema\/person\/fc187ee8ead412bd4c9304b62f900ea4"},"headline":"Venezuela reafirma su compromiso de defender la soberan\u00eda y derechos de los pueblos","datePublished":"2021-11-12T11:01:28+00:00","dateModified":"2021-11-12T11:01:29+00:00","mainEntityOfPage":{"@id":"https:\/\/www.mpppst.gob.ve\/mpppstweb\/index.php\/2021\/11\/12\/venezuela-reafirma-su-compromiso-de-defender-la-soberania-y-derechos-de-los-pueblos\/"},"wordCount":586,"publisher":{"@id":"https:\/\/www.mpppst.gob.ve\/mpppstweb\/#organization"},"image":{"@id":"https:\/\/www.mpppst.gob.ve\/mpppstweb\/index.php\/2021\/11\/12\/venezuela-reafirma-su-compromiso-de-defender-la-soberania-y-derechos-de-los-pueblos\/#primaryimage"},"thumbnailUrl":"https:\/\/www.mpppst.gob.ve\/mpppstweb\/wp-content\/uploads\/2021\/11\/Prensa-Mincyt-768x427-1.jpg","articleSection":["Gobierno Nacional","Noticias"],"inLanguage":"es"},{"@type":"WebPage","@id":"https:\/\/www.mpppst.gob.ve\/mpppstweb\/index.php\/2021\/11\/12\/venezuela-reafirma-su-compromiso-de-defender-la-soberania-y-derechos-de-los-pueblos\/","url":"https:\/\/www.mpppst.gob.ve\/mpppstweb\/index.php\/2021\/11\/12\/venezuela-reafirma-su-compromiso-de-defender-la-soberania-y-derechos-de-los-pueblos\/","name":"Venezuela reafirma su compromiso de defender la soberan\u00eda y derechos de los pueblos - MPPPST","isPartOf":{"@id":"https:\/\/www.mpppst.gob.ve\/mpppstweb\/#website"},"primaryImageOfPage":{"@id":"https:\/\/www.mpppst.gob.ve\/mpppstweb\/index.php\/2021\/11\/12\/venezuela-reafirma-su-compromiso-de-defender-la-soberania-y-derechos-de-los-pueblos\/#primaryimage"},"image":{"@id":"https:\/\/www.mpppst.gob.ve\/mpppstweb\/index.php\/2021\/11\/12\/venezuela-reafirma-su-compromiso-de-defender-la-soberania-y-derechos-de-los-pueblos\/#primaryimage"},"thumbnailUrl":"https:\/\/www.mpppst.gob.ve\/mpppstweb\/wp-content\/uploads\/2021\/11\/Prensa-Mincyt-768x427-1.jpg","datePublished":"2021-11-12T11:01:28+00:00","dateModified":"2021-11-12T11:01:29+00:00","breadcrumb":{"@id":"https:\/\/www.mpppst.gob.ve\/mpppstweb\/index.php\/2021\/11\/12\/venezuela-reafirma-su-compromiso-de-defender-la-soberania-y-derechos-de-los-pueblos\/#breadcrumb"},"inLanguage":"es","potentialAction":[{"@type":"ReadAction","target":["https:\/\/www.mpppst.gob.ve\/mpppstweb\/index.php\/2021\/11\/12\/venezuela-reafirma-su-compromiso-de-defender-la-soberania-y-derechos-de-los-pueblos\/"]}]},{"@type":"ImageObject","inLanguage":"es","@id":"https:\/\/www.mpppst.gob.ve\/mpppstweb\/index.php\/2021\/11\/12\/venezuela-reafirma-su-compromiso-de-defender-la-soberania-y-derechos-de-los-pueblos\/#primaryimage","url":"https:\/\/www.mpppst.gob.ve\/mpppstweb\/wp-content\/uploads\/2021\/11\/Prensa-Mincyt-768x427-1.jpg","contentUrl":"https:\/\/www.mpppst.gob.ve\/mpppstweb\/wp-content\/uploads\/2021\/11\/Prensa-Mincyt-768x427-1.jpg","width":768,"height":427},{"@type":"BreadcrumbList","@id":"https:\/\/www.mpppst.gob.ve\/mpppstweb\/index.php\/2021\/11\/12\/venezuela-reafirma-su-compromiso-de-defender-la-soberania-y-derechos-de-los-pueblos\/#breadcrumb","itemListElement":[{"@type":"ListItem","position":1,"name":"Home","item":"https:\/\/www.mpppst.gob.ve\/mpppstweb\/"},{"@type":"ListItem","position":2,"name":"Venezuela reafirma su compromiso de defender la soberan\u00eda y derechos de los pueblos"}]},{"@type":"WebSite","@id":"https:\/\/www.mpppst.gob.ve\/mpppstweb\/#website","url":"https:\/\/www.mpppst.gob.ve\/mpppstweb\/","name":"MPPPST","description":"Ministerio del Poder Popular para el Proceso Social de Trabajo","publisher":{"@id":"https:\/\/www.mpppst.gob.ve\/mpppstweb\/#organization"},"potentialAction":[{"@type":"SearchAction","target":{"@type":"EntryPoint","urlTemplate":"https:\/\/www.mpppst.gob.ve\/mpppstweb\/?s={search_term_string}"},"query-input":"required name=search_term_string"}],"inLanguage":"es"},{"@type":"Organization","@id":"https:\/\/www.mpppst.gob.ve\/mpppstweb\/#organization","name":"mpppst","url":"https:\/\/www.mpppst.gob.ve\/mpppstweb\/","logo":{"@type":"ImageObject","inLanguage":"es","@id":"https:\/\/www.mpppst.gob.ve\/mpppstweb\/#\/schema\/logo\/image\/","url":"https:\/\/www.mpppst.gob.ve\/mpppstweb\/wp-content\/uploads\/2025\/07\/cropped-cropped-g910.png","contentUrl":"https:\/\/www.mpppst.gob.ve\/mpppstweb\/wp-content\/uploads\/2025\/07\/cropped-cropped-g910.png","width":1080,"height":241,"caption":"mpppst"},"image":{"@id":"https:\/\/www.mpppst.gob.ve\/mpppstweb\/#\/schema\/logo\/image\/"}},{"@type":"Person","@id":"https:\/\/www.mpppst.gob.ve\/mpppstweb\/#\/schema\/person\/fc187ee8ead412bd4c9304b62f900ea4","name":"MPPPST Prensa","url":"https:\/\/www.mpppst.gob.ve\/mpppstweb\/index.php\/author\/prensa-mpppst\/"}]}},"_links":{"self":[{"href":"https:\/\/www.mpppst.gob.ve\/mpppstweb\/index.php\/wp-json\/wp\/v2\/posts\/23836"}],"collection":[{"href":"https:\/\/www.mpppst.gob.ve\/mpppstweb\/index.php\/wp-json\/wp\/v2\/posts"}],"about":[{"href":"https:\/\/www.mpppst.gob.ve\/mpppstweb\/index.php\/wp-json\/wp\/v2\/types\/post"}],"author":[{"embeddable":true,"href":"https:\/\/www.mpppst.gob.ve\/mpppstweb\/index.php\/wp-json\/wp\/v2\/users\/25"}],"replies":[{"embeddable":true,"href":"https:\/\/www.mpppst.gob.ve\/mpppstweb\/index.php\/wp-json\/wp\/v2\/comments?post=23836"}],"version-history":[{"count":1,"href":"https:\/\/www.mpppst.gob.ve\/mpppstweb\/index.php\/wp-json\/wp\/v2\/posts\/23836\/revisions"}],"predecessor-version":[{"id":23838,"href":"https:\/\/www.mpppst.gob.ve\/mpppstweb\/index.php\/wp-json\/wp\/v2\/posts\/23836\/revisions\/23838"}],"wp:featuredmedia":[{"embeddable":true,"href":"https:\/\/www.mpppst.gob.ve\/mpppstweb\/index.php\/wp-json\/wp\/v2\/media\/23837"}],"wp:attachment":[{"href":"https:\/\/www.mpppst.gob.ve\/mpppstweb\/index.php\/wp-json\/wp\/v2\/media?parent=23836"}],"wp:term":[{"taxonomy":"category","embeddable":true,"href":"https:\/\/www.mpppst.gob.ve\/mpppstweb\/index.php\/wp-json\/wp\/v2\/categories?post=23836"},{"taxonomy":"post_tag","embeddable":true,"href":"https:\/\/www.mpppst.gob.ve\/mpppstweb\/index.php\/wp-json\/wp\/v2\/tags?post=23836"}],"curies":[{"name":"wp","href":"https:\/\/api.w.org\/{rel}","templated":true}]}}