{"id":23848,"date":"2021-11-15T06:36:22","date_gmt":"2021-11-15T10:36:22","guid":{"rendered":"http:\/\/www.mpppst.gob.ve\/mpppstweb\/?p=23848"},"modified":"2021-11-15T06:36:23","modified_gmt":"2021-11-15T10:36:23","slug":"inces-se-proyecta-a-escala-internacional-con-su-bachillerato-productivo-capitulo-ecuador","status":"publish","type":"post","link":"https:\/\/www.mpppst.gob.ve\/mpppstweb\/index.php\/2021\/11\/15\/inces-se-proyecta-a-escala-internacional-con-su-bachillerato-productivo-capitulo-ecuador\/","title":{"rendered":"Inces se proyecta a escala internacional con su bachillerato productivo cap\u00edtulo Ecuador"},"content":{"rendered":"\n<p>Este jueves el Instituto Nacional de Capacitaci\u00f3n y Educaci\u00f3n Socialista (Inces) formaliz\u00f3, junto al consulado de Venezuela en Ecuador, la iniciativa de ofrecer estudios formales a los connacionales interesados en obtener su t\u00edtulo de bachiller, avalado por el Ministerio del Poder Popular para la Educaci\u00f3n, y con el agregado de lograr la certificaci\u00f3n de saberes en \u00e1reas productivas que, con licencia internacional, otorga el Inces.<\/p>\n\n\n\n<p>El vicecanciller para Am\u00e9rica Latina, Rander Pe\u00f1a, explic\u00f3 que esta iniciativa del Inces y el cuerpo diplom\u00e1tico venezolano en Ecuador forma parte de las pol\u00edticas orientadas por parte del presidente Nicol\u00e1s Maduro, quien ha pedido de manera insistente brindar atenci\u00f3n integral a los connacionales que se encuentran fuera de las fronteras venezolanas. \u201cDonde se encuentre un venezolano, una venezolana, all\u00ed estar\u00e1 el Gobierno Bolivariano\u201d, sentenci\u00f3 en su oportunidad el mandatario.<\/p>\n\n\n\n<p>La g\u00e9nesis de implementar este programa de car\u00e1cter internacional surgi\u00f3 del Club de J\u00f3venes y Educaci\u00f3n Mi Patria Venezuela, iniciativa del consulado de Venezuela en Quito que permitir\u00e1 a los venezolanos que hacen vida en Ecuador culminar sus estudios a distancia y obtener el t\u00edtulo de bachiller productivo, as\u00ed como la certificaci\u00f3n de conocimientos t\u00e9cnicos y profesionales mediante cursos, talleres y seminarios facilitados por el Inces.<\/p>\n\n\n\n<p>El viceministro para las Comunidades Educativas y Uni\u00f3n con el Pueblo y presidente del Inces, Wuikelman Angel, indic\u00f3 que esta \u201ces una actividad innovadora desde el punto de vista de las soluciones que creamos los venezolanos m\u00e1s all\u00e1 de la distancia que imponen la pandemia y las fronteras. Es una gran iniciativa y estamos dispuestos a poner todos los programas del Inces a la orden de quienes decidieron permanecer fuera de nuestras fronteras\u201d.\u00a0 <\/p>\n\n\n\n<figure><iframe allowfullscreen=\"true\" class=\"\" src=\"https:\/\/platform.twitter.com\/embed\/Tweet.html?creatorScreenName=VTVcanal8&amp;dnt=false&amp;embedId=twitter-widget-0&amp;features=eyJ0ZndfZXhwZXJpbWVudHNfY29va2llX2V4cGlyYXRpb24iOnsiYnVja2V0IjoxMjA5NjAwLCJ2ZXJzaW9uIjpudWxsfSwidGZ3X2hvcml6b25fdHdlZXRfZW1iZWRfOTU1NSI6eyJidWNrZXQiOiJodGUiLCJ2ZXJzaW9uIjpudWxsfSwidGZ3X3NwYWNlX2NhcmQiOnsiYnVja2V0Ijoib2ZmIiwidmVyc2lvbiI6bnVsbH19&amp;frame=false&amp;hideCard=false&amp;hideThread=false&amp;id=1459182670219468801&amp;lang=es&amp;origin=https%3A%2F%2Fwww.vtv.gob.ve%2Finces-se-proyecta-a-escala-internacional-con-su-bachillerato-productivo-capitulo-ecuador%2F&amp;sessionId=54027a49a33b4dfbbe3142edaf05e8fe2a1ca2f8&amp;siteScreenName=VTVcanal8&amp;theme=light&amp;widgetsVersion=f001879%3A1634581029404&amp;width=550px\"><\/iframe><\/figure>\n","protected":false},"excerpt":{"rendered":"<p>Este jueves el Instituto Nacional de Capacitaci\u00f3n y Educaci\u00f3n Socialista (Inces) formaliz\u00f3, junto al consulado de &hellip; <a title=\"Inces se proyecta a escala internacional con su bachillerato productivo cap\u00edtulo Ecuador\" class=\"hm-read-more\" href=\"https:\/\/www.mpppst.gob.ve\/mpppstweb\/index.php\/2021\/11\/15\/inces-se-proyecta-a-escala-internacional-con-su-bachillerato-productivo-capitulo-ecuador\/\"><span class=\"screen-reader-text\">Inces se proyecta a escala internacional con su bachillerato productivo cap\u00edtulo Ecuador<\/span>Read more<\/a><\/p>\n","protected":false},"author":25,"featured_media":23849,"comment_status":"closed","ping_status":"closed","sticky":false,"template":"","format":"standard","meta":{"footnotes":""},"categories":[411,82,163],"tags":[],"yoast_head":"<!-- This site is optimized with the Yoast SEO plugin v22.5 - https:\/\/yoast.com\/wordpress\/plugins\/seo\/ -->\n<title>Inces se proyecta a escala internacional con su bachillerato productivo cap\u00edtulo Ecuador - MPPPST<\/title>\n<meta name=\"robots\" content=\"index, follow, max-snippet:-1, max-image-preview:large, max-video-preview:-1\" \/>\n<link rel=\"canonical\" href=\"https:\/\/www.mpppst.gob.ve\/mpppstweb\/index.php\/2021\/11\/15\/inces-se-proyecta-a-escala-internacional-con-su-bachillerato-productivo-capitulo-ecuador\/\" \/>\n<meta property=\"og:locale\" content=\"es_ES\" \/>\n<meta property=\"og:type\" content=\"article\" \/>\n<meta property=\"og:title\" content=\"Inces se proyecta a escala internacional con su bachillerato productivo cap\u00edtulo Ecuador - MPPPST\" \/>\n<meta property=\"og:description\" content=\"Este jueves el Instituto Nacional de Capacitaci\u00f3n y Educaci\u00f3n Socialista (Inces) formaliz\u00f3, junto al consulado de &hellip; Inces se proyecta a escala internacional con su bachillerato productivo cap\u00edtulo EcuadorRead more\" \/>\n<meta property=\"og:url\" content=\"https:\/\/www.mpppst.gob.ve\/mpppstweb\/index.php\/2021\/11\/15\/inces-se-proyecta-a-escala-internacional-con-su-bachillerato-productivo-capitulo-ecuador\/\" \/>\n<meta property=\"og:site_name\" content=\"MPPPST\" \/>\n<meta property=\"article:published_time\" content=\"2021-11-15T10:36:22+00:00\" \/>\n<meta property=\"article:modified_time\" content=\"2021-11-15T10:36:23+00:00\" \/>\n<meta property=\"og:image\" content=\"https:\/\/www.mpppst.gob.ve\/mpppstweb\/wp-content\/uploads\/2021\/11\/ince-768x427-1.jpg\" \/>\n\t<meta property=\"og:image:width\" content=\"768\" \/>\n\t<meta property=\"og:image:height\" content=\"427\" \/>\n\t<meta property=\"og:image:type\" content=\"image\/jpeg\" \/>\n<meta name=\"author\" content=\"MPPPST Prensa\" \/>\n<meta name=\"twitter:card\" content=\"summary_large_image\" \/>\n<meta name=\"twitter:label1\" content=\"Escrito por\" \/>\n\t<meta name=\"twitter:data1\" content=\"MPPPST Prensa\" \/>\n\t<meta name=\"twitter:label2\" content=\"Tiempo de lectura\" \/>\n\t<meta name=\"twitter:data2\" content=\"1 minuto\" \/>\n<script type=\"application\/ld+json\" class=\"yoast-schema-graph\">{\"@context\":\"https:\/\/schema.org\",\"@graph\":[{\"@type\":\"Article\",\"@id\":\"https:\/\/www.mpppst.gob.ve\/mpppstweb\/index.php\/2021\/11\/15\/inces-se-proyecta-a-escala-internacional-con-su-bachillerato-productivo-capitulo-ecuador\/#article\",\"isPartOf\":{\"@id\":\"https:\/\/www.mpppst.gob.ve\/mpppstweb\/index.php\/2021\/11\/15\/inces-se-proyecta-a-escala-internacional-con-su-bachillerato-productivo-capitulo-ecuador\/\"},\"author\":{\"name\":\"MPPPST Prensa\",\"@id\":\"https:\/\/www.mpppst.gob.ve\/mpppstweb\/#\/schema\/person\/fc187ee8ead412bd4c9304b62f900ea4\"},\"headline\":\"Inces se proyecta a escala internacional con su bachillerato productivo cap\u00edtulo Ecuador\",\"datePublished\":\"2021-11-15T10:36:22+00:00\",\"dateModified\":\"2021-11-15T10:36:23+00:00\",\"mainEntityOfPage\":{\"@id\":\"https:\/\/www.mpppst.gob.ve\/mpppstweb\/index.php\/2021\/11\/15\/inces-se-proyecta-a-escala-internacional-con-su-bachillerato-productivo-capitulo-ecuador\/\"},\"wordCount\":307,\"publisher\":{\"@id\":\"https:\/\/www.mpppst.gob.ve\/mpppstweb\/#organization\"},\"image\":{\"@id\":\"https:\/\/www.mpppst.gob.ve\/mpppstweb\/index.php\/2021\/11\/15\/inces-se-proyecta-a-escala-internacional-con-su-bachillerato-productivo-capitulo-ecuador\/#primaryimage\"},\"thumbnailUrl\":\"https:\/\/www.mpppst.gob.ve\/mpppstweb\/wp-content\/uploads\/2021\/11\/ince-768x427-1.jpg\",\"articleSection\":[\"Formaci\u00f3n\",\"Gobierno Nacional\",\"Noticias\"],\"inLanguage\":\"es\"},{\"@type\":\"WebPage\",\"@id\":\"https:\/\/www.mpppst.gob.ve\/mpppstweb\/index.php\/2021\/11\/15\/inces-se-proyecta-a-escala-internacional-con-su-bachillerato-productivo-capitulo-ecuador\/\",\"url\":\"https:\/\/www.mpppst.gob.ve\/mpppstweb\/index.php\/2021\/11\/15\/inces-se-proyecta-a-escala-internacional-con-su-bachillerato-productivo-capitulo-ecuador\/\",\"name\":\"Inces se proyecta a escala internacional con su bachillerato productivo cap\u00edtulo Ecuador - MPPPST\",\"isPartOf\":{\"@id\":\"https:\/\/www.mpppst.gob.ve\/mpppstweb\/#website\"},\"primaryImageOfPage\":{\"@id\":\"https:\/\/www.mpppst.gob.ve\/mpppstweb\/index.php\/2021\/11\/15\/inces-se-proyecta-a-escala-internacional-con-su-bachillerato-productivo-capitulo-ecuador\/#primaryimage\"},\"image\":{\"@id\":\"https:\/\/www.mpppst.gob.ve\/mpppstweb\/index.php\/2021\/11\/15\/inces-se-proyecta-a-escala-internacional-con-su-bachillerato-productivo-capitulo-ecuador\/#primaryimage\"},\"thumbnailUrl\":\"https:\/\/www.mpppst.gob.ve\/mpppstweb\/wp-content\/uploads\/2021\/11\/ince-768x427-1.jpg\",\"datePublished\":\"2021-11-15T10:36:22+00:00\",\"dateModified\":\"2021-11-15T10:36:23+00:00\",\"breadcrumb\":{\"@id\":\"https:\/\/www.mpppst.gob.ve\/mpppstweb\/index.php\/2021\/11\/15\/inces-se-proyecta-a-escala-internacional-con-su-bachillerato-productivo-capitulo-ecuador\/#breadcrumb\"},\"inLanguage\":\"es\",\"potentialAction\":[{\"@type\":\"ReadAction\",\"target\":[\"https:\/\/www.mpppst.gob.ve\/mpppstweb\/index.php\/2021\/11\/15\/inces-se-proyecta-a-escala-internacional-con-su-bachillerato-productivo-capitulo-ecuador\/\"]}]},{\"@type\":\"ImageObject\",\"inLanguage\":\"es\",\"@id\":\"https:\/\/www.mpppst.gob.ve\/mpppstweb\/index.php\/2021\/11\/15\/inces-se-proyecta-a-escala-internacional-con-su-bachillerato-productivo-capitulo-ecuador\/#primaryimage\",\"url\":\"https:\/\/www.mpppst.gob.ve\/mpppstweb\/wp-content\/uploads\/2021\/11\/ince-768x427-1.jpg\",\"contentUrl\":\"https:\/\/www.mpppst.gob.ve\/mpppstweb\/wp-content\/uploads\/2021\/11\/ince-768x427-1.jpg\",\"width\":768,\"height\":427},{\"@type\":\"BreadcrumbList\",\"@id\":\"https:\/\/www.mpppst.gob.ve\/mpppstweb\/index.php\/2021\/11\/15\/inces-se-proyecta-a-escala-internacional-con-su-bachillerato-productivo-capitulo-ecuador\/#breadcrumb\",\"itemListElement\":[{\"@type\":\"ListItem\",\"position\":1,\"name\":\"Home\",\"item\":\"https:\/\/www.mpppst.gob.ve\/mpppstweb\/\"},{\"@type\":\"ListItem\",\"position\":2,\"name\":\"Inces se proyecta a escala internacional con su bachillerato productivo cap\u00edtulo Ecuador\"}]},{\"@type\":\"WebSite\",\"@id\":\"https:\/\/www.mpppst.gob.ve\/mpppstweb\/#website\",\"url\":\"https:\/\/www.mpppst.gob.ve\/mpppstweb\/\",\"name\":\"MPPPST\",\"description\":\"Ministerio del Poder Popular para el Proceso Social de Trabajo\",\"publisher\":{\"@id\":\"https:\/\/www.mpppst.gob.ve\/mpppstweb\/#organization\"},\"potentialAction\":[{\"@type\":\"SearchAction\",\"target\":{\"@type\":\"EntryPoint\",\"urlTemplate\":\"https:\/\/www.mpppst.gob.ve\/mpppstweb\/?s={search_term_string}\"},\"query-input\":\"required name=search_term_string\"}],\"inLanguage\":\"es\"},{\"@type\":\"Organization\",\"@id\":\"https:\/\/www.mpppst.gob.ve\/mpppstweb\/#organization\",\"name\":\"mpppst\",\"url\":\"https:\/\/www.mpppst.gob.ve\/mpppstweb\/\",\"logo\":{\"@type\":\"ImageObject\",\"inLanguage\":\"es\",\"@id\":\"https:\/\/www.mpppst.gob.ve\/mpppstweb\/#\/schema\/logo\/image\/\",\"url\":\"https:\/\/www.mpppst.gob.ve\/mpppstweb\/wp-content\/uploads\/2025\/07\/cropped-cropped-g910.png\",\"contentUrl\":\"https:\/\/www.mpppst.gob.ve\/mpppstweb\/wp-content\/uploads\/2025\/07\/cropped-cropped-g910.png\",\"width\":1080,\"height\":241,\"caption\":\"mpppst\"},\"image\":{\"@id\":\"https:\/\/www.mpppst.gob.ve\/mpppstweb\/#\/schema\/logo\/image\/\"}},{\"@type\":\"Person\",\"@id\":\"https:\/\/www.mpppst.gob.ve\/mpppstweb\/#\/schema\/person\/fc187ee8ead412bd4c9304b62f900ea4\",\"name\":\"MPPPST Prensa\",\"url\":\"https:\/\/www.mpppst.gob.ve\/mpppstweb\/index.php\/author\/prensa-mpppst\/\"}]}<\/script>\n<!-- \/ Yoast SEO plugin. -->","yoast_head_json":{"title":"Inces se proyecta a escala internacional con su bachillerato productivo cap\u00edtulo Ecuador - MPPPST","robots":{"index":"index","follow":"follow","max-snippet":"max-snippet:-1","max-image-preview":"max-image-preview:large","max-video-preview":"max-video-preview:-1"},"canonical":"https:\/\/www.mpppst.gob.ve\/mpppstweb\/index.php\/2021\/11\/15\/inces-se-proyecta-a-escala-internacional-con-su-bachillerato-productivo-capitulo-ecuador\/","og_locale":"es_ES","og_type":"article","og_title":"Inces se proyecta a escala internacional con su bachillerato productivo cap\u00edtulo Ecuador - MPPPST","og_description":"Este jueves el Instituto Nacional de Capacitaci\u00f3n y Educaci\u00f3n Socialista (Inces) formaliz\u00f3, junto al consulado de &hellip; Inces se proyecta a escala internacional con su bachillerato productivo cap\u00edtulo EcuadorRead more","og_url":"https:\/\/www.mpppst.gob.ve\/mpppstweb\/index.php\/2021\/11\/15\/inces-se-proyecta-a-escala-internacional-con-su-bachillerato-productivo-capitulo-ecuador\/","og_site_name":"MPPPST","article_published_time":"2021-11-15T10:36:22+00:00","article_modified_time":"2021-11-15T10:36:23+00:00","og_image":[{"width":768,"height":427,"url":"https:\/\/www.mpppst.gob.ve\/mpppstweb\/wp-content\/uploads\/2021\/11\/ince-768x427-1.jpg","type":"image\/jpeg"}],"author":"MPPPST Prensa","twitter_card":"summary_large_image","twitter_misc":{"Escrito por":"MPPPST Prensa","Tiempo de lectura":"1 minuto"},"schema":{"@context":"https:\/\/schema.org","@graph":[{"@type":"Article","@id":"https:\/\/www.mpppst.gob.ve\/mpppstweb\/index.php\/2021\/11\/15\/inces-se-proyecta-a-escala-internacional-con-su-bachillerato-productivo-capitulo-ecuador\/#article","isPartOf":{"@id":"https:\/\/www.mpppst.gob.ve\/mpppstweb\/index.php\/2021\/11\/15\/inces-se-proyecta-a-escala-internacional-con-su-bachillerato-productivo-capitulo-ecuador\/"},"author":{"name":"MPPPST Prensa","@id":"https:\/\/www.mpppst.gob.ve\/mpppstweb\/#\/schema\/person\/fc187ee8ead412bd4c9304b62f900ea4"},"headline":"Inces se proyecta a escala internacional con su bachillerato productivo cap\u00edtulo Ecuador","datePublished":"2021-11-15T10:36:22+00:00","dateModified":"2021-11-15T10:36:23+00:00","mainEntityOfPage":{"@id":"https:\/\/www.mpppst.gob.ve\/mpppstweb\/index.php\/2021\/11\/15\/inces-se-proyecta-a-escala-internacional-con-su-bachillerato-productivo-capitulo-ecuador\/"},"wordCount":307,"publisher":{"@id":"https:\/\/www.mpppst.gob.ve\/mpppstweb\/#organization"},"image":{"@id":"https:\/\/www.mpppst.gob.ve\/mpppstweb\/index.php\/2021\/11\/15\/inces-se-proyecta-a-escala-internacional-con-su-bachillerato-productivo-capitulo-ecuador\/#primaryimage"},"thumbnailUrl":"https:\/\/www.mpppst.gob.ve\/mpppstweb\/wp-content\/uploads\/2021\/11\/ince-768x427-1.jpg","articleSection":["Formaci\u00f3n","Gobierno Nacional","Noticias"],"inLanguage":"es"},{"@type":"WebPage","@id":"https:\/\/www.mpppst.gob.ve\/mpppstweb\/index.php\/2021\/11\/15\/inces-se-proyecta-a-escala-internacional-con-su-bachillerato-productivo-capitulo-ecuador\/","url":"https:\/\/www.mpppst.gob.ve\/mpppstweb\/index.php\/2021\/11\/15\/inces-se-proyecta-a-escala-internacional-con-su-bachillerato-productivo-capitulo-ecuador\/","name":"Inces se proyecta a escala internacional con su bachillerato productivo cap\u00edtulo Ecuador - MPPPST","isPartOf":{"@id":"https:\/\/www.mpppst.gob.ve\/mpppstweb\/#website"},"primaryImageOfPage":{"@id":"https:\/\/www.mpppst.gob.ve\/mpppstweb\/index.php\/2021\/11\/15\/inces-se-proyecta-a-escala-internacional-con-su-bachillerato-productivo-capitulo-ecuador\/#primaryimage"},"image":{"@id":"https:\/\/www.mpppst.gob.ve\/mpppstweb\/index.php\/2021\/11\/15\/inces-se-proyecta-a-escala-internacional-con-su-bachillerato-productivo-capitulo-ecuador\/#primaryimage"},"thumbnailUrl":"https:\/\/www.mpppst.gob.ve\/mpppstweb\/wp-content\/uploads\/2021\/11\/ince-768x427-1.jpg","datePublished":"2021-11-15T10:36:22+00:00","dateModified":"2021-11-15T10:36:23+00:00","breadcrumb":{"@id":"https:\/\/www.mpppst.gob.ve\/mpppstweb\/index.php\/2021\/11\/15\/inces-se-proyecta-a-escala-internacional-con-su-bachillerato-productivo-capitulo-ecuador\/#breadcrumb"},"inLanguage":"es","potentialAction":[{"@type":"ReadAction","target":["https:\/\/www.mpppst.gob.ve\/mpppstweb\/index.php\/2021\/11\/15\/inces-se-proyecta-a-escala-internacional-con-su-bachillerato-productivo-capitulo-ecuador\/"]}]},{"@type":"ImageObject","inLanguage":"es","@id":"https:\/\/www.mpppst.gob.ve\/mpppstweb\/index.php\/2021\/11\/15\/inces-se-proyecta-a-escala-internacional-con-su-bachillerato-productivo-capitulo-ecuador\/#primaryimage","url":"https:\/\/www.mpppst.gob.ve\/mpppstweb\/wp-content\/uploads\/2021\/11\/ince-768x427-1.jpg","contentUrl":"https:\/\/www.mpppst.gob.ve\/mpppstweb\/wp-content\/uploads\/2021\/11\/ince-768x427-1.jpg","width":768,"height":427},{"@type":"BreadcrumbList","@id":"https:\/\/www.mpppst.gob.ve\/mpppstweb\/index.php\/2021\/11\/15\/inces-se-proyecta-a-escala-internacional-con-su-bachillerato-productivo-capitulo-ecuador\/#breadcrumb","itemListElement":[{"@type":"ListItem","position":1,"name":"Home","item":"https:\/\/www.mpppst.gob.ve\/mpppstweb\/"},{"@type":"ListItem","position":2,"name":"Inces se proyecta a escala internacional con su bachillerato productivo cap\u00edtulo Ecuador"}]},{"@type":"WebSite","@id":"https:\/\/www.mpppst.gob.ve\/mpppstweb\/#website","url":"https:\/\/www.mpppst.gob.ve\/mpppstweb\/","name":"MPPPST","description":"Ministerio del Poder Popular para el Proceso Social de Trabajo","publisher":{"@id":"https:\/\/www.mpppst.gob.ve\/mpppstweb\/#organization"},"potentialAction":[{"@type":"SearchAction","target":{"@type":"EntryPoint","urlTemplate":"https:\/\/www.mpppst.gob.ve\/mpppstweb\/?s={search_term_string}"},"query-input":"required name=search_term_string"}],"inLanguage":"es"},{"@type":"Organization","@id":"https:\/\/www.mpppst.gob.ve\/mpppstweb\/#organization","name":"mpppst","url":"https:\/\/www.mpppst.gob.ve\/mpppstweb\/","logo":{"@type":"ImageObject","inLanguage":"es","@id":"https:\/\/www.mpppst.gob.ve\/mpppstweb\/#\/schema\/logo\/image\/","url":"https:\/\/www.mpppst.gob.ve\/mpppstweb\/wp-content\/uploads\/2025\/07\/cropped-cropped-g910.png","contentUrl":"https:\/\/www.mpppst.gob.ve\/mpppstweb\/wp-content\/uploads\/2025\/07\/cropped-cropped-g910.png","width":1080,"height":241,"caption":"mpppst"},"image":{"@id":"https:\/\/www.mpppst.gob.ve\/mpppstweb\/#\/schema\/logo\/image\/"}},{"@type":"Person","@id":"https:\/\/www.mpppst.gob.ve\/mpppstweb\/#\/schema\/person\/fc187ee8ead412bd4c9304b62f900ea4","name":"MPPPST Prensa","url":"https:\/\/www.mpppst.gob.ve\/mpppstweb\/index.php\/author\/prensa-mpppst\/"}]}},"_links":{"self":[{"href":"https:\/\/www.mpppst.gob.ve\/mpppstweb\/index.php\/wp-json\/wp\/v2\/posts\/23848"}],"collection":[{"href":"https:\/\/www.mpppst.gob.ve\/mpppstweb\/index.php\/wp-json\/wp\/v2\/posts"}],"about":[{"href":"https:\/\/www.mpppst.gob.ve\/mpppstweb\/index.php\/wp-json\/wp\/v2\/types\/post"}],"author":[{"embeddable":true,"href":"https:\/\/www.mpppst.gob.ve\/mpppstweb\/index.php\/wp-json\/wp\/v2\/users\/25"}],"replies":[{"embeddable":true,"href":"https:\/\/www.mpppst.gob.ve\/mpppstweb\/index.php\/wp-json\/wp\/v2\/comments?post=23848"}],"version-history":[{"count":1,"href":"https:\/\/www.mpppst.gob.ve\/mpppstweb\/index.php\/wp-json\/wp\/v2\/posts\/23848\/revisions"}],"predecessor-version":[{"id":23850,"href":"https:\/\/www.mpppst.gob.ve\/mpppstweb\/index.php\/wp-json\/wp\/v2\/posts\/23848\/revisions\/23850"}],"wp:featuredmedia":[{"embeddable":true,"href":"https:\/\/www.mpppst.gob.ve\/mpppstweb\/index.php\/wp-json\/wp\/v2\/media\/23849"}],"wp:attachment":[{"href":"https:\/\/www.mpppst.gob.ve\/mpppstweb\/index.php\/wp-json\/wp\/v2\/media?parent=23848"}],"wp:term":[{"taxonomy":"category","embeddable":true,"href":"https:\/\/www.mpppst.gob.ve\/mpppstweb\/index.php\/wp-json\/wp\/v2\/categories?post=23848"},{"taxonomy":"post_tag","embeddable":true,"href":"https:\/\/www.mpppst.gob.ve\/mpppstweb\/index.php\/wp-json\/wp\/v2\/tags?post=23848"}],"curies":[{"name":"wp","href":"https:\/\/api.w.org\/{rel}","templated":true}]}}