{"id":23870,"date":"2021-11-16T07:18:29","date_gmt":"2021-11-16T11:18:29","guid":{"rendered":"http:\/\/www.mpppst.gob.ve\/mpppstweb\/?p=23870"},"modified":"2021-11-16T07:18:30","modified_gmt":"2021-11-16T11:18:30","slug":"venezuela-asume-presidencia-de-la-subcomision-de-ciencias-de-la-unesco","status":"publish","type":"post","link":"https:\/\/www.mpppst.gob.ve\/mpppstweb\/index.php\/2021\/11\/16\/venezuela-asume-presidencia-de-la-subcomision-de-ciencias-de-la-unesco\/","title":{"rendered":"Venezuela asume presidencia de la Subcomisi\u00f3n de Ciencias de la Unesco"},"content":{"rendered":"\n<p>En representaci\u00f3n de la Rep\u00fablica Bolivariana de Venezuela, la ministra del Poder Popular para Ciencia y Tecnolog\u00eda,&nbsp;<strong>Gabriela Jim\u00e9nez-Ram\u00edrez<\/strong>, este lunes asumi\u00f3 la presidencia de la Subcomisi\u00f3n de Ciencias de la Organizaci\u00f3n de las Naciones Unidas para la Educaci\u00f3n, Ciencia y Cultura (Unesco).<\/p>\n\n\n\n<p>De acuerdo a la nota de Prensa Mincyt, la Ministra inform\u00f3 que, durante la reuni\u00f3n de los miembros de la Subcomisi\u00f3n, fueron aprobados dos laboratorios categor\u00eda dos para la soberan\u00eda de la investigaci\u00f3n en las naciones africanas Ghana y Ruanda.<\/p>\n\n\n\n<p>\u201cEstos dos laboratorios, de referencia mundial, servir\u00e1n para la cooperaci\u00f3n cient\u00edfica, el intercambio de conocimientos desde la cosmovisi\u00f3n de estos dos pa\u00edses. Son espacios para fomentar la ciencia para el bienestar colectivo\u201d, subray\u00f3.<\/p>\n\n\n\n<p>Del mismo modo, la titular de la cartera cient\u00edfica coment\u00f3 que se elev\u00f3 una propuesta para aprobar la conmemoraci\u00f3n de dos d\u00edas dedicados a la conservaci\u00f3n y protecci\u00f3n de la vida en el planeta.<\/p>\n\n\n\n<p>Especific\u00f3 que, en el debate efectuado en la Unesco, se propuso la conmemoraci\u00f3n del D\u00eda Internacional de las Reservas de Biosfera y del D\u00eda Internacional de la Geodiversidad; dicha fechas buscan concienciar sobre la necesidad de cambiar el modelo civilizatorio, con el fin de proteger la vida y la biodiversidad.<\/p>\n\n\n\n<p>Indic\u00f3 que estos d\u00edas permitir\u00e1n unir los esfuerzos de todos los pa\u00edses miembros puesto que se pueden generar campa\u00f1as de concienciaci\u00f3n, formaci\u00f3n, divulgaci\u00f3n y socializaci\u00f3n sobre la importancia que tiene la biosfera para la conservaci\u00f3n de la vida, as\u00ed como de las diferentes expresiones de la biodiversidad en el planeta, las reservas de agua y la conservaci\u00f3n de los recursos naturales.<\/p>\n\n\n\n<h5 class=\"wp-block-heading\"><strong>Geodiversidad es la variedad de formas geol\u00f3gicas<\/strong><\/h5>\n\n\n\n<p>\u201cLa geodiversidad es la variedad de formas geol\u00f3gicas que determina, a trav\u00e9s de la conformaci\u00f3n de los paisajes y su continua modificaci\u00f3n, las formas de vida y sus cambios en el tiempo. La geodiversidad es inmanente a la vida toda. Hablar de geodiversidad excede la epistemolog\u00eda moderna\u201d, enfatiz\u00f3.<\/p>\n\n\n\n<p>De acuerdo con la Ministra venezolana, este concepto pensado desde la cosmovisi\u00f3n andino-amaz\u00f3nico-caribe\u00f1a hace una valoraci\u00f3n de la relaci\u00f3n espiritual intr\u00ednseca entre los humanos y los seres tierra.<\/p>\n\n\n\n<p>Por \u00faltimo, manifest\u00f3 que el D\u00eda Internacional de las Reservas de Biosfera y el D\u00eda Internacional de la Geodiversidad son fechas y d\u00edas muy especiales e importantes para la humanidad, porque tienen que ver con la conservaci\u00f3n del ambiente y con un cambio urgente de la racionalidad moderna que atenta contra la vida.<\/p>\n","protected":false},"excerpt":{"rendered":"<p>En representaci\u00f3n de la Rep\u00fablica Bolivariana de Venezuela, la ministra del Poder Popular para Ciencia y &hellip; <a title=\"Venezuela asume presidencia de la Subcomisi\u00f3n de Ciencias de la Unesco\" class=\"hm-read-more\" href=\"https:\/\/www.mpppst.gob.ve\/mpppstweb\/index.php\/2021\/11\/16\/venezuela-asume-presidencia-de-la-subcomision-de-ciencias-de-la-unesco\/\"><span class=\"screen-reader-text\">Venezuela asume presidencia de la Subcomisi\u00f3n de Ciencias de la Unesco<\/span>Read more<\/a><\/p>\n","protected":false},"author":25,"featured_media":23871,"comment_status":"closed","ping_status":"closed","sticky":false,"template":"","format":"standard","meta":{"footnotes":""},"categories":[82,163],"tags":[],"yoast_head":"<!-- This site is optimized with the Yoast SEO plugin v22.5 - https:\/\/yoast.com\/wordpress\/plugins\/seo\/ -->\n<title>Venezuela asume presidencia de la Subcomisi\u00f3n de Ciencias de la Unesco - MPPPST<\/title>\n<meta name=\"robots\" content=\"index, follow, max-snippet:-1, max-image-preview:large, max-video-preview:-1\" \/>\n<link rel=\"canonical\" href=\"https:\/\/www.mpppst.gob.ve\/mpppstweb\/index.php\/2021\/11\/16\/venezuela-asume-presidencia-de-la-subcomision-de-ciencias-de-la-unesco\/\" \/>\n<meta property=\"og:locale\" content=\"es_ES\" \/>\n<meta property=\"og:type\" content=\"article\" \/>\n<meta property=\"og:title\" content=\"Venezuela asume presidencia de la Subcomisi\u00f3n de Ciencias de la Unesco - MPPPST\" \/>\n<meta property=\"og:description\" content=\"En representaci\u00f3n de la Rep\u00fablica Bolivariana de Venezuela, la ministra del Poder Popular para Ciencia y &hellip; Venezuela asume presidencia de la Subcomisi\u00f3n de Ciencias de la UnescoRead more\" \/>\n<meta property=\"og:url\" content=\"https:\/\/www.mpppst.gob.ve\/mpppstweb\/index.php\/2021\/11\/16\/venezuela-asume-presidencia-de-la-subcomision-de-ciencias-de-la-unesco\/\" \/>\n<meta property=\"og:site_name\" content=\"MPPPST\" \/>\n<meta property=\"article:published_time\" content=\"2021-11-16T11:18:29+00:00\" \/>\n<meta property=\"article:modified_time\" content=\"2021-11-16T11:18:30+00:00\" \/>\n<meta property=\"og:image\" content=\"https:\/\/www.mpppst.gob.ve\/mpppstweb\/wp-content\/uploads\/2021\/11\/Prensa-Mppct-800x445-1.jpg\" \/>\n\t<meta property=\"og:image:width\" content=\"800\" \/>\n\t<meta property=\"og:image:height\" content=\"445\" \/>\n\t<meta property=\"og:image:type\" content=\"image\/jpeg\" \/>\n<meta name=\"author\" content=\"MPPPST Prensa\" \/>\n<meta name=\"twitter:card\" content=\"summary_large_image\" \/>\n<meta name=\"twitter:label1\" content=\"Escrito por\" \/>\n\t<meta name=\"twitter:data1\" content=\"MPPPST Prensa\" \/>\n\t<meta name=\"twitter:label2\" content=\"Tiempo de lectura\" \/>\n\t<meta name=\"twitter:data2\" content=\"2 minutos\" \/>\n<script type=\"application\/ld+json\" class=\"yoast-schema-graph\">{\"@context\":\"https:\/\/schema.org\",\"@graph\":[{\"@type\":\"Article\",\"@id\":\"https:\/\/www.mpppst.gob.ve\/mpppstweb\/index.php\/2021\/11\/16\/venezuela-asume-presidencia-de-la-subcomision-de-ciencias-de-la-unesco\/#article\",\"isPartOf\":{\"@id\":\"https:\/\/www.mpppst.gob.ve\/mpppstweb\/index.php\/2021\/11\/16\/venezuela-asume-presidencia-de-la-subcomision-de-ciencias-de-la-unesco\/\"},\"author\":{\"name\":\"MPPPST Prensa\",\"@id\":\"https:\/\/www.mpppst.gob.ve\/mpppstweb\/#\/schema\/person\/fc187ee8ead412bd4c9304b62f900ea4\"},\"headline\":\"Venezuela asume presidencia de la Subcomisi\u00f3n de Ciencias de la Unesco\",\"datePublished\":\"2021-11-16T11:18:29+00:00\",\"dateModified\":\"2021-11-16T11:18:30+00:00\",\"mainEntityOfPage\":{\"@id\":\"https:\/\/www.mpppst.gob.ve\/mpppstweb\/index.php\/2021\/11\/16\/venezuela-asume-presidencia-de-la-subcomision-de-ciencias-de-la-unesco\/\"},\"wordCount\":462,\"publisher\":{\"@id\":\"https:\/\/www.mpppst.gob.ve\/mpppstweb\/#organization\"},\"image\":{\"@id\":\"https:\/\/www.mpppst.gob.ve\/mpppstweb\/index.php\/2021\/11\/16\/venezuela-asume-presidencia-de-la-subcomision-de-ciencias-de-la-unesco\/#primaryimage\"},\"thumbnailUrl\":\"https:\/\/www.mpppst.gob.ve\/mpppstweb\/wp-content\/uploads\/2021\/11\/Prensa-Mppct-800x445-1.jpg\",\"articleSection\":[\"Gobierno Nacional\",\"Noticias\"],\"inLanguage\":\"es\"},{\"@type\":\"WebPage\",\"@id\":\"https:\/\/www.mpppst.gob.ve\/mpppstweb\/index.php\/2021\/11\/16\/venezuela-asume-presidencia-de-la-subcomision-de-ciencias-de-la-unesco\/\",\"url\":\"https:\/\/www.mpppst.gob.ve\/mpppstweb\/index.php\/2021\/11\/16\/venezuela-asume-presidencia-de-la-subcomision-de-ciencias-de-la-unesco\/\",\"name\":\"Venezuela asume presidencia de la Subcomisi\u00f3n de Ciencias de la Unesco - MPPPST\",\"isPartOf\":{\"@id\":\"https:\/\/www.mpppst.gob.ve\/mpppstweb\/#website\"},\"primaryImageOfPage\":{\"@id\":\"https:\/\/www.mpppst.gob.ve\/mpppstweb\/index.php\/2021\/11\/16\/venezuela-asume-presidencia-de-la-subcomision-de-ciencias-de-la-unesco\/#primaryimage\"},\"image\":{\"@id\":\"https:\/\/www.mpppst.gob.ve\/mpppstweb\/index.php\/2021\/11\/16\/venezuela-asume-presidencia-de-la-subcomision-de-ciencias-de-la-unesco\/#primaryimage\"},\"thumbnailUrl\":\"https:\/\/www.mpppst.gob.ve\/mpppstweb\/wp-content\/uploads\/2021\/11\/Prensa-Mppct-800x445-1.jpg\",\"datePublished\":\"2021-11-16T11:18:29+00:00\",\"dateModified\":\"2021-11-16T11:18:30+00:00\",\"breadcrumb\":{\"@id\":\"https:\/\/www.mpppst.gob.ve\/mpppstweb\/index.php\/2021\/11\/16\/venezuela-asume-presidencia-de-la-subcomision-de-ciencias-de-la-unesco\/#breadcrumb\"},\"inLanguage\":\"es\",\"potentialAction\":[{\"@type\":\"ReadAction\",\"target\":[\"https:\/\/www.mpppst.gob.ve\/mpppstweb\/index.php\/2021\/11\/16\/venezuela-asume-presidencia-de-la-subcomision-de-ciencias-de-la-unesco\/\"]}]},{\"@type\":\"ImageObject\",\"inLanguage\":\"es\",\"@id\":\"https:\/\/www.mpppst.gob.ve\/mpppstweb\/index.php\/2021\/11\/16\/venezuela-asume-presidencia-de-la-subcomision-de-ciencias-de-la-unesco\/#primaryimage\",\"url\":\"https:\/\/www.mpppst.gob.ve\/mpppstweb\/wp-content\/uploads\/2021\/11\/Prensa-Mppct-800x445-1.jpg\",\"contentUrl\":\"https:\/\/www.mpppst.gob.ve\/mpppstweb\/wp-content\/uploads\/2021\/11\/Prensa-Mppct-800x445-1.jpg\",\"width\":800,\"height\":445},{\"@type\":\"BreadcrumbList\",\"@id\":\"https:\/\/www.mpppst.gob.ve\/mpppstweb\/index.php\/2021\/11\/16\/venezuela-asume-presidencia-de-la-subcomision-de-ciencias-de-la-unesco\/#breadcrumb\",\"itemListElement\":[{\"@type\":\"ListItem\",\"position\":1,\"name\":\"Home\",\"item\":\"https:\/\/www.mpppst.gob.ve\/mpppstweb\/\"},{\"@type\":\"ListItem\",\"position\":2,\"name\":\"Venezuela asume presidencia de la Subcomisi\u00f3n de Ciencias de la Unesco\"}]},{\"@type\":\"WebSite\",\"@id\":\"https:\/\/www.mpppst.gob.ve\/mpppstweb\/#website\",\"url\":\"https:\/\/www.mpppst.gob.ve\/mpppstweb\/\",\"name\":\"MPPPST\",\"description\":\"Ministerio del Poder Popular para el Proceso Social de Trabajo\",\"publisher\":{\"@id\":\"https:\/\/www.mpppst.gob.ve\/mpppstweb\/#organization\"},\"potentialAction\":[{\"@type\":\"SearchAction\",\"target\":{\"@type\":\"EntryPoint\",\"urlTemplate\":\"https:\/\/www.mpppst.gob.ve\/mpppstweb\/?s={search_term_string}\"},\"query-input\":\"required name=search_term_string\"}],\"inLanguage\":\"es\"},{\"@type\":\"Organization\",\"@id\":\"https:\/\/www.mpppst.gob.ve\/mpppstweb\/#organization\",\"name\":\"mpppst\",\"url\":\"https:\/\/www.mpppst.gob.ve\/mpppstweb\/\",\"logo\":{\"@type\":\"ImageObject\",\"inLanguage\":\"es\",\"@id\":\"https:\/\/www.mpppst.gob.ve\/mpppstweb\/#\/schema\/logo\/image\/\",\"url\":\"https:\/\/www.mpppst.gob.ve\/mpppstweb\/wp-content\/uploads\/2025\/07\/cropped-cropped-g910.png\",\"contentUrl\":\"https:\/\/www.mpppst.gob.ve\/mpppstweb\/wp-content\/uploads\/2025\/07\/cropped-cropped-g910.png\",\"width\":1080,\"height\":241,\"caption\":\"mpppst\"},\"image\":{\"@id\":\"https:\/\/www.mpppst.gob.ve\/mpppstweb\/#\/schema\/logo\/image\/\"}},{\"@type\":\"Person\",\"@id\":\"https:\/\/www.mpppst.gob.ve\/mpppstweb\/#\/schema\/person\/fc187ee8ead412bd4c9304b62f900ea4\",\"name\":\"MPPPST Prensa\",\"url\":\"https:\/\/www.mpppst.gob.ve\/mpppstweb\/index.php\/author\/prensa-mpppst\/\"}]}<\/script>\n<!-- \/ Yoast SEO plugin. -->","yoast_head_json":{"title":"Venezuela asume presidencia de la Subcomisi\u00f3n de Ciencias de la Unesco - MPPPST","robots":{"index":"index","follow":"follow","max-snippet":"max-snippet:-1","max-image-preview":"max-image-preview:large","max-video-preview":"max-video-preview:-1"},"canonical":"https:\/\/www.mpppst.gob.ve\/mpppstweb\/index.php\/2021\/11\/16\/venezuela-asume-presidencia-de-la-subcomision-de-ciencias-de-la-unesco\/","og_locale":"es_ES","og_type":"article","og_title":"Venezuela asume presidencia de la Subcomisi\u00f3n de Ciencias de la Unesco - MPPPST","og_description":"En representaci\u00f3n de la Rep\u00fablica Bolivariana de Venezuela, la ministra del Poder Popular para Ciencia y &hellip; Venezuela asume presidencia de la Subcomisi\u00f3n de Ciencias de la UnescoRead more","og_url":"https:\/\/www.mpppst.gob.ve\/mpppstweb\/index.php\/2021\/11\/16\/venezuela-asume-presidencia-de-la-subcomision-de-ciencias-de-la-unesco\/","og_site_name":"MPPPST","article_published_time":"2021-11-16T11:18:29+00:00","article_modified_time":"2021-11-16T11:18:30+00:00","og_image":[{"width":800,"height":445,"url":"https:\/\/www.mpppst.gob.ve\/mpppstweb\/wp-content\/uploads\/2021\/11\/Prensa-Mppct-800x445-1.jpg","type":"image\/jpeg"}],"author":"MPPPST Prensa","twitter_card":"summary_large_image","twitter_misc":{"Escrito por":"MPPPST Prensa","Tiempo de lectura":"2 minutos"},"schema":{"@context":"https:\/\/schema.org","@graph":[{"@type":"Article","@id":"https:\/\/www.mpppst.gob.ve\/mpppstweb\/index.php\/2021\/11\/16\/venezuela-asume-presidencia-de-la-subcomision-de-ciencias-de-la-unesco\/#article","isPartOf":{"@id":"https:\/\/www.mpppst.gob.ve\/mpppstweb\/index.php\/2021\/11\/16\/venezuela-asume-presidencia-de-la-subcomision-de-ciencias-de-la-unesco\/"},"author":{"name":"MPPPST Prensa","@id":"https:\/\/www.mpppst.gob.ve\/mpppstweb\/#\/schema\/person\/fc187ee8ead412bd4c9304b62f900ea4"},"headline":"Venezuela asume presidencia de la Subcomisi\u00f3n de Ciencias de la Unesco","datePublished":"2021-11-16T11:18:29+00:00","dateModified":"2021-11-16T11:18:30+00:00","mainEntityOfPage":{"@id":"https:\/\/www.mpppst.gob.ve\/mpppstweb\/index.php\/2021\/11\/16\/venezuela-asume-presidencia-de-la-subcomision-de-ciencias-de-la-unesco\/"},"wordCount":462,"publisher":{"@id":"https:\/\/www.mpppst.gob.ve\/mpppstweb\/#organization"},"image":{"@id":"https:\/\/www.mpppst.gob.ve\/mpppstweb\/index.php\/2021\/11\/16\/venezuela-asume-presidencia-de-la-subcomision-de-ciencias-de-la-unesco\/#primaryimage"},"thumbnailUrl":"https:\/\/www.mpppst.gob.ve\/mpppstweb\/wp-content\/uploads\/2021\/11\/Prensa-Mppct-800x445-1.jpg","articleSection":["Gobierno Nacional","Noticias"],"inLanguage":"es"},{"@type":"WebPage","@id":"https:\/\/www.mpppst.gob.ve\/mpppstweb\/index.php\/2021\/11\/16\/venezuela-asume-presidencia-de-la-subcomision-de-ciencias-de-la-unesco\/","url":"https:\/\/www.mpppst.gob.ve\/mpppstweb\/index.php\/2021\/11\/16\/venezuela-asume-presidencia-de-la-subcomision-de-ciencias-de-la-unesco\/","name":"Venezuela asume presidencia de la Subcomisi\u00f3n de Ciencias de la Unesco - MPPPST","isPartOf":{"@id":"https:\/\/www.mpppst.gob.ve\/mpppstweb\/#website"},"primaryImageOfPage":{"@id":"https:\/\/www.mpppst.gob.ve\/mpppstweb\/index.php\/2021\/11\/16\/venezuela-asume-presidencia-de-la-subcomision-de-ciencias-de-la-unesco\/#primaryimage"},"image":{"@id":"https:\/\/www.mpppst.gob.ve\/mpppstweb\/index.php\/2021\/11\/16\/venezuela-asume-presidencia-de-la-subcomision-de-ciencias-de-la-unesco\/#primaryimage"},"thumbnailUrl":"https:\/\/www.mpppst.gob.ve\/mpppstweb\/wp-content\/uploads\/2021\/11\/Prensa-Mppct-800x445-1.jpg","datePublished":"2021-11-16T11:18:29+00:00","dateModified":"2021-11-16T11:18:30+00:00","breadcrumb":{"@id":"https:\/\/www.mpppst.gob.ve\/mpppstweb\/index.php\/2021\/11\/16\/venezuela-asume-presidencia-de-la-subcomision-de-ciencias-de-la-unesco\/#breadcrumb"},"inLanguage":"es","potentialAction":[{"@type":"ReadAction","target":["https:\/\/www.mpppst.gob.ve\/mpppstweb\/index.php\/2021\/11\/16\/venezuela-asume-presidencia-de-la-subcomision-de-ciencias-de-la-unesco\/"]}]},{"@type":"ImageObject","inLanguage":"es","@id":"https:\/\/www.mpppst.gob.ve\/mpppstweb\/index.php\/2021\/11\/16\/venezuela-asume-presidencia-de-la-subcomision-de-ciencias-de-la-unesco\/#primaryimage","url":"https:\/\/www.mpppst.gob.ve\/mpppstweb\/wp-content\/uploads\/2021\/11\/Prensa-Mppct-800x445-1.jpg","contentUrl":"https:\/\/www.mpppst.gob.ve\/mpppstweb\/wp-content\/uploads\/2021\/11\/Prensa-Mppct-800x445-1.jpg","width":800,"height":445},{"@type":"BreadcrumbList","@id":"https:\/\/www.mpppst.gob.ve\/mpppstweb\/index.php\/2021\/11\/16\/venezuela-asume-presidencia-de-la-subcomision-de-ciencias-de-la-unesco\/#breadcrumb","itemListElement":[{"@type":"ListItem","position":1,"name":"Home","item":"https:\/\/www.mpppst.gob.ve\/mpppstweb\/"},{"@type":"ListItem","position":2,"name":"Venezuela asume presidencia de la Subcomisi\u00f3n de Ciencias de la Unesco"}]},{"@type":"WebSite","@id":"https:\/\/www.mpppst.gob.ve\/mpppstweb\/#website","url":"https:\/\/www.mpppst.gob.ve\/mpppstweb\/","name":"MPPPST","description":"Ministerio del Poder Popular para el Proceso Social de Trabajo","publisher":{"@id":"https:\/\/www.mpppst.gob.ve\/mpppstweb\/#organization"},"potentialAction":[{"@type":"SearchAction","target":{"@type":"EntryPoint","urlTemplate":"https:\/\/www.mpppst.gob.ve\/mpppstweb\/?s={search_term_string}"},"query-input":"required name=search_term_string"}],"inLanguage":"es"},{"@type":"Organization","@id":"https:\/\/www.mpppst.gob.ve\/mpppstweb\/#organization","name":"mpppst","url":"https:\/\/www.mpppst.gob.ve\/mpppstweb\/","logo":{"@type":"ImageObject","inLanguage":"es","@id":"https:\/\/www.mpppst.gob.ve\/mpppstweb\/#\/schema\/logo\/image\/","url":"https:\/\/www.mpppst.gob.ve\/mpppstweb\/wp-content\/uploads\/2025\/07\/cropped-cropped-g910.png","contentUrl":"https:\/\/www.mpppst.gob.ve\/mpppstweb\/wp-content\/uploads\/2025\/07\/cropped-cropped-g910.png","width":1080,"height":241,"caption":"mpppst"},"image":{"@id":"https:\/\/www.mpppst.gob.ve\/mpppstweb\/#\/schema\/logo\/image\/"}},{"@type":"Person","@id":"https:\/\/www.mpppst.gob.ve\/mpppstweb\/#\/schema\/person\/fc187ee8ead412bd4c9304b62f900ea4","name":"MPPPST Prensa","url":"https:\/\/www.mpppst.gob.ve\/mpppstweb\/index.php\/author\/prensa-mpppst\/"}]}},"_links":{"self":[{"href":"https:\/\/www.mpppst.gob.ve\/mpppstweb\/index.php\/wp-json\/wp\/v2\/posts\/23870"}],"collection":[{"href":"https:\/\/www.mpppst.gob.ve\/mpppstweb\/index.php\/wp-json\/wp\/v2\/posts"}],"about":[{"href":"https:\/\/www.mpppst.gob.ve\/mpppstweb\/index.php\/wp-json\/wp\/v2\/types\/post"}],"author":[{"embeddable":true,"href":"https:\/\/www.mpppst.gob.ve\/mpppstweb\/index.php\/wp-json\/wp\/v2\/users\/25"}],"replies":[{"embeddable":true,"href":"https:\/\/www.mpppst.gob.ve\/mpppstweb\/index.php\/wp-json\/wp\/v2\/comments?post=23870"}],"version-history":[{"count":1,"href":"https:\/\/www.mpppst.gob.ve\/mpppstweb\/index.php\/wp-json\/wp\/v2\/posts\/23870\/revisions"}],"predecessor-version":[{"id":23872,"href":"https:\/\/www.mpppst.gob.ve\/mpppstweb\/index.php\/wp-json\/wp\/v2\/posts\/23870\/revisions\/23872"}],"wp:featuredmedia":[{"embeddable":true,"href":"https:\/\/www.mpppst.gob.ve\/mpppstweb\/index.php\/wp-json\/wp\/v2\/media\/23871"}],"wp:attachment":[{"href":"https:\/\/www.mpppst.gob.ve\/mpppstweb\/index.php\/wp-json\/wp\/v2\/media?parent=23870"}],"wp:term":[{"taxonomy":"category","embeddable":true,"href":"https:\/\/www.mpppst.gob.ve\/mpppstweb\/index.php\/wp-json\/wp\/v2\/categories?post=23870"},{"taxonomy":"post_tag","embeddable":true,"href":"https:\/\/www.mpppst.gob.ve\/mpppstweb\/index.php\/wp-json\/wp\/v2\/tags?post=23870"}],"curies":[{"name":"wp","href":"https:\/\/api.w.org\/{rel}","templated":true}]}}