{"id":23879,"date":"2021-11-16T07:23:40","date_gmt":"2021-11-16T11:23:40","guid":{"rendered":"http:\/\/www.mpppst.gob.ve\/mpppstweb\/?p=23879"},"modified":"2021-11-16T07:23:41","modified_gmt":"2021-11-16T11:23:41","slug":"republica-de-iran-evalua-capacidades-en-la-produccion-cerealera-de-guarico","status":"publish","type":"post","link":"https:\/\/www.mpppst.gob.ve\/mpppstweb\/index.php\/2021\/11\/16\/republica-de-iran-evalua-capacidades-en-la-produccion-cerealera-de-guarico\/","title":{"rendered":"Rep\u00fablica de Ir\u00e1n eval\u00faa capacidades en la producci\u00f3n cerealera de Gu\u00e1rico"},"content":{"rendered":"\n<p>Una delegaci\u00f3n proveniente de la Rep\u00fablica de Ir\u00e1n realiz\u00f3 una visita a los campos productivos de Calabozo, municipio Francisco de Miranda en el estado Gu\u00e1rico, que tuvo como objetivo evaluar las capacidades y procesos de producci\u00f3n cerealera en la entidad llanera, previendo el hecho de incursionar en el cultivo de cereales, espec\u00edficamente en el rubro del arroz con m\u00e1s de 10.000 hect\u00e1reas.<\/p>\n\n\n\n<p>La informaci\u00f3n la dio a conocer el director regional del Ministerio del Poder Popular para la Agricultura y Tierra (MPPAT) Marcos Calles quien indic\u00f3 que durante la visita de la delegaci\u00f3n Iran\u00ed, se realiz\u00f3 la evaluaci\u00f3n de los campos productivos para determinar la superficie y zonas desde donde se estar\u00e1 realizando el despliegue de las fuerzas productivas de la Rep\u00fablica de Ir\u00e1n, las cuales aprovecharan el potencial de las pampas guarique\u00f1as en cuanto al rendimiento de los cultivos.<\/p>\n\n\n\n<p>\u201cAcci\u00f3n que permite el escenario para el intercambio de conocimientos agr\u00edcolas entre ambas naciones\u201d, dijo.<\/p>\n\n\n\n<p>En este sentido, ambas naciones abordaron el incremento que ha tenido el estado Gu\u00e1rico en los \u00faltimos a\u00f1os en cuanto el rubro del arroz que ronda en las 30.000 hect\u00e1reas cultivadas, adem\u00e1s de presentar un balance en cuanto al cultivo de leguminosas, ma\u00edz, hortalizas y otros, con la incorporaci\u00f3n de los diferentes sectores productivos integrados por campesinos, medianos y grandes productores, as\u00ed como consejos comunales y sector privado.<\/p>\n\n\n\n<p>De igual forma, se realiz\u00f3 un recorrido dentro del parque agroindustrial de la zona, espec\u00edficamente dentro de la Planta de Semillas Sedeca, con la compa\u00f1\u00eda de la ingeniero Alida Moreno, quien present\u00f3 las t\u00e9cnicas de producci\u00f3n, procesado y acondicionamiento de arroz ante la delegaci\u00f3n Iran\u00ed, sobre la soberan\u00eda productiva y multiplicaci\u00f3n de las mismas en pro de fomentar cultivos de mayor rendimiento y calidad, al tiempo que se reducen los niveles de exportaci\u00f3n de la misma, refiere una nota de prensa de la Gobernaci\u00f3n de Gu\u00e1rico.<\/p>\n","protected":false},"excerpt":{"rendered":"<p>Una delegaci\u00f3n proveniente de la Rep\u00fablica de Ir\u00e1n realiz\u00f3 una visita a los campos productivos de &hellip; <a title=\"Rep\u00fablica de Ir\u00e1n eval\u00faa capacidades en la producci\u00f3n cerealera de Gu\u00e1rico\" class=\"hm-read-more\" href=\"https:\/\/www.mpppst.gob.ve\/mpppstweb\/index.php\/2021\/11\/16\/republica-de-iran-evalua-capacidades-en-la-produccion-cerealera-de-guarico\/\"><span class=\"screen-reader-text\">Rep\u00fablica de Ir\u00e1n eval\u00faa capacidades en la producci\u00f3n cerealera de Gu\u00e1rico<\/span>Read more<\/a><\/p>\n","protected":false},"author":25,"featured_media":23880,"comment_status":"closed","ping_status":"closed","sticky":false,"template":"","format":"standard","meta":{"footnotes":""},"categories":[288,82,163],"tags":[],"yoast_head":"<!-- This site is optimized with the Yoast SEO plugin v22.5 - https:\/\/yoast.com\/wordpress\/plugins\/seo\/ -->\n<title>Rep\u00fablica de Ir\u00e1n eval\u00faa capacidades en la producci\u00f3n cerealera de Gu\u00e1rico - MPPPST<\/title>\n<meta name=\"robots\" content=\"index, follow, max-snippet:-1, max-image-preview:large, max-video-preview:-1\" \/>\n<link rel=\"canonical\" href=\"https:\/\/www.mpppst.gob.ve\/mpppstweb\/index.php\/2021\/11\/16\/republica-de-iran-evalua-capacidades-en-la-produccion-cerealera-de-guarico\/\" \/>\n<meta property=\"og:locale\" content=\"es_ES\" \/>\n<meta property=\"og:type\" content=\"article\" \/>\n<meta property=\"og:title\" content=\"Rep\u00fablica de Ir\u00e1n eval\u00faa capacidades en la producci\u00f3n cerealera de Gu\u00e1rico - MPPPST\" \/>\n<meta property=\"og:description\" content=\"Una delegaci\u00f3n proveniente de la Rep\u00fablica de Ir\u00e1n realiz\u00f3 una visita a los campos productivos de &hellip; Rep\u00fablica de Ir\u00e1n eval\u00faa capacidades en la producci\u00f3n cerealera de Gu\u00e1ricoRead more\" \/>\n<meta property=\"og:url\" content=\"https:\/\/www.mpppst.gob.ve\/mpppstweb\/index.php\/2021\/11\/16\/republica-de-iran-evalua-capacidades-en-la-produccion-cerealera-de-guarico\/\" \/>\n<meta property=\"og:site_name\" content=\"MPPPST\" \/>\n<meta property=\"article:published_time\" content=\"2021-11-16T11:23:40+00:00\" \/>\n<meta property=\"article:modified_time\" content=\"2021-11-16T11:23:41+00:00\" \/>\n<meta property=\"og:image\" content=\"https:\/\/www.mpppst.gob.ve\/mpppstweb\/wp-content\/uploads\/2021\/11\/photo_2021-11-14_18-23-29-768x427-1.jpg\" \/>\n\t<meta property=\"og:image:width\" content=\"768\" \/>\n\t<meta property=\"og:image:height\" content=\"427\" \/>\n\t<meta property=\"og:image:type\" content=\"image\/jpeg\" \/>\n<meta name=\"author\" content=\"MPPPST Prensa\" \/>\n<meta name=\"twitter:card\" content=\"summary_large_image\" \/>\n<meta name=\"twitter:label1\" content=\"Escrito por\" \/>\n\t<meta name=\"twitter:data1\" content=\"MPPPST Prensa\" \/>\n\t<meta name=\"twitter:label2\" content=\"Tiempo de lectura\" \/>\n\t<meta name=\"twitter:data2\" content=\"2 minutos\" \/>\n<script type=\"application\/ld+json\" class=\"yoast-schema-graph\">{\"@context\":\"https:\/\/schema.org\",\"@graph\":[{\"@type\":\"Article\",\"@id\":\"https:\/\/www.mpppst.gob.ve\/mpppstweb\/index.php\/2021\/11\/16\/republica-de-iran-evalua-capacidades-en-la-produccion-cerealera-de-guarico\/#article\",\"isPartOf\":{\"@id\":\"https:\/\/www.mpppst.gob.ve\/mpppstweb\/index.php\/2021\/11\/16\/republica-de-iran-evalua-capacidades-en-la-produccion-cerealera-de-guarico\/\"},\"author\":{\"name\":\"MPPPST Prensa\",\"@id\":\"https:\/\/www.mpppst.gob.ve\/mpppstweb\/#\/schema\/person\/fc187ee8ead412bd4c9304b62f900ea4\"},\"headline\":\"Rep\u00fablica de Ir\u00e1n eval\u00faa capacidades en la producci\u00f3n cerealera de Gu\u00e1rico\",\"datePublished\":\"2021-11-16T11:23:40+00:00\",\"dateModified\":\"2021-11-16T11:23:41+00:00\",\"mainEntityOfPage\":{\"@id\":\"https:\/\/www.mpppst.gob.ve\/mpppstweb\/index.php\/2021\/11\/16\/republica-de-iran-evalua-capacidades-en-la-produccion-cerealera-de-guarico\/\"},\"wordCount\":355,\"publisher\":{\"@id\":\"https:\/\/www.mpppst.gob.ve\/mpppstweb\/#organization\"},\"image\":{\"@id\":\"https:\/\/www.mpppst.gob.ve\/mpppstweb\/index.php\/2021\/11\/16\/republica-de-iran-evalua-capacidades-en-la-produccion-cerealera-de-guarico\/#primaryimage\"},\"thumbnailUrl\":\"https:\/\/www.mpppst.gob.ve\/mpppstweb\/wp-content\/uploads\/2021\/11\/photo_2021-11-14_18-23-29-768x427-1.jpg\",\"articleSection\":[\"Econom\u00eda\",\"Gobierno Nacional\",\"Noticias\"],\"inLanguage\":\"es\"},{\"@type\":\"WebPage\",\"@id\":\"https:\/\/www.mpppst.gob.ve\/mpppstweb\/index.php\/2021\/11\/16\/republica-de-iran-evalua-capacidades-en-la-produccion-cerealera-de-guarico\/\",\"url\":\"https:\/\/www.mpppst.gob.ve\/mpppstweb\/index.php\/2021\/11\/16\/republica-de-iran-evalua-capacidades-en-la-produccion-cerealera-de-guarico\/\",\"name\":\"Rep\u00fablica de Ir\u00e1n eval\u00faa capacidades en la producci\u00f3n cerealera de Gu\u00e1rico - MPPPST\",\"isPartOf\":{\"@id\":\"https:\/\/www.mpppst.gob.ve\/mpppstweb\/#website\"},\"primaryImageOfPage\":{\"@id\":\"https:\/\/www.mpppst.gob.ve\/mpppstweb\/index.php\/2021\/11\/16\/republica-de-iran-evalua-capacidades-en-la-produccion-cerealera-de-guarico\/#primaryimage\"},\"image\":{\"@id\":\"https:\/\/www.mpppst.gob.ve\/mpppstweb\/index.php\/2021\/11\/16\/republica-de-iran-evalua-capacidades-en-la-produccion-cerealera-de-guarico\/#primaryimage\"},\"thumbnailUrl\":\"https:\/\/www.mpppst.gob.ve\/mpppstweb\/wp-content\/uploads\/2021\/11\/photo_2021-11-14_18-23-29-768x427-1.jpg\",\"datePublished\":\"2021-11-16T11:23:40+00:00\",\"dateModified\":\"2021-11-16T11:23:41+00:00\",\"breadcrumb\":{\"@id\":\"https:\/\/www.mpppst.gob.ve\/mpppstweb\/index.php\/2021\/11\/16\/republica-de-iran-evalua-capacidades-en-la-produccion-cerealera-de-guarico\/#breadcrumb\"},\"inLanguage\":\"es\",\"potentialAction\":[{\"@type\":\"ReadAction\",\"target\":[\"https:\/\/www.mpppst.gob.ve\/mpppstweb\/index.php\/2021\/11\/16\/republica-de-iran-evalua-capacidades-en-la-produccion-cerealera-de-guarico\/\"]}]},{\"@type\":\"ImageObject\",\"inLanguage\":\"es\",\"@id\":\"https:\/\/www.mpppst.gob.ve\/mpppstweb\/index.php\/2021\/11\/16\/republica-de-iran-evalua-capacidades-en-la-produccion-cerealera-de-guarico\/#primaryimage\",\"url\":\"https:\/\/www.mpppst.gob.ve\/mpppstweb\/wp-content\/uploads\/2021\/11\/photo_2021-11-14_18-23-29-768x427-1.jpg\",\"contentUrl\":\"https:\/\/www.mpppst.gob.ve\/mpppstweb\/wp-content\/uploads\/2021\/11\/photo_2021-11-14_18-23-29-768x427-1.jpg\",\"width\":768,\"height\":427},{\"@type\":\"BreadcrumbList\",\"@id\":\"https:\/\/www.mpppst.gob.ve\/mpppstweb\/index.php\/2021\/11\/16\/republica-de-iran-evalua-capacidades-en-la-produccion-cerealera-de-guarico\/#breadcrumb\",\"itemListElement\":[{\"@type\":\"ListItem\",\"position\":1,\"name\":\"Home\",\"item\":\"https:\/\/www.mpppst.gob.ve\/mpppstweb\/\"},{\"@type\":\"ListItem\",\"position\":2,\"name\":\"Rep\u00fablica de Ir\u00e1n eval\u00faa capacidades en la producci\u00f3n cerealera de Gu\u00e1rico\"}]},{\"@type\":\"WebSite\",\"@id\":\"https:\/\/www.mpppst.gob.ve\/mpppstweb\/#website\",\"url\":\"https:\/\/www.mpppst.gob.ve\/mpppstweb\/\",\"name\":\"MPPPST\",\"description\":\"Ministerio del Poder Popular para el Proceso Social de Trabajo\",\"publisher\":{\"@id\":\"https:\/\/www.mpppst.gob.ve\/mpppstweb\/#organization\"},\"potentialAction\":[{\"@type\":\"SearchAction\",\"target\":{\"@type\":\"EntryPoint\",\"urlTemplate\":\"https:\/\/www.mpppst.gob.ve\/mpppstweb\/?s={search_term_string}\"},\"query-input\":\"required name=search_term_string\"}],\"inLanguage\":\"es\"},{\"@type\":\"Organization\",\"@id\":\"https:\/\/www.mpppst.gob.ve\/mpppstweb\/#organization\",\"name\":\"mpppst\",\"url\":\"https:\/\/www.mpppst.gob.ve\/mpppstweb\/\",\"logo\":{\"@type\":\"ImageObject\",\"inLanguage\":\"es\",\"@id\":\"https:\/\/www.mpppst.gob.ve\/mpppstweb\/#\/schema\/logo\/image\/\",\"url\":\"https:\/\/www.mpppst.gob.ve\/mpppstweb\/wp-content\/uploads\/2025\/07\/cropped-cropped-g910.png\",\"contentUrl\":\"https:\/\/www.mpppst.gob.ve\/mpppstweb\/wp-content\/uploads\/2025\/07\/cropped-cropped-g910.png\",\"width\":1080,\"height\":241,\"caption\":\"mpppst\"},\"image\":{\"@id\":\"https:\/\/www.mpppst.gob.ve\/mpppstweb\/#\/schema\/logo\/image\/\"}},{\"@type\":\"Person\",\"@id\":\"https:\/\/www.mpppst.gob.ve\/mpppstweb\/#\/schema\/person\/fc187ee8ead412bd4c9304b62f900ea4\",\"name\":\"MPPPST Prensa\",\"url\":\"https:\/\/www.mpppst.gob.ve\/mpppstweb\/index.php\/author\/prensa-mpppst\/\"}]}<\/script>\n<!-- \/ Yoast SEO plugin. -->","yoast_head_json":{"title":"Rep\u00fablica de Ir\u00e1n eval\u00faa capacidades en la producci\u00f3n cerealera de Gu\u00e1rico - MPPPST","robots":{"index":"index","follow":"follow","max-snippet":"max-snippet:-1","max-image-preview":"max-image-preview:large","max-video-preview":"max-video-preview:-1"},"canonical":"https:\/\/www.mpppst.gob.ve\/mpppstweb\/index.php\/2021\/11\/16\/republica-de-iran-evalua-capacidades-en-la-produccion-cerealera-de-guarico\/","og_locale":"es_ES","og_type":"article","og_title":"Rep\u00fablica de Ir\u00e1n eval\u00faa capacidades en la producci\u00f3n cerealera de Gu\u00e1rico - MPPPST","og_description":"Una delegaci\u00f3n proveniente de la Rep\u00fablica de Ir\u00e1n realiz\u00f3 una visita a los campos productivos de &hellip; Rep\u00fablica de Ir\u00e1n eval\u00faa capacidades en la producci\u00f3n cerealera de Gu\u00e1ricoRead more","og_url":"https:\/\/www.mpppst.gob.ve\/mpppstweb\/index.php\/2021\/11\/16\/republica-de-iran-evalua-capacidades-en-la-produccion-cerealera-de-guarico\/","og_site_name":"MPPPST","article_published_time":"2021-11-16T11:23:40+00:00","article_modified_time":"2021-11-16T11:23:41+00:00","og_image":[{"width":768,"height":427,"url":"https:\/\/www.mpppst.gob.ve\/mpppstweb\/wp-content\/uploads\/2021\/11\/photo_2021-11-14_18-23-29-768x427-1.jpg","type":"image\/jpeg"}],"author":"MPPPST Prensa","twitter_card":"summary_large_image","twitter_misc":{"Escrito por":"MPPPST Prensa","Tiempo de lectura":"2 minutos"},"schema":{"@context":"https:\/\/schema.org","@graph":[{"@type":"Article","@id":"https:\/\/www.mpppst.gob.ve\/mpppstweb\/index.php\/2021\/11\/16\/republica-de-iran-evalua-capacidades-en-la-produccion-cerealera-de-guarico\/#article","isPartOf":{"@id":"https:\/\/www.mpppst.gob.ve\/mpppstweb\/index.php\/2021\/11\/16\/republica-de-iran-evalua-capacidades-en-la-produccion-cerealera-de-guarico\/"},"author":{"name":"MPPPST Prensa","@id":"https:\/\/www.mpppst.gob.ve\/mpppstweb\/#\/schema\/person\/fc187ee8ead412bd4c9304b62f900ea4"},"headline":"Rep\u00fablica de Ir\u00e1n eval\u00faa capacidades en la producci\u00f3n cerealera de Gu\u00e1rico","datePublished":"2021-11-16T11:23:40+00:00","dateModified":"2021-11-16T11:23:41+00:00","mainEntityOfPage":{"@id":"https:\/\/www.mpppst.gob.ve\/mpppstweb\/index.php\/2021\/11\/16\/republica-de-iran-evalua-capacidades-en-la-produccion-cerealera-de-guarico\/"},"wordCount":355,"publisher":{"@id":"https:\/\/www.mpppst.gob.ve\/mpppstweb\/#organization"},"image":{"@id":"https:\/\/www.mpppst.gob.ve\/mpppstweb\/index.php\/2021\/11\/16\/republica-de-iran-evalua-capacidades-en-la-produccion-cerealera-de-guarico\/#primaryimage"},"thumbnailUrl":"https:\/\/www.mpppst.gob.ve\/mpppstweb\/wp-content\/uploads\/2021\/11\/photo_2021-11-14_18-23-29-768x427-1.jpg","articleSection":["Econom\u00eda","Gobierno Nacional","Noticias"],"inLanguage":"es"},{"@type":"WebPage","@id":"https:\/\/www.mpppst.gob.ve\/mpppstweb\/index.php\/2021\/11\/16\/republica-de-iran-evalua-capacidades-en-la-produccion-cerealera-de-guarico\/","url":"https:\/\/www.mpppst.gob.ve\/mpppstweb\/index.php\/2021\/11\/16\/republica-de-iran-evalua-capacidades-en-la-produccion-cerealera-de-guarico\/","name":"Rep\u00fablica de Ir\u00e1n eval\u00faa capacidades en la producci\u00f3n cerealera de Gu\u00e1rico - MPPPST","isPartOf":{"@id":"https:\/\/www.mpppst.gob.ve\/mpppstweb\/#website"},"primaryImageOfPage":{"@id":"https:\/\/www.mpppst.gob.ve\/mpppstweb\/index.php\/2021\/11\/16\/republica-de-iran-evalua-capacidades-en-la-produccion-cerealera-de-guarico\/#primaryimage"},"image":{"@id":"https:\/\/www.mpppst.gob.ve\/mpppstweb\/index.php\/2021\/11\/16\/republica-de-iran-evalua-capacidades-en-la-produccion-cerealera-de-guarico\/#primaryimage"},"thumbnailUrl":"https:\/\/www.mpppst.gob.ve\/mpppstweb\/wp-content\/uploads\/2021\/11\/photo_2021-11-14_18-23-29-768x427-1.jpg","datePublished":"2021-11-16T11:23:40+00:00","dateModified":"2021-11-16T11:23:41+00:00","breadcrumb":{"@id":"https:\/\/www.mpppst.gob.ve\/mpppstweb\/index.php\/2021\/11\/16\/republica-de-iran-evalua-capacidades-en-la-produccion-cerealera-de-guarico\/#breadcrumb"},"inLanguage":"es","potentialAction":[{"@type":"ReadAction","target":["https:\/\/www.mpppst.gob.ve\/mpppstweb\/index.php\/2021\/11\/16\/republica-de-iran-evalua-capacidades-en-la-produccion-cerealera-de-guarico\/"]}]},{"@type":"ImageObject","inLanguage":"es","@id":"https:\/\/www.mpppst.gob.ve\/mpppstweb\/index.php\/2021\/11\/16\/republica-de-iran-evalua-capacidades-en-la-produccion-cerealera-de-guarico\/#primaryimage","url":"https:\/\/www.mpppst.gob.ve\/mpppstweb\/wp-content\/uploads\/2021\/11\/photo_2021-11-14_18-23-29-768x427-1.jpg","contentUrl":"https:\/\/www.mpppst.gob.ve\/mpppstweb\/wp-content\/uploads\/2021\/11\/photo_2021-11-14_18-23-29-768x427-1.jpg","width":768,"height":427},{"@type":"BreadcrumbList","@id":"https:\/\/www.mpppst.gob.ve\/mpppstweb\/index.php\/2021\/11\/16\/republica-de-iran-evalua-capacidades-en-la-produccion-cerealera-de-guarico\/#breadcrumb","itemListElement":[{"@type":"ListItem","position":1,"name":"Home","item":"https:\/\/www.mpppst.gob.ve\/mpppstweb\/"},{"@type":"ListItem","position":2,"name":"Rep\u00fablica de Ir\u00e1n eval\u00faa capacidades en la producci\u00f3n cerealera de Gu\u00e1rico"}]},{"@type":"WebSite","@id":"https:\/\/www.mpppst.gob.ve\/mpppstweb\/#website","url":"https:\/\/www.mpppst.gob.ve\/mpppstweb\/","name":"MPPPST","description":"Ministerio del Poder Popular para el Proceso Social de Trabajo","publisher":{"@id":"https:\/\/www.mpppst.gob.ve\/mpppstweb\/#organization"},"potentialAction":[{"@type":"SearchAction","target":{"@type":"EntryPoint","urlTemplate":"https:\/\/www.mpppst.gob.ve\/mpppstweb\/?s={search_term_string}"},"query-input":"required name=search_term_string"}],"inLanguage":"es"},{"@type":"Organization","@id":"https:\/\/www.mpppst.gob.ve\/mpppstweb\/#organization","name":"mpppst","url":"https:\/\/www.mpppst.gob.ve\/mpppstweb\/","logo":{"@type":"ImageObject","inLanguage":"es","@id":"https:\/\/www.mpppst.gob.ve\/mpppstweb\/#\/schema\/logo\/image\/","url":"https:\/\/www.mpppst.gob.ve\/mpppstweb\/wp-content\/uploads\/2025\/07\/cropped-cropped-g910.png","contentUrl":"https:\/\/www.mpppst.gob.ve\/mpppstweb\/wp-content\/uploads\/2025\/07\/cropped-cropped-g910.png","width":1080,"height":241,"caption":"mpppst"},"image":{"@id":"https:\/\/www.mpppst.gob.ve\/mpppstweb\/#\/schema\/logo\/image\/"}},{"@type":"Person","@id":"https:\/\/www.mpppst.gob.ve\/mpppstweb\/#\/schema\/person\/fc187ee8ead412bd4c9304b62f900ea4","name":"MPPPST Prensa","url":"https:\/\/www.mpppst.gob.ve\/mpppstweb\/index.php\/author\/prensa-mpppst\/"}]}},"_links":{"self":[{"href":"https:\/\/www.mpppst.gob.ve\/mpppstweb\/index.php\/wp-json\/wp\/v2\/posts\/23879"}],"collection":[{"href":"https:\/\/www.mpppst.gob.ve\/mpppstweb\/index.php\/wp-json\/wp\/v2\/posts"}],"about":[{"href":"https:\/\/www.mpppst.gob.ve\/mpppstweb\/index.php\/wp-json\/wp\/v2\/types\/post"}],"author":[{"embeddable":true,"href":"https:\/\/www.mpppst.gob.ve\/mpppstweb\/index.php\/wp-json\/wp\/v2\/users\/25"}],"replies":[{"embeddable":true,"href":"https:\/\/www.mpppst.gob.ve\/mpppstweb\/index.php\/wp-json\/wp\/v2\/comments?post=23879"}],"version-history":[{"count":1,"href":"https:\/\/www.mpppst.gob.ve\/mpppstweb\/index.php\/wp-json\/wp\/v2\/posts\/23879\/revisions"}],"predecessor-version":[{"id":23881,"href":"https:\/\/www.mpppst.gob.ve\/mpppstweb\/index.php\/wp-json\/wp\/v2\/posts\/23879\/revisions\/23881"}],"wp:featuredmedia":[{"embeddable":true,"href":"https:\/\/www.mpppst.gob.ve\/mpppstweb\/index.php\/wp-json\/wp\/v2\/media\/23880"}],"wp:attachment":[{"href":"https:\/\/www.mpppst.gob.ve\/mpppstweb\/index.php\/wp-json\/wp\/v2\/media?parent=23879"}],"wp:term":[{"taxonomy":"category","embeddable":true,"href":"https:\/\/www.mpppst.gob.ve\/mpppstweb\/index.php\/wp-json\/wp\/v2\/categories?post=23879"},{"taxonomy":"post_tag","embeddable":true,"href":"https:\/\/www.mpppst.gob.ve\/mpppstweb\/index.php\/wp-json\/wp\/v2\/tags?post=23879"}],"curies":[{"name":"wp","href":"https:\/\/api.w.org\/{rel}","templated":true}]}}