{"id":23888,"date":"2021-11-17T06:36:56","date_gmt":"2021-11-17T10:36:56","guid":{"rendered":"http:\/\/www.mpppst.gob.ve\/mpppstweb\/?p=23888"},"modified":"2021-11-17T06:36:57","modified_gmt":"2021-11-17T10:36:57","slug":"fedeindustria-realiza-mesa-de-trabajo-para-la-sustitucion-de-importaciones-entre-el-sector-autopartes-y-piezas","status":"publish","type":"post","link":"https:\/\/www.mpppst.gob.ve\/mpppstweb\/index.php\/2021\/11\/17\/fedeindustria-realiza-mesa-de-trabajo-para-la-sustitucion-de-importaciones-entre-el-sector-autopartes-y-piezas\/","title":{"rendered":"Fedeindustria realiza mesa de trabajo para la Sustituci\u00f3n de Importaciones entre el sector Autopartes y Piezas"},"content":{"rendered":"\n<p>En el estado Miranda, en el complejo industrial Soloson Import, se llev\u00f3 a cabo una mesa de trabajo para garantizar&nbsp;la Sustituci\u00f3n de Importaciones entre el sector Autopartes y Piezas.<\/p>\n\n\n\n<p>El presidente de Fedeindustria, Orlando Camacho indic\u00f3 que se encontraban donde se ensambla partes y piezas de la marca comercial Susuki, \u201cen un primer acercamiento para promover la sustituci\u00f3n de importaciones, acompa\u00f1ado con m\u00e1s de 15 empresas privadas que fabrican autopartes, buscando la oportunidad para conciliar, enamorar y lograr un producto que satisfaga a la marca, garantizando lo hecho en Venezuela con est\u00e1ndares de calidad, con resistencia a las pruebas mec\u00e1nicas y f\u00edsicas, as\u00ed como tambi\u00e9n con resistencia al envejecimiento\u201d, refiri\u00f3 una nota de prensa.<\/p>\n\n\n\n<p>\u201cLo que queremos lograr es con estas mesas de trabajo se consigan las partes y piezas que puedan ser sustituibles con producci\u00f3n nacional, queremos invitar a m\u00e1s empresarios e industriales de toda Venezuela al di\u00e1logo econ\u00f3mico y construir una econom\u00eda m\u00e1s robusta y dar oportunidades al peque\u00f1o, mediana o grande empresario del hecho econ\u00f3mico; desde Fedeindustria apoyamos que la econom\u00eda tenga su ciclo normal de vida y que pueda generar riquezas para todo el pa\u00eds\u201d, se\u00f1al\u00f3.<\/p>\n\n\n\n<p>Por su parte, presidente de Apymi Automotriz, Roberto Ricelli, aleg\u00f3 que \u201cesta iniciativa realizada por Fedeindustria, es el principio para el renacer de la industria automotriz en el pa\u00eds, con talento humano comprometido y tambi\u00e9n con el proyecto de realizar productos de calidad bajo la norma Norven y enfocados a satisfacer los clientes internos y externos siempre bajo la tutela de la prosperidad econ\u00f3mica del pa\u00eds\u201d.&nbsp;<\/p>\n","protected":false},"excerpt":{"rendered":"<p>En el estado Miranda, en el complejo industrial Soloson Import, se llev\u00f3 a cabo una mesa &hellip; <a title=\"Fedeindustria realiza mesa de trabajo para la Sustituci\u00f3n de Importaciones entre el sector Autopartes y Piezas\" class=\"hm-read-more\" href=\"https:\/\/www.mpppst.gob.ve\/mpppstweb\/index.php\/2021\/11\/17\/fedeindustria-realiza-mesa-de-trabajo-para-la-sustitucion-de-importaciones-entre-el-sector-autopartes-y-piezas\/\"><span class=\"screen-reader-text\">Fedeindustria realiza mesa de trabajo para la Sustituci\u00f3n de Importaciones entre el sector Autopartes y Piezas<\/span>Read more<\/a><\/p>\n","protected":false},"author":25,"featured_media":23889,"comment_status":"closed","ping_status":"closed","sticky":false,"template":"","format":"standard","meta":{"footnotes":""},"categories":[288,163],"tags":[],"yoast_head":"<!-- This site is optimized with the Yoast SEO plugin v22.5 - https:\/\/yoast.com\/wordpress\/plugins\/seo\/ -->\n<title>Fedeindustria realiza mesa de trabajo para la Sustituci\u00f3n de Importaciones entre el sector Autopartes y Piezas - MPPPST<\/title>\n<meta name=\"robots\" content=\"index, follow, max-snippet:-1, max-image-preview:large, max-video-preview:-1\" \/>\n<link rel=\"canonical\" href=\"https:\/\/www.mpppst.gob.ve\/mpppstweb\/index.php\/2021\/11\/17\/fedeindustria-realiza-mesa-de-trabajo-para-la-sustitucion-de-importaciones-entre-el-sector-autopartes-y-piezas\/\" \/>\n<meta property=\"og:locale\" content=\"es_ES\" \/>\n<meta property=\"og:type\" content=\"article\" \/>\n<meta property=\"og:title\" content=\"Fedeindustria realiza mesa de trabajo para la Sustituci\u00f3n de Importaciones entre el sector Autopartes y Piezas - MPPPST\" \/>\n<meta property=\"og:description\" content=\"En el estado Miranda, en el complejo industrial Soloson Import, se llev\u00f3 a cabo una mesa &hellip; Fedeindustria realiza mesa de trabajo para la Sustituci\u00f3n de Importaciones entre el sector Autopartes y PiezasRead more\" \/>\n<meta property=\"og:url\" content=\"https:\/\/www.mpppst.gob.ve\/mpppstweb\/index.php\/2021\/11\/17\/fedeindustria-realiza-mesa-de-trabajo-para-la-sustitucion-de-importaciones-entre-el-sector-autopartes-y-piezas\/\" \/>\n<meta property=\"og:site_name\" content=\"MPPPST\" \/>\n<meta property=\"article:published_time\" content=\"2021-11-17T10:36:56+00:00\" \/>\n<meta property=\"article:modified_time\" content=\"2021-11-17T10:36:57+00:00\" \/>\n<meta property=\"og:image\" content=\"https:\/\/www.mpppst.gob.ve\/mpppstweb\/wp-content\/uploads\/2021\/11\/FEDEINDUSTRIA-768x427-1.png\" \/>\n\t<meta property=\"og:image:width\" content=\"768\" \/>\n\t<meta property=\"og:image:height\" content=\"427\" \/>\n\t<meta property=\"og:image:type\" content=\"image\/png\" \/>\n<meta name=\"author\" content=\"MPPPST Prensa\" \/>\n<meta name=\"twitter:card\" content=\"summary_large_image\" \/>\n<meta name=\"twitter:label1\" content=\"Escrito por\" \/>\n\t<meta name=\"twitter:data1\" content=\"MPPPST Prensa\" \/>\n\t<meta name=\"twitter:label2\" content=\"Tiempo de lectura\" \/>\n\t<meta name=\"twitter:data2\" content=\"1 minuto\" \/>\n<script type=\"application\/ld+json\" class=\"yoast-schema-graph\">{\"@context\":\"https:\/\/schema.org\",\"@graph\":[{\"@type\":\"Article\",\"@id\":\"https:\/\/www.mpppst.gob.ve\/mpppstweb\/index.php\/2021\/11\/17\/fedeindustria-realiza-mesa-de-trabajo-para-la-sustitucion-de-importaciones-entre-el-sector-autopartes-y-piezas\/#article\",\"isPartOf\":{\"@id\":\"https:\/\/www.mpppst.gob.ve\/mpppstweb\/index.php\/2021\/11\/17\/fedeindustria-realiza-mesa-de-trabajo-para-la-sustitucion-de-importaciones-entre-el-sector-autopartes-y-piezas\/\"},\"author\":{\"name\":\"MPPPST Prensa\",\"@id\":\"https:\/\/www.mpppst.gob.ve\/mpppstweb\/#\/schema\/person\/fc187ee8ead412bd4c9304b62f900ea4\"},\"headline\":\"Fedeindustria realiza mesa de trabajo para la Sustituci\u00f3n de Importaciones entre el sector Autopartes y Piezas\",\"datePublished\":\"2021-11-17T10:36:56+00:00\",\"dateModified\":\"2021-11-17T10:36:57+00:00\",\"mainEntityOfPage\":{\"@id\":\"https:\/\/www.mpppst.gob.ve\/mpppstweb\/index.php\/2021\/11\/17\/fedeindustria-realiza-mesa-de-trabajo-para-la-sustitucion-de-importaciones-entre-el-sector-autopartes-y-piezas\/\"},\"wordCount\":298,\"publisher\":{\"@id\":\"https:\/\/www.mpppst.gob.ve\/mpppstweb\/#organization\"},\"image\":{\"@id\":\"https:\/\/www.mpppst.gob.ve\/mpppstweb\/index.php\/2021\/11\/17\/fedeindustria-realiza-mesa-de-trabajo-para-la-sustitucion-de-importaciones-entre-el-sector-autopartes-y-piezas\/#primaryimage\"},\"thumbnailUrl\":\"https:\/\/www.mpppst.gob.ve\/mpppstweb\/wp-content\/uploads\/2021\/11\/FEDEINDUSTRIA-768x427-1.png\",\"articleSection\":[\"Econom\u00eda\",\"Noticias\"],\"inLanguage\":\"es\"},{\"@type\":\"WebPage\",\"@id\":\"https:\/\/www.mpppst.gob.ve\/mpppstweb\/index.php\/2021\/11\/17\/fedeindustria-realiza-mesa-de-trabajo-para-la-sustitucion-de-importaciones-entre-el-sector-autopartes-y-piezas\/\",\"url\":\"https:\/\/www.mpppst.gob.ve\/mpppstweb\/index.php\/2021\/11\/17\/fedeindustria-realiza-mesa-de-trabajo-para-la-sustitucion-de-importaciones-entre-el-sector-autopartes-y-piezas\/\",\"name\":\"Fedeindustria realiza mesa de trabajo para la Sustituci\u00f3n de Importaciones entre el sector Autopartes y Piezas - MPPPST\",\"isPartOf\":{\"@id\":\"https:\/\/www.mpppst.gob.ve\/mpppstweb\/#website\"},\"primaryImageOfPage\":{\"@id\":\"https:\/\/www.mpppst.gob.ve\/mpppstweb\/index.php\/2021\/11\/17\/fedeindustria-realiza-mesa-de-trabajo-para-la-sustitucion-de-importaciones-entre-el-sector-autopartes-y-piezas\/#primaryimage\"},\"image\":{\"@id\":\"https:\/\/www.mpppst.gob.ve\/mpppstweb\/index.php\/2021\/11\/17\/fedeindustria-realiza-mesa-de-trabajo-para-la-sustitucion-de-importaciones-entre-el-sector-autopartes-y-piezas\/#primaryimage\"},\"thumbnailUrl\":\"https:\/\/www.mpppst.gob.ve\/mpppstweb\/wp-content\/uploads\/2021\/11\/FEDEINDUSTRIA-768x427-1.png\",\"datePublished\":\"2021-11-17T10:36:56+00:00\",\"dateModified\":\"2021-11-17T10:36:57+00:00\",\"breadcrumb\":{\"@id\":\"https:\/\/www.mpppst.gob.ve\/mpppstweb\/index.php\/2021\/11\/17\/fedeindustria-realiza-mesa-de-trabajo-para-la-sustitucion-de-importaciones-entre-el-sector-autopartes-y-piezas\/#breadcrumb\"},\"inLanguage\":\"es\",\"potentialAction\":[{\"@type\":\"ReadAction\",\"target\":[\"https:\/\/www.mpppst.gob.ve\/mpppstweb\/index.php\/2021\/11\/17\/fedeindustria-realiza-mesa-de-trabajo-para-la-sustitucion-de-importaciones-entre-el-sector-autopartes-y-piezas\/\"]}]},{\"@type\":\"ImageObject\",\"inLanguage\":\"es\",\"@id\":\"https:\/\/www.mpppst.gob.ve\/mpppstweb\/index.php\/2021\/11\/17\/fedeindustria-realiza-mesa-de-trabajo-para-la-sustitucion-de-importaciones-entre-el-sector-autopartes-y-piezas\/#primaryimage\",\"url\":\"https:\/\/www.mpppst.gob.ve\/mpppstweb\/wp-content\/uploads\/2021\/11\/FEDEINDUSTRIA-768x427-1.png\",\"contentUrl\":\"https:\/\/www.mpppst.gob.ve\/mpppstweb\/wp-content\/uploads\/2021\/11\/FEDEINDUSTRIA-768x427-1.png\",\"width\":768,\"height\":427},{\"@type\":\"BreadcrumbList\",\"@id\":\"https:\/\/www.mpppst.gob.ve\/mpppstweb\/index.php\/2021\/11\/17\/fedeindustria-realiza-mesa-de-trabajo-para-la-sustitucion-de-importaciones-entre-el-sector-autopartes-y-piezas\/#breadcrumb\",\"itemListElement\":[{\"@type\":\"ListItem\",\"position\":1,\"name\":\"Home\",\"item\":\"https:\/\/www.mpppst.gob.ve\/mpppstweb\/\"},{\"@type\":\"ListItem\",\"position\":2,\"name\":\"Fedeindustria realiza mesa de trabajo para la Sustituci\u00f3n de Importaciones entre el sector Autopartes y Piezas\"}]},{\"@type\":\"WebSite\",\"@id\":\"https:\/\/www.mpppst.gob.ve\/mpppstweb\/#website\",\"url\":\"https:\/\/www.mpppst.gob.ve\/mpppstweb\/\",\"name\":\"MPPPST\",\"description\":\"Ministerio del Poder Popular para el Proceso Social de Trabajo\",\"publisher\":{\"@id\":\"https:\/\/www.mpppst.gob.ve\/mpppstweb\/#organization\"},\"potentialAction\":[{\"@type\":\"SearchAction\",\"target\":{\"@type\":\"EntryPoint\",\"urlTemplate\":\"https:\/\/www.mpppst.gob.ve\/mpppstweb\/?s={search_term_string}\"},\"query-input\":\"required name=search_term_string\"}],\"inLanguage\":\"es\"},{\"@type\":\"Organization\",\"@id\":\"https:\/\/www.mpppst.gob.ve\/mpppstweb\/#organization\",\"name\":\"mpppst\",\"url\":\"https:\/\/www.mpppst.gob.ve\/mpppstweb\/\",\"logo\":{\"@type\":\"ImageObject\",\"inLanguage\":\"es\",\"@id\":\"https:\/\/www.mpppst.gob.ve\/mpppstweb\/#\/schema\/logo\/image\/\",\"url\":\"https:\/\/www.mpppst.gob.ve\/mpppstweb\/wp-content\/uploads\/2025\/07\/cropped-cropped-g910.png\",\"contentUrl\":\"https:\/\/www.mpppst.gob.ve\/mpppstweb\/wp-content\/uploads\/2025\/07\/cropped-cropped-g910.png\",\"width\":1080,\"height\":241,\"caption\":\"mpppst\"},\"image\":{\"@id\":\"https:\/\/www.mpppst.gob.ve\/mpppstweb\/#\/schema\/logo\/image\/\"}},{\"@type\":\"Person\",\"@id\":\"https:\/\/www.mpppst.gob.ve\/mpppstweb\/#\/schema\/person\/fc187ee8ead412bd4c9304b62f900ea4\",\"name\":\"MPPPST Prensa\",\"url\":\"https:\/\/www.mpppst.gob.ve\/mpppstweb\/index.php\/author\/prensa-mpppst\/\"}]}<\/script>\n<!-- \/ Yoast SEO plugin. -->","yoast_head_json":{"title":"Fedeindustria realiza mesa de trabajo para la Sustituci\u00f3n de Importaciones entre el sector Autopartes y Piezas - MPPPST","robots":{"index":"index","follow":"follow","max-snippet":"max-snippet:-1","max-image-preview":"max-image-preview:large","max-video-preview":"max-video-preview:-1"},"canonical":"https:\/\/www.mpppst.gob.ve\/mpppstweb\/index.php\/2021\/11\/17\/fedeindustria-realiza-mesa-de-trabajo-para-la-sustitucion-de-importaciones-entre-el-sector-autopartes-y-piezas\/","og_locale":"es_ES","og_type":"article","og_title":"Fedeindustria realiza mesa de trabajo para la Sustituci\u00f3n de Importaciones entre el sector Autopartes y Piezas - MPPPST","og_description":"En el estado Miranda, en el complejo industrial Soloson Import, se llev\u00f3 a cabo una mesa &hellip; Fedeindustria realiza mesa de trabajo para la Sustituci\u00f3n de Importaciones entre el sector Autopartes y PiezasRead more","og_url":"https:\/\/www.mpppst.gob.ve\/mpppstweb\/index.php\/2021\/11\/17\/fedeindustria-realiza-mesa-de-trabajo-para-la-sustitucion-de-importaciones-entre-el-sector-autopartes-y-piezas\/","og_site_name":"MPPPST","article_published_time":"2021-11-17T10:36:56+00:00","article_modified_time":"2021-11-17T10:36:57+00:00","og_image":[{"width":768,"height":427,"url":"https:\/\/www.mpppst.gob.ve\/mpppstweb\/wp-content\/uploads\/2021\/11\/FEDEINDUSTRIA-768x427-1.png","type":"image\/png"}],"author":"MPPPST Prensa","twitter_card":"summary_large_image","twitter_misc":{"Escrito por":"MPPPST Prensa","Tiempo de lectura":"1 minuto"},"schema":{"@context":"https:\/\/schema.org","@graph":[{"@type":"Article","@id":"https:\/\/www.mpppst.gob.ve\/mpppstweb\/index.php\/2021\/11\/17\/fedeindustria-realiza-mesa-de-trabajo-para-la-sustitucion-de-importaciones-entre-el-sector-autopartes-y-piezas\/#article","isPartOf":{"@id":"https:\/\/www.mpppst.gob.ve\/mpppstweb\/index.php\/2021\/11\/17\/fedeindustria-realiza-mesa-de-trabajo-para-la-sustitucion-de-importaciones-entre-el-sector-autopartes-y-piezas\/"},"author":{"name":"MPPPST Prensa","@id":"https:\/\/www.mpppst.gob.ve\/mpppstweb\/#\/schema\/person\/fc187ee8ead412bd4c9304b62f900ea4"},"headline":"Fedeindustria realiza mesa de trabajo para la Sustituci\u00f3n de Importaciones entre el sector Autopartes y Piezas","datePublished":"2021-11-17T10:36:56+00:00","dateModified":"2021-11-17T10:36:57+00:00","mainEntityOfPage":{"@id":"https:\/\/www.mpppst.gob.ve\/mpppstweb\/index.php\/2021\/11\/17\/fedeindustria-realiza-mesa-de-trabajo-para-la-sustitucion-de-importaciones-entre-el-sector-autopartes-y-piezas\/"},"wordCount":298,"publisher":{"@id":"https:\/\/www.mpppst.gob.ve\/mpppstweb\/#organization"},"image":{"@id":"https:\/\/www.mpppst.gob.ve\/mpppstweb\/index.php\/2021\/11\/17\/fedeindustria-realiza-mesa-de-trabajo-para-la-sustitucion-de-importaciones-entre-el-sector-autopartes-y-piezas\/#primaryimage"},"thumbnailUrl":"https:\/\/www.mpppst.gob.ve\/mpppstweb\/wp-content\/uploads\/2021\/11\/FEDEINDUSTRIA-768x427-1.png","articleSection":["Econom\u00eda","Noticias"],"inLanguage":"es"},{"@type":"WebPage","@id":"https:\/\/www.mpppst.gob.ve\/mpppstweb\/index.php\/2021\/11\/17\/fedeindustria-realiza-mesa-de-trabajo-para-la-sustitucion-de-importaciones-entre-el-sector-autopartes-y-piezas\/","url":"https:\/\/www.mpppst.gob.ve\/mpppstweb\/index.php\/2021\/11\/17\/fedeindustria-realiza-mesa-de-trabajo-para-la-sustitucion-de-importaciones-entre-el-sector-autopartes-y-piezas\/","name":"Fedeindustria realiza mesa de trabajo para la Sustituci\u00f3n de Importaciones entre el sector Autopartes y Piezas - MPPPST","isPartOf":{"@id":"https:\/\/www.mpppst.gob.ve\/mpppstweb\/#website"},"primaryImageOfPage":{"@id":"https:\/\/www.mpppst.gob.ve\/mpppstweb\/index.php\/2021\/11\/17\/fedeindustria-realiza-mesa-de-trabajo-para-la-sustitucion-de-importaciones-entre-el-sector-autopartes-y-piezas\/#primaryimage"},"image":{"@id":"https:\/\/www.mpppst.gob.ve\/mpppstweb\/index.php\/2021\/11\/17\/fedeindustria-realiza-mesa-de-trabajo-para-la-sustitucion-de-importaciones-entre-el-sector-autopartes-y-piezas\/#primaryimage"},"thumbnailUrl":"https:\/\/www.mpppst.gob.ve\/mpppstweb\/wp-content\/uploads\/2021\/11\/FEDEINDUSTRIA-768x427-1.png","datePublished":"2021-11-17T10:36:56+00:00","dateModified":"2021-11-17T10:36:57+00:00","breadcrumb":{"@id":"https:\/\/www.mpppst.gob.ve\/mpppstweb\/index.php\/2021\/11\/17\/fedeindustria-realiza-mesa-de-trabajo-para-la-sustitucion-de-importaciones-entre-el-sector-autopartes-y-piezas\/#breadcrumb"},"inLanguage":"es","potentialAction":[{"@type":"ReadAction","target":["https:\/\/www.mpppst.gob.ve\/mpppstweb\/index.php\/2021\/11\/17\/fedeindustria-realiza-mesa-de-trabajo-para-la-sustitucion-de-importaciones-entre-el-sector-autopartes-y-piezas\/"]}]},{"@type":"ImageObject","inLanguage":"es","@id":"https:\/\/www.mpppst.gob.ve\/mpppstweb\/index.php\/2021\/11\/17\/fedeindustria-realiza-mesa-de-trabajo-para-la-sustitucion-de-importaciones-entre-el-sector-autopartes-y-piezas\/#primaryimage","url":"https:\/\/www.mpppst.gob.ve\/mpppstweb\/wp-content\/uploads\/2021\/11\/FEDEINDUSTRIA-768x427-1.png","contentUrl":"https:\/\/www.mpppst.gob.ve\/mpppstweb\/wp-content\/uploads\/2021\/11\/FEDEINDUSTRIA-768x427-1.png","width":768,"height":427},{"@type":"BreadcrumbList","@id":"https:\/\/www.mpppst.gob.ve\/mpppstweb\/index.php\/2021\/11\/17\/fedeindustria-realiza-mesa-de-trabajo-para-la-sustitucion-de-importaciones-entre-el-sector-autopartes-y-piezas\/#breadcrumb","itemListElement":[{"@type":"ListItem","position":1,"name":"Home","item":"https:\/\/www.mpppst.gob.ve\/mpppstweb\/"},{"@type":"ListItem","position":2,"name":"Fedeindustria realiza mesa de trabajo para la Sustituci\u00f3n de Importaciones entre el sector Autopartes y Piezas"}]},{"@type":"WebSite","@id":"https:\/\/www.mpppst.gob.ve\/mpppstweb\/#website","url":"https:\/\/www.mpppst.gob.ve\/mpppstweb\/","name":"MPPPST","description":"Ministerio del Poder Popular para el Proceso Social de Trabajo","publisher":{"@id":"https:\/\/www.mpppst.gob.ve\/mpppstweb\/#organization"},"potentialAction":[{"@type":"SearchAction","target":{"@type":"EntryPoint","urlTemplate":"https:\/\/www.mpppst.gob.ve\/mpppstweb\/?s={search_term_string}"},"query-input":"required name=search_term_string"}],"inLanguage":"es"},{"@type":"Organization","@id":"https:\/\/www.mpppst.gob.ve\/mpppstweb\/#organization","name":"mpppst","url":"https:\/\/www.mpppst.gob.ve\/mpppstweb\/","logo":{"@type":"ImageObject","inLanguage":"es","@id":"https:\/\/www.mpppst.gob.ve\/mpppstweb\/#\/schema\/logo\/image\/","url":"https:\/\/www.mpppst.gob.ve\/mpppstweb\/wp-content\/uploads\/2025\/07\/cropped-cropped-g910.png","contentUrl":"https:\/\/www.mpppst.gob.ve\/mpppstweb\/wp-content\/uploads\/2025\/07\/cropped-cropped-g910.png","width":1080,"height":241,"caption":"mpppst"},"image":{"@id":"https:\/\/www.mpppst.gob.ve\/mpppstweb\/#\/schema\/logo\/image\/"}},{"@type":"Person","@id":"https:\/\/www.mpppst.gob.ve\/mpppstweb\/#\/schema\/person\/fc187ee8ead412bd4c9304b62f900ea4","name":"MPPPST Prensa","url":"https:\/\/www.mpppst.gob.ve\/mpppstweb\/index.php\/author\/prensa-mpppst\/"}]}},"_links":{"self":[{"href":"https:\/\/www.mpppst.gob.ve\/mpppstweb\/index.php\/wp-json\/wp\/v2\/posts\/23888"}],"collection":[{"href":"https:\/\/www.mpppst.gob.ve\/mpppstweb\/index.php\/wp-json\/wp\/v2\/posts"}],"about":[{"href":"https:\/\/www.mpppst.gob.ve\/mpppstweb\/index.php\/wp-json\/wp\/v2\/types\/post"}],"author":[{"embeddable":true,"href":"https:\/\/www.mpppst.gob.ve\/mpppstweb\/index.php\/wp-json\/wp\/v2\/users\/25"}],"replies":[{"embeddable":true,"href":"https:\/\/www.mpppst.gob.ve\/mpppstweb\/index.php\/wp-json\/wp\/v2\/comments?post=23888"}],"version-history":[{"count":1,"href":"https:\/\/www.mpppst.gob.ve\/mpppstweb\/index.php\/wp-json\/wp\/v2\/posts\/23888\/revisions"}],"predecessor-version":[{"id":23890,"href":"https:\/\/www.mpppst.gob.ve\/mpppstweb\/index.php\/wp-json\/wp\/v2\/posts\/23888\/revisions\/23890"}],"wp:featuredmedia":[{"embeddable":true,"href":"https:\/\/www.mpppst.gob.ve\/mpppstweb\/index.php\/wp-json\/wp\/v2\/media\/23889"}],"wp:attachment":[{"href":"https:\/\/www.mpppst.gob.ve\/mpppstweb\/index.php\/wp-json\/wp\/v2\/media?parent=23888"}],"wp:term":[{"taxonomy":"category","embeddable":true,"href":"https:\/\/www.mpppst.gob.ve\/mpppstweb\/index.php\/wp-json\/wp\/v2\/categories?post=23888"},{"taxonomy":"post_tag","embeddable":true,"href":"https:\/\/www.mpppst.gob.ve\/mpppstweb\/index.php\/wp-json\/wp\/v2\/tags?post=23888"}],"curies":[{"name":"wp","href":"https:\/\/api.w.org\/{rel}","templated":true}]}}