{"id":23894,"date":"2021-11-17T06:41:31","date_gmt":"2021-11-17T10:41:31","guid":{"rendered":"http:\/\/www.mpppst.gob.ve\/mpppstweb\/?p=23894"},"modified":"2021-11-17T06:41:32","modified_gmt":"2021-11-17T10:41:32","slug":"centro-de-reproduccion-avicola-avanza-en-la-produccion-proteica-en-guarico","status":"publish","type":"post","link":"https:\/\/www.mpppst.gob.ve\/mpppstweb\/index.php\/2021\/11\/17\/centro-de-reproduccion-avicola-avanza-en-la-produccion-proteica-en-guarico\/","title":{"rendered":"Centro de Reproducci\u00f3n av\u00edcola avanza en la producci\u00f3n proteica en Gu\u00e1rico"},"content":{"rendered":"\n<p>Desde el Complejo Av\u00edcola del ALBA, ubicado en el municipio El Socorro, el gobernador del estado Gu\u00e1rico, Jos\u00e9 V\u00e1squez inspeccion\u00f3 la operatividad del Centro de Reproducci\u00f3n de Pollos y Huevos, el cual cuenta actualmente con una producci\u00f3n de 4 fases de desarrollo para impulsar la producci\u00f3n proteica en la entidad llanera.<\/p>\n\n\n\n<p>En tal sentido, explic\u00f3 que la primera fase corresponde a la reproducci\u00f3n de huevos f\u00e9rtiles desde la Granja Reproductora \u201cCorral Viejo\u201d, donde se tienen alrededor de 16.000 madres pesadas que generan diariamente cerca de 10.500 huevos.<\/p>\n\n\n\n<p>Detall\u00f3 que una vez obtenido los huevos f\u00e9rtiles, estos se destinan a la Planta Incubadora \u00abBatalla de Quebrada Honda\u00bb perteneciente al Complejo Av\u00edcola, siendo esta la segunda fase de producci\u00f3n.<\/p>\n\n\n\n<p>\u201cEn este punto se realiza de manera semanal la incubaci\u00f3n aproximada de 80.000 huevos, que a finales de mes prev\u00e9 la obtenci\u00f3n de 320.000 pollitos bebes que se incorporan posteriormente al plan de engorde\u201d, dijo.<\/p>\n\n\n\n<p>Dicho plan corresponde a la tercera fase que se desenvuelve en la Granja de Engorde \u00abMadre Vieja\u00bb comprendida por 12 galpones que actualmente agrupan m\u00e1s de 140.000 pollos, los cuales una vez alcanzan el peso ideal mediante la alimentaci\u00f3n balanceada, se destinan a los programas de distribuci\u00f3n proteica para la alimentaci\u00f3n de las familias, mientras que en un cuarto elemento se realiza la producci\u00f3n de huevos de consumo que se integran a esta distribuci\u00f3n, refiere una nota de prensa de la Gobernaci\u00f3n de Gu\u00e1rico.&nbsp;<\/p>\n","protected":false},"excerpt":{"rendered":"<p>Desde el Complejo Av\u00edcola del ALBA, ubicado en el municipio El Socorro, el gobernador del estado &hellip; <a title=\"Centro de Reproducci\u00f3n av\u00edcola avanza en la producci\u00f3n proteica en Gu\u00e1rico\" class=\"hm-read-more\" href=\"https:\/\/www.mpppst.gob.ve\/mpppstweb\/index.php\/2021\/11\/17\/centro-de-reproduccion-avicola-avanza-en-la-produccion-proteica-en-guarico\/\"><span class=\"screen-reader-text\">Centro de Reproducci\u00f3n av\u00edcola avanza en la producci\u00f3n proteica en Gu\u00e1rico<\/span>Read more<\/a><\/p>\n","protected":false},"author":25,"featured_media":23895,"comment_status":"closed","ping_status":"closed","sticky":false,"template":"","format":"standard","meta":{"footnotes":""},"categories":[288,163],"tags":[],"yoast_head":"<!-- This site is optimized with the Yoast SEO plugin v22.5 - https:\/\/yoast.com\/wordpress\/plugins\/seo\/ -->\n<title>Centro de Reproducci\u00f3n av\u00edcola avanza en la producci\u00f3n proteica en Gu\u00e1rico - MPPPST<\/title>\n<meta name=\"robots\" content=\"index, follow, max-snippet:-1, max-image-preview:large, max-video-preview:-1\" \/>\n<link rel=\"canonical\" href=\"https:\/\/www.mpppst.gob.ve\/mpppstweb\/index.php\/2021\/11\/17\/centro-de-reproduccion-avicola-avanza-en-la-produccion-proteica-en-guarico\/\" \/>\n<meta property=\"og:locale\" content=\"es_ES\" \/>\n<meta property=\"og:type\" content=\"article\" \/>\n<meta property=\"og:title\" content=\"Centro de Reproducci\u00f3n av\u00edcola avanza en la producci\u00f3n proteica en Gu\u00e1rico - MPPPST\" \/>\n<meta property=\"og:description\" content=\"Desde el Complejo Av\u00edcola del ALBA, ubicado en el municipio El Socorro, el gobernador del estado &hellip; Centro de Reproducci\u00f3n av\u00edcola avanza en la producci\u00f3n proteica en Gu\u00e1ricoRead more\" \/>\n<meta property=\"og:url\" content=\"https:\/\/www.mpppst.gob.ve\/mpppstweb\/index.php\/2021\/11\/17\/centro-de-reproduccion-avicola-avanza-en-la-produccion-proteica-en-guarico\/\" \/>\n<meta property=\"og:site_name\" content=\"MPPPST\" \/>\n<meta property=\"article:published_time\" content=\"2021-11-17T10:41:31+00:00\" \/>\n<meta property=\"article:modified_time\" content=\"2021-11-17T10:41:32+00:00\" \/>\n<meta property=\"og:image\" content=\"https:\/\/www.mpppst.gob.ve\/mpppstweb\/wp-content\/uploads\/2021\/11\/2.-El-ciclo-productivo-avicola-se-comprende-por-las-madres-ponedoras-incubacion-de-huevos-y-engorde-de-pollos-2-768x427-1.jpg\" \/>\n\t<meta property=\"og:image:width\" content=\"768\" \/>\n\t<meta property=\"og:image:height\" content=\"427\" \/>\n\t<meta property=\"og:image:type\" content=\"image\/jpeg\" \/>\n<meta name=\"author\" content=\"MPPPST Prensa\" \/>\n<meta name=\"twitter:card\" content=\"summary_large_image\" \/>\n<meta name=\"twitter:label1\" content=\"Escrito por\" \/>\n\t<meta name=\"twitter:data1\" content=\"MPPPST Prensa\" \/>\n\t<meta name=\"twitter:label2\" content=\"Tiempo de lectura\" \/>\n\t<meta name=\"twitter:data2\" content=\"1 minuto\" \/>\n<script type=\"application\/ld+json\" class=\"yoast-schema-graph\">{\"@context\":\"https:\/\/schema.org\",\"@graph\":[{\"@type\":\"Article\",\"@id\":\"https:\/\/www.mpppst.gob.ve\/mpppstweb\/index.php\/2021\/11\/17\/centro-de-reproduccion-avicola-avanza-en-la-produccion-proteica-en-guarico\/#article\",\"isPartOf\":{\"@id\":\"https:\/\/www.mpppst.gob.ve\/mpppstweb\/index.php\/2021\/11\/17\/centro-de-reproduccion-avicola-avanza-en-la-produccion-proteica-en-guarico\/\"},\"author\":{\"name\":\"MPPPST Prensa\",\"@id\":\"https:\/\/www.mpppst.gob.ve\/mpppstweb\/#\/schema\/person\/fc187ee8ead412bd4c9304b62f900ea4\"},\"headline\":\"Centro de Reproducci\u00f3n av\u00edcola avanza en la producci\u00f3n proteica en Gu\u00e1rico\",\"datePublished\":\"2021-11-17T10:41:31+00:00\",\"dateModified\":\"2021-11-17T10:41:32+00:00\",\"mainEntityOfPage\":{\"@id\":\"https:\/\/www.mpppst.gob.ve\/mpppstweb\/index.php\/2021\/11\/17\/centro-de-reproduccion-avicola-avanza-en-la-produccion-proteica-en-guarico\/\"},\"wordCount\":266,\"publisher\":{\"@id\":\"https:\/\/www.mpppst.gob.ve\/mpppstweb\/#organization\"},\"image\":{\"@id\":\"https:\/\/www.mpppst.gob.ve\/mpppstweb\/index.php\/2021\/11\/17\/centro-de-reproduccion-avicola-avanza-en-la-produccion-proteica-en-guarico\/#primaryimage\"},\"thumbnailUrl\":\"https:\/\/www.mpppst.gob.ve\/mpppstweb\/wp-content\/uploads\/2021\/11\/2.-El-ciclo-productivo-avicola-se-comprende-por-las-madres-ponedoras-incubacion-de-huevos-y-engorde-de-pollos-2-768x427-1.jpg\",\"articleSection\":[\"Econom\u00eda\",\"Noticias\"],\"inLanguage\":\"es\"},{\"@type\":\"WebPage\",\"@id\":\"https:\/\/www.mpppst.gob.ve\/mpppstweb\/index.php\/2021\/11\/17\/centro-de-reproduccion-avicola-avanza-en-la-produccion-proteica-en-guarico\/\",\"url\":\"https:\/\/www.mpppst.gob.ve\/mpppstweb\/index.php\/2021\/11\/17\/centro-de-reproduccion-avicola-avanza-en-la-produccion-proteica-en-guarico\/\",\"name\":\"Centro de Reproducci\u00f3n av\u00edcola avanza en la producci\u00f3n proteica en Gu\u00e1rico - MPPPST\",\"isPartOf\":{\"@id\":\"https:\/\/www.mpppst.gob.ve\/mpppstweb\/#website\"},\"primaryImageOfPage\":{\"@id\":\"https:\/\/www.mpppst.gob.ve\/mpppstweb\/index.php\/2021\/11\/17\/centro-de-reproduccion-avicola-avanza-en-la-produccion-proteica-en-guarico\/#primaryimage\"},\"image\":{\"@id\":\"https:\/\/www.mpppst.gob.ve\/mpppstweb\/index.php\/2021\/11\/17\/centro-de-reproduccion-avicola-avanza-en-la-produccion-proteica-en-guarico\/#primaryimage\"},\"thumbnailUrl\":\"https:\/\/www.mpppst.gob.ve\/mpppstweb\/wp-content\/uploads\/2021\/11\/2.-El-ciclo-productivo-avicola-se-comprende-por-las-madres-ponedoras-incubacion-de-huevos-y-engorde-de-pollos-2-768x427-1.jpg\",\"datePublished\":\"2021-11-17T10:41:31+00:00\",\"dateModified\":\"2021-11-17T10:41:32+00:00\",\"breadcrumb\":{\"@id\":\"https:\/\/www.mpppst.gob.ve\/mpppstweb\/index.php\/2021\/11\/17\/centro-de-reproduccion-avicola-avanza-en-la-produccion-proteica-en-guarico\/#breadcrumb\"},\"inLanguage\":\"es\",\"potentialAction\":[{\"@type\":\"ReadAction\",\"target\":[\"https:\/\/www.mpppst.gob.ve\/mpppstweb\/index.php\/2021\/11\/17\/centro-de-reproduccion-avicola-avanza-en-la-produccion-proteica-en-guarico\/\"]}]},{\"@type\":\"ImageObject\",\"inLanguage\":\"es\",\"@id\":\"https:\/\/www.mpppst.gob.ve\/mpppstweb\/index.php\/2021\/11\/17\/centro-de-reproduccion-avicola-avanza-en-la-produccion-proteica-en-guarico\/#primaryimage\",\"url\":\"https:\/\/www.mpppst.gob.ve\/mpppstweb\/wp-content\/uploads\/2021\/11\/2.-El-ciclo-productivo-avicola-se-comprende-por-las-madres-ponedoras-incubacion-de-huevos-y-engorde-de-pollos-2-768x427-1.jpg\",\"contentUrl\":\"https:\/\/www.mpppst.gob.ve\/mpppstweb\/wp-content\/uploads\/2021\/11\/2.-El-ciclo-productivo-avicola-se-comprende-por-las-madres-ponedoras-incubacion-de-huevos-y-engorde-de-pollos-2-768x427-1.jpg\",\"width\":768,\"height\":427},{\"@type\":\"BreadcrumbList\",\"@id\":\"https:\/\/www.mpppst.gob.ve\/mpppstweb\/index.php\/2021\/11\/17\/centro-de-reproduccion-avicola-avanza-en-la-produccion-proteica-en-guarico\/#breadcrumb\",\"itemListElement\":[{\"@type\":\"ListItem\",\"position\":1,\"name\":\"Home\",\"item\":\"https:\/\/www.mpppst.gob.ve\/mpppstweb\/\"},{\"@type\":\"ListItem\",\"position\":2,\"name\":\"Centro de Reproducci\u00f3n av\u00edcola avanza en la producci\u00f3n proteica en Gu\u00e1rico\"}]},{\"@type\":\"WebSite\",\"@id\":\"https:\/\/www.mpppst.gob.ve\/mpppstweb\/#website\",\"url\":\"https:\/\/www.mpppst.gob.ve\/mpppstweb\/\",\"name\":\"MPPPST\",\"description\":\"Ministerio del Poder Popular para el Proceso Social de Trabajo\",\"publisher\":{\"@id\":\"https:\/\/www.mpppst.gob.ve\/mpppstweb\/#organization\"},\"potentialAction\":[{\"@type\":\"SearchAction\",\"target\":{\"@type\":\"EntryPoint\",\"urlTemplate\":\"https:\/\/www.mpppst.gob.ve\/mpppstweb\/?s={search_term_string}\"},\"query-input\":\"required name=search_term_string\"}],\"inLanguage\":\"es\"},{\"@type\":\"Organization\",\"@id\":\"https:\/\/www.mpppst.gob.ve\/mpppstweb\/#organization\",\"name\":\"mpppst\",\"url\":\"https:\/\/www.mpppst.gob.ve\/mpppstweb\/\",\"logo\":{\"@type\":\"ImageObject\",\"inLanguage\":\"es\",\"@id\":\"https:\/\/www.mpppst.gob.ve\/mpppstweb\/#\/schema\/logo\/image\/\",\"url\":\"https:\/\/www.mpppst.gob.ve\/mpppstweb\/wp-content\/uploads\/2025\/07\/cropped-cropped-g910.png\",\"contentUrl\":\"https:\/\/www.mpppst.gob.ve\/mpppstweb\/wp-content\/uploads\/2025\/07\/cropped-cropped-g910.png\",\"width\":1080,\"height\":241,\"caption\":\"mpppst\"},\"image\":{\"@id\":\"https:\/\/www.mpppst.gob.ve\/mpppstweb\/#\/schema\/logo\/image\/\"}},{\"@type\":\"Person\",\"@id\":\"https:\/\/www.mpppst.gob.ve\/mpppstweb\/#\/schema\/person\/fc187ee8ead412bd4c9304b62f900ea4\",\"name\":\"MPPPST Prensa\",\"url\":\"https:\/\/www.mpppst.gob.ve\/mpppstweb\/index.php\/author\/prensa-mpppst\/\"}]}<\/script>\n<!-- \/ Yoast SEO plugin. -->","yoast_head_json":{"title":"Centro de Reproducci\u00f3n av\u00edcola avanza en la producci\u00f3n proteica en Gu\u00e1rico - MPPPST","robots":{"index":"index","follow":"follow","max-snippet":"max-snippet:-1","max-image-preview":"max-image-preview:large","max-video-preview":"max-video-preview:-1"},"canonical":"https:\/\/www.mpppst.gob.ve\/mpppstweb\/index.php\/2021\/11\/17\/centro-de-reproduccion-avicola-avanza-en-la-produccion-proteica-en-guarico\/","og_locale":"es_ES","og_type":"article","og_title":"Centro de Reproducci\u00f3n av\u00edcola avanza en la producci\u00f3n proteica en Gu\u00e1rico - MPPPST","og_description":"Desde el Complejo Av\u00edcola del ALBA, ubicado en el municipio El Socorro, el gobernador del estado &hellip; Centro de Reproducci\u00f3n av\u00edcola avanza en la producci\u00f3n proteica en Gu\u00e1ricoRead more","og_url":"https:\/\/www.mpppst.gob.ve\/mpppstweb\/index.php\/2021\/11\/17\/centro-de-reproduccion-avicola-avanza-en-la-produccion-proteica-en-guarico\/","og_site_name":"MPPPST","article_published_time":"2021-11-17T10:41:31+00:00","article_modified_time":"2021-11-17T10:41:32+00:00","og_image":[{"width":768,"height":427,"url":"https:\/\/www.mpppst.gob.ve\/mpppstweb\/wp-content\/uploads\/2021\/11\/2.-El-ciclo-productivo-avicola-se-comprende-por-las-madres-ponedoras-incubacion-de-huevos-y-engorde-de-pollos-2-768x427-1.jpg","type":"image\/jpeg"}],"author":"MPPPST Prensa","twitter_card":"summary_large_image","twitter_misc":{"Escrito por":"MPPPST Prensa","Tiempo de lectura":"1 minuto"},"schema":{"@context":"https:\/\/schema.org","@graph":[{"@type":"Article","@id":"https:\/\/www.mpppst.gob.ve\/mpppstweb\/index.php\/2021\/11\/17\/centro-de-reproduccion-avicola-avanza-en-la-produccion-proteica-en-guarico\/#article","isPartOf":{"@id":"https:\/\/www.mpppst.gob.ve\/mpppstweb\/index.php\/2021\/11\/17\/centro-de-reproduccion-avicola-avanza-en-la-produccion-proteica-en-guarico\/"},"author":{"name":"MPPPST Prensa","@id":"https:\/\/www.mpppst.gob.ve\/mpppstweb\/#\/schema\/person\/fc187ee8ead412bd4c9304b62f900ea4"},"headline":"Centro de Reproducci\u00f3n av\u00edcola avanza en la producci\u00f3n proteica en Gu\u00e1rico","datePublished":"2021-11-17T10:41:31+00:00","dateModified":"2021-11-17T10:41:32+00:00","mainEntityOfPage":{"@id":"https:\/\/www.mpppst.gob.ve\/mpppstweb\/index.php\/2021\/11\/17\/centro-de-reproduccion-avicola-avanza-en-la-produccion-proteica-en-guarico\/"},"wordCount":266,"publisher":{"@id":"https:\/\/www.mpppst.gob.ve\/mpppstweb\/#organization"},"image":{"@id":"https:\/\/www.mpppst.gob.ve\/mpppstweb\/index.php\/2021\/11\/17\/centro-de-reproduccion-avicola-avanza-en-la-produccion-proteica-en-guarico\/#primaryimage"},"thumbnailUrl":"https:\/\/www.mpppst.gob.ve\/mpppstweb\/wp-content\/uploads\/2021\/11\/2.-El-ciclo-productivo-avicola-se-comprende-por-las-madres-ponedoras-incubacion-de-huevos-y-engorde-de-pollos-2-768x427-1.jpg","articleSection":["Econom\u00eda","Noticias"],"inLanguage":"es"},{"@type":"WebPage","@id":"https:\/\/www.mpppst.gob.ve\/mpppstweb\/index.php\/2021\/11\/17\/centro-de-reproduccion-avicola-avanza-en-la-produccion-proteica-en-guarico\/","url":"https:\/\/www.mpppst.gob.ve\/mpppstweb\/index.php\/2021\/11\/17\/centro-de-reproduccion-avicola-avanza-en-la-produccion-proteica-en-guarico\/","name":"Centro de Reproducci\u00f3n av\u00edcola avanza en la producci\u00f3n proteica en Gu\u00e1rico - MPPPST","isPartOf":{"@id":"https:\/\/www.mpppst.gob.ve\/mpppstweb\/#website"},"primaryImageOfPage":{"@id":"https:\/\/www.mpppst.gob.ve\/mpppstweb\/index.php\/2021\/11\/17\/centro-de-reproduccion-avicola-avanza-en-la-produccion-proteica-en-guarico\/#primaryimage"},"image":{"@id":"https:\/\/www.mpppst.gob.ve\/mpppstweb\/index.php\/2021\/11\/17\/centro-de-reproduccion-avicola-avanza-en-la-produccion-proteica-en-guarico\/#primaryimage"},"thumbnailUrl":"https:\/\/www.mpppst.gob.ve\/mpppstweb\/wp-content\/uploads\/2021\/11\/2.-El-ciclo-productivo-avicola-se-comprende-por-las-madres-ponedoras-incubacion-de-huevos-y-engorde-de-pollos-2-768x427-1.jpg","datePublished":"2021-11-17T10:41:31+00:00","dateModified":"2021-11-17T10:41:32+00:00","breadcrumb":{"@id":"https:\/\/www.mpppst.gob.ve\/mpppstweb\/index.php\/2021\/11\/17\/centro-de-reproduccion-avicola-avanza-en-la-produccion-proteica-en-guarico\/#breadcrumb"},"inLanguage":"es","potentialAction":[{"@type":"ReadAction","target":["https:\/\/www.mpppst.gob.ve\/mpppstweb\/index.php\/2021\/11\/17\/centro-de-reproduccion-avicola-avanza-en-la-produccion-proteica-en-guarico\/"]}]},{"@type":"ImageObject","inLanguage":"es","@id":"https:\/\/www.mpppst.gob.ve\/mpppstweb\/index.php\/2021\/11\/17\/centro-de-reproduccion-avicola-avanza-en-la-produccion-proteica-en-guarico\/#primaryimage","url":"https:\/\/www.mpppst.gob.ve\/mpppstweb\/wp-content\/uploads\/2021\/11\/2.-El-ciclo-productivo-avicola-se-comprende-por-las-madres-ponedoras-incubacion-de-huevos-y-engorde-de-pollos-2-768x427-1.jpg","contentUrl":"https:\/\/www.mpppst.gob.ve\/mpppstweb\/wp-content\/uploads\/2021\/11\/2.-El-ciclo-productivo-avicola-se-comprende-por-las-madres-ponedoras-incubacion-de-huevos-y-engorde-de-pollos-2-768x427-1.jpg","width":768,"height":427},{"@type":"BreadcrumbList","@id":"https:\/\/www.mpppst.gob.ve\/mpppstweb\/index.php\/2021\/11\/17\/centro-de-reproduccion-avicola-avanza-en-la-produccion-proteica-en-guarico\/#breadcrumb","itemListElement":[{"@type":"ListItem","position":1,"name":"Home","item":"https:\/\/www.mpppst.gob.ve\/mpppstweb\/"},{"@type":"ListItem","position":2,"name":"Centro de Reproducci\u00f3n av\u00edcola avanza en la producci\u00f3n proteica en Gu\u00e1rico"}]},{"@type":"WebSite","@id":"https:\/\/www.mpppst.gob.ve\/mpppstweb\/#website","url":"https:\/\/www.mpppst.gob.ve\/mpppstweb\/","name":"MPPPST","description":"Ministerio del Poder Popular para el Proceso Social de Trabajo","publisher":{"@id":"https:\/\/www.mpppst.gob.ve\/mpppstweb\/#organization"},"potentialAction":[{"@type":"SearchAction","target":{"@type":"EntryPoint","urlTemplate":"https:\/\/www.mpppst.gob.ve\/mpppstweb\/?s={search_term_string}"},"query-input":"required name=search_term_string"}],"inLanguage":"es"},{"@type":"Organization","@id":"https:\/\/www.mpppst.gob.ve\/mpppstweb\/#organization","name":"mpppst","url":"https:\/\/www.mpppst.gob.ve\/mpppstweb\/","logo":{"@type":"ImageObject","inLanguage":"es","@id":"https:\/\/www.mpppst.gob.ve\/mpppstweb\/#\/schema\/logo\/image\/","url":"https:\/\/www.mpppst.gob.ve\/mpppstweb\/wp-content\/uploads\/2025\/07\/cropped-cropped-g910.png","contentUrl":"https:\/\/www.mpppst.gob.ve\/mpppstweb\/wp-content\/uploads\/2025\/07\/cropped-cropped-g910.png","width":1080,"height":241,"caption":"mpppst"},"image":{"@id":"https:\/\/www.mpppst.gob.ve\/mpppstweb\/#\/schema\/logo\/image\/"}},{"@type":"Person","@id":"https:\/\/www.mpppst.gob.ve\/mpppstweb\/#\/schema\/person\/fc187ee8ead412bd4c9304b62f900ea4","name":"MPPPST Prensa","url":"https:\/\/www.mpppst.gob.ve\/mpppstweb\/index.php\/author\/prensa-mpppst\/"}]}},"_links":{"self":[{"href":"https:\/\/www.mpppst.gob.ve\/mpppstweb\/index.php\/wp-json\/wp\/v2\/posts\/23894"}],"collection":[{"href":"https:\/\/www.mpppst.gob.ve\/mpppstweb\/index.php\/wp-json\/wp\/v2\/posts"}],"about":[{"href":"https:\/\/www.mpppst.gob.ve\/mpppstweb\/index.php\/wp-json\/wp\/v2\/types\/post"}],"author":[{"embeddable":true,"href":"https:\/\/www.mpppst.gob.ve\/mpppstweb\/index.php\/wp-json\/wp\/v2\/users\/25"}],"replies":[{"embeddable":true,"href":"https:\/\/www.mpppst.gob.ve\/mpppstweb\/index.php\/wp-json\/wp\/v2\/comments?post=23894"}],"version-history":[{"count":1,"href":"https:\/\/www.mpppst.gob.ve\/mpppstweb\/index.php\/wp-json\/wp\/v2\/posts\/23894\/revisions"}],"predecessor-version":[{"id":23896,"href":"https:\/\/www.mpppst.gob.ve\/mpppstweb\/index.php\/wp-json\/wp\/v2\/posts\/23894\/revisions\/23896"}],"wp:featuredmedia":[{"embeddable":true,"href":"https:\/\/www.mpppst.gob.ve\/mpppstweb\/index.php\/wp-json\/wp\/v2\/media\/23895"}],"wp:attachment":[{"href":"https:\/\/www.mpppst.gob.ve\/mpppstweb\/index.php\/wp-json\/wp\/v2\/media?parent=23894"}],"wp:term":[{"taxonomy":"category","embeddable":true,"href":"https:\/\/www.mpppst.gob.ve\/mpppstweb\/index.php\/wp-json\/wp\/v2\/categories?post=23894"},{"taxonomy":"post_tag","embeddable":true,"href":"https:\/\/www.mpppst.gob.ve\/mpppstweb\/index.php\/wp-json\/wp\/v2\/tags?post=23894"}],"curies":[{"name":"wp","href":"https:\/\/api.w.org\/{rel}","templated":true}]}}