{"id":23924,"date":"2021-11-19T08:29:53","date_gmt":"2021-11-19T12:29:53","guid":{"rendered":"http:\/\/www.mpppst.gob.ve\/mpppstweb\/?p=23924"},"modified":"2021-11-19T08:29:53","modified_gmt":"2021-11-19T12:29:53","slug":"presidente-maduro-despues-del-21n-vamos-a-un-proceso-de-reunificacion-y-acercamiento-de-los-venezolanos","status":"publish","type":"post","link":"https:\/\/www.mpppst.gob.ve\/mpppstweb\/index.php\/2021\/11\/19\/presidente-maduro-despues-del-21n-vamos-a-un-proceso-de-reunificacion-y-acercamiento-de-los-venezolanos\/","title":{"rendered":"Presidente Maduro: Despu\u00e9s del 21N vamos a un proceso de reunificaci\u00f3n y acercamiento de los venezolanos"},"content":{"rendered":"\n<p>Este jueves, el presidente de la Rep\u00fablica, Nicol\u00e1s Maduro, a trav\u00e9s de un contacto telef\u00f3nico con un programa especial de cierre de campa\u00f1a de las Megaelecciones del 21 de noviembre, transmitido por Venezolana de Televisi\u00f3n (VTV), destac\u00f3 que se han ganado espacios para la convivencia.<\/p>\n\n\n\n<p>\u201cSe han ganado espacios para la convivencia, para el reencuentro, despu\u00e9s del 21 de noviembre, vamos a un proceso de reunificaci\u00f3n, de perd\u00f3n, de acercamiento de las y los venezolanos\u201d, dijo.<\/p>\n\n\n\n<p>Recalc\u00f3 que luego de las Megaelecciones, \u201chabr\u00e1 paz, uni\u00f3n y amor patri\u00f3tico entre todos los venezolanos, vino un clima de paz, de plena libertades para la campa\u00f1a, la paz que tenemos es construida a pulso y con esfuerzo, la democracia y la estabilidad nos la hemos ganado\u201d.<\/p>\n\n\n\n<p>\u201cHagamos respetar a nuestro pa\u00eds ejerciendo la democracia, salgamos a votar todos y todas el pr\u00f3ximo domingo\u201d, dijo el Jefe de Estado, al tiempo que agreg\u00f3 que este 21 de noviembre se ratifica el cronograma constitucional electoral venezolano, que \u201cse ha cumplido de manera impecable\u201d.<\/p>\n\n\n\n<p>Cabe mencionar que este jueves se llev\u00f3 a cabo el cierre de campa\u00f1a de cara a Megaelecciones que se realizar\u00e1n el domingo 21 de noviembre, donde se elegir\u00e1n a Alcaldes y Gobernadores.&nbsp;<\/p>\n","protected":false},"excerpt":{"rendered":"<p>Este jueves, el presidente de la Rep\u00fablica, Nicol\u00e1s Maduro, a trav\u00e9s de un contacto telef\u00f3nico con &hellip; <a title=\"Presidente Maduro: Despu\u00e9s del 21N vamos a un proceso de reunificaci\u00f3n y acercamiento de los venezolanos\" class=\"hm-read-more\" href=\"https:\/\/www.mpppst.gob.ve\/mpppstweb\/index.php\/2021\/11\/19\/presidente-maduro-despues-del-21n-vamos-a-un-proceso-de-reunificacion-y-acercamiento-de-los-venezolanos\/\"><span class=\"screen-reader-text\">Presidente Maduro: Despu\u00e9s del 21N vamos a un proceso de reunificaci\u00f3n y acercamiento de los venezolanos<\/span>Read more<\/a><\/p>\n","protected":false},"author":25,"featured_media":23925,"comment_status":"closed","ping_status":"closed","sticky":false,"template":"","format":"standard","meta":{"footnotes":""},"categories":[82,163],"tags":[],"yoast_head":"<!-- This site is optimized with the Yoast SEO plugin v22.5 - https:\/\/yoast.com\/wordpress\/plugins\/seo\/ -->\n<title>Presidente Maduro: Despu\u00e9s del 21N vamos a un proceso de reunificaci\u00f3n y acercamiento de los venezolanos - MPPPST<\/title>\n<meta name=\"robots\" content=\"index, follow, max-snippet:-1, max-image-preview:large, max-video-preview:-1\" \/>\n<link rel=\"canonical\" href=\"https:\/\/www.mpppst.gob.ve\/mpppstweb\/index.php\/2021\/11\/19\/presidente-maduro-despues-del-21n-vamos-a-un-proceso-de-reunificacion-y-acercamiento-de-los-venezolanos\/\" \/>\n<meta property=\"og:locale\" content=\"es_ES\" \/>\n<meta property=\"og:type\" content=\"article\" \/>\n<meta property=\"og:title\" content=\"Presidente Maduro: Despu\u00e9s del 21N vamos a un proceso de reunificaci\u00f3n y acercamiento de los venezolanos - MPPPST\" \/>\n<meta property=\"og:description\" content=\"Este jueves, el presidente de la Rep\u00fablica, Nicol\u00e1s Maduro, a trav\u00e9s de un contacto telef\u00f3nico con &hellip; Presidente Maduro: Despu\u00e9s del 21N vamos a un proceso de reunificaci\u00f3n y acercamiento de los venezolanosRead more\" \/>\n<meta property=\"og:url\" content=\"https:\/\/www.mpppst.gob.ve\/mpppstweb\/index.php\/2021\/11\/19\/presidente-maduro-despues-del-21n-vamos-a-un-proceso-de-reunificacion-y-acercamiento-de-los-venezolanos\/\" \/>\n<meta property=\"og:site_name\" content=\"MPPPST\" \/>\n<meta property=\"article:published_time\" content=\"2021-11-19T12:29:53+00:00\" \/>\n<meta property=\"og:image\" content=\"https:\/\/www.mpppst.gob.ve\/mpppstweb\/wp-content\/uploads\/2021\/11\/GENTE-768x427-1.png\" \/>\n\t<meta property=\"og:image:width\" content=\"768\" \/>\n\t<meta property=\"og:image:height\" content=\"427\" \/>\n\t<meta property=\"og:image:type\" content=\"image\/png\" \/>\n<meta name=\"author\" content=\"MPPPST Prensa\" \/>\n<meta name=\"twitter:card\" content=\"summary_large_image\" \/>\n<meta name=\"twitter:label1\" content=\"Escrito por\" \/>\n\t<meta name=\"twitter:data1\" content=\"MPPPST Prensa\" \/>\n\t<meta name=\"twitter:label2\" content=\"Tiempo de lectura\" \/>\n\t<meta name=\"twitter:data2\" content=\"1 minuto\" \/>\n<script type=\"application\/ld+json\" class=\"yoast-schema-graph\">{\"@context\":\"https:\/\/schema.org\",\"@graph\":[{\"@type\":\"Article\",\"@id\":\"https:\/\/www.mpppst.gob.ve\/mpppstweb\/index.php\/2021\/11\/19\/presidente-maduro-despues-del-21n-vamos-a-un-proceso-de-reunificacion-y-acercamiento-de-los-venezolanos\/#article\",\"isPartOf\":{\"@id\":\"https:\/\/www.mpppst.gob.ve\/mpppstweb\/index.php\/2021\/11\/19\/presidente-maduro-despues-del-21n-vamos-a-un-proceso-de-reunificacion-y-acercamiento-de-los-venezolanos\/\"},\"author\":{\"name\":\"MPPPST Prensa\",\"@id\":\"https:\/\/www.mpppst.gob.ve\/mpppstweb\/#\/schema\/person\/fc187ee8ead412bd4c9304b62f900ea4\"},\"headline\":\"Presidente Maduro: Despu\u00e9s del 21N vamos a un proceso de reunificaci\u00f3n y acercamiento de los venezolanos\",\"datePublished\":\"2021-11-19T12:29:53+00:00\",\"dateModified\":\"2021-11-19T12:29:53+00:00\",\"mainEntityOfPage\":{\"@id\":\"https:\/\/www.mpppst.gob.ve\/mpppstweb\/index.php\/2021\/11\/19\/presidente-maduro-despues-del-21n-vamos-a-un-proceso-de-reunificacion-y-acercamiento-de-los-venezolanos\/\"},\"wordCount\":232,\"publisher\":{\"@id\":\"https:\/\/www.mpppst.gob.ve\/mpppstweb\/#organization\"},\"image\":{\"@id\":\"https:\/\/www.mpppst.gob.ve\/mpppstweb\/index.php\/2021\/11\/19\/presidente-maduro-despues-del-21n-vamos-a-un-proceso-de-reunificacion-y-acercamiento-de-los-venezolanos\/#primaryimage\"},\"thumbnailUrl\":\"https:\/\/www.mpppst.gob.ve\/mpppstweb\/wp-content\/uploads\/2021\/11\/GENTE-768x427-1.png\",\"articleSection\":[\"Gobierno Nacional\",\"Noticias\"],\"inLanguage\":\"es\"},{\"@type\":\"WebPage\",\"@id\":\"https:\/\/www.mpppst.gob.ve\/mpppstweb\/index.php\/2021\/11\/19\/presidente-maduro-despues-del-21n-vamos-a-un-proceso-de-reunificacion-y-acercamiento-de-los-venezolanos\/\",\"url\":\"https:\/\/www.mpppst.gob.ve\/mpppstweb\/index.php\/2021\/11\/19\/presidente-maduro-despues-del-21n-vamos-a-un-proceso-de-reunificacion-y-acercamiento-de-los-venezolanos\/\",\"name\":\"Presidente Maduro: Despu\u00e9s del 21N vamos a un proceso de reunificaci\u00f3n y acercamiento de los venezolanos - MPPPST\",\"isPartOf\":{\"@id\":\"https:\/\/www.mpppst.gob.ve\/mpppstweb\/#website\"},\"primaryImageOfPage\":{\"@id\":\"https:\/\/www.mpppst.gob.ve\/mpppstweb\/index.php\/2021\/11\/19\/presidente-maduro-despues-del-21n-vamos-a-un-proceso-de-reunificacion-y-acercamiento-de-los-venezolanos\/#primaryimage\"},\"image\":{\"@id\":\"https:\/\/www.mpppst.gob.ve\/mpppstweb\/index.php\/2021\/11\/19\/presidente-maduro-despues-del-21n-vamos-a-un-proceso-de-reunificacion-y-acercamiento-de-los-venezolanos\/#primaryimage\"},\"thumbnailUrl\":\"https:\/\/www.mpppst.gob.ve\/mpppstweb\/wp-content\/uploads\/2021\/11\/GENTE-768x427-1.png\",\"datePublished\":\"2021-11-19T12:29:53+00:00\",\"dateModified\":\"2021-11-19T12:29:53+00:00\",\"breadcrumb\":{\"@id\":\"https:\/\/www.mpppst.gob.ve\/mpppstweb\/index.php\/2021\/11\/19\/presidente-maduro-despues-del-21n-vamos-a-un-proceso-de-reunificacion-y-acercamiento-de-los-venezolanos\/#breadcrumb\"},\"inLanguage\":\"es\",\"potentialAction\":[{\"@type\":\"ReadAction\",\"target\":[\"https:\/\/www.mpppst.gob.ve\/mpppstweb\/index.php\/2021\/11\/19\/presidente-maduro-despues-del-21n-vamos-a-un-proceso-de-reunificacion-y-acercamiento-de-los-venezolanos\/\"]}]},{\"@type\":\"ImageObject\",\"inLanguage\":\"es\",\"@id\":\"https:\/\/www.mpppst.gob.ve\/mpppstweb\/index.php\/2021\/11\/19\/presidente-maduro-despues-del-21n-vamos-a-un-proceso-de-reunificacion-y-acercamiento-de-los-venezolanos\/#primaryimage\",\"url\":\"https:\/\/www.mpppst.gob.ve\/mpppstweb\/wp-content\/uploads\/2021\/11\/GENTE-768x427-1.png\",\"contentUrl\":\"https:\/\/www.mpppst.gob.ve\/mpppstweb\/wp-content\/uploads\/2021\/11\/GENTE-768x427-1.png\",\"width\":768,\"height\":427},{\"@type\":\"BreadcrumbList\",\"@id\":\"https:\/\/www.mpppst.gob.ve\/mpppstweb\/index.php\/2021\/11\/19\/presidente-maduro-despues-del-21n-vamos-a-un-proceso-de-reunificacion-y-acercamiento-de-los-venezolanos\/#breadcrumb\",\"itemListElement\":[{\"@type\":\"ListItem\",\"position\":1,\"name\":\"Home\",\"item\":\"https:\/\/www.mpppst.gob.ve\/mpppstweb\/\"},{\"@type\":\"ListItem\",\"position\":2,\"name\":\"Presidente Maduro: Despu\u00e9s del 21N vamos a un proceso de reunificaci\u00f3n y acercamiento de los venezolanos\"}]},{\"@type\":\"WebSite\",\"@id\":\"https:\/\/www.mpppst.gob.ve\/mpppstweb\/#website\",\"url\":\"https:\/\/www.mpppst.gob.ve\/mpppstweb\/\",\"name\":\"MPPPST\",\"description\":\"Ministerio del Poder Popular para el Proceso Social de Trabajo\",\"publisher\":{\"@id\":\"https:\/\/www.mpppst.gob.ve\/mpppstweb\/#organization\"},\"potentialAction\":[{\"@type\":\"SearchAction\",\"target\":{\"@type\":\"EntryPoint\",\"urlTemplate\":\"https:\/\/www.mpppst.gob.ve\/mpppstweb\/?s={search_term_string}\"},\"query-input\":\"required name=search_term_string\"}],\"inLanguage\":\"es\"},{\"@type\":\"Organization\",\"@id\":\"https:\/\/www.mpppst.gob.ve\/mpppstweb\/#organization\",\"name\":\"mpppst\",\"url\":\"https:\/\/www.mpppst.gob.ve\/mpppstweb\/\",\"logo\":{\"@type\":\"ImageObject\",\"inLanguage\":\"es\",\"@id\":\"https:\/\/www.mpppst.gob.ve\/mpppstweb\/#\/schema\/logo\/image\/\",\"url\":\"https:\/\/www.mpppst.gob.ve\/mpppstweb\/wp-content\/uploads\/2025\/07\/cropped-cropped-g910.png\",\"contentUrl\":\"https:\/\/www.mpppst.gob.ve\/mpppstweb\/wp-content\/uploads\/2025\/07\/cropped-cropped-g910.png\",\"width\":1080,\"height\":241,\"caption\":\"mpppst\"},\"image\":{\"@id\":\"https:\/\/www.mpppst.gob.ve\/mpppstweb\/#\/schema\/logo\/image\/\"}},{\"@type\":\"Person\",\"@id\":\"https:\/\/www.mpppst.gob.ve\/mpppstweb\/#\/schema\/person\/fc187ee8ead412bd4c9304b62f900ea4\",\"name\":\"MPPPST Prensa\",\"url\":\"https:\/\/www.mpppst.gob.ve\/mpppstweb\/index.php\/author\/prensa-mpppst\/\"}]}<\/script>\n<!-- \/ Yoast SEO plugin. -->","yoast_head_json":{"title":"Presidente Maduro: Despu\u00e9s del 21N vamos a un proceso de reunificaci\u00f3n y acercamiento de los venezolanos - MPPPST","robots":{"index":"index","follow":"follow","max-snippet":"max-snippet:-1","max-image-preview":"max-image-preview:large","max-video-preview":"max-video-preview:-1"},"canonical":"https:\/\/www.mpppst.gob.ve\/mpppstweb\/index.php\/2021\/11\/19\/presidente-maduro-despues-del-21n-vamos-a-un-proceso-de-reunificacion-y-acercamiento-de-los-venezolanos\/","og_locale":"es_ES","og_type":"article","og_title":"Presidente Maduro: Despu\u00e9s del 21N vamos a un proceso de reunificaci\u00f3n y acercamiento de los venezolanos - MPPPST","og_description":"Este jueves, el presidente de la Rep\u00fablica, Nicol\u00e1s Maduro, a trav\u00e9s de un contacto telef\u00f3nico con &hellip; Presidente Maduro: Despu\u00e9s del 21N vamos a un proceso de reunificaci\u00f3n y acercamiento de los venezolanosRead more","og_url":"https:\/\/www.mpppst.gob.ve\/mpppstweb\/index.php\/2021\/11\/19\/presidente-maduro-despues-del-21n-vamos-a-un-proceso-de-reunificacion-y-acercamiento-de-los-venezolanos\/","og_site_name":"MPPPST","article_published_time":"2021-11-19T12:29:53+00:00","og_image":[{"width":768,"height":427,"url":"https:\/\/www.mpppst.gob.ve\/mpppstweb\/wp-content\/uploads\/2021\/11\/GENTE-768x427-1.png","type":"image\/png"}],"author":"MPPPST Prensa","twitter_card":"summary_large_image","twitter_misc":{"Escrito por":"MPPPST Prensa","Tiempo de lectura":"1 minuto"},"schema":{"@context":"https:\/\/schema.org","@graph":[{"@type":"Article","@id":"https:\/\/www.mpppst.gob.ve\/mpppstweb\/index.php\/2021\/11\/19\/presidente-maduro-despues-del-21n-vamos-a-un-proceso-de-reunificacion-y-acercamiento-de-los-venezolanos\/#article","isPartOf":{"@id":"https:\/\/www.mpppst.gob.ve\/mpppstweb\/index.php\/2021\/11\/19\/presidente-maduro-despues-del-21n-vamos-a-un-proceso-de-reunificacion-y-acercamiento-de-los-venezolanos\/"},"author":{"name":"MPPPST Prensa","@id":"https:\/\/www.mpppst.gob.ve\/mpppstweb\/#\/schema\/person\/fc187ee8ead412bd4c9304b62f900ea4"},"headline":"Presidente Maduro: Despu\u00e9s del 21N vamos a un proceso de reunificaci\u00f3n y acercamiento de los venezolanos","datePublished":"2021-11-19T12:29:53+00:00","dateModified":"2021-11-19T12:29:53+00:00","mainEntityOfPage":{"@id":"https:\/\/www.mpppst.gob.ve\/mpppstweb\/index.php\/2021\/11\/19\/presidente-maduro-despues-del-21n-vamos-a-un-proceso-de-reunificacion-y-acercamiento-de-los-venezolanos\/"},"wordCount":232,"publisher":{"@id":"https:\/\/www.mpppst.gob.ve\/mpppstweb\/#organization"},"image":{"@id":"https:\/\/www.mpppst.gob.ve\/mpppstweb\/index.php\/2021\/11\/19\/presidente-maduro-despues-del-21n-vamos-a-un-proceso-de-reunificacion-y-acercamiento-de-los-venezolanos\/#primaryimage"},"thumbnailUrl":"https:\/\/www.mpppst.gob.ve\/mpppstweb\/wp-content\/uploads\/2021\/11\/GENTE-768x427-1.png","articleSection":["Gobierno Nacional","Noticias"],"inLanguage":"es"},{"@type":"WebPage","@id":"https:\/\/www.mpppst.gob.ve\/mpppstweb\/index.php\/2021\/11\/19\/presidente-maduro-despues-del-21n-vamos-a-un-proceso-de-reunificacion-y-acercamiento-de-los-venezolanos\/","url":"https:\/\/www.mpppst.gob.ve\/mpppstweb\/index.php\/2021\/11\/19\/presidente-maduro-despues-del-21n-vamos-a-un-proceso-de-reunificacion-y-acercamiento-de-los-venezolanos\/","name":"Presidente Maduro: Despu\u00e9s del 21N vamos a un proceso de reunificaci\u00f3n y acercamiento de los venezolanos - MPPPST","isPartOf":{"@id":"https:\/\/www.mpppst.gob.ve\/mpppstweb\/#website"},"primaryImageOfPage":{"@id":"https:\/\/www.mpppst.gob.ve\/mpppstweb\/index.php\/2021\/11\/19\/presidente-maduro-despues-del-21n-vamos-a-un-proceso-de-reunificacion-y-acercamiento-de-los-venezolanos\/#primaryimage"},"image":{"@id":"https:\/\/www.mpppst.gob.ve\/mpppstweb\/index.php\/2021\/11\/19\/presidente-maduro-despues-del-21n-vamos-a-un-proceso-de-reunificacion-y-acercamiento-de-los-venezolanos\/#primaryimage"},"thumbnailUrl":"https:\/\/www.mpppst.gob.ve\/mpppstweb\/wp-content\/uploads\/2021\/11\/GENTE-768x427-1.png","datePublished":"2021-11-19T12:29:53+00:00","dateModified":"2021-11-19T12:29:53+00:00","breadcrumb":{"@id":"https:\/\/www.mpppst.gob.ve\/mpppstweb\/index.php\/2021\/11\/19\/presidente-maduro-despues-del-21n-vamos-a-un-proceso-de-reunificacion-y-acercamiento-de-los-venezolanos\/#breadcrumb"},"inLanguage":"es","potentialAction":[{"@type":"ReadAction","target":["https:\/\/www.mpppst.gob.ve\/mpppstweb\/index.php\/2021\/11\/19\/presidente-maduro-despues-del-21n-vamos-a-un-proceso-de-reunificacion-y-acercamiento-de-los-venezolanos\/"]}]},{"@type":"ImageObject","inLanguage":"es","@id":"https:\/\/www.mpppst.gob.ve\/mpppstweb\/index.php\/2021\/11\/19\/presidente-maduro-despues-del-21n-vamos-a-un-proceso-de-reunificacion-y-acercamiento-de-los-venezolanos\/#primaryimage","url":"https:\/\/www.mpppst.gob.ve\/mpppstweb\/wp-content\/uploads\/2021\/11\/GENTE-768x427-1.png","contentUrl":"https:\/\/www.mpppst.gob.ve\/mpppstweb\/wp-content\/uploads\/2021\/11\/GENTE-768x427-1.png","width":768,"height":427},{"@type":"BreadcrumbList","@id":"https:\/\/www.mpppst.gob.ve\/mpppstweb\/index.php\/2021\/11\/19\/presidente-maduro-despues-del-21n-vamos-a-un-proceso-de-reunificacion-y-acercamiento-de-los-venezolanos\/#breadcrumb","itemListElement":[{"@type":"ListItem","position":1,"name":"Home","item":"https:\/\/www.mpppst.gob.ve\/mpppstweb\/"},{"@type":"ListItem","position":2,"name":"Presidente Maduro: Despu\u00e9s del 21N vamos a un proceso de reunificaci\u00f3n y acercamiento de los venezolanos"}]},{"@type":"WebSite","@id":"https:\/\/www.mpppst.gob.ve\/mpppstweb\/#website","url":"https:\/\/www.mpppst.gob.ve\/mpppstweb\/","name":"MPPPST","description":"Ministerio del Poder Popular para el Proceso Social de Trabajo","publisher":{"@id":"https:\/\/www.mpppst.gob.ve\/mpppstweb\/#organization"},"potentialAction":[{"@type":"SearchAction","target":{"@type":"EntryPoint","urlTemplate":"https:\/\/www.mpppst.gob.ve\/mpppstweb\/?s={search_term_string}"},"query-input":"required name=search_term_string"}],"inLanguage":"es"},{"@type":"Organization","@id":"https:\/\/www.mpppst.gob.ve\/mpppstweb\/#organization","name":"mpppst","url":"https:\/\/www.mpppst.gob.ve\/mpppstweb\/","logo":{"@type":"ImageObject","inLanguage":"es","@id":"https:\/\/www.mpppst.gob.ve\/mpppstweb\/#\/schema\/logo\/image\/","url":"https:\/\/www.mpppst.gob.ve\/mpppstweb\/wp-content\/uploads\/2025\/07\/cropped-cropped-g910.png","contentUrl":"https:\/\/www.mpppst.gob.ve\/mpppstweb\/wp-content\/uploads\/2025\/07\/cropped-cropped-g910.png","width":1080,"height":241,"caption":"mpppst"},"image":{"@id":"https:\/\/www.mpppst.gob.ve\/mpppstweb\/#\/schema\/logo\/image\/"}},{"@type":"Person","@id":"https:\/\/www.mpppst.gob.ve\/mpppstweb\/#\/schema\/person\/fc187ee8ead412bd4c9304b62f900ea4","name":"MPPPST Prensa","url":"https:\/\/www.mpppst.gob.ve\/mpppstweb\/index.php\/author\/prensa-mpppst\/"}]}},"_links":{"self":[{"href":"https:\/\/www.mpppst.gob.ve\/mpppstweb\/index.php\/wp-json\/wp\/v2\/posts\/23924"}],"collection":[{"href":"https:\/\/www.mpppst.gob.ve\/mpppstweb\/index.php\/wp-json\/wp\/v2\/posts"}],"about":[{"href":"https:\/\/www.mpppst.gob.ve\/mpppstweb\/index.php\/wp-json\/wp\/v2\/types\/post"}],"author":[{"embeddable":true,"href":"https:\/\/www.mpppst.gob.ve\/mpppstweb\/index.php\/wp-json\/wp\/v2\/users\/25"}],"replies":[{"embeddable":true,"href":"https:\/\/www.mpppst.gob.ve\/mpppstweb\/index.php\/wp-json\/wp\/v2\/comments?post=23924"}],"version-history":[{"count":1,"href":"https:\/\/www.mpppst.gob.ve\/mpppstweb\/index.php\/wp-json\/wp\/v2\/posts\/23924\/revisions"}],"predecessor-version":[{"id":23926,"href":"https:\/\/www.mpppst.gob.ve\/mpppstweb\/index.php\/wp-json\/wp\/v2\/posts\/23924\/revisions\/23926"}],"wp:featuredmedia":[{"embeddable":true,"href":"https:\/\/www.mpppst.gob.ve\/mpppstweb\/index.php\/wp-json\/wp\/v2\/media\/23925"}],"wp:attachment":[{"href":"https:\/\/www.mpppst.gob.ve\/mpppstweb\/index.php\/wp-json\/wp\/v2\/media?parent=23924"}],"wp:term":[{"taxonomy":"category","embeddable":true,"href":"https:\/\/www.mpppst.gob.ve\/mpppstweb\/index.php\/wp-json\/wp\/v2\/categories?post=23924"},{"taxonomy":"post_tag","embeddable":true,"href":"https:\/\/www.mpppst.gob.ve\/mpppstweb\/index.php\/wp-json\/wp\/v2\/tags?post=23924"}],"curies":[{"name":"wp","href":"https:\/\/api.w.org\/{rel}","templated":true}]}}