{"id":23927,"date":"2021-11-19T08:33:26","date_gmt":"2021-11-19T12:33:26","guid":{"rendered":"http:\/\/www.mpppst.gob.ve\/mpppstweb\/?p=23927"},"modified":"2021-11-19T08:33:27","modified_gmt":"2021-11-19T12:33:27","slug":"venezuela-recibira-vuelos-de-carga-en-aeropuerto-internacional-que-se-construye-en-base-aerea-libertador","status":"publish","type":"post","link":"https:\/\/www.mpppst.gob.ve\/mpppstweb\/index.php\/2021\/11\/19\/venezuela-recibira-vuelos-de-carga-en-aeropuerto-internacional-que-se-construye-en-base-aerea-libertador\/","title":{"rendered":"Venezuela recibir\u00e1 vuelos de carga en aeropuerto internacional que se construye en Base A\u00e9rea Libertador"},"content":{"rendered":"\n<p>El pr\u00f3ximo 27 de noviembre, se recibir\u00e1 por primera vez un vuelo de carga desde el exterior en la<em><strong><a href=\"https:\/\/twitter.com\/BAEL_AMB\" target=\"_blank\" rel=\"noreferrer noopener\">&nbsp;Base A\u00e9rea Libertador,<\/a><\/strong><\/em>&nbsp;del estado Aragua, donde se construye el&nbsp;<strong><em>Aeropuerto Internacional General en Jefe Jos\u00e9 Felix Ribas.<\/em><\/strong><\/p>\n\n\n\n<p>As\u00ed lo inform\u00f3 el viceministro de Transporte A\u00e9reo,&nbsp;<a href=\"https:\/\/twitter.com\/rvaraguayan\" target=\"_blank\" rel=\"noreferrer noopener\"><em><strong>Ram\u00f3n Vel\u00e1squez Araguay\u00e1n<\/strong><\/em>,<\/a>&nbsp;al destacar que Venezuela, con esta nueva instalaci\u00f3n a\u00e9rea, lograr\u00e1 recibir aviones de carga de hasta 90 toneladas en Aragua.<\/p>\n\n\n\n<p>\u201cSe va a permitir el desarrollo de los temas importantes de importaci\u00f3n y exportaci\u00f3n, es un n\u00facleo de desarrollo integral que se va a direccionar en una primera etapa desde la Base A\u00e9rea Libertador, para la exportaci\u00f3n de productos originarios de Venezuela\u201d, dijo, en un video publicado en su cuenta de la red social Twitter&nbsp;<strong><em>@rvaraguayan<\/em><\/strong>.<\/p>\n\n\n\n<figure><iframe allowfullscreen=\"true\" class=\"\" src=\"https:\/\/platform.twitter.com\/embed\/Tweet.html?creatorScreenName=VTVcanal8&amp;dnt=false&amp;embedId=twitter-widget-0&amp;features=eyJ0ZndfZXhwZXJpbWVudHNfY29va2llX2V4cGlyYXRpb24iOnsiYnVja2V0IjoxMjA5NjAwLCJ2ZXJzaW9uIjpudWxsfSwidGZ3X2hvcml6b25fdHdlZXRfZW1iZWRfOTU1NSI6eyJidWNrZXQiOiJodGUiLCJ2ZXJzaW9uIjpudWxsfSwidGZ3X3NwYWNlX2NhcmQiOnsiYnVja2V0Ijoib2ZmIiwidmVyc2lvbiI6bnVsbH19&amp;frame=false&amp;hideCard=false&amp;hideThread=false&amp;id=1461462642992812035&amp;lang=es&amp;origin=https%3A%2F%2Fwww.vtv.gob.ve%2Fvenezuela-aeropuerto-internacional-base-aerea-libertador%2F&amp;sessionId=b0a2d5a4c2ddc9d1ed4c0d21ac573e0d79292484&amp;siteScreenName=VTVcanal8&amp;theme=light&amp;widgetsVersion=f001879%3A1634581029404&amp;width=550px\"><\/iframe><\/figure>\n\n\n\n<p>Araguay\u00e1n ofreci\u00f3 estas declaraciones durante una inspecci\u00f3n realizada junto al ministro del Poder Popular para el Transporte,&nbsp;<a href=\"https:\/\/twitter.com\/HAbreuMRT\" target=\"_blank\" rel=\"noreferrer noopener\"><em><strong>Hip\u00f3lito Abreu<\/strong><\/em>,<\/a>&nbsp;en el banco de motores de la&nbsp;<strong>Empresa Aeron\u00e1utica Nacional (Eansa)<\/strong>, ubicado en esta base militar.<\/p>\n\n\n\n<p>Ambos funcionarios constataron la operatividad que garantizan los trabajadores venezolanos en estas instalaciones. \u201cEs gratificante ver c\u00f3mo ingenieros venezolanos garantizan el nivel de operatividad de los motores F-100\u201d, escribi\u00f3 el Viceministro.<\/p>\n\n\n\n<p>Junto al ministro Abreu, el tambi\u00e9n presidente de Conviasa inform\u00f3 que recorrieron las instalaciones y supervisaron el funcionamiento del Centro Mecanizado para la fabricaci\u00f3n de piezas aeron\u00e1uticas e industriales.<\/p>\n\n\n\n<p>El Viceministro se\u00f1al\u00f3 que este centro de producci\u00f3n aeron\u00e1utica, es donde se realiza el acondicionamiento y adaptaci\u00f3n de las partes o equipos aeron\u00e1uticos. \u201cEst\u00e1 capacitado para prestar servicio a la industria civil con mano de obra venezolana\u201d, confirm\u00f3.<\/p>\n\n\n\n<figure><iframe allowfullscreen=\"true\" class=\"\" src=\"https:\/\/platform.twitter.com\/embed\/Tweet.html?creatorScreenName=VTVcanal8&amp;dnt=false&amp;embedId=twitter-widget-1&amp;features=eyJ0ZndfZXhwZXJpbWVudHNfY29va2llX2V4cGlyYXRpb24iOnsiYnVja2V0IjoxMjA5NjAwLCJ2ZXJzaW9uIjpudWxsfSwidGZ3X2hvcml6b25fdHdlZXRfZW1iZWRfOTU1NSI6eyJidWNrZXQiOiJodGUiLCJ2ZXJzaW9uIjpudWxsfSwidGZ3X3NwYWNlX2NhcmQiOnsiYnVja2V0Ijoib2ZmIiwidmVyc2lvbiI6bnVsbH19&amp;frame=false&amp;hideCard=false&amp;hideThread=false&amp;id=1461377998704287744&amp;lang=es&amp;origin=https%3A%2F%2Fwww.vtv.gob.ve%2Fvenezuela-aeropuerto-internacional-base-aerea-libertador%2F&amp;sessionId=b0a2d5a4c2ddc9d1ed4c0d21ac573e0d79292484&amp;siteScreenName=VTVcanal8&amp;theme=light&amp;widgetsVersion=f001879%3A1634581029404&amp;width=550px\"><\/iframe><\/figure>\n\n\n\n<figure><iframe allowfullscreen=\"true\" class=\"\" src=\"https:\/\/platform.twitter.com\/embed\/Tweet.html?creatorScreenName=VTVcanal8&amp;dnt=false&amp;embedId=twitter-widget-2&amp;features=eyJ0ZndfZXhwZXJpbWVudHNfY29va2llX2V4cGlyYXRpb24iOnsiYnVja2V0IjoxMjA5NjAwLCJ2ZXJzaW9uIjpudWxsfSwidGZ3X2hvcml6b25fdHdlZXRfZW1iZWRfOTU1NSI6eyJidWNrZXQiOiJodGUiLCJ2ZXJzaW9uIjpudWxsfSwidGZ3X3NwYWNlX2NhcmQiOnsiYnVja2V0Ijoib2ZmIiwidmVyc2lvbiI6bnVsbH19&amp;frame=false&amp;hideCard=false&amp;hideThread=false&amp;id=1461444407618592778&amp;lang=es&amp;origin=https%3A%2F%2Fwww.vtv.gob.ve%2Fvenezuela-aeropuerto-internacional-base-aerea-libertador%2F&amp;sessionId=b0a2d5a4c2ddc9d1ed4c0d21ac573e0d79292484&amp;siteScreenName=VTVcanal8&amp;theme=light&amp;widgetsVersion=f001879%3A1634581029404&amp;width=550px\"><\/iframe><\/figure>\n","protected":false},"excerpt":{"rendered":"<p>El pr\u00f3ximo 27 de noviembre, se recibir\u00e1 por primera vez un vuelo de carga desde el &hellip; <a title=\"Venezuela recibir\u00e1 vuelos de carga en aeropuerto internacional que se construye en Base A\u00e9rea Libertador\" class=\"hm-read-more\" href=\"https:\/\/www.mpppst.gob.ve\/mpppstweb\/index.php\/2021\/11\/19\/venezuela-recibira-vuelos-de-carga-en-aeropuerto-internacional-que-se-construye-en-base-aerea-libertador\/\"><span class=\"screen-reader-text\">Venezuela recibir\u00e1 vuelos de carga en aeropuerto internacional que se construye en Base A\u00e9rea Libertador<\/span>Read more<\/a><\/p>\n","protected":false},"author":25,"featured_media":23928,"comment_status":"closed","ping_status":"closed","sticky":false,"template":"","format":"standard","meta":{"footnotes":""},"categories":[288,82,163],"tags":[],"yoast_head":"<!-- This site is optimized with the Yoast SEO plugin v22.5 - https:\/\/yoast.com\/wordpress\/plugins\/seo\/ -->\n<title>Venezuela recibir\u00e1 vuelos de carga en aeropuerto internacional que se construye en Base A\u00e9rea Libertador - MPPPST<\/title>\n<meta name=\"robots\" content=\"index, follow, max-snippet:-1, max-image-preview:large, max-video-preview:-1\" \/>\n<link rel=\"canonical\" href=\"https:\/\/www.mpppst.gob.ve\/mpppstweb\/index.php\/2021\/11\/19\/venezuela-recibira-vuelos-de-carga-en-aeropuerto-internacional-que-se-construye-en-base-aerea-libertador\/\" \/>\n<meta property=\"og:locale\" content=\"es_ES\" \/>\n<meta property=\"og:type\" content=\"article\" \/>\n<meta property=\"og:title\" content=\"Venezuela recibir\u00e1 vuelos de carga en aeropuerto internacional que se construye en Base A\u00e9rea Libertador - MPPPST\" \/>\n<meta property=\"og:description\" content=\"El pr\u00f3ximo 27 de noviembre, se recibir\u00e1 por primera vez un vuelo de carga desde el &hellip; Venezuela recibir\u00e1 vuelos de carga en aeropuerto internacional que se construye en Base A\u00e9rea LibertadorRead more\" \/>\n<meta property=\"og:url\" content=\"https:\/\/www.mpppst.gob.ve\/mpppstweb\/index.php\/2021\/11\/19\/venezuela-recibira-vuelos-de-carga-en-aeropuerto-internacional-que-se-construye-en-base-aerea-libertador\/\" \/>\n<meta property=\"og:site_name\" content=\"MPPPST\" \/>\n<meta property=\"article:published_time\" content=\"2021-11-19T12:33:26+00:00\" \/>\n<meta property=\"article:modified_time\" content=\"2021-11-19T12:33:27+00:00\" \/>\n<meta property=\"og:image\" content=\"https:\/\/www.mpppst.gob.ve\/mpppstweb\/wp-content\/uploads\/2021\/11\/2021-11-18-6-768x427-1.png\" \/>\n\t<meta property=\"og:image:width\" content=\"768\" \/>\n\t<meta property=\"og:image:height\" content=\"427\" \/>\n\t<meta property=\"og:image:type\" content=\"image\/png\" \/>\n<meta name=\"author\" content=\"MPPPST Prensa\" \/>\n<meta name=\"twitter:card\" content=\"summary_large_image\" \/>\n<meta name=\"twitter:label1\" content=\"Escrito por\" \/>\n\t<meta name=\"twitter:data1\" content=\"MPPPST Prensa\" \/>\n\t<meta name=\"twitter:label2\" content=\"Tiempo de lectura\" \/>\n\t<meta name=\"twitter:data2\" content=\"1 minuto\" \/>\n<script type=\"application\/ld+json\" class=\"yoast-schema-graph\">{\"@context\":\"https:\/\/schema.org\",\"@graph\":[{\"@type\":\"Article\",\"@id\":\"https:\/\/www.mpppst.gob.ve\/mpppstweb\/index.php\/2021\/11\/19\/venezuela-recibira-vuelos-de-carga-en-aeropuerto-internacional-que-se-construye-en-base-aerea-libertador\/#article\",\"isPartOf\":{\"@id\":\"https:\/\/www.mpppst.gob.ve\/mpppstweb\/index.php\/2021\/11\/19\/venezuela-recibira-vuelos-de-carga-en-aeropuerto-internacional-que-se-construye-en-base-aerea-libertador\/\"},\"author\":{\"name\":\"MPPPST Prensa\",\"@id\":\"https:\/\/www.mpppst.gob.ve\/mpppstweb\/#\/schema\/person\/fc187ee8ead412bd4c9304b62f900ea4\"},\"headline\":\"Venezuela recibir\u00e1 vuelos de carga en aeropuerto internacional que se construye en Base A\u00e9rea Libertador\",\"datePublished\":\"2021-11-19T12:33:26+00:00\",\"dateModified\":\"2021-11-19T12:33:27+00:00\",\"mainEntityOfPage\":{\"@id\":\"https:\/\/www.mpppst.gob.ve\/mpppstweb\/index.php\/2021\/11\/19\/venezuela-recibira-vuelos-de-carga-en-aeropuerto-internacional-que-se-construye-en-base-aerea-libertador\/\"},\"wordCount\":306,\"publisher\":{\"@id\":\"https:\/\/www.mpppst.gob.ve\/mpppstweb\/#organization\"},\"image\":{\"@id\":\"https:\/\/www.mpppst.gob.ve\/mpppstweb\/index.php\/2021\/11\/19\/venezuela-recibira-vuelos-de-carga-en-aeropuerto-internacional-que-se-construye-en-base-aerea-libertador\/#primaryimage\"},\"thumbnailUrl\":\"https:\/\/www.mpppst.gob.ve\/mpppstweb\/wp-content\/uploads\/2021\/11\/2021-11-18-6-768x427-1.png\",\"articleSection\":[\"Econom\u00eda\",\"Gobierno Nacional\",\"Noticias\"],\"inLanguage\":\"es\"},{\"@type\":\"WebPage\",\"@id\":\"https:\/\/www.mpppst.gob.ve\/mpppstweb\/index.php\/2021\/11\/19\/venezuela-recibira-vuelos-de-carga-en-aeropuerto-internacional-que-se-construye-en-base-aerea-libertador\/\",\"url\":\"https:\/\/www.mpppst.gob.ve\/mpppstweb\/index.php\/2021\/11\/19\/venezuela-recibira-vuelos-de-carga-en-aeropuerto-internacional-que-se-construye-en-base-aerea-libertador\/\",\"name\":\"Venezuela recibir\u00e1 vuelos de carga en aeropuerto internacional que se construye en Base A\u00e9rea Libertador - MPPPST\",\"isPartOf\":{\"@id\":\"https:\/\/www.mpppst.gob.ve\/mpppstweb\/#website\"},\"primaryImageOfPage\":{\"@id\":\"https:\/\/www.mpppst.gob.ve\/mpppstweb\/index.php\/2021\/11\/19\/venezuela-recibira-vuelos-de-carga-en-aeropuerto-internacional-que-se-construye-en-base-aerea-libertador\/#primaryimage\"},\"image\":{\"@id\":\"https:\/\/www.mpppst.gob.ve\/mpppstweb\/index.php\/2021\/11\/19\/venezuela-recibira-vuelos-de-carga-en-aeropuerto-internacional-que-se-construye-en-base-aerea-libertador\/#primaryimage\"},\"thumbnailUrl\":\"https:\/\/www.mpppst.gob.ve\/mpppstweb\/wp-content\/uploads\/2021\/11\/2021-11-18-6-768x427-1.png\",\"datePublished\":\"2021-11-19T12:33:26+00:00\",\"dateModified\":\"2021-11-19T12:33:27+00:00\",\"breadcrumb\":{\"@id\":\"https:\/\/www.mpppst.gob.ve\/mpppstweb\/index.php\/2021\/11\/19\/venezuela-recibira-vuelos-de-carga-en-aeropuerto-internacional-que-se-construye-en-base-aerea-libertador\/#breadcrumb\"},\"inLanguage\":\"es\",\"potentialAction\":[{\"@type\":\"ReadAction\",\"target\":[\"https:\/\/www.mpppst.gob.ve\/mpppstweb\/index.php\/2021\/11\/19\/venezuela-recibira-vuelos-de-carga-en-aeropuerto-internacional-que-se-construye-en-base-aerea-libertador\/\"]}]},{\"@type\":\"ImageObject\",\"inLanguage\":\"es\",\"@id\":\"https:\/\/www.mpppst.gob.ve\/mpppstweb\/index.php\/2021\/11\/19\/venezuela-recibira-vuelos-de-carga-en-aeropuerto-internacional-que-se-construye-en-base-aerea-libertador\/#primaryimage\",\"url\":\"https:\/\/www.mpppst.gob.ve\/mpppstweb\/wp-content\/uploads\/2021\/11\/2021-11-18-6-768x427-1.png\",\"contentUrl\":\"https:\/\/www.mpppst.gob.ve\/mpppstweb\/wp-content\/uploads\/2021\/11\/2021-11-18-6-768x427-1.png\",\"width\":768,\"height\":427},{\"@type\":\"BreadcrumbList\",\"@id\":\"https:\/\/www.mpppst.gob.ve\/mpppstweb\/index.php\/2021\/11\/19\/venezuela-recibira-vuelos-de-carga-en-aeropuerto-internacional-que-se-construye-en-base-aerea-libertador\/#breadcrumb\",\"itemListElement\":[{\"@type\":\"ListItem\",\"position\":1,\"name\":\"Home\",\"item\":\"https:\/\/www.mpppst.gob.ve\/mpppstweb\/\"},{\"@type\":\"ListItem\",\"position\":2,\"name\":\"Venezuela recibir\u00e1 vuelos de carga en aeropuerto internacional que se construye en Base A\u00e9rea Libertador\"}]},{\"@type\":\"WebSite\",\"@id\":\"https:\/\/www.mpppst.gob.ve\/mpppstweb\/#website\",\"url\":\"https:\/\/www.mpppst.gob.ve\/mpppstweb\/\",\"name\":\"MPPPST\",\"description\":\"Ministerio del Poder Popular para el Proceso Social de Trabajo\",\"publisher\":{\"@id\":\"https:\/\/www.mpppst.gob.ve\/mpppstweb\/#organization\"},\"potentialAction\":[{\"@type\":\"SearchAction\",\"target\":{\"@type\":\"EntryPoint\",\"urlTemplate\":\"https:\/\/www.mpppst.gob.ve\/mpppstweb\/?s={search_term_string}\"},\"query-input\":\"required name=search_term_string\"}],\"inLanguage\":\"es\"},{\"@type\":\"Organization\",\"@id\":\"https:\/\/www.mpppst.gob.ve\/mpppstweb\/#organization\",\"name\":\"mpppst\",\"url\":\"https:\/\/www.mpppst.gob.ve\/mpppstweb\/\",\"logo\":{\"@type\":\"ImageObject\",\"inLanguage\":\"es\",\"@id\":\"https:\/\/www.mpppst.gob.ve\/mpppstweb\/#\/schema\/logo\/image\/\",\"url\":\"https:\/\/www.mpppst.gob.ve\/mpppstweb\/wp-content\/uploads\/2025\/07\/cropped-cropped-g910.png\",\"contentUrl\":\"https:\/\/www.mpppst.gob.ve\/mpppstweb\/wp-content\/uploads\/2025\/07\/cropped-cropped-g910.png\",\"width\":1080,\"height\":241,\"caption\":\"mpppst\"},\"image\":{\"@id\":\"https:\/\/www.mpppst.gob.ve\/mpppstweb\/#\/schema\/logo\/image\/\"}},{\"@type\":\"Person\",\"@id\":\"https:\/\/www.mpppst.gob.ve\/mpppstweb\/#\/schema\/person\/fc187ee8ead412bd4c9304b62f900ea4\",\"name\":\"MPPPST Prensa\",\"url\":\"https:\/\/www.mpppst.gob.ve\/mpppstweb\/index.php\/author\/prensa-mpppst\/\"}]}<\/script>\n<!-- \/ Yoast SEO plugin. -->","yoast_head_json":{"title":"Venezuela recibir\u00e1 vuelos de carga en aeropuerto internacional que se construye en Base A\u00e9rea Libertador - MPPPST","robots":{"index":"index","follow":"follow","max-snippet":"max-snippet:-1","max-image-preview":"max-image-preview:large","max-video-preview":"max-video-preview:-1"},"canonical":"https:\/\/www.mpppst.gob.ve\/mpppstweb\/index.php\/2021\/11\/19\/venezuela-recibira-vuelos-de-carga-en-aeropuerto-internacional-que-se-construye-en-base-aerea-libertador\/","og_locale":"es_ES","og_type":"article","og_title":"Venezuela recibir\u00e1 vuelos de carga en aeropuerto internacional que se construye en Base A\u00e9rea Libertador - MPPPST","og_description":"El pr\u00f3ximo 27 de noviembre, se recibir\u00e1 por primera vez un vuelo de carga desde el &hellip; Venezuela recibir\u00e1 vuelos de carga en aeropuerto internacional que se construye en Base A\u00e9rea LibertadorRead more","og_url":"https:\/\/www.mpppst.gob.ve\/mpppstweb\/index.php\/2021\/11\/19\/venezuela-recibira-vuelos-de-carga-en-aeropuerto-internacional-que-se-construye-en-base-aerea-libertador\/","og_site_name":"MPPPST","article_published_time":"2021-11-19T12:33:26+00:00","article_modified_time":"2021-11-19T12:33:27+00:00","og_image":[{"width":768,"height":427,"url":"https:\/\/www.mpppst.gob.ve\/mpppstweb\/wp-content\/uploads\/2021\/11\/2021-11-18-6-768x427-1.png","type":"image\/png"}],"author":"MPPPST Prensa","twitter_card":"summary_large_image","twitter_misc":{"Escrito por":"MPPPST Prensa","Tiempo de lectura":"1 minuto"},"schema":{"@context":"https:\/\/schema.org","@graph":[{"@type":"Article","@id":"https:\/\/www.mpppst.gob.ve\/mpppstweb\/index.php\/2021\/11\/19\/venezuela-recibira-vuelos-de-carga-en-aeropuerto-internacional-que-se-construye-en-base-aerea-libertador\/#article","isPartOf":{"@id":"https:\/\/www.mpppst.gob.ve\/mpppstweb\/index.php\/2021\/11\/19\/venezuela-recibira-vuelos-de-carga-en-aeropuerto-internacional-que-se-construye-en-base-aerea-libertador\/"},"author":{"name":"MPPPST Prensa","@id":"https:\/\/www.mpppst.gob.ve\/mpppstweb\/#\/schema\/person\/fc187ee8ead412bd4c9304b62f900ea4"},"headline":"Venezuela recibir\u00e1 vuelos de carga en aeropuerto internacional que se construye en Base A\u00e9rea Libertador","datePublished":"2021-11-19T12:33:26+00:00","dateModified":"2021-11-19T12:33:27+00:00","mainEntityOfPage":{"@id":"https:\/\/www.mpppst.gob.ve\/mpppstweb\/index.php\/2021\/11\/19\/venezuela-recibira-vuelos-de-carga-en-aeropuerto-internacional-que-se-construye-en-base-aerea-libertador\/"},"wordCount":306,"publisher":{"@id":"https:\/\/www.mpppst.gob.ve\/mpppstweb\/#organization"},"image":{"@id":"https:\/\/www.mpppst.gob.ve\/mpppstweb\/index.php\/2021\/11\/19\/venezuela-recibira-vuelos-de-carga-en-aeropuerto-internacional-que-se-construye-en-base-aerea-libertador\/#primaryimage"},"thumbnailUrl":"https:\/\/www.mpppst.gob.ve\/mpppstweb\/wp-content\/uploads\/2021\/11\/2021-11-18-6-768x427-1.png","articleSection":["Econom\u00eda","Gobierno Nacional","Noticias"],"inLanguage":"es"},{"@type":"WebPage","@id":"https:\/\/www.mpppst.gob.ve\/mpppstweb\/index.php\/2021\/11\/19\/venezuela-recibira-vuelos-de-carga-en-aeropuerto-internacional-que-se-construye-en-base-aerea-libertador\/","url":"https:\/\/www.mpppst.gob.ve\/mpppstweb\/index.php\/2021\/11\/19\/venezuela-recibira-vuelos-de-carga-en-aeropuerto-internacional-que-se-construye-en-base-aerea-libertador\/","name":"Venezuela recibir\u00e1 vuelos de carga en aeropuerto internacional que se construye en Base A\u00e9rea Libertador - MPPPST","isPartOf":{"@id":"https:\/\/www.mpppst.gob.ve\/mpppstweb\/#website"},"primaryImageOfPage":{"@id":"https:\/\/www.mpppst.gob.ve\/mpppstweb\/index.php\/2021\/11\/19\/venezuela-recibira-vuelos-de-carga-en-aeropuerto-internacional-que-se-construye-en-base-aerea-libertador\/#primaryimage"},"image":{"@id":"https:\/\/www.mpppst.gob.ve\/mpppstweb\/index.php\/2021\/11\/19\/venezuela-recibira-vuelos-de-carga-en-aeropuerto-internacional-que-se-construye-en-base-aerea-libertador\/#primaryimage"},"thumbnailUrl":"https:\/\/www.mpppst.gob.ve\/mpppstweb\/wp-content\/uploads\/2021\/11\/2021-11-18-6-768x427-1.png","datePublished":"2021-11-19T12:33:26+00:00","dateModified":"2021-11-19T12:33:27+00:00","breadcrumb":{"@id":"https:\/\/www.mpppst.gob.ve\/mpppstweb\/index.php\/2021\/11\/19\/venezuela-recibira-vuelos-de-carga-en-aeropuerto-internacional-que-se-construye-en-base-aerea-libertador\/#breadcrumb"},"inLanguage":"es","potentialAction":[{"@type":"ReadAction","target":["https:\/\/www.mpppst.gob.ve\/mpppstweb\/index.php\/2021\/11\/19\/venezuela-recibira-vuelos-de-carga-en-aeropuerto-internacional-que-se-construye-en-base-aerea-libertador\/"]}]},{"@type":"ImageObject","inLanguage":"es","@id":"https:\/\/www.mpppst.gob.ve\/mpppstweb\/index.php\/2021\/11\/19\/venezuela-recibira-vuelos-de-carga-en-aeropuerto-internacional-que-se-construye-en-base-aerea-libertador\/#primaryimage","url":"https:\/\/www.mpppst.gob.ve\/mpppstweb\/wp-content\/uploads\/2021\/11\/2021-11-18-6-768x427-1.png","contentUrl":"https:\/\/www.mpppst.gob.ve\/mpppstweb\/wp-content\/uploads\/2021\/11\/2021-11-18-6-768x427-1.png","width":768,"height":427},{"@type":"BreadcrumbList","@id":"https:\/\/www.mpppst.gob.ve\/mpppstweb\/index.php\/2021\/11\/19\/venezuela-recibira-vuelos-de-carga-en-aeropuerto-internacional-que-se-construye-en-base-aerea-libertador\/#breadcrumb","itemListElement":[{"@type":"ListItem","position":1,"name":"Home","item":"https:\/\/www.mpppst.gob.ve\/mpppstweb\/"},{"@type":"ListItem","position":2,"name":"Venezuela recibir\u00e1 vuelos de carga en aeropuerto internacional que se construye en Base A\u00e9rea Libertador"}]},{"@type":"WebSite","@id":"https:\/\/www.mpppst.gob.ve\/mpppstweb\/#website","url":"https:\/\/www.mpppst.gob.ve\/mpppstweb\/","name":"MPPPST","description":"Ministerio del Poder Popular para el Proceso Social de Trabajo","publisher":{"@id":"https:\/\/www.mpppst.gob.ve\/mpppstweb\/#organization"},"potentialAction":[{"@type":"SearchAction","target":{"@type":"EntryPoint","urlTemplate":"https:\/\/www.mpppst.gob.ve\/mpppstweb\/?s={search_term_string}"},"query-input":"required name=search_term_string"}],"inLanguage":"es"},{"@type":"Organization","@id":"https:\/\/www.mpppst.gob.ve\/mpppstweb\/#organization","name":"mpppst","url":"https:\/\/www.mpppst.gob.ve\/mpppstweb\/","logo":{"@type":"ImageObject","inLanguage":"es","@id":"https:\/\/www.mpppst.gob.ve\/mpppstweb\/#\/schema\/logo\/image\/","url":"https:\/\/www.mpppst.gob.ve\/mpppstweb\/wp-content\/uploads\/2025\/07\/cropped-cropped-g910.png","contentUrl":"https:\/\/www.mpppst.gob.ve\/mpppstweb\/wp-content\/uploads\/2025\/07\/cropped-cropped-g910.png","width":1080,"height":241,"caption":"mpppst"},"image":{"@id":"https:\/\/www.mpppst.gob.ve\/mpppstweb\/#\/schema\/logo\/image\/"}},{"@type":"Person","@id":"https:\/\/www.mpppst.gob.ve\/mpppstweb\/#\/schema\/person\/fc187ee8ead412bd4c9304b62f900ea4","name":"MPPPST Prensa","url":"https:\/\/www.mpppst.gob.ve\/mpppstweb\/index.php\/author\/prensa-mpppst\/"}]}},"_links":{"self":[{"href":"https:\/\/www.mpppst.gob.ve\/mpppstweb\/index.php\/wp-json\/wp\/v2\/posts\/23927"}],"collection":[{"href":"https:\/\/www.mpppst.gob.ve\/mpppstweb\/index.php\/wp-json\/wp\/v2\/posts"}],"about":[{"href":"https:\/\/www.mpppst.gob.ve\/mpppstweb\/index.php\/wp-json\/wp\/v2\/types\/post"}],"author":[{"embeddable":true,"href":"https:\/\/www.mpppst.gob.ve\/mpppstweb\/index.php\/wp-json\/wp\/v2\/users\/25"}],"replies":[{"embeddable":true,"href":"https:\/\/www.mpppst.gob.ve\/mpppstweb\/index.php\/wp-json\/wp\/v2\/comments?post=23927"}],"version-history":[{"count":1,"href":"https:\/\/www.mpppst.gob.ve\/mpppstweb\/index.php\/wp-json\/wp\/v2\/posts\/23927\/revisions"}],"predecessor-version":[{"id":23929,"href":"https:\/\/www.mpppst.gob.ve\/mpppstweb\/index.php\/wp-json\/wp\/v2\/posts\/23927\/revisions\/23929"}],"wp:featuredmedia":[{"embeddable":true,"href":"https:\/\/www.mpppst.gob.ve\/mpppstweb\/index.php\/wp-json\/wp\/v2\/media\/23928"}],"wp:attachment":[{"href":"https:\/\/www.mpppst.gob.ve\/mpppstweb\/index.php\/wp-json\/wp\/v2\/media?parent=23927"}],"wp:term":[{"taxonomy":"category","embeddable":true,"href":"https:\/\/www.mpppst.gob.ve\/mpppstweb\/index.php\/wp-json\/wp\/v2\/categories?post=23927"},{"taxonomy":"post_tag","embeddable":true,"href":"https:\/\/www.mpppst.gob.ve\/mpppstweb\/index.php\/wp-json\/wp\/v2\/tags?post=23927"}],"curies":[{"name":"wp","href":"https:\/\/api.w.org\/{rel}","templated":true}]}}