{"id":23933,"date":"2021-11-22T06:40:55","date_gmt":"2021-11-22T10:40:55","guid":{"rendered":"http:\/\/www.mpppst.gob.ve\/mpppstweb\/?p=23933"},"modified":"2021-11-22T06:40:56","modified_gmt":"2021-11-22T10:40:56","slug":"veedores-internacionales-felicitan-al-pueblo-venezolano-por-reafirmar-la-democracia-este-21nov","status":"publish","type":"post","link":"https:\/\/www.mpppst.gob.ve\/mpppstweb\/index.php\/2021\/11\/22\/veedores-internacionales-felicitan-al-pueblo-venezolano-por-reafirmar-la-democracia-este-21nov\/","title":{"rendered":"Veedores Internacionales felicitan al pueblo venezolano por reafirmar la democracia este 21NOV"},"content":{"rendered":"\n<p>Los veedores internacionales felicitaron al pueblo venezolano y sus instituciones ante el proceso electoral que se desarroll\u00f3 este domingo, en el que se consolid\u00f3 la democracia en la naci\u00f3n Bolivariana.<\/p>\n\n\n\n<p>As\u00ed lo resaltaron en la Sala de Prensa del Consejo Nacional Electoral en Caracas durante la jornada en las Megaelecciones 2021.<\/p>\n\n\n\n<p>De Ecuador,&nbsp;<strong>Ricardo Pati\u00f1o,<\/strong>&nbsp;manifest\u00f3: \u201cHemos podido observar en todos los centros electorales, sin ninguna excepci\u00f3n, por lo menos en donde estuvimos presentes, que hab\u00eda al menos tres testigos electorales, pertenecientes a tres distintos partidos pol\u00edticos y eso tambi\u00e9n habla muy bien de los comicios\u201d.<\/p>\n\n\n\n<p>Mientras, la veedora internacional&nbsp;<strong>Gabriela Rivadeneira,<\/strong>&nbsp;asever\u00f3 que observ\u00f3 mucha tranquilidad en estas elecciones, que forman parte de los acuerdos de las mesas de di\u00e1logo en M\u00e9xico. \u201cLa ampliaci\u00f3n del respeto, la democracia, la legitimidad y el poder de la gente de dar su voto y poder elegir; pues es fortalecer tambi\u00e9n ese proyecto que se tiene como pa\u00eds\u201d.<\/p>\n\n\n\n<p>Rivadeneira agradeci\u00f3 la invitaci\u00f3n del CNE para participar en estos comicios y felicit\u00f3 a todas las fuerzas pol\u00edticas que se presentaron en estas importantes elecciones.<\/p>\n\n\n\n<p>Por su parte, Christian Rodr\u00edguez de Francia, catalog\u00f3 como un d\u00eda de fiesta, cuando una fracci\u00f3n de las oposiciones venezolanas particip\u00f3 en las elecciones, tras las reuniones en M\u00e9xico. \u201cHemos visto desde tempranas horas muchos centros de votaci\u00f3n; como siempre, hay que destacar del voto electr\u00f3nico en el Sistema Electoral propio de Venezuela, que tanto nos atrae. Esta rapidez que nos han dicho algunos votantes, una rapidez en el proceso\u201d, detall\u00f3.<\/p>\n\n\n\n<p>De Espa\u00f1a, Juan Carlos Monedero, afirm\u00f3 que, al contrario de otros pa\u00edses, en la naci\u00f3n Bolivariana se ha podido observar un enorme encuentro entre los testigos de las mesas electorales de los diferentes partidos.<\/p>\n\n\n\n<figure><iframe allowfullscreen=\"true\" class=\"\" src=\"https:\/\/platform.twitter.com\/embed\/Tweet.html?creatorScreenName=VTVcanal8&amp;dnt=false&amp;embedId=twitter-widget-0&amp;features=eyJ0ZndfZXhwZXJpbWVudHNfY29va2llX2V4cGlyYXRpb24iOnsiYnVja2V0IjoxMjA5NjAwLCJ2ZXJzaW9uIjpudWxsfSwidGZ3X2hvcml6b25fdHdlZXRfZW1iZWRfOTU1NSI6eyJidWNrZXQiOiJodGUiLCJ2ZXJzaW9uIjpudWxsfSwidGZ3X3NwYWNlX2NhcmQiOnsiYnVja2V0Ijoib2ZmIiwidmVyc2lvbiI6bnVsbH19&amp;frame=false&amp;hideCard=false&amp;hideThread=false&amp;id=1462550754493751300&amp;lang=es&amp;origin=https%3A%2F%2Fwww.vtv.gob.ve%2Fveedores-felicitan-pueblo-venezolano-instituciones-proceso-electoral%2F&amp;sessionId=7ae0dc34313705e897b38db24ea6182ffcdf7293&amp;siteScreenName=VTVcanal8&amp;theme=light&amp;widgetsVersion=f001879%3A1634581029404&amp;width=550px\"><\/iframe><\/figure>\n","protected":false},"excerpt":{"rendered":"<p>Los veedores internacionales felicitaron al pueblo venezolano y sus instituciones ante el proceso electoral que se &hellip; <a title=\"Veedores Internacionales felicitan al pueblo venezolano por reafirmar la democracia este 21NOV\" class=\"hm-read-more\" href=\"https:\/\/www.mpppst.gob.ve\/mpppstweb\/index.php\/2021\/11\/22\/veedores-internacionales-felicitan-al-pueblo-venezolano-por-reafirmar-la-democracia-este-21nov\/\"><span class=\"screen-reader-text\">Veedores Internacionales felicitan al pueblo venezolano por reafirmar la democracia este 21NOV<\/span>Read more<\/a><\/p>\n","protected":false},"author":25,"featured_media":23934,"comment_status":"closed","ping_status":"closed","sticky":false,"template":"","format":"standard","meta":{"footnotes":""},"categories":[82,163],"tags":[],"yoast_head":"<!-- This site is optimized with the Yoast SEO plugin v22.5 - https:\/\/yoast.com\/wordpress\/plugins\/seo\/ -->\n<title>Veedores Internacionales felicitan al pueblo venezolano por reafirmar la democracia este 21NOV - MPPPST<\/title>\n<meta name=\"robots\" content=\"index, follow, max-snippet:-1, max-image-preview:large, max-video-preview:-1\" \/>\n<link rel=\"canonical\" href=\"https:\/\/www.mpppst.gob.ve\/mpppstweb\/index.php\/2021\/11\/22\/veedores-internacionales-felicitan-al-pueblo-venezolano-por-reafirmar-la-democracia-este-21nov\/\" \/>\n<meta property=\"og:locale\" content=\"es_ES\" \/>\n<meta property=\"og:type\" content=\"article\" \/>\n<meta property=\"og:title\" content=\"Veedores Internacionales felicitan al pueblo venezolano por reafirmar la democracia este 21NOV - MPPPST\" \/>\n<meta property=\"og:description\" content=\"Los veedores internacionales felicitaron al pueblo venezolano y sus instituciones ante el proceso electoral que se &hellip; Veedores Internacionales felicitan al pueblo venezolano por reafirmar la democracia este 21NOVRead more\" \/>\n<meta property=\"og:url\" content=\"https:\/\/www.mpppst.gob.ve\/mpppstweb\/index.php\/2021\/11\/22\/veedores-internacionales-felicitan-al-pueblo-venezolano-por-reafirmar-la-democracia-este-21nov\/\" \/>\n<meta property=\"og:site_name\" content=\"MPPPST\" \/>\n<meta property=\"article:published_time\" content=\"2021-11-22T10:40:55+00:00\" \/>\n<meta property=\"article:modified_time\" content=\"2021-11-22T10:40:56+00:00\" \/>\n<meta property=\"og:image\" content=\"https:\/\/www.mpppst.gob.ve\/mpppstweb\/wp-content\/uploads\/2021\/11\/REFERENCIA-768x427-1.png\" \/>\n\t<meta property=\"og:image:width\" content=\"768\" \/>\n\t<meta property=\"og:image:height\" content=\"427\" \/>\n\t<meta property=\"og:image:type\" content=\"image\/png\" \/>\n<meta name=\"author\" content=\"MPPPST Prensa\" \/>\n<meta name=\"twitter:card\" content=\"summary_large_image\" \/>\n<meta name=\"twitter:label1\" content=\"Escrito por\" \/>\n\t<meta name=\"twitter:data1\" content=\"MPPPST Prensa\" \/>\n\t<meta name=\"twitter:label2\" content=\"Tiempo de lectura\" \/>\n\t<meta name=\"twitter:data2\" content=\"2 minutos\" \/>\n<script type=\"application\/ld+json\" class=\"yoast-schema-graph\">{\"@context\":\"https:\/\/schema.org\",\"@graph\":[{\"@type\":\"Article\",\"@id\":\"https:\/\/www.mpppst.gob.ve\/mpppstweb\/index.php\/2021\/11\/22\/veedores-internacionales-felicitan-al-pueblo-venezolano-por-reafirmar-la-democracia-este-21nov\/#article\",\"isPartOf\":{\"@id\":\"https:\/\/www.mpppst.gob.ve\/mpppstweb\/index.php\/2021\/11\/22\/veedores-internacionales-felicitan-al-pueblo-venezolano-por-reafirmar-la-democracia-este-21nov\/\"},\"author\":{\"name\":\"MPPPST Prensa\",\"@id\":\"https:\/\/www.mpppst.gob.ve\/mpppstweb\/#\/schema\/person\/fc187ee8ead412bd4c9304b62f900ea4\"},\"headline\":\"Veedores Internacionales felicitan al pueblo venezolano por reafirmar la democracia este 21NOV\",\"datePublished\":\"2021-11-22T10:40:55+00:00\",\"dateModified\":\"2021-11-22T10:40:56+00:00\",\"mainEntityOfPage\":{\"@id\":\"https:\/\/www.mpppst.gob.ve\/mpppstweb\/index.php\/2021\/11\/22\/veedores-internacionales-felicitan-al-pueblo-venezolano-por-reafirmar-la-democracia-este-21nov\/\"},\"wordCount\":322,\"publisher\":{\"@id\":\"https:\/\/www.mpppst.gob.ve\/mpppstweb\/#organization\"},\"image\":{\"@id\":\"https:\/\/www.mpppst.gob.ve\/mpppstweb\/index.php\/2021\/11\/22\/veedores-internacionales-felicitan-al-pueblo-venezolano-por-reafirmar-la-democracia-este-21nov\/#primaryimage\"},\"thumbnailUrl\":\"https:\/\/www.mpppst.gob.ve\/mpppstweb\/wp-content\/uploads\/2021\/11\/REFERENCIA-768x427-1.png\",\"articleSection\":[\"Gobierno Nacional\",\"Noticias\"],\"inLanguage\":\"es\"},{\"@type\":\"WebPage\",\"@id\":\"https:\/\/www.mpppst.gob.ve\/mpppstweb\/index.php\/2021\/11\/22\/veedores-internacionales-felicitan-al-pueblo-venezolano-por-reafirmar-la-democracia-este-21nov\/\",\"url\":\"https:\/\/www.mpppst.gob.ve\/mpppstweb\/index.php\/2021\/11\/22\/veedores-internacionales-felicitan-al-pueblo-venezolano-por-reafirmar-la-democracia-este-21nov\/\",\"name\":\"Veedores Internacionales felicitan al pueblo venezolano por reafirmar la democracia este 21NOV - MPPPST\",\"isPartOf\":{\"@id\":\"https:\/\/www.mpppst.gob.ve\/mpppstweb\/#website\"},\"primaryImageOfPage\":{\"@id\":\"https:\/\/www.mpppst.gob.ve\/mpppstweb\/index.php\/2021\/11\/22\/veedores-internacionales-felicitan-al-pueblo-venezolano-por-reafirmar-la-democracia-este-21nov\/#primaryimage\"},\"image\":{\"@id\":\"https:\/\/www.mpppst.gob.ve\/mpppstweb\/index.php\/2021\/11\/22\/veedores-internacionales-felicitan-al-pueblo-venezolano-por-reafirmar-la-democracia-este-21nov\/#primaryimage\"},\"thumbnailUrl\":\"https:\/\/www.mpppst.gob.ve\/mpppstweb\/wp-content\/uploads\/2021\/11\/REFERENCIA-768x427-1.png\",\"datePublished\":\"2021-11-22T10:40:55+00:00\",\"dateModified\":\"2021-11-22T10:40:56+00:00\",\"breadcrumb\":{\"@id\":\"https:\/\/www.mpppst.gob.ve\/mpppstweb\/index.php\/2021\/11\/22\/veedores-internacionales-felicitan-al-pueblo-venezolano-por-reafirmar-la-democracia-este-21nov\/#breadcrumb\"},\"inLanguage\":\"es\",\"potentialAction\":[{\"@type\":\"ReadAction\",\"target\":[\"https:\/\/www.mpppst.gob.ve\/mpppstweb\/index.php\/2021\/11\/22\/veedores-internacionales-felicitan-al-pueblo-venezolano-por-reafirmar-la-democracia-este-21nov\/\"]}]},{\"@type\":\"ImageObject\",\"inLanguage\":\"es\",\"@id\":\"https:\/\/www.mpppst.gob.ve\/mpppstweb\/index.php\/2021\/11\/22\/veedores-internacionales-felicitan-al-pueblo-venezolano-por-reafirmar-la-democracia-este-21nov\/#primaryimage\",\"url\":\"https:\/\/www.mpppst.gob.ve\/mpppstweb\/wp-content\/uploads\/2021\/11\/REFERENCIA-768x427-1.png\",\"contentUrl\":\"https:\/\/www.mpppst.gob.ve\/mpppstweb\/wp-content\/uploads\/2021\/11\/REFERENCIA-768x427-1.png\",\"width\":768,\"height\":427},{\"@type\":\"BreadcrumbList\",\"@id\":\"https:\/\/www.mpppst.gob.ve\/mpppstweb\/index.php\/2021\/11\/22\/veedores-internacionales-felicitan-al-pueblo-venezolano-por-reafirmar-la-democracia-este-21nov\/#breadcrumb\",\"itemListElement\":[{\"@type\":\"ListItem\",\"position\":1,\"name\":\"Home\",\"item\":\"https:\/\/www.mpppst.gob.ve\/mpppstweb\/\"},{\"@type\":\"ListItem\",\"position\":2,\"name\":\"Veedores Internacionales felicitan al pueblo venezolano por reafirmar la democracia este 21NOV\"}]},{\"@type\":\"WebSite\",\"@id\":\"https:\/\/www.mpppst.gob.ve\/mpppstweb\/#website\",\"url\":\"https:\/\/www.mpppst.gob.ve\/mpppstweb\/\",\"name\":\"MPPPST\",\"description\":\"Ministerio del Poder Popular para el Proceso Social de Trabajo\",\"publisher\":{\"@id\":\"https:\/\/www.mpppst.gob.ve\/mpppstweb\/#organization\"},\"potentialAction\":[{\"@type\":\"SearchAction\",\"target\":{\"@type\":\"EntryPoint\",\"urlTemplate\":\"https:\/\/www.mpppst.gob.ve\/mpppstweb\/?s={search_term_string}\"},\"query-input\":\"required name=search_term_string\"}],\"inLanguage\":\"es\"},{\"@type\":\"Organization\",\"@id\":\"https:\/\/www.mpppst.gob.ve\/mpppstweb\/#organization\",\"name\":\"mpppst\",\"url\":\"https:\/\/www.mpppst.gob.ve\/mpppstweb\/\",\"logo\":{\"@type\":\"ImageObject\",\"inLanguage\":\"es\",\"@id\":\"https:\/\/www.mpppst.gob.ve\/mpppstweb\/#\/schema\/logo\/image\/\",\"url\":\"https:\/\/www.mpppst.gob.ve\/mpppstweb\/wp-content\/uploads\/2025\/07\/cropped-cropped-g910.png\",\"contentUrl\":\"https:\/\/www.mpppst.gob.ve\/mpppstweb\/wp-content\/uploads\/2025\/07\/cropped-cropped-g910.png\",\"width\":1080,\"height\":241,\"caption\":\"mpppst\"},\"image\":{\"@id\":\"https:\/\/www.mpppst.gob.ve\/mpppstweb\/#\/schema\/logo\/image\/\"}},{\"@type\":\"Person\",\"@id\":\"https:\/\/www.mpppst.gob.ve\/mpppstweb\/#\/schema\/person\/fc187ee8ead412bd4c9304b62f900ea4\",\"name\":\"MPPPST Prensa\",\"url\":\"https:\/\/www.mpppst.gob.ve\/mpppstweb\/index.php\/author\/prensa-mpppst\/\"}]}<\/script>\n<!-- \/ Yoast SEO plugin. -->","yoast_head_json":{"title":"Veedores Internacionales felicitan al pueblo venezolano por reafirmar la democracia este 21NOV - MPPPST","robots":{"index":"index","follow":"follow","max-snippet":"max-snippet:-1","max-image-preview":"max-image-preview:large","max-video-preview":"max-video-preview:-1"},"canonical":"https:\/\/www.mpppst.gob.ve\/mpppstweb\/index.php\/2021\/11\/22\/veedores-internacionales-felicitan-al-pueblo-venezolano-por-reafirmar-la-democracia-este-21nov\/","og_locale":"es_ES","og_type":"article","og_title":"Veedores Internacionales felicitan al pueblo venezolano por reafirmar la democracia este 21NOV - MPPPST","og_description":"Los veedores internacionales felicitaron al pueblo venezolano y sus instituciones ante el proceso electoral que se &hellip; Veedores Internacionales felicitan al pueblo venezolano por reafirmar la democracia este 21NOVRead more","og_url":"https:\/\/www.mpppst.gob.ve\/mpppstweb\/index.php\/2021\/11\/22\/veedores-internacionales-felicitan-al-pueblo-venezolano-por-reafirmar-la-democracia-este-21nov\/","og_site_name":"MPPPST","article_published_time":"2021-11-22T10:40:55+00:00","article_modified_time":"2021-11-22T10:40:56+00:00","og_image":[{"width":768,"height":427,"url":"https:\/\/www.mpppst.gob.ve\/mpppstweb\/wp-content\/uploads\/2021\/11\/REFERENCIA-768x427-1.png","type":"image\/png"}],"author":"MPPPST Prensa","twitter_card":"summary_large_image","twitter_misc":{"Escrito por":"MPPPST Prensa","Tiempo de lectura":"2 minutos"},"schema":{"@context":"https:\/\/schema.org","@graph":[{"@type":"Article","@id":"https:\/\/www.mpppst.gob.ve\/mpppstweb\/index.php\/2021\/11\/22\/veedores-internacionales-felicitan-al-pueblo-venezolano-por-reafirmar-la-democracia-este-21nov\/#article","isPartOf":{"@id":"https:\/\/www.mpppst.gob.ve\/mpppstweb\/index.php\/2021\/11\/22\/veedores-internacionales-felicitan-al-pueblo-venezolano-por-reafirmar-la-democracia-este-21nov\/"},"author":{"name":"MPPPST Prensa","@id":"https:\/\/www.mpppst.gob.ve\/mpppstweb\/#\/schema\/person\/fc187ee8ead412bd4c9304b62f900ea4"},"headline":"Veedores Internacionales felicitan al pueblo venezolano por reafirmar la democracia este 21NOV","datePublished":"2021-11-22T10:40:55+00:00","dateModified":"2021-11-22T10:40:56+00:00","mainEntityOfPage":{"@id":"https:\/\/www.mpppst.gob.ve\/mpppstweb\/index.php\/2021\/11\/22\/veedores-internacionales-felicitan-al-pueblo-venezolano-por-reafirmar-la-democracia-este-21nov\/"},"wordCount":322,"publisher":{"@id":"https:\/\/www.mpppst.gob.ve\/mpppstweb\/#organization"},"image":{"@id":"https:\/\/www.mpppst.gob.ve\/mpppstweb\/index.php\/2021\/11\/22\/veedores-internacionales-felicitan-al-pueblo-venezolano-por-reafirmar-la-democracia-este-21nov\/#primaryimage"},"thumbnailUrl":"https:\/\/www.mpppst.gob.ve\/mpppstweb\/wp-content\/uploads\/2021\/11\/REFERENCIA-768x427-1.png","articleSection":["Gobierno Nacional","Noticias"],"inLanguage":"es"},{"@type":"WebPage","@id":"https:\/\/www.mpppst.gob.ve\/mpppstweb\/index.php\/2021\/11\/22\/veedores-internacionales-felicitan-al-pueblo-venezolano-por-reafirmar-la-democracia-este-21nov\/","url":"https:\/\/www.mpppst.gob.ve\/mpppstweb\/index.php\/2021\/11\/22\/veedores-internacionales-felicitan-al-pueblo-venezolano-por-reafirmar-la-democracia-este-21nov\/","name":"Veedores Internacionales felicitan al pueblo venezolano por reafirmar la democracia este 21NOV - MPPPST","isPartOf":{"@id":"https:\/\/www.mpppst.gob.ve\/mpppstweb\/#website"},"primaryImageOfPage":{"@id":"https:\/\/www.mpppst.gob.ve\/mpppstweb\/index.php\/2021\/11\/22\/veedores-internacionales-felicitan-al-pueblo-venezolano-por-reafirmar-la-democracia-este-21nov\/#primaryimage"},"image":{"@id":"https:\/\/www.mpppst.gob.ve\/mpppstweb\/index.php\/2021\/11\/22\/veedores-internacionales-felicitan-al-pueblo-venezolano-por-reafirmar-la-democracia-este-21nov\/#primaryimage"},"thumbnailUrl":"https:\/\/www.mpppst.gob.ve\/mpppstweb\/wp-content\/uploads\/2021\/11\/REFERENCIA-768x427-1.png","datePublished":"2021-11-22T10:40:55+00:00","dateModified":"2021-11-22T10:40:56+00:00","breadcrumb":{"@id":"https:\/\/www.mpppst.gob.ve\/mpppstweb\/index.php\/2021\/11\/22\/veedores-internacionales-felicitan-al-pueblo-venezolano-por-reafirmar-la-democracia-este-21nov\/#breadcrumb"},"inLanguage":"es","potentialAction":[{"@type":"ReadAction","target":["https:\/\/www.mpppst.gob.ve\/mpppstweb\/index.php\/2021\/11\/22\/veedores-internacionales-felicitan-al-pueblo-venezolano-por-reafirmar-la-democracia-este-21nov\/"]}]},{"@type":"ImageObject","inLanguage":"es","@id":"https:\/\/www.mpppst.gob.ve\/mpppstweb\/index.php\/2021\/11\/22\/veedores-internacionales-felicitan-al-pueblo-venezolano-por-reafirmar-la-democracia-este-21nov\/#primaryimage","url":"https:\/\/www.mpppst.gob.ve\/mpppstweb\/wp-content\/uploads\/2021\/11\/REFERENCIA-768x427-1.png","contentUrl":"https:\/\/www.mpppst.gob.ve\/mpppstweb\/wp-content\/uploads\/2021\/11\/REFERENCIA-768x427-1.png","width":768,"height":427},{"@type":"BreadcrumbList","@id":"https:\/\/www.mpppst.gob.ve\/mpppstweb\/index.php\/2021\/11\/22\/veedores-internacionales-felicitan-al-pueblo-venezolano-por-reafirmar-la-democracia-este-21nov\/#breadcrumb","itemListElement":[{"@type":"ListItem","position":1,"name":"Home","item":"https:\/\/www.mpppst.gob.ve\/mpppstweb\/"},{"@type":"ListItem","position":2,"name":"Veedores Internacionales felicitan al pueblo venezolano por reafirmar la democracia este 21NOV"}]},{"@type":"WebSite","@id":"https:\/\/www.mpppst.gob.ve\/mpppstweb\/#website","url":"https:\/\/www.mpppst.gob.ve\/mpppstweb\/","name":"MPPPST","description":"Ministerio del Poder Popular para el Proceso Social de Trabajo","publisher":{"@id":"https:\/\/www.mpppst.gob.ve\/mpppstweb\/#organization"},"potentialAction":[{"@type":"SearchAction","target":{"@type":"EntryPoint","urlTemplate":"https:\/\/www.mpppst.gob.ve\/mpppstweb\/?s={search_term_string}"},"query-input":"required name=search_term_string"}],"inLanguage":"es"},{"@type":"Organization","@id":"https:\/\/www.mpppst.gob.ve\/mpppstweb\/#organization","name":"mpppst","url":"https:\/\/www.mpppst.gob.ve\/mpppstweb\/","logo":{"@type":"ImageObject","inLanguage":"es","@id":"https:\/\/www.mpppst.gob.ve\/mpppstweb\/#\/schema\/logo\/image\/","url":"https:\/\/www.mpppst.gob.ve\/mpppstweb\/wp-content\/uploads\/2025\/07\/cropped-cropped-g910.png","contentUrl":"https:\/\/www.mpppst.gob.ve\/mpppstweb\/wp-content\/uploads\/2025\/07\/cropped-cropped-g910.png","width":1080,"height":241,"caption":"mpppst"},"image":{"@id":"https:\/\/www.mpppst.gob.ve\/mpppstweb\/#\/schema\/logo\/image\/"}},{"@type":"Person","@id":"https:\/\/www.mpppst.gob.ve\/mpppstweb\/#\/schema\/person\/fc187ee8ead412bd4c9304b62f900ea4","name":"MPPPST Prensa","url":"https:\/\/www.mpppst.gob.ve\/mpppstweb\/index.php\/author\/prensa-mpppst\/"}]}},"_links":{"self":[{"href":"https:\/\/www.mpppst.gob.ve\/mpppstweb\/index.php\/wp-json\/wp\/v2\/posts\/23933"}],"collection":[{"href":"https:\/\/www.mpppst.gob.ve\/mpppstweb\/index.php\/wp-json\/wp\/v2\/posts"}],"about":[{"href":"https:\/\/www.mpppst.gob.ve\/mpppstweb\/index.php\/wp-json\/wp\/v2\/types\/post"}],"author":[{"embeddable":true,"href":"https:\/\/www.mpppst.gob.ve\/mpppstweb\/index.php\/wp-json\/wp\/v2\/users\/25"}],"replies":[{"embeddable":true,"href":"https:\/\/www.mpppst.gob.ve\/mpppstweb\/index.php\/wp-json\/wp\/v2\/comments?post=23933"}],"version-history":[{"count":1,"href":"https:\/\/www.mpppst.gob.ve\/mpppstweb\/index.php\/wp-json\/wp\/v2\/posts\/23933\/revisions"}],"predecessor-version":[{"id":23935,"href":"https:\/\/www.mpppst.gob.ve\/mpppstweb\/index.php\/wp-json\/wp\/v2\/posts\/23933\/revisions\/23935"}],"wp:featuredmedia":[{"embeddable":true,"href":"https:\/\/www.mpppst.gob.ve\/mpppstweb\/index.php\/wp-json\/wp\/v2\/media\/23934"}],"wp:attachment":[{"href":"https:\/\/www.mpppst.gob.ve\/mpppstweb\/index.php\/wp-json\/wp\/v2\/media?parent=23933"}],"wp:term":[{"taxonomy":"category","embeddable":true,"href":"https:\/\/www.mpppst.gob.ve\/mpppstweb\/index.php\/wp-json\/wp\/v2\/categories?post=23933"},{"taxonomy":"post_tag","embeddable":true,"href":"https:\/\/www.mpppst.gob.ve\/mpppstweb\/index.php\/wp-json\/wp\/v2\/tags?post=23933"}],"curies":[{"name":"wp","href":"https:\/\/api.w.org\/{rel}","templated":true}]}}