{"id":23936,"date":"2021-11-22T06:43:22","date_gmt":"2021-11-22T10:43:22","guid":{"rendered":"http:\/\/www.mpppst.gob.ve\/mpppstweb\/?p=23936"},"modified":"2021-11-22T06:43:23","modified_gmt":"2021-11-22T10:43:23","slug":"empresa-aluminios-de-venezuela-reactiva-sus-operaciones","status":"publish","type":"post","link":"https:\/\/www.mpppst.gob.ve\/mpppstweb\/index.php\/2021\/11\/22\/empresa-aluminios-de-venezuela-reactiva-sus-operaciones\/","title":{"rendered":"Empresa Aluminios de Venezuela reactiva sus operaciones"},"content":{"rendered":"\n<p>El ministro del Poder Popular de Industrias y Producci\u00f3n Nacional, Jorge Arreaza, celebr\u00f3 la reactivaci\u00f3n de la empresa Aluminios de Venezuela (Alven).<\/p>\n\n\n\n<p>\u201cBuena noticia. \u00a1Misi\u00f3n cumplida! Esta semana se logr\u00f3 la reactivaci\u00f3n plena de Aluminios de Venezuela ALVEN, empresa transformadora de aluminio en La Victoria, Aragua. Agradecemos a sus trabajadores, a la rector\u00eda de @Alcasa_CVG y al personal del Ministerio de Industrias y Producci\u00f3n\u201d, recalc\u00f3 a trav\u00e9s de sus redes sociales.<\/p>\n\n\n\n<p>Entretanto indic\u00f3 que esto se debe a la voluntad colectiva de sus trabajadores, asegurando que cada esfuerzo que se hace vale la pena.&nbsp;<\/p>\n\n\n\n<p>Por su parte, el vocero del Consejo Productivo de los Trabajadores y Trabajadoras (CPTT), Joel Pinto, aleg\u00f3 que siguen comprometidos para seguir produciendo cada vez m\u00e1s para apoyar al pa\u00eds.<\/p>\n\n\n\n<p>\u201cEsto es una lucha hist\u00f3rica, tit\u00e1nica, de los trabajadores desde el a\u00f1o 2010 con una decisi\u00f3n a nuestro favor implementada por el presidente Hugo Ch\u00e1vez en ese momento, que nos da un voto de confianza a la clase obrera trabajadora que ven\u00eda siendo oprimida por un patr\u00f3n que no quer\u00eda conciliar. Hemos venido avanzando capacit\u00e1ndonos cada d\u00eda m\u00e1s. Poco a poco hemos asumido las riendas de la empresa. hemos tenido la capacidad operativa para mantenerla por el buen sentido de pertenencia. Hemos recibo un respaldo contundente de parte del Gobierno Nacional\u201d, dijo.&nbsp;<\/p>\n","protected":false},"excerpt":{"rendered":"<p>El ministro del Poder Popular de Industrias y Producci\u00f3n Nacional, Jorge Arreaza, celebr\u00f3 la reactivaci\u00f3n de &hellip; <a title=\"Empresa Aluminios de Venezuela reactiva sus operaciones\" class=\"hm-read-more\" href=\"https:\/\/www.mpppst.gob.ve\/mpppstweb\/index.php\/2021\/11\/22\/empresa-aluminios-de-venezuela-reactiva-sus-operaciones\/\"><span class=\"screen-reader-text\">Empresa Aluminios de Venezuela reactiva sus operaciones<\/span>Read more<\/a><\/p>\n","protected":false},"author":25,"featured_media":23937,"comment_status":"closed","ping_status":"closed","sticky":false,"template":"","format":"standard","meta":{"footnotes":""},"categories":[406,82,163],"tags":[],"yoast_head":"<!-- This site is optimized with the Yoast SEO plugin v22.5 - https:\/\/yoast.com\/wordpress\/plugins\/seo\/ -->\n<title>Empresa Aluminios de Venezuela reactiva sus operaciones - MPPPST<\/title>\n<meta name=\"robots\" content=\"index, follow, max-snippet:-1, max-image-preview:large, max-video-preview:-1\" \/>\n<link rel=\"canonical\" href=\"https:\/\/www.mpppst.gob.ve\/mpppstweb\/index.php\/2021\/11\/22\/empresa-aluminios-de-venezuela-reactiva-sus-operaciones\/\" \/>\n<meta property=\"og:locale\" content=\"es_ES\" \/>\n<meta property=\"og:type\" content=\"article\" \/>\n<meta property=\"og:title\" content=\"Empresa Aluminios de Venezuela reactiva sus operaciones - MPPPST\" \/>\n<meta property=\"og:description\" content=\"El ministro del Poder Popular de Industrias y Producci\u00f3n Nacional, Jorge Arreaza, celebr\u00f3 la reactivaci\u00f3n de &hellip; Empresa Aluminios de Venezuela reactiva sus operacionesRead more\" \/>\n<meta property=\"og:url\" content=\"https:\/\/www.mpppst.gob.ve\/mpppstweb\/index.php\/2021\/11\/22\/empresa-aluminios-de-venezuela-reactiva-sus-operaciones\/\" \/>\n<meta property=\"og:site_name\" content=\"MPPPST\" \/>\n<meta property=\"article:published_time\" content=\"2021-11-22T10:43:22+00:00\" \/>\n<meta property=\"article:modified_time\" content=\"2021-11-22T10:43:23+00:00\" \/>\n<meta property=\"og:image\" content=\"https:\/\/www.mpppst.gob.ve\/mpppstweb\/wp-content\/uploads\/2021\/11\/ALVEN-768x427-1.png\" \/>\n\t<meta property=\"og:image:width\" content=\"768\" \/>\n\t<meta property=\"og:image:height\" content=\"427\" \/>\n\t<meta property=\"og:image:type\" content=\"image\/png\" \/>\n<meta name=\"author\" content=\"MPPPST Prensa\" \/>\n<meta name=\"twitter:card\" content=\"summary_large_image\" \/>\n<meta name=\"twitter:label1\" content=\"Escrito por\" \/>\n\t<meta name=\"twitter:data1\" content=\"MPPPST Prensa\" \/>\n\t<meta name=\"twitter:label2\" content=\"Tiempo de lectura\" \/>\n\t<meta name=\"twitter:data2\" content=\"1 minuto\" \/>\n<script type=\"application\/ld+json\" class=\"yoast-schema-graph\">{\"@context\":\"https:\/\/schema.org\",\"@graph\":[{\"@type\":\"Article\",\"@id\":\"https:\/\/www.mpppst.gob.ve\/mpppstweb\/index.php\/2021\/11\/22\/empresa-aluminios-de-venezuela-reactiva-sus-operaciones\/#article\",\"isPartOf\":{\"@id\":\"https:\/\/www.mpppst.gob.ve\/mpppstweb\/index.php\/2021\/11\/22\/empresa-aluminios-de-venezuela-reactiva-sus-operaciones\/\"},\"author\":{\"name\":\"MPPPST Prensa\",\"@id\":\"https:\/\/www.mpppst.gob.ve\/mpppstweb\/#\/schema\/person\/fc187ee8ead412bd4c9304b62f900ea4\"},\"headline\":\"Empresa Aluminios de Venezuela reactiva sus operaciones\",\"datePublished\":\"2021-11-22T10:43:22+00:00\",\"dateModified\":\"2021-11-22T10:43:23+00:00\",\"mainEntityOfPage\":{\"@id\":\"https:\/\/www.mpppst.gob.ve\/mpppstweb\/index.php\/2021\/11\/22\/empresa-aluminios-de-venezuela-reactiva-sus-operaciones\/\"},\"wordCount\":245,\"publisher\":{\"@id\":\"https:\/\/www.mpppst.gob.ve\/mpppstweb\/#organization\"},\"image\":{\"@id\":\"https:\/\/www.mpppst.gob.ve\/mpppstweb\/index.php\/2021\/11\/22\/empresa-aluminios-de-venezuela-reactiva-sus-operaciones\/#primaryimage\"},\"thumbnailUrl\":\"https:\/\/www.mpppst.gob.ve\/mpppstweb\/wp-content\/uploads\/2021\/11\/ALVEN-768x427-1.png\",\"articleSection\":[\"CPT\",\"Gobierno Nacional\",\"Noticias\"],\"inLanguage\":\"es\"},{\"@type\":\"WebPage\",\"@id\":\"https:\/\/www.mpppst.gob.ve\/mpppstweb\/index.php\/2021\/11\/22\/empresa-aluminios-de-venezuela-reactiva-sus-operaciones\/\",\"url\":\"https:\/\/www.mpppst.gob.ve\/mpppstweb\/index.php\/2021\/11\/22\/empresa-aluminios-de-venezuela-reactiva-sus-operaciones\/\",\"name\":\"Empresa Aluminios de Venezuela reactiva sus operaciones - MPPPST\",\"isPartOf\":{\"@id\":\"https:\/\/www.mpppst.gob.ve\/mpppstweb\/#website\"},\"primaryImageOfPage\":{\"@id\":\"https:\/\/www.mpppst.gob.ve\/mpppstweb\/index.php\/2021\/11\/22\/empresa-aluminios-de-venezuela-reactiva-sus-operaciones\/#primaryimage\"},\"image\":{\"@id\":\"https:\/\/www.mpppst.gob.ve\/mpppstweb\/index.php\/2021\/11\/22\/empresa-aluminios-de-venezuela-reactiva-sus-operaciones\/#primaryimage\"},\"thumbnailUrl\":\"https:\/\/www.mpppst.gob.ve\/mpppstweb\/wp-content\/uploads\/2021\/11\/ALVEN-768x427-1.png\",\"datePublished\":\"2021-11-22T10:43:22+00:00\",\"dateModified\":\"2021-11-22T10:43:23+00:00\",\"breadcrumb\":{\"@id\":\"https:\/\/www.mpppst.gob.ve\/mpppstweb\/index.php\/2021\/11\/22\/empresa-aluminios-de-venezuela-reactiva-sus-operaciones\/#breadcrumb\"},\"inLanguage\":\"es\",\"potentialAction\":[{\"@type\":\"ReadAction\",\"target\":[\"https:\/\/www.mpppst.gob.ve\/mpppstweb\/index.php\/2021\/11\/22\/empresa-aluminios-de-venezuela-reactiva-sus-operaciones\/\"]}]},{\"@type\":\"ImageObject\",\"inLanguage\":\"es\",\"@id\":\"https:\/\/www.mpppst.gob.ve\/mpppstweb\/index.php\/2021\/11\/22\/empresa-aluminios-de-venezuela-reactiva-sus-operaciones\/#primaryimage\",\"url\":\"https:\/\/www.mpppst.gob.ve\/mpppstweb\/wp-content\/uploads\/2021\/11\/ALVEN-768x427-1.png\",\"contentUrl\":\"https:\/\/www.mpppst.gob.ve\/mpppstweb\/wp-content\/uploads\/2021\/11\/ALVEN-768x427-1.png\",\"width\":768,\"height\":427},{\"@type\":\"BreadcrumbList\",\"@id\":\"https:\/\/www.mpppst.gob.ve\/mpppstweb\/index.php\/2021\/11\/22\/empresa-aluminios-de-venezuela-reactiva-sus-operaciones\/#breadcrumb\",\"itemListElement\":[{\"@type\":\"ListItem\",\"position\":1,\"name\":\"Home\",\"item\":\"https:\/\/www.mpppst.gob.ve\/mpppstweb\/\"},{\"@type\":\"ListItem\",\"position\":2,\"name\":\"Empresa Aluminios de Venezuela reactiva sus operaciones\"}]},{\"@type\":\"WebSite\",\"@id\":\"https:\/\/www.mpppst.gob.ve\/mpppstweb\/#website\",\"url\":\"https:\/\/www.mpppst.gob.ve\/mpppstweb\/\",\"name\":\"MPPPST\",\"description\":\"Ministerio del Poder Popular para el Proceso Social de Trabajo\",\"publisher\":{\"@id\":\"https:\/\/www.mpppst.gob.ve\/mpppstweb\/#organization\"},\"potentialAction\":[{\"@type\":\"SearchAction\",\"target\":{\"@type\":\"EntryPoint\",\"urlTemplate\":\"https:\/\/www.mpppst.gob.ve\/mpppstweb\/?s={search_term_string}\"},\"query-input\":\"required name=search_term_string\"}],\"inLanguage\":\"es\"},{\"@type\":\"Organization\",\"@id\":\"https:\/\/www.mpppst.gob.ve\/mpppstweb\/#organization\",\"name\":\"mpppst\",\"url\":\"https:\/\/www.mpppst.gob.ve\/mpppstweb\/\",\"logo\":{\"@type\":\"ImageObject\",\"inLanguage\":\"es\",\"@id\":\"https:\/\/www.mpppst.gob.ve\/mpppstweb\/#\/schema\/logo\/image\/\",\"url\":\"https:\/\/www.mpppst.gob.ve\/mpppstweb\/wp-content\/uploads\/2025\/07\/cropped-cropped-g910.png\",\"contentUrl\":\"https:\/\/www.mpppst.gob.ve\/mpppstweb\/wp-content\/uploads\/2025\/07\/cropped-cropped-g910.png\",\"width\":1080,\"height\":241,\"caption\":\"mpppst\"},\"image\":{\"@id\":\"https:\/\/www.mpppst.gob.ve\/mpppstweb\/#\/schema\/logo\/image\/\"}},{\"@type\":\"Person\",\"@id\":\"https:\/\/www.mpppst.gob.ve\/mpppstweb\/#\/schema\/person\/fc187ee8ead412bd4c9304b62f900ea4\",\"name\":\"MPPPST Prensa\",\"url\":\"https:\/\/www.mpppst.gob.ve\/mpppstweb\/index.php\/author\/prensa-mpppst\/\"}]}<\/script>\n<!-- \/ Yoast SEO plugin. -->","yoast_head_json":{"title":"Empresa Aluminios de Venezuela reactiva sus operaciones - MPPPST","robots":{"index":"index","follow":"follow","max-snippet":"max-snippet:-1","max-image-preview":"max-image-preview:large","max-video-preview":"max-video-preview:-1"},"canonical":"https:\/\/www.mpppst.gob.ve\/mpppstweb\/index.php\/2021\/11\/22\/empresa-aluminios-de-venezuela-reactiva-sus-operaciones\/","og_locale":"es_ES","og_type":"article","og_title":"Empresa Aluminios de Venezuela reactiva sus operaciones - MPPPST","og_description":"El ministro del Poder Popular de Industrias y Producci\u00f3n Nacional, Jorge Arreaza, celebr\u00f3 la reactivaci\u00f3n de &hellip; Empresa Aluminios de Venezuela reactiva sus operacionesRead more","og_url":"https:\/\/www.mpppst.gob.ve\/mpppstweb\/index.php\/2021\/11\/22\/empresa-aluminios-de-venezuela-reactiva-sus-operaciones\/","og_site_name":"MPPPST","article_published_time":"2021-11-22T10:43:22+00:00","article_modified_time":"2021-11-22T10:43:23+00:00","og_image":[{"width":768,"height":427,"url":"https:\/\/www.mpppst.gob.ve\/mpppstweb\/wp-content\/uploads\/2021\/11\/ALVEN-768x427-1.png","type":"image\/png"}],"author":"MPPPST Prensa","twitter_card":"summary_large_image","twitter_misc":{"Escrito por":"MPPPST Prensa","Tiempo de lectura":"1 minuto"},"schema":{"@context":"https:\/\/schema.org","@graph":[{"@type":"Article","@id":"https:\/\/www.mpppst.gob.ve\/mpppstweb\/index.php\/2021\/11\/22\/empresa-aluminios-de-venezuela-reactiva-sus-operaciones\/#article","isPartOf":{"@id":"https:\/\/www.mpppst.gob.ve\/mpppstweb\/index.php\/2021\/11\/22\/empresa-aluminios-de-venezuela-reactiva-sus-operaciones\/"},"author":{"name":"MPPPST Prensa","@id":"https:\/\/www.mpppst.gob.ve\/mpppstweb\/#\/schema\/person\/fc187ee8ead412bd4c9304b62f900ea4"},"headline":"Empresa Aluminios de Venezuela reactiva sus operaciones","datePublished":"2021-11-22T10:43:22+00:00","dateModified":"2021-11-22T10:43:23+00:00","mainEntityOfPage":{"@id":"https:\/\/www.mpppst.gob.ve\/mpppstweb\/index.php\/2021\/11\/22\/empresa-aluminios-de-venezuela-reactiva-sus-operaciones\/"},"wordCount":245,"publisher":{"@id":"https:\/\/www.mpppst.gob.ve\/mpppstweb\/#organization"},"image":{"@id":"https:\/\/www.mpppst.gob.ve\/mpppstweb\/index.php\/2021\/11\/22\/empresa-aluminios-de-venezuela-reactiva-sus-operaciones\/#primaryimage"},"thumbnailUrl":"https:\/\/www.mpppst.gob.ve\/mpppstweb\/wp-content\/uploads\/2021\/11\/ALVEN-768x427-1.png","articleSection":["CPT","Gobierno Nacional","Noticias"],"inLanguage":"es"},{"@type":"WebPage","@id":"https:\/\/www.mpppst.gob.ve\/mpppstweb\/index.php\/2021\/11\/22\/empresa-aluminios-de-venezuela-reactiva-sus-operaciones\/","url":"https:\/\/www.mpppst.gob.ve\/mpppstweb\/index.php\/2021\/11\/22\/empresa-aluminios-de-venezuela-reactiva-sus-operaciones\/","name":"Empresa Aluminios de Venezuela reactiva sus operaciones - MPPPST","isPartOf":{"@id":"https:\/\/www.mpppst.gob.ve\/mpppstweb\/#website"},"primaryImageOfPage":{"@id":"https:\/\/www.mpppst.gob.ve\/mpppstweb\/index.php\/2021\/11\/22\/empresa-aluminios-de-venezuela-reactiva-sus-operaciones\/#primaryimage"},"image":{"@id":"https:\/\/www.mpppst.gob.ve\/mpppstweb\/index.php\/2021\/11\/22\/empresa-aluminios-de-venezuela-reactiva-sus-operaciones\/#primaryimage"},"thumbnailUrl":"https:\/\/www.mpppst.gob.ve\/mpppstweb\/wp-content\/uploads\/2021\/11\/ALVEN-768x427-1.png","datePublished":"2021-11-22T10:43:22+00:00","dateModified":"2021-11-22T10:43:23+00:00","breadcrumb":{"@id":"https:\/\/www.mpppst.gob.ve\/mpppstweb\/index.php\/2021\/11\/22\/empresa-aluminios-de-venezuela-reactiva-sus-operaciones\/#breadcrumb"},"inLanguage":"es","potentialAction":[{"@type":"ReadAction","target":["https:\/\/www.mpppst.gob.ve\/mpppstweb\/index.php\/2021\/11\/22\/empresa-aluminios-de-venezuela-reactiva-sus-operaciones\/"]}]},{"@type":"ImageObject","inLanguage":"es","@id":"https:\/\/www.mpppst.gob.ve\/mpppstweb\/index.php\/2021\/11\/22\/empresa-aluminios-de-venezuela-reactiva-sus-operaciones\/#primaryimage","url":"https:\/\/www.mpppst.gob.ve\/mpppstweb\/wp-content\/uploads\/2021\/11\/ALVEN-768x427-1.png","contentUrl":"https:\/\/www.mpppst.gob.ve\/mpppstweb\/wp-content\/uploads\/2021\/11\/ALVEN-768x427-1.png","width":768,"height":427},{"@type":"BreadcrumbList","@id":"https:\/\/www.mpppst.gob.ve\/mpppstweb\/index.php\/2021\/11\/22\/empresa-aluminios-de-venezuela-reactiva-sus-operaciones\/#breadcrumb","itemListElement":[{"@type":"ListItem","position":1,"name":"Home","item":"https:\/\/www.mpppst.gob.ve\/mpppstweb\/"},{"@type":"ListItem","position":2,"name":"Empresa Aluminios de Venezuela reactiva sus operaciones"}]},{"@type":"WebSite","@id":"https:\/\/www.mpppst.gob.ve\/mpppstweb\/#website","url":"https:\/\/www.mpppst.gob.ve\/mpppstweb\/","name":"MPPPST","description":"Ministerio del Poder Popular para el Proceso Social de Trabajo","publisher":{"@id":"https:\/\/www.mpppst.gob.ve\/mpppstweb\/#organization"},"potentialAction":[{"@type":"SearchAction","target":{"@type":"EntryPoint","urlTemplate":"https:\/\/www.mpppst.gob.ve\/mpppstweb\/?s={search_term_string}"},"query-input":"required name=search_term_string"}],"inLanguage":"es"},{"@type":"Organization","@id":"https:\/\/www.mpppst.gob.ve\/mpppstweb\/#organization","name":"mpppst","url":"https:\/\/www.mpppst.gob.ve\/mpppstweb\/","logo":{"@type":"ImageObject","inLanguage":"es","@id":"https:\/\/www.mpppst.gob.ve\/mpppstweb\/#\/schema\/logo\/image\/","url":"https:\/\/www.mpppst.gob.ve\/mpppstweb\/wp-content\/uploads\/2025\/07\/cropped-cropped-g910.png","contentUrl":"https:\/\/www.mpppst.gob.ve\/mpppstweb\/wp-content\/uploads\/2025\/07\/cropped-cropped-g910.png","width":1080,"height":241,"caption":"mpppst"},"image":{"@id":"https:\/\/www.mpppst.gob.ve\/mpppstweb\/#\/schema\/logo\/image\/"}},{"@type":"Person","@id":"https:\/\/www.mpppst.gob.ve\/mpppstweb\/#\/schema\/person\/fc187ee8ead412bd4c9304b62f900ea4","name":"MPPPST Prensa","url":"https:\/\/www.mpppst.gob.ve\/mpppstweb\/index.php\/author\/prensa-mpppst\/"}]}},"_links":{"self":[{"href":"https:\/\/www.mpppst.gob.ve\/mpppstweb\/index.php\/wp-json\/wp\/v2\/posts\/23936"}],"collection":[{"href":"https:\/\/www.mpppst.gob.ve\/mpppstweb\/index.php\/wp-json\/wp\/v2\/posts"}],"about":[{"href":"https:\/\/www.mpppst.gob.ve\/mpppstweb\/index.php\/wp-json\/wp\/v2\/types\/post"}],"author":[{"embeddable":true,"href":"https:\/\/www.mpppst.gob.ve\/mpppstweb\/index.php\/wp-json\/wp\/v2\/users\/25"}],"replies":[{"embeddable":true,"href":"https:\/\/www.mpppst.gob.ve\/mpppstweb\/index.php\/wp-json\/wp\/v2\/comments?post=23936"}],"version-history":[{"count":1,"href":"https:\/\/www.mpppst.gob.ve\/mpppstweb\/index.php\/wp-json\/wp\/v2\/posts\/23936\/revisions"}],"predecessor-version":[{"id":23938,"href":"https:\/\/www.mpppst.gob.ve\/mpppstweb\/index.php\/wp-json\/wp\/v2\/posts\/23936\/revisions\/23938"}],"wp:featuredmedia":[{"embeddable":true,"href":"https:\/\/www.mpppst.gob.ve\/mpppstweb\/index.php\/wp-json\/wp\/v2\/media\/23937"}],"wp:attachment":[{"href":"https:\/\/www.mpppst.gob.ve\/mpppstweb\/index.php\/wp-json\/wp\/v2\/media?parent=23936"}],"wp:term":[{"taxonomy":"category","embeddable":true,"href":"https:\/\/www.mpppst.gob.ve\/mpppstweb\/index.php\/wp-json\/wp\/v2\/categories?post=23936"},{"taxonomy":"post_tag","embeddable":true,"href":"https:\/\/www.mpppst.gob.ve\/mpppstweb\/index.php\/wp-json\/wp\/v2\/tags?post=23936"}],"curies":[{"name":"wp","href":"https:\/\/api.w.org\/{rel}","templated":true}]}}