{"id":23956,"date":"2021-11-23T06:22:44","date_gmt":"2021-11-23T10:22:44","guid":{"rendered":"http:\/\/www.mpppst.gob.ve\/mpppstweb\/?p=23956"},"modified":"2021-11-23T06:22:45","modified_gmt":"2021-11-23T10:22:45","slug":"ministro-jorge-arreaza-constata-actividad-de-aceria-de-palanquillas-de-sidor","status":"publish","type":"post","link":"https:\/\/www.mpppst.gob.ve\/mpppstweb\/index.php\/2021\/11\/23\/ministro-jorge-arreaza-constata-actividad-de-aceria-de-palanquillas-de-sidor\/","title":{"rendered":"Ministro Jorge Arreaza constata actividad de acer\u00eda de palanquillas de Sidor"},"content":{"rendered":"\n<p>El ministro del Poder Popular de Industrias y Producci\u00f3n Nacional,&nbsp;<a href=\"https:\/\/twitter.com\/jaarreaza\" target=\"_blank\" rel=\"noreferrer noopener\"><strong>Jorge Arreaza<\/strong><\/a>, visit\u00f3 este viernes la Acer\u00eda de Palanquillas de la&nbsp;<em><strong>Sider\u00fargica del Orinoco Alfredo Maneiro (Sidor),<\/strong><\/em>&nbsp;constatando la plena actividad que desarrolla la Clase Obrera al sur del pa\u00eds.<\/p>\n\n\n\n<figure><iframe allowfullscreen=\"true\" class=\"\" src=\"https:\/\/platform.twitter.com\/embed\/Tweet.html?creatorScreenName=VTVcanal8&amp;dnt=false&amp;embedId=twitter-widget-0&amp;features=eyJ0ZndfZXhwZXJpbWVudHNfY29va2llX2V4cGlyYXRpb24iOnsiYnVja2V0IjoxMjA5NjAwLCJ2ZXJzaW9uIjpudWxsfSwidGZ3X2hvcml6b25fdHdlZXRfZW1iZWRfOTU1NSI6eyJidWNrZXQiOiJodGUiLCJ2ZXJzaW9uIjpudWxsfSwidGZ3X3NwYWNlX2NhcmQiOnsiYnVja2V0Ijoib2ZmIiwidmVyc2lvbiI6bnVsbH19&amp;frame=false&amp;hideCard=false&amp;hideThread=false&amp;id=1461846475579797506&amp;lang=es&amp;origin=https%3A%2F%2Fwww.vtv.gob.ve%2Fministro-arreaza-constata-actividad-aceria-palanquillas-sidor%2F&amp;sessionId=b7d372d87df45c2ba095e8ef18767eee14e9cd6b&amp;siteScreenName=VTVcanal8&amp;theme=light&amp;widgetsVersion=f001879%3A1634581029404&amp;width=550px\"><\/iframe><\/figure>\n\n\n\n<p>La Palanquilla es un producto semi-terminado de acero, cuya secci\u00f3n transversal es menor o igual 16.900 mil\u00edmetros cuadrados. Se obtiene por colada continua y se utiliza principalmente para fabricar barras, cabillas y Alambr\u00f3n y en la industria metalmec\u00e1nica.<\/p>\n\n\n\n<p>El alambr\u00f3n, por su parte, es un material de secci\u00f3n circular, presentado en rollos, que se obtiene por laminaci\u00f3n en caliente de palanquillas. Se usa principalmente para fabricar alambre y mallas electro-soldadas.<\/p>\n\n\n\n<p>Todo el proceso de la planta para producir las palanquillas y sus derivados, requiere&nbsp;del uso de hornos el\u00e9ctricos que calientan los materiales a una temperatura mayor a los 1.000\u00b0C.<\/p>\n\n\n\n<p>La producci\u00f3n de palanquillas permite su transformaci\u00f3n en cabillas, alambr\u00f3n y dem\u00e1s materiales que sirven especialmente para la Gran Misi\u00f3n Vivienda Venezuela (GMVV).<\/p>\n\n\n\n<p>La principal productora de acero en Venezuela cumple, desde 2020, el Plan de Recuperaci\u00f3n Integral para el avance industrial del pa\u00eds.<\/p>\n","protected":false},"excerpt":{"rendered":"<p>El ministro del Poder Popular de Industrias y Producci\u00f3n Nacional,&nbsp;Jorge Arreaza, visit\u00f3 este viernes la Acer\u00eda &hellip; <a title=\"Ministro Jorge Arreaza constata actividad de acer\u00eda de palanquillas de Sidor\" class=\"hm-read-more\" href=\"https:\/\/www.mpppst.gob.ve\/mpppstweb\/index.php\/2021\/11\/23\/ministro-jorge-arreaza-constata-actividad-de-aceria-de-palanquillas-de-sidor\/\"><span class=\"screen-reader-text\">Ministro Jorge Arreaza constata actividad de acer\u00eda de palanquillas de Sidor<\/span>Read more<\/a><\/p>\n","protected":false},"author":25,"featured_media":23957,"comment_status":"closed","ping_status":"closed","sticky":false,"template":"","format":"standard","meta":{"footnotes":""},"categories":[82],"tags":[],"yoast_head":"<!-- This site is optimized with the Yoast SEO plugin v22.5 - https:\/\/yoast.com\/wordpress\/plugins\/seo\/ -->\n<title>Ministro Jorge Arreaza constata actividad de acer\u00eda de palanquillas de Sidor - MPPPST<\/title>\n<meta name=\"robots\" content=\"index, follow, max-snippet:-1, max-image-preview:large, max-video-preview:-1\" \/>\n<link rel=\"canonical\" href=\"https:\/\/www.mpppst.gob.ve\/mpppstweb\/index.php\/2021\/11\/23\/ministro-jorge-arreaza-constata-actividad-de-aceria-de-palanquillas-de-sidor\/\" \/>\n<meta property=\"og:locale\" content=\"es_ES\" \/>\n<meta property=\"og:type\" content=\"article\" \/>\n<meta property=\"og:title\" content=\"Ministro Jorge Arreaza constata actividad de acer\u00eda de palanquillas de Sidor - MPPPST\" \/>\n<meta property=\"og:description\" content=\"El ministro del Poder Popular de Industrias y Producci\u00f3n Nacional,&nbsp;Jorge Arreaza, visit\u00f3 este viernes la Acer\u00eda &hellip; Ministro Jorge Arreaza constata actividad de acer\u00eda de palanquillas de SidorRead more\" \/>\n<meta property=\"og:url\" content=\"https:\/\/www.mpppst.gob.ve\/mpppstweb\/index.php\/2021\/11\/23\/ministro-jorge-arreaza-constata-actividad-de-aceria-de-palanquillas-de-sidor\/\" \/>\n<meta property=\"og:site_name\" content=\"MPPPST\" \/>\n<meta property=\"article:published_time\" content=\"2021-11-23T10:22:44+00:00\" \/>\n<meta property=\"article:modified_time\" content=\"2021-11-23T10:22:45+00:00\" \/>\n<meta property=\"og:image\" content=\"https:\/\/www.mpppst.gob.ve\/mpppstweb\/wp-content\/uploads\/2021\/11\/SIDOR-PALANQUILLAS-768x427-1.jpg\" \/>\n\t<meta property=\"og:image:width\" content=\"768\" \/>\n\t<meta property=\"og:image:height\" content=\"427\" \/>\n\t<meta property=\"og:image:type\" content=\"image\/jpeg\" \/>\n<meta name=\"author\" content=\"MPPPST Prensa\" \/>\n<meta name=\"twitter:card\" content=\"summary_large_image\" \/>\n<meta name=\"twitter:label1\" content=\"Escrito por\" \/>\n\t<meta name=\"twitter:data1\" content=\"MPPPST Prensa\" \/>\n\t<meta name=\"twitter:label2\" content=\"Tiempo de lectura\" \/>\n\t<meta name=\"twitter:data2\" content=\"1 minuto\" \/>\n<script type=\"application\/ld+json\" class=\"yoast-schema-graph\">{\"@context\":\"https:\/\/schema.org\",\"@graph\":[{\"@type\":\"Article\",\"@id\":\"https:\/\/www.mpppst.gob.ve\/mpppstweb\/index.php\/2021\/11\/23\/ministro-jorge-arreaza-constata-actividad-de-aceria-de-palanquillas-de-sidor\/#article\",\"isPartOf\":{\"@id\":\"https:\/\/www.mpppst.gob.ve\/mpppstweb\/index.php\/2021\/11\/23\/ministro-jorge-arreaza-constata-actividad-de-aceria-de-palanquillas-de-sidor\/\"},\"author\":{\"name\":\"MPPPST Prensa\",\"@id\":\"https:\/\/www.mpppst.gob.ve\/mpppstweb\/#\/schema\/person\/fc187ee8ead412bd4c9304b62f900ea4\"},\"headline\":\"Ministro Jorge Arreaza constata actividad de acer\u00eda de palanquillas de Sidor\",\"datePublished\":\"2021-11-23T10:22:44+00:00\",\"dateModified\":\"2021-11-23T10:22:45+00:00\",\"mainEntityOfPage\":{\"@id\":\"https:\/\/www.mpppst.gob.ve\/mpppstweb\/index.php\/2021\/11\/23\/ministro-jorge-arreaza-constata-actividad-de-aceria-de-palanquillas-de-sidor\/\"},\"wordCount\":217,\"publisher\":{\"@id\":\"https:\/\/www.mpppst.gob.ve\/mpppstweb\/#organization\"},\"image\":{\"@id\":\"https:\/\/www.mpppst.gob.ve\/mpppstweb\/index.php\/2021\/11\/23\/ministro-jorge-arreaza-constata-actividad-de-aceria-de-palanquillas-de-sidor\/#primaryimage\"},\"thumbnailUrl\":\"https:\/\/www.mpppst.gob.ve\/mpppstweb\/wp-content\/uploads\/2021\/11\/SIDOR-PALANQUILLAS-768x427-1.jpg\",\"articleSection\":[\"Gobierno Nacional\"],\"inLanguage\":\"es\"},{\"@type\":\"WebPage\",\"@id\":\"https:\/\/www.mpppst.gob.ve\/mpppstweb\/index.php\/2021\/11\/23\/ministro-jorge-arreaza-constata-actividad-de-aceria-de-palanquillas-de-sidor\/\",\"url\":\"https:\/\/www.mpppst.gob.ve\/mpppstweb\/index.php\/2021\/11\/23\/ministro-jorge-arreaza-constata-actividad-de-aceria-de-palanquillas-de-sidor\/\",\"name\":\"Ministro Jorge Arreaza constata actividad de acer\u00eda de palanquillas de Sidor - MPPPST\",\"isPartOf\":{\"@id\":\"https:\/\/www.mpppst.gob.ve\/mpppstweb\/#website\"},\"primaryImageOfPage\":{\"@id\":\"https:\/\/www.mpppst.gob.ve\/mpppstweb\/index.php\/2021\/11\/23\/ministro-jorge-arreaza-constata-actividad-de-aceria-de-palanquillas-de-sidor\/#primaryimage\"},\"image\":{\"@id\":\"https:\/\/www.mpppst.gob.ve\/mpppstweb\/index.php\/2021\/11\/23\/ministro-jorge-arreaza-constata-actividad-de-aceria-de-palanquillas-de-sidor\/#primaryimage\"},\"thumbnailUrl\":\"https:\/\/www.mpppst.gob.ve\/mpppstweb\/wp-content\/uploads\/2021\/11\/SIDOR-PALANQUILLAS-768x427-1.jpg\",\"datePublished\":\"2021-11-23T10:22:44+00:00\",\"dateModified\":\"2021-11-23T10:22:45+00:00\",\"breadcrumb\":{\"@id\":\"https:\/\/www.mpppst.gob.ve\/mpppstweb\/index.php\/2021\/11\/23\/ministro-jorge-arreaza-constata-actividad-de-aceria-de-palanquillas-de-sidor\/#breadcrumb\"},\"inLanguage\":\"es\",\"potentialAction\":[{\"@type\":\"ReadAction\",\"target\":[\"https:\/\/www.mpppst.gob.ve\/mpppstweb\/index.php\/2021\/11\/23\/ministro-jorge-arreaza-constata-actividad-de-aceria-de-palanquillas-de-sidor\/\"]}]},{\"@type\":\"ImageObject\",\"inLanguage\":\"es\",\"@id\":\"https:\/\/www.mpppst.gob.ve\/mpppstweb\/index.php\/2021\/11\/23\/ministro-jorge-arreaza-constata-actividad-de-aceria-de-palanquillas-de-sidor\/#primaryimage\",\"url\":\"https:\/\/www.mpppst.gob.ve\/mpppstweb\/wp-content\/uploads\/2021\/11\/SIDOR-PALANQUILLAS-768x427-1.jpg\",\"contentUrl\":\"https:\/\/www.mpppst.gob.ve\/mpppstweb\/wp-content\/uploads\/2021\/11\/SIDOR-PALANQUILLAS-768x427-1.jpg\",\"width\":768,\"height\":427},{\"@type\":\"BreadcrumbList\",\"@id\":\"https:\/\/www.mpppst.gob.ve\/mpppstweb\/index.php\/2021\/11\/23\/ministro-jorge-arreaza-constata-actividad-de-aceria-de-palanquillas-de-sidor\/#breadcrumb\",\"itemListElement\":[{\"@type\":\"ListItem\",\"position\":1,\"name\":\"Home\",\"item\":\"https:\/\/www.mpppst.gob.ve\/mpppstweb\/\"},{\"@type\":\"ListItem\",\"position\":2,\"name\":\"Ministro Jorge Arreaza constata actividad de acer\u00eda de palanquillas de Sidor\"}]},{\"@type\":\"WebSite\",\"@id\":\"https:\/\/www.mpppst.gob.ve\/mpppstweb\/#website\",\"url\":\"https:\/\/www.mpppst.gob.ve\/mpppstweb\/\",\"name\":\"MPPPST\",\"description\":\"Ministerio del Poder Popular para el Proceso Social de Trabajo\",\"publisher\":{\"@id\":\"https:\/\/www.mpppst.gob.ve\/mpppstweb\/#organization\"},\"potentialAction\":[{\"@type\":\"SearchAction\",\"target\":{\"@type\":\"EntryPoint\",\"urlTemplate\":\"https:\/\/www.mpppst.gob.ve\/mpppstweb\/?s={search_term_string}\"},\"query-input\":\"required name=search_term_string\"}],\"inLanguage\":\"es\"},{\"@type\":\"Organization\",\"@id\":\"https:\/\/www.mpppst.gob.ve\/mpppstweb\/#organization\",\"name\":\"mpppst\",\"url\":\"https:\/\/www.mpppst.gob.ve\/mpppstweb\/\",\"logo\":{\"@type\":\"ImageObject\",\"inLanguage\":\"es\",\"@id\":\"https:\/\/www.mpppst.gob.ve\/mpppstweb\/#\/schema\/logo\/image\/\",\"url\":\"https:\/\/www.mpppst.gob.ve\/mpppstweb\/wp-content\/uploads\/2025\/07\/cropped-cropped-g910.png\",\"contentUrl\":\"https:\/\/www.mpppst.gob.ve\/mpppstweb\/wp-content\/uploads\/2025\/07\/cropped-cropped-g910.png\",\"width\":1080,\"height\":241,\"caption\":\"mpppst\"},\"image\":{\"@id\":\"https:\/\/www.mpppst.gob.ve\/mpppstweb\/#\/schema\/logo\/image\/\"}},{\"@type\":\"Person\",\"@id\":\"https:\/\/www.mpppst.gob.ve\/mpppstweb\/#\/schema\/person\/fc187ee8ead412bd4c9304b62f900ea4\",\"name\":\"MPPPST Prensa\",\"url\":\"https:\/\/www.mpppst.gob.ve\/mpppstweb\/index.php\/author\/prensa-mpppst\/\"}]}<\/script>\n<!-- \/ Yoast SEO plugin. -->","yoast_head_json":{"title":"Ministro Jorge Arreaza constata actividad de acer\u00eda de palanquillas de Sidor - MPPPST","robots":{"index":"index","follow":"follow","max-snippet":"max-snippet:-1","max-image-preview":"max-image-preview:large","max-video-preview":"max-video-preview:-1"},"canonical":"https:\/\/www.mpppst.gob.ve\/mpppstweb\/index.php\/2021\/11\/23\/ministro-jorge-arreaza-constata-actividad-de-aceria-de-palanquillas-de-sidor\/","og_locale":"es_ES","og_type":"article","og_title":"Ministro Jorge Arreaza constata actividad de acer\u00eda de palanquillas de Sidor - MPPPST","og_description":"El ministro del Poder Popular de Industrias y Producci\u00f3n Nacional,&nbsp;Jorge Arreaza, visit\u00f3 este viernes la Acer\u00eda &hellip; Ministro Jorge Arreaza constata actividad de acer\u00eda de palanquillas de SidorRead more","og_url":"https:\/\/www.mpppst.gob.ve\/mpppstweb\/index.php\/2021\/11\/23\/ministro-jorge-arreaza-constata-actividad-de-aceria-de-palanquillas-de-sidor\/","og_site_name":"MPPPST","article_published_time":"2021-11-23T10:22:44+00:00","article_modified_time":"2021-11-23T10:22:45+00:00","og_image":[{"width":768,"height":427,"url":"https:\/\/www.mpppst.gob.ve\/mpppstweb\/wp-content\/uploads\/2021\/11\/SIDOR-PALANQUILLAS-768x427-1.jpg","type":"image\/jpeg"}],"author":"MPPPST Prensa","twitter_card":"summary_large_image","twitter_misc":{"Escrito por":"MPPPST Prensa","Tiempo de lectura":"1 minuto"},"schema":{"@context":"https:\/\/schema.org","@graph":[{"@type":"Article","@id":"https:\/\/www.mpppst.gob.ve\/mpppstweb\/index.php\/2021\/11\/23\/ministro-jorge-arreaza-constata-actividad-de-aceria-de-palanquillas-de-sidor\/#article","isPartOf":{"@id":"https:\/\/www.mpppst.gob.ve\/mpppstweb\/index.php\/2021\/11\/23\/ministro-jorge-arreaza-constata-actividad-de-aceria-de-palanquillas-de-sidor\/"},"author":{"name":"MPPPST Prensa","@id":"https:\/\/www.mpppst.gob.ve\/mpppstweb\/#\/schema\/person\/fc187ee8ead412bd4c9304b62f900ea4"},"headline":"Ministro Jorge Arreaza constata actividad de acer\u00eda de palanquillas de Sidor","datePublished":"2021-11-23T10:22:44+00:00","dateModified":"2021-11-23T10:22:45+00:00","mainEntityOfPage":{"@id":"https:\/\/www.mpppst.gob.ve\/mpppstweb\/index.php\/2021\/11\/23\/ministro-jorge-arreaza-constata-actividad-de-aceria-de-palanquillas-de-sidor\/"},"wordCount":217,"publisher":{"@id":"https:\/\/www.mpppst.gob.ve\/mpppstweb\/#organization"},"image":{"@id":"https:\/\/www.mpppst.gob.ve\/mpppstweb\/index.php\/2021\/11\/23\/ministro-jorge-arreaza-constata-actividad-de-aceria-de-palanquillas-de-sidor\/#primaryimage"},"thumbnailUrl":"https:\/\/www.mpppst.gob.ve\/mpppstweb\/wp-content\/uploads\/2021\/11\/SIDOR-PALANQUILLAS-768x427-1.jpg","articleSection":["Gobierno Nacional"],"inLanguage":"es"},{"@type":"WebPage","@id":"https:\/\/www.mpppst.gob.ve\/mpppstweb\/index.php\/2021\/11\/23\/ministro-jorge-arreaza-constata-actividad-de-aceria-de-palanquillas-de-sidor\/","url":"https:\/\/www.mpppst.gob.ve\/mpppstweb\/index.php\/2021\/11\/23\/ministro-jorge-arreaza-constata-actividad-de-aceria-de-palanquillas-de-sidor\/","name":"Ministro Jorge Arreaza constata actividad de acer\u00eda de palanquillas de Sidor - MPPPST","isPartOf":{"@id":"https:\/\/www.mpppst.gob.ve\/mpppstweb\/#website"},"primaryImageOfPage":{"@id":"https:\/\/www.mpppst.gob.ve\/mpppstweb\/index.php\/2021\/11\/23\/ministro-jorge-arreaza-constata-actividad-de-aceria-de-palanquillas-de-sidor\/#primaryimage"},"image":{"@id":"https:\/\/www.mpppst.gob.ve\/mpppstweb\/index.php\/2021\/11\/23\/ministro-jorge-arreaza-constata-actividad-de-aceria-de-palanquillas-de-sidor\/#primaryimage"},"thumbnailUrl":"https:\/\/www.mpppst.gob.ve\/mpppstweb\/wp-content\/uploads\/2021\/11\/SIDOR-PALANQUILLAS-768x427-1.jpg","datePublished":"2021-11-23T10:22:44+00:00","dateModified":"2021-11-23T10:22:45+00:00","breadcrumb":{"@id":"https:\/\/www.mpppst.gob.ve\/mpppstweb\/index.php\/2021\/11\/23\/ministro-jorge-arreaza-constata-actividad-de-aceria-de-palanquillas-de-sidor\/#breadcrumb"},"inLanguage":"es","potentialAction":[{"@type":"ReadAction","target":["https:\/\/www.mpppst.gob.ve\/mpppstweb\/index.php\/2021\/11\/23\/ministro-jorge-arreaza-constata-actividad-de-aceria-de-palanquillas-de-sidor\/"]}]},{"@type":"ImageObject","inLanguage":"es","@id":"https:\/\/www.mpppst.gob.ve\/mpppstweb\/index.php\/2021\/11\/23\/ministro-jorge-arreaza-constata-actividad-de-aceria-de-palanquillas-de-sidor\/#primaryimage","url":"https:\/\/www.mpppst.gob.ve\/mpppstweb\/wp-content\/uploads\/2021\/11\/SIDOR-PALANQUILLAS-768x427-1.jpg","contentUrl":"https:\/\/www.mpppst.gob.ve\/mpppstweb\/wp-content\/uploads\/2021\/11\/SIDOR-PALANQUILLAS-768x427-1.jpg","width":768,"height":427},{"@type":"BreadcrumbList","@id":"https:\/\/www.mpppst.gob.ve\/mpppstweb\/index.php\/2021\/11\/23\/ministro-jorge-arreaza-constata-actividad-de-aceria-de-palanquillas-de-sidor\/#breadcrumb","itemListElement":[{"@type":"ListItem","position":1,"name":"Home","item":"https:\/\/www.mpppst.gob.ve\/mpppstweb\/"},{"@type":"ListItem","position":2,"name":"Ministro Jorge Arreaza constata actividad de acer\u00eda de palanquillas de Sidor"}]},{"@type":"WebSite","@id":"https:\/\/www.mpppst.gob.ve\/mpppstweb\/#website","url":"https:\/\/www.mpppst.gob.ve\/mpppstweb\/","name":"MPPPST","description":"Ministerio del Poder Popular para el Proceso Social de Trabajo","publisher":{"@id":"https:\/\/www.mpppst.gob.ve\/mpppstweb\/#organization"},"potentialAction":[{"@type":"SearchAction","target":{"@type":"EntryPoint","urlTemplate":"https:\/\/www.mpppst.gob.ve\/mpppstweb\/?s={search_term_string}"},"query-input":"required name=search_term_string"}],"inLanguage":"es"},{"@type":"Organization","@id":"https:\/\/www.mpppst.gob.ve\/mpppstweb\/#organization","name":"mpppst","url":"https:\/\/www.mpppst.gob.ve\/mpppstweb\/","logo":{"@type":"ImageObject","inLanguage":"es","@id":"https:\/\/www.mpppst.gob.ve\/mpppstweb\/#\/schema\/logo\/image\/","url":"https:\/\/www.mpppst.gob.ve\/mpppstweb\/wp-content\/uploads\/2025\/07\/cropped-cropped-g910.png","contentUrl":"https:\/\/www.mpppst.gob.ve\/mpppstweb\/wp-content\/uploads\/2025\/07\/cropped-cropped-g910.png","width":1080,"height":241,"caption":"mpppst"},"image":{"@id":"https:\/\/www.mpppst.gob.ve\/mpppstweb\/#\/schema\/logo\/image\/"}},{"@type":"Person","@id":"https:\/\/www.mpppst.gob.ve\/mpppstweb\/#\/schema\/person\/fc187ee8ead412bd4c9304b62f900ea4","name":"MPPPST Prensa","url":"https:\/\/www.mpppst.gob.ve\/mpppstweb\/index.php\/author\/prensa-mpppst\/"}]}},"_links":{"self":[{"href":"https:\/\/www.mpppst.gob.ve\/mpppstweb\/index.php\/wp-json\/wp\/v2\/posts\/23956"}],"collection":[{"href":"https:\/\/www.mpppst.gob.ve\/mpppstweb\/index.php\/wp-json\/wp\/v2\/posts"}],"about":[{"href":"https:\/\/www.mpppst.gob.ve\/mpppstweb\/index.php\/wp-json\/wp\/v2\/types\/post"}],"author":[{"embeddable":true,"href":"https:\/\/www.mpppst.gob.ve\/mpppstweb\/index.php\/wp-json\/wp\/v2\/users\/25"}],"replies":[{"embeddable":true,"href":"https:\/\/www.mpppst.gob.ve\/mpppstweb\/index.php\/wp-json\/wp\/v2\/comments?post=23956"}],"version-history":[{"count":1,"href":"https:\/\/www.mpppst.gob.ve\/mpppstweb\/index.php\/wp-json\/wp\/v2\/posts\/23956\/revisions"}],"predecessor-version":[{"id":23958,"href":"https:\/\/www.mpppst.gob.ve\/mpppstweb\/index.php\/wp-json\/wp\/v2\/posts\/23956\/revisions\/23958"}],"wp:featuredmedia":[{"embeddable":true,"href":"https:\/\/www.mpppst.gob.ve\/mpppstweb\/index.php\/wp-json\/wp\/v2\/media\/23957"}],"wp:attachment":[{"href":"https:\/\/www.mpppst.gob.ve\/mpppstweb\/index.php\/wp-json\/wp\/v2\/media?parent=23956"}],"wp:term":[{"taxonomy":"category","embeddable":true,"href":"https:\/\/www.mpppst.gob.ve\/mpppstweb\/index.php\/wp-json\/wp\/v2\/categories?post=23956"},{"taxonomy":"post_tag","embeddable":true,"href":"https:\/\/www.mpppst.gob.ve\/mpppstweb\/index.php\/wp-json\/wp\/v2\/tags?post=23956"}],"curies":[{"name":"wp","href":"https:\/\/api.w.org\/{rel}","templated":true}]}}