{"id":23962,"date":"2021-11-24T06:58:46","date_gmt":"2021-11-24T10:58:46","guid":{"rendered":"http:\/\/www.mpppst.gob.ve\/mpppstweb\/?p=23962"},"modified":"2021-11-24T06:58:47","modified_gmt":"2021-11-24T10:58:47","slug":"celebran-72-aniversario-de-ipasme-con-entrega-de-reconocimiento-a-sus-trabajadores","status":"publish","type":"post","link":"https:\/\/www.mpppst.gob.ve\/mpppstweb\/index.php\/2021\/11\/24\/celebran-72-aniversario-de-ipasme-con-entrega-de-reconocimiento-a-sus-trabajadores\/","title":{"rendered":"Celebran 72\u00b0 aniversario de Ipasme con entrega de reconocimiento a sus trabajadores"},"content":{"rendered":"\n<p class=\"wp-block-paragraph\">En la celebraci\u00f3n del 72\u00b0 aniversario de Instituto de Previsi\u00f3n y Asistencia Social para el personal del Ministerio de Educaci\u00f3n (Ipasme) este martes, la titular de la cartera,&nbsp;<strong>Yelitze Santaella,<\/strong>&nbsp;entreg\u00f3 botones de reconocimiento por a\u00f1os de servicio a sus trabajadores.<\/p>\n\n\n\n<p class=\"wp-block-paragraph\">La actividad cont\u00f3 con la participaci\u00f3n de las autoridades de Ispasme, desde las instalaciones de la Fundaci\u00f3n Casa de las Letras Andr\u00e9s Bello en Caracas.<\/p>\n\n\n\n<p class=\"wp-block-paragraph\">\u201cNosotros somos un equipo, yo soy una trabajadora m\u00e1s junto a ustedes, somos clase trabajadora, que hoy est\u00e1 batallando y dando muestra que s\u00ed podemos.\u201d, expres\u00f3 la Ministra; asimismo reconoci\u00f3 el esfuerzo que realiza la familia del Ispame para garantizar la salud al sector educativo.<\/p>\n\n\n\n<figure class=\"wp-block-image\"><img decoding=\"async\" src=\"https:\/\/www.vtv.gob.ve\/wp-content\/uploads\/2021\/11\/@MPPEDUCACION2.jpg\" alt=\"\" class=\"wp-image-441245\"\/><figcaption>Foto: @MPPEDUCACION<\/figcaption><\/figure>\n\n\n\n<p class=\"wp-block-paragraph\">En el encuentro recibieron los botones los trabajadores que cumplieron 10, 15, 20, 25, 30, 40 a\u00f1os de labor, de esta forma enaltecer todo su esfuerzo en la mencionada instituci\u00f3n.<\/p>\n\n\n\n<figure><iframe allowfullscreen=\"true\" class=\"\" src=\"https:\/\/platform.twitter.com\/embed\/Tweet.html?creatorScreenName=VTVcanal8&amp;dnt=false&amp;embedId=twitter-widget-0&amp;features=eyJ0ZndfZXhwZXJpbWVudHNfY29va2llX2V4cGlyYXRpb24iOnsiYnVja2V0IjoxMjA5NjAwLCJ2ZXJzaW9uIjpudWxsfSwidGZ3X2hvcml6b25fdHdlZXRfZW1iZWRfOTU1NSI6eyJidWNrZXQiOiJodGUiLCJ2ZXJzaW9uIjpudWxsfSwidGZ3X3NwYWNlX2NhcmQiOnsiYnVja2V0Ijoib2ZmIiwidmVyc2lvbiI6bnVsbH19&amp;frame=false&amp;hideCard=false&amp;hideThread=false&amp;id=1463170858751602695&amp;lang=es&amp;origin=https%3A%2F%2Fwww.vtv.gob.ve%2Fcelebracion-aniversario-ipasme-entregan-reconocimiento-trabajadores%2F&amp;sessionId=5c3c022730136865929358b7ee852f746e5d97a8&amp;siteScreenName=VTVcanal8&amp;theme=light&amp;widgetsVersion=f001879%3A1634581029404&amp;width=550px\"><\/iframe><\/figure>\n","protected":false},"excerpt":{"rendered":"<p>En la celebraci\u00f3n del 72\u00b0 aniversario de Instituto de Previsi\u00f3n y Asistencia Social para el personal &hellip; <a title=\"Celebran 72\u00b0 aniversario de Ipasme con entrega de reconocimiento a sus trabajadores\" class=\"hm-read-more\" href=\"https:\/\/www.mpppst.gob.ve\/mpppstweb\/index.php\/2021\/11\/24\/celebran-72-aniversario-de-ipasme-con-entrega-de-reconocimiento-a-sus-trabajadores\/\"><span class=\"screen-reader-text\">Celebran 72\u00b0 aniversario de Ipasme con entrega de reconocimiento a sus trabajadores<\/span>Leer m\u00e1s<\/a><\/p>\n","protected":false},"author":25,"featured_media":23963,"comment_status":"closed","ping_status":"closed","sticky":false,"template":"","format":"standard","meta":{"footnotes":""},"categories":[82,163],"tags":[],"class_list":["post-23962","post","type-post","status-publish","format-standard","has-post-thumbnail","hentry","category-gobierno-nacional","category-noticias"],"yoast_head":"<!-- This site is optimized with the Yoast SEO plugin v28.4 - https:\/\/yoast.com\/product\/yoast-seo-wordpress\/ -->\n<title>Celebran 72\u00b0 aniversario de Ipasme con entrega de reconocimiento a sus trabajadores - MPPPST<\/title>\n<meta name=\"robots\" content=\"index, follow, max-snippet:-1, max-image-preview:large, max-video-preview:-1\" \/>\n<link rel=\"canonical\" href=\"https:\/\/www.mpppst.gob.ve\/mpppstweb\/index.php\/2021\/11\/24\/celebran-72-aniversario-de-ipasme-con-entrega-de-reconocimiento-a-sus-trabajadores\/\" \/>\n<meta property=\"og:locale\" content=\"es_ES\" \/>\n<meta property=\"og:type\" content=\"article\" \/>\n<meta property=\"og:title\" content=\"Celebran 72\u00b0 aniversario de Ipasme con entrega de reconocimiento a sus trabajadores - MPPPST\" \/>\n<meta property=\"og:description\" content=\"En la celebraci\u00f3n del 72\u00b0 aniversario de Instituto de Previsi\u00f3n y Asistencia Social para el personal &hellip; Celebran 72\u00b0 aniversario de Ipasme con entrega de reconocimiento a sus trabajadoresLeer m\u00e1s\" \/>\n<meta property=\"og:url\" content=\"https:\/\/www.mpppst.gob.ve\/mpppstweb\/index.php\/2021\/11\/24\/celebran-72-aniversario-de-ipasme-con-entrega-de-reconocimiento-a-sus-trabajadores\/\" \/>\n<meta property=\"og:site_name\" content=\"MPPPST\" \/>\n<meta property=\"article:publisher\" content=\"https:\/\/www.facebook.com\/mintrabajo_ve\" \/>\n<meta property=\"article:published_time\" content=\"2021-11-24T10:58:46+00:00\" \/>\n<meta property=\"article:modified_time\" content=\"2021-11-24T10:58:47+00:00\" \/>\n<meta property=\"og:image\" content=\"https:\/\/www.mpppst.gob.ve\/mpppstweb\/wp-content\/uploads\/2021\/11\/@MPPEDUCACION-768x427-1.png\" \/>\n\t<meta property=\"og:image:width\" content=\"768\" \/>\n\t<meta property=\"og:image:height\" content=\"427\" \/>\n\t<meta property=\"og:image:type\" content=\"image\/png\" \/>\n<meta name=\"author\" content=\"MPPPST Prensa\" \/>\n<meta name=\"twitter:card\" content=\"summary_large_image\" \/>\n<script type=\"application\/ld+json\" class=\"yoast-schema-graph\">{\"@context\":\"https:\\\/\\\/schema.org\",\"@graph\":[{\"@type\":\"Article\",\"@id\":\"https:\\\/\\\/www.mpppst.gob.ve\\\/mpppstweb\\\/index.php\\\/2021\\\/11\\\/24\\\/celebran-72-aniversario-de-ipasme-con-entrega-de-reconocimiento-a-sus-trabajadores\\\/#article\",\"isPartOf\":{\"@id\":\"https:\\\/\\\/www.mpppst.gob.ve\\\/mpppstweb\\\/index.php\\\/2021\\\/11\\\/24\\\/celebran-72-aniversario-de-ipasme-con-entrega-de-reconocimiento-a-sus-trabajadores\\\/\"},\"author\":{\"name\":\"MPPPST Prensa\",\"@id\":\"https:\\\/\\\/www.mpppst.gob.ve\\\/mpppstweb\\\/#\\\/schema\\\/person\\\/fc187ee8ead412bd4c9304b62f900ea4\"},\"headline\":\"Celebran 72\u00b0 aniversario de Ipasme con entrega de reconocimiento a sus trabajadores\",\"datePublished\":\"2021-11-24T10:58:46+00:00\",\"dateModified\":\"2021-11-24T10:58:47+00:00\",\"mainEntityOfPage\":{\"@id\":\"https:\\\/\\\/www.mpppst.gob.ve\\\/mpppstweb\\\/index.php\\\/2021\\\/11\\\/24\\\/celebran-72-aniversario-de-ipasme-con-entrega-de-reconocimiento-a-sus-trabajadores\\\/\"},\"wordCount\":159,\"publisher\":{\"@id\":\"https:\\\/\\\/www.mpppst.gob.ve\\\/mpppstweb\\\/#organization\"},\"image\":{\"@id\":\"https:\\\/\\\/www.mpppst.gob.ve\\\/mpppstweb\\\/index.php\\\/2021\\\/11\\\/24\\\/celebran-72-aniversario-de-ipasme-con-entrega-de-reconocimiento-a-sus-trabajadores\\\/#primaryimage\"},\"thumbnailUrl\":\"https:\\\/\\\/www.mpppst.gob.ve\\\/mpppstweb\\\/wp-content\\\/uploads\\\/2021\\\/11\\\/@MPPEDUCACION-768x427-1.png\",\"articleSection\":[\"Gobierno Nacional\",\"Noticias\"],\"inLanguage\":\"es\"},{\"@type\":\"WebPage\",\"@id\":\"https:\\\/\\\/www.mpppst.gob.ve\\\/mpppstweb\\\/index.php\\\/2021\\\/11\\\/24\\\/celebran-72-aniversario-de-ipasme-con-entrega-de-reconocimiento-a-sus-trabajadores\\\/\",\"url\":\"https:\\\/\\\/www.mpppst.gob.ve\\\/mpppstweb\\\/index.php\\\/2021\\\/11\\\/24\\\/celebran-72-aniversario-de-ipasme-con-entrega-de-reconocimiento-a-sus-trabajadores\\\/\",\"name\":\"Celebran 72\u00b0 aniversario de Ipasme con entrega de reconocimiento a sus trabajadores - MPPPST\",\"isPartOf\":{\"@id\":\"https:\\\/\\\/www.mpppst.gob.ve\\\/mpppstweb\\\/#website\"},\"primaryImageOfPage\":{\"@id\":\"https:\\\/\\\/www.mpppst.gob.ve\\\/mpppstweb\\\/index.php\\\/2021\\\/11\\\/24\\\/celebran-72-aniversario-de-ipasme-con-entrega-de-reconocimiento-a-sus-trabajadores\\\/#primaryimage\"},\"image\":{\"@id\":\"https:\\\/\\\/www.mpppst.gob.ve\\\/mpppstweb\\\/index.php\\\/2021\\\/11\\\/24\\\/celebran-72-aniversario-de-ipasme-con-entrega-de-reconocimiento-a-sus-trabajadores\\\/#primaryimage\"},\"thumbnailUrl\":\"https:\\\/\\\/www.mpppst.gob.ve\\\/mpppstweb\\\/wp-content\\\/uploads\\\/2021\\\/11\\\/@MPPEDUCACION-768x427-1.png\",\"datePublished\":\"2021-11-24T10:58:46+00:00\",\"dateModified\":\"2021-11-24T10:58:47+00:00\",\"breadcrumb\":{\"@id\":\"https:\\\/\\\/www.mpppst.gob.ve\\\/mpppstweb\\\/index.php\\\/2021\\\/11\\\/24\\\/celebran-72-aniversario-de-ipasme-con-entrega-de-reconocimiento-a-sus-trabajadores\\\/#breadcrumb\"},\"inLanguage\":\"es\",\"potentialAction\":[{\"@type\":\"ReadAction\",\"target\":[\"https:\\\/\\\/www.mpppst.gob.ve\\\/mpppstweb\\\/index.php\\\/2021\\\/11\\\/24\\\/celebran-72-aniversario-de-ipasme-con-entrega-de-reconocimiento-a-sus-trabajadores\\\/\"]}]},{\"@type\":\"ImageObject\",\"inLanguage\":\"es\",\"@id\":\"https:\\\/\\\/www.mpppst.gob.ve\\\/mpppstweb\\\/index.php\\\/2021\\\/11\\\/24\\\/celebran-72-aniversario-de-ipasme-con-entrega-de-reconocimiento-a-sus-trabajadores\\\/#primaryimage\",\"url\":\"https:\\\/\\\/www.mpppst.gob.ve\\\/mpppstweb\\\/wp-content\\\/uploads\\\/2021\\\/11\\\/@MPPEDUCACION-768x427-1.png\",\"contentUrl\":\"https:\\\/\\\/www.mpppst.gob.ve\\\/mpppstweb\\\/wp-content\\\/uploads\\\/2021\\\/11\\\/@MPPEDUCACION-768x427-1.png\",\"width\":768,\"height\":427},{\"@type\":\"BreadcrumbList\",\"@id\":\"https:\\\/\\\/www.mpppst.gob.ve\\\/mpppstweb\\\/index.php\\\/2021\\\/11\\\/24\\\/celebran-72-aniversario-de-ipasme-con-entrega-de-reconocimiento-a-sus-trabajadores\\\/#breadcrumb\",\"itemListElement\":[{\"@type\":\"ListItem\",\"position\":1,\"name\":\"Home\",\"item\":\"https:\\\/\\\/www.mpppst.gob.ve\\\/mpppstweb\\\/\"},{\"@type\":\"ListItem\",\"position\":2,\"name\":\"Celebran 72\u00b0 aniversario de Ipasme con entrega de reconocimiento a sus trabajadores\"}]},{\"@type\":\"WebSite\",\"@id\":\"https:\\\/\\\/www.mpppst.gob.ve\\\/mpppstweb\\\/#website\",\"url\":\"https:\\\/\\\/www.mpppst.gob.ve\\\/mpppstweb\\\/\",\"name\":\"MPPPST\",\"description\":\"Sitio web oficial del Ministerio del Poder Popular para el Proceso Social de Trabajo\",\"publisher\":{\"@id\":\"https:\\\/\\\/www.mpppst.gob.ve\\\/mpppstweb\\\/#organization\"},\"alternateName\":\"Ministerio del Poder Popular para el Proceso Social de Trabajo\",\"potentialAction\":[{\"@type\":\"SearchAction\",\"target\":{\"@type\":\"EntryPoint\",\"urlTemplate\":\"https:\\\/\\\/www.mpppst.gob.ve\\\/mpppstweb\\\/?s={search_term_string}\"},\"query-input\":{\"@type\":\"PropertyValueSpecification\",\"valueRequired\":true,\"valueName\":\"search_term_string\"}}],\"inLanguage\":\"es\"},{\"@type\":\"Organization\",\"@id\":\"https:\\\/\\\/www.mpppst.gob.ve\\\/mpppstweb\\\/#organization\",\"name\":\"Ministerio del Poder Popular para el Proceso Social de Trabajo\",\"alternateName\":\"MPPPST\",\"url\":\"https:\\\/\\\/www.mpppst.gob.ve\\\/mpppstweb\\\/\",\"logo\":{\"@type\":\"ImageObject\",\"inLanguage\":\"es\",\"@id\":\"https:\\\/\\\/www.mpppst.gob.ve\\\/mpppstweb\\\/#\\\/schema\\\/logo\\\/image\\\/\",\"url\":\"https:\\\/\\\/www.mpppst.gob.ve\\\/mpppstweb\\\/wp-content\\\/uploads\\\/2025\\\/07\\\/cropped-cropped-g910.png\",\"contentUrl\":\"https:\\\/\\\/www.mpppst.gob.ve\\\/mpppstweb\\\/wp-content\\\/uploads\\\/2025\\\/07\\\/cropped-cropped-g910.png\",\"width\":1080,\"height\":241,\"caption\":\"Ministerio del Poder Popular para el Proceso Social de Trabajo\"},\"image\":{\"@id\":\"https:\\\/\\\/www.mpppst.gob.ve\\\/mpppstweb\\\/#\\\/schema\\\/logo\\\/image\\\/\"},\"sameAs\":[\"https:\\\/\\\/www.facebook.com\\\/mintrabajo_ve\",\"https:\\\/\\\/www.instagram.com\\\/mintrabajo_ve\\\/\",\"https:\\\/\\\/www.tiktok.com\\\/@mintrabajo_ve\",\"https:\\\/\\\/t.me\\\/mpppst\"]},{\"@type\":\"Person\",\"@id\":\"https:\\\/\\\/www.mpppst.gob.ve\\\/mpppstweb\\\/#\\\/schema\\\/person\\\/fc187ee8ead412bd4c9304b62f900ea4\",\"name\":\"MPPPST Prensa\",\"url\":\"https:\\\/\\\/www.mpppst.gob.ve\\\/mpppstweb\\\/index.php\\\/author\\\/prensa-mpppst\\\/\"}]}<\/script>\n<!-- \/ Yoast SEO plugin. -->","yoast_head_json":{"title":"Celebran 72\u00b0 aniversario de Ipasme con entrega de reconocimiento a sus trabajadores - MPPPST","robots":{"index":"index","follow":"follow","max-snippet":"max-snippet:-1","max-image-preview":"max-image-preview:large","max-video-preview":"max-video-preview:-1"},"canonical":"https:\/\/www.mpppst.gob.ve\/mpppstweb\/index.php\/2021\/11\/24\/celebran-72-aniversario-de-ipasme-con-entrega-de-reconocimiento-a-sus-trabajadores\/","og_locale":"es_ES","og_type":"article","og_title":"Celebran 72\u00b0 aniversario de Ipasme con entrega de reconocimiento a sus trabajadores - MPPPST","og_description":"En la celebraci\u00f3n del 72\u00b0 aniversario de Instituto de Previsi\u00f3n y Asistencia Social para el personal &hellip; Celebran 72\u00b0 aniversario de Ipasme con entrega de reconocimiento a sus trabajadoresLeer m\u00e1s","og_url":"https:\/\/www.mpppst.gob.ve\/mpppstweb\/index.php\/2021\/11\/24\/celebran-72-aniversario-de-ipasme-con-entrega-de-reconocimiento-a-sus-trabajadores\/","og_site_name":"MPPPST","article_publisher":"https:\/\/www.facebook.com\/mintrabajo_ve","article_published_time":"2021-11-24T10:58:46+00:00","article_modified_time":"2021-11-24T10:58:47+00:00","og_image":[{"width":768,"height":427,"url":"https:\/\/www.mpppst.gob.ve\/mpppstweb\/wp-content\/uploads\/2021\/11\/@MPPEDUCACION-768x427-1.png","type":"image\/png"}],"author":"MPPPST Prensa","twitter_card":"summary_large_image","schema":{"@context":"https:\/\/schema.org","@graph":[{"@type":"Article","@id":"https:\/\/www.mpppst.gob.ve\/mpppstweb\/index.php\/2021\/11\/24\/celebran-72-aniversario-de-ipasme-con-entrega-de-reconocimiento-a-sus-trabajadores\/#article","isPartOf":{"@id":"https:\/\/www.mpppst.gob.ve\/mpppstweb\/index.php\/2021\/11\/24\/celebran-72-aniversario-de-ipasme-con-entrega-de-reconocimiento-a-sus-trabajadores\/"},"author":{"name":"MPPPST Prensa","@id":"https:\/\/www.mpppst.gob.ve\/mpppstweb\/#\/schema\/person\/fc187ee8ead412bd4c9304b62f900ea4"},"headline":"Celebran 72\u00b0 aniversario de Ipasme con entrega de reconocimiento a sus trabajadores","datePublished":"2021-11-24T10:58:46+00:00","dateModified":"2021-11-24T10:58:47+00:00","mainEntityOfPage":{"@id":"https:\/\/www.mpppst.gob.ve\/mpppstweb\/index.php\/2021\/11\/24\/celebran-72-aniversario-de-ipasme-con-entrega-de-reconocimiento-a-sus-trabajadores\/"},"wordCount":159,"publisher":{"@id":"https:\/\/www.mpppst.gob.ve\/mpppstweb\/#organization"},"image":{"@id":"https:\/\/www.mpppst.gob.ve\/mpppstweb\/index.php\/2021\/11\/24\/celebran-72-aniversario-de-ipasme-con-entrega-de-reconocimiento-a-sus-trabajadores\/#primaryimage"},"thumbnailUrl":"https:\/\/www.mpppst.gob.ve\/mpppstweb\/wp-content\/uploads\/2021\/11\/@MPPEDUCACION-768x427-1.png","articleSection":["Gobierno Nacional","Noticias"],"inLanguage":"es"},{"@type":"WebPage","@id":"https:\/\/www.mpppst.gob.ve\/mpppstweb\/index.php\/2021\/11\/24\/celebran-72-aniversario-de-ipasme-con-entrega-de-reconocimiento-a-sus-trabajadores\/","url":"https:\/\/www.mpppst.gob.ve\/mpppstweb\/index.php\/2021\/11\/24\/celebran-72-aniversario-de-ipasme-con-entrega-de-reconocimiento-a-sus-trabajadores\/","name":"Celebran 72\u00b0 aniversario de Ipasme con entrega de reconocimiento a sus trabajadores - MPPPST","isPartOf":{"@id":"https:\/\/www.mpppst.gob.ve\/mpppstweb\/#website"},"primaryImageOfPage":{"@id":"https:\/\/www.mpppst.gob.ve\/mpppstweb\/index.php\/2021\/11\/24\/celebran-72-aniversario-de-ipasme-con-entrega-de-reconocimiento-a-sus-trabajadores\/#primaryimage"},"image":{"@id":"https:\/\/www.mpppst.gob.ve\/mpppstweb\/index.php\/2021\/11\/24\/celebran-72-aniversario-de-ipasme-con-entrega-de-reconocimiento-a-sus-trabajadores\/#primaryimage"},"thumbnailUrl":"https:\/\/www.mpppst.gob.ve\/mpppstweb\/wp-content\/uploads\/2021\/11\/@MPPEDUCACION-768x427-1.png","datePublished":"2021-11-24T10:58:46+00:00","dateModified":"2021-11-24T10:58:47+00:00","breadcrumb":{"@id":"https:\/\/www.mpppst.gob.ve\/mpppstweb\/index.php\/2021\/11\/24\/celebran-72-aniversario-de-ipasme-con-entrega-de-reconocimiento-a-sus-trabajadores\/#breadcrumb"},"inLanguage":"es","potentialAction":[{"@type":"ReadAction","target":["https:\/\/www.mpppst.gob.ve\/mpppstweb\/index.php\/2021\/11\/24\/celebran-72-aniversario-de-ipasme-con-entrega-de-reconocimiento-a-sus-trabajadores\/"]}]},{"@type":"ImageObject","inLanguage":"es","@id":"https:\/\/www.mpppst.gob.ve\/mpppstweb\/index.php\/2021\/11\/24\/celebran-72-aniversario-de-ipasme-con-entrega-de-reconocimiento-a-sus-trabajadores\/#primaryimage","url":"https:\/\/www.mpppst.gob.ve\/mpppstweb\/wp-content\/uploads\/2021\/11\/@MPPEDUCACION-768x427-1.png","contentUrl":"https:\/\/www.mpppst.gob.ve\/mpppstweb\/wp-content\/uploads\/2021\/11\/@MPPEDUCACION-768x427-1.png","width":768,"height":427},{"@type":"BreadcrumbList","@id":"https:\/\/www.mpppst.gob.ve\/mpppstweb\/index.php\/2021\/11\/24\/celebran-72-aniversario-de-ipasme-con-entrega-de-reconocimiento-a-sus-trabajadores\/#breadcrumb","itemListElement":[{"@type":"ListItem","position":1,"name":"Home","item":"https:\/\/www.mpppst.gob.ve\/mpppstweb\/"},{"@type":"ListItem","position":2,"name":"Celebran 72\u00b0 aniversario de Ipasme con entrega de reconocimiento a sus trabajadores"}]},{"@type":"WebSite","@id":"https:\/\/www.mpppst.gob.ve\/mpppstweb\/#website","url":"https:\/\/www.mpppst.gob.ve\/mpppstweb\/","name":"MPPPST","description":"Sitio web oficial del Ministerio del Poder Popular para el Proceso Social de Trabajo","publisher":{"@id":"https:\/\/www.mpppst.gob.ve\/mpppstweb\/#organization"},"alternateName":"Ministerio del Poder Popular para el Proceso Social de Trabajo","potentialAction":[{"@type":"SearchAction","target":{"@type":"EntryPoint","urlTemplate":"https:\/\/www.mpppst.gob.ve\/mpppstweb\/?s={search_term_string}"},"query-input":{"@type":"PropertyValueSpecification","valueRequired":true,"valueName":"search_term_string"}}],"inLanguage":"es"},{"@type":"Organization","@id":"https:\/\/www.mpppst.gob.ve\/mpppstweb\/#organization","name":"Ministerio del Poder Popular para el Proceso Social de Trabajo","alternateName":"MPPPST","url":"https:\/\/www.mpppst.gob.ve\/mpppstweb\/","logo":{"@type":"ImageObject","inLanguage":"es","@id":"https:\/\/www.mpppst.gob.ve\/mpppstweb\/#\/schema\/logo\/image\/","url":"https:\/\/www.mpppst.gob.ve\/mpppstweb\/wp-content\/uploads\/2025\/07\/cropped-cropped-g910.png","contentUrl":"https:\/\/www.mpppst.gob.ve\/mpppstweb\/wp-content\/uploads\/2025\/07\/cropped-cropped-g910.png","width":1080,"height":241,"caption":"Ministerio del Poder Popular para el Proceso Social de Trabajo"},"image":{"@id":"https:\/\/www.mpppst.gob.ve\/mpppstweb\/#\/schema\/logo\/image\/"},"sameAs":["https:\/\/www.facebook.com\/mintrabajo_ve","https:\/\/www.instagram.com\/mintrabajo_ve\/","https:\/\/www.tiktok.com\/@mintrabajo_ve","https:\/\/t.me\/mpppst"]},{"@type":"Person","@id":"https:\/\/www.mpppst.gob.ve\/mpppstweb\/#\/schema\/person\/fc187ee8ead412bd4c9304b62f900ea4","name":"MPPPST Prensa","url":"https:\/\/www.mpppst.gob.ve\/mpppstweb\/index.php\/author\/prensa-mpppst\/"}]}},"_links":{"self":[{"href":"https:\/\/www.mpppst.gob.ve\/mpppstweb\/index.php\/wp-json\/wp\/v2\/posts\/23962","targetHints":{"allow":["GET"]}}],"collection":[{"href":"https:\/\/www.mpppst.gob.ve\/mpppstweb\/index.php\/wp-json\/wp\/v2\/posts"}],"about":[{"href":"https:\/\/www.mpppst.gob.ve\/mpppstweb\/index.php\/wp-json\/wp\/v2\/types\/post"}],"author":[{"embeddable":true,"href":"https:\/\/www.mpppst.gob.ve\/mpppstweb\/index.php\/wp-json\/wp\/v2\/users\/25"}],"replies":[{"embeddable":true,"href":"https:\/\/www.mpppst.gob.ve\/mpppstweb\/index.php\/wp-json\/wp\/v2\/comments?post=23962"}],"version-history":[{"count":1,"href":"https:\/\/www.mpppst.gob.ve\/mpppstweb\/index.php\/wp-json\/wp\/v2\/posts\/23962\/revisions"}],"predecessor-version":[{"id":23964,"href":"https:\/\/www.mpppst.gob.ve\/mpppstweb\/index.php\/wp-json\/wp\/v2\/posts\/23962\/revisions\/23964"}],"wp:featuredmedia":[{"embeddable":true,"href":"https:\/\/www.mpppst.gob.ve\/mpppstweb\/index.php\/wp-json\/wp\/v2\/media\/23963"}],"wp:attachment":[{"href":"https:\/\/www.mpppst.gob.ve\/mpppstweb\/index.php\/wp-json\/wp\/v2\/media?parent=23962"}],"wp:term":[{"taxonomy":"category","embeddable":true,"href":"https:\/\/www.mpppst.gob.ve\/mpppstweb\/index.php\/wp-json\/wp\/v2\/categories?post=23962"},{"taxonomy":"post_tag","embeddable":true,"href":"https:\/\/www.mpppst.gob.ve\/mpppstweb\/index.php\/wp-json\/wp\/v2\/tags?post=23962"}],"curies":[{"name":"wp","href":"https:\/\/api.w.org\/{rel}","templated":true}]}}