{"id":24010,"date":"2021-11-30T06:00:28","date_gmt":"2021-11-30T10:00:28","guid":{"rendered":"http:\/\/www.mpppst.gob.ve\/mpppstweb\/?p=24010"},"modified":"2021-11-30T06:00:29","modified_gmt":"2021-11-30T10:00:29","slug":"venezuela-presenta-avances-en-materia-de-estadisticas-y-geografia-ante-la-cepal","status":"publish","type":"post","link":"https:\/\/www.mpppst.gob.ve\/mpppstweb\/index.php\/2021\/11\/30\/venezuela-presenta-avances-en-materia-de-estadisticas-y-geografia-ante-la-cepal\/","title":{"rendered":"Venezuela presenta avances en materia de estad\u00edsticas y geograf\u00eda ante la CEPAL"},"content":{"rendered":"\n<p>Como parte del&nbsp;<strong>Consejo Nacional de Estad\u00edstica y Geograf\u00eda,<\/strong>&nbsp;el ministro del Poder Popular para Planificaci\u00f3n,&nbsp;<strong>Ricardo Men\u00e9ndez<\/strong>, present\u00f3 este 29 de noviembre los avances del pa\u00eds en las materias antes referidas ante una delegaci\u00f3n de la C<strong>omisi\u00f3n Econ\u00f3mica para Am\u00e9rica Latina y el Caribe (CEPAL).<\/strong><\/p>\n\n\n\n<p>Men\u00e9ndez detall\u00f3, en declaraci\u00f3n a los medios de comunicaci\u00f3n, que tener un sistema&nbsp;<strong>estad\u00edstico en el pa\u00eds permite la adecuaci\u00f3n de pol\u00edticas que fortalezcan el desarrollo social, pol\u00edtico, econ\u00f3mico y comercial de la naci\u00f3n.<\/strong><\/p>\n\n\n\n<p>\u201cEl tener un sistema estad\u00edstico y geogr\u00e1fico nos permite adecuar las pol\u00edticas y estad\u00edsticas que no sean simples valores ni agregados nacionales, es el poder saber el d\u00f3nde y cu\u00e1ndo de cada uno de los datos, dan fortaleza para el desarrollo de las pol\u00edticas p\u00fablicas\u201d, dijo el Ministro.<\/p>\n\n\n\n<figure><iframe allowfullscreen=\"true\" class=\"\" src=\"https:\/\/platform.twitter.com\/embed\/Tweet.html?creatorScreenName=VTVcanal8&amp;dnt=false&amp;embedId=twitter-widget-0&amp;features=eyJ0ZndfZXhwZXJpbWVudHNfY29va2llX2V4cGlyYXRpb24iOnsiYnVja2V0IjoxMjA5NjAwLCJ2ZXJzaW9uIjpudWxsfSwidGZ3X2hvcml6b25fdHdlZXRfZW1iZWRfOTU1NSI6eyJidWNrZXQiOiJodGUiLCJ2ZXJzaW9uIjpudWxsfSwidGZ3X3NwYWNlX2NhcmQiOnsiYnVja2V0Ijoib2ZmIiwidmVyc2lvbiI6bnVsbH19&amp;frame=false&amp;hideCard=false&amp;hideThread=false&amp;id=1465333032554942465&amp;lang=es&amp;origin=https%3A%2F%2Fwww.vtv.gob.ve%2Fvenezuela-presenta-avance-estadisticas-geografia-cepal%2F&amp;sessionId=0a99c20fb762c6799d64aa19af13decc297768b1&amp;siteScreenName=VTVcanal8&amp;theme=light&amp;widgetsVersion=f001879%3A1634581029404&amp;width=550px\"><\/iframe><\/figure>\n\n\n\n<p>Agreg\u00f3 que tambi\u00e9n se expuso lo que ha significado&nbsp;<strong>la guerra econ\u00f3mica que el Gobierno de Estados Unidos impone sobre el pa\u00eds.<\/strong><\/p>\n\n\n\n<p>\u201cParte de la visi\u00f3n que venimos compartiendo es el balance de lo que han significado estos a\u00f1os de guerra en contra de Venezuela como las medidas unilaterales, pero al mismo tiempo la capacidad de acci\u00f3n para generar propuestas, alternativas\u201d, indic\u00f3.<\/p>\n\n\n\n<p>Asimismo, el jefe de la divisi\u00f3n de estad\u00edstica de la CEPAL,&nbsp;<strong>Rolando Ocampo<\/strong>, inform\u00f3 que durante esta semana estar\u00e1n sosteniendo una agenda de trabajo en el pa\u00eds.<\/p>\n\n\n\n<figure><iframe allowfullscreen=\"true\" class=\"\" src=\"https:\/\/platform.twitter.com\/embed\/Tweet.html?creatorScreenName=VTVcanal8&amp;dnt=false&amp;embedId=twitter-widget-1&amp;features=eyJ0ZndfZXhwZXJpbWVudHNfY29va2llX2V4cGlyYXRpb24iOnsiYnVja2V0IjoxMjA5NjAwLCJ2ZXJzaW9uIjpudWxsfSwidGZ3X2hvcml6b25fdHdlZXRfZW1iZWRfOTU1NSI6eyJidWNrZXQiOiJodGUiLCJ2ZXJzaW9uIjpudWxsfSwidGZ3X3NwYWNlX2NhcmQiOnsiYnVja2V0Ijoib2ZmIiwidmVyc2lvbiI6bnVsbH19&amp;frame=false&amp;hideCard=false&amp;hideThread=false&amp;id=1465445185479921676&amp;lang=es&amp;origin=https%3A%2F%2Fwww.vtv.gob.ve%2Fvenezuela-presenta-avance-estadisticas-geografia-cepal%2F&amp;sessionId=0a99c20fb762c6799d64aa19af13decc297768b1&amp;siteScreenName=VTVcanal8&amp;theme=light&amp;widgetsVersion=f001879%3A1634581029404&amp;width=550px\"><\/iframe><\/figure>\n","protected":false},"excerpt":{"rendered":"<p>Como parte del&nbsp;Consejo Nacional de Estad\u00edstica y Geograf\u00eda,&nbsp;el ministro del Poder Popular para Planificaci\u00f3n,&nbsp;Ricardo Men\u00e9ndez, present\u00f3 &hellip; <a title=\"Venezuela presenta avances en materia de estad\u00edsticas y geograf\u00eda ante la CEPAL\" class=\"hm-read-more\" href=\"https:\/\/www.mpppst.gob.ve\/mpppstweb\/index.php\/2021\/11\/30\/venezuela-presenta-avances-en-materia-de-estadisticas-y-geografia-ante-la-cepal\/\"><span class=\"screen-reader-text\">Venezuela presenta avances en materia de estad\u00edsticas y geograf\u00eda ante la CEPAL<\/span>Read more<\/a><\/p>\n","protected":false},"author":25,"featured_media":24011,"comment_status":"closed","ping_status":"closed","sticky":false,"template":"","format":"standard","meta":{"footnotes":""},"categories":[82,163],"tags":[],"yoast_head":"<!-- This site is optimized with the Yoast SEO plugin v22.5 - https:\/\/yoast.com\/wordpress\/plugins\/seo\/ -->\n<title>Venezuela presenta avances en materia de estad\u00edsticas y geograf\u00eda ante la CEPAL - MPPPST<\/title>\n<meta name=\"robots\" content=\"index, follow, max-snippet:-1, max-image-preview:large, max-video-preview:-1\" \/>\n<link rel=\"canonical\" href=\"https:\/\/www.mpppst.gob.ve\/mpppstweb\/index.php\/2021\/11\/30\/venezuela-presenta-avances-en-materia-de-estadisticas-y-geografia-ante-la-cepal\/\" \/>\n<meta property=\"og:locale\" content=\"es_ES\" \/>\n<meta property=\"og:type\" content=\"article\" \/>\n<meta property=\"og:title\" content=\"Venezuela presenta avances en materia de estad\u00edsticas y geograf\u00eda ante la CEPAL - MPPPST\" \/>\n<meta property=\"og:description\" content=\"Como parte del&nbsp;Consejo Nacional de Estad\u00edstica y Geograf\u00eda,&nbsp;el ministro del Poder Popular para Planificaci\u00f3n,&nbsp;Ricardo Men\u00e9ndez, present\u00f3 &hellip; Venezuela presenta avances en materia de estad\u00edsticas y geograf\u00eda ante la CEPALRead more\" \/>\n<meta property=\"og:url\" content=\"https:\/\/www.mpppst.gob.ve\/mpppstweb\/index.php\/2021\/11\/30\/venezuela-presenta-avances-en-materia-de-estadisticas-y-geografia-ante-la-cepal\/\" \/>\n<meta property=\"og:site_name\" content=\"MPPPST\" \/>\n<meta property=\"article:published_time\" content=\"2021-11-30T10:00:28+00:00\" \/>\n<meta property=\"article:modified_time\" content=\"2021-11-30T10:00:29+00:00\" \/>\n<meta property=\"og:image\" content=\"https:\/\/www.mpppst.gob.ve\/mpppstweb\/wp-content\/uploads\/2021\/11\/FFXolq9WUAsV9tT-768x427-1.jpg\" \/>\n\t<meta property=\"og:image:width\" content=\"768\" \/>\n\t<meta property=\"og:image:height\" content=\"427\" \/>\n\t<meta property=\"og:image:type\" content=\"image\/jpeg\" \/>\n<meta name=\"author\" content=\"MPPPST Prensa\" \/>\n<meta name=\"twitter:card\" content=\"summary_large_image\" \/>\n<meta name=\"twitter:label1\" content=\"Escrito por\" \/>\n\t<meta name=\"twitter:data1\" content=\"MPPPST Prensa\" \/>\n\t<meta name=\"twitter:label2\" content=\"Tiempo de lectura\" \/>\n\t<meta name=\"twitter:data2\" content=\"1 minuto\" \/>\n<script type=\"application\/ld+json\" class=\"yoast-schema-graph\">{\"@context\":\"https:\/\/schema.org\",\"@graph\":[{\"@type\":\"Article\",\"@id\":\"https:\/\/www.mpppst.gob.ve\/mpppstweb\/index.php\/2021\/11\/30\/venezuela-presenta-avances-en-materia-de-estadisticas-y-geografia-ante-la-cepal\/#article\",\"isPartOf\":{\"@id\":\"https:\/\/www.mpppst.gob.ve\/mpppstweb\/index.php\/2021\/11\/30\/venezuela-presenta-avances-en-materia-de-estadisticas-y-geografia-ante-la-cepal\/\"},\"author\":{\"name\":\"MPPPST Prensa\",\"@id\":\"https:\/\/www.mpppst.gob.ve\/mpppstweb\/#\/schema\/person\/fc187ee8ead412bd4c9304b62f900ea4\"},\"headline\":\"Venezuela presenta avances en materia de estad\u00edsticas y geograf\u00eda ante la CEPAL\",\"datePublished\":\"2021-11-30T10:00:28+00:00\",\"dateModified\":\"2021-11-30T10:00:29+00:00\",\"mainEntityOfPage\":{\"@id\":\"https:\/\/www.mpppst.gob.ve\/mpppstweb\/index.php\/2021\/11\/30\/venezuela-presenta-avances-en-materia-de-estadisticas-y-geografia-ante-la-cepal\/\"},\"wordCount\":273,\"publisher\":{\"@id\":\"https:\/\/www.mpppst.gob.ve\/mpppstweb\/#organization\"},\"image\":{\"@id\":\"https:\/\/www.mpppst.gob.ve\/mpppstweb\/index.php\/2021\/11\/30\/venezuela-presenta-avances-en-materia-de-estadisticas-y-geografia-ante-la-cepal\/#primaryimage\"},\"thumbnailUrl\":\"https:\/\/www.mpppst.gob.ve\/mpppstweb\/wp-content\/uploads\/2021\/11\/FFXolq9WUAsV9tT-768x427-1.jpg\",\"articleSection\":[\"Gobierno Nacional\",\"Noticias\"],\"inLanguage\":\"es\"},{\"@type\":\"WebPage\",\"@id\":\"https:\/\/www.mpppst.gob.ve\/mpppstweb\/index.php\/2021\/11\/30\/venezuela-presenta-avances-en-materia-de-estadisticas-y-geografia-ante-la-cepal\/\",\"url\":\"https:\/\/www.mpppst.gob.ve\/mpppstweb\/index.php\/2021\/11\/30\/venezuela-presenta-avances-en-materia-de-estadisticas-y-geografia-ante-la-cepal\/\",\"name\":\"Venezuela presenta avances en materia de estad\u00edsticas y geograf\u00eda ante la CEPAL - MPPPST\",\"isPartOf\":{\"@id\":\"https:\/\/www.mpppst.gob.ve\/mpppstweb\/#website\"},\"primaryImageOfPage\":{\"@id\":\"https:\/\/www.mpppst.gob.ve\/mpppstweb\/index.php\/2021\/11\/30\/venezuela-presenta-avances-en-materia-de-estadisticas-y-geografia-ante-la-cepal\/#primaryimage\"},\"image\":{\"@id\":\"https:\/\/www.mpppst.gob.ve\/mpppstweb\/index.php\/2021\/11\/30\/venezuela-presenta-avances-en-materia-de-estadisticas-y-geografia-ante-la-cepal\/#primaryimage\"},\"thumbnailUrl\":\"https:\/\/www.mpppst.gob.ve\/mpppstweb\/wp-content\/uploads\/2021\/11\/FFXolq9WUAsV9tT-768x427-1.jpg\",\"datePublished\":\"2021-11-30T10:00:28+00:00\",\"dateModified\":\"2021-11-30T10:00:29+00:00\",\"breadcrumb\":{\"@id\":\"https:\/\/www.mpppst.gob.ve\/mpppstweb\/index.php\/2021\/11\/30\/venezuela-presenta-avances-en-materia-de-estadisticas-y-geografia-ante-la-cepal\/#breadcrumb\"},\"inLanguage\":\"es\",\"potentialAction\":[{\"@type\":\"ReadAction\",\"target\":[\"https:\/\/www.mpppst.gob.ve\/mpppstweb\/index.php\/2021\/11\/30\/venezuela-presenta-avances-en-materia-de-estadisticas-y-geografia-ante-la-cepal\/\"]}]},{\"@type\":\"ImageObject\",\"inLanguage\":\"es\",\"@id\":\"https:\/\/www.mpppst.gob.ve\/mpppstweb\/index.php\/2021\/11\/30\/venezuela-presenta-avances-en-materia-de-estadisticas-y-geografia-ante-la-cepal\/#primaryimage\",\"url\":\"https:\/\/www.mpppst.gob.ve\/mpppstweb\/wp-content\/uploads\/2021\/11\/FFXolq9WUAsV9tT-768x427-1.jpg\",\"contentUrl\":\"https:\/\/www.mpppst.gob.ve\/mpppstweb\/wp-content\/uploads\/2021\/11\/FFXolq9WUAsV9tT-768x427-1.jpg\",\"width\":768,\"height\":427},{\"@type\":\"BreadcrumbList\",\"@id\":\"https:\/\/www.mpppst.gob.ve\/mpppstweb\/index.php\/2021\/11\/30\/venezuela-presenta-avances-en-materia-de-estadisticas-y-geografia-ante-la-cepal\/#breadcrumb\",\"itemListElement\":[{\"@type\":\"ListItem\",\"position\":1,\"name\":\"Home\",\"item\":\"https:\/\/www.mpppst.gob.ve\/mpppstweb\/\"},{\"@type\":\"ListItem\",\"position\":2,\"name\":\"Venezuela presenta avances en materia de estad\u00edsticas y geograf\u00eda ante la CEPAL\"}]},{\"@type\":\"WebSite\",\"@id\":\"https:\/\/www.mpppst.gob.ve\/mpppstweb\/#website\",\"url\":\"https:\/\/www.mpppst.gob.ve\/mpppstweb\/\",\"name\":\"MPPPST\",\"description\":\"Ministerio del Poder Popular para el Proceso Social de Trabajo\",\"publisher\":{\"@id\":\"https:\/\/www.mpppst.gob.ve\/mpppstweb\/#organization\"},\"potentialAction\":[{\"@type\":\"SearchAction\",\"target\":{\"@type\":\"EntryPoint\",\"urlTemplate\":\"https:\/\/www.mpppst.gob.ve\/mpppstweb\/?s={search_term_string}\"},\"query-input\":\"required name=search_term_string\"}],\"inLanguage\":\"es\"},{\"@type\":\"Organization\",\"@id\":\"https:\/\/www.mpppst.gob.ve\/mpppstweb\/#organization\",\"name\":\"mpppst\",\"url\":\"https:\/\/www.mpppst.gob.ve\/mpppstweb\/\",\"logo\":{\"@type\":\"ImageObject\",\"inLanguage\":\"es\",\"@id\":\"https:\/\/www.mpppst.gob.ve\/mpppstweb\/#\/schema\/logo\/image\/\",\"url\":\"https:\/\/www.mpppst.gob.ve\/mpppstweb\/wp-content\/uploads\/2025\/07\/cropped-cropped-g910.png\",\"contentUrl\":\"https:\/\/www.mpppst.gob.ve\/mpppstweb\/wp-content\/uploads\/2025\/07\/cropped-cropped-g910.png\",\"width\":1080,\"height\":241,\"caption\":\"mpppst\"},\"image\":{\"@id\":\"https:\/\/www.mpppst.gob.ve\/mpppstweb\/#\/schema\/logo\/image\/\"}},{\"@type\":\"Person\",\"@id\":\"https:\/\/www.mpppst.gob.ve\/mpppstweb\/#\/schema\/person\/fc187ee8ead412bd4c9304b62f900ea4\",\"name\":\"MPPPST Prensa\",\"url\":\"https:\/\/www.mpppst.gob.ve\/mpppstweb\/index.php\/author\/prensa-mpppst\/\"}]}<\/script>\n<!-- \/ Yoast SEO plugin. -->","yoast_head_json":{"title":"Venezuela presenta avances en materia de estad\u00edsticas y geograf\u00eda ante la CEPAL - MPPPST","robots":{"index":"index","follow":"follow","max-snippet":"max-snippet:-1","max-image-preview":"max-image-preview:large","max-video-preview":"max-video-preview:-1"},"canonical":"https:\/\/www.mpppst.gob.ve\/mpppstweb\/index.php\/2021\/11\/30\/venezuela-presenta-avances-en-materia-de-estadisticas-y-geografia-ante-la-cepal\/","og_locale":"es_ES","og_type":"article","og_title":"Venezuela presenta avances en materia de estad\u00edsticas y geograf\u00eda ante la CEPAL - MPPPST","og_description":"Como parte del&nbsp;Consejo Nacional de Estad\u00edstica y Geograf\u00eda,&nbsp;el ministro del Poder Popular para Planificaci\u00f3n,&nbsp;Ricardo Men\u00e9ndez, present\u00f3 &hellip; Venezuela presenta avances en materia de estad\u00edsticas y geograf\u00eda ante la CEPALRead more","og_url":"https:\/\/www.mpppst.gob.ve\/mpppstweb\/index.php\/2021\/11\/30\/venezuela-presenta-avances-en-materia-de-estadisticas-y-geografia-ante-la-cepal\/","og_site_name":"MPPPST","article_published_time":"2021-11-30T10:00:28+00:00","article_modified_time":"2021-11-30T10:00:29+00:00","og_image":[{"width":768,"height":427,"url":"https:\/\/www.mpppst.gob.ve\/mpppstweb\/wp-content\/uploads\/2021\/11\/FFXolq9WUAsV9tT-768x427-1.jpg","type":"image\/jpeg"}],"author":"MPPPST Prensa","twitter_card":"summary_large_image","twitter_misc":{"Escrito por":"MPPPST Prensa","Tiempo de lectura":"1 minuto"},"schema":{"@context":"https:\/\/schema.org","@graph":[{"@type":"Article","@id":"https:\/\/www.mpppst.gob.ve\/mpppstweb\/index.php\/2021\/11\/30\/venezuela-presenta-avances-en-materia-de-estadisticas-y-geografia-ante-la-cepal\/#article","isPartOf":{"@id":"https:\/\/www.mpppst.gob.ve\/mpppstweb\/index.php\/2021\/11\/30\/venezuela-presenta-avances-en-materia-de-estadisticas-y-geografia-ante-la-cepal\/"},"author":{"name":"MPPPST Prensa","@id":"https:\/\/www.mpppst.gob.ve\/mpppstweb\/#\/schema\/person\/fc187ee8ead412bd4c9304b62f900ea4"},"headline":"Venezuela presenta avances en materia de estad\u00edsticas y geograf\u00eda ante la CEPAL","datePublished":"2021-11-30T10:00:28+00:00","dateModified":"2021-11-30T10:00:29+00:00","mainEntityOfPage":{"@id":"https:\/\/www.mpppst.gob.ve\/mpppstweb\/index.php\/2021\/11\/30\/venezuela-presenta-avances-en-materia-de-estadisticas-y-geografia-ante-la-cepal\/"},"wordCount":273,"publisher":{"@id":"https:\/\/www.mpppst.gob.ve\/mpppstweb\/#organization"},"image":{"@id":"https:\/\/www.mpppst.gob.ve\/mpppstweb\/index.php\/2021\/11\/30\/venezuela-presenta-avances-en-materia-de-estadisticas-y-geografia-ante-la-cepal\/#primaryimage"},"thumbnailUrl":"https:\/\/www.mpppst.gob.ve\/mpppstweb\/wp-content\/uploads\/2021\/11\/FFXolq9WUAsV9tT-768x427-1.jpg","articleSection":["Gobierno Nacional","Noticias"],"inLanguage":"es"},{"@type":"WebPage","@id":"https:\/\/www.mpppst.gob.ve\/mpppstweb\/index.php\/2021\/11\/30\/venezuela-presenta-avances-en-materia-de-estadisticas-y-geografia-ante-la-cepal\/","url":"https:\/\/www.mpppst.gob.ve\/mpppstweb\/index.php\/2021\/11\/30\/venezuela-presenta-avances-en-materia-de-estadisticas-y-geografia-ante-la-cepal\/","name":"Venezuela presenta avances en materia de estad\u00edsticas y geograf\u00eda ante la CEPAL - MPPPST","isPartOf":{"@id":"https:\/\/www.mpppst.gob.ve\/mpppstweb\/#website"},"primaryImageOfPage":{"@id":"https:\/\/www.mpppst.gob.ve\/mpppstweb\/index.php\/2021\/11\/30\/venezuela-presenta-avances-en-materia-de-estadisticas-y-geografia-ante-la-cepal\/#primaryimage"},"image":{"@id":"https:\/\/www.mpppst.gob.ve\/mpppstweb\/index.php\/2021\/11\/30\/venezuela-presenta-avances-en-materia-de-estadisticas-y-geografia-ante-la-cepal\/#primaryimage"},"thumbnailUrl":"https:\/\/www.mpppst.gob.ve\/mpppstweb\/wp-content\/uploads\/2021\/11\/FFXolq9WUAsV9tT-768x427-1.jpg","datePublished":"2021-11-30T10:00:28+00:00","dateModified":"2021-11-30T10:00:29+00:00","breadcrumb":{"@id":"https:\/\/www.mpppst.gob.ve\/mpppstweb\/index.php\/2021\/11\/30\/venezuela-presenta-avances-en-materia-de-estadisticas-y-geografia-ante-la-cepal\/#breadcrumb"},"inLanguage":"es","potentialAction":[{"@type":"ReadAction","target":["https:\/\/www.mpppst.gob.ve\/mpppstweb\/index.php\/2021\/11\/30\/venezuela-presenta-avances-en-materia-de-estadisticas-y-geografia-ante-la-cepal\/"]}]},{"@type":"ImageObject","inLanguage":"es","@id":"https:\/\/www.mpppst.gob.ve\/mpppstweb\/index.php\/2021\/11\/30\/venezuela-presenta-avances-en-materia-de-estadisticas-y-geografia-ante-la-cepal\/#primaryimage","url":"https:\/\/www.mpppst.gob.ve\/mpppstweb\/wp-content\/uploads\/2021\/11\/FFXolq9WUAsV9tT-768x427-1.jpg","contentUrl":"https:\/\/www.mpppst.gob.ve\/mpppstweb\/wp-content\/uploads\/2021\/11\/FFXolq9WUAsV9tT-768x427-1.jpg","width":768,"height":427},{"@type":"BreadcrumbList","@id":"https:\/\/www.mpppst.gob.ve\/mpppstweb\/index.php\/2021\/11\/30\/venezuela-presenta-avances-en-materia-de-estadisticas-y-geografia-ante-la-cepal\/#breadcrumb","itemListElement":[{"@type":"ListItem","position":1,"name":"Home","item":"https:\/\/www.mpppst.gob.ve\/mpppstweb\/"},{"@type":"ListItem","position":2,"name":"Venezuela presenta avances en materia de estad\u00edsticas y geograf\u00eda ante la CEPAL"}]},{"@type":"WebSite","@id":"https:\/\/www.mpppst.gob.ve\/mpppstweb\/#website","url":"https:\/\/www.mpppst.gob.ve\/mpppstweb\/","name":"MPPPST","description":"Ministerio del Poder Popular para el Proceso Social de Trabajo","publisher":{"@id":"https:\/\/www.mpppst.gob.ve\/mpppstweb\/#organization"},"potentialAction":[{"@type":"SearchAction","target":{"@type":"EntryPoint","urlTemplate":"https:\/\/www.mpppst.gob.ve\/mpppstweb\/?s={search_term_string}"},"query-input":"required name=search_term_string"}],"inLanguage":"es"},{"@type":"Organization","@id":"https:\/\/www.mpppst.gob.ve\/mpppstweb\/#organization","name":"mpppst","url":"https:\/\/www.mpppst.gob.ve\/mpppstweb\/","logo":{"@type":"ImageObject","inLanguage":"es","@id":"https:\/\/www.mpppst.gob.ve\/mpppstweb\/#\/schema\/logo\/image\/","url":"https:\/\/www.mpppst.gob.ve\/mpppstweb\/wp-content\/uploads\/2025\/07\/cropped-cropped-g910.png","contentUrl":"https:\/\/www.mpppst.gob.ve\/mpppstweb\/wp-content\/uploads\/2025\/07\/cropped-cropped-g910.png","width":1080,"height":241,"caption":"mpppst"},"image":{"@id":"https:\/\/www.mpppst.gob.ve\/mpppstweb\/#\/schema\/logo\/image\/"}},{"@type":"Person","@id":"https:\/\/www.mpppst.gob.ve\/mpppstweb\/#\/schema\/person\/fc187ee8ead412bd4c9304b62f900ea4","name":"MPPPST Prensa","url":"https:\/\/www.mpppst.gob.ve\/mpppstweb\/index.php\/author\/prensa-mpppst\/"}]}},"_links":{"self":[{"href":"https:\/\/www.mpppst.gob.ve\/mpppstweb\/index.php\/wp-json\/wp\/v2\/posts\/24010"}],"collection":[{"href":"https:\/\/www.mpppst.gob.ve\/mpppstweb\/index.php\/wp-json\/wp\/v2\/posts"}],"about":[{"href":"https:\/\/www.mpppst.gob.ve\/mpppstweb\/index.php\/wp-json\/wp\/v2\/types\/post"}],"author":[{"embeddable":true,"href":"https:\/\/www.mpppst.gob.ve\/mpppstweb\/index.php\/wp-json\/wp\/v2\/users\/25"}],"replies":[{"embeddable":true,"href":"https:\/\/www.mpppst.gob.ve\/mpppstweb\/index.php\/wp-json\/wp\/v2\/comments?post=24010"}],"version-history":[{"count":1,"href":"https:\/\/www.mpppst.gob.ve\/mpppstweb\/index.php\/wp-json\/wp\/v2\/posts\/24010\/revisions"}],"predecessor-version":[{"id":24012,"href":"https:\/\/www.mpppst.gob.ve\/mpppstweb\/index.php\/wp-json\/wp\/v2\/posts\/24010\/revisions\/24012"}],"wp:featuredmedia":[{"embeddable":true,"href":"https:\/\/www.mpppst.gob.ve\/mpppstweb\/index.php\/wp-json\/wp\/v2\/media\/24011"}],"wp:attachment":[{"href":"https:\/\/www.mpppst.gob.ve\/mpppstweb\/index.php\/wp-json\/wp\/v2\/media?parent=24010"}],"wp:term":[{"taxonomy":"category","embeddable":true,"href":"https:\/\/www.mpppst.gob.ve\/mpppstweb\/index.php\/wp-json\/wp\/v2\/categories?post=24010"},{"taxonomy":"post_tag","embeddable":true,"href":"https:\/\/www.mpppst.gob.ve\/mpppstweb\/index.php\/wp-json\/wp\/v2\/tags?post=24010"}],"curies":[{"name":"wp","href":"https:\/\/api.w.org\/{rel}","templated":true}]}}