{"id":24018,"date":"2021-11-30T06:06:11","date_gmt":"2021-11-30T10:06:11","guid":{"rendered":"http:\/\/www.mpppst.gob.ve\/mpppstweb\/?p=24018"},"modified":"2021-11-30T06:06:12","modified_gmt":"2021-11-30T10:06:12","slug":"gabinete-social-junto-al-gobierno-de-caracas-fortalecen-politicas-para-beneficiar-al-pueblo","status":"publish","type":"post","link":"https:\/\/www.mpppst.gob.ve\/mpppstweb\/index.php\/2021\/11\/30\/gabinete-social-junto-al-gobierno-de-caracas-fortalecen-politicas-para-beneficiar-al-pueblo\/","title":{"rendered":"Gabinete Social junto al Gobierno de Caracas fortalecen pol\u00edticas para beneficiar al pueblo"},"content":{"rendered":"\n<p>El vicepresidente Sectorial para el Socialismo Social y Territorial,<strong>&nbsp;Mervin Maldonado<\/strong>, sostuvo una reuni\u00f3n este lunes con el jefe de Gobierno de Caracas,&nbsp;<strong>Nahum Fern\u00e1ndez,<\/strong>&nbsp;en busca de fortalecer las pol\u00edticas sociales para beneficiar al pueblo.<\/p>\n\n\n\n<p>Desde la sede la Casa de Gobierno de Caracas, donde se efectu\u00f3 la d\u00e9cima tercera jornada de trabajo, Maldonado detall\u00f3: \u201cHemos revisado como todas las semanas los diferentes temas de trabajo en materia social y territorial (\u2026) Se emprende esta nueva etapa orientada por el presidente de la Rep\u00fablica,&nbsp;<strong>Nicol\u00e1s Maduro<\/strong>\u201d.<\/p>\n\n\n\n<p>Inform\u00f3 que junto a la Canciller\u00eda de la Rep\u00fablica, perfeccionan todo el sistema de protecci\u00f3n para quienes regresan a la naci\u00f3n Bolivariana a trav\u00e9s del Plan Vuelta a la Patria. \u201cVenimos perfeccionando en el Plan Vuelta a la Patria, la protecci\u00f3n de los m\u00e1s de 340 mil venezolanos y venezolanas que han regresado desde el a\u00f1o 2018\u201d.<\/p>\n\n\n\n<figure><iframe allowfullscreen=\"true\" class=\"\" src=\"https:\/\/platform.twitter.com\/embed\/Tweet.html?creatorScreenName=VTVcanal8&amp;dnt=false&amp;embedId=twitter-widget-0&amp;features=eyJ0ZndfZXhwZXJpbWVudHNfY29va2llX2V4cGlyYXRpb24iOnsiYnVja2V0IjoxMjA5NjAwLCJ2ZXJzaW9uIjpudWxsfSwidGZ3X2hvcml6b25fdHdlZXRfZW1iZWRfOTU1NSI6eyJidWNrZXQiOiJodGUiLCJ2ZXJzaW9uIjpudWxsfSwidGZ3X3NwYWNlX2NhcmQiOnsiYnVja2V0Ijoib2ZmIiwidmVyc2lvbiI6bnVsbH19&amp;frame=false&amp;hideCard=false&amp;hideThread=false&amp;id=1465442815274536962&amp;lang=es&amp;origin=https%3A%2F%2Fwww.vtv.gob.ve%2Fgabinete-social-gobierno-caracas-fortalecen-politicas-pueblo%2F&amp;sessionId=2c762ce61b9f886ec283a5ed1b111d10acce966a&amp;siteScreenName=VTVcanal8&amp;theme=light&amp;widgetsVersion=f001879%3A1634581029404&amp;width=550px\"><\/iframe><\/figure>\n\n\n\n<p>Por otra parte, Maldonado record\u00f3 que se ha llegado al 77,7 por ciento de vacunaci\u00f3n contra la COVID-19 en el territorio nacional, asimismo, convoc\u00f3 a toda la poblaci\u00f3n a acudir de forma gratuita a la inmunizaci\u00f3n; al mismo tiempo, llam\u00f3 a seguir manteniendo las medidas de bioseguridad ante la aparici\u00f3n de la nueva variante \u00d3micron.<\/p>\n\n\n\n<figure><iframe allowfullscreen=\"true\" class=\"\" src=\"https:\/\/platform.twitter.com\/embed\/Tweet.html?creatorScreenName=VTVcanal8&amp;dnt=false&amp;embedId=twitter-widget-1&amp;features=eyJ0ZndfZXhwZXJpbWVudHNfY29va2llX2V4cGlyYXRpb24iOnsiYnVja2V0IjoxMjA5NjAwLCJ2ZXJzaW9uIjpudWxsfSwidGZ3X2hvcml6b25fdHdlZXRfZW1iZWRfOTU1NSI6eyJidWNrZXQiOiJodGUiLCJ2ZXJzaW9uIjpudWxsfSwidGZ3X3NwYWNlX2NhcmQiOnsiYnVja2V0Ijoib2ZmIiwidmVyc2lvbiI6bnVsbH19&amp;frame=false&amp;hideCard=false&amp;hideThread=false&amp;id=1465445386479362055&amp;lang=es&amp;origin=https%3A%2F%2Fwww.vtv.gob.ve%2Fgabinete-social-gobierno-caracas-fortalecen-politicas-pueblo%2F&amp;sessionId=2c762ce61b9f886ec283a5ed1b111d10acce966a&amp;siteScreenName=VTVcanal8&amp;theme=light&amp;widgetsVersion=f001879%3A1634581029404&amp;width=550px\"><\/iframe><\/figure>\n","protected":false},"excerpt":{"rendered":"<p>El vicepresidente Sectorial para el Socialismo Social y Territorial,&nbsp;Mervin Maldonado, sostuvo una reuni\u00f3n este lunes con &hellip; <a title=\"Gabinete Social junto al Gobierno de Caracas fortalecen pol\u00edticas para beneficiar al pueblo\" class=\"hm-read-more\" href=\"https:\/\/www.mpppst.gob.ve\/mpppstweb\/index.php\/2021\/11\/30\/gabinete-social-junto-al-gobierno-de-caracas-fortalecen-politicas-para-beneficiar-al-pueblo\/\"><span class=\"screen-reader-text\">Gabinete Social junto al Gobierno de Caracas fortalecen pol\u00edticas para beneficiar al pueblo<\/span>Read more<\/a><\/p>\n","protected":false},"author":25,"featured_media":24019,"comment_status":"closed","ping_status":"closed","sticky":false,"template":"","format":"standard","meta":{"footnotes":""},"categories":[82,360,163],"tags":[],"yoast_head":"<!-- This site is optimized with the Yoast SEO plugin v22.5 - https:\/\/yoast.com\/wordpress\/plugins\/seo\/ -->\n<title>Gabinete Social junto al Gobierno de Caracas fortalecen pol\u00edticas para beneficiar al pueblo - MPPPST<\/title>\n<meta name=\"robots\" content=\"index, follow, max-snippet:-1, max-image-preview:large, max-video-preview:-1\" \/>\n<link rel=\"canonical\" href=\"https:\/\/www.mpppst.gob.ve\/mpppstweb\/index.php\/2021\/11\/30\/gabinete-social-junto-al-gobierno-de-caracas-fortalecen-politicas-para-beneficiar-al-pueblo\/\" \/>\n<meta property=\"og:locale\" content=\"es_ES\" \/>\n<meta property=\"og:type\" content=\"article\" \/>\n<meta property=\"og:title\" content=\"Gabinete Social junto al Gobierno de Caracas fortalecen pol\u00edticas para beneficiar al pueblo - MPPPST\" \/>\n<meta property=\"og:description\" content=\"El vicepresidente Sectorial para el Socialismo Social y Territorial,&nbsp;Mervin Maldonado, sostuvo una reuni\u00f3n este lunes con &hellip; Gabinete Social junto al Gobierno de Caracas fortalecen pol\u00edticas para beneficiar al puebloRead more\" \/>\n<meta property=\"og:url\" content=\"https:\/\/www.mpppst.gob.ve\/mpppstweb\/index.php\/2021\/11\/30\/gabinete-social-junto-al-gobierno-de-caracas-fortalecen-politicas-para-beneficiar-al-pueblo\/\" \/>\n<meta property=\"og:site_name\" content=\"MPPPST\" \/>\n<meta property=\"article:published_time\" content=\"2021-11-30T10:06:11+00:00\" \/>\n<meta property=\"article:modified_time\" content=\"2021-11-30T10:06:12+00:00\" \/>\n<meta property=\"og:image\" content=\"https:\/\/www.mpppst.gob.ve\/mpppstweb\/wp-content\/uploads\/2021\/11\/NahumPSUV-768x427-1.jpg\" \/>\n\t<meta property=\"og:image:width\" content=\"768\" \/>\n\t<meta property=\"og:image:height\" content=\"427\" \/>\n\t<meta property=\"og:image:type\" content=\"image\/jpeg\" \/>\n<meta name=\"author\" content=\"MPPPST Prensa\" \/>\n<meta name=\"twitter:card\" content=\"summary_large_image\" \/>\n<meta name=\"twitter:label1\" content=\"Escrito por\" \/>\n\t<meta name=\"twitter:data1\" content=\"MPPPST Prensa\" \/>\n\t<meta name=\"twitter:label2\" content=\"Tiempo de lectura\" \/>\n\t<meta name=\"twitter:data2\" content=\"1 minuto\" \/>\n<script type=\"application\/ld+json\" class=\"yoast-schema-graph\">{\"@context\":\"https:\/\/schema.org\",\"@graph\":[{\"@type\":\"Article\",\"@id\":\"https:\/\/www.mpppst.gob.ve\/mpppstweb\/index.php\/2021\/11\/30\/gabinete-social-junto-al-gobierno-de-caracas-fortalecen-politicas-para-beneficiar-al-pueblo\/#article\",\"isPartOf\":{\"@id\":\"https:\/\/www.mpppst.gob.ve\/mpppstweb\/index.php\/2021\/11\/30\/gabinete-social-junto-al-gobierno-de-caracas-fortalecen-politicas-para-beneficiar-al-pueblo\/\"},\"author\":{\"name\":\"MPPPST Prensa\",\"@id\":\"https:\/\/www.mpppst.gob.ve\/mpppstweb\/#\/schema\/person\/fc187ee8ead412bd4c9304b62f900ea4\"},\"headline\":\"Gabinete Social junto al Gobierno de Caracas fortalecen pol\u00edticas para beneficiar al pueblo\",\"datePublished\":\"2021-11-30T10:06:11+00:00\",\"dateModified\":\"2021-11-30T10:06:12+00:00\",\"mainEntityOfPage\":{\"@id\":\"https:\/\/www.mpppst.gob.ve\/mpppstweb\/index.php\/2021\/11\/30\/gabinete-social-junto-al-gobierno-de-caracas-fortalecen-politicas-para-beneficiar-al-pueblo\/\"},\"wordCount\":231,\"publisher\":{\"@id\":\"https:\/\/www.mpppst.gob.ve\/mpppstweb\/#organization\"},\"image\":{\"@id\":\"https:\/\/www.mpppst.gob.ve\/mpppstweb\/index.php\/2021\/11\/30\/gabinete-social-junto-al-gobierno-de-caracas-fortalecen-politicas-para-beneficiar-al-pueblo\/#primaryimage\"},\"thumbnailUrl\":\"https:\/\/www.mpppst.gob.ve\/mpppstweb\/wp-content\/uploads\/2021\/11\/NahumPSUV-768x427-1.jpg\",\"articleSection\":[\"Gobierno Nacional\",\"Movimientos Sociales\",\"Noticias\"],\"inLanguage\":\"es\"},{\"@type\":\"WebPage\",\"@id\":\"https:\/\/www.mpppst.gob.ve\/mpppstweb\/index.php\/2021\/11\/30\/gabinete-social-junto-al-gobierno-de-caracas-fortalecen-politicas-para-beneficiar-al-pueblo\/\",\"url\":\"https:\/\/www.mpppst.gob.ve\/mpppstweb\/index.php\/2021\/11\/30\/gabinete-social-junto-al-gobierno-de-caracas-fortalecen-politicas-para-beneficiar-al-pueblo\/\",\"name\":\"Gabinete Social junto al Gobierno de Caracas fortalecen pol\u00edticas para beneficiar al pueblo - MPPPST\",\"isPartOf\":{\"@id\":\"https:\/\/www.mpppst.gob.ve\/mpppstweb\/#website\"},\"primaryImageOfPage\":{\"@id\":\"https:\/\/www.mpppst.gob.ve\/mpppstweb\/index.php\/2021\/11\/30\/gabinete-social-junto-al-gobierno-de-caracas-fortalecen-politicas-para-beneficiar-al-pueblo\/#primaryimage\"},\"image\":{\"@id\":\"https:\/\/www.mpppst.gob.ve\/mpppstweb\/index.php\/2021\/11\/30\/gabinete-social-junto-al-gobierno-de-caracas-fortalecen-politicas-para-beneficiar-al-pueblo\/#primaryimage\"},\"thumbnailUrl\":\"https:\/\/www.mpppst.gob.ve\/mpppstweb\/wp-content\/uploads\/2021\/11\/NahumPSUV-768x427-1.jpg\",\"datePublished\":\"2021-11-30T10:06:11+00:00\",\"dateModified\":\"2021-11-30T10:06:12+00:00\",\"breadcrumb\":{\"@id\":\"https:\/\/www.mpppst.gob.ve\/mpppstweb\/index.php\/2021\/11\/30\/gabinete-social-junto-al-gobierno-de-caracas-fortalecen-politicas-para-beneficiar-al-pueblo\/#breadcrumb\"},\"inLanguage\":\"es\",\"potentialAction\":[{\"@type\":\"ReadAction\",\"target\":[\"https:\/\/www.mpppst.gob.ve\/mpppstweb\/index.php\/2021\/11\/30\/gabinete-social-junto-al-gobierno-de-caracas-fortalecen-politicas-para-beneficiar-al-pueblo\/\"]}]},{\"@type\":\"ImageObject\",\"inLanguage\":\"es\",\"@id\":\"https:\/\/www.mpppst.gob.ve\/mpppstweb\/index.php\/2021\/11\/30\/gabinete-social-junto-al-gobierno-de-caracas-fortalecen-politicas-para-beneficiar-al-pueblo\/#primaryimage\",\"url\":\"https:\/\/www.mpppst.gob.ve\/mpppstweb\/wp-content\/uploads\/2021\/11\/NahumPSUV-768x427-1.jpg\",\"contentUrl\":\"https:\/\/www.mpppst.gob.ve\/mpppstweb\/wp-content\/uploads\/2021\/11\/NahumPSUV-768x427-1.jpg\",\"width\":768,\"height\":427},{\"@type\":\"BreadcrumbList\",\"@id\":\"https:\/\/www.mpppst.gob.ve\/mpppstweb\/index.php\/2021\/11\/30\/gabinete-social-junto-al-gobierno-de-caracas-fortalecen-politicas-para-beneficiar-al-pueblo\/#breadcrumb\",\"itemListElement\":[{\"@type\":\"ListItem\",\"position\":1,\"name\":\"Home\",\"item\":\"https:\/\/www.mpppst.gob.ve\/mpppstweb\/\"},{\"@type\":\"ListItem\",\"position\":2,\"name\":\"Gabinete Social junto al Gobierno de Caracas fortalecen pol\u00edticas para beneficiar al pueblo\"}]},{\"@type\":\"WebSite\",\"@id\":\"https:\/\/www.mpppst.gob.ve\/mpppstweb\/#website\",\"url\":\"https:\/\/www.mpppst.gob.ve\/mpppstweb\/\",\"name\":\"MPPPST\",\"description\":\"Ministerio del Poder Popular para el Proceso Social de Trabajo\",\"publisher\":{\"@id\":\"https:\/\/www.mpppst.gob.ve\/mpppstweb\/#organization\"},\"potentialAction\":[{\"@type\":\"SearchAction\",\"target\":{\"@type\":\"EntryPoint\",\"urlTemplate\":\"https:\/\/www.mpppst.gob.ve\/mpppstweb\/?s={search_term_string}\"},\"query-input\":\"required name=search_term_string\"}],\"inLanguage\":\"es\"},{\"@type\":\"Organization\",\"@id\":\"https:\/\/www.mpppst.gob.ve\/mpppstweb\/#organization\",\"name\":\"mpppst\",\"url\":\"https:\/\/www.mpppst.gob.ve\/mpppstweb\/\",\"logo\":{\"@type\":\"ImageObject\",\"inLanguage\":\"es\",\"@id\":\"https:\/\/www.mpppst.gob.ve\/mpppstweb\/#\/schema\/logo\/image\/\",\"url\":\"https:\/\/www.mpppst.gob.ve\/mpppstweb\/wp-content\/uploads\/2025\/07\/cropped-cropped-g910.png\",\"contentUrl\":\"https:\/\/www.mpppst.gob.ve\/mpppstweb\/wp-content\/uploads\/2025\/07\/cropped-cropped-g910.png\",\"width\":1080,\"height\":241,\"caption\":\"mpppst\"},\"image\":{\"@id\":\"https:\/\/www.mpppst.gob.ve\/mpppstweb\/#\/schema\/logo\/image\/\"}},{\"@type\":\"Person\",\"@id\":\"https:\/\/www.mpppst.gob.ve\/mpppstweb\/#\/schema\/person\/fc187ee8ead412bd4c9304b62f900ea4\",\"name\":\"MPPPST Prensa\",\"url\":\"https:\/\/www.mpppst.gob.ve\/mpppstweb\/index.php\/author\/prensa-mpppst\/\"}]}<\/script>\n<!-- \/ Yoast SEO plugin. -->","yoast_head_json":{"title":"Gabinete Social junto al Gobierno de Caracas fortalecen pol\u00edticas para beneficiar al pueblo - MPPPST","robots":{"index":"index","follow":"follow","max-snippet":"max-snippet:-1","max-image-preview":"max-image-preview:large","max-video-preview":"max-video-preview:-1"},"canonical":"https:\/\/www.mpppst.gob.ve\/mpppstweb\/index.php\/2021\/11\/30\/gabinete-social-junto-al-gobierno-de-caracas-fortalecen-politicas-para-beneficiar-al-pueblo\/","og_locale":"es_ES","og_type":"article","og_title":"Gabinete Social junto al Gobierno de Caracas fortalecen pol\u00edticas para beneficiar al pueblo - MPPPST","og_description":"El vicepresidente Sectorial para el Socialismo Social y Territorial,&nbsp;Mervin Maldonado, sostuvo una reuni\u00f3n este lunes con &hellip; Gabinete Social junto al Gobierno de Caracas fortalecen pol\u00edticas para beneficiar al puebloRead more","og_url":"https:\/\/www.mpppst.gob.ve\/mpppstweb\/index.php\/2021\/11\/30\/gabinete-social-junto-al-gobierno-de-caracas-fortalecen-politicas-para-beneficiar-al-pueblo\/","og_site_name":"MPPPST","article_published_time":"2021-11-30T10:06:11+00:00","article_modified_time":"2021-11-30T10:06:12+00:00","og_image":[{"width":768,"height":427,"url":"https:\/\/www.mpppst.gob.ve\/mpppstweb\/wp-content\/uploads\/2021\/11\/NahumPSUV-768x427-1.jpg","type":"image\/jpeg"}],"author":"MPPPST Prensa","twitter_card":"summary_large_image","twitter_misc":{"Escrito por":"MPPPST Prensa","Tiempo de lectura":"1 minuto"},"schema":{"@context":"https:\/\/schema.org","@graph":[{"@type":"Article","@id":"https:\/\/www.mpppst.gob.ve\/mpppstweb\/index.php\/2021\/11\/30\/gabinete-social-junto-al-gobierno-de-caracas-fortalecen-politicas-para-beneficiar-al-pueblo\/#article","isPartOf":{"@id":"https:\/\/www.mpppst.gob.ve\/mpppstweb\/index.php\/2021\/11\/30\/gabinete-social-junto-al-gobierno-de-caracas-fortalecen-politicas-para-beneficiar-al-pueblo\/"},"author":{"name":"MPPPST Prensa","@id":"https:\/\/www.mpppst.gob.ve\/mpppstweb\/#\/schema\/person\/fc187ee8ead412bd4c9304b62f900ea4"},"headline":"Gabinete Social junto al Gobierno de Caracas fortalecen pol\u00edticas para beneficiar al pueblo","datePublished":"2021-11-30T10:06:11+00:00","dateModified":"2021-11-30T10:06:12+00:00","mainEntityOfPage":{"@id":"https:\/\/www.mpppst.gob.ve\/mpppstweb\/index.php\/2021\/11\/30\/gabinete-social-junto-al-gobierno-de-caracas-fortalecen-politicas-para-beneficiar-al-pueblo\/"},"wordCount":231,"publisher":{"@id":"https:\/\/www.mpppst.gob.ve\/mpppstweb\/#organization"},"image":{"@id":"https:\/\/www.mpppst.gob.ve\/mpppstweb\/index.php\/2021\/11\/30\/gabinete-social-junto-al-gobierno-de-caracas-fortalecen-politicas-para-beneficiar-al-pueblo\/#primaryimage"},"thumbnailUrl":"https:\/\/www.mpppst.gob.ve\/mpppstweb\/wp-content\/uploads\/2021\/11\/NahumPSUV-768x427-1.jpg","articleSection":["Gobierno Nacional","Movimientos Sociales","Noticias"],"inLanguage":"es"},{"@type":"WebPage","@id":"https:\/\/www.mpppst.gob.ve\/mpppstweb\/index.php\/2021\/11\/30\/gabinete-social-junto-al-gobierno-de-caracas-fortalecen-politicas-para-beneficiar-al-pueblo\/","url":"https:\/\/www.mpppst.gob.ve\/mpppstweb\/index.php\/2021\/11\/30\/gabinete-social-junto-al-gobierno-de-caracas-fortalecen-politicas-para-beneficiar-al-pueblo\/","name":"Gabinete Social junto al Gobierno de Caracas fortalecen pol\u00edticas para beneficiar al pueblo - MPPPST","isPartOf":{"@id":"https:\/\/www.mpppst.gob.ve\/mpppstweb\/#website"},"primaryImageOfPage":{"@id":"https:\/\/www.mpppst.gob.ve\/mpppstweb\/index.php\/2021\/11\/30\/gabinete-social-junto-al-gobierno-de-caracas-fortalecen-politicas-para-beneficiar-al-pueblo\/#primaryimage"},"image":{"@id":"https:\/\/www.mpppst.gob.ve\/mpppstweb\/index.php\/2021\/11\/30\/gabinete-social-junto-al-gobierno-de-caracas-fortalecen-politicas-para-beneficiar-al-pueblo\/#primaryimage"},"thumbnailUrl":"https:\/\/www.mpppst.gob.ve\/mpppstweb\/wp-content\/uploads\/2021\/11\/NahumPSUV-768x427-1.jpg","datePublished":"2021-11-30T10:06:11+00:00","dateModified":"2021-11-30T10:06:12+00:00","breadcrumb":{"@id":"https:\/\/www.mpppst.gob.ve\/mpppstweb\/index.php\/2021\/11\/30\/gabinete-social-junto-al-gobierno-de-caracas-fortalecen-politicas-para-beneficiar-al-pueblo\/#breadcrumb"},"inLanguage":"es","potentialAction":[{"@type":"ReadAction","target":["https:\/\/www.mpppst.gob.ve\/mpppstweb\/index.php\/2021\/11\/30\/gabinete-social-junto-al-gobierno-de-caracas-fortalecen-politicas-para-beneficiar-al-pueblo\/"]}]},{"@type":"ImageObject","inLanguage":"es","@id":"https:\/\/www.mpppst.gob.ve\/mpppstweb\/index.php\/2021\/11\/30\/gabinete-social-junto-al-gobierno-de-caracas-fortalecen-politicas-para-beneficiar-al-pueblo\/#primaryimage","url":"https:\/\/www.mpppst.gob.ve\/mpppstweb\/wp-content\/uploads\/2021\/11\/NahumPSUV-768x427-1.jpg","contentUrl":"https:\/\/www.mpppst.gob.ve\/mpppstweb\/wp-content\/uploads\/2021\/11\/NahumPSUV-768x427-1.jpg","width":768,"height":427},{"@type":"BreadcrumbList","@id":"https:\/\/www.mpppst.gob.ve\/mpppstweb\/index.php\/2021\/11\/30\/gabinete-social-junto-al-gobierno-de-caracas-fortalecen-politicas-para-beneficiar-al-pueblo\/#breadcrumb","itemListElement":[{"@type":"ListItem","position":1,"name":"Home","item":"https:\/\/www.mpppst.gob.ve\/mpppstweb\/"},{"@type":"ListItem","position":2,"name":"Gabinete Social junto al Gobierno de Caracas fortalecen pol\u00edticas para beneficiar al pueblo"}]},{"@type":"WebSite","@id":"https:\/\/www.mpppst.gob.ve\/mpppstweb\/#website","url":"https:\/\/www.mpppst.gob.ve\/mpppstweb\/","name":"MPPPST","description":"Ministerio del Poder Popular para el Proceso Social de Trabajo","publisher":{"@id":"https:\/\/www.mpppst.gob.ve\/mpppstweb\/#organization"},"potentialAction":[{"@type":"SearchAction","target":{"@type":"EntryPoint","urlTemplate":"https:\/\/www.mpppst.gob.ve\/mpppstweb\/?s={search_term_string}"},"query-input":"required name=search_term_string"}],"inLanguage":"es"},{"@type":"Organization","@id":"https:\/\/www.mpppst.gob.ve\/mpppstweb\/#organization","name":"mpppst","url":"https:\/\/www.mpppst.gob.ve\/mpppstweb\/","logo":{"@type":"ImageObject","inLanguage":"es","@id":"https:\/\/www.mpppst.gob.ve\/mpppstweb\/#\/schema\/logo\/image\/","url":"https:\/\/www.mpppst.gob.ve\/mpppstweb\/wp-content\/uploads\/2025\/07\/cropped-cropped-g910.png","contentUrl":"https:\/\/www.mpppst.gob.ve\/mpppstweb\/wp-content\/uploads\/2025\/07\/cropped-cropped-g910.png","width":1080,"height":241,"caption":"mpppst"},"image":{"@id":"https:\/\/www.mpppst.gob.ve\/mpppstweb\/#\/schema\/logo\/image\/"}},{"@type":"Person","@id":"https:\/\/www.mpppst.gob.ve\/mpppstweb\/#\/schema\/person\/fc187ee8ead412bd4c9304b62f900ea4","name":"MPPPST Prensa","url":"https:\/\/www.mpppst.gob.ve\/mpppstweb\/index.php\/author\/prensa-mpppst\/"}]}},"_links":{"self":[{"href":"https:\/\/www.mpppst.gob.ve\/mpppstweb\/index.php\/wp-json\/wp\/v2\/posts\/24018"}],"collection":[{"href":"https:\/\/www.mpppst.gob.ve\/mpppstweb\/index.php\/wp-json\/wp\/v2\/posts"}],"about":[{"href":"https:\/\/www.mpppst.gob.ve\/mpppstweb\/index.php\/wp-json\/wp\/v2\/types\/post"}],"author":[{"embeddable":true,"href":"https:\/\/www.mpppst.gob.ve\/mpppstweb\/index.php\/wp-json\/wp\/v2\/users\/25"}],"replies":[{"embeddable":true,"href":"https:\/\/www.mpppst.gob.ve\/mpppstweb\/index.php\/wp-json\/wp\/v2\/comments?post=24018"}],"version-history":[{"count":1,"href":"https:\/\/www.mpppst.gob.ve\/mpppstweb\/index.php\/wp-json\/wp\/v2\/posts\/24018\/revisions"}],"predecessor-version":[{"id":24020,"href":"https:\/\/www.mpppst.gob.ve\/mpppstweb\/index.php\/wp-json\/wp\/v2\/posts\/24018\/revisions\/24020"}],"wp:featuredmedia":[{"embeddable":true,"href":"https:\/\/www.mpppst.gob.ve\/mpppstweb\/index.php\/wp-json\/wp\/v2\/media\/24019"}],"wp:attachment":[{"href":"https:\/\/www.mpppst.gob.ve\/mpppstweb\/index.php\/wp-json\/wp\/v2\/media?parent=24018"}],"wp:term":[{"taxonomy":"category","embeddable":true,"href":"https:\/\/www.mpppst.gob.ve\/mpppstweb\/index.php\/wp-json\/wp\/v2\/categories?post=24018"},{"taxonomy":"post_tag","embeddable":true,"href":"https:\/\/www.mpppst.gob.ve\/mpppstweb\/index.php\/wp-json\/wp\/v2\/tags?post=24018"}],"curies":[{"name":"wp","href":"https:\/\/api.w.org\/{rel}","templated":true}]}}