{"id":24024,"date":"2021-12-01T06:40:15","date_gmt":"2021-12-01T10:40:15","guid":{"rendered":"http:\/\/www.mpppst.gob.ve\/mpppstweb\/?p=24024"},"modified":"2021-12-01T06:40:18","modified_gmt":"2021-12-01T10:40:18","slug":"presidente-inicia-dialogo-con-oposiciones-al-recibir-a-gobernadores-electos-de-zulia-nueva-esparta-y-cojedes","status":"publish","type":"post","link":"https:\/\/www.mpppst.gob.ve\/mpppstweb\/index.php\/2021\/12\/01\/presidente-inicia-dialogo-con-oposiciones-al-recibir-a-gobernadores-electos-de-zulia-nueva-esparta-y-cojedes\/","title":{"rendered":"Presidente inicia di\u00e1logo con oposiciones al recibir a Gobernadores electos de Zulia , Nueva Esparta y Cojedes"},"content":{"rendered":"\n<p>El presidente Constitucional de la Rep\u00fablica,&nbsp;<a href=\"https:\/\/twitter.com\/NicolasMaduro\" target=\"_blank\" rel=\"noreferrer noopener\"><em><strong>Nicol\u00e1s Maduro Moros<\/strong><\/em><\/a>, recibi\u00f3 este martes en el Palacio de Miraflores a los 3 Gobernadores electos de las diversas oposiciones que lograron el voto mayoritario en los estados Zulia, Nueva Esparta y Cojedes, en las pasadas Megaleecciones del 21 de noviembre, cuando m\u00e1s del 90% de los cargos de mandato popular regional y municipal fueron logrados por la Revoluci\u00f3n Bolivariana.<\/p>\n\n\n\n<p>El primer visitante de las oposiciones fue&nbsp;<em><strong>Manuel Antonio Rosales Guerrero,<\/strong><\/em>&nbsp;quien ya hab\u00eda sido mandatario regional del Zulia en la primera d\u00e9cada del siglo XXI,&nbsp; alcalde de Maracaibo en a\u00f1os anteriores, y candidato presidencial derrotado por el Comandante Hugo Ch\u00e1vez Fr\u00edas en 2006.<\/p>\n\n\n\n<p>El dirigente de la MUD, de esta manera, se reencausa en el carril democr\u00e1tico de Venezuela, luego de a\u00f1os de intentos frustrados de la derecha por desconocer a la Revoluci\u00f3n Bolivariana. Rosales se encontraba en Colombia, donde particip\u00f3 en la quiebra de la empresa petroqu\u00edmica Mon\u00f3meros, propiedad venezolana incautada por el Gobierno de<em>&nbsp;Iv\u00e1n Duque<\/em>&nbsp;tras el robo perpetrado por el exdiputado venezolano<em>&nbsp;Juan Guaid\u00f3.<\/em><\/p>\n\n\n\n<p>Con su visita, el dirigente oposicionista zuliano, que se present\u00f3 totalmente solo y sin acompa\u00f1antes a Miraflores, reconoce la legitimidad del Mandatario Nacional, quien personalmente hizo la convocatoria al di\u00e1logo con las oposiciones que resultaran electas, sean quienes sean.<\/p>\n\n\n\n<figure><iframe allowfullscreen=\"true\" class=\"\" src=\"https:\/\/platform.twitter.com\/embed\/Tweet.html?creatorScreenName=VTVcanal8&amp;dnt=false&amp;embedId=twitter-widget-0&amp;features=eyJ0ZndfZXhwZXJpbWVudHNfY29va2llX2V4cGlyYXRpb24iOnsiYnVja2V0IjoxMjA5NjAwLCJ2ZXJzaW9uIjpudWxsfSwidGZ3X2hvcml6b25fdHdlZXRfZW1iZWRfOTU1NSI6eyJidWNrZXQiOiJodGUiLCJ2ZXJzaW9uIjpudWxsfSwidGZ3X3NwYWNlX2NhcmQiOnsiYnVja2V0Ijoib2ZmIiwidmVyc2lvbiI6bnVsbH19&amp;frame=false&amp;hideCard=false&amp;hideThread=false&amp;id=1465810111302152192&amp;lang=es&amp;origin=https%3A%2F%2Fwww.vtv.gob.ve%2Fpresidente-inicia-dialogo-oposiciones-gobernadores-electos-zulia-nueva-esparta%2F&amp;sessionId=b410640da3fb8ab0a522be9ca7c2b2e13d1c10e3&amp;siteScreenName=VTVcanal8&amp;theme=light&amp;widgetsVersion=f001879%3A1634581029404&amp;width=550px\"><\/iframe><\/figure>\n\n\n\n<figure><iframe allowfullscreen=\"true\" class=\"\" src=\"https:\/\/platform.twitter.com\/embed\/Tweet.html?creatorScreenName=VTVcanal8&amp;dnt=false&amp;embedId=twitter-widget-1&amp;features=eyJ0ZndfZXhwZXJpbWVudHNfY29va2llX2V4cGlyYXRpb24iOnsiYnVja2V0IjoxMjA5NjAwLCJ2ZXJzaW9uIjpudWxsfSwidGZ3X2hvcml6b25fdHdlZXRfZW1iZWRfOTU1NSI6eyJidWNrZXQiOiJodGUiLCJ2ZXJzaW9uIjpudWxsfSwidGZ3X3NwYWNlX2NhcmQiOnsiYnVja2V0Ijoib2ZmIiwidmVyc2lvbiI6bnVsbH19&amp;frame=false&amp;hideCard=false&amp;hideThread=false&amp;id=1465820070299455493&amp;lang=es&amp;origin=https%3A%2F%2Fwww.vtv.gob.ve%2Fpresidente-inicia-dialogo-oposiciones-gobernadores-electos-zulia-nueva-esparta%2F&amp;sessionId=b410640da3fb8ab0a522be9ca7c2b2e13d1c10e3&amp;siteScreenName=VTVcanal8&amp;theme=light&amp;widgetsVersion=f001879%3A1634581029404&amp;width=550px\"><\/iframe><\/figure>\n\n\n\n<p>Posteriormente, el Jefe de Estado dio la bienvenida al gobernador electo de Nueva Esparta,&nbsp;<strong>Morel Rodr\u00edguez \u00c1vila<\/strong>, quien ya hab\u00eda sido mandatario regional de la entidad insular en el siglo XX. En las elecciones regionales del 21N, el dirigente de derecha result\u00f3 electo con 11.148 votos.<\/p>\n\n\n\n<figure><iframe allowfullscreen=\"true\" class=\"\" src=\"https:\/\/platform.twitter.com\/embed\/Tweet.html?creatorScreenName=VTVcanal8&amp;dnt=false&amp;embedId=twitter-widget-2&amp;features=eyJ0ZndfZXhwZXJpbWVudHNfY29va2llX2V4cGlyYXRpb24iOnsiYnVja2V0IjoxMjA5NjAwLCJ2ZXJzaW9uIjpudWxsfSwidGZ3X2hvcml6b25fdHdlZXRfZW1iZWRfOTU1NSI6eyJidWNrZXQiOiJodGUiLCJ2ZXJzaW9uIjpudWxsfSwidGZ3X3NwYWNlX2NhcmQiOnsiYnVja2V0Ijoib2ZmIiwidmVyc2lvbiI6bnVsbH19&amp;frame=false&amp;hideCard=false&amp;hideThread=false&amp;id=1465828751850287108&amp;lang=es&amp;origin=https%3A%2F%2Fwww.vtv.gob.ve%2Fpresidente-inicia-dialogo-oposiciones-gobernadores-electos-zulia-nueva-esparta%2F&amp;sessionId=b410640da3fb8ab0a522be9ca7c2b2e13d1c10e3&amp;siteScreenName=VTVcanal8&amp;theme=light&amp;widgetsVersion=f001879%3A1634581029404&amp;width=550px\"><\/iframe><\/figure>\n\n\n\n<p>Rodr\u00edguez \u00c1vila se present\u00f3 con una delegaci\u00f3n de alcaldes electos de algunos municipios de la entidad, entre ellos&nbsp;<strong><em>Morel David Rodr\u00edguez,<\/em>&nbsp;<\/strong>de la alcald\u00eda de Maneiro.<\/p>\n\n\n\n<figure><iframe allowfullscreen=\"true\" class=\"\" src=\"https:\/\/platform.twitter.com\/embed\/Tweet.html?creatorScreenName=VTVcanal8&amp;dnt=false&amp;embedId=twitter-widget-3&amp;features=eyJ0ZndfZXhwZXJpbWVudHNfY29va2llX2V4cGlyYXRpb24iOnsiYnVja2V0IjoxMjA5NjAwLCJ2ZXJzaW9uIjpudWxsfSwidGZ3X2hvcml6b25fdHdlZXRfZW1iZWRfOTU1NSI6eyJidWNrZXQiOiJodGUiLCJ2ZXJzaW9uIjpudWxsfSwidGZ3X3NwYWNlX2NhcmQiOnsiYnVja2V0Ijoib2ZmIiwidmVyc2lvbiI6bnVsbH19&amp;frame=false&amp;hideCard=false&amp;hideThread=false&amp;id=1465813252798038018&amp;lang=es&amp;origin=https%3A%2F%2Fwww.vtv.gob.ve%2Fpresidente-inicia-dialogo-oposiciones-gobernadores-electos-zulia-nueva-esparta%2F&amp;sessionId=b410640da3fb8ab0a522be9ca7c2b2e13d1c10e3&amp;siteScreenName=VTVcanal8&amp;theme=light&amp;widgetsVersion=f001879%3A1634581029404&amp;width=550px\"><\/iframe><\/figure>\n\n\n\n<p>M\u00e1s tarde, se present\u00f3 el nuevo mandatario por Cojedes,&nbsp;<strong>Alberto Gal\u00edndez Cordero<\/strong>, quien fue electo con 71,058 votos gracias a una alianza de 8 organizaciones pol\u00edticas de derecha en la entidad, comandada por la MUD.<\/p>\n\n\n\n<p>Gal\u00edndez, acompa\u00f1ado de otras personas allegadas a su l\u00ednea partidista, entre ellos su hijo Jos\u00e9 Alberto Gal\u00edndez, agradeci\u00f3 la bienvenida ofrecida por el Mandatario Nacional, con quien convers\u00f3 animadamente en el transcurso del encuentro.&nbsp;<\/p>\n\n\n\n<figure><iframe allowfullscreen=\"true\" class=\"\" src=\"https:\/\/platform.twitter.com\/embed\/Tweet.html?creatorScreenName=VTVcanal8&amp;dnt=false&amp;embedId=twitter-widget-4&amp;features=eyJ0ZndfZXhwZXJpbWVudHNfY29va2llX2V4cGlyYXRpb24iOnsiYnVja2V0IjoxMjA5NjAwLCJ2ZXJzaW9uIjpudWxsfSwidGZ3X2hvcml6b25fdHdlZXRfZW1iZWRfOTU1NSI6eyJidWNrZXQiOiJodGUiLCJ2ZXJzaW9uIjpudWxsfSwidGZ3X3NwYWNlX2NhcmQiOnsiYnVja2V0Ijoib2ZmIiwidmVyc2lvbiI6bnVsbH19&amp;frame=false&amp;hideCard=false&amp;hideThread=false&amp;id=1465826881064906761&amp;lang=es&amp;origin=https%3A%2F%2Fwww.vtv.gob.ve%2Fpresidente-inicia-dialogo-oposiciones-gobernadores-electos-zulia-nueva-esparta%2F&amp;sessionId=b410640da3fb8ab0a522be9ca7c2b2e13d1c10e3&amp;siteScreenName=VTVcanal8&amp;theme=light&amp;widgetsVersion=f001879%3A1634581029404&amp;width=550px\"><\/iframe><\/figure>\n\n\n\n<p>Con la presencia de estas autoridades de la derecha venezolana, se ratifica la decisi\u00f3n de la dirigencia oposicionista venezolana a renunciar a los caminos antidemocr\u00e1ticos, el repudio a las medidas coercitivas unilaterales que han causado tanto da\u00f1o por parte del r\u00e9gimen imperial que gobierna a EE.UU. y a trabajar por la recuperaci\u00f3n econ\u00f3mica de Venezuela y la felicidad social de los venezolanos y venezolanas.<\/p>\n\n\n\n<p>En la actividad presidencial en Palacio, acompa\u00f1aron al presidente Maduro su esposa, la primera Combatiente y diputada&nbsp;<strong>Cilia Flores;<\/strong>&nbsp;el presidente del Poder Legislativo,&nbsp;<strong>Jorge Rodr\u00edguez<\/strong>&nbsp;y el vicepresidente Sectorial de Comunicaci\u00f3n, Cultura y Turismo,&nbsp;<strong>Freddy \u00d1\u00e1\u00f1ez.<\/strong><\/p>\n","protected":false},"excerpt":{"rendered":"<p>El presidente Constitucional de la Rep\u00fablica,&nbsp;Nicol\u00e1s Maduro Moros, recibi\u00f3 este martes en el Palacio de Miraflores &hellip; <a title=\"Presidente inicia di\u00e1logo con oposiciones al recibir a Gobernadores electos de Zulia , Nueva Esparta y Cojedes\" class=\"hm-read-more\" href=\"https:\/\/www.mpppst.gob.ve\/mpppstweb\/index.php\/2021\/12\/01\/presidente-inicia-dialogo-con-oposiciones-al-recibir-a-gobernadores-electos-de-zulia-nueva-esparta-y-cojedes\/\"><span class=\"screen-reader-text\">Presidente inicia di\u00e1logo con oposiciones al recibir a Gobernadores electos de Zulia , Nueva Esparta y Cojedes<\/span>Read more<\/a><\/p>\n","protected":false},"author":25,"featured_media":24025,"comment_status":"closed","ping_status":"closed","sticky":false,"template":"","format":"standard","meta":{"footnotes":""},"categories":[82,163],"tags":[],"yoast_head":"<!-- This site is optimized with the Yoast SEO plugin v22.5 - https:\/\/yoast.com\/wordpress\/plugins\/seo\/ -->\n<title>Presidente inicia di\u00e1logo con oposiciones al recibir a Gobernadores electos de Zulia , Nueva Esparta y Cojedes - MPPPST<\/title>\n<meta name=\"robots\" content=\"index, follow, max-snippet:-1, max-image-preview:large, max-video-preview:-1\" \/>\n<link rel=\"canonical\" href=\"https:\/\/www.mpppst.gob.ve\/mpppstweb\/index.php\/2021\/12\/01\/presidente-inicia-dialogo-con-oposiciones-al-recibir-a-gobernadores-electos-de-zulia-nueva-esparta-y-cojedes\/\" \/>\n<meta property=\"og:locale\" content=\"es_ES\" \/>\n<meta property=\"og:type\" content=\"article\" \/>\n<meta property=\"og:title\" content=\"Presidente inicia di\u00e1logo con oposiciones al recibir a Gobernadores electos de Zulia , Nueva Esparta y Cojedes - MPPPST\" \/>\n<meta property=\"og:description\" content=\"El presidente Constitucional de la Rep\u00fablica,&nbsp;Nicol\u00e1s Maduro Moros, recibi\u00f3 este martes en el Palacio de Miraflores &hellip; Presidente inicia di\u00e1logo con oposiciones al recibir a Gobernadores electos de Zulia , Nueva Esparta y CojedesRead more\" \/>\n<meta property=\"og:url\" content=\"https:\/\/www.mpppst.gob.ve\/mpppstweb\/index.php\/2021\/12\/01\/presidente-inicia-dialogo-con-oposiciones-al-recibir-a-gobernadores-electos-de-zulia-nueva-esparta-y-cojedes\/\" \/>\n<meta property=\"og:site_name\" content=\"MPPPST\" \/>\n<meta property=\"article:published_time\" content=\"2021-12-01T10:40:15+00:00\" \/>\n<meta property=\"article:modified_time\" content=\"2021-12-01T10:40:18+00:00\" \/>\n<meta property=\"og:image\" content=\"https:\/\/www.mpppst.gob.ve\/mpppstweb\/wp-content\/uploads\/2021\/12\/Morel-Miraflores-Madurio-768x427-1.jpg\" \/>\n\t<meta property=\"og:image:width\" content=\"768\" \/>\n\t<meta property=\"og:image:height\" content=\"427\" \/>\n\t<meta property=\"og:image:type\" content=\"image\/jpeg\" \/>\n<meta name=\"author\" content=\"MPPPST Prensa\" \/>\n<meta name=\"twitter:card\" content=\"summary_large_image\" \/>\n<meta name=\"twitter:label1\" content=\"Escrito por\" \/>\n\t<meta name=\"twitter:data1\" content=\"MPPPST Prensa\" \/>\n\t<meta name=\"twitter:label2\" content=\"Tiempo de lectura\" \/>\n\t<meta name=\"twitter:data2\" content=\"3 minutos\" \/>\n<script type=\"application\/ld+json\" class=\"yoast-schema-graph\">{\"@context\":\"https:\/\/schema.org\",\"@graph\":[{\"@type\":\"Article\",\"@id\":\"https:\/\/www.mpppst.gob.ve\/mpppstweb\/index.php\/2021\/12\/01\/presidente-inicia-dialogo-con-oposiciones-al-recibir-a-gobernadores-electos-de-zulia-nueva-esparta-y-cojedes\/#article\",\"isPartOf\":{\"@id\":\"https:\/\/www.mpppst.gob.ve\/mpppstweb\/index.php\/2021\/12\/01\/presidente-inicia-dialogo-con-oposiciones-al-recibir-a-gobernadores-electos-de-zulia-nueva-esparta-y-cojedes\/\"},\"author\":{\"name\":\"MPPPST Prensa\",\"@id\":\"https:\/\/www.mpppst.gob.ve\/mpppstweb\/#\/schema\/person\/fc187ee8ead412bd4c9304b62f900ea4\"},\"headline\":\"Presidente inicia di\u00e1logo con oposiciones al recibir a Gobernadores electos de Zulia , Nueva Esparta y Cojedes\",\"datePublished\":\"2021-12-01T10:40:15+00:00\",\"dateModified\":\"2021-12-01T10:40:18+00:00\",\"mainEntityOfPage\":{\"@id\":\"https:\/\/www.mpppst.gob.ve\/mpppstweb\/index.php\/2021\/12\/01\/presidente-inicia-dialogo-con-oposiciones-al-recibir-a-gobernadores-electos-de-zulia-nueva-esparta-y-cojedes\/\"},\"wordCount\":523,\"publisher\":{\"@id\":\"https:\/\/www.mpppst.gob.ve\/mpppstweb\/#organization\"},\"image\":{\"@id\":\"https:\/\/www.mpppst.gob.ve\/mpppstweb\/index.php\/2021\/12\/01\/presidente-inicia-dialogo-con-oposiciones-al-recibir-a-gobernadores-electos-de-zulia-nueva-esparta-y-cojedes\/#primaryimage\"},\"thumbnailUrl\":\"https:\/\/www.mpppst.gob.ve\/mpppstweb\/wp-content\/uploads\/2021\/12\/Morel-Miraflores-Madurio-768x427-1.jpg\",\"articleSection\":[\"Gobierno Nacional\",\"Noticias\"],\"inLanguage\":\"es\"},{\"@type\":\"WebPage\",\"@id\":\"https:\/\/www.mpppst.gob.ve\/mpppstweb\/index.php\/2021\/12\/01\/presidente-inicia-dialogo-con-oposiciones-al-recibir-a-gobernadores-electos-de-zulia-nueva-esparta-y-cojedes\/\",\"url\":\"https:\/\/www.mpppst.gob.ve\/mpppstweb\/index.php\/2021\/12\/01\/presidente-inicia-dialogo-con-oposiciones-al-recibir-a-gobernadores-electos-de-zulia-nueva-esparta-y-cojedes\/\",\"name\":\"Presidente inicia di\u00e1logo con oposiciones al recibir a Gobernadores electos de Zulia , Nueva Esparta y Cojedes - MPPPST\",\"isPartOf\":{\"@id\":\"https:\/\/www.mpppst.gob.ve\/mpppstweb\/#website\"},\"primaryImageOfPage\":{\"@id\":\"https:\/\/www.mpppst.gob.ve\/mpppstweb\/index.php\/2021\/12\/01\/presidente-inicia-dialogo-con-oposiciones-al-recibir-a-gobernadores-electos-de-zulia-nueva-esparta-y-cojedes\/#primaryimage\"},\"image\":{\"@id\":\"https:\/\/www.mpppst.gob.ve\/mpppstweb\/index.php\/2021\/12\/01\/presidente-inicia-dialogo-con-oposiciones-al-recibir-a-gobernadores-electos-de-zulia-nueva-esparta-y-cojedes\/#primaryimage\"},\"thumbnailUrl\":\"https:\/\/www.mpppst.gob.ve\/mpppstweb\/wp-content\/uploads\/2021\/12\/Morel-Miraflores-Madurio-768x427-1.jpg\",\"datePublished\":\"2021-12-01T10:40:15+00:00\",\"dateModified\":\"2021-12-01T10:40:18+00:00\",\"breadcrumb\":{\"@id\":\"https:\/\/www.mpppst.gob.ve\/mpppstweb\/index.php\/2021\/12\/01\/presidente-inicia-dialogo-con-oposiciones-al-recibir-a-gobernadores-electos-de-zulia-nueva-esparta-y-cojedes\/#breadcrumb\"},\"inLanguage\":\"es\",\"potentialAction\":[{\"@type\":\"ReadAction\",\"target\":[\"https:\/\/www.mpppst.gob.ve\/mpppstweb\/index.php\/2021\/12\/01\/presidente-inicia-dialogo-con-oposiciones-al-recibir-a-gobernadores-electos-de-zulia-nueva-esparta-y-cojedes\/\"]}]},{\"@type\":\"ImageObject\",\"inLanguage\":\"es\",\"@id\":\"https:\/\/www.mpppst.gob.ve\/mpppstweb\/index.php\/2021\/12\/01\/presidente-inicia-dialogo-con-oposiciones-al-recibir-a-gobernadores-electos-de-zulia-nueva-esparta-y-cojedes\/#primaryimage\",\"url\":\"https:\/\/www.mpppst.gob.ve\/mpppstweb\/wp-content\/uploads\/2021\/12\/Morel-Miraflores-Madurio-768x427-1.jpg\",\"contentUrl\":\"https:\/\/www.mpppst.gob.ve\/mpppstweb\/wp-content\/uploads\/2021\/12\/Morel-Miraflores-Madurio-768x427-1.jpg\",\"width\":768,\"height\":427},{\"@type\":\"BreadcrumbList\",\"@id\":\"https:\/\/www.mpppst.gob.ve\/mpppstweb\/index.php\/2021\/12\/01\/presidente-inicia-dialogo-con-oposiciones-al-recibir-a-gobernadores-electos-de-zulia-nueva-esparta-y-cojedes\/#breadcrumb\",\"itemListElement\":[{\"@type\":\"ListItem\",\"position\":1,\"name\":\"Home\",\"item\":\"https:\/\/www.mpppst.gob.ve\/mpppstweb\/\"},{\"@type\":\"ListItem\",\"position\":2,\"name\":\"Presidente inicia di\u00e1logo con oposiciones al recibir a Gobernadores electos de Zulia , Nueva Esparta y Cojedes\"}]},{\"@type\":\"WebSite\",\"@id\":\"https:\/\/www.mpppst.gob.ve\/mpppstweb\/#website\",\"url\":\"https:\/\/www.mpppst.gob.ve\/mpppstweb\/\",\"name\":\"MPPPST\",\"description\":\"Ministerio del Poder Popular para el Proceso Social de Trabajo\",\"publisher\":{\"@id\":\"https:\/\/www.mpppst.gob.ve\/mpppstweb\/#organization\"},\"potentialAction\":[{\"@type\":\"SearchAction\",\"target\":{\"@type\":\"EntryPoint\",\"urlTemplate\":\"https:\/\/www.mpppst.gob.ve\/mpppstweb\/?s={search_term_string}\"},\"query-input\":\"required name=search_term_string\"}],\"inLanguage\":\"es\"},{\"@type\":\"Organization\",\"@id\":\"https:\/\/www.mpppst.gob.ve\/mpppstweb\/#organization\",\"name\":\"mpppst\",\"url\":\"https:\/\/www.mpppst.gob.ve\/mpppstweb\/\",\"logo\":{\"@type\":\"ImageObject\",\"inLanguage\":\"es\",\"@id\":\"https:\/\/www.mpppst.gob.ve\/mpppstweb\/#\/schema\/logo\/image\/\",\"url\":\"https:\/\/www.mpppst.gob.ve\/mpppstweb\/wp-content\/uploads\/2025\/07\/cropped-cropped-g910.png\",\"contentUrl\":\"https:\/\/www.mpppst.gob.ve\/mpppstweb\/wp-content\/uploads\/2025\/07\/cropped-cropped-g910.png\",\"width\":1080,\"height\":241,\"caption\":\"mpppst\"},\"image\":{\"@id\":\"https:\/\/www.mpppst.gob.ve\/mpppstweb\/#\/schema\/logo\/image\/\"}},{\"@type\":\"Person\",\"@id\":\"https:\/\/www.mpppst.gob.ve\/mpppstweb\/#\/schema\/person\/fc187ee8ead412bd4c9304b62f900ea4\",\"name\":\"MPPPST Prensa\",\"url\":\"https:\/\/www.mpppst.gob.ve\/mpppstweb\/index.php\/author\/prensa-mpppst\/\"}]}<\/script>\n<!-- \/ Yoast SEO plugin. -->","yoast_head_json":{"title":"Presidente inicia di\u00e1logo con oposiciones al recibir a Gobernadores electos de Zulia , Nueva Esparta y Cojedes - MPPPST","robots":{"index":"index","follow":"follow","max-snippet":"max-snippet:-1","max-image-preview":"max-image-preview:large","max-video-preview":"max-video-preview:-1"},"canonical":"https:\/\/www.mpppst.gob.ve\/mpppstweb\/index.php\/2021\/12\/01\/presidente-inicia-dialogo-con-oposiciones-al-recibir-a-gobernadores-electos-de-zulia-nueva-esparta-y-cojedes\/","og_locale":"es_ES","og_type":"article","og_title":"Presidente inicia di\u00e1logo con oposiciones al recibir a Gobernadores electos de Zulia , Nueva Esparta y Cojedes - MPPPST","og_description":"El presidente Constitucional de la Rep\u00fablica,&nbsp;Nicol\u00e1s Maduro Moros, recibi\u00f3 este martes en el Palacio de Miraflores &hellip; Presidente inicia di\u00e1logo con oposiciones al recibir a Gobernadores electos de Zulia , Nueva Esparta y CojedesRead more","og_url":"https:\/\/www.mpppst.gob.ve\/mpppstweb\/index.php\/2021\/12\/01\/presidente-inicia-dialogo-con-oposiciones-al-recibir-a-gobernadores-electos-de-zulia-nueva-esparta-y-cojedes\/","og_site_name":"MPPPST","article_published_time":"2021-12-01T10:40:15+00:00","article_modified_time":"2021-12-01T10:40:18+00:00","og_image":[{"width":768,"height":427,"url":"https:\/\/www.mpppst.gob.ve\/mpppstweb\/wp-content\/uploads\/2021\/12\/Morel-Miraflores-Madurio-768x427-1.jpg","type":"image\/jpeg"}],"author":"MPPPST Prensa","twitter_card":"summary_large_image","twitter_misc":{"Escrito por":"MPPPST Prensa","Tiempo de lectura":"3 minutos"},"schema":{"@context":"https:\/\/schema.org","@graph":[{"@type":"Article","@id":"https:\/\/www.mpppst.gob.ve\/mpppstweb\/index.php\/2021\/12\/01\/presidente-inicia-dialogo-con-oposiciones-al-recibir-a-gobernadores-electos-de-zulia-nueva-esparta-y-cojedes\/#article","isPartOf":{"@id":"https:\/\/www.mpppst.gob.ve\/mpppstweb\/index.php\/2021\/12\/01\/presidente-inicia-dialogo-con-oposiciones-al-recibir-a-gobernadores-electos-de-zulia-nueva-esparta-y-cojedes\/"},"author":{"name":"MPPPST Prensa","@id":"https:\/\/www.mpppst.gob.ve\/mpppstweb\/#\/schema\/person\/fc187ee8ead412bd4c9304b62f900ea4"},"headline":"Presidente inicia di\u00e1logo con oposiciones al recibir a Gobernadores electos de Zulia , Nueva Esparta y Cojedes","datePublished":"2021-12-01T10:40:15+00:00","dateModified":"2021-12-01T10:40:18+00:00","mainEntityOfPage":{"@id":"https:\/\/www.mpppst.gob.ve\/mpppstweb\/index.php\/2021\/12\/01\/presidente-inicia-dialogo-con-oposiciones-al-recibir-a-gobernadores-electos-de-zulia-nueva-esparta-y-cojedes\/"},"wordCount":523,"publisher":{"@id":"https:\/\/www.mpppst.gob.ve\/mpppstweb\/#organization"},"image":{"@id":"https:\/\/www.mpppst.gob.ve\/mpppstweb\/index.php\/2021\/12\/01\/presidente-inicia-dialogo-con-oposiciones-al-recibir-a-gobernadores-electos-de-zulia-nueva-esparta-y-cojedes\/#primaryimage"},"thumbnailUrl":"https:\/\/www.mpppst.gob.ve\/mpppstweb\/wp-content\/uploads\/2021\/12\/Morel-Miraflores-Madurio-768x427-1.jpg","articleSection":["Gobierno Nacional","Noticias"],"inLanguage":"es"},{"@type":"WebPage","@id":"https:\/\/www.mpppst.gob.ve\/mpppstweb\/index.php\/2021\/12\/01\/presidente-inicia-dialogo-con-oposiciones-al-recibir-a-gobernadores-electos-de-zulia-nueva-esparta-y-cojedes\/","url":"https:\/\/www.mpppst.gob.ve\/mpppstweb\/index.php\/2021\/12\/01\/presidente-inicia-dialogo-con-oposiciones-al-recibir-a-gobernadores-electos-de-zulia-nueva-esparta-y-cojedes\/","name":"Presidente inicia di\u00e1logo con oposiciones al recibir a Gobernadores electos de Zulia , Nueva Esparta y Cojedes - MPPPST","isPartOf":{"@id":"https:\/\/www.mpppst.gob.ve\/mpppstweb\/#website"},"primaryImageOfPage":{"@id":"https:\/\/www.mpppst.gob.ve\/mpppstweb\/index.php\/2021\/12\/01\/presidente-inicia-dialogo-con-oposiciones-al-recibir-a-gobernadores-electos-de-zulia-nueva-esparta-y-cojedes\/#primaryimage"},"image":{"@id":"https:\/\/www.mpppst.gob.ve\/mpppstweb\/index.php\/2021\/12\/01\/presidente-inicia-dialogo-con-oposiciones-al-recibir-a-gobernadores-electos-de-zulia-nueva-esparta-y-cojedes\/#primaryimage"},"thumbnailUrl":"https:\/\/www.mpppst.gob.ve\/mpppstweb\/wp-content\/uploads\/2021\/12\/Morel-Miraflores-Madurio-768x427-1.jpg","datePublished":"2021-12-01T10:40:15+00:00","dateModified":"2021-12-01T10:40:18+00:00","breadcrumb":{"@id":"https:\/\/www.mpppst.gob.ve\/mpppstweb\/index.php\/2021\/12\/01\/presidente-inicia-dialogo-con-oposiciones-al-recibir-a-gobernadores-electos-de-zulia-nueva-esparta-y-cojedes\/#breadcrumb"},"inLanguage":"es","potentialAction":[{"@type":"ReadAction","target":["https:\/\/www.mpppst.gob.ve\/mpppstweb\/index.php\/2021\/12\/01\/presidente-inicia-dialogo-con-oposiciones-al-recibir-a-gobernadores-electos-de-zulia-nueva-esparta-y-cojedes\/"]}]},{"@type":"ImageObject","inLanguage":"es","@id":"https:\/\/www.mpppst.gob.ve\/mpppstweb\/index.php\/2021\/12\/01\/presidente-inicia-dialogo-con-oposiciones-al-recibir-a-gobernadores-electos-de-zulia-nueva-esparta-y-cojedes\/#primaryimage","url":"https:\/\/www.mpppst.gob.ve\/mpppstweb\/wp-content\/uploads\/2021\/12\/Morel-Miraflores-Madurio-768x427-1.jpg","contentUrl":"https:\/\/www.mpppst.gob.ve\/mpppstweb\/wp-content\/uploads\/2021\/12\/Morel-Miraflores-Madurio-768x427-1.jpg","width":768,"height":427},{"@type":"BreadcrumbList","@id":"https:\/\/www.mpppst.gob.ve\/mpppstweb\/index.php\/2021\/12\/01\/presidente-inicia-dialogo-con-oposiciones-al-recibir-a-gobernadores-electos-de-zulia-nueva-esparta-y-cojedes\/#breadcrumb","itemListElement":[{"@type":"ListItem","position":1,"name":"Home","item":"https:\/\/www.mpppst.gob.ve\/mpppstweb\/"},{"@type":"ListItem","position":2,"name":"Presidente inicia di\u00e1logo con oposiciones al recibir a Gobernadores electos de Zulia , Nueva Esparta y Cojedes"}]},{"@type":"WebSite","@id":"https:\/\/www.mpppst.gob.ve\/mpppstweb\/#website","url":"https:\/\/www.mpppst.gob.ve\/mpppstweb\/","name":"MPPPST","description":"Ministerio del Poder Popular para el Proceso Social de Trabajo","publisher":{"@id":"https:\/\/www.mpppst.gob.ve\/mpppstweb\/#organization"},"potentialAction":[{"@type":"SearchAction","target":{"@type":"EntryPoint","urlTemplate":"https:\/\/www.mpppst.gob.ve\/mpppstweb\/?s={search_term_string}"},"query-input":"required name=search_term_string"}],"inLanguage":"es"},{"@type":"Organization","@id":"https:\/\/www.mpppst.gob.ve\/mpppstweb\/#organization","name":"mpppst","url":"https:\/\/www.mpppst.gob.ve\/mpppstweb\/","logo":{"@type":"ImageObject","inLanguage":"es","@id":"https:\/\/www.mpppst.gob.ve\/mpppstweb\/#\/schema\/logo\/image\/","url":"https:\/\/www.mpppst.gob.ve\/mpppstweb\/wp-content\/uploads\/2025\/07\/cropped-cropped-g910.png","contentUrl":"https:\/\/www.mpppst.gob.ve\/mpppstweb\/wp-content\/uploads\/2025\/07\/cropped-cropped-g910.png","width":1080,"height":241,"caption":"mpppst"},"image":{"@id":"https:\/\/www.mpppst.gob.ve\/mpppstweb\/#\/schema\/logo\/image\/"}},{"@type":"Person","@id":"https:\/\/www.mpppst.gob.ve\/mpppstweb\/#\/schema\/person\/fc187ee8ead412bd4c9304b62f900ea4","name":"MPPPST Prensa","url":"https:\/\/www.mpppst.gob.ve\/mpppstweb\/index.php\/author\/prensa-mpppst\/"}]}},"_links":{"self":[{"href":"https:\/\/www.mpppst.gob.ve\/mpppstweb\/index.php\/wp-json\/wp\/v2\/posts\/24024"}],"collection":[{"href":"https:\/\/www.mpppst.gob.ve\/mpppstweb\/index.php\/wp-json\/wp\/v2\/posts"}],"about":[{"href":"https:\/\/www.mpppst.gob.ve\/mpppstweb\/index.php\/wp-json\/wp\/v2\/types\/post"}],"author":[{"embeddable":true,"href":"https:\/\/www.mpppst.gob.ve\/mpppstweb\/index.php\/wp-json\/wp\/v2\/users\/25"}],"replies":[{"embeddable":true,"href":"https:\/\/www.mpppst.gob.ve\/mpppstweb\/index.php\/wp-json\/wp\/v2\/comments?post=24024"}],"version-history":[{"count":1,"href":"https:\/\/www.mpppst.gob.ve\/mpppstweb\/index.php\/wp-json\/wp\/v2\/posts\/24024\/revisions"}],"predecessor-version":[{"id":24026,"href":"https:\/\/www.mpppst.gob.ve\/mpppstweb\/index.php\/wp-json\/wp\/v2\/posts\/24024\/revisions\/24026"}],"wp:featuredmedia":[{"embeddable":true,"href":"https:\/\/www.mpppst.gob.ve\/mpppstweb\/index.php\/wp-json\/wp\/v2\/media\/24025"}],"wp:attachment":[{"href":"https:\/\/www.mpppst.gob.ve\/mpppstweb\/index.php\/wp-json\/wp\/v2\/media?parent=24024"}],"wp:term":[{"taxonomy":"category","embeddable":true,"href":"https:\/\/www.mpppst.gob.ve\/mpppstweb\/index.php\/wp-json\/wp\/v2\/categories?post=24024"},{"taxonomy":"post_tag","embeddable":true,"href":"https:\/\/www.mpppst.gob.ve\/mpppstweb\/index.php\/wp-json\/wp\/v2\/tags?post=24024"}],"curies":[{"name":"wp","href":"https:\/\/api.w.org\/{rel}","templated":true}]}}