{"id":24027,"date":"2021-12-01T06:44:17","date_gmt":"2021-12-01T10:44:17","guid":{"rendered":"http:\/\/www.mpppst.gob.ve\/mpppstweb\/?p=24027"},"modified":"2021-12-01T06:44:18","modified_gmt":"2021-12-01T10:44:18","slug":"venezuela-y-onu-preparan-lineas-de-cooperacion-para-anos-venideros","status":"publish","type":"post","link":"https:\/\/www.mpppst.gob.ve\/mpppstweb\/index.php\/2021\/12\/01\/venezuela-y-onu-preparan-lineas-de-cooperacion-para-anos-venideros\/","title":{"rendered":"Venezuela y ONU preparan l\u00edneas de cooperaci\u00f3n para a\u00f1os venideros"},"content":{"rendered":"\n<p>Venezuela y la&nbsp;<strong>Organizaci\u00f3n de las Naciones Unidas (ONU)<\/strong>&nbsp;preparan l\u00edneas de cooperaci\u00f3n para los a\u00f1os venideros, inform\u00f3 la instancia internacional a trav\u00e9s de su cuenta en la red social Twitter, en la que detall\u00f3 que este 30 de noviembre se abri\u00f3 un espacio en Caracas para el intercambio de ideas.<\/p>\n\n\n\n<p>Asimismo, el coordinador Residente del Sistema de Naciones Unidas en Venezuela,&nbsp;<strong>Gianluca Rampolla, a trav\u00e9s de su cuenta en Twitter detall\u00f3 que se trat\u00f3 de&nbsp; un&nbsp;<\/strong>intercambio constructivo con las autoridades del Gobierno nacional.<\/p>\n\n\n\n<p>\u201cPara Venezuela el pr\u00f3ximo marco de cooperaci\u00f3n con las Naciones Unidas puede ofrecer una tremenda oportunidad de retomar el camino de los Objetivos de Desarollo Sostenible\u201d, se\u00f1ala Rampolla en el tuit.<\/p>\n\n\n\n<p>En declaraci\u00f3n a los medios de comunicaci\u00f3n, el vicepresidente sectorial del Socialismo Social y Territorial,&nbsp;<strong>Mervin Maldonado<\/strong>, detall\u00f3 que al encuentro asistieron 11 Ministros de Venezuela, para plantear los retos que se deben asumir en los a\u00f1os pr\u00f3ximos.<\/p>\n\n\n\n<p>\u201cHoy 11 Ministros han expuesto en materia de salud, de vivienda, educaci\u00f3n, pueblos ind\u00edgenas, ciencia, tecnolog\u00edas, las \u00e1reas de trabajo para que en ese marco de cooperaci\u00f3n con el Sistema de Naciones Unidas, podamos avanzar en soluciones\u201d, dijo Maldonado.<\/p>\n\n\n\n<p>Destac\u00f3 que las Comunas expusieron c\u00f3mo, desde las bases, se contin\u00faan sumando esfuerzo junto al Gobierno Nacional para alcanzar los Objetivos de Desarrollo Sostenible.<\/p>\n\n\n\n<p>El ministro del Poder Popular para la Planificaci\u00f3n,&nbsp;<strong>Ricardo Men\u00e9ndez<\/strong>, precis\u00f3 que hay grandes desaf\u00edos en estos tiempos de pandemia.<\/p>\n\n\n\n<p>\u201cLos alimentos, los insumos, las tecnolog\u00edas est\u00e1n afectadas y en estos momentos de pandemia reclamar\u00eda unos fondos y bancos de insumos democratizados a nivel internacional\u201d, dijo &nbsp;M\u00e9ndez.<\/p>\n\n\n\n<p>Por otro lado, el viceministro para Temas Multilaterales,&nbsp;<strong>Rub\u00e9n Dar\u00edo Molin<\/strong>a, agreg\u00f3 que \u201cdentro de lo que es la Diplomacia de Paz y de respeto del Derecho Internacional &nbsp;nos estamos incorporando dentro de esta agenda de desarrollo que ha ido impulsado la Vicepresidencia y las Vicepresidencia Sectoriales\u201d.<\/p>\n\n\n\n<p>El coordinador Residente del Sistema de Naciones Unidas en Venezuela,&nbsp;<strong>Gianluca Rampolla, calific\u00f3 el encuentro como \u201ca<\/strong>mistoso, cercano, abierto, trasparente, de confianza y respeto mutuo\u201d.<\/p>\n\n\n\n<p>Venezuela contin\u00faa fortaleciendo la cooperaci\u00f3n con la ONU. El 29 de noviembre una delegaci\u00f3n del pa\u00eds present\u00f3 los avances en materia de estad\u00edstica y geograf\u00eda ante una delegaci\u00f3n de la&nbsp;<a href=\"https:\/\/www.vtv.gob.ve\/venezuela-presenta-avance-estadisticas-geografia-cepal\/\">C<strong>omisi\u00f3n Econ\u00f3mica para Am\u00e9rica Latina y el Caribe (CEPAL).<\/strong><\/a><\/p>\n\n\n\n<figure><iframe allowfullscreen=\"true\" class=\"\" src=\"https:\/\/platform.twitter.com\/embed\/Tweet.html?creatorScreenName=VTVcanal8&amp;dnt=false&amp;embedId=twitter-widget-0&amp;features=eyJ0ZndfZXhwZXJpbWVudHNfY29va2llX2V4cGlyYXRpb24iOnsiYnVja2V0IjoxMjA5NjAwLCJ2ZXJzaW9uIjpudWxsfSwidGZ3X2hvcml6b25fdHdlZXRfZW1iZWRfOTU1NSI6eyJidWNrZXQiOiJodGUiLCJ2ZXJzaW9uIjpudWxsfSwidGZ3X3NwYWNlX2NhcmQiOnsiYnVja2V0Ijoib2ZmIiwidmVyc2lvbiI6bnVsbH19&amp;frame=false&amp;hideCard=false&amp;hideThread=false&amp;id=1465769122344714241&amp;lang=es&amp;origin=https%3A%2F%2Fwww.vtv.gob.ve%2Fvenezuela-onu-preparan-lineas-cooperacion-anos-venideros%2F&amp;sessionId=edb52cce4c7df9a09716841b024c4cbc6c324074&amp;siteScreenName=VTVcanal8&amp;theme=light&amp;widgetsVersion=f001879%3A1634581029404&amp;width=550px\"><\/iframe><\/figure>\n","protected":false},"excerpt":{"rendered":"<p>Venezuela y la&nbsp;Organizaci\u00f3n de las Naciones Unidas (ONU)&nbsp;preparan l\u00edneas de cooperaci\u00f3n para los a\u00f1os venideros, inform\u00f3 &hellip; <a title=\"Venezuela y ONU preparan l\u00edneas de cooperaci\u00f3n para a\u00f1os venideros\" class=\"hm-read-more\" href=\"https:\/\/www.mpppst.gob.ve\/mpppstweb\/index.php\/2021\/12\/01\/venezuela-y-onu-preparan-lineas-de-cooperacion-para-anos-venideros\/\"><span class=\"screen-reader-text\">Venezuela y ONU preparan l\u00edneas de cooperaci\u00f3n para a\u00f1os venideros<\/span>Read more<\/a><\/p>\n","protected":false},"author":25,"featured_media":24028,"comment_status":"closed","ping_status":"closed","sticky":false,"template":"","format":"standard","meta":{"footnotes":""},"categories":[82],"tags":[],"yoast_head":"<!-- This site is optimized with the Yoast SEO plugin v22.5 - https:\/\/yoast.com\/wordpress\/plugins\/seo\/ -->\n<title>Venezuela y ONU preparan l\u00edneas de cooperaci\u00f3n para a\u00f1os venideros - MPPPST<\/title>\n<meta name=\"robots\" content=\"index, follow, max-snippet:-1, max-image-preview:large, max-video-preview:-1\" \/>\n<link rel=\"canonical\" href=\"https:\/\/www.mpppst.gob.ve\/mpppstweb\/index.php\/2021\/12\/01\/venezuela-y-onu-preparan-lineas-de-cooperacion-para-anos-venideros\/\" \/>\n<meta property=\"og:locale\" content=\"es_ES\" \/>\n<meta property=\"og:type\" content=\"article\" \/>\n<meta property=\"og:title\" content=\"Venezuela y ONU preparan l\u00edneas de cooperaci\u00f3n para a\u00f1os venideros - MPPPST\" \/>\n<meta property=\"og:description\" content=\"Venezuela y la&nbsp;Organizaci\u00f3n de las Naciones Unidas (ONU)&nbsp;preparan l\u00edneas de cooperaci\u00f3n para los a\u00f1os venideros, inform\u00f3 &hellip; Venezuela y ONU preparan l\u00edneas de cooperaci\u00f3n para a\u00f1os veniderosRead more\" \/>\n<meta property=\"og:url\" content=\"https:\/\/www.mpppst.gob.ve\/mpppstweb\/index.php\/2021\/12\/01\/venezuela-y-onu-preparan-lineas-de-cooperacion-para-anos-venideros\/\" \/>\n<meta property=\"og:site_name\" content=\"MPPPST\" \/>\n<meta property=\"article:published_time\" content=\"2021-12-01T10:44:17+00:00\" \/>\n<meta property=\"article:modified_time\" content=\"2021-12-01T10:44:18+00:00\" \/>\n<meta property=\"og:image\" content=\"https:\/\/www.mpppst.gob.ve\/mpppstweb\/wp-content\/uploads\/2021\/12\/FFcrFi6XIAYLbxs-768x427-1.jpg\" \/>\n\t<meta property=\"og:image:width\" content=\"768\" \/>\n\t<meta property=\"og:image:height\" content=\"427\" \/>\n\t<meta property=\"og:image:type\" content=\"image\/jpeg\" \/>\n<meta name=\"author\" content=\"MPPPST Prensa\" \/>\n<meta name=\"twitter:card\" content=\"summary_large_image\" \/>\n<meta name=\"twitter:label1\" content=\"Escrito por\" \/>\n\t<meta name=\"twitter:data1\" content=\"MPPPST Prensa\" \/>\n\t<meta name=\"twitter:label2\" content=\"Tiempo de lectura\" \/>\n\t<meta name=\"twitter:data2\" content=\"2 minutos\" \/>\n<script type=\"application\/ld+json\" class=\"yoast-schema-graph\">{\"@context\":\"https:\/\/schema.org\",\"@graph\":[{\"@type\":\"Article\",\"@id\":\"https:\/\/www.mpppst.gob.ve\/mpppstweb\/index.php\/2021\/12\/01\/venezuela-y-onu-preparan-lineas-de-cooperacion-para-anos-venideros\/#article\",\"isPartOf\":{\"@id\":\"https:\/\/www.mpppst.gob.ve\/mpppstweb\/index.php\/2021\/12\/01\/venezuela-y-onu-preparan-lineas-de-cooperacion-para-anos-venideros\/\"},\"author\":{\"name\":\"MPPPST Prensa\",\"@id\":\"https:\/\/www.mpppst.gob.ve\/mpppstweb\/#\/schema\/person\/fc187ee8ead412bd4c9304b62f900ea4\"},\"headline\":\"Venezuela y ONU preparan l\u00edneas de cooperaci\u00f3n para a\u00f1os venideros\",\"datePublished\":\"2021-12-01T10:44:17+00:00\",\"dateModified\":\"2021-12-01T10:44:18+00:00\",\"mainEntityOfPage\":{\"@id\":\"https:\/\/www.mpppst.gob.ve\/mpppstweb\/index.php\/2021\/12\/01\/venezuela-y-onu-preparan-lineas-de-cooperacion-para-anos-venideros\/\"},\"wordCount\":434,\"publisher\":{\"@id\":\"https:\/\/www.mpppst.gob.ve\/mpppstweb\/#organization\"},\"image\":{\"@id\":\"https:\/\/www.mpppst.gob.ve\/mpppstweb\/index.php\/2021\/12\/01\/venezuela-y-onu-preparan-lineas-de-cooperacion-para-anos-venideros\/#primaryimage\"},\"thumbnailUrl\":\"https:\/\/www.mpppst.gob.ve\/mpppstweb\/wp-content\/uploads\/2021\/12\/FFcrFi6XIAYLbxs-768x427-1.jpg\",\"articleSection\":[\"Gobierno Nacional\"],\"inLanguage\":\"es\"},{\"@type\":\"WebPage\",\"@id\":\"https:\/\/www.mpppst.gob.ve\/mpppstweb\/index.php\/2021\/12\/01\/venezuela-y-onu-preparan-lineas-de-cooperacion-para-anos-venideros\/\",\"url\":\"https:\/\/www.mpppst.gob.ve\/mpppstweb\/index.php\/2021\/12\/01\/venezuela-y-onu-preparan-lineas-de-cooperacion-para-anos-venideros\/\",\"name\":\"Venezuela y ONU preparan l\u00edneas de cooperaci\u00f3n para a\u00f1os venideros - MPPPST\",\"isPartOf\":{\"@id\":\"https:\/\/www.mpppst.gob.ve\/mpppstweb\/#website\"},\"primaryImageOfPage\":{\"@id\":\"https:\/\/www.mpppst.gob.ve\/mpppstweb\/index.php\/2021\/12\/01\/venezuela-y-onu-preparan-lineas-de-cooperacion-para-anos-venideros\/#primaryimage\"},\"image\":{\"@id\":\"https:\/\/www.mpppst.gob.ve\/mpppstweb\/index.php\/2021\/12\/01\/venezuela-y-onu-preparan-lineas-de-cooperacion-para-anos-venideros\/#primaryimage\"},\"thumbnailUrl\":\"https:\/\/www.mpppst.gob.ve\/mpppstweb\/wp-content\/uploads\/2021\/12\/FFcrFi6XIAYLbxs-768x427-1.jpg\",\"datePublished\":\"2021-12-01T10:44:17+00:00\",\"dateModified\":\"2021-12-01T10:44:18+00:00\",\"breadcrumb\":{\"@id\":\"https:\/\/www.mpppst.gob.ve\/mpppstweb\/index.php\/2021\/12\/01\/venezuela-y-onu-preparan-lineas-de-cooperacion-para-anos-venideros\/#breadcrumb\"},\"inLanguage\":\"es\",\"potentialAction\":[{\"@type\":\"ReadAction\",\"target\":[\"https:\/\/www.mpppst.gob.ve\/mpppstweb\/index.php\/2021\/12\/01\/venezuela-y-onu-preparan-lineas-de-cooperacion-para-anos-venideros\/\"]}]},{\"@type\":\"ImageObject\",\"inLanguage\":\"es\",\"@id\":\"https:\/\/www.mpppst.gob.ve\/mpppstweb\/index.php\/2021\/12\/01\/venezuela-y-onu-preparan-lineas-de-cooperacion-para-anos-venideros\/#primaryimage\",\"url\":\"https:\/\/www.mpppst.gob.ve\/mpppstweb\/wp-content\/uploads\/2021\/12\/FFcrFi6XIAYLbxs-768x427-1.jpg\",\"contentUrl\":\"https:\/\/www.mpppst.gob.ve\/mpppstweb\/wp-content\/uploads\/2021\/12\/FFcrFi6XIAYLbxs-768x427-1.jpg\",\"width\":768,\"height\":427},{\"@type\":\"BreadcrumbList\",\"@id\":\"https:\/\/www.mpppst.gob.ve\/mpppstweb\/index.php\/2021\/12\/01\/venezuela-y-onu-preparan-lineas-de-cooperacion-para-anos-venideros\/#breadcrumb\",\"itemListElement\":[{\"@type\":\"ListItem\",\"position\":1,\"name\":\"Home\",\"item\":\"https:\/\/www.mpppst.gob.ve\/mpppstweb\/\"},{\"@type\":\"ListItem\",\"position\":2,\"name\":\"Venezuela y ONU preparan l\u00edneas de cooperaci\u00f3n para a\u00f1os venideros\"}]},{\"@type\":\"WebSite\",\"@id\":\"https:\/\/www.mpppst.gob.ve\/mpppstweb\/#website\",\"url\":\"https:\/\/www.mpppst.gob.ve\/mpppstweb\/\",\"name\":\"MPPPST\",\"description\":\"Ministerio del Poder Popular para el Proceso Social de Trabajo\",\"publisher\":{\"@id\":\"https:\/\/www.mpppst.gob.ve\/mpppstweb\/#organization\"},\"potentialAction\":[{\"@type\":\"SearchAction\",\"target\":{\"@type\":\"EntryPoint\",\"urlTemplate\":\"https:\/\/www.mpppst.gob.ve\/mpppstweb\/?s={search_term_string}\"},\"query-input\":\"required name=search_term_string\"}],\"inLanguage\":\"es\"},{\"@type\":\"Organization\",\"@id\":\"https:\/\/www.mpppst.gob.ve\/mpppstweb\/#organization\",\"name\":\"mpppst\",\"url\":\"https:\/\/www.mpppst.gob.ve\/mpppstweb\/\",\"logo\":{\"@type\":\"ImageObject\",\"inLanguage\":\"es\",\"@id\":\"https:\/\/www.mpppst.gob.ve\/mpppstweb\/#\/schema\/logo\/image\/\",\"url\":\"https:\/\/www.mpppst.gob.ve\/mpppstweb\/wp-content\/uploads\/2025\/07\/cropped-cropped-g910.png\",\"contentUrl\":\"https:\/\/www.mpppst.gob.ve\/mpppstweb\/wp-content\/uploads\/2025\/07\/cropped-cropped-g910.png\",\"width\":1080,\"height\":241,\"caption\":\"mpppst\"},\"image\":{\"@id\":\"https:\/\/www.mpppst.gob.ve\/mpppstweb\/#\/schema\/logo\/image\/\"}},{\"@type\":\"Person\",\"@id\":\"https:\/\/www.mpppst.gob.ve\/mpppstweb\/#\/schema\/person\/fc187ee8ead412bd4c9304b62f900ea4\",\"name\":\"MPPPST Prensa\",\"url\":\"https:\/\/www.mpppst.gob.ve\/mpppstweb\/index.php\/author\/prensa-mpppst\/\"}]}<\/script>\n<!-- \/ Yoast SEO plugin. -->","yoast_head_json":{"title":"Venezuela y ONU preparan l\u00edneas de cooperaci\u00f3n para a\u00f1os venideros - MPPPST","robots":{"index":"index","follow":"follow","max-snippet":"max-snippet:-1","max-image-preview":"max-image-preview:large","max-video-preview":"max-video-preview:-1"},"canonical":"https:\/\/www.mpppst.gob.ve\/mpppstweb\/index.php\/2021\/12\/01\/venezuela-y-onu-preparan-lineas-de-cooperacion-para-anos-venideros\/","og_locale":"es_ES","og_type":"article","og_title":"Venezuela y ONU preparan l\u00edneas de cooperaci\u00f3n para a\u00f1os venideros - MPPPST","og_description":"Venezuela y la&nbsp;Organizaci\u00f3n de las Naciones Unidas (ONU)&nbsp;preparan l\u00edneas de cooperaci\u00f3n para los a\u00f1os venideros, inform\u00f3 &hellip; Venezuela y ONU preparan l\u00edneas de cooperaci\u00f3n para a\u00f1os veniderosRead more","og_url":"https:\/\/www.mpppst.gob.ve\/mpppstweb\/index.php\/2021\/12\/01\/venezuela-y-onu-preparan-lineas-de-cooperacion-para-anos-venideros\/","og_site_name":"MPPPST","article_published_time":"2021-12-01T10:44:17+00:00","article_modified_time":"2021-12-01T10:44:18+00:00","og_image":[{"width":768,"height":427,"url":"https:\/\/www.mpppst.gob.ve\/mpppstweb\/wp-content\/uploads\/2021\/12\/FFcrFi6XIAYLbxs-768x427-1.jpg","type":"image\/jpeg"}],"author":"MPPPST Prensa","twitter_card":"summary_large_image","twitter_misc":{"Escrito por":"MPPPST Prensa","Tiempo de lectura":"2 minutos"},"schema":{"@context":"https:\/\/schema.org","@graph":[{"@type":"Article","@id":"https:\/\/www.mpppst.gob.ve\/mpppstweb\/index.php\/2021\/12\/01\/venezuela-y-onu-preparan-lineas-de-cooperacion-para-anos-venideros\/#article","isPartOf":{"@id":"https:\/\/www.mpppst.gob.ve\/mpppstweb\/index.php\/2021\/12\/01\/venezuela-y-onu-preparan-lineas-de-cooperacion-para-anos-venideros\/"},"author":{"name":"MPPPST Prensa","@id":"https:\/\/www.mpppst.gob.ve\/mpppstweb\/#\/schema\/person\/fc187ee8ead412bd4c9304b62f900ea4"},"headline":"Venezuela y ONU preparan l\u00edneas de cooperaci\u00f3n para a\u00f1os venideros","datePublished":"2021-12-01T10:44:17+00:00","dateModified":"2021-12-01T10:44:18+00:00","mainEntityOfPage":{"@id":"https:\/\/www.mpppst.gob.ve\/mpppstweb\/index.php\/2021\/12\/01\/venezuela-y-onu-preparan-lineas-de-cooperacion-para-anos-venideros\/"},"wordCount":434,"publisher":{"@id":"https:\/\/www.mpppst.gob.ve\/mpppstweb\/#organization"},"image":{"@id":"https:\/\/www.mpppst.gob.ve\/mpppstweb\/index.php\/2021\/12\/01\/venezuela-y-onu-preparan-lineas-de-cooperacion-para-anos-venideros\/#primaryimage"},"thumbnailUrl":"https:\/\/www.mpppst.gob.ve\/mpppstweb\/wp-content\/uploads\/2021\/12\/FFcrFi6XIAYLbxs-768x427-1.jpg","articleSection":["Gobierno Nacional"],"inLanguage":"es"},{"@type":"WebPage","@id":"https:\/\/www.mpppst.gob.ve\/mpppstweb\/index.php\/2021\/12\/01\/venezuela-y-onu-preparan-lineas-de-cooperacion-para-anos-venideros\/","url":"https:\/\/www.mpppst.gob.ve\/mpppstweb\/index.php\/2021\/12\/01\/venezuela-y-onu-preparan-lineas-de-cooperacion-para-anos-venideros\/","name":"Venezuela y ONU preparan l\u00edneas de cooperaci\u00f3n para a\u00f1os venideros - MPPPST","isPartOf":{"@id":"https:\/\/www.mpppst.gob.ve\/mpppstweb\/#website"},"primaryImageOfPage":{"@id":"https:\/\/www.mpppst.gob.ve\/mpppstweb\/index.php\/2021\/12\/01\/venezuela-y-onu-preparan-lineas-de-cooperacion-para-anos-venideros\/#primaryimage"},"image":{"@id":"https:\/\/www.mpppst.gob.ve\/mpppstweb\/index.php\/2021\/12\/01\/venezuela-y-onu-preparan-lineas-de-cooperacion-para-anos-venideros\/#primaryimage"},"thumbnailUrl":"https:\/\/www.mpppst.gob.ve\/mpppstweb\/wp-content\/uploads\/2021\/12\/FFcrFi6XIAYLbxs-768x427-1.jpg","datePublished":"2021-12-01T10:44:17+00:00","dateModified":"2021-12-01T10:44:18+00:00","breadcrumb":{"@id":"https:\/\/www.mpppst.gob.ve\/mpppstweb\/index.php\/2021\/12\/01\/venezuela-y-onu-preparan-lineas-de-cooperacion-para-anos-venideros\/#breadcrumb"},"inLanguage":"es","potentialAction":[{"@type":"ReadAction","target":["https:\/\/www.mpppst.gob.ve\/mpppstweb\/index.php\/2021\/12\/01\/venezuela-y-onu-preparan-lineas-de-cooperacion-para-anos-venideros\/"]}]},{"@type":"ImageObject","inLanguage":"es","@id":"https:\/\/www.mpppst.gob.ve\/mpppstweb\/index.php\/2021\/12\/01\/venezuela-y-onu-preparan-lineas-de-cooperacion-para-anos-venideros\/#primaryimage","url":"https:\/\/www.mpppst.gob.ve\/mpppstweb\/wp-content\/uploads\/2021\/12\/FFcrFi6XIAYLbxs-768x427-1.jpg","contentUrl":"https:\/\/www.mpppst.gob.ve\/mpppstweb\/wp-content\/uploads\/2021\/12\/FFcrFi6XIAYLbxs-768x427-1.jpg","width":768,"height":427},{"@type":"BreadcrumbList","@id":"https:\/\/www.mpppst.gob.ve\/mpppstweb\/index.php\/2021\/12\/01\/venezuela-y-onu-preparan-lineas-de-cooperacion-para-anos-venideros\/#breadcrumb","itemListElement":[{"@type":"ListItem","position":1,"name":"Home","item":"https:\/\/www.mpppst.gob.ve\/mpppstweb\/"},{"@type":"ListItem","position":2,"name":"Venezuela y ONU preparan l\u00edneas de cooperaci\u00f3n para a\u00f1os venideros"}]},{"@type":"WebSite","@id":"https:\/\/www.mpppst.gob.ve\/mpppstweb\/#website","url":"https:\/\/www.mpppst.gob.ve\/mpppstweb\/","name":"MPPPST","description":"Ministerio del Poder Popular para el Proceso Social de Trabajo","publisher":{"@id":"https:\/\/www.mpppst.gob.ve\/mpppstweb\/#organization"},"potentialAction":[{"@type":"SearchAction","target":{"@type":"EntryPoint","urlTemplate":"https:\/\/www.mpppst.gob.ve\/mpppstweb\/?s={search_term_string}"},"query-input":"required name=search_term_string"}],"inLanguage":"es"},{"@type":"Organization","@id":"https:\/\/www.mpppst.gob.ve\/mpppstweb\/#organization","name":"mpppst","url":"https:\/\/www.mpppst.gob.ve\/mpppstweb\/","logo":{"@type":"ImageObject","inLanguage":"es","@id":"https:\/\/www.mpppst.gob.ve\/mpppstweb\/#\/schema\/logo\/image\/","url":"https:\/\/www.mpppst.gob.ve\/mpppstweb\/wp-content\/uploads\/2025\/07\/cropped-cropped-g910.png","contentUrl":"https:\/\/www.mpppst.gob.ve\/mpppstweb\/wp-content\/uploads\/2025\/07\/cropped-cropped-g910.png","width":1080,"height":241,"caption":"mpppst"},"image":{"@id":"https:\/\/www.mpppst.gob.ve\/mpppstweb\/#\/schema\/logo\/image\/"}},{"@type":"Person","@id":"https:\/\/www.mpppst.gob.ve\/mpppstweb\/#\/schema\/person\/fc187ee8ead412bd4c9304b62f900ea4","name":"MPPPST Prensa","url":"https:\/\/www.mpppst.gob.ve\/mpppstweb\/index.php\/author\/prensa-mpppst\/"}]}},"_links":{"self":[{"href":"https:\/\/www.mpppst.gob.ve\/mpppstweb\/index.php\/wp-json\/wp\/v2\/posts\/24027"}],"collection":[{"href":"https:\/\/www.mpppst.gob.ve\/mpppstweb\/index.php\/wp-json\/wp\/v2\/posts"}],"about":[{"href":"https:\/\/www.mpppst.gob.ve\/mpppstweb\/index.php\/wp-json\/wp\/v2\/types\/post"}],"author":[{"embeddable":true,"href":"https:\/\/www.mpppst.gob.ve\/mpppstweb\/index.php\/wp-json\/wp\/v2\/users\/25"}],"replies":[{"embeddable":true,"href":"https:\/\/www.mpppst.gob.ve\/mpppstweb\/index.php\/wp-json\/wp\/v2\/comments?post=24027"}],"version-history":[{"count":1,"href":"https:\/\/www.mpppst.gob.ve\/mpppstweb\/index.php\/wp-json\/wp\/v2\/posts\/24027\/revisions"}],"predecessor-version":[{"id":24029,"href":"https:\/\/www.mpppst.gob.ve\/mpppstweb\/index.php\/wp-json\/wp\/v2\/posts\/24027\/revisions\/24029"}],"wp:featuredmedia":[{"embeddable":true,"href":"https:\/\/www.mpppst.gob.ve\/mpppstweb\/index.php\/wp-json\/wp\/v2\/media\/24028"}],"wp:attachment":[{"href":"https:\/\/www.mpppst.gob.ve\/mpppstweb\/index.php\/wp-json\/wp\/v2\/media?parent=24027"}],"wp:term":[{"taxonomy":"category","embeddable":true,"href":"https:\/\/www.mpppst.gob.ve\/mpppstweb\/index.php\/wp-json\/wp\/v2\/categories?post=24027"},{"taxonomy":"post_tag","embeddable":true,"href":"https:\/\/www.mpppst.gob.ve\/mpppstweb\/index.php\/wp-json\/wp\/v2\/tags?post=24027"}],"curies":[{"name":"wp","href":"https:\/\/api.w.org\/{rel}","templated":true}]}}