{"id":24030,"date":"2021-12-01T06:46:27","date_gmt":"2021-12-01T10:46:27","guid":{"rendered":"http:\/\/www.mpppst.gob.ve\/mpppstweb\/?p=24030"},"modified":"2021-12-01T06:46:29","modified_gmt":"2021-12-01T10:46:29","slug":"presidente-del-inces-expone-4-lineas-estrategicas-que-regiran-a-la-institucion-en-2022","status":"publish","type":"post","link":"https:\/\/www.mpppst.gob.ve\/mpppstweb\/index.php\/2021\/12\/01\/presidente-del-inces-expone-4-lineas-estrategicas-que-regiran-a-la-institucion-en-2022\/","title":{"rendered":"Presidente del Inces expone 4 l\u00edneas estrat\u00e9gicas que regir\u00e1n a la instituci\u00f3n en 2022"},"content":{"rendered":"\n<p>\u201cA partir de este momento comenzamos a trabajar con base en la matriz program\u00e1tica que venimos dise\u00f1ando en colectivo desde el a\u00f1o 2015. Tenemos que comenzar a planificar pensando que nuestro \u00e1mbito de formaci\u00f3n trasciende los centros de formaci\u00f3n; vamos a pensar en los espacios donde se necesita de la acci\u00f3n concreta del Inces\u201d, inform\u00f3 el presidente del Instituto Nacional de Capacitaci\u00f3n y Educaci\u00f3n Socialista (Inces), Wuikelman \u00c1ngel.<\/p>\n\n\n\n<p>La informaci\u00f3n la dio a conocer en una reuni\u00f3n de manera telem\u00e1tica con los Gerentes Regionales, Jefes de Formaci\u00f3n, Jefes de Centro, maestros, personal administrativo y periodistas para orientar las cuatro l\u00edneas estrat\u00e9gicas que ser\u00e1n la gu\u00eda metodol\u00f3gica para la gesti\u00f3n Inces 2022.<\/p>\n\n\n\n<p>Transformaci\u00f3n curricular, Matriz Program\u00e1tica, Transformaci\u00f3n Digital y Formar Produciendo, Producir formando, son las cuatro aristas de las cuales se deben desprender todas las acciones planificadas y ejecutadas para el venidero 2022, indic\u00f3 el titular de la instituci\u00f3n.<\/p>\n\n\n\n<p>Asimismo, \u00c1ngel asever\u00f3 que los centros de formaci\u00f3n cuentan con capacidad instalada, pero sobre todo con el talento humano que puede permitir a la instituci\u00f3n producir desde lo formativo, es decir, hacer que el Inces sea capaz de generar ingresos que beneficien a las comunidades y al centro de formaci\u00f3n, un plan de autogesti\u00f3n que permita enriquecer la formaci\u00f3n a trav\u00e9s del hacer y contribuir con la producci\u00f3n territorial de acuerdo a las necesidades propias de cada rinc\u00f3n de la Patria, refiere una nota de Prensa.<\/p>\n\n\n\n<p>A juicio del Presidente, la transformaci\u00f3n digital del Instituto debe ser otra realidad sobre la cual ya se viene trabajando, sin embargo, debe concretarse en su totalidad para el 2022. Este aspecto se refiere a la digitalizaci\u00f3n de la formaci\u00f3n, gracias al Campus Virtual del Inces, pero tambi\u00e9n a la automatizaci\u00f3n de todos los procesos administrativos y tributarios que permitan&nbsp; rendir cuentas respecto al cumplimiento o no de las entidades de trabajo en lo que respecta a la obligaci\u00f3n tributaria que tienen para con la instituci\u00f3n seg\u00fan lo establecido en la Ley.<\/p>\n\n\n\n<p>En este sentido, \u00c1ngel comunic\u00f3 que se est\u00e1 trabajando en un mecanismo que permita, de manera progresiva, hacer que todos los trabajadores del Inces recuperen su capacidad de adquisici\u00f3n y valor\u00f3 el alto compromiso que tiene la mayor\u00eda de los trabajadores, quienes, a pesar de los pocos ingresos y la desavenencia de la pandemia, han continuado su labor para garantizar la formaci\u00f3n t\u00e9cnica profesional.<\/p>\n","protected":false},"excerpt":{"rendered":"<p>\u201cA partir de este momento comenzamos a trabajar con base en la matriz program\u00e1tica que venimos &hellip; <a title=\"Presidente del Inces expone 4 l\u00edneas estrat\u00e9gicas que regir\u00e1n a la instituci\u00f3n en 2022\" class=\"hm-read-more\" href=\"https:\/\/www.mpppst.gob.ve\/mpppstweb\/index.php\/2021\/12\/01\/presidente-del-inces-expone-4-lineas-estrategicas-que-regiran-a-la-institucion-en-2022\/\"><span class=\"screen-reader-text\">Presidente del Inces expone 4 l\u00edneas estrat\u00e9gicas que regir\u00e1n a la instituci\u00f3n en 2022<\/span>Read more<\/a><\/p>\n","protected":false},"author":25,"featured_media":24031,"comment_status":"closed","ping_status":"closed","sticky":false,"template":"","format":"standard","meta":{"footnotes":""},"categories":[82],"tags":[],"yoast_head":"<!-- This site is optimized with the Yoast SEO plugin v22.5 - https:\/\/yoast.com\/wordpress\/plugins\/seo\/ -->\n<title>Presidente del Inces expone 4 l\u00edneas estrat\u00e9gicas que regir\u00e1n a la instituci\u00f3n en 2022 - MPPPST<\/title>\n<meta name=\"robots\" content=\"index, follow, max-snippet:-1, max-image-preview:large, max-video-preview:-1\" \/>\n<link rel=\"canonical\" href=\"https:\/\/www.mpppst.gob.ve\/mpppstweb\/index.php\/2021\/12\/01\/presidente-del-inces-expone-4-lineas-estrategicas-que-regiran-a-la-institucion-en-2022\/\" \/>\n<meta property=\"og:locale\" content=\"es_ES\" \/>\n<meta property=\"og:type\" content=\"article\" \/>\n<meta property=\"og:title\" content=\"Presidente del Inces expone 4 l\u00edneas estrat\u00e9gicas que regir\u00e1n a la instituci\u00f3n en 2022 - MPPPST\" \/>\n<meta property=\"og:description\" content=\"\u201cA partir de este momento comenzamos a trabajar con base en la matriz program\u00e1tica que venimos &hellip; Presidente del Inces expone 4 l\u00edneas estrat\u00e9gicas que regir\u00e1n a la instituci\u00f3n en 2022Read more\" \/>\n<meta property=\"og:url\" content=\"https:\/\/www.mpppst.gob.ve\/mpppstweb\/index.php\/2021\/12\/01\/presidente-del-inces-expone-4-lineas-estrategicas-que-regiran-a-la-institucion-en-2022\/\" \/>\n<meta property=\"og:site_name\" content=\"MPPPST\" \/>\n<meta property=\"article:published_time\" content=\"2021-12-01T10:46:27+00:00\" \/>\n<meta property=\"article:modified_time\" content=\"2021-12-01T10:46:29+00:00\" \/>\n<meta property=\"og:image\" content=\"https:\/\/www.mpppst.gob.ve\/mpppstweb\/wp-content\/uploads\/2021\/12\/ince-1-768x427-1.jpg\" \/>\n\t<meta property=\"og:image:width\" content=\"768\" \/>\n\t<meta property=\"og:image:height\" content=\"427\" \/>\n\t<meta property=\"og:image:type\" content=\"image\/jpeg\" \/>\n<meta name=\"author\" content=\"MPPPST Prensa\" \/>\n<meta name=\"twitter:card\" content=\"summary_large_image\" \/>\n<meta name=\"twitter:label1\" content=\"Escrito por\" \/>\n\t<meta name=\"twitter:data1\" content=\"MPPPST Prensa\" \/>\n\t<meta name=\"twitter:label2\" content=\"Tiempo de lectura\" \/>\n\t<meta name=\"twitter:data2\" content=\"2 minutos\" \/>\n<script type=\"application\/ld+json\" class=\"yoast-schema-graph\">{\"@context\":\"https:\/\/schema.org\",\"@graph\":[{\"@type\":\"Article\",\"@id\":\"https:\/\/www.mpppst.gob.ve\/mpppstweb\/index.php\/2021\/12\/01\/presidente-del-inces-expone-4-lineas-estrategicas-que-regiran-a-la-institucion-en-2022\/#article\",\"isPartOf\":{\"@id\":\"https:\/\/www.mpppst.gob.ve\/mpppstweb\/index.php\/2021\/12\/01\/presidente-del-inces-expone-4-lineas-estrategicas-que-regiran-a-la-institucion-en-2022\/\"},\"author\":{\"name\":\"MPPPST Prensa\",\"@id\":\"https:\/\/www.mpppst.gob.ve\/mpppstweb\/#\/schema\/person\/fc187ee8ead412bd4c9304b62f900ea4\"},\"headline\":\"Presidente del Inces expone 4 l\u00edneas estrat\u00e9gicas que regir\u00e1n a la instituci\u00f3n en 2022\",\"datePublished\":\"2021-12-01T10:46:27+00:00\",\"dateModified\":\"2021-12-01T10:46:29+00:00\",\"mainEntityOfPage\":{\"@id\":\"https:\/\/www.mpppst.gob.ve\/mpppstweb\/index.php\/2021\/12\/01\/presidente-del-inces-expone-4-lineas-estrategicas-que-regiran-a-la-institucion-en-2022\/\"},\"wordCount\":445,\"publisher\":{\"@id\":\"https:\/\/www.mpppst.gob.ve\/mpppstweb\/#organization\"},\"image\":{\"@id\":\"https:\/\/www.mpppst.gob.ve\/mpppstweb\/index.php\/2021\/12\/01\/presidente-del-inces-expone-4-lineas-estrategicas-que-regiran-a-la-institucion-en-2022\/#primaryimage\"},\"thumbnailUrl\":\"https:\/\/www.mpppst.gob.ve\/mpppstweb\/wp-content\/uploads\/2021\/12\/ince-1-768x427-1.jpg\",\"articleSection\":[\"Gobierno Nacional\"],\"inLanguage\":\"es\"},{\"@type\":\"WebPage\",\"@id\":\"https:\/\/www.mpppst.gob.ve\/mpppstweb\/index.php\/2021\/12\/01\/presidente-del-inces-expone-4-lineas-estrategicas-que-regiran-a-la-institucion-en-2022\/\",\"url\":\"https:\/\/www.mpppst.gob.ve\/mpppstweb\/index.php\/2021\/12\/01\/presidente-del-inces-expone-4-lineas-estrategicas-que-regiran-a-la-institucion-en-2022\/\",\"name\":\"Presidente del Inces expone 4 l\u00edneas estrat\u00e9gicas que regir\u00e1n a la instituci\u00f3n en 2022 - MPPPST\",\"isPartOf\":{\"@id\":\"https:\/\/www.mpppst.gob.ve\/mpppstweb\/#website\"},\"primaryImageOfPage\":{\"@id\":\"https:\/\/www.mpppst.gob.ve\/mpppstweb\/index.php\/2021\/12\/01\/presidente-del-inces-expone-4-lineas-estrategicas-que-regiran-a-la-institucion-en-2022\/#primaryimage\"},\"image\":{\"@id\":\"https:\/\/www.mpppst.gob.ve\/mpppstweb\/index.php\/2021\/12\/01\/presidente-del-inces-expone-4-lineas-estrategicas-que-regiran-a-la-institucion-en-2022\/#primaryimage\"},\"thumbnailUrl\":\"https:\/\/www.mpppst.gob.ve\/mpppstweb\/wp-content\/uploads\/2021\/12\/ince-1-768x427-1.jpg\",\"datePublished\":\"2021-12-01T10:46:27+00:00\",\"dateModified\":\"2021-12-01T10:46:29+00:00\",\"breadcrumb\":{\"@id\":\"https:\/\/www.mpppst.gob.ve\/mpppstweb\/index.php\/2021\/12\/01\/presidente-del-inces-expone-4-lineas-estrategicas-que-regiran-a-la-institucion-en-2022\/#breadcrumb\"},\"inLanguage\":\"es\",\"potentialAction\":[{\"@type\":\"ReadAction\",\"target\":[\"https:\/\/www.mpppst.gob.ve\/mpppstweb\/index.php\/2021\/12\/01\/presidente-del-inces-expone-4-lineas-estrategicas-que-regiran-a-la-institucion-en-2022\/\"]}]},{\"@type\":\"ImageObject\",\"inLanguage\":\"es\",\"@id\":\"https:\/\/www.mpppst.gob.ve\/mpppstweb\/index.php\/2021\/12\/01\/presidente-del-inces-expone-4-lineas-estrategicas-que-regiran-a-la-institucion-en-2022\/#primaryimage\",\"url\":\"https:\/\/www.mpppst.gob.ve\/mpppstweb\/wp-content\/uploads\/2021\/12\/ince-1-768x427-1.jpg\",\"contentUrl\":\"https:\/\/www.mpppst.gob.ve\/mpppstweb\/wp-content\/uploads\/2021\/12\/ince-1-768x427-1.jpg\",\"width\":768,\"height\":427},{\"@type\":\"BreadcrumbList\",\"@id\":\"https:\/\/www.mpppst.gob.ve\/mpppstweb\/index.php\/2021\/12\/01\/presidente-del-inces-expone-4-lineas-estrategicas-que-regiran-a-la-institucion-en-2022\/#breadcrumb\",\"itemListElement\":[{\"@type\":\"ListItem\",\"position\":1,\"name\":\"Home\",\"item\":\"https:\/\/www.mpppst.gob.ve\/mpppstweb\/\"},{\"@type\":\"ListItem\",\"position\":2,\"name\":\"Presidente del Inces expone 4 l\u00edneas estrat\u00e9gicas que regir\u00e1n a la instituci\u00f3n en 2022\"}]},{\"@type\":\"WebSite\",\"@id\":\"https:\/\/www.mpppst.gob.ve\/mpppstweb\/#website\",\"url\":\"https:\/\/www.mpppst.gob.ve\/mpppstweb\/\",\"name\":\"MPPPST\",\"description\":\"Ministerio del Poder Popular para el Proceso Social de Trabajo\",\"publisher\":{\"@id\":\"https:\/\/www.mpppst.gob.ve\/mpppstweb\/#organization\"},\"potentialAction\":[{\"@type\":\"SearchAction\",\"target\":{\"@type\":\"EntryPoint\",\"urlTemplate\":\"https:\/\/www.mpppst.gob.ve\/mpppstweb\/?s={search_term_string}\"},\"query-input\":\"required name=search_term_string\"}],\"inLanguage\":\"es\"},{\"@type\":\"Organization\",\"@id\":\"https:\/\/www.mpppst.gob.ve\/mpppstweb\/#organization\",\"name\":\"mpppst\",\"url\":\"https:\/\/www.mpppst.gob.ve\/mpppstweb\/\",\"logo\":{\"@type\":\"ImageObject\",\"inLanguage\":\"es\",\"@id\":\"https:\/\/www.mpppst.gob.ve\/mpppstweb\/#\/schema\/logo\/image\/\",\"url\":\"https:\/\/www.mpppst.gob.ve\/mpppstweb\/wp-content\/uploads\/2025\/07\/cropped-cropped-g910.png\",\"contentUrl\":\"https:\/\/www.mpppst.gob.ve\/mpppstweb\/wp-content\/uploads\/2025\/07\/cropped-cropped-g910.png\",\"width\":1080,\"height\":241,\"caption\":\"mpppst\"},\"image\":{\"@id\":\"https:\/\/www.mpppst.gob.ve\/mpppstweb\/#\/schema\/logo\/image\/\"}},{\"@type\":\"Person\",\"@id\":\"https:\/\/www.mpppst.gob.ve\/mpppstweb\/#\/schema\/person\/fc187ee8ead412bd4c9304b62f900ea4\",\"name\":\"MPPPST Prensa\",\"url\":\"https:\/\/www.mpppst.gob.ve\/mpppstweb\/index.php\/author\/prensa-mpppst\/\"}]}<\/script>\n<!-- \/ Yoast SEO plugin. -->","yoast_head_json":{"title":"Presidente del Inces expone 4 l\u00edneas estrat\u00e9gicas que regir\u00e1n a la instituci\u00f3n en 2022 - MPPPST","robots":{"index":"index","follow":"follow","max-snippet":"max-snippet:-1","max-image-preview":"max-image-preview:large","max-video-preview":"max-video-preview:-1"},"canonical":"https:\/\/www.mpppst.gob.ve\/mpppstweb\/index.php\/2021\/12\/01\/presidente-del-inces-expone-4-lineas-estrategicas-que-regiran-a-la-institucion-en-2022\/","og_locale":"es_ES","og_type":"article","og_title":"Presidente del Inces expone 4 l\u00edneas estrat\u00e9gicas que regir\u00e1n a la instituci\u00f3n en 2022 - MPPPST","og_description":"\u201cA partir de este momento comenzamos a trabajar con base en la matriz program\u00e1tica que venimos &hellip; Presidente del Inces expone 4 l\u00edneas estrat\u00e9gicas que regir\u00e1n a la instituci\u00f3n en 2022Read more","og_url":"https:\/\/www.mpppst.gob.ve\/mpppstweb\/index.php\/2021\/12\/01\/presidente-del-inces-expone-4-lineas-estrategicas-que-regiran-a-la-institucion-en-2022\/","og_site_name":"MPPPST","article_published_time":"2021-12-01T10:46:27+00:00","article_modified_time":"2021-12-01T10:46:29+00:00","og_image":[{"width":768,"height":427,"url":"https:\/\/www.mpppst.gob.ve\/mpppstweb\/wp-content\/uploads\/2021\/12\/ince-1-768x427-1.jpg","type":"image\/jpeg"}],"author":"MPPPST Prensa","twitter_card":"summary_large_image","twitter_misc":{"Escrito por":"MPPPST Prensa","Tiempo de lectura":"2 minutos"},"schema":{"@context":"https:\/\/schema.org","@graph":[{"@type":"Article","@id":"https:\/\/www.mpppst.gob.ve\/mpppstweb\/index.php\/2021\/12\/01\/presidente-del-inces-expone-4-lineas-estrategicas-que-regiran-a-la-institucion-en-2022\/#article","isPartOf":{"@id":"https:\/\/www.mpppst.gob.ve\/mpppstweb\/index.php\/2021\/12\/01\/presidente-del-inces-expone-4-lineas-estrategicas-que-regiran-a-la-institucion-en-2022\/"},"author":{"name":"MPPPST Prensa","@id":"https:\/\/www.mpppst.gob.ve\/mpppstweb\/#\/schema\/person\/fc187ee8ead412bd4c9304b62f900ea4"},"headline":"Presidente del Inces expone 4 l\u00edneas estrat\u00e9gicas que regir\u00e1n a la instituci\u00f3n en 2022","datePublished":"2021-12-01T10:46:27+00:00","dateModified":"2021-12-01T10:46:29+00:00","mainEntityOfPage":{"@id":"https:\/\/www.mpppst.gob.ve\/mpppstweb\/index.php\/2021\/12\/01\/presidente-del-inces-expone-4-lineas-estrategicas-que-regiran-a-la-institucion-en-2022\/"},"wordCount":445,"publisher":{"@id":"https:\/\/www.mpppst.gob.ve\/mpppstweb\/#organization"},"image":{"@id":"https:\/\/www.mpppst.gob.ve\/mpppstweb\/index.php\/2021\/12\/01\/presidente-del-inces-expone-4-lineas-estrategicas-que-regiran-a-la-institucion-en-2022\/#primaryimage"},"thumbnailUrl":"https:\/\/www.mpppst.gob.ve\/mpppstweb\/wp-content\/uploads\/2021\/12\/ince-1-768x427-1.jpg","articleSection":["Gobierno Nacional"],"inLanguage":"es"},{"@type":"WebPage","@id":"https:\/\/www.mpppst.gob.ve\/mpppstweb\/index.php\/2021\/12\/01\/presidente-del-inces-expone-4-lineas-estrategicas-que-regiran-a-la-institucion-en-2022\/","url":"https:\/\/www.mpppst.gob.ve\/mpppstweb\/index.php\/2021\/12\/01\/presidente-del-inces-expone-4-lineas-estrategicas-que-regiran-a-la-institucion-en-2022\/","name":"Presidente del Inces expone 4 l\u00edneas estrat\u00e9gicas que regir\u00e1n a la instituci\u00f3n en 2022 - MPPPST","isPartOf":{"@id":"https:\/\/www.mpppst.gob.ve\/mpppstweb\/#website"},"primaryImageOfPage":{"@id":"https:\/\/www.mpppst.gob.ve\/mpppstweb\/index.php\/2021\/12\/01\/presidente-del-inces-expone-4-lineas-estrategicas-que-regiran-a-la-institucion-en-2022\/#primaryimage"},"image":{"@id":"https:\/\/www.mpppst.gob.ve\/mpppstweb\/index.php\/2021\/12\/01\/presidente-del-inces-expone-4-lineas-estrategicas-que-regiran-a-la-institucion-en-2022\/#primaryimage"},"thumbnailUrl":"https:\/\/www.mpppst.gob.ve\/mpppstweb\/wp-content\/uploads\/2021\/12\/ince-1-768x427-1.jpg","datePublished":"2021-12-01T10:46:27+00:00","dateModified":"2021-12-01T10:46:29+00:00","breadcrumb":{"@id":"https:\/\/www.mpppst.gob.ve\/mpppstweb\/index.php\/2021\/12\/01\/presidente-del-inces-expone-4-lineas-estrategicas-que-regiran-a-la-institucion-en-2022\/#breadcrumb"},"inLanguage":"es","potentialAction":[{"@type":"ReadAction","target":["https:\/\/www.mpppst.gob.ve\/mpppstweb\/index.php\/2021\/12\/01\/presidente-del-inces-expone-4-lineas-estrategicas-que-regiran-a-la-institucion-en-2022\/"]}]},{"@type":"ImageObject","inLanguage":"es","@id":"https:\/\/www.mpppst.gob.ve\/mpppstweb\/index.php\/2021\/12\/01\/presidente-del-inces-expone-4-lineas-estrategicas-que-regiran-a-la-institucion-en-2022\/#primaryimage","url":"https:\/\/www.mpppst.gob.ve\/mpppstweb\/wp-content\/uploads\/2021\/12\/ince-1-768x427-1.jpg","contentUrl":"https:\/\/www.mpppst.gob.ve\/mpppstweb\/wp-content\/uploads\/2021\/12\/ince-1-768x427-1.jpg","width":768,"height":427},{"@type":"BreadcrumbList","@id":"https:\/\/www.mpppst.gob.ve\/mpppstweb\/index.php\/2021\/12\/01\/presidente-del-inces-expone-4-lineas-estrategicas-que-regiran-a-la-institucion-en-2022\/#breadcrumb","itemListElement":[{"@type":"ListItem","position":1,"name":"Home","item":"https:\/\/www.mpppst.gob.ve\/mpppstweb\/"},{"@type":"ListItem","position":2,"name":"Presidente del Inces expone 4 l\u00edneas estrat\u00e9gicas que regir\u00e1n a la instituci\u00f3n en 2022"}]},{"@type":"WebSite","@id":"https:\/\/www.mpppst.gob.ve\/mpppstweb\/#website","url":"https:\/\/www.mpppst.gob.ve\/mpppstweb\/","name":"MPPPST","description":"Ministerio del Poder Popular para el Proceso Social de Trabajo","publisher":{"@id":"https:\/\/www.mpppst.gob.ve\/mpppstweb\/#organization"},"potentialAction":[{"@type":"SearchAction","target":{"@type":"EntryPoint","urlTemplate":"https:\/\/www.mpppst.gob.ve\/mpppstweb\/?s={search_term_string}"},"query-input":"required name=search_term_string"}],"inLanguage":"es"},{"@type":"Organization","@id":"https:\/\/www.mpppst.gob.ve\/mpppstweb\/#organization","name":"mpppst","url":"https:\/\/www.mpppst.gob.ve\/mpppstweb\/","logo":{"@type":"ImageObject","inLanguage":"es","@id":"https:\/\/www.mpppst.gob.ve\/mpppstweb\/#\/schema\/logo\/image\/","url":"https:\/\/www.mpppst.gob.ve\/mpppstweb\/wp-content\/uploads\/2025\/07\/cropped-cropped-g910.png","contentUrl":"https:\/\/www.mpppst.gob.ve\/mpppstweb\/wp-content\/uploads\/2025\/07\/cropped-cropped-g910.png","width":1080,"height":241,"caption":"mpppst"},"image":{"@id":"https:\/\/www.mpppst.gob.ve\/mpppstweb\/#\/schema\/logo\/image\/"}},{"@type":"Person","@id":"https:\/\/www.mpppst.gob.ve\/mpppstweb\/#\/schema\/person\/fc187ee8ead412bd4c9304b62f900ea4","name":"MPPPST Prensa","url":"https:\/\/www.mpppst.gob.ve\/mpppstweb\/index.php\/author\/prensa-mpppst\/"}]}},"_links":{"self":[{"href":"https:\/\/www.mpppst.gob.ve\/mpppstweb\/index.php\/wp-json\/wp\/v2\/posts\/24030"}],"collection":[{"href":"https:\/\/www.mpppst.gob.ve\/mpppstweb\/index.php\/wp-json\/wp\/v2\/posts"}],"about":[{"href":"https:\/\/www.mpppst.gob.ve\/mpppstweb\/index.php\/wp-json\/wp\/v2\/types\/post"}],"author":[{"embeddable":true,"href":"https:\/\/www.mpppst.gob.ve\/mpppstweb\/index.php\/wp-json\/wp\/v2\/users\/25"}],"replies":[{"embeddable":true,"href":"https:\/\/www.mpppst.gob.ve\/mpppstweb\/index.php\/wp-json\/wp\/v2\/comments?post=24030"}],"version-history":[{"count":1,"href":"https:\/\/www.mpppst.gob.ve\/mpppstweb\/index.php\/wp-json\/wp\/v2\/posts\/24030\/revisions"}],"predecessor-version":[{"id":24032,"href":"https:\/\/www.mpppst.gob.ve\/mpppstweb\/index.php\/wp-json\/wp\/v2\/posts\/24030\/revisions\/24032"}],"wp:featuredmedia":[{"embeddable":true,"href":"https:\/\/www.mpppst.gob.ve\/mpppstweb\/index.php\/wp-json\/wp\/v2\/media\/24031"}],"wp:attachment":[{"href":"https:\/\/www.mpppst.gob.ve\/mpppstweb\/index.php\/wp-json\/wp\/v2\/media?parent=24030"}],"wp:term":[{"taxonomy":"category","embeddable":true,"href":"https:\/\/www.mpppst.gob.ve\/mpppstweb\/index.php\/wp-json\/wp\/v2\/categories?post=24030"},{"taxonomy":"post_tag","embeddable":true,"href":"https:\/\/www.mpppst.gob.ve\/mpppstweb\/index.php\/wp-json\/wp\/v2\/tags?post=24030"}],"curies":[{"name":"wp","href":"https:\/\/api.w.org\/{rel}","templated":true}]}}