{"id":24033,"date":"2021-12-01T06:48:11","date_gmt":"2021-12-01T10:48:11","guid":{"rendered":"http:\/\/www.mpppst.gob.ve\/mpppstweb\/?p=24033"},"modified":"2021-12-01T06:48:13","modified_gmt":"2021-12-01T10:48:13","slug":"ministro-arreaza-la-ciencia-y-la-produccion-constituyen-una-unidad-indivisible","status":"publish","type":"post","link":"https:\/\/www.mpppst.gob.ve\/mpppstweb\/index.php\/2021\/12\/01\/ministro-arreaza-la-ciencia-y-la-produccion-constituyen-una-unidad-indivisible\/","title":{"rendered":"Ministro Arreaza: La ciencia y la producci\u00f3n constituyen una unidad indivisible"},"content":{"rendered":"\n<p>Este lunes, el ministro para la Industria y Producci\u00f3n Nacional,&nbsp;<a href=\"https:\/\/www.vtv.gob.ve\/congreso-venezolano-ciencia-exhibe-experiencias-poder-popular\/\">Jorge Arreaza<\/a>, destac\u00f3 en la inauguraci\u00f3n del V Congreso de Ciencia, Tecnolog\u00eda e Innovaci\u00f3n 2021, que la ciencia y la producci\u00f3n constituyen una unidad indivisible.<\/p>\n\n\n\n<p>\u201cLa ciencia y la producci\u00f3n constituyen una unidad indivisible. Ayer participamos en el 5to Congreso de Ciencia, Tecnolog\u00eda e Innovaci\u00f3n. Recorrimos las muestras de avances en salud y agricultura. Los poderes creadores del pueblo venezolano se han desatado para vencer\u201d, resalt\u00f3.<\/p>\n\n\n\n<p>Recalc\u00f3 que \u201cel saber cient\u00edfico y la producci\u00f3n deben ir de la mano\u201d, a la vez que destac\u00f3 que \u201ctodos los objetivos del Plan de la Patria est\u00e1n transversalizados por la ciencia, no podemos ser un pa\u00eds potencia ni representar algo ante la comunidad internacional ni mucho menos cuidar la vida, si no desarrollamos la ciencia\u201d, refiri\u00f3 AVN.<\/p>\n\n\n\n<p>Cabe mencionar que dicho congreso abarca cuatro modalidades de participaci\u00f3n: conversatorios en tu espacio, redacci\u00f3n de ensayos sobre temas de Ciencia, Tecnolog\u00eda e Innovaci\u00f3n, conexi\u00f3n v\u00eda videoconferencia a las actividades y participaci\u00f3n presencial en conferencias y paneles de debate sobre estas \u00e1reas.<\/p>\n","protected":false},"excerpt":{"rendered":"<p>Este lunes, el ministro para la Industria y Producci\u00f3n Nacional,&nbsp;Jorge Arreaza, destac\u00f3 en la inauguraci\u00f3n del &hellip; <a title=\"Ministro Arreaza: La ciencia y la producci\u00f3n constituyen una unidad indivisible\" class=\"hm-read-more\" href=\"https:\/\/www.mpppst.gob.ve\/mpppstweb\/index.php\/2021\/12\/01\/ministro-arreaza-la-ciencia-y-la-produccion-constituyen-una-unidad-indivisible\/\"><span class=\"screen-reader-text\">Ministro Arreaza: La ciencia y la producci\u00f3n constituyen una unidad indivisible<\/span>Read more<\/a><\/p>\n","protected":false},"author":25,"featured_media":24034,"comment_status":"closed","ping_status":"closed","sticky":false,"template":"","format":"standard","meta":{"footnotes":""},"categories":[82,163],"tags":[],"yoast_head":"<!-- This site is optimized with the Yoast SEO plugin v22.5 - https:\/\/yoast.com\/wordpress\/plugins\/seo\/ -->\n<title>Ministro Arreaza: La ciencia y la producci\u00f3n constituyen una unidad indivisible - MPPPST<\/title>\n<meta name=\"robots\" content=\"index, follow, max-snippet:-1, max-image-preview:large, max-video-preview:-1\" \/>\n<link rel=\"canonical\" href=\"https:\/\/www.mpppst.gob.ve\/mpppstweb\/index.php\/2021\/12\/01\/ministro-arreaza-la-ciencia-y-la-produccion-constituyen-una-unidad-indivisible\/\" \/>\n<meta property=\"og:locale\" content=\"es_ES\" \/>\n<meta property=\"og:type\" content=\"article\" \/>\n<meta property=\"og:title\" content=\"Ministro Arreaza: La ciencia y la producci\u00f3n constituyen una unidad indivisible - MPPPST\" \/>\n<meta property=\"og:description\" content=\"Este lunes, el ministro para la Industria y Producci\u00f3n Nacional,&nbsp;Jorge Arreaza, destac\u00f3 en la inauguraci\u00f3n del &hellip; Ministro Arreaza: La ciencia y la producci\u00f3n constituyen una unidad indivisibleRead more\" \/>\n<meta property=\"og:url\" content=\"https:\/\/www.mpppst.gob.ve\/mpppstweb\/index.php\/2021\/12\/01\/ministro-arreaza-la-ciencia-y-la-produccion-constituyen-una-unidad-indivisible\/\" \/>\n<meta property=\"og:site_name\" content=\"MPPPST\" \/>\n<meta property=\"article:published_time\" content=\"2021-12-01T10:48:11+00:00\" \/>\n<meta property=\"article:modified_time\" content=\"2021-12-01T10:48:13+00:00\" \/>\n<meta property=\"og:image\" content=\"https:\/\/www.mpppst.gob.ve\/mpppstweb\/wp-content\/uploads\/2021\/12\/Ministro-Arreaza-768x427-1.jpg\" \/>\n\t<meta property=\"og:image:width\" content=\"768\" \/>\n\t<meta property=\"og:image:height\" content=\"427\" \/>\n\t<meta property=\"og:image:type\" content=\"image\/jpeg\" \/>\n<meta name=\"author\" content=\"MPPPST Prensa\" \/>\n<meta name=\"twitter:card\" content=\"summary_large_image\" \/>\n<meta name=\"twitter:label1\" content=\"Escrito por\" \/>\n\t<meta name=\"twitter:data1\" content=\"MPPPST Prensa\" \/>\n\t<meta name=\"twitter:label2\" content=\"Tiempo de lectura\" \/>\n\t<meta name=\"twitter:data2\" content=\"1 minuto\" \/>\n<script type=\"application\/ld+json\" class=\"yoast-schema-graph\">{\"@context\":\"https:\/\/schema.org\",\"@graph\":[{\"@type\":\"Article\",\"@id\":\"https:\/\/www.mpppst.gob.ve\/mpppstweb\/index.php\/2021\/12\/01\/ministro-arreaza-la-ciencia-y-la-produccion-constituyen-una-unidad-indivisible\/#article\",\"isPartOf\":{\"@id\":\"https:\/\/www.mpppst.gob.ve\/mpppstweb\/index.php\/2021\/12\/01\/ministro-arreaza-la-ciencia-y-la-produccion-constituyen-una-unidad-indivisible\/\"},\"author\":{\"name\":\"MPPPST Prensa\",\"@id\":\"https:\/\/www.mpppst.gob.ve\/mpppstweb\/#\/schema\/person\/fc187ee8ead412bd4c9304b62f900ea4\"},\"headline\":\"Ministro Arreaza: La ciencia y la producci\u00f3n constituyen una unidad indivisible\",\"datePublished\":\"2021-12-01T10:48:11+00:00\",\"dateModified\":\"2021-12-01T10:48:13+00:00\",\"mainEntityOfPage\":{\"@id\":\"https:\/\/www.mpppst.gob.ve\/mpppstweb\/index.php\/2021\/12\/01\/ministro-arreaza-la-ciencia-y-la-produccion-constituyen-una-unidad-indivisible\/\"},\"wordCount\":207,\"publisher\":{\"@id\":\"https:\/\/www.mpppst.gob.ve\/mpppstweb\/#organization\"},\"image\":{\"@id\":\"https:\/\/www.mpppst.gob.ve\/mpppstweb\/index.php\/2021\/12\/01\/ministro-arreaza-la-ciencia-y-la-produccion-constituyen-una-unidad-indivisible\/#primaryimage\"},\"thumbnailUrl\":\"https:\/\/www.mpppst.gob.ve\/mpppstweb\/wp-content\/uploads\/2021\/12\/Ministro-Arreaza-768x427-1.jpg\",\"articleSection\":[\"Gobierno Nacional\",\"Noticias\"],\"inLanguage\":\"es\"},{\"@type\":\"WebPage\",\"@id\":\"https:\/\/www.mpppst.gob.ve\/mpppstweb\/index.php\/2021\/12\/01\/ministro-arreaza-la-ciencia-y-la-produccion-constituyen-una-unidad-indivisible\/\",\"url\":\"https:\/\/www.mpppst.gob.ve\/mpppstweb\/index.php\/2021\/12\/01\/ministro-arreaza-la-ciencia-y-la-produccion-constituyen-una-unidad-indivisible\/\",\"name\":\"Ministro Arreaza: La ciencia y la producci\u00f3n constituyen una unidad indivisible - MPPPST\",\"isPartOf\":{\"@id\":\"https:\/\/www.mpppst.gob.ve\/mpppstweb\/#website\"},\"primaryImageOfPage\":{\"@id\":\"https:\/\/www.mpppst.gob.ve\/mpppstweb\/index.php\/2021\/12\/01\/ministro-arreaza-la-ciencia-y-la-produccion-constituyen-una-unidad-indivisible\/#primaryimage\"},\"image\":{\"@id\":\"https:\/\/www.mpppst.gob.ve\/mpppstweb\/index.php\/2021\/12\/01\/ministro-arreaza-la-ciencia-y-la-produccion-constituyen-una-unidad-indivisible\/#primaryimage\"},\"thumbnailUrl\":\"https:\/\/www.mpppst.gob.ve\/mpppstweb\/wp-content\/uploads\/2021\/12\/Ministro-Arreaza-768x427-1.jpg\",\"datePublished\":\"2021-12-01T10:48:11+00:00\",\"dateModified\":\"2021-12-01T10:48:13+00:00\",\"breadcrumb\":{\"@id\":\"https:\/\/www.mpppst.gob.ve\/mpppstweb\/index.php\/2021\/12\/01\/ministro-arreaza-la-ciencia-y-la-produccion-constituyen-una-unidad-indivisible\/#breadcrumb\"},\"inLanguage\":\"es\",\"potentialAction\":[{\"@type\":\"ReadAction\",\"target\":[\"https:\/\/www.mpppst.gob.ve\/mpppstweb\/index.php\/2021\/12\/01\/ministro-arreaza-la-ciencia-y-la-produccion-constituyen-una-unidad-indivisible\/\"]}]},{\"@type\":\"ImageObject\",\"inLanguage\":\"es\",\"@id\":\"https:\/\/www.mpppst.gob.ve\/mpppstweb\/index.php\/2021\/12\/01\/ministro-arreaza-la-ciencia-y-la-produccion-constituyen-una-unidad-indivisible\/#primaryimage\",\"url\":\"https:\/\/www.mpppst.gob.ve\/mpppstweb\/wp-content\/uploads\/2021\/12\/Ministro-Arreaza-768x427-1.jpg\",\"contentUrl\":\"https:\/\/www.mpppst.gob.ve\/mpppstweb\/wp-content\/uploads\/2021\/12\/Ministro-Arreaza-768x427-1.jpg\",\"width\":768,\"height\":427},{\"@type\":\"BreadcrumbList\",\"@id\":\"https:\/\/www.mpppst.gob.ve\/mpppstweb\/index.php\/2021\/12\/01\/ministro-arreaza-la-ciencia-y-la-produccion-constituyen-una-unidad-indivisible\/#breadcrumb\",\"itemListElement\":[{\"@type\":\"ListItem\",\"position\":1,\"name\":\"Home\",\"item\":\"https:\/\/www.mpppst.gob.ve\/mpppstweb\/\"},{\"@type\":\"ListItem\",\"position\":2,\"name\":\"Ministro Arreaza: La ciencia y la producci\u00f3n constituyen una unidad indivisible\"}]},{\"@type\":\"WebSite\",\"@id\":\"https:\/\/www.mpppst.gob.ve\/mpppstweb\/#website\",\"url\":\"https:\/\/www.mpppst.gob.ve\/mpppstweb\/\",\"name\":\"MPPPST\",\"description\":\"Ministerio del Poder Popular para el Proceso Social de Trabajo\",\"publisher\":{\"@id\":\"https:\/\/www.mpppst.gob.ve\/mpppstweb\/#organization\"},\"potentialAction\":[{\"@type\":\"SearchAction\",\"target\":{\"@type\":\"EntryPoint\",\"urlTemplate\":\"https:\/\/www.mpppst.gob.ve\/mpppstweb\/?s={search_term_string}\"},\"query-input\":\"required name=search_term_string\"}],\"inLanguage\":\"es\"},{\"@type\":\"Organization\",\"@id\":\"https:\/\/www.mpppst.gob.ve\/mpppstweb\/#organization\",\"name\":\"mpppst\",\"url\":\"https:\/\/www.mpppst.gob.ve\/mpppstweb\/\",\"logo\":{\"@type\":\"ImageObject\",\"inLanguage\":\"es\",\"@id\":\"https:\/\/www.mpppst.gob.ve\/mpppstweb\/#\/schema\/logo\/image\/\",\"url\":\"https:\/\/www.mpppst.gob.ve\/mpppstweb\/wp-content\/uploads\/2025\/07\/cropped-cropped-g910.png\",\"contentUrl\":\"https:\/\/www.mpppst.gob.ve\/mpppstweb\/wp-content\/uploads\/2025\/07\/cropped-cropped-g910.png\",\"width\":1080,\"height\":241,\"caption\":\"mpppst\"},\"image\":{\"@id\":\"https:\/\/www.mpppst.gob.ve\/mpppstweb\/#\/schema\/logo\/image\/\"}},{\"@type\":\"Person\",\"@id\":\"https:\/\/www.mpppst.gob.ve\/mpppstweb\/#\/schema\/person\/fc187ee8ead412bd4c9304b62f900ea4\",\"name\":\"MPPPST Prensa\",\"url\":\"https:\/\/www.mpppst.gob.ve\/mpppstweb\/index.php\/author\/prensa-mpppst\/\"}]}<\/script>\n<!-- \/ Yoast SEO plugin. -->","yoast_head_json":{"title":"Ministro Arreaza: La ciencia y la producci\u00f3n constituyen una unidad indivisible - MPPPST","robots":{"index":"index","follow":"follow","max-snippet":"max-snippet:-1","max-image-preview":"max-image-preview:large","max-video-preview":"max-video-preview:-1"},"canonical":"https:\/\/www.mpppst.gob.ve\/mpppstweb\/index.php\/2021\/12\/01\/ministro-arreaza-la-ciencia-y-la-produccion-constituyen-una-unidad-indivisible\/","og_locale":"es_ES","og_type":"article","og_title":"Ministro Arreaza: La ciencia y la producci\u00f3n constituyen una unidad indivisible - MPPPST","og_description":"Este lunes, el ministro para la Industria y Producci\u00f3n Nacional,&nbsp;Jorge Arreaza, destac\u00f3 en la inauguraci\u00f3n del &hellip; Ministro Arreaza: La ciencia y la producci\u00f3n constituyen una unidad indivisibleRead more","og_url":"https:\/\/www.mpppst.gob.ve\/mpppstweb\/index.php\/2021\/12\/01\/ministro-arreaza-la-ciencia-y-la-produccion-constituyen-una-unidad-indivisible\/","og_site_name":"MPPPST","article_published_time":"2021-12-01T10:48:11+00:00","article_modified_time":"2021-12-01T10:48:13+00:00","og_image":[{"width":768,"height":427,"url":"https:\/\/www.mpppst.gob.ve\/mpppstweb\/wp-content\/uploads\/2021\/12\/Ministro-Arreaza-768x427-1.jpg","type":"image\/jpeg"}],"author":"MPPPST Prensa","twitter_card":"summary_large_image","twitter_misc":{"Escrito por":"MPPPST Prensa","Tiempo de lectura":"1 minuto"},"schema":{"@context":"https:\/\/schema.org","@graph":[{"@type":"Article","@id":"https:\/\/www.mpppst.gob.ve\/mpppstweb\/index.php\/2021\/12\/01\/ministro-arreaza-la-ciencia-y-la-produccion-constituyen-una-unidad-indivisible\/#article","isPartOf":{"@id":"https:\/\/www.mpppst.gob.ve\/mpppstweb\/index.php\/2021\/12\/01\/ministro-arreaza-la-ciencia-y-la-produccion-constituyen-una-unidad-indivisible\/"},"author":{"name":"MPPPST Prensa","@id":"https:\/\/www.mpppst.gob.ve\/mpppstweb\/#\/schema\/person\/fc187ee8ead412bd4c9304b62f900ea4"},"headline":"Ministro Arreaza: La ciencia y la producci\u00f3n constituyen una unidad indivisible","datePublished":"2021-12-01T10:48:11+00:00","dateModified":"2021-12-01T10:48:13+00:00","mainEntityOfPage":{"@id":"https:\/\/www.mpppst.gob.ve\/mpppstweb\/index.php\/2021\/12\/01\/ministro-arreaza-la-ciencia-y-la-produccion-constituyen-una-unidad-indivisible\/"},"wordCount":207,"publisher":{"@id":"https:\/\/www.mpppst.gob.ve\/mpppstweb\/#organization"},"image":{"@id":"https:\/\/www.mpppst.gob.ve\/mpppstweb\/index.php\/2021\/12\/01\/ministro-arreaza-la-ciencia-y-la-produccion-constituyen-una-unidad-indivisible\/#primaryimage"},"thumbnailUrl":"https:\/\/www.mpppst.gob.ve\/mpppstweb\/wp-content\/uploads\/2021\/12\/Ministro-Arreaza-768x427-1.jpg","articleSection":["Gobierno Nacional","Noticias"],"inLanguage":"es"},{"@type":"WebPage","@id":"https:\/\/www.mpppst.gob.ve\/mpppstweb\/index.php\/2021\/12\/01\/ministro-arreaza-la-ciencia-y-la-produccion-constituyen-una-unidad-indivisible\/","url":"https:\/\/www.mpppst.gob.ve\/mpppstweb\/index.php\/2021\/12\/01\/ministro-arreaza-la-ciencia-y-la-produccion-constituyen-una-unidad-indivisible\/","name":"Ministro Arreaza: La ciencia y la producci\u00f3n constituyen una unidad indivisible - MPPPST","isPartOf":{"@id":"https:\/\/www.mpppst.gob.ve\/mpppstweb\/#website"},"primaryImageOfPage":{"@id":"https:\/\/www.mpppst.gob.ve\/mpppstweb\/index.php\/2021\/12\/01\/ministro-arreaza-la-ciencia-y-la-produccion-constituyen-una-unidad-indivisible\/#primaryimage"},"image":{"@id":"https:\/\/www.mpppst.gob.ve\/mpppstweb\/index.php\/2021\/12\/01\/ministro-arreaza-la-ciencia-y-la-produccion-constituyen-una-unidad-indivisible\/#primaryimage"},"thumbnailUrl":"https:\/\/www.mpppst.gob.ve\/mpppstweb\/wp-content\/uploads\/2021\/12\/Ministro-Arreaza-768x427-1.jpg","datePublished":"2021-12-01T10:48:11+00:00","dateModified":"2021-12-01T10:48:13+00:00","breadcrumb":{"@id":"https:\/\/www.mpppst.gob.ve\/mpppstweb\/index.php\/2021\/12\/01\/ministro-arreaza-la-ciencia-y-la-produccion-constituyen-una-unidad-indivisible\/#breadcrumb"},"inLanguage":"es","potentialAction":[{"@type":"ReadAction","target":["https:\/\/www.mpppst.gob.ve\/mpppstweb\/index.php\/2021\/12\/01\/ministro-arreaza-la-ciencia-y-la-produccion-constituyen-una-unidad-indivisible\/"]}]},{"@type":"ImageObject","inLanguage":"es","@id":"https:\/\/www.mpppst.gob.ve\/mpppstweb\/index.php\/2021\/12\/01\/ministro-arreaza-la-ciencia-y-la-produccion-constituyen-una-unidad-indivisible\/#primaryimage","url":"https:\/\/www.mpppst.gob.ve\/mpppstweb\/wp-content\/uploads\/2021\/12\/Ministro-Arreaza-768x427-1.jpg","contentUrl":"https:\/\/www.mpppst.gob.ve\/mpppstweb\/wp-content\/uploads\/2021\/12\/Ministro-Arreaza-768x427-1.jpg","width":768,"height":427},{"@type":"BreadcrumbList","@id":"https:\/\/www.mpppst.gob.ve\/mpppstweb\/index.php\/2021\/12\/01\/ministro-arreaza-la-ciencia-y-la-produccion-constituyen-una-unidad-indivisible\/#breadcrumb","itemListElement":[{"@type":"ListItem","position":1,"name":"Home","item":"https:\/\/www.mpppst.gob.ve\/mpppstweb\/"},{"@type":"ListItem","position":2,"name":"Ministro Arreaza: La ciencia y la producci\u00f3n constituyen una unidad indivisible"}]},{"@type":"WebSite","@id":"https:\/\/www.mpppst.gob.ve\/mpppstweb\/#website","url":"https:\/\/www.mpppst.gob.ve\/mpppstweb\/","name":"MPPPST","description":"Ministerio del Poder Popular para el Proceso Social de Trabajo","publisher":{"@id":"https:\/\/www.mpppst.gob.ve\/mpppstweb\/#organization"},"potentialAction":[{"@type":"SearchAction","target":{"@type":"EntryPoint","urlTemplate":"https:\/\/www.mpppst.gob.ve\/mpppstweb\/?s={search_term_string}"},"query-input":"required name=search_term_string"}],"inLanguage":"es"},{"@type":"Organization","@id":"https:\/\/www.mpppst.gob.ve\/mpppstweb\/#organization","name":"mpppst","url":"https:\/\/www.mpppst.gob.ve\/mpppstweb\/","logo":{"@type":"ImageObject","inLanguage":"es","@id":"https:\/\/www.mpppst.gob.ve\/mpppstweb\/#\/schema\/logo\/image\/","url":"https:\/\/www.mpppst.gob.ve\/mpppstweb\/wp-content\/uploads\/2025\/07\/cropped-cropped-g910.png","contentUrl":"https:\/\/www.mpppst.gob.ve\/mpppstweb\/wp-content\/uploads\/2025\/07\/cropped-cropped-g910.png","width":1080,"height":241,"caption":"mpppst"},"image":{"@id":"https:\/\/www.mpppst.gob.ve\/mpppstweb\/#\/schema\/logo\/image\/"}},{"@type":"Person","@id":"https:\/\/www.mpppst.gob.ve\/mpppstweb\/#\/schema\/person\/fc187ee8ead412bd4c9304b62f900ea4","name":"MPPPST Prensa","url":"https:\/\/www.mpppst.gob.ve\/mpppstweb\/index.php\/author\/prensa-mpppst\/"}]}},"_links":{"self":[{"href":"https:\/\/www.mpppst.gob.ve\/mpppstweb\/index.php\/wp-json\/wp\/v2\/posts\/24033"}],"collection":[{"href":"https:\/\/www.mpppst.gob.ve\/mpppstweb\/index.php\/wp-json\/wp\/v2\/posts"}],"about":[{"href":"https:\/\/www.mpppst.gob.ve\/mpppstweb\/index.php\/wp-json\/wp\/v2\/types\/post"}],"author":[{"embeddable":true,"href":"https:\/\/www.mpppst.gob.ve\/mpppstweb\/index.php\/wp-json\/wp\/v2\/users\/25"}],"replies":[{"embeddable":true,"href":"https:\/\/www.mpppst.gob.ve\/mpppstweb\/index.php\/wp-json\/wp\/v2\/comments?post=24033"}],"version-history":[{"count":1,"href":"https:\/\/www.mpppst.gob.ve\/mpppstweb\/index.php\/wp-json\/wp\/v2\/posts\/24033\/revisions"}],"predecessor-version":[{"id":24035,"href":"https:\/\/www.mpppst.gob.ve\/mpppstweb\/index.php\/wp-json\/wp\/v2\/posts\/24033\/revisions\/24035"}],"wp:featuredmedia":[{"embeddable":true,"href":"https:\/\/www.mpppst.gob.ve\/mpppstweb\/index.php\/wp-json\/wp\/v2\/media\/24034"}],"wp:attachment":[{"href":"https:\/\/www.mpppst.gob.ve\/mpppstweb\/index.php\/wp-json\/wp\/v2\/media?parent=24033"}],"wp:term":[{"taxonomy":"category","embeddable":true,"href":"https:\/\/www.mpppst.gob.ve\/mpppstweb\/index.php\/wp-json\/wp\/v2\/categories?post=24033"},{"taxonomy":"post_tag","embeddable":true,"href":"https:\/\/www.mpppst.gob.ve\/mpppstweb\/index.php\/wp-json\/wp\/v2\/tags?post=24033"}],"curies":[{"name":"wp","href":"https:\/\/api.w.org\/{rel}","templated":true}]}}