{"id":24084,"date":"2021-12-08T07:26:23","date_gmt":"2021-12-08T11:26:23","guid":{"rendered":"http:\/\/www.mpppst.gob.ve\/mpppstweb\/?p=24084"},"modified":"2021-12-08T07:26:24","modified_gmt":"2021-12-08T11:26:24","slug":"retornan-187-venezolanos-desde-argentina-con-el-plan-vuelta-a-la-patria","status":"publish","type":"post","link":"https:\/\/www.mpppst.gob.ve\/mpppstweb\/index.php\/2021\/12\/08\/retornan-187-venezolanos-desde-argentina-con-el-plan-vuelta-a-la-patria\/","title":{"rendered":"Retornan 187 venezolanos desde Argentina con el Plan Vuelta a la Patria"},"content":{"rendered":"\n<p>Este martes, arribar\u00e1n al pa\u00eds 187 connacionales provenientes de Argentina en un vuelo del Consorcio Venezolano de Industrias Aeron\u00e1uticas y Servicios A\u00e9reos S.A (<a href=\"https:\/\/www.vtv.gob.ve\/conviasa-retorno-venezolanos-procedentes-peru\/\"><strong>Conviasa<\/strong><\/a>) a trav\u00e9s del&nbsp;<a href=\"http:\/\/www.consuladovenezuela.co.cu\/planvpatria\"><strong>Plan Vuelta a la Patria<\/strong><\/a>, inform\u00f3 el ministro del Poder Popular para las Relaciones Exteriores, F\u00e9lix Plasencia a trav\u00e9s de su cuenta en Twitter @PlasenciaFelix.<\/p>\n\n\n\n<p>El canciller resalt\u00f3 que el Gobierno Bolivariano contin\u00faa sumando sonrisas y uniendo familias venezolanas, iniciativa que resulta del compromiso del presidente de la Rep\u00fablica Bolivariana de Venezuela, Nicol\u00e1s Maduro.<\/p>\n\n\n\n<figure><iframe allowfullscreen=\"true\" class=\"\" src=\"https:\/\/platform.twitter.com\/embed\/Tweet.html?creatorScreenName=VTVcanal8&amp;dnt=true&amp;embedId=twitter-widget-0&amp;features=eyJ0ZndfZXhwZXJpbWVudHNfY29va2llX2V4cGlyYXRpb24iOnsiYnVja2V0IjoxMjA5NjAwLCJ2ZXJzaW9uIjpudWxsfSwidGZ3X2hvcml6b25fdHdlZXRfZW1iZWRfOTU1NSI6eyJidWNrZXQiOiJodGUiLCJ2ZXJzaW9uIjpudWxsfSwidGZ3X3NwYWNlX2NhcmQiOnsiYnVja2V0Ijoib2ZmIiwidmVyc2lvbiI6bnVsbH0sInRmd19jb252b3NfcmVwbGllc18xMzAwNSI6eyJidWNrZXQiOiJjb250ZXh0IiwidmVyc2lvbiI6M319&amp;frame=false&amp;hideCard=false&amp;hideThread=false&amp;id=1468200320664621056&amp;lang=es&amp;origin=https%3A%2F%2Fwww.vtv.gob.ve%2Fplan-vuelta-patria-retornara-187connacionales-argentina%2F&amp;sessionId=a64069a1a139be73cbf053adabf913215fe16203&amp;siteScreenName=VTVcanal8&amp;theme=light&amp;widgetsVersion=9fd78d5%3A1638479056965&amp;width=550px\"><\/iframe><\/figure>\n\n\n\n<p>Los venezolanos regresan desde el Aeropuerto Internacional Ezeiza de Buenos luego de enfrentar alg\u00fan tipo de discriminaci\u00f3n o vulneraci\u00f3n en sus derechos fundamentales en el pa\u00eds suramericano.<\/p>\n\n\n\n<p>El Plan Vuelta a la Patria ha repatriado a m\u00e1s de 27.537 venezolanos provenientes de 19 pa\u00edses, bajo estrictos controles de bioseguridad por la COVID-19.&nbsp;<\/p>\n\n\n\n<p>Cabe destacar que el Plan Vuelta a la Patria es&nbsp; un programa creado por el presidente, Nicol\u00e1s Maduro, con el objetivo de ofrecer apoyo y est\u00edmulo a migrantes que expresen voluntariamente su deseo de retornar a Venezuela.<\/p>\n\n\n\n<p>El Gobierno Bolivariano, en atenci\u00f3n a la situaci\u00f3n de vulnerabilidad o dificultad econ\u00f3mica que padecen ciudadanos venezolanos residentes en el extranjero realiza un esfuerzo log\u00edstico, social, diplom\u00e1tico y econ\u00f3mico para ofrecerle una mano solidaria y un instrumento de apoyo a todos y todas para su regreso y reinserci\u00f3n en nuestra sociedad.<\/p>\n","protected":false},"excerpt":{"rendered":"<p>Este martes, arribar\u00e1n al pa\u00eds 187 connacionales provenientes de Argentina en un vuelo del Consorcio Venezolano &hellip; <a title=\"Retornan 187 venezolanos desde Argentina con el Plan Vuelta a la Patria\" class=\"hm-read-more\" href=\"https:\/\/www.mpppst.gob.ve\/mpppstweb\/index.php\/2021\/12\/08\/retornan-187-venezolanos-desde-argentina-con-el-plan-vuelta-a-la-patria\/\"><span class=\"screen-reader-text\">Retornan 187 venezolanos desde Argentina con el Plan Vuelta a la Patria<\/span>Read more<\/a><\/p>\n","protected":false},"author":25,"featured_media":24085,"comment_status":"closed","ping_status":"closed","sticky":false,"template":"","format":"standard","meta":{"footnotes":""},"categories":[82,163],"tags":[],"yoast_head":"<!-- This site is optimized with the Yoast SEO plugin v22.5 - https:\/\/yoast.com\/wordpress\/plugins\/seo\/ -->\n<title>Retornan 187 venezolanos desde Argentina con el Plan Vuelta a la Patria - MPPPST<\/title>\n<meta name=\"robots\" content=\"index, follow, max-snippet:-1, max-image-preview:large, max-video-preview:-1\" \/>\n<link rel=\"canonical\" href=\"https:\/\/www.mpppst.gob.ve\/mpppstweb\/index.php\/2021\/12\/08\/retornan-187-venezolanos-desde-argentina-con-el-plan-vuelta-a-la-patria\/\" \/>\n<meta property=\"og:locale\" content=\"es_ES\" \/>\n<meta property=\"og:type\" content=\"article\" \/>\n<meta property=\"og:title\" content=\"Retornan 187 venezolanos desde Argentina con el Plan Vuelta a la Patria - MPPPST\" \/>\n<meta property=\"og:description\" content=\"Este martes, arribar\u00e1n al pa\u00eds 187 connacionales provenientes de Argentina en un vuelo del Consorcio Venezolano &hellip; Retornan 187 venezolanos desde Argentina con el Plan Vuelta a la PatriaRead more\" \/>\n<meta property=\"og:url\" content=\"https:\/\/www.mpppst.gob.ve\/mpppstweb\/index.php\/2021\/12\/08\/retornan-187-venezolanos-desde-argentina-con-el-plan-vuelta-a-la-patria\/\" \/>\n<meta property=\"og:site_name\" content=\"MPPPST\" \/>\n<meta property=\"article:published_time\" content=\"2021-12-08T11:26:23+00:00\" \/>\n<meta property=\"article:modified_time\" content=\"2021-12-08T11:26:24+00:00\" \/>\n<meta property=\"og:image\" content=\"https:\/\/www.mpppst.gob.ve\/mpppstweb\/wp-content\/uploads\/2021\/12\/FGAYayhXwAQIORQ-768x427-1.jpg\" \/>\n\t<meta property=\"og:image:width\" content=\"768\" \/>\n\t<meta property=\"og:image:height\" content=\"427\" \/>\n\t<meta property=\"og:image:type\" content=\"image\/jpeg\" \/>\n<meta name=\"author\" content=\"MPPPST Prensa\" \/>\n<meta name=\"twitter:card\" content=\"summary_large_image\" \/>\n<meta name=\"twitter:label1\" content=\"Escrito por\" \/>\n\t<meta name=\"twitter:data1\" content=\"MPPPST Prensa\" \/>\n\t<meta name=\"twitter:label2\" content=\"Tiempo de lectura\" \/>\n\t<meta name=\"twitter:data2\" content=\"1 minuto\" \/>\n<script type=\"application\/ld+json\" class=\"yoast-schema-graph\">{\"@context\":\"https:\/\/schema.org\",\"@graph\":[{\"@type\":\"Article\",\"@id\":\"https:\/\/www.mpppst.gob.ve\/mpppstweb\/index.php\/2021\/12\/08\/retornan-187-venezolanos-desde-argentina-con-el-plan-vuelta-a-la-patria\/#article\",\"isPartOf\":{\"@id\":\"https:\/\/www.mpppst.gob.ve\/mpppstweb\/index.php\/2021\/12\/08\/retornan-187-venezolanos-desde-argentina-con-el-plan-vuelta-a-la-patria\/\"},\"author\":{\"name\":\"MPPPST Prensa\",\"@id\":\"https:\/\/www.mpppst.gob.ve\/mpppstweb\/#\/schema\/person\/fc187ee8ead412bd4c9304b62f900ea4\"},\"headline\":\"Retornan 187 venezolanos desde Argentina con el Plan Vuelta a la Patria\",\"datePublished\":\"2021-12-08T11:26:23+00:00\",\"dateModified\":\"2021-12-08T11:26:24+00:00\",\"mainEntityOfPage\":{\"@id\":\"https:\/\/www.mpppst.gob.ve\/mpppstweb\/index.php\/2021\/12\/08\/retornan-187-venezolanos-desde-argentina-con-el-plan-vuelta-a-la-patria\/\"},\"wordCount\":258,\"publisher\":{\"@id\":\"https:\/\/www.mpppst.gob.ve\/mpppstweb\/#organization\"},\"image\":{\"@id\":\"https:\/\/www.mpppst.gob.ve\/mpppstweb\/index.php\/2021\/12\/08\/retornan-187-venezolanos-desde-argentina-con-el-plan-vuelta-a-la-patria\/#primaryimage\"},\"thumbnailUrl\":\"https:\/\/www.mpppst.gob.ve\/mpppstweb\/wp-content\/uploads\/2021\/12\/FGAYayhXwAQIORQ-768x427-1.jpg\",\"articleSection\":[\"Gobierno Nacional\",\"Noticias\"],\"inLanguage\":\"es\"},{\"@type\":\"WebPage\",\"@id\":\"https:\/\/www.mpppst.gob.ve\/mpppstweb\/index.php\/2021\/12\/08\/retornan-187-venezolanos-desde-argentina-con-el-plan-vuelta-a-la-patria\/\",\"url\":\"https:\/\/www.mpppst.gob.ve\/mpppstweb\/index.php\/2021\/12\/08\/retornan-187-venezolanos-desde-argentina-con-el-plan-vuelta-a-la-patria\/\",\"name\":\"Retornan 187 venezolanos desde Argentina con el Plan Vuelta a la Patria - MPPPST\",\"isPartOf\":{\"@id\":\"https:\/\/www.mpppst.gob.ve\/mpppstweb\/#website\"},\"primaryImageOfPage\":{\"@id\":\"https:\/\/www.mpppst.gob.ve\/mpppstweb\/index.php\/2021\/12\/08\/retornan-187-venezolanos-desde-argentina-con-el-plan-vuelta-a-la-patria\/#primaryimage\"},\"image\":{\"@id\":\"https:\/\/www.mpppst.gob.ve\/mpppstweb\/index.php\/2021\/12\/08\/retornan-187-venezolanos-desde-argentina-con-el-plan-vuelta-a-la-patria\/#primaryimage\"},\"thumbnailUrl\":\"https:\/\/www.mpppst.gob.ve\/mpppstweb\/wp-content\/uploads\/2021\/12\/FGAYayhXwAQIORQ-768x427-1.jpg\",\"datePublished\":\"2021-12-08T11:26:23+00:00\",\"dateModified\":\"2021-12-08T11:26:24+00:00\",\"breadcrumb\":{\"@id\":\"https:\/\/www.mpppst.gob.ve\/mpppstweb\/index.php\/2021\/12\/08\/retornan-187-venezolanos-desde-argentina-con-el-plan-vuelta-a-la-patria\/#breadcrumb\"},\"inLanguage\":\"es\",\"potentialAction\":[{\"@type\":\"ReadAction\",\"target\":[\"https:\/\/www.mpppst.gob.ve\/mpppstweb\/index.php\/2021\/12\/08\/retornan-187-venezolanos-desde-argentina-con-el-plan-vuelta-a-la-patria\/\"]}]},{\"@type\":\"ImageObject\",\"inLanguage\":\"es\",\"@id\":\"https:\/\/www.mpppst.gob.ve\/mpppstweb\/index.php\/2021\/12\/08\/retornan-187-venezolanos-desde-argentina-con-el-plan-vuelta-a-la-patria\/#primaryimage\",\"url\":\"https:\/\/www.mpppst.gob.ve\/mpppstweb\/wp-content\/uploads\/2021\/12\/FGAYayhXwAQIORQ-768x427-1.jpg\",\"contentUrl\":\"https:\/\/www.mpppst.gob.ve\/mpppstweb\/wp-content\/uploads\/2021\/12\/FGAYayhXwAQIORQ-768x427-1.jpg\",\"width\":768,\"height\":427},{\"@type\":\"BreadcrumbList\",\"@id\":\"https:\/\/www.mpppst.gob.ve\/mpppstweb\/index.php\/2021\/12\/08\/retornan-187-venezolanos-desde-argentina-con-el-plan-vuelta-a-la-patria\/#breadcrumb\",\"itemListElement\":[{\"@type\":\"ListItem\",\"position\":1,\"name\":\"Home\",\"item\":\"https:\/\/www.mpppst.gob.ve\/mpppstweb\/\"},{\"@type\":\"ListItem\",\"position\":2,\"name\":\"Retornan 187 venezolanos desde Argentina con el Plan Vuelta a la Patria\"}]},{\"@type\":\"WebSite\",\"@id\":\"https:\/\/www.mpppst.gob.ve\/mpppstweb\/#website\",\"url\":\"https:\/\/www.mpppst.gob.ve\/mpppstweb\/\",\"name\":\"MPPPST\",\"description\":\"Ministerio del Poder Popular para el Proceso Social de Trabajo\",\"publisher\":{\"@id\":\"https:\/\/www.mpppst.gob.ve\/mpppstweb\/#organization\"},\"potentialAction\":[{\"@type\":\"SearchAction\",\"target\":{\"@type\":\"EntryPoint\",\"urlTemplate\":\"https:\/\/www.mpppst.gob.ve\/mpppstweb\/?s={search_term_string}\"},\"query-input\":\"required name=search_term_string\"}],\"inLanguage\":\"es\"},{\"@type\":\"Organization\",\"@id\":\"https:\/\/www.mpppst.gob.ve\/mpppstweb\/#organization\",\"name\":\"mpppst\",\"url\":\"https:\/\/www.mpppst.gob.ve\/mpppstweb\/\",\"logo\":{\"@type\":\"ImageObject\",\"inLanguage\":\"es\",\"@id\":\"https:\/\/www.mpppst.gob.ve\/mpppstweb\/#\/schema\/logo\/image\/\",\"url\":\"https:\/\/www.mpppst.gob.ve\/mpppstweb\/wp-content\/uploads\/2025\/07\/cropped-cropped-g910.png\",\"contentUrl\":\"https:\/\/www.mpppst.gob.ve\/mpppstweb\/wp-content\/uploads\/2025\/07\/cropped-cropped-g910.png\",\"width\":1080,\"height\":241,\"caption\":\"mpppst\"},\"image\":{\"@id\":\"https:\/\/www.mpppst.gob.ve\/mpppstweb\/#\/schema\/logo\/image\/\"}},{\"@type\":\"Person\",\"@id\":\"https:\/\/www.mpppst.gob.ve\/mpppstweb\/#\/schema\/person\/fc187ee8ead412bd4c9304b62f900ea4\",\"name\":\"MPPPST Prensa\",\"url\":\"https:\/\/www.mpppst.gob.ve\/mpppstweb\/index.php\/author\/prensa-mpppst\/\"}]}<\/script>\n<!-- \/ Yoast SEO plugin. -->","yoast_head_json":{"title":"Retornan 187 venezolanos desde Argentina con el Plan Vuelta a la Patria - MPPPST","robots":{"index":"index","follow":"follow","max-snippet":"max-snippet:-1","max-image-preview":"max-image-preview:large","max-video-preview":"max-video-preview:-1"},"canonical":"https:\/\/www.mpppst.gob.ve\/mpppstweb\/index.php\/2021\/12\/08\/retornan-187-venezolanos-desde-argentina-con-el-plan-vuelta-a-la-patria\/","og_locale":"es_ES","og_type":"article","og_title":"Retornan 187 venezolanos desde Argentina con el Plan Vuelta a la Patria - MPPPST","og_description":"Este martes, arribar\u00e1n al pa\u00eds 187 connacionales provenientes de Argentina en un vuelo del Consorcio Venezolano &hellip; Retornan 187 venezolanos desde Argentina con el Plan Vuelta a la PatriaRead more","og_url":"https:\/\/www.mpppst.gob.ve\/mpppstweb\/index.php\/2021\/12\/08\/retornan-187-venezolanos-desde-argentina-con-el-plan-vuelta-a-la-patria\/","og_site_name":"MPPPST","article_published_time":"2021-12-08T11:26:23+00:00","article_modified_time":"2021-12-08T11:26:24+00:00","og_image":[{"width":768,"height":427,"url":"https:\/\/www.mpppst.gob.ve\/mpppstweb\/wp-content\/uploads\/2021\/12\/FGAYayhXwAQIORQ-768x427-1.jpg","type":"image\/jpeg"}],"author":"MPPPST Prensa","twitter_card":"summary_large_image","twitter_misc":{"Escrito por":"MPPPST Prensa","Tiempo de lectura":"1 minuto"},"schema":{"@context":"https:\/\/schema.org","@graph":[{"@type":"Article","@id":"https:\/\/www.mpppst.gob.ve\/mpppstweb\/index.php\/2021\/12\/08\/retornan-187-venezolanos-desde-argentina-con-el-plan-vuelta-a-la-patria\/#article","isPartOf":{"@id":"https:\/\/www.mpppst.gob.ve\/mpppstweb\/index.php\/2021\/12\/08\/retornan-187-venezolanos-desde-argentina-con-el-plan-vuelta-a-la-patria\/"},"author":{"name":"MPPPST Prensa","@id":"https:\/\/www.mpppst.gob.ve\/mpppstweb\/#\/schema\/person\/fc187ee8ead412bd4c9304b62f900ea4"},"headline":"Retornan 187 venezolanos desde Argentina con el Plan Vuelta a la Patria","datePublished":"2021-12-08T11:26:23+00:00","dateModified":"2021-12-08T11:26:24+00:00","mainEntityOfPage":{"@id":"https:\/\/www.mpppst.gob.ve\/mpppstweb\/index.php\/2021\/12\/08\/retornan-187-venezolanos-desde-argentina-con-el-plan-vuelta-a-la-patria\/"},"wordCount":258,"publisher":{"@id":"https:\/\/www.mpppst.gob.ve\/mpppstweb\/#organization"},"image":{"@id":"https:\/\/www.mpppst.gob.ve\/mpppstweb\/index.php\/2021\/12\/08\/retornan-187-venezolanos-desde-argentina-con-el-plan-vuelta-a-la-patria\/#primaryimage"},"thumbnailUrl":"https:\/\/www.mpppst.gob.ve\/mpppstweb\/wp-content\/uploads\/2021\/12\/FGAYayhXwAQIORQ-768x427-1.jpg","articleSection":["Gobierno Nacional","Noticias"],"inLanguage":"es"},{"@type":"WebPage","@id":"https:\/\/www.mpppst.gob.ve\/mpppstweb\/index.php\/2021\/12\/08\/retornan-187-venezolanos-desde-argentina-con-el-plan-vuelta-a-la-patria\/","url":"https:\/\/www.mpppst.gob.ve\/mpppstweb\/index.php\/2021\/12\/08\/retornan-187-venezolanos-desde-argentina-con-el-plan-vuelta-a-la-patria\/","name":"Retornan 187 venezolanos desde Argentina con el Plan Vuelta a la Patria - MPPPST","isPartOf":{"@id":"https:\/\/www.mpppst.gob.ve\/mpppstweb\/#website"},"primaryImageOfPage":{"@id":"https:\/\/www.mpppst.gob.ve\/mpppstweb\/index.php\/2021\/12\/08\/retornan-187-venezolanos-desde-argentina-con-el-plan-vuelta-a-la-patria\/#primaryimage"},"image":{"@id":"https:\/\/www.mpppst.gob.ve\/mpppstweb\/index.php\/2021\/12\/08\/retornan-187-venezolanos-desde-argentina-con-el-plan-vuelta-a-la-patria\/#primaryimage"},"thumbnailUrl":"https:\/\/www.mpppst.gob.ve\/mpppstweb\/wp-content\/uploads\/2021\/12\/FGAYayhXwAQIORQ-768x427-1.jpg","datePublished":"2021-12-08T11:26:23+00:00","dateModified":"2021-12-08T11:26:24+00:00","breadcrumb":{"@id":"https:\/\/www.mpppst.gob.ve\/mpppstweb\/index.php\/2021\/12\/08\/retornan-187-venezolanos-desde-argentina-con-el-plan-vuelta-a-la-patria\/#breadcrumb"},"inLanguage":"es","potentialAction":[{"@type":"ReadAction","target":["https:\/\/www.mpppst.gob.ve\/mpppstweb\/index.php\/2021\/12\/08\/retornan-187-venezolanos-desde-argentina-con-el-plan-vuelta-a-la-patria\/"]}]},{"@type":"ImageObject","inLanguage":"es","@id":"https:\/\/www.mpppst.gob.ve\/mpppstweb\/index.php\/2021\/12\/08\/retornan-187-venezolanos-desde-argentina-con-el-plan-vuelta-a-la-patria\/#primaryimage","url":"https:\/\/www.mpppst.gob.ve\/mpppstweb\/wp-content\/uploads\/2021\/12\/FGAYayhXwAQIORQ-768x427-1.jpg","contentUrl":"https:\/\/www.mpppst.gob.ve\/mpppstweb\/wp-content\/uploads\/2021\/12\/FGAYayhXwAQIORQ-768x427-1.jpg","width":768,"height":427},{"@type":"BreadcrumbList","@id":"https:\/\/www.mpppst.gob.ve\/mpppstweb\/index.php\/2021\/12\/08\/retornan-187-venezolanos-desde-argentina-con-el-plan-vuelta-a-la-patria\/#breadcrumb","itemListElement":[{"@type":"ListItem","position":1,"name":"Home","item":"https:\/\/www.mpppst.gob.ve\/mpppstweb\/"},{"@type":"ListItem","position":2,"name":"Retornan 187 venezolanos desde Argentina con el Plan Vuelta a la Patria"}]},{"@type":"WebSite","@id":"https:\/\/www.mpppst.gob.ve\/mpppstweb\/#website","url":"https:\/\/www.mpppst.gob.ve\/mpppstweb\/","name":"MPPPST","description":"Ministerio del Poder Popular para el Proceso Social de Trabajo","publisher":{"@id":"https:\/\/www.mpppst.gob.ve\/mpppstweb\/#organization"},"potentialAction":[{"@type":"SearchAction","target":{"@type":"EntryPoint","urlTemplate":"https:\/\/www.mpppst.gob.ve\/mpppstweb\/?s={search_term_string}"},"query-input":"required name=search_term_string"}],"inLanguage":"es"},{"@type":"Organization","@id":"https:\/\/www.mpppst.gob.ve\/mpppstweb\/#organization","name":"mpppst","url":"https:\/\/www.mpppst.gob.ve\/mpppstweb\/","logo":{"@type":"ImageObject","inLanguage":"es","@id":"https:\/\/www.mpppst.gob.ve\/mpppstweb\/#\/schema\/logo\/image\/","url":"https:\/\/www.mpppst.gob.ve\/mpppstweb\/wp-content\/uploads\/2025\/07\/cropped-cropped-g910.png","contentUrl":"https:\/\/www.mpppst.gob.ve\/mpppstweb\/wp-content\/uploads\/2025\/07\/cropped-cropped-g910.png","width":1080,"height":241,"caption":"mpppst"},"image":{"@id":"https:\/\/www.mpppst.gob.ve\/mpppstweb\/#\/schema\/logo\/image\/"}},{"@type":"Person","@id":"https:\/\/www.mpppst.gob.ve\/mpppstweb\/#\/schema\/person\/fc187ee8ead412bd4c9304b62f900ea4","name":"MPPPST Prensa","url":"https:\/\/www.mpppst.gob.ve\/mpppstweb\/index.php\/author\/prensa-mpppst\/"}]}},"_links":{"self":[{"href":"https:\/\/www.mpppst.gob.ve\/mpppstweb\/index.php\/wp-json\/wp\/v2\/posts\/24084"}],"collection":[{"href":"https:\/\/www.mpppst.gob.ve\/mpppstweb\/index.php\/wp-json\/wp\/v2\/posts"}],"about":[{"href":"https:\/\/www.mpppst.gob.ve\/mpppstweb\/index.php\/wp-json\/wp\/v2\/types\/post"}],"author":[{"embeddable":true,"href":"https:\/\/www.mpppst.gob.ve\/mpppstweb\/index.php\/wp-json\/wp\/v2\/users\/25"}],"replies":[{"embeddable":true,"href":"https:\/\/www.mpppst.gob.ve\/mpppstweb\/index.php\/wp-json\/wp\/v2\/comments?post=24084"}],"version-history":[{"count":1,"href":"https:\/\/www.mpppst.gob.ve\/mpppstweb\/index.php\/wp-json\/wp\/v2\/posts\/24084\/revisions"}],"predecessor-version":[{"id":24086,"href":"https:\/\/www.mpppst.gob.ve\/mpppstweb\/index.php\/wp-json\/wp\/v2\/posts\/24084\/revisions\/24086"}],"wp:featuredmedia":[{"embeddable":true,"href":"https:\/\/www.mpppst.gob.ve\/mpppstweb\/index.php\/wp-json\/wp\/v2\/media\/24085"}],"wp:attachment":[{"href":"https:\/\/www.mpppst.gob.ve\/mpppstweb\/index.php\/wp-json\/wp\/v2\/media?parent=24084"}],"wp:term":[{"taxonomy":"category","embeddable":true,"href":"https:\/\/www.mpppst.gob.ve\/mpppstweb\/index.php\/wp-json\/wp\/v2\/categories?post=24084"},{"taxonomy":"post_tag","embeddable":true,"href":"https:\/\/www.mpppst.gob.ve\/mpppstweb\/index.php\/wp-json\/wp\/v2\/tags?post=24084"}],"curies":[{"name":"wp","href":"https:\/\/api.w.org\/{rel}","templated":true}]}}