{"id":24135,"date":"2021-12-13T08:09:38","date_gmt":"2021-12-13T12:09:38","guid":{"rendered":"http:\/\/www.mpppst.gob.ve\/mpppstweb\/?p=24135"},"modified":"2021-12-13T08:09:39","modified_gmt":"2021-12-13T12:09:39","slug":"presentan-plan-estrategico-del-sistema-electrico-nacional-para-el-ano-2022","status":"publish","type":"post","link":"https:\/\/www.mpppst.gob.ve\/mpppstweb\/index.php\/2021\/12\/13\/presentan-plan-estrategico-del-sistema-electrico-nacional-para-el-ano-2022\/","title":{"rendered":"Presentan Plan Estrat\u00e9gico del Sistema El\u00e9ctrico Nacional para el a\u00f1o 2022"},"content":{"rendered":"\n<p>El ministro del Poder Popular para Energ\u00eda El\u00e9ctrica, N\u00e9stor Reverol, present\u00f3 el Plan Estrat\u00e9gico del Sistema El\u00e9ctrico Nacional para el a\u00f1o 2022, durante un encuentro con representantes de la Fuerza de Choque de la Fuerza Armada Nacional Bolivariana y gerentes territoriales de Corpoelec.&nbsp;<\/p>\n\n\n\n<p>La informaci\u00f3n la difundi\u00f3 Reverol a trav\u00e9s de su cuenta en la red social Twitter, en la que detall\u00f3 que el Plan tiene como principales objetivos el empoderamiento del pueblo sobre el servicio el\u00e9ctrico, el impulso de la comercializaci\u00f3n de la Corporaci\u00f3n, la estabilizaci\u00f3n del sistema y el bienestar de nuestra fuerza trabajadora.<\/p>\n\n\n\n<figure><iframe allowfullscreen=\"true\" class=\"\" src=\"https:\/\/platform.twitter.com\/embed\/Tweet.html?creatorScreenName=VTVcanal8&amp;dnt=false&amp;embedId=twitter-widget-0&amp;features=eyJ0ZndfZXhwZXJpbWVudHNfY29va2llX2V4cGlyYXRpb24iOnsiYnVja2V0IjoxMjA5NjAwLCJ2ZXJzaW9uIjpudWxsfSwidGZ3X2hvcml6b25fdHdlZXRfZW1iZWRfOTU1NSI6eyJidWNrZXQiOiJodGUiLCJ2ZXJzaW9uIjpudWxsfSwidGZ3X3NwYWNlX2NhcmQiOnsiYnVja2V0Ijoib2ZmIiwidmVyc2lvbiI6bnVsbH19&amp;frame=false&amp;hideCard=false&amp;hideThread=false&amp;id=1469375099459579904&amp;lang=es&amp;origin=https%3A%2F%2Fwww.vtv.gob.ve%2Fplan-estrategico-sistema-electrico-nacional%2F&amp;sessionId=cdf3f23204a267e4c4abefc8842b84fac80cf89e&amp;siteScreenName=VTVcanal8&amp;theme=light&amp;widgetsVersion=9fd78d5%3A1638479056965&amp;width=550px\"><\/iframe><\/figure>\n\n\n\n<p>Destac\u00f3 que \u201cseguimos avanzando en la ejecuci\u00f3n de pol\u00edticas p\u00fablicas que permitan la confiabilidad y optimizaci\u00f3n de nuestro servicio en todo el pa\u00eds\u201d.<\/p>\n\n\n\n<p>La optimizaci\u00f3n de los servicios p\u00fablicos es una de las prioridades del Ejecutivo Nacional en los a\u00f1os venideros, as\u00ed lo ha destacado en reiteradas oportunidades el presidente de la Rep\u00fablica, Nicol\u00e1s Maduro, quien ha pedido a su equipo de trabajo dar respuestas oportunas e inmediatas al pueblo.<\/p>\n","protected":false},"excerpt":{"rendered":"<p>El ministro del Poder Popular para Energ\u00eda El\u00e9ctrica, N\u00e9stor Reverol, present\u00f3 el Plan Estrat\u00e9gico del Sistema &hellip; <a title=\"Presentan Plan Estrat\u00e9gico del Sistema El\u00e9ctrico Nacional para el a\u00f1o 2022\" class=\"hm-read-more\" href=\"https:\/\/www.mpppst.gob.ve\/mpppstweb\/index.php\/2021\/12\/13\/presentan-plan-estrategico-del-sistema-electrico-nacional-para-el-ano-2022\/\"><span class=\"screen-reader-text\">Presentan Plan Estrat\u00e9gico del Sistema El\u00e9ctrico Nacional para el a\u00f1o 2022<\/span>Read more<\/a><\/p>\n","protected":false},"author":25,"featured_media":24136,"comment_status":"closed","ping_status":"closed","sticky":false,"template":"","format":"standard","meta":{"footnotes":""},"categories":[82,163],"tags":[],"yoast_head":"<!-- This site is optimized with the Yoast SEO plugin v22.5 - https:\/\/yoast.com\/wordpress\/plugins\/seo\/ -->\n<title>Presentan Plan Estrat\u00e9gico del Sistema El\u00e9ctrico Nacional para el a\u00f1o 2022 - MPPPST<\/title>\n<meta name=\"robots\" content=\"index, follow, max-snippet:-1, max-image-preview:large, max-video-preview:-1\" \/>\n<link rel=\"canonical\" href=\"https:\/\/www.mpppst.gob.ve\/mpppstweb\/index.php\/2021\/12\/13\/presentan-plan-estrategico-del-sistema-electrico-nacional-para-el-ano-2022\/\" \/>\n<meta property=\"og:locale\" content=\"es_ES\" \/>\n<meta property=\"og:type\" content=\"article\" \/>\n<meta property=\"og:title\" content=\"Presentan Plan Estrat\u00e9gico del Sistema El\u00e9ctrico Nacional para el a\u00f1o 2022 - MPPPST\" \/>\n<meta property=\"og:description\" content=\"El ministro del Poder Popular para Energ\u00eda El\u00e9ctrica, N\u00e9stor Reverol, present\u00f3 el Plan Estrat\u00e9gico del Sistema &hellip; Presentan Plan Estrat\u00e9gico del Sistema El\u00e9ctrico Nacional para el a\u00f1o 2022Read more\" \/>\n<meta property=\"og:url\" content=\"https:\/\/www.mpppst.gob.ve\/mpppstweb\/index.php\/2021\/12\/13\/presentan-plan-estrategico-del-sistema-electrico-nacional-para-el-ano-2022\/\" \/>\n<meta property=\"og:site_name\" content=\"MPPPST\" \/>\n<meta property=\"article:published_time\" content=\"2021-12-13T12:09:38+00:00\" \/>\n<meta property=\"article:modified_time\" content=\"2021-12-13T12:09:39+00:00\" \/>\n<meta property=\"og:image\" content=\"https:\/\/www.mpppst.gob.ve\/mpppstweb\/wp-content\/uploads\/2021\/12\/FGRE4MRX0Aczhjo-768x427-1.jpg\" \/>\n\t<meta property=\"og:image:width\" content=\"768\" \/>\n\t<meta property=\"og:image:height\" content=\"427\" \/>\n\t<meta property=\"og:image:type\" content=\"image\/jpeg\" \/>\n<meta name=\"author\" content=\"MPPPST Prensa\" \/>\n<meta name=\"twitter:card\" content=\"summary_large_image\" \/>\n<meta name=\"twitter:label1\" content=\"Escrito por\" \/>\n\t<meta name=\"twitter:data1\" content=\"MPPPST Prensa\" \/>\n\t<meta name=\"twitter:label2\" content=\"Tiempo de lectura\" \/>\n\t<meta name=\"twitter:data2\" content=\"1 minuto\" \/>\n<script type=\"application\/ld+json\" class=\"yoast-schema-graph\">{\"@context\":\"https:\/\/schema.org\",\"@graph\":[{\"@type\":\"Article\",\"@id\":\"https:\/\/www.mpppst.gob.ve\/mpppstweb\/index.php\/2021\/12\/13\/presentan-plan-estrategico-del-sistema-electrico-nacional-para-el-ano-2022\/#article\",\"isPartOf\":{\"@id\":\"https:\/\/www.mpppst.gob.ve\/mpppstweb\/index.php\/2021\/12\/13\/presentan-plan-estrategico-del-sistema-electrico-nacional-para-el-ano-2022\/\"},\"author\":{\"name\":\"MPPPST Prensa\",\"@id\":\"https:\/\/www.mpppst.gob.ve\/mpppstweb\/#\/schema\/person\/fc187ee8ead412bd4c9304b62f900ea4\"},\"headline\":\"Presentan Plan Estrat\u00e9gico del Sistema El\u00e9ctrico Nacional para el a\u00f1o 2022\",\"datePublished\":\"2021-12-13T12:09:38+00:00\",\"dateModified\":\"2021-12-13T12:09:39+00:00\",\"mainEntityOfPage\":{\"@id\":\"https:\/\/www.mpppst.gob.ve\/mpppstweb\/index.php\/2021\/12\/13\/presentan-plan-estrategico-del-sistema-electrico-nacional-para-el-ano-2022\/\"},\"wordCount\":201,\"publisher\":{\"@id\":\"https:\/\/www.mpppst.gob.ve\/mpppstweb\/#organization\"},\"image\":{\"@id\":\"https:\/\/www.mpppst.gob.ve\/mpppstweb\/index.php\/2021\/12\/13\/presentan-plan-estrategico-del-sistema-electrico-nacional-para-el-ano-2022\/#primaryimage\"},\"thumbnailUrl\":\"https:\/\/www.mpppst.gob.ve\/mpppstweb\/wp-content\/uploads\/2021\/12\/FGRE4MRX0Aczhjo-768x427-1.jpg\",\"articleSection\":[\"Gobierno Nacional\",\"Noticias\"],\"inLanguage\":\"es\"},{\"@type\":\"WebPage\",\"@id\":\"https:\/\/www.mpppst.gob.ve\/mpppstweb\/index.php\/2021\/12\/13\/presentan-plan-estrategico-del-sistema-electrico-nacional-para-el-ano-2022\/\",\"url\":\"https:\/\/www.mpppst.gob.ve\/mpppstweb\/index.php\/2021\/12\/13\/presentan-plan-estrategico-del-sistema-electrico-nacional-para-el-ano-2022\/\",\"name\":\"Presentan Plan Estrat\u00e9gico del Sistema El\u00e9ctrico Nacional para el a\u00f1o 2022 - MPPPST\",\"isPartOf\":{\"@id\":\"https:\/\/www.mpppst.gob.ve\/mpppstweb\/#website\"},\"primaryImageOfPage\":{\"@id\":\"https:\/\/www.mpppst.gob.ve\/mpppstweb\/index.php\/2021\/12\/13\/presentan-plan-estrategico-del-sistema-electrico-nacional-para-el-ano-2022\/#primaryimage\"},\"image\":{\"@id\":\"https:\/\/www.mpppst.gob.ve\/mpppstweb\/index.php\/2021\/12\/13\/presentan-plan-estrategico-del-sistema-electrico-nacional-para-el-ano-2022\/#primaryimage\"},\"thumbnailUrl\":\"https:\/\/www.mpppst.gob.ve\/mpppstweb\/wp-content\/uploads\/2021\/12\/FGRE4MRX0Aczhjo-768x427-1.jpg\",\"datePublished\":\"2021-12-13T12:09:38+00:00\",\"dateModified\":\"2021-12-13T12:09:39+00:00\",\"breadcrumb\":{\"@id\":\"https:\/\/www.mpppst.gob.ve\/mpppstweb\/index.php\/2021\/12\/13\/presentan-plan-estrategico-del-sistema-electrico-nacional-para-el-ano-2022\/#breadcrumb\"},\"inLanguage\":\"es\",\"potentialAction\":[{\"@type\":\"ReadAction\",\"target\":[\"https:\/\/www.mpppst.gob.ve\/mpppstweb\/index.php\/2021\/12\/13\/presentan-plan-estrategico-del-sistema-electrico-nacional-para-el-ano-2022\/\"]}]},{\"@type\":\"ImageObject\",\"inLanguage\":\"es\",\"@id\":\"https:\/\/www.mpppst.gob.ve\/mpppstweb\/index.php\/2021\/12\/13\/presentan-plan-estrategico-del-sistema-electrico-nacional-para-el-ano-2022\/#primaryimage\",\"url\":\"https:\/\/www.mpppst.gob.ve\/mpppstweb\/wp-content\/uploads\/2021\/12\/FGRE4MRX0Aczhjo-768x427-1.jpg\",\"contentUrl\":\"https:\/\/www.mpppst.gob.ve\/mpppstweb\/wp-content\/uploads\/2021\/12\/FGRE4MRX0Aczhjo-768x427-1.jpg\",\"width\":768,\"height\":427},{\"@type\":\"BreadcrumbList\",\"@id\":\"https:\/\/www.mpppst.gob.ve\/mpppstweb\/index.php\/2021\/12\/13\/presentan-plan-estrategico-del-sistema-electrico-nacional-para-el-ano-2022\/#breadcrumb\",\"itemListElement\":[{\"@type\":\"ListItem\",\"position\":1,\"name\":\"Home\",\"item\":\"https:\/\/www.mpppst.gob.ve\/mpppstweb\/\"},{\"@type\":\"ListItem\",\"position\":2,\"name\":\"Presentan Plan Estrat\u00e9gico del Sistema El\u00e9ctrico Nacional para el a\u00f1o 2022\"}]},{\"@type\":\"WebSite\",\"@id\":\"https:\/\/www.mpppst.gob.ve\/mpppstweb\/#website\",\"url\":\"https:\/\/www.mpppst.gob.ve\/mpppstweb\/\",\"name\":\"MPPPST\",\"description\":\"Ministerio del Poder Popular para el Proceso Social de Trabajo\",\"publisher\":{\"@id\":\"https:\/\/www.mpppst.gob.ve\/mpppstweb\/#organization\"},\"potentialAction\":[{\"@type\":\"SearchAction\",\"target\":{\"@type\":\"EntryPoint\",\"urlTemplate\":\"https:\/\/www.mpppst.gob.ve\/mpppstweb\/?s={search_term_string}\"},\"query-input\":\"required name=search_term_string\"}],\"inLanguage\":\"es\"},{\"@type\":\"Organization\",\"@id\":\"https:\/\/www.mpppst.gob.ve\/mpppstweb\/#organization\",\"name\":\"mpppst\",\"url\":\"https:\/\/www.mpppst.gob.ve\/mpppstweb\/\",\"logo\":{\"@type\":\"ImageObject\",\"inLanguage\":\"es\",\"@id\":\"https:\/\/www.mpppst.gob.ve\/mpppstweb\/#\/schema\/logo\/image\/\",\"url\":\"https:\/\/www.mpppst.gob.ve\/mpppstweb\/wp-content\/uploads\/2025\/07\/cropped-cropped-g910.png\",\"contentUrl\":\"https:\/\/www.mpppst.gob.ve\/mpppstweb\/wp-content\/uploads\/2025\/07\/cropped-cropped-g910.png\",\"width\":1080,\"height\":241,\"caption\":\"mpppst\"},\"image\":{\"@id\":\"https:\/\/www.mpppst.gob.ve\/mpppstweb\/#\/schema\/logo\/image\/\"}},{\"@type\":\"Person\",\"@id\":\"https:\/\/www.mpppst.gob.ve\/mpppstweb\/#\/schema\/person\/fc187ee8ead412bd4c9304b62f900ea4\",\"name\":\"MPPPST Prensa\",\"url\":\"https:\/\/www.mpppst.gob.ve\/mpppstweb\/index.php\/author\/prensa-mpppst\/\"}]}<\/script>\n<!-- \/ Yoast SEO plugin. -->","yoast_head_json":{"title":"Presentan Plan Estrat\u00e9gico del Sistema El\u00e9ctrico Nacional para el a\u00f1o 2022 - MPPPST","robots":{"index":"index","follow":"follow","max-snippet":"max-snippet:-1","max-image-preview":"max-image-preview:large","max-video-preview":"max-video-preview:-1"},"canonical":"https:\/\/www.mpppst.gob.ve\/mpppstweb\/index.php\/2021\/12\/13\/presentan-plan-estrategico-del-sistema-electrico-nacional-para-el-ano-2022\/","og_locale":"es_ES","og_type":"article","og_title":"Presentan Plan Estrat\u00e9gico del Sistema El\u00e9ctrico Nacional para el a\u00f1o 2022 - MPPPST","og_description":"El ministro del Poder Popular para Energ\u00eda El\u00e9ctrica, N\u00e9stor Reverol, present\u00f3 el Plan Estrat\u00e9gico del Sistema &hellip; Presentan Plan Estrat\u00e9gico del Sistema El\u00e9ctrico Nacional para el a\u00f1o 2022Read more","og_url":"https:\/\/www.mpppst.gob.ve\/mpppstweb\/index.php\/2021\/12\/13\/presentan-plan-estrategico-del-sistema-electrico-nacional-para-el-ano-2022\/","og_site_name":"MPPPST","article_published_time":"2021-12-13T12:09:38+00:00","article_modified_time":"2021-12-13T12:09:39+00:00","og_image":[{"width":768,"height":427,"url":"https:\/\/www.mpppst.gob.ve\/mpppstweb\/wp-content\/uploads\/2021\/12\/FGRE4MRX0Aczhjo-768x427-1.jpg","type":"image\/jpeg"}],"author":"MPPPST Prensa","twitter_card":"summary_large_image","twitter_misc":{"Escrito por":"MPPPST Prensa","Tiempo de lectura":"1 minuto"},"schema":{"@context":"https:\/\/schema.org","@graph":[{"@type":"Article","@id":"https:\/\/www.mpppst.gob.ve\/mpppstweb\/index.php\/2021\/12\/13\/presentan-plan-estrategico-del-sistema-electrico-nacional-para-el-ano-2022\/#article","isPartOf":{"@id":"https:\/\/www.mpppst.gob.ve\/mpppstweb\/index.php\/2021\/12\/13\/presentan-plan-estrategico-del-sistema-electrico-nacional-para-el-ano-2022\/"},"author":{"name":"MPPPST Prensa","@id":"https:\/\/www.mpppst.gob.ve\/mpppstweb\/#\/schema\/person\/fc187ee8ead412bd4c9304b62f900ea4"},"headline":"Presentan Plan Estrat\u00e9gico del Sistema El\u00e9ctrico Nacional para el a\u00f1o 2022","datePublished":"2021-12-13T12:09:38+00:00","dateModified":"2021-12-13T12:09:39+00:00","mainEntityOfPage":{"@id":"https:\/\/www.mpppst.gob.ve\/mpppstweb\/index.php\/2021\/12\/13\/presentan-plan-estrategico-del-sistema-electrico-nacional-para-el-ano-2022\/"},"wordCount":201,"publisher":{"@id":"https:\/\/www.mpppst.gob.ve\/mpppstweb\/#organization"},"image":{"@id":"https:\/\/www.mpppst.gob.ve\/mpppstweb\/index.php\/2021\/12\/13\/presentan-plan-estrategico-del-sistema-electrico-nacional-para-el-ano-2022\/#primaryimage"},"thumbnailUrl":"https:\/\/www.mpppst.gob.ve\/mpppstweb\/wp-content\/uploads\/2021\/12\/FGRE4MRX0Aczhjo-768x427-1.jpg","articleSection":["Gobierno Nacional","Noticias"],"inLanguage":"es"},{"@type":"WebPage","@id":"https:\/\/www.mpppst.gob.ve\/mpppstweb\/index.php\/2021\/12\/13\/presentan-plan-estrategico-del-sistema-electrico-nacional-para-el-ano-2022\/","url":"https:\/\/www.mpppst.gob.ve\/mpppstweb\/index.php\/2021\/12\/13\/presentan-plan-estrategico-del-sistema-electrico-nacional-para-el-ano-2022\/","name":"Presentan Plan Estrat\u00e9gico del Sistema El\u00e9ctrico Nacional para el a\u00f1o 2022 - MPPPST","isPartOf":{"@id":"https:\/\/www.mpppst.gob.ve\/mpppstweb\/#website"},"primaryImageOfPage":{"@id":"https:\/\/www.mpppst.gob.ve\/mpppstweb\/index.php\/2021\/12\/13\/presentan-plan-estrategico-del-sistema-electrico-nacional-para-el-ano-2022\/#primaryimage"},"image":{"@id":"https:\/\/www.mpppst.gob.ve\/mpppstweb\/index.php\/2021\/12\/13\/presentan-plan-estrategico-del-sistema-electrico-nacional-para-el-ano-2022\/#primaryimage"},"thumbnailUrl":"https:\/\/www.mpppst.gob.ve\/mpppstweb\/wp-content\/uploads\/2021\/12\/FGRE4MRX0Aczhjo-768x427-1.jpg","datePublished":"2021-12-13T12:09:38+00:00","dateModified":"2021-12-13T12:09:39+00:00","breadcrumb":{"@id":"https:\/\/www.mpppst.gob.ve\/mpppstweb\/index.php\/2021\/12\/13\/presentan-plan-estrategico-del-sistema-electrico-nacional-para-el-ano-2022\/#breadcrumb"},"inLanguage":"es","potentialAction":[{"@type":"ReadAction","target":["https:\/\/www.mpppst.gob.ve\/mpppstweb\/index.php\/2021\/12\/13\/presentan-plan-estrategico-del-sistema-electrico-nacional-para-el-ano-2022\/"]}]},{"@type":"ImageObject","inLanguage":"es","@id":"https:\/\/www.mpppst.gob.ve\/mpppstweb\/index.php\/2021\/12\/13\/presentan-plan-estrategico-del-sistema-electrico-nacional-para-el-ano-2022\/#primaryimage","url":"https:\/\/www.mpppst.gob.ve\/mpppstweb\/wp-content\/uploads\/2021\/12\/FGRE4MRX0Aczhjo-768x427-1.jpg","contentUrl":"https:\/\/www.mpppst.gob.ve\/mpppstweb\/wp-content\/uploads\/2021\/12\/FGRE4MRX0Aczhjo-768x427-1.jpg","width":768,"height":427},{"@type":"BreadcrumbList","@id":"https:\/\/www.mpppst.gob.ve\/mpppstweb\/index.php\/2021\/12\/13\/presentan-plan-estrategico-del-sistema-electrico-nacional-para-el-ano-2022\/#breadcrumb","itemListElement":[{"@type":"ListItem","position":1,"name":"Home","item":"https:\/\/www.mpppst.gob.ve\/mpppstweb\/"},{"@type":"ListItem","position":2,"name":"Presentan Plan Estrat\u00e9gico del Sistema El\u00e9ctrico Nacional para el a\u00f1o 2022"}]},{"@type":"WebSite","@id":"https:\/\/www.mpppst.gob.ve\/mpppstweb\/#website","url":"https:\/\/www.mpppst.gob.ve\/mpppstweb\/","name":"MPPPST","description":"Ministerio del Poder Popular para el Proceso Social de Trabajo","publisher":{"@id":"https:\/\/www.mpppst.gob.ve\/mpppstweb\/#organization"},"potentialAction":[{"@type":"SearchAction","target":{"@type":"EntryPoint","urlTemplate":"https:\/\/www.mpppst.gob.ve\/mpppstweb\/?s={search_term_string}"},"query-input":"required name=search_term_string"}],"inLanguage":"es"},{"@type":"Organization","@id":"https:\/\/www.mpppst.gob.ve\/mpppstweb\/#organization","name":"mpppst","url":"https:\/\/www.mpppst.gob.ve\/mpppstweb\/","logo":{"@type":"ImageObject","inLanguage":"es","@id":"https:\/\/www.mpppst.gob.ve\/mpppstweb\/#\/schema\/logo\/image\/","url":"https:\/\/www.mpppst.gob.ve\/mpppstweb\/wp-content\/uploads\/2025\/07\/cropped-cropped-g910.png","contentUrl":"https:\/\/www.mpppst.gob.ve\/mpppstweb\/wp-content\/uploads\/2025\/07\/cropped-cropped-g910.png","width":1080,"height":241,"caption":"mpppst"},"image":{"@id":"https:\/\/www.mpppst.gob.ve\/mpppstweb\/#\/schema\/logo\/image\/"}},{"@type":"Person","@id":"https:\/\/www.mpppst.gob.ve\/mpppstweb\/#\/schema\/person\/fc187ee8ead412bd4c9304b62f900ea4","name":"MPPPST Prensa","url":"https:\/\/www.mpppst.gob.ve\/mpppstweb\/index.php\/author\/prensa-mpppst\/"}]}},"_links":{"self":[{"href":"https:\/\/www.mpppst.gob.ve\/mpppstweb\/index.php\/wp-json\/wp\/v2\/posts\/24135"}],"collection":[{"href":"https:\/\/www.mpppst.gob.ve\/mpppstweb\/index.php\/wp-json\/wp\/v2\/posts"}],"about":[{"href":"https:\/\/www.mpppst.gob.ve\/mpppstweb\/index.php\/wp-json\/wp\/v2\/types\/post"}],"author":[{"embeddable":true,"href":"https:\/\/www.mpppst.gob.ve\/mpppstweb\/index.php\/wp-json\/wp\/v2\/users\/25"}],"replies":[{"embeddable":true,"href":"https:\/\/www.mpppst.gob.ve\/mpppstweb\/index.php\/wp-json\/wp\/v2\/comments?post=24135"}],"version-history":[{"count":1,"href":"https:\/\/www.mpppst.gob.ve\/mpppstweb\/index.php\/wp-json\/wp\/v2\/posts\/24135\/revisions"}],"predecessor-version":[{"id":24137,"href":"https:\/\/www.mpppst.gob.ve\/mpppstweb\/index.php\/wp-json\/wp\/v2\/posts\/24135\/revisions\/24137"}],"wp:featuredmedia":[{"embeddable":true,"href":"https:\/\/www.mpppst.gob.ve\/mpppstweb\/index.php\/wp-json\/wp\/v2\/media\/24136"}],"wp:attachment":[{"href":"https:\/\/www.mpppst.gob.ve\/mpppstweb\/index.php\/wp-json\/wp\/v2\/media?parent=24135"}],"wp:term":[{"taxonomy":"category","embeddable":true,"href":"https:\/\/www.mpppst.gob.ve\/mpppstweb\/index.php\/wp-json\/wp\/v2\/categories?post=24135"},{"taxonomy":"post_tag","embeddable":true,"href":"https:\/\/www.mpppst.gob.ve\/mpppstweb\/index.php\/wp-json\/wp\/v2\/tags?post=24135"}],"curies":[{"name":"wp","href":"https:\/\/api.w.org\/{rel}","templated":true}]}}