{"id":24141,"date":"2021-12-15T08:06:18","date_gmt":"2021-12-15T12:06:18","guid":{"rendered":"http:\/\/www.mpppst.gob.ve\/mpppstweb\/?p=24141"},"modified":"2021-12-15T08:06:21","modified_gmt":"2021-12-15T12:06:21","slug":"inaugurada-y-abierta-al-publico-la-xiv-edicion-de-fitven-la-guaira-2021","status":"publish","type":"post","link":"https:\/\/www.mpppst.gob.ve\/mpppstweb\/index.php\/2021\/12\/15\/inaugurada-y-abierta-al-publico-la-xiv-edicion-de-fitven-la-guaira-2021\/","title":{"rendered":"Inaugurada y abierta al p\u00fablico la XIV edici\u00f3n de Fitven La Guaira 2021"},"content":{"rendered":"\n<p>Este martes fue inaugurada y abierta al p\u00fablico en el C\u00edrculo Militar de Mamo, la edici\u00f3n XIV de la&nbsp;<em><strong>Feria Internacional de Turismo de Venezuela,&nbsp;<a href=\"https:\/\/twitter.com\/FitVen2021\" target=\"_blank\" rel=\"noreferrer noopener\">FitVen La Guaira 2021.<\/a><\/strong><\/em><\/p>\n\n\n\n<p>Desde hoy hasta el jueves 16, estar\u00e1n abiertos stands de expositores nacionales, p\u00fablicos y privados, e internacionales de 16 pa\u00edses del mundo, se realizar\u00e1n conferencias y seminarios, adem\u00e1s de Ruedas de Negocios con los inversores extranjeros.<\/p>\n\n\n\n<p>La inauguraci\u00f3n oficial estuvo a cargo del&nbsp;ministro&nbsp;<strong>Al\u00ed Padr\u00f3n Paredes<\/strong>, titular del Poder Popular para el Turismo, junto al gobernador electo de La Guaira,<strong>&nbsp;Jos\u00e9 Alejandro Ter\u00e1n<\/strong>&nbsp;y el ministro del Petr\u00f3leo,&nbsp;<strong>Tareck El Aissami.<\/strong><\/p>\n\n\n\n<figure class=\"wp-block-image\"><img decoding=\"async\" src=\"https:\/\/www.vtv.gob.ve\/wp-content\/uploads\/2021\/12\/EL-AISSAMI-FITVEN-2021-1.jpg\" alt=\"Inaugurada y abierta al p\u00fablico la XIV edici\u00f3n de Fitven La Guaira 2021\" class=\"wp-image-450964\"\/><figcaption>Foto Fitven2021<\/figcaption><\/figure>\n\n\n\n<p>El Aissami dio la bienvenida, a nombre del presidente<a href=\"https:\/\/twitter.com\/NicolasMaduro\" target=\"_blank\" rel=\"noreferrer noopener\"><em><strong>&nbsp;Nicol\u00e1s Maduro Moros<\/strong><\/em><\/a>, a Diplom\u00e1ticos, empresarios, visitantes nacionales e internacionales que se encontraban presentes en La Guaira.<\/p>\n\n\n\n<p>Dijo que en medio de la pandemia que ha afectado al turismo mundial, y situaciones de acoso y de campa\u00f1a mundial de agresi\u00f3n contra la econom\u00eda del pa\u00eds, los venezolanos y venezolanas han logrado avanzar en el a\u00f1o bicentenario de la independencia del imperio espa\u00f1ol, alcanzando m\u00e1s de 80% de vacunaci\u00f3n contra el virus mortal en su poblaci\u00f3n, y mostrando los signos de la recuperaci\u00f3n econ\u00f3mica. \u201cVenezuela de nuevo se ha puesto de pie y seguimos y seguiremos invictos como lo fuimos en Carabobo\u201d.<\/p>\n\n\n\n<figure><iframe allowfullscreen=\"true\" class=\"\" src=\"https:\/\/platform.twitter.com\/embed\/Tweet.html?creatorScreenName=VTVcanal8&amp;dnt=false&amp;embedId=twitter-widget-0&amp;features=eyJ0ZndfZXhwZXJpbWVudHNfY29va2llX2V4cGlyYXRpb24iOnsiYnVja2V0IjoxMjA5NjAwLCJ2ZXJzaW9uIjpudWxsfSwidGZ3X2hvcml6b25fdHdlZXRfZW1iZWRfOTU1NSI6eyJidWNrZXQiOiJodGUiLCJ2ZXJzaW9uIjpudWxsfSwidGZ3X3NwYWNlX2NhcmQiOnsiYnVja2V0Ijoib2ZmIiwidmVyc2lvbiI6bnVsbH19&amp;frame=false&amp;hideCard=false&amp;hideThread=false&amp;id=1470883643321114634&amp;lang=es&amp;origin=https%3A%2F%2Fwww.vtv.gob.ve%2Finaugurada-abierta-xiv-edicion-fitven-la-guaira-2021%2F&amp;sessionId=535992dcfaad3edad7dbb2a3812f6b34ffe69662&amp;siteScreenName=VTVcanal8&amp;theme=light&amp;widgetsVersion=9fd78d5%3A1638479056965&amp;width=550px\"><\/iframe><\/figure>\n\n\n\n<p>Reafirm\u00f3 que en la recuperaci\u00f3n que se est\u00e1 experimentando en el pa\u00eds, Venezuela tiene potencial en su desarrollo que se pierde de vista, y para eso la&nbsp;<em><strong>Agenda Econ\u00f3mica Bolivariana<\/strong><\/em>&nbsp;ha creado los Motores Productivos, entre ellos el de Turismo. \u201cDejo, a nombre del presidente Maduro, instalada oficialmente esta 14 edici\u00f3n de la Fitven. \u00a1Bienvenidos a la tierra m\u00e1gica de Venezuela, que es tambi\u00e9n tierra de ustedes\u201d.<\/p>\n\n\n\n<p>Por su parte, el ministro Padr\u00f3n exalt\u00f3 que el encuentro afianzar\u00e1 las alianzas y promover\u00e1 a Venezuela como una tierra de diversidades y multidestino mientras el gobernador Ter\u00e1n agradeci\u00f3 a los presentes y al Ejecutivo Bolivariano por haber dado la oportunidad a La Guaira de mostrar sus potencialidades tur\u00edsticas y econ\u00f3micas.<\/p>\n\n\n\n<figure><iframe allowfullscreen=\"true\" class=\"\" src=\"https:\/\/platform.twitter.com\/embed\/Tweet.html?creatorScreenName=VTVcanal8&amp;dnt=false&amp;embedId=twitter-widget-1&amp;features=eyJ0ZndfZXhwZXJpbWVudHNfY29va2llX2V4cGlyYXRpb24iOnsiYnVja2V0IjoxMjA5NjAwLCJ2ZXJzaW9uIjpudWxsfSwidGZ3X2hvcml6b25fdHdlZXRfZW1iZWRfOTU1NSI6eyJidWNrZXQiOiJodGUiLCJ2ZXJzaW9uIjpudWxsfSwidGZ3X3NwYWNlX2NhcmQiOnsiYnVja2V0Ijoib2ZmIiwidmVyc2lvbiI6bnVsbH19&amp;frame=false&amp;hideCard=false&amp;hideThread=false&amp;id=1470864794999824388&amp;lang=es&amp;origin=https%3A%2F%2Fwww.vtv.gob.ve%2Finaugurada-abierta-xiv-edicion-fitven-la-guaira-2021%2F&amp;sessionId=535992dcfaad3edad7dbb2a3812f6b34ffe69662&amp;siteScreenName=VTVcanal8&amp;theme=light&amp;widgetsVersion=9fd78d5%3A1638479056965&amp;width=550px\"><\/iframe><\/figure>\n\n\n\n<p><strong>Exposiciones para disfrutar:<\/strong><\/p>\n\n\n\n<p>Tras el corte de la cinta, realizaron un recorrido por los stands del \u00c1rea Nacional, donde exponen empresas como Caf\u00e9 Flor de Venezuela, Hoteles Tibisay, Campamento Canaima, Banco de Venezuela, Bancoex, Ikin Hotel, Emprender Juntos, entre otros.<\/p>\n\n\n\n<p>En el \u00c1rea Internacional, los pa\u00edses invitados de honor son: Cuba, Nicaragua, Sud\u00e1frica, Indonesia, Ir\u00e1n y Rusia. Adem\u00e1s se cuenta con la exposici\u00f3n de Nigeria, Angola, Etiop\u00eda, Guinea Bissau, Mali, Sud\u00e1frica, B\u00e9lice, Curacao, India y Palestina.<\/p>\n\n\n\n<p>Se realizar\u00e1n exposiciones de Gastronom\u00eda, con comida t\u00edpica venezolana, dulcer\u00eda criolla, as\u00ed como de comida internacional; cocteles, cata de caf\u00e9, bebidas refrescantes, Cacao y Ron venezolano. Se ofrecer\u00e1n programas de cocina en vivo, con productos como Brasa, Pez Le\u00f3n, Hidrobiol\u00f3gicos. Presentaciones especiales de comida t\u00edpica de Ir\u00e1n y Nicaragua.<\/p>\n\n\n\n<p>Adem\u00e1s, se ofrecen seminarios y conferencias sobre el presente y futuro del turismo en Venezuela y el mundo.<\/p>\n\n\n\n<p>Aerol\u00edneas, TurOperadores, prestadores de Servicios Tur\u00edsticos y servicios conexos, agencias de viaje mayoristas, completan la participaci\u00f3n.<\/p>\n","protected":false},"excerpt":{"rendered":"<p>Este martes fue inaugurada y abierta al p\u00fablico en el C\u00edrculo Militar de Mamo, la edici\u00f3n &hellip; <a title=\"Inaugurada y abierta al p\u00fablico la XIV edici\u00f3n de Fitven La Guaira 2021\" class=\"hm-read-more\" href=\"https:\/\/www.mpppst.gob.ve\/mpppstweb\/index.php\/2021\/12\/15\/inaugurada-y-abierta-al-publico-la-xiv-edicion-de-fitven-la-guaira-2021\/\"><span class=\"screen-reader-text\">Inaugurada y abierta al p\u00fablico la XIV edici\u00f3n de Fitven La Guaira 2021<\/span>Read more<\/a><\/p>\n","protected":false},"author":25,"featured_media":24142,"comment_status":"closed","ping_status":"closed","sticky":false,"template":"","format":"standard","meta":{"footnotes":""},"categories":[288,82,163],"tags":[],"yoast_head":"<!-- This site is optimized with the Yoast SEO plugin v22.5 - https:\/\/yoast.com\/wordpress\/plugins\/seo\/ -->\n<title>Inaugurada y abierta al p\u00fablico la XIV edici\u00f3n de Fitven La Guaira 2021 - MPPPST<\/title>\n<meta name=\"robots\" content=\"index, follow, max-snippet:-1, max-image-preview:large, max-video-preview:-1\" \/>\n<link rel=\"canonical\" href=\"https:\/\/www.mpppst.gob.ve\/mpppstweb\/index.php\/2021\/12\/15\/inaugurada-y-abierta-al-publico-la-xiv-edicion-de-fitven-la-guaira-2021\/\" \/>\n<meta property=\"og:locale\" content=\"es_ES\" \/>\n<meta property=\"og:type\" content=\"article\" \/>\n<meta property=\"og:title\" content=\"Inaugurada y abierta al p\u00fablico la XIV edici\u00f3n de Fitven La Guaira 2021 - MPPPST\" \/>\n<meta property=\"og:description\" content=\"Este martes fue inaugurada y abierta al p\u00fablico en el C\u00edrculo Militar de Mamo, la edici\u00f3n &hellip; Inaugurada y abierta al p\u00fablico la XIV edici\u00f3n de Fitven La Guaira 2021Read more\" \/>\n<meta property=\"og:url\" content=\"https:\/\/www.mpppst.gob.ve\/mpppstweb\/index.php\/2021\/12\/15\/inaugurada-y-abierta-al-publico-la-xiv-edicion-de-fitven-la-guaira-2021\/\" \/>\n<meta property=\"og:site_name\" content=\"MPPPST\" \/>\n<meta property=\"article:published_time\" content=\"2021-12-15T12:06:18+00:00\" \/>\n<meta property=\"article:modified_time\" content=\"2021-12-15T12:06:21+00:00\" \/>\n<meta property=\"og:image\" content=\"https:\/\/www.mpppst.gob.ve\/mpppstweb\/wp-content\/uploads\/2021\/12\/2021-12-14-768x427-1.png\" \/>\n\t<meta property=\"og:image:width\" content=\"768\" \/>\n\t<meta property=\"og:image:height\" content=\"427\" \/>\n\t<meta property=\"og:image:type\" content=\"image\/png\" \/>\n<meta name=\"author\" content=\"MPPPST Prensa\" \/>\n<meta name=\"twitter:card\" content=\"summary_large_image\" \/>\n<meta name=\"twitter:label1\" content=\"Escrito por\" \/>\n\t<meta name=\"twitter:data1\" content=\"MPPPST Prensa\" \/>\n\t<meta name=\"twitter:label2\" content=\"Tiempo de lectura\" \/>\n\t<meta name=\"twitter:data2\" content=\"3 minutos\" \/>\n<script type=\"application\/ld+json\" class=\"yoast-schema-graph\">{\"@context\":\"https:\/\/schema.org\",\"@graph\":[{\"@type\":\"Article\",\"@id\":\"https:\/\/www.mpppst.gob.ve\/mpppstweb\/index.php\/2021\/12\/15\/inaugurada-y-abierta-al-publico-la-xiv-edicion-de-fitven-la-guaira-2021\/#article\",\"isPartOf\":{\"@id\":\"https:\/\/www.mpppst.gob.ve\/mpppstweb\/index.php\/2021\/12\/15\/inaugurada-y-abierta-al-publico-la-xiv-edicion-de-fitven-la-guaira-2021\/\"},\"author\":{\"name\":\"MPPPST Prensa\",\"@id\":\"https:\/\/www.mpppst.gob.ve\/mpppstweb\/#\/schema\/person\/fc187ee8ead412bd4c9304b62f900ea4\"},\"headline\":\"Inaugurada y abierta al p\u00fablico la XIV edici\u00f3n de Fitven La Guaira 2021\",\"datePublished\":\"2021-12-15T12:06:18+00:00\",\"dateModified\":\"2021-12-15T12:06:21+00:00\",\"mainEntityOfPage\":{\"@id\":\"https:\/\/www.mpppst.gob.ve\/mpppstweb\/index.php\/2021\/12\/15\/inaugurada-y-abierta-al-publico-la-xiv-edicion-de-fitven-la-guaira-2021\/\"},\"wordCount\":565,\"publisher\":{\"@id\":\"https:\/\/www.mpppst.gob.ve\/mpppstweb\/#organization\"},\"image\":{\"@id\":\"https:\/\/www.mpppst.gob.ve\/mpppstweb\/index.php\/2021\/12\/15\/inaugurada-y-abierta-al-publico-la-xiv-edicion-de-fitven-la-guaira-2021\/#primaryimage\"},\"thumbnailUrl\":\"https:\/\/www.mpppst.gob.ve\/mpppstweb\/wp-content\/uploads\/2021\/12\/2021-12-14-768x427-1.png\",\"articleSection\":[\"Econom\u00eda\",\"Gobierno Nacional\",\"Noticias\"],\"inLanguage\":\"es\"},{\"@type\":\"WebPage\",\"@id\":\"https:\/\/www.mpppst.gob.ve\/mpppstweb\/index.php\/2021\/12\/15\/inaugurada-y-abierta-al-publico-la-xiv-edicion-de-fitven-la-guaira-2021\/\",\"url\":\"https:\/\/www.mpppst.gob.ve\/mpppstweb\/index.php\/2021\/12\/15\/inaugurada-y-abierta-al-publico-la-xiv-edicion-de-fitven-la-guaira-2021\/\",\"name\":\"Inaugurada y abierta al p\u00fablico la XIV edici\u00f3n de Fitven La Guaira 2021 - MPPPST\",\"isPartOf\":{\"@id\":\"https:\/\/www.mpppst.gob.ve\/mpppstweb\/#website\"},\"primaryImageOfPage\":{\"@id\":\"https:\/\/www.mpppst.gob.ve\/mpppstweb\/index.php\/2021\/12\/15\/inaugurada-y-abierta-al-publico-la-xiv-edicion-de-fitven-la-guaira-2021\/#primaryimage\"},\"image\":{\"@id\":\"https:\/\/www.mpppst.gob.ve\/mpppstweb\/index.php\/2021\/12\/15\/inaugurada-y-abierta-al-publico-la-xiv-edicion-de-fitven-la-guaira-2021\/#primaryimage\"},\"thumbnailUrl\":\"https:\/\/www.mpppst.gob.ve\/mpppstweb\/wp-content\/uploads\/2021\/12\/2021-12-14-768x427-1.png\",\"datePublished\":\"2021-12-15T12:06:18+00:00\",\"dateModified\":\"2021-12-15T12:06:21+00:00\",\"breadcrumb\":{\"@id\":\"https:\/\/www.mpppst.gob.ve\/mpppstweb\/index.php\/2021\/12\/15\/inaugurada-y-abierta-al-publico-la-xiv-edicion-de-fitven-la-guaira-2021\/#breadcrumb\"},\"inLanguage\":\"es\",\"potentialAction\":[{\"@type\":\"ReadAction\",\"target\":[\"https:\/\/www.mpppst.gob.ve\/mpppstweb\/index.php\/2021\/12\/15\/inaugurada-y-abierta-al-publico-la-xiv-edicion-de-fitven-la-guaira-2021\/\"]}]},{\"@type\":\"ImageObject\",\"inLanguage\":\"es\",\"@id\":\"https:\/\/www.mpppst.gob.ve\/mpppstweb\/index.php\/2021\/12\/15\/inaugurada-y-abierta-al-publico-la-xiv-edicion-de-fitven-la-guaira-2021\/#primaryimage\",\"url\":\"https:\/\/www.mpppst.gob.ve\/mpppstweb\/wp-content\/uploads\/2021\/12\/2021-12-14-768x427-1.png\",\"contentUrl\":\"https:\/\/www.mpppst.gob.ve\/mpppstweb\/wp-content\/uploads\/2021\/12\/2021-12-14-768x427-1.png\",\"width\":768,\"height\":427},{\"@type\":\"BreadcrumbList\",\"@id\":\"https:\/\/www.mpppst.gob.ve\/mpppstweb\/index.php\/2021\/12\/15\/inaugurada-y-abierta-al-publico-la-xiv-edicion-de-fitven-la-guaira-2021\/#breadcrumb\",\"itemListElement\":[{\"@type\":\"ListItem\",\"position\":1,\"name\":\"Home\",\"item\":\"https:\/\/www.mpppst.gob.ve\/mpppstweb\/\"},{\"@type\":\"ListItem\",\"position\":2,\"name\":\"Inaugurada y abierta al p\u00fablico la XIV edici\u00f3n de Fitven La Guaira 2021\"}]},{\"@type\":\"WebSite\",\"@id\":\"https:\/\/www.mpppst.gob.ve\/mpppstweb\/#website\",\"url\":\"https:\/\/www.mpppst.gob.ve\/mpppstweb\/\",\"name\":\"MPPPST\",\"description\":\"Ministerio del Poder Popular para el Proceso Social de Trabajo\",\"publisher\":{\"@id\":\"https:\/\/www.mpppst.gob.ve\/mpppstweb\/#organization\"},\"potentialAction\":[{\"@type\":\"SearchAction\",\"target\":{\"@type\":\"EntryPoint\",\"urlTemplate\":\"https:\/\/www.mpppst.gob.ve\/mpppstweb\/?s={search_term_string}\"},\"query-input\":\"required name=search_term_string\"}],\"inLanguage\":\"es\"},{\"@type\":\"Organization\",\"@id\":\"https:\/\/www.mpppst.gob.ve\/mpppstweb\/#organization\",\"name\":\"mpppst\",\"url\":\"https:\/\/www.mpppst.gob.ve\/mpppstweb\/\",\"logo\":{\"@type\":\"ImageObject\",\"inLanguage\":\"es\",\"@id\":\"https:\/\/www.mpppst.gob.ve\/mpppstweb\/#\/schema\/logo\/image\/\",\"url\":\"https:\/\/www.mpppst.gob.ve\/mpppstweb\/wp-content\/uploads\/2025\/07\/cropped-cropped-g910.png\",\"contentUrl\":\"https:\/\/www.mpppst.gob.ve\/mpppstweb\/wp-content\/uploads\/2025\/07\/cropped-cropped-g910.png\",\"width\":1080,\"height\":241,\"caption\":\"mpppst\"},\"image\":{\"@id\":\"https:\/\/www.mpppst.gob.ve\/mpppstweb\/#\/schema\/logo\/image\/\"}},{\"@type\":\"Person\",\"@id\":\"https:\/\/www.mpppst.gob.ve\/mpppstweb\/#\/schema\/person\/fc187ee8ead412bd4c9304b62f900ea4\",\"name\":\"MPPPST Prensa\",\"url\":\"https:\/\/www.mpppst.gob.ve\/mpppstweb\/index.php\/author\/prensa-mpppst\/\"}]}<\/script>\n<!-- \/ Yoast SEO plugin. -->","yoast_head_json":{"title":"Inaugurada y abierta al p\u00fablico la XIV edici\u00f3n de Fitven La Guaira 2021 - MPPPST","robots":{"index":"index","follow":"follow","max-snippet":"max-snippet:-1","max-image-preview":"max-image-preview:large","max-video-preview":"max-video-preview:-1"},"canonical":"https:\/\/www.mpppst.gob.ve\/mpppstweb\/index.php\/2021\/12\/15\/inaugurada-y-abierta-al-publico-la-xiv-edicion-de-fitven-la-guaira-2021\/","og_locale":"es_ES","og_type":"article","og_title":"Inaugurada y abierta al p\u00fablico la XIV edici\u00f3n de Fitven La Guaira 2021 - MPPPST","og_description":"Este martes fue inaugurada y abierta al p\u00fablico en el C\u00edrculo Militar de Mamo, la edici\u00f3n &hellip; Inaugurada y abierta al p\u00fablico la XIV edici\u00f3n de Fitven La Guaira 2021Read more","og_url":"https:\/\/www.mpppst.gob.ve\/mpppstweb\/index.php\/2021\/12\/15\/inaugurada-y-abierta-al-publico-la-xiv-edicion-de-fitven-la-guaira-2021\/","og_site_name":"MPPPST","article_published_time":"2021-12-15T12:06:18+00:00","article_modified_time":"2021-12-15T12:06:21+00:00","og_image":[{"width":768,"height":427,"url":"https:\/\/www.mpppst.gob.ve\/mpppstweb\/wp-content\/uploads\/2021\/12\/2021-12-14-768x427-1.png","type":"image\/png"}],"author":"MPPPST Prensa","twitter_card":"summary_large_image","twitter_misc":{"Escrito por":"MPPPST Prensa","Tiempo de lectura":"3 minutos"},"schema":{"@context":"https:\/\/schema.org","@graph":[{"@type":"Article","@id":"https:\/\/www.mpppst.gob.ve\/mpppstweb\/index.php\/2021\/12\/15\/inaugurada-y-abierta-al-publico-la-xiv-edicion-de-fitven-la-guaira-2021\/#article","isPartOf":{"@id":"https:\/\/www.mpppst.gob.ve\/mpppstweb\/index.php\/2021\/12\/15\/inaugurada-y-abierta-al-publico-la-xiv-edicion-de-fitven-la-guaira-2021\/"},"author":{"name":"MPPPST Prensa","@id":"https:\/\/www.mpppst.gob.ve\/mpppstweb\/#\/schema\/person\/fc187ee8ead412bd4c9304b62f900ea4"},"headline":"Inaugurada y abierta al p\u00fablico la XIV edici\u00f3n de Fitven La Guaira 2021","datePublished":"2021-12-15T12:06:18+00:00","dateModified":"2021-12-15T12:06:21+00:00","mainEntityOfPage":{"@id":"https:\/\/www.mpppst.gob.ve\/mpppstweb\/index.php\/2021\/12\/15\/inaugurada-y-abierta-al-publico-la-xiv-edicion-de-fitven-la-guaira-2021\/"},"wordCount":565,"publisher":{"@id":"https:\/\/www.mpppst.gob.ve\/mpppstweb\/#organization"},"image":{"@id":"https:\/\/www.mpppst.gob.ve\/mpppstweb\/index.php\/2021\/12\/15\/inaugurada-y-abierta-al-publico-la-xiv-edicion-de-fitven-la-guaira-2021\/#primaryimage"},"thumbnailUrl":"https:\/\/www.mpppst.gob.ve\/mpppstweb\/wp-content\/uploads\/2021\/12\/2021-12-14-768x427-1.png","articleSection":["Econom\u00eda","Gobierno Nacional","Noticias"],"inLanguage":"es"},{"@type":"WebPage","@id":"https:\/\/www.mpppst.gob.ve\/mpppstweb\/index.php\/2021\/12\/15\/inaugurada-y-abierta-al-publico-la-xiv-edicion-de-fitven-la-guaira-2021\/","url":"https:\/\/www.mpppst.gob.ve\/mpppstweb\/index.php\/2021\/12\/15\/inaugurada-y-abierta-al-publico-la-xiv-edicion-de-fitven-la-guaira-2021\/","name":"Inaugurada y abierta al p\u00fablico la XIV edici\u00f3n de Fitven La Guaira 2021 - MPPPST","isPartOf":{"@id":"https:\/\/www.mpppst.gob.ve\/mpppstweb\/#website"},"primaryImageOfPage":{"@id":"https:\/\/www.mpppst.gob.ve\/mpppstweb\/index.php\/2021\/12\/15\/inaugurada-y-abierta-al-publico-la-xiv-edicion-de-fitven-la-guaira-2021\/#primaryimage"},"image":{"@id":"https:\/\/www.mpppst.gob.ve\/mpppstweb\/index.php\/2021\/12\/15\/inaugurada-y-abierta-al-publico-la-xiv-edicion-de-fitven-la-guaira-2021\/#primaryimage"},"thumbnailUrl":"https:\/\/www.mpppst.gob.ve\/mpppstweb\/wp-content\/uploads\/2021\/12\/2021-12-14-768x427-1.png","datePublished":"2021-12-15T12:06:18+00:00","dateModified":"2021-12-15T12:06:21+00:00","breadcrumb":{"@id":"https:\/\/www.mpppst.gob.ve\/mpppstweb\/index.php\/2021\/12\/15\/inaugurada-y-abierta-al-publico-la-xiv-edicion-de-fitven-la-guaira-2021\/#breadcrumb"},"inLanguage":"es","potentialAction":[{"@type":"ReadAction","target":["https:\/\/www.mpppst.gob.ve\/mpppstweb\/index.php\/2021\/12\/15\/inaugurada-y-abierta-al-publico-la-xiv-edicion-de-fitven-la-guaira-2021\/"]}]},{"@type":"ImageObject","inLanguage":"es","@id":"https:\/\/www.mpppst.gob.ve\/mpppstweb\/index.php\/2021\/12\/15\/inaugurada-y-abierta-al-publico-la-xiv-edicion-de-fitven-la-guaira-2021\/#primaryimage","url":"https:\/\/www.mpppst.gob.ve\/mpppstweb\/wp-content\/uploads\/2021\/12\/2021-12-14-768x427-1.png","contentUrl":"https:\/\/www.mpppst.gob.ve\/mpppstweb\/wp-content\/uploads\/2021\/12\/2021-12-14-768x427-1.png","width":768,"height":427},{"@type":"BreadcrumbList","@id":"https:\/\/www.mpppst.gob.ve\/mpppstweb\/index.php\/2021\/12\/15\/inaugurada-y-abierta-al-publico-la-xiv-edicion-de-fitven-la-guaira-2021\/#breadcrumb","itemListElement":[{"@type":"ListItem","position":1,"name":"Home","item":"https:\/\/www.mpppst.gob.ve\/mpppstweb\/"},{"@type":"ListItem","position":2,"name":"Inaugurada y abierta al p\u00fablico la XIV edici\u00f3n de Fitven La Guaira 2021"}]},{"@type":"WebSite","@id":"https:\/\/www.mpppst.gob.ve\/mpppstweb\/#website","url":"https:\/\/www.mpppst.gob.ve\/mpppstweb\/","name":"MPPPST","description":"Ministerio del Poder Popular para el Proceso Social de Trabajo","publisher":{"@id":"https:\/\/www.mpppst.gob.ve\/mpppstweb\/#organization"},"potentialAction":[{"@type":"SearchAction","target":{"@type":"EntryPoint","urlTemplate":"https:\/\/www.mpppst.gob.ve\/mpppstweb\/?s={search_term_string}"},"query-input":"required name=search_term_string"}],"inLanguage":"es"},{"@type":"Organization","@id":"https:\/\/www.mpppst.gob.ve\/mpppstweb\/#organization","name":"mpppst","url":"https:\/\/www.mpppst.gob.ve\/mpppstweb\/","logo":{"@type":"ImageObject","inLanguage":"es","@id":"https:\/\/www.mpppst.gob.ve\/mpppstweb\/#\/schema\/logo\/image\/","url":"https:\/\/www.mpppst.gob.ve\/mpppstweb\/wp-content\/uploads\/2025\/07\/cropped-cropped-g910.png","contentUrl":"https:\/\/www.mpppst.gob.ve\/mpppstweb\/wp-content\/uploads\/2025\/07\/cropped-cropped-g910.png","width":1080,"height":241,"caption":"mpppst"},"image":{"@id":"https:\/\/www.mpppst.gob.ve\/mpppstweb\/#\/schema\/logo\/image\/"}},{"@type":"Person","@id":"https:\/\/www.mpppst.gob.ve\/mpppstweb\/#\/schema\/person\/fc187ee8ead412bd4c9304b62f900ea4","name":"MPPPST Prensa","url":"https:\/\/www.mpppst.gob.ve\/mpppstweb\/index.php\/author\/prensa-mpppst\/"}]}},"_links":{"self":[{"href":"https:\/\/www.mpppst.gob.ve\/mpppstweb\/index.php\/wp-json\/wp\/v2\/posts\/24141"}],"collection":[{"href":"https:\/\/www.mpppst.gob.ve\/mpppstweb\/index.php\/wp-json\/wp\/v2\/posts"}],"about":[{"href":"https:\/\/www.mpppst.gob.ve\/mpppstweb\/index.php\/wp-json\/wp\/v2\/types\/post"}],"author":[{"embeddable":true,"href":"https:\/\/www.mpppst.gob.ve\/mpppstweb\/index.php\/wp-json\/wp\/v2\/users\/25"}],"replies":[{"embeddable":true,"href":"https:\/\/www.mpppst.gob.ve\/mpppstweb\/index.php\/wp-json\/wp\/v2\/comments?post=24141"}],"version-history":[{"count":1,"href":"https:\/\/www.mpppst.gob.ve\/mpppstweb\/index.php\/wp-json\/wp\/v2\/posts\/24141\/revisions"}],"predecessor-version":[{"id":24143,"href":"https:\/\/www.mpppst.gob.ve\/mpppstweb\/index.php\/wp-json\/wp\/v2\/posts\/24141\/revisions\/24143"}],"wp:featuredmedia":[{"embeddable":true,"href":"https:\/\/www.mpppst.gob.ve\/mpppstweb\/index.php\/wp-json\/wp\/v2\/media\/24142"}],"wp:attachment":[{"href":"https:\/\/www.mpppst.gob.ve\/mpppstweb\/index.php\/wp-json\/wp\/v2\/media?parent=24141"}],"wp:term":[{"taxonomy":"category","embeddable":true,"href":"https:\/\/www.mpppst.gob.ve\/mpppstweb\/index.php\/wp-json\/wp\/v2\/categories?post=24141"},{"taxonomy":"post_tag","embeddable":true,"href":"https:\/\/www.mpppst.gob.ve\/mpppstweb\/index.php\/wp-json\/wp\/v2\/tags?post=24141"}],"curies":[{"name":"wp","href":"https:\/\/api.w.org\/{rel}","templated":true}]}}