{"id":24144,"date":"2021-12-15T08:12:32","date_gmt":"2021-12-15T12:12:32","guid":{"rendered":"http:\/\/www.mpppst.gob.ve\/mpppstweb\/?p=24144"},"modified":"2021-12-15T08:12:33","modified_gmt":"2021-12-15T12:12:33","slug":"venezuela-celebra-la-inscripcion-del-ciclo-festivo-de-san-juan-como-patrimonio-cultural-inmaterial-de-la-humanidad","status":"publish","type":"post","link":"https:\/\/www.mpppst.gob.ve\/mpppstweb\/index.php\/2021\/12\/15\/venezuela-celebra-la-inscripcion-del-ciclo-festivo-de-san-juan-como-patrimonio-cultural-inmaterial-de-la-humanidad\/","title":{"rendered":"Venezuela celebra la inscripci\u00f3n del ciclo Festivo de San Juan como Patrimonio Cultural Inmaterial de la Humanidad"},"content":{"rendered":"\n<p>La Rep\u00fablica Bolivariana de Venezuela inscribi\u00f3 este martes al ciclo festivo alrededor de la veneraci\u00f3n y culto de San Juan Bautista en la lista del Patrimonio Cultural Inmaterial de la Humanidad ante la Organizaci\u00f3n de las Naciones Unidas para la Educaci\u00f3n, la Ciencia y la Cultura (Unesco). &nbsp;<\/p>\n\n\n\n<figure><iframe allowfullscreen=\"true\" class=\"\" src=\"https:\/\/platform.twitter.com\/embed\/Tweet.html?creatorScreenName=VTVcanal8&amp;dnt=false&amp;embedId=twitter-widget-0&amp;features=eyJ0ZndfZXhwZXJpbWVudHNfY29va2llX2V4cGlyYXRpb24iOnsiYnVja2V0IjoxMjA5NjAwLCJ2ZXJzaW9uIjpudWxsfSwidGZ3X2hvcml6b25fdHdlZXRfZW1iZWRfOTU1NSI6eyJidWNrZXQiOiJodGUiLCJ2ZXJzaW9uIjpudWxsfSwidGZ3X3NwYWNlX2NhcmQiOnsiYnVja2V0Ijoib2ZmIiwidmVyc2lvbiI6bnVsbH19&amp;frame=false&amp;hideCard=false&amp;hideThread=false&amp;id=1470786324961669128&amp;lang=es&amp;origin=https%3A%2F%2Fwww.vtv.gob.ve%2Fvenezuela-celebra-inscripcion-ciclofestivo-sanjuan-patrimonio-unesco%2F&amp;sessionId=fcb641c15957c17353a7065632cd5548b1026a67&amp;siteScreenName=VTVcanal8&amp;theme=light&amp;widgetsVersion=9fd78d5%3A1638479056965&amp;width=550px\"><\/iframe><\/figure>\n\n\n\n<p>Sanjuaneros, junto al ministro del Poder Popular para la Cultura, Ernesto Villegas, entre otras autoridades, esperaron en el Centro Cultural Aquiles Nazoa, en La Carlota, en Caracas, la decisi\u00f3n en torno a la declaratoria este martes, as\u00ed como en varios estados del pa\u00eds.<\/p>\n\n\n\n<p>Esta es una fiesta religiosa cultural, que se celebran cada 24 de junio en los pueblos de Curiepe y Mamporal, en el eje de Barlovento, as\u00ed como en los Valles del Tuy, Guarenas y Guatire, en el estado Miranda, entre otras entidades de Venezuela. Se caracteriza con cantos de malembe y lamento, acompa\u00f1ados con coloridos desfiles, encabezados por la figura del santo.<\/p>\n\n\n\n<p>El proceso de postulaci\u00f3n para que sea declarado como Patrimonio Cultural Inmaterial de la Humanidad comenz\u00f3 en 2017, cuando historiadores, cultores y expertos de dicha tradici\u00f3n dieron inicio a una exhaustiva investigaci\u00f3n para elaborar un expediente.<\/p>\n\n\n\n<p>Por ello, m\u00e1s de 50 comunidades y cofrad\u00edas de los estados Aragua, Miranda, Carabobo, La Guaira, Yaracuy, as\u00ed como del Distrito Capital, en coordinaci\u00f3n con expertos del Centro de Diversidad Cultural participaron en la elaboraci\u00f3n del documento que se entreg\u00f3 de manera formal en 2020 para su correspondiente evaluaci\u00f3n.<\/p>\n\n\n\n<p>Venezuela ha cumplido de manera oportuna con todos los informes peri\u00f3dicos que reflejan su apego a la Convenci\u00f3n de Salvaguardia del Patrimonio Cultural Inmaterial. Este expediente elaborado con el consentimiento previo libre e informado de las comunidades es el octavo que ingresa a las listas.<\/p>\n\n\n\n<p>El presidente de la Rep\u00fablica, Nicol\u00e1s Maduro, adem\u00e1s, ha refrendado este mismo a\u00f1o la Ley para la Salvaguardia del Patrimonio Cultural Inmaterial, que refuerza el marco jur\u00eddico y compromiso del Estado con el patrimonio vivo, y el respeto por la diversidad cultural<\/p>\n","protected":false},"excerpt":{"rendered":"<p>La Rep\u00fablica Bolivariana de Venezuela inscribi\u00f3 este martes al ciclo festivo alrededor de la veneraci\u00f3n y &hellip; <a title=\"Venezuela celebra la inscripci\u00f3n del ciclo Festivo de San Juan como Patrimonio Cultural Inmaterial de la Humanidad\" class=\"hm-read-more\" href=\"https:\/\/www.mpppst.gob.ve\/mpppstweb\/index.php\/2021\/12\/15\/venezuela-celebra-la-inscripcion-del-ciclo-festivo-de-san-juan-como-patrimonio-cultural-inmaterial-de-la-humanidad\/\"><span class=\"screen-reader-text\">Venezuela celebra la inscripci\u00f3n del ciclo Festivo de San Juan como Patrimonio Cultural Inmaterial de la Humanidad<\/span>Read more<\/a><\/p>\n","protected":false},"author":25,"featured_media":24145,"comment_status":"closed","ping_status":"closed","sticky":false,"template":"","format":"standard","meta":{"footnotes":""},"categories":[163],"tags":[],"yoast_head":"<!-- This site is optimized with the Yoast SEO plugin v22.5 - https:\/\/yoast.com\/wordpress\/plugins\/seo\/ -->\n<title>Venezuela celebra la inscripci\u00f3n del ciclo Festivo de San Juan como Patrimonio Cultural Inmaterial de la Humanidad - MPPPST<\/title>\n<meta name=\"robots\" content=\"index, follow, max-snippet:-1, max-image-preview:large, max-video-preview:-1\" \/>\n<link rel=\"canonical\" href=\"https:\/\/www.mpppst.gob.ve\/mpppstweb\/index.php\/2021\/12\/15\/venezuela-celebra-la-inscripcion-del-ciclo-festivo-de-san-juan-como-patrimonio-cultural-inmaterial-de-la-humanidad\/\" \/>\n<meta property=\"og:locale\" content=\"es_ES\" \/>\n<meta property=\"og:type\" content=\"article\" \/>\n<meta property=\"og:title\" content=\"Venezuela celebra la inscripci\u00f3n del ciclo Festivo de San Juan como Patrimonio Cultural Inmaterial de la Humanidad - MPPPST\" \/>\n<meta property=\"og:description\" content=\"La Rep\u00fablica Bolivariana de Venezuela inscribi\u00f3 este martes al ciclo festivo alrededor de la veneraci\u00f3n y &hellip; Venezuela celebra la inscripci\u00f3n del ciclo Festivo de San Juan como Patrimonio Cultural Inmaterial de la HumanidadRead more\" \/>\n<meta property=\"og:url\" content=\"https:\/\/www.mpppst.gob.ve\/mpppstweb\/index.php\/2021\/12\/15\/venezuela-celebra-la-inscripcion-del-ciclo-festivo-de-san-juan-como-patrimonio-cultural-inmaterial-de-la-humanidad\/\" \/>\n<meta property=\"og:site_name\" content=\"MPPPST\" \/>\n<meta property=\"article:published_time\" content=\"2021-12-15T12:12:32+00:00\" \/>\n<meta property=\"article:modified_time\" content=\"2021-12-15T12:12:33+00:00\" \/>\n<meta property=\"og:image\" content=\"https:\/\/www.mpppst.gob.ve\/mpppstweb\/wp-content\/uploads\/2021\/12\/FGkdYQtXoAsglEL-768x427-1.jpg\" \/>\n\t<meta property=\"og:image:width\" content=\"768\" \/>\n\t<meta property=\"og:image:height\" content=\"427\" \/>\n\t<meta property=\"og:image:type\" content=\"image\/jpeg\" \/>\n<meta name=\"author\" content=\"MPPPST Prensa\" \/>\n<meta name=\"twitter:card\" content=\"summary_large_image\" \/>\n<meta name=\"twitter:label1\" content=\"Escrito por\" \/>\n\t<meta name=\"twitter:data1\" content=\"MPPPST Prensa\" \/>\n\t<meta name=\"twitter:label2\" content=\"Tiempo de lectura\" \/>\n\t<meta name=\"twitter:data2\" content=\"2 minutos\" \/>\n<script type=\"application\/ld+json\" class=\"yoast-schema-graph\">{\"@context\":\"https:\/\/schema.org\",\"@graph\":[{\"@type\":\"Article\",\"@id\":\"https:\/\/www.mpppst.gob.ve\/mpppstweb\/index.php\/2021\/12\/15\/venezuela-celebra-la-inscripcion-del-ciclo-festivo-de-san-juan-como-patrimonio-cultural-inmaterial-de-la-humanidad\/#article\",\"isPartOf\":{\"@id\":\"https:\/\/www.mpppst.gob.ve\/mpppstweb\/index.php\/2021\/12\/15\/venezuela-celebra-la-inscripcion-del-ciclo-festivo-de-san-juan-como-patrimonio-cultural-inmaterial-de-la-humanidad\/\"},\"author\":{\"name\":\"MPPPST Prensa\",\"@id\":\"https:\/\/www.mpppst.gob.ve\/mpppstweb\/#\/schema\/person\/fc187ee8ead412bd4c9304b62f900ea4\"},\"headline\":\"Venezuela celebra la inscripci\u00f3n del ciclo Festivo de San Juan como Patrimonio Cultural Inmaterial de la Humanidad\",\"datePublished\":\"2021-12-15T12:12:32+00:00\",\"dateModified\":\"2021-12-15T12:12:33+00:00\",\"mainEntityOfPage\":{\"@id\":\"https:\/\/www.mpppst.gob.ve\/mpppstweb\/index.php\/2021\/12\/15\/venezuela-celebra-la-inscripcion-del-ciclo-festivo-de-san-juan-como-patrimonio-cultural-inmaterial-de-la-humanidad\/\"},\"wordCount\":361,\"publisher\":{\"@id\":\"https:\/\/www.mpppst.gob.ve\/mpppstweb\/#organization\"},\"image\":{\"@id\":\"https:\/\/www.mpppst.gob.ve\/mpppstweb\/index.php\/2021\/12\/15\/venezuela-celebra-la-inscripcion-del-ciclo-festivo-de-san-juan-como-patrimonio-cultural-inmaterial-de-la-humanidad\/#primaryimage\"},\"thumbnailUrl\":\"https:\/\/www.mpppst.gob.ve\/mpppstweb\/wp-content\/uploads\/2021\/12\/FGkdYQtXoAsglEL-768x427-1.jpg\",\"articleSection\":[\"Noticias\"],\"inLanguage\":\"es\"},{\"@type\":\"WebPage\",\"@id\":\"https:\/\/www.mpppst.gob.ve\/mpppstweb\/index.php\/2021\/12\/15\/venezuela-celebra-la-inscripcion-del-ciclo-festivo-de-san-juan-como-patrimonio-cultural-inmaterial-de-la-humanidad\/\",\"url\":\"https:\/\/www.mpppst.gob.ve\/mpppstweb\/index.php\/2021\/12\/15\/venezuela-celebra-la-inscripcion-del-ciclo-festivo-de-san-juan-como-patrimonio-cultural-inmaterial-de-la-humanidad\/\",\"name\":\"Venezuela celebra la inscripci\u00f3n del ciclo Festivo de San Juan como Patrimonio Cultural Inmaterial de la Humanidad - MPPPST\",\"isPartOf\":{\"@id\":\"https:\/\/www.mpppst.gob.ve\/mpppstweb\/#website\"},\"primaryImageOfPage\":{\"@id\":\"https:\/\/www.mpppst.gob.ve\/mpppstweb\/index.php\/2021\/12\/15\/venezuela-celebra-la-inscripcion-del-ciclo-festivo-de-san-juan-como-patrimonio-cultural-inmaterial-de-la-humanidad\/#primaryimage\"},\"image\":{\"@id\":\"https:\/\/www.mpppst.gob.ve\/mpppstweb\/index.php\/2021\/12\/15\/venezuela-celebra-la-inscripcion-del-ciclo-festivo-de-san-juan-como-patrimonio-cultural-inmaterial-de-la-humanidad\/#primaryimage\"},\"thumbnailUrl\":\"https:\/\/www.mpppst.gob.ve\/mpppstweb\/wp-content\/uploads\/2021\/12\/FGkdYQtXoAsglEL-768x427-1.jpg\",\"datePublished\":\"2021-12-15T12:12:32+00:00\",\"dateModified\":\"2021-12-15T12:12:33+00:00\",\"breadcrumb\":{\"@id\":\"https:\/\/www.mpppst.gob.ve\/mpppstweb\/index.php\/2021\/12\/15\/venezuela-celebra-la-inscripcion-del-ciclo-festivo-de-san-juan-como-patrimonio-cultural-inmaterial-de-la-humanidad\/#breadcrumb\"},\"inLanguage\":\"es\",\"potentialAction\":[{\"@type\":\"ReadAction\",\"target\":[\"https:\/\/www.mpppst.gob.ve\/mpppstweb\/index.php\/2021\/12\/15\/venezuela-celebra-la-inscripcion-del-ciclo-festivo-de-san-juan-como-patrimonio-cultural-inmaterial-de-la-humanidad\/\"]}]},{\"@type\":\"ImageObject\",\"inLanguage\":\"es\",\"@id\":\"https:\/\/www.mpppst.gob.ve\/mpppstweb\/index.php\/2021\/12\/15\/venezuela-celebra-la-inscripcion-del-ciclo-festivo-de-san-juan-como-patrimonio-cultural-inmaterial-de-la-humanidad\/#primaryimage\",\"url\":\"https:\/\/www.mpppst.gob.ve\/mpppstweb\/wp-content\/uploads\/2021\/12\/FGkdYQtXoAsglEL-768x427-1.jpg\",\"contentUrl\":\"https:\/\/www.mpppst.gob.ve\/mpppstweb\/wp-content\/uploads\/2021\/12\/FGkdYQtXoAsglEL-768x427-1.jpg\",\"width\":768,\"height\":427},{\"@type\":\"BreadcrumbList\",\"@id\":\"https:\/\/www.mpppst.gob.ve\/mpppstweb\/index.php\/2021\/12\/15\/venezuela-celebra-la-inscripcion-del-ciclo-festivo-de-san-juan-como-patrimonio-cultural-inmaterial-de-la-humanidad\/#breadcrumb\",\"itemListElement\":[{\"@type\":\"ListItem\",\"position\":1,\"name\":\"Home\",\"item\":\"https:\/\/www.mpppst.gob.ve\/mpppstweb\/\"},{\"@type\":\"ListItem\",\"position\":2,\"name\":\"Venezuela celebra la inscripci\u00f3n del ciclo Festivo de San Juan como Patrimonio Cultural Inmaterial de la Humanidad\"}]},{\"@type\":\"WebSite\",\"@id\":\"https:\/\/www.mpppst.gob.ve\/mpppstweb\/#website\",\"url\":\"https:\/\/www.mpppst.gob.ve\/mpppstweb\/\",\"name\":\"MPPPST\",\"description\":\"Ministerio del Poder Popular para el Proceso Social de Trabajo\",\"publisher\":{\"@id\":\"https:\/\/www.mpppst.gob.ve\/mpppstweb\/#organization\"},\"potentialAction\":[{\"@type\":\"SearchAction\",\"target\":{\"@type\":\"EntryPoint\",\"urlTemplate\":\"https:\/\/www.mpppst.gob.ve\/mpppstweb\/?s={search_term_string}\"},\"query-input\":\"required name=search_term_string\"}],\"inLanguage\":\"es\"},{\"@type\":\"Organization\",\"@id\":\"https:\/\/www.mpppst.gob.ve\/mpppstweb\/#organization\",\"name\":\"mpppst\",\"url\":\"https:\/\/www.mpppst.gob.ve\/mpppstweb\/\",\"logo\":{\"@type\":\"ImageObject\",\"inLanguage\":\"es\",\"@id\":\"https:\/\/www.mpppst.gob.ve\/mpppstweb\/#\/schema\/logo\/image\/\",\"url\":\"https:\/\/www.mpppst.gob.ve\/mpppstweb\/wp-content\/uploads\/2025\/07\/cropped-cropped-g910.png\",\"contentUrl\":\"https:\/\/www.mpppst.gob.ve\/mpppstweb\/wp-content\/uploads\/2025\/07\/cropped-cropped-g910.png\",\"width\":1080,\"height\":241,\"caption\":\"mpppst\"},\"image\":{\"@id\":\"https:\/\/www.mpppst.gob.ve\/mpppstweb\/#\/schema\/logo\/image\/\"}},{\"@type\":\"Person\",\"@id\":\"https:\/\/www.mpppst.gob.ve\/mpppstweb\/#\/schema\/person\/fc187ee8ead412bd4c9304b62f900ea4\",\"name\":\"MPPPST Prensa\",\"url\":\"https:\/\/www.mpppst.gob.ve\/mpppstweb\/index.php\/author\/prensa-mpppst\/\"}]}<\/script>\n<!-- \/ Yoast SEO plugin. -->","yoast_head_json":{"title":"Venezuela celebra la inscripci\u00f3n del ciclo Festivo de San Juan como Patrimonio Cultural Inmaterial de la Humanidad - MPPPST","robots":{"index":"index","follow":"follow","max-snippet":"max-snippet:-1","max-image-preview":"max-image-preview:large","max-video-preview":"max-video-preview:-1"},"canonical":"https:\/\/www.mpppst.gob.ve\/mpppstweb\/index.php\/2021\/12\/15\/venezuela-celebra-la-inscripcion-del-ciclo-festivo-de-san-juan-como-patrimonio-cultural-inmaterial-de-la-humanidad\/","og_locale":"es_ES","og_type":"article","og_title":"Venezuela celebra la inscripci\u00f3n del ciclo Festivo de San Juan como Patrimonio Cultural Inmaterial de la Humanidad - MPPPST","og_description":"La Rep\u00fablica Bolivariana de Venezuela inscribi\u00f3 este martes al ciclo festivo alrededor de la veneraci\u00f3n y &hellip; Venezuela celebra la inscripci\u00f3n del ciclo Festivo de San Juan como Patrimonio Cultural Inmaterial de la HumanidadRead more","og_url":"https:\/\/www.mpppst.gob.ve\/mpppstweb\/index.php\/2021\/12\/15\/venezuela-celebra-la-inscripcion-del-ciclo-festivo-de-san-juan-como-patrimonio-cultural-inmaterial-de-la-humanidad\/","og_site_name":"MPPPST","article_published_time":"2021-12-15T12:12:32+00:00","article_modified_time":"2021-12-15T12:12:33+00:00","og_image":[{"width":768,"height":427,"url":"https:\/\/www.mpppst.gob.ve\/mpppstweb\/wp-content\/uploads\/2021\/12\/FGkdYQtXoAsglEL-768x427-1.jpg","type":"image\/jpeg"}],"author":"MPPPST Prensa","twitter_card":"summary_large_image","twitter_misc":{"Escrito por":"MPPPST Prensa","Tiempo de lectura":"2 minutos"},"schema":{"@context":"https:\/\/schema.org","@graph":[{"@type":"Article","@id":"https:\/\/www.mpppst.gob.ve\/mpppstweb\/index.php\/2021\/12\/15\/venezuela-celebra-la-inscripcion-del-ciclo-festivo-de-san-juan-como-patrimonio-cultural-inmaterial-de-la-humanidad\/#article","isPartOf":{"@id":"https:\/\/www.mpppst.gob.ve\/mpppstweb\/index.php\/2021\/12\/15\/venezuela-celebra-la-inscripcion-del-ciclo-festivo-de-san-juan-como-patrimonio-cultural-inmaterial-de-la-humanidad\/"},"author":{"name":"MPPPST Prensa","@id":"https:\/\/www.mpppst.gob.ve\/mpppstweb\/#\/schema\/person\/fc187ee8ead412bd4c9304b62f900ea4"},"headline":"Venezuela celebra la inscripci\u00f3n del ciclo Festivo de San Juan como Patrimonio Cultural Inmaterial de la Humanidad","datePublished":"2021-12-15T12:12:32+00:00","dateModified":"2021-12-15T12:12:33+00:00","mainEntityOfPage":{"@id":"https:\/\/www.mpppst.gob.ve\/mpppstweb\/index.php\/2021\/12\/15\/venezuela-celebra-la-inscripcion-del-ciclo-festivo-de-san-juan-como-patrimonio-cultural-inmaterial-de-la-humanidad\/"},"wordCount":361,"publisher":{"@id":"https:\/\/www.mpppst.gob.ve\/mpppstweb\/#organization"},"image":{"@id":"https:\/\/www.mpppst.gob.ve\/mpppstweb\/index.php\/2021\/12\/15\/venezuela-celebra-la-inscripcion-del-ciclo-festivo-de-san-juan-como-patrimonio-cultural-inmaterial-de-la-humanidad\/#primaryimage"},"thumbnailUrl":"https:\/\/www.mpppst.gob.ve\/mpppstweb\/wp-content\/uploads\/2021\/12\/FGkdYQtXoAsglEL-768x427-1.jpg","articleSection":["Noticias"],"inLanguage":"es"},{"@type":"WebPage","@id":"https:\/\/www.mpppst.gob.ve\/mpppstweb\/index.php\/2021\/12\/15\/venezuela-celebra-la-inscripcion-del-ciclo-festivo-de-san-juan-como-patrimonio-cultural-inmaterial-de-la-humanidad\/","url":"https:\/\/www.mpppst.gob.ve\/mpppstweb\/index.php\/2021\/12\/15\/venezuela-celebra-la-inscripcion-del-ciclo-festivo-de-san-juan-como-patrimonio-cultural-inmaterial-de-la-humanidad\/","name":"Venezuela celebra la inscripci\u00f3n del ciclo Festivo de San Juan como Patrimonio Cultural Inmaterial de la Humanidad - MPPPST","isPartOf":{"@id":"https:\/\/www.mpppst.gob.ve\/mpppstweb\/#website"},"primaryImageOfPage":{"@id":"https:\/\/www.mpppst.gob.ve\/mpppstweb\/index.php\/2021\/12\/15\/venezuela-celebra-la-inscripcion-del-ciclo-festivo-de-san-juan-como-patrimonio-cultural-inmaterial-de-la-humanidad\/#primaryimage"},"image":{"@id":"https:\/\/www.mpppst.gob.ve\/mpppstweb\/index.php\/2021\/12\/15\/venezuela-celebra-la-inscripcion-del-ciclo-festivo-de-san-juan-como-patrimonio-cultural-inmaterial-de-la-humanidad\/#primaryimage"},"thumbnailUrl":"https:\/\/www.mpppst.gob.ve\/mpppstweb\/wp-content\/uploads\/2021\/12\/FGkdYQtXoAsglEL-768x427-1.jpg","datePublished":"2021-12-15T12:12:32+00:00","dateModified":"2021-12-15T12:12:33+00:00","breadcrumb":{"@id":"https:\/\/www.mpppst.gob.ve\/mpppstweb\/index.php\/2021\/12\/15\/venezuela-celebra-la-inscripcion-del-ciclo-festivo-de-san-juan-como-patrimonio-cultural-inmaterial-de-la-humanidad\/#breadcrumb"},"inLanguage":"es","potentialAction":[{"@type":"ReadAction","target":["https:\/\/www.mpppst.gob.ve\/mpppstweb\/index.php\/2021\/12\/15\/venezuela-celebra-la-inscripcion-del-ciclo-festivo-de-san-juan-como-patrimonio-cultural-inmaterial-de-la-humanidad\/"]}]},{"@type":"ImageObject","inLanguage":"es","@id":"https:\/\/www.mpppst.gob.ve\/mpppstweb\/index.php\/2021\/12\/15\/venezuela-celebra-la-inscripcion-del-ciclo-festivo-de-san-juan-como-patrimonio-cultural-inmaterial-de-la-humanidad\/#primaryimage","url":"https:\/\/www.mpppst.gob.ve\/mpppstweb\/wp-content\/uploads\/2021\/12\/FGkdYQtXoAsglEL-768x427-1.jpg","contentUrl":"https:\/\/www.mpppst.gob.ve\/mpppstweb\/wp-content\/uploads\/2021\/12\/FGkdYQtXoAsglEL-768x427-1.jpg","width":768,"height":427},{"@type":"BreadcrumbList","@id":"https:\/\/www.mpppst.gob.ve\/mpppstweb\/index.php\/2021\/12\/15\/venezuela-celebra-la-inscripcion-del-ciclo-festivo-de-san-juan-como-patrimonio-cultural-inmaterial-de-la-humanidad\/#breadcrumb","itemListElement":[{"@type":"ListItem","position":1,"name":"Home","item":"https:\/\/www.mpppst.gob.ve\/mpppstweb\/"},{"@type":"ListItem","position":2,"name":"Venezuela celebra la inscripci\u00f3n del ciclo Festivo de San Juan como Patrimonio Cultural Inmaterial de la Humanidad"}]},{"@type":"WebSite","@id":"https:\/\/www.mpppst.gob.ve\/mpppstweb\/#website","url":"https:\/\/www.mpppst.gob.ve\/mpppstweb\/","name":"MPPPST","description":"Ministerio del Poder Popular para el Proceso Social de Trabajo","publisher":{"@id":"https:\/\/www.mpppst.gob.ve\/mpppstweb\/#organization"},"potentialAction":[{"@type":"SearchAction","target":{"@type":"EntryPoint","urlTemplate":"https:\/\/www.mpppst.gob.ve\/mpppstweb\/?s={search_term_string}"},"query-input":"required name=search_term_string"}],"inLanguage":"es"},{"@type":"Organization","@id":"https:\/\/www.mpppst.gob.ve\/mpppstweb\/#organization","name":"mpppst","url":"https:\/\/www.mpppst.gob.ve\/mpppstweb\/","logo":{"@type":"ImageObject","inLanguage":"es","@id":"https:\/\/www.mpppst.gob.ve\/mpppstweb\/#\/schema\/logo\/image\/","url":"https:\/\/www.mpppst.gob.ve\/mpppstweb\/wp-content\/uploads\/2025\/07\/cropped-cropped-g910.png","contentUrl":"https:\/\/www.mpppst.gob.ve\/mpppstweb\/wp-content\/uploads\/2025\/07\/cropped-cropped-g910.png","width":1080,"height":241,"caption":"mpppst"},"image":{"@id":"https:\/\/www.mpppst.gob.ve\/mpppstweb\/#\/schema\/logo\/image\/"}},{"@type":"Person","@id":"https:\/\/www.mpppst.gob.ve\/mpppstweb\/#\/schema\/person\/fc187ee8ead412bd4c9304b62f900ea4","name":"MPPPST Prensa","url":"https:\/\/www.mpppst.gob.ve\/mpppstweb\/index.php\/author\/prensa-mpppst\/"}]}},"_links":{"self":[{"href":"https:\/\/www.mpppst.gob.ve\/mpppstweb\/index.php\/wp-json\/wp\/v2\/posts\/24144"}],"collection":[{"href":"https:\/\/www.mpppst.gob.ve\/mpppstweb\/index.php\/wp-json\/wp\/v2\/posts"}],"about":[{"href":"https:\/\/www.mpppst.gob.ve\/mpppstweb\/index.php\/wp-json\/wp\/v2\/types\/post"}],"author":[{"embeddable":true,"href":"https:\/\/www.mpppst.gob.ve\/mpppstweb\/index.php\/wp-json\/wp\/v2\/users\/25"}],"replies":[{"embeddable":true,"href":"https:\/\/www.mpppst.gob.ve\/mpppstweb\/index.php\/wp-json\/wp\/v2\/comments?post=24144"}],"version-history":[{"count":1,"href":"https:\/\/www.mpppst.gob.ve\/mpppstweb\/index.php\/wp-json\/wp\/v2\/posts\/24144\/revisions"}],"predecessor-version":[{"id":24146,"href":"https:\/\/www.mpppst.gob.ve\/mpppstweb\/index.php\/wp-json\/wp\/v2\/posts\/24144\/revisions\/24146"}],"wp:featuredmedia":[{"embeddable":true,"href":"https:\/\/www.mpppst.gob.ve\/mpppstweb\/index.php\/wp-json\/wp\/v2\/media\/24145"}],"wp:attachment":[{"href":"https:\/\/www.mpppst.gob.ve\/mpppstweb\/index.php\/wp-json\/wp\/v2\/media?parent=24144"}],"wp:term":[{"taxonomy":"category","embeddable":true,"href":"https:\/\/www.mpppst.gob.ve\/mpppstweb\/index.php\/wp-json\/wp\/v2\/categories?post=24144"},{"taxonomy":"post_tag","embeddable":true,"href":"https:\/\/www.mpppst.gob.ve\/mpppstweb\/index.php\/wp-json\/wp\/v2\/tags?post=24144"}],"curies":[{"name":"wp","href":"https:\/\/api.w.org\/{rel}","templated":true}]}}