{"id":24151,"date":"2021-12-15T08:22:36","date_gmt":"2021-12-15T12:22:36","guid":{"rendered":"http:\/\/www.mpppst.gob.ve\/mpppstweb\/?p=24151"},"modified":"2021-12-15T08:22:37","modified_gmt":"2021-12-15T12:22:37","slug":"expo-chamba-juvenil-se-realizara-del-15-al-17-de-diciembre-en-caracas","status":"publish","type":"post","link":"https:\/\/www.mpppst.gob.ve\/mpppstweb\/index.php\/2021\/12\/15\/expo-chamba-juvenil-se-realizara-del-15-al-17-de-diciembre-en-caracas\/","title":{"rendered":"Expo Chamba Juvenil se realizar\u00e1 del 15 al 17 de diciembre en Caracas"},"content":{"rendered":"\n<p>La primera edici\u00f3n de la Expo Chamba Juvenil se realizar\u00e1 del 15 al 17 de diciembre en Caracas, inform\u00f3 la viceministra de Juventud Productiva y Trabajadora,&nbsp;<strong>Yosneisy Paredes<\/strong>, en una entrevista ofrecida este 14 de diciembre en el programa Punto de Encuentro que transmite Venezolana de Televisi\u00f3n (VTV).<\/p>\n\n\n\n<p>Destac\u00f3 que en esta jornada productiva podr\u00e1n participar&nbsp;<strong>j\u00f3venes desde los 15 hasta los 35 a\u00f1os de edad.<\/strong>&nbsp;La feria estar\u00e1 abierta desde las 11:00 am hasta las 7:00 pm.<\/p>\n\n\n\n<p>\u201cEn esta expo vamos a estar presentando emprendimiento&nbsp;en las \u00e1reas de gastronom\u00eda, artesan\u00eda, accesorios, tambi\u00e9n en el \u00e1rea textil e innovaci\u00f3n, tenemos compa\u00f1eros que est\u00e1n haciendo invenci\u00f3n de piezas para veh\u00edculos\u201d, dijo.<\/p>\n\n\n\n<p>Los interesados en participar pueden obtener mayor informaci\u00f3n a trav\u00e9s de los puntos de contacto en Twitter:&nbsp;<strong>@corpojuventud y @chambajuveni<\/strong>l o a trav\u00e9s de los n\u00fameros telef\u00f3nicos&nbsp;<strong>0800juvenil<\/strong>.<\/p>\n\n\n\n<p>Explic\u00f3 que se prev\u00e9 que esta feria se pueda replicar en todos los estados del pa\u00eds y subray\u00f3 que est\u00e1n desplegados realizando mesas de trabajo con las bases para confeccionar la agenda del a\u00f1o 2022.&nbsp;<\/p>\n","protected":false},"excerpt":{"rendered":"<p>La primera edici\u00f3n de la Expo Chamba Juvenil se realizar\u00e1 del 15 al 17 de diciembre &hellip; <a title=\"Expo Chamba Juvenil se realizar\u00e1 del 15 al 17 de diciembre en Caracas\" class=\"hm-read-more\" href=\"https:\/\/www.mpppst.gob.ve\/mpppstweb\/index.php\/2021\/12\/15\/expo-chamba-juvenil-se-realizara-del-15-al-17-de-diciembre-en-caracas\/\"><span class=\"screen-reader-text\">Expo Chamba Juvenil se realizar\u00e1 del 15 al 17 de diciembre en Caracas<\/span>Read more<\/a><\/p>\n","protected":false},"author":25,"featured_media":24152,"comment_status":"closed","ping_status":"closed","sticky":false,"template":"","format":"standard","meta":{"footnotes":""},"categories":[82,163],"tags":[],"yoast_head":"<!-- This site is optimized with the Yoast SEO plugin v22.5 - https:\/\/yoast.com\/wordpress\/plugins\/seo\/ -->\n<title>Expo Chamba Juvenil se realizar\u00e1 del 15 al 17 de diciembre en Caracas - MPPPST<\/title>\n<meta name=\"robots\" content=\"index, follow, max-snippet:-1, max-image-preview:large, max-video-preview:-1\" \/>\n<link rel=\"canonical\" href=\"https:\/\/www.mpppst.gob.ve\/mpppstweb\/index.php\/2021\/12\/15\/expo-chamba-juvenil-se-realizara-del-15-al-17-de-diciembre-en-caracas\/\" \/>\n<meta property=\"og:locale\" content=\"es_ES\" \/>\n<meta property=\"og:type\" content=\"article\" \/>\n<meta property=\"og:title\" content=\"Expo Chamba Juvenil se realizar\u00e1 del 15 al 17 de diciembre en Caracas - MPPPST\" \/>\n<meta property=\"og:description\" content=\"La primera edici\u00f3n de la Expo Chamba Juvenil se realizar\u00e1 del 15 al 17 de diciembre &hellip; Expo Chamba Juvenil se realizar\u00e1 del 15 al 17 de diciembre en CaracasRead more\" \/>\n<meta property=\"og:url\" content=\"https:\/\/www.mpppst.gob.ve\/mpppstweb\/index.php\/2021\/12\/15\/expo-chamba-juvenil-se-realizara-del-15-al-17-de-diciembre-en-caracas\/\" \/>\n<meta property=\"og:site_name\" content=\"MPPPST\" \/>\n<meta property=\"article:published_time\" content=\"2021-12-15T12:22:36+00:00\" \/>\n<meta property=\"article:modified_time\" content=\"2021-12-15T12:22:37+00:00\" \/>\n<meta property=\"og:image\" content=\"https:\/\/www.mpppst.gob.ve\/mpppstweb\/wp-content\/uploads\/2021\/12\/57063b32-a6ec-4b24-a232-e83e479d52f4-768x427-1.jpg\" \/>\n\t<meta property=\"og:image:width\" content=\"768\" \/>\n\t<meta property=\"og:image:height\" content=\"427\" \/>\n\t<meta property=\"og:image:type\" content=\"image\/jpeg\" \/>\n<meta name=\"author\" content=\"MPPPST Prensa\" \/>\n<meta name=\"twitter:card\" content=\"summary_large_image\" \/>\n<meta name=\"twitter:label1\" content=\"Escrito por\" \/>\n\t<meta name=\"twitter:data1\" content=\"MPPPST Prensa\" \/>\n\t<meta name=\"twitter:label2\" content=\"Tiempo de lectura\" \/>\n\t<meta name=\"twitter:data2\" content=\"1 minuto\" \/>\n<script type=\"application\/ld+json\" class=\"yoast-schema-graph\">{\"@context\":\"https:\/\/schema.org\",\"@graph\":[{\"@type\":\"Article\",\"@id\":\"https:\/\/www.mpppst.gob.ve\/mpppstweb\/index.php\/2021\/12\/15\/expo-chamba-juvenil-se-realizara-del-15-al-17-de-diciembre-en-caracas\/#article\",\"isPartOf\":{\"@id\":\"https:\/\/www.mpppst.gob.ve\/mpppstweb\/index.php\/2021\/12\/15\/expo-chamba-juvenil-se-realizara-del-15-al-17-de-diciembre-en-caracas\/\"},\"author\":{\"name\":\"MPPPST Prensa\",\"@id\":\"https:\/\/www.mpppst.gob.ve\/mpppstweb\/#\/schema\/person\/fc187ee8ead412bd4c9304b62f900ea4\"},\"headline\":\"Expo Chamba Juvenil se realizar\u00e1 del 15 al 17 de diciembre en Caracas\",\"datePublished\":\"2021-12-15T12:22:36+00:00\",\"dateModified\":\"2021-12-15T12:22:37+00:00\",\"mainEntityOfPage\":{\"@id\":\"https:\/\/www.mpppst.gob.ve\/mpppstweb\/index.php\/2021\/12\/15\/expo-chamba-juvenil-se-realizara-del-15-al-17-de-diciembre-en-caracas\/\"},\"wordCount\":205,\"publisher\":{\"@id\":\"https:\/\/www.mpppst.gob.ve\/mpppstweb\/#organization\"},\"image\":{\"@id\":\"https:\/\/www.mpppst.gob.ve\/mpppstweb\/index.php\/2021\/12\/15\/expo-chamba-juvenil-se-realizara-del-15-al-17-de-diciembre-en-caracas\/#primaryimage\"},\"thumbnailUrl\":\"https:\/\/www.mpppst.gob.ve\/mpppstweb\/wp-content\/uploads\/2021\/12\/57063b32-a6ec-4b24-a232-e83e479d52f4-768x427-1.jpg\",\"articleSection\":[\"Gobierno Nacional\",\"Noticias\"],\"inLanguage\":\"es\"},{\"@type\":\"WebPage\",\"@id\":\"https:\/\/www.mpppst.gob.ve\/mpppstweb\/index.php\/2021\/12\/15\/expo-chamba-juvenil-se-realizara-del-15-al-17-de-diciembre-en-caracas\/\",\"url\":\"https:\/\/www.mpppst.gob.ve\/mpppstweb\/index.php\/2021\/12\/15\/expo-chamba-juvenil-se-realizara-del-15-al-17-de-diciembre-en-caracas\/\",\"name\":\"Expo Chamba Juvenil se realizar\u00e1 del 15 al 17 de diciembre en Caracas - MPPPST\",\"isPartOf\":{\"@id\":\"https:\/\/www.mpppst.gob.ve\/mpppstweb\/#website\"},\"primaryImageOfPage\":{\"@id\":\"https:\/\/www.mpppst.gob.ve\/mpppstweb\/index.php\/2021\/12\/15\/expo-chamba-juvenil-se-realizara-del-15-al-17-de-diciembre-en-caracas\/#primaryimage\"},\"image\":{\"@id\":\"https:\/\/www.mpppst.gob.ve\/mpppstweb\/index.php\/2021\/12\/15\/expo-chamba-juvenil-se-realizara-del-15-al-17-de-diciembre-en-caracas\/#primaryimage\"},\"thumbnailUrl\":\"https:\/\/www.mpppst.gob.ve\/mpppstweb\/wp-content\/uploads\/2021\/12\/57063b32-a6ec-4b24-a232-e83e479d52f4-768x427-1.jpg\",\"datePublished\":\"2021-12-15T12:22:36+00:00\",\"dateModified\":\"2021-12-15T12:22:37+00:00\",\"breadcrumb\":{\"@id\":\"https:\/\/www.mpppst.gob.ve\/mpppstweb\/index.php\/2021\/12\/15\/expo-chamba-juvenil-se-realizara-del-15-al-17-de-diciembre-en-caracas\/#breadcrumb\"},\"inLanguage\":\"es\",\"potentialAction\":[{\"@type\":\"ReadAction\",\"target\":[\"https:\/\/www.mpppst.gob.ve\/mpppstweb\/index.php\/2021\/12\/15\/expo-chamba-juvenil-se-realizara-del-15-al-17-de-diciembre-en-caracas\/\"]}]},{\"@type\":\"ImageObject\",\"inLanguage\":\"es\",\"@id\":\"https:\/\/www.mpppst.gob.ve\/mpppstweb\/index.php\/2021\/12\/15\/expo-chamba-juvenil-se-realizara-del-15-al-17-de-diciembre-en-caracas\/#primaryimage\",\"url\":\"https:\/\/www.mpppst.gob.ve\/mpppstweb\/wp-content\/uploads\/2021\/12\/57063b32-a6ec-4b24-a232-e83e479d52f4-768x427-1.jpg\",\"contentUrl\":\"https:\/\/www.mpppst.gob.ve\/mpppstweb\/wp-content\/uploads\/2021\/12\/57063b32-a6ec-4b24-a232-e83e479d52f4-768x427-1.jpg\",\"width\":768,\"height\":427},{\"@type\":\"BreadcrumbList\",\"@id\":\"https:\/\/www.mpppst.gob.ve\/mpppstweb\/index.php\/2021\/12\/15\/expo-chamba-juvenil-se-realizara-del-15-al-17-de-diciembre-en-caracas\/#breadcrumb\",\"itemListElement\":[{\"@type\":\"ListItem\",\"position\":1,\"name\":\"Home\",\"item\":\"https:\/\/www.mpppst.gob.ve\/mpppstweb\/\"},{\"@type\":\"ListItem\",\"position\":2,\"name\":\"Expo Chamba Juvenil se realizar\u00e1 del 15 al 17 de diciembre en Caracas\"}]},{\"@type\":\"WebSite\",\"@id\":\"https:\/\/www.mpppst.gob.ve\/mpppstweb\/#website\",\"url\":\"https:\/\/www.mpppst.gob.ve\/mpppstweb\/\",\"name\":\"MPPPST\",\"description\":\"Ministerio del Poder Popular para el Proceso Social de Trabajo\",\"publisher\":{\"@id\":\"https:\/\/www.mpppst.gob.ve\/mpppstweb\/#organization\"},\"potentialAction\":[{\"@type\":\"SearchAction\",\"target\":{\"@type\":\"EntryPoint\",\"urlTemplate\":\"https:\/\/www.mpppst.gob.ve\/mpppstweb\/?s={search_term_string}\"},\"query-input\":\"required name=search_term_string\"}],\"inLanguage\":\"es\"},{\"@type\":\"Organization\",\"@id\":\"https:\/\/www.mpppst.gob.ve\/mpppstweb\/#organization\",\"name\":\"mpppst\",\"url\":\"https:\/\/www.mpppst.gob.ve\/mpppstweb\/\",\"logo\":{\"@type\":\"ImageObject\",\"inLanguage\":\"es\",\"@id\":\"https:\/\/www.mpppst.gob.ve\/mpppstweb\/#\/schema\/logo\/image\/\",\"url\":\"https:\/\/www.mpppst.gob.ve\/mpppstweb\/wp-content\/uploads\/2025\/07\/cropped-cropped-g910.png\",\"contentUrl\":\"https:\/\/www.mpppst.gob.ve\/mpppstweb\/wp-content\/uploads\/2025\/07\/cropped-cropped-g910.png\",\"width\":1080,\"height\":241,\"caption\":\"mpppst\"},\"image\":{\"@id\":\"https:\/\/www.mpppst.gob.ve\/mpppstweb\/#\/schema\/logo\/image\/\"}},{\"@type\":\"Person\",\"@id\":\"https:\/\/www.mpppst.gob.ve\/mpppstweb\/#\/schema\/person\/fc187ee8ead412bd4c9304b62f900ea4\",\"name\":\"MPPPST Prensa\",\"url\":\"https:\/\/www.mpppst.gob.ve\/mpppstweb\/index.php\/author\/prensa-mpppst\/\"}]}<\/script>\n<!-- \/ Yoast SEO plugin. -->","yoast_head_json":{"title":"Expo Chamba Juvenil se realizar\u00e1 del 15 al 17 de diciembre en Caracas - MPPPST","robots":{"index":"index","follow":"follow","max-snippet":"max-snippet:-1","max-image-preview":"max-image-preview:large","max-video-preview":"max-video-preview:-1"},"canonical":"https:\/\/www.mpppst.gob.ve\/mpppstweb\/index.php\/2021\/12\/15\/expo-chamba-juvenil-se-realizara-del-15-al-17-de-diciembre-en-caracas\/","og_locale":"es_ES","og_type":"article","og_title":"Expo Chamba Juvenil se realizar\u00e1 del 15 al 17 de diciembre en Caracas - MPPPST","og_description":"La primera edici\u00f3n de la Expo Chamba Juvenil se realizar\u00e1 del 15 al 17 de diciembre &hellip; Expo Chamba Juvenil se realizar\u00e1 del 15 al 17 de diciembre en CaracasRead more","og_url":"https:\/\/www.mpppst.gob.ve\/mpppstweb\/index.php\/2021\/12\/15\/expo-chamba-juvenil-se-realizara-del-15-al-17-de-diciembre-en-caracas\/","og_site_name":"MPPPST","article_published_time":"2021-12-15T12:22:36+00:00","article_modified_time":"2021-12-15T12:22:37+00:00","og_image":[{"width":768,"height":427,"url":"https:\/\/www.mpppst.gob.ve\/mpppstweb\/wp-content\/uploads\/2021\/12\/57063b32-a6ec-4b24-a232-e83e479d52f4-768x427-1.jpg","type":"image\/jpeg"}],"author":"MPPPST Prensa","twitter_card":"summary_large_image","twitter_misc":{"Escrito por":"MPPPST Prensa","Tiempo de lectura":"1 minuto"},"schema":{"@context":"https:\/\/schema.org","@graph":[{"@type":"Article","@id":"https:\/\/www.mpppst.gob.ve\/mpppstweb\/index.php\/2021\/12\/15\/expo-chamba-juvenil-se-realizara-del-15-al-17-de-diciembre-en-caracas\/#article","isPartOf":{"@id":"https:\/\/www.mpppst.gob.ve\/mpppstweb\/index.php\/2021\/12\/15\/expo-chamba-juvenil-se-realizara-del-15-al-17-de-diciembre-en-caracas\/"},"author":{"name":"MPPPST Prensa","@id":"https:\/\/www.mpppst.gob.ve\/mpppstweb\/#\/schema\/person\/fc187ee8ead412bd4c9304b62f900ea4"},"headline":"Expo Chamba Juvenil se realizar\u00e1 del 15 al 17 de diciembre en Caracas","datePublished":"2021-12-15T12:22:36+00:00","dateModified":"2021-12-15T12:22:37+00:00","mainEntityOfPage":{"@id":"https:\/\/www.mpppst.gob.ve\/mpppstweb\/index.php\/2021\/12\/15\/expo-chamba-juvenil-se-realizara-del-15-al-17-de-diciembre-en-caracas\/"},"wordCount":205,"publisher":{"@id":"https:\/\/www.mpppst.gob.ve\/mpppstweb\/#organization"},"image":{"@id":"https:\/\/www.mpppst.gob.ve\/mpppstweb\/index.php\/2021\/12\/15\/expo-chamba-juvenil-se-realizara-del-15-al-17-de-diciembre-en-caracas\/#primaryimage"},"thumbnailUrl":"https:\/\/www.mpppst.gob.ve\/mpppstweb\/wp-content\/uploads\/2021\/12\/57063b32-a6ec-4b24-a232-e83e479d52f4-768x427-1.jpg","articleSection":["Gobierno Nacional","Noticias"],"inLanguage":"es"},{"@type":"WebPage","@id":"https:\/\/www.mpppst.gob.ve\/mpppstweb\/index.php\/2021\/12\/15\/expo-chamba-juvenil-se-realizara-del-15-al-17-de-diciembre-en-caracas\/","url":"https:\/\/www.mpppst.gob.ve\/mpppstweb\/index.php\/2021\/12\/15\/expo-chamba-juvenil-se-realizara-del-15-al-17-de-diciembre-en-caracas\/","name":"Expo Chamba Juvenil se realizar\u00e1 del 15 al 17 de diciembre en Caracas - MPPPST","isPartOf":{"@id":"https:\/\/www.mpppst.gob.ve\/mpppstweb\/#website"},"primaryImageOfPage":{"@id":"https:\/\/www.mpppst.gob.ve\/mpppstweb\/index.php\/2021\/12\/15\/expo-chamba-juvenil-se-realizara-del-15-al-17-de-diciembre-en-caracas\/#primaryimage"},"image":{"@id":"https:\/\/www.mpppst.gob.ve\/mpppstweb\/index.php\/2021\/12\/15\/expo-chamba-juvenil-se-realizara-del-15-al-17-de-diciembre-en-caracas\/#primaryimage"},"thumbnailUrl":"https:\/\/www.mpppst.gob.ve\/mpppstweb\/wp-content\/uploads\/2021\/12\/57063b32-a6ec-4b24-a232-e83e479d52f4-768x427-1.jpg","datePublished":"2021-12-15T12:22:36+00:00","dateModified":"2021-12-15T12:22:37+00:00","breadcrumb":{"@id":"https:\/\/www.mpppst.gob.ve\/mpppstweb\/index.php\/2021\/12\/15\/expo-chamba-juvenil-se-realizara-del-15-al-17-de-diciembre-en-caracas\/#breadcrumb"},"inLanguage":"es","potentialAction":[{"@type":"ReadAction","target":["https:\/\/www.mpppst.gob.ve\/mpppstweb\/index.php\/2021\/12\/15\/expo-chamba-juvenil-se-realizara-del-15-al-17-de-diciembre-en-caracas\/"]}]},{"@type":"ImageObject","inLanguage":"es","@id":"https:\/\/www.mpppst.gob.ve\/mpppstweb\/index.php\/2021\/12\/15\/expo-chamba-juvenil-se-realizara-del-15-al-17-de-diciembre-en-caracas\/#primaryimage","url":"https:\/\/www.mpppst.gob.ve\/mpppstweb\/wp-content\/uploads\/2021\/12\/57063b32-a6ec-4b24-a232-e83e479d52f4-768x427-1.jpg","contentUrl":"https:\/\/www.mpppst.gob.ve\/mpppstweb\/wp-content\/uploads\/2021\/12\/57063b32-a6ec-4b24-a232-e83e479d52f4-768x427-1.jpg","width":768,"height":427},{"@type":"BreadcrumbList","@id":"https:\/\/www.mpppst.gob.ve\/mpppstweb\/index.php\/2021\/12\/15\/expo-chamba-juvenil-se-realizara-del-15-al-17-de-diciembre-en-caracas\/#breadcrumb","itemListElement":[{"@type":"ListItem","position":1,"name":"Home","item":"https:\/\/www.mpppst.gob.ve\/mpppstweb\/"},{"@type":"ListItem","position":2,"name":"Expo Chamba Juvenil se realizar\u00e1 del 15 al 17 de diciembre en Caracas"}]},{"@type":"WebSite","@id":"https:\/\/www.mpppst.gob.ve\/mpppstweb\/#website","url":"https:\/\/www.mpppst.gob.ve\/mpppstweb\/","name":"MPPPST","description":"Ministerio del Poder Popular para el Proceso Social de Trabajo","publisher":{"@id":"https:\/\/www.mpppst.gob.ve\/mpppstweb\/#organization"},"potentialAction":[{"@type":"SearchAction","target":{"@type":"EntryPoint","urlTemplate":"https:\/\/www.mpppst.gob.ve\/mpppstweb\/?s={search_term_string}"},"query-input":"required name=search_term_string"}],"inLanguage":"es"},{"@type":"Organization","@id":"https:\/\/www.mpppst.gob.ve\/mpppstweb\/#organization","name":"mpppst","url":"https:\/\/www.mpppst.gob.ve\/mpppstweb\/","logo":{"@type":"ImageObject","inLanguage":"es","@id":"https:\/\/www.mpppst.gob.ve\/mpppstweb\/#\/schema\/logo\/image\/","url":"https:\/\/www.mpppst.gob.ve\/mpppstweb\/wp-content\/uploads\/2025\/07\/cropped-cropped-g910.png","contentUrl":"https:\/\/www.mpppst.gob.ve\/mpppstweb\/wp-content\/uploads\/2025\/07\/cropped-cropped-g910.png","width":1080,"height":241,"caption":"mpppst"},"image":{"@id":"https:\/\/www.mpppst.gob.ve\/mpppstweb\/#\/schema\/logo\/image\/"}},{"@type":"Person","@id":"https:\/\/www.mpppst.gob.ve\/mpppstweb\/#\/schema\/person\/fc187ee8ead412bd4c9304b62f900ea4","name":"MPPPST Prensa","url":"https:\/\/www.mpppst.gob.ve\/mpppstweb\/index.php\/author\/prensa-mpppst\/"}]}},"_links":{"self":[{"href":"https:\/\/www.mpppst.gob.ve\/mpppstweb\/index.php\/wp-json\/wp\/v2\/posts\/24151"}],"collection":[{"href":"https:\/\/www.mpppst.gob.ve\/mpppstweb\/index.php\/wp-json\/wp\/v2\/posts"}],"about":[{"href":"https:\/\/www.mpppst.gob.ve\/mpppstweb\/index.php\/wp-json\/wp\/v2\/types\/post"}],"author":[{"embeddable":true,"href":"https:\/\/www.mpppst.gob.ve\/mpppstweb\/index.php\/wp-json\/wp\/v2\/users\/25"}],"replies":[{"embeddable":true,"href":"https:\/\/www.mpppst.gob.ve\/mpppstweb\/index.php\/wp-json\/wp\/v2\/comments?post=24151"}],"version-history":[{"count":1,"href":"https:\/\/www.mpppst.gob.ve\/mpppstweb\/index.php\/wp-json\/wp\/v2\/posts\/24151\/revisions"}],"predecessor-version":[{"id":24153,"href":"https:\/\/www.mpppst.gob.ve\/mpppstweb\/index.php\/wp-json\/wp\/v2\/posts\/24151\/revisions\/24153"}],"wp:featuredmedia":[{"embeddable":true,"href":"https:\/\/www.mpppst.gob.ve\/mpppstweb\/index.php\/wp-json\/wp\/v2\/media\/24152"}],"wp:attachment":[{"href":"https:\/\/www.mpppst.gob.ve\/mpppstweb\/index.php\/wp-json\/wp\/v2\/media?parent=24151"}],"wp:term":[{"taxonomy":"category","embeddable":true,"href":"https:\/\/www.mpppst.gob.ve\/mpppstweb\/index.php\/wp-json\/wp\/v2\/categories?post=24151"},{"taxonomy":"post_tag","embeddable":true,"href":"https:\/\/www.mpppst.gob.ve\/mpppstweb\/index.php\/wp-json\/wp\/v2\/tags?post=24151"}],"curies":[{"name":"wp","href":"https:\/\/api.w.org\/{rel}","templated":true}]}}