{"id":24178,"date":"2022-01-11T07:45:50","date_gmt":"2022-01-11T11:45:50","guid":{"rendered":"http:\/\/www.mpppst.gob.ve\/mpppstweb\/?p=24178"},"modified":"2022-01-11T07:45:51","modified_gmt":"2022-01-11T11:45:51","slug":"sundde-desplegada-en-defensa-de-los-derechos-socioeconomicos-de-los-venezolanos","status":"publish","type":"post","link":"https:\/\/www.mpppst.gob.ve\/mpppstweb\/index.php\/2022\/01\/11\/sundde-desplegada-en-defensa-de-los-derechos-socioeconomicos-de-los-venezolanos\/","title":{"rendered":"Sundde desplegada en defensa de los derechos socioecon\u00f3micos de los venezolanos"},"content":{"rendered":"\n<p class=\"wp-block-paragraph\">Funcionarios de la Superintendencia Nacional para la Defensa de los Derechos Socioecon\u00f3micos (Sundde) se mantienen desplegados en todo el territorio nacional en defensa de los derechos socioecon\u00f3micos de los venezolanos y venezolanas.&nbsp;<\/p>\n\n\n\n<p class=\"wp-block-paragraph\">Mediante la cuenta en la red social Twittern de la Sundde se dio a conocer la informaci\u00f3n.&nbsp;<strong>En la publicaci\u00f3n destacan el despliegue de los fiscales en el estado Yaracuy.&nbsp;<\/strong><\/p>\n\n\n\n<figure><iframe allowfullscreen=\"true\" class=\"\" src=\"https:\/\/platform.twitter.com\/embed\/Tweet.html?creatorScreenName=VTVcanal8&amp;dnt=false&amp;embedId=twitter-widget-0&amp;features=eyJ0ZndfZXhwZXJpbWVudHNfY29va2llX2V4cGlyYXRpb24iOnsiYnVja2V0IjoxMjA5NjAwLCJ2ZXJzaW9uIjpudWxsfSwidGZ3X2hvcml6b25fdHdlZXRfZW1iZWRfOTU1NSI6eyJidWNrZXQiOiJodGUiLCJ2ZXJzaW9uIjpudWxsfSwidGZ3X3NwYWNlX2NhcmQiOnsiYnVja2V0Ijoib2ZmIiwidmVyc2lvbiI6bnVsbH19&amp;frame=false&amp;hideCard=false&amp;hideThread=false&amp;id=1480628524675481606&amp;lang=es&amp;origin=https%3A%2F%2Fwww.vtv.gob.ve%2Fsundde-desplegada-defensa-derechos-socioeconomicos%2F&amp;sessionId=9049c9f170f22635b0bfdffb83e0e1463059f904&amp;siteScreenName=VTVcanal8&amp;theme=light&amp;widgetsVersion=9fd78d5%3A1638479056965&amp;width=550px\"><\/iframe><\/figure>\n\n\n\n<p class=\"wp-block-paragraph\">En otra publicaci\u00f3n se detall\u00f3 qu en&nbsp;Falc\u00f3n&nbsp;contin\u00faa de manera permanente la defensa de equilibrios econ\u00f3micos, por lo que se mantienen visitando cada uno de los comercios para verificar el&nbsp;el cumplimiento de la tasa oficial del Banco Central de Venezuela (BCV).&nbsp;<\/p>\n\n\n\n<figure><iframe allowfullscreen=\"true\" class=\"\" src=\"https:\/\/platform.twitter.com\/embed\/Tweet.html?creatorScreenName=VTVcanal8&amp;dnt=false&amp;embedId=twitter-widget-1&amp;features=eyJ0ZndfZXhwZXJpbWVudHNfY29va2llX2V4cGlyYXRpb24iOnsiYnVja2V0IjoxMjA5NjAwLCJ2ZXJzaW9uIjpudWxsfSwidGZ3X2hvcml6b25fdHdlZXRfZW1iZWRfOTU1NSI6eyJidWNrZXQiOiJodGUiLCJ2ZXJzaW9uIjpudWxsfSwidGZ3X3NwYWNlX2NhcmQiOnsiYnVja2V0Ijoib2ZmIiwidmVyc2lvbiI6bnVsbH19&amp;frame=false&amp;hideCard=false&amp;hideThread=false&amp;id=1480635364184309760&amp;lang=es&amp;origin=https%3A%2F%2Fwww.vtv.gob.ve%2Fsundde-desplegada-defensa-derechos-socioeconomicos%2F&amp;sessionId=9049c9f170f22635b0bfdffb83e0e1463059f904&amp;siteScreenName=VTVcanal8&amp;theme=light&amp;widgetsVersion=9fd78d5%3A1638479056965&amp;width=550px\"><\/iframe><\/figure>\n\n\n\n<p class=\"wp-block-paragraph\">Estas supervisiones se realizan en lose stados:&nbsp;<strong>Gu\u00e1rico, Zulia, Trujillo, Monagas, M\u00e9rida<\/strong>&nbsp;entre otros.&nbsp;<\/p>\n\n\n\n<p class=\"wp-block-paragraph\">La Sundde destaca que \u201ces vital para la defensa del poder adquisitivo del venezolano, que se mantenga el equilibrio econ\u00f3mico y se evite la especulaci\u00f3n en la venta final de bienes y servicios\u201d<\/p>\n","protected":false},"excerpt":{"rendered":"<p>Funcionarios de la Superintendencia Nacional para la Defensa de los Derechos Socioecon\u00f3micos (Sundde) se mantienen desplegados &hellip; <a title=\"Sundde desplegada en defensa de los derechos socioecon\u00f3micos de los venezolanos\" class=\"hm-read-more\" href=\"https:\/\/www.mpppst.gob.ve\/mpppstweb\/index.php\/2022\/01\/11\/sundde-desplegada-en-defensa-de-los-derechos-socioeconomicos-de-los-venezolanos\/\"><span class=\"screen-reader-text\">Sundde desplegada en defensa de los derechos socioecon\u00f3micos de los venezolanos<\/span>Leer m\u00e1s<\/a><\/p>\n","protected":false},"author":25,"featured_media":24179,"comment_status":"closed","ping_status":"closed","sticky":false,"template":"","format":"standard","meta":{"footnotes":""},"categories":[82,163],"tags":[],"class_list":["post-24178","post","type-post","status-publish","format-standard","has-post-thumbnail","hentry","category-gobierno-nacional","category-noticias"],"yoast_head":"<!-- This site is optimized with the Yoast SEO plugin v28.4 - https:\/\/yoast.com\/product\/yoast-seo-wordpress\/ -->\n<title>Sundde desplegada en defensa de los derechos socioecon\u00f3micos de los venezolanos - MPPPST<\/title>\n<meta name=\"robots\" content=\"index, follow, max-snippet:-1, max-image-preview:large, max-video-preview:-1\" \/>\n<link rel=\"canonical\" href=\"https:\/\/www.mpppst.gob.ve\/mpppstweb\/index.php\/2022\/01\/11\/sundde-desplegada-en-defensa-de-los-derechos-socioeconomicos-de-los-venezolanos\/\" \/>\n<meta property=\"og:locale\" content=\"es_ES\" \/>\n<meta property=\"og:type\" content=\"article\" \/>\n<meta property=\"og:title\" content=\"Sundde desplegada en defensa de los derechos socioecon\u00f3micos de los venezolanos - MPPPST\" \/>\n<meta property=\"og:description\" content=\"Funcionarios de la Superintendencia Nacional para la Defensa de los Derechos Socioecon\u00f3micos (Sundde) se mantienen desplegados &hellip; Sundde desplegada en defensa de los derechos socioecon\u00f3micos de los venezolanosLeer m\u00e1s\" \/>\n<meta property=\"og:url\" content=\"https:\/\/www.mpppst.gob.ve\/mpppstweb\/index.php\/2022\/01\/11\/sundde-desplegada-en-defensa-de-los-derechos-socioeconomicos-de-los-venezolanos\/\" \/>\n<meta property=\"og:site_name\" content=\"MPPPST\" \/>\n<meta property=\"article:publisher\" content=\"https:\/\/www.facebook.com\/mintrabajo_ve\" \/>\n<meta property=\"article:published_time\" content=\"2022-01-11T11:45:50+00:00\" \/>\n<meta property=\"article:modified_time\" content=\"2022-01-11T11:45:51+00:00\" \/>\n<meta property=\"og:image\" content=\"https:\/\/www.mpppst.gob.ve\/mpppstweb\/wp-content\/uploads\/2022\/01\/FIwrPyFWQAYi1yc-768x427-1.jpg\" \/>\n\t<meta property=\"og:image:width\" content=\"768\" \/>\n\t<meta property=\"og:image:height\" content=\"427\" \/>\n\t<meta property=\"og:image:type\" content=\"image\/jpeg\" \/>\n<meta name=\"author\" content=\"MPPPST Prensa\" \/>\n<meta name=\"twitter:card\" content=\"summary_large_image\" \/>\n<script type=\"application\/ld+json\" class=\"yoast-schema-graph\">{\"@context\":\"https:\\\/\\\/schema.org\",\"@graph\":[{\"@type\":\"Article\",\"@id\":\"https:\\\/\\\/www.mpppst.gob.ve\\\/mpppstweb\\\/index.php\\\/2022\\\/01\\\/11\\\/sundde-desplegada-en-defensa-de-los-derechos-socioeconomicos-de-los-venezolanos\\\/#article\",\"isPartOf\":{\"@id\":\"https:\\\/\\\/www.mpppst.gob.ve\\\/mpppstweb\\\/index.php\\\/2022\\\/01\\\/11\\\/sundde-desplegada-en-defensa-de-los-derechos-socioeconomicos-de-los-venezolanos\\\/\"},\"author\":{\"name\":\"MPPPST Prensa\",\"@id\":\"https:\\\/\\\/www.mpppst.gob.ve\\\/mpppstweb\\\/#\\\/schema\\\/person\\\/fc187ee8ead412bd4c9304b62f900ea4\"},\"headline\":\"Sundde desplegada en defensa de los derechos socioecon\u00f3micos de los venezolanos\",\"datePublished\":\"2022-01-11T11:45:50+00:00\",\"dateModified\":\"2022-01-11T11:45:51+00:00\",\"mainEntityOfPage\":{\"@id\":\"https:\\\/\\\/www.mpppst.gob.ve\\\/mpppstweb\\\/index.php\\\/2022\\\/01\\\/11\\\/sundde-desplegada-en-defensa-de-los-derechos-socioeconomicos-de-los-venezolanos\\\/\"},\"wordCount\":186,\"publisher\":{\"@id\":\"https:\\\/\\\/www.mpppst.gob.ve\\\/mpppstweb\\\/#organization\"},\"image\":{\"@id\":\"https:\\\/\\\/www.mpppst.gob.ve\\\/mpppstweb\\\/index.php\\\/2022\\\/01\\\/11\\\/sundde-desplegada-en-defensa-de-los-derechos-socioeconomicos-de-los-venezolanos\\\/#primaryimage\"},\"thumbnailUrl\":\"https:\\\/\\\/www.mpppst.gob.ve\\\/mpppstweb\\\/wp-content\\\/uploads\\\/2022\\\/01\\\/FIwrPyFWQAYi1yc-768x427-1.jpg\",\"articleSection\":[\"Gobierno Nacional\",\"Noticias\"],\"inLanguage\":\"es\"},{\"@type\":\"WebPage\",\"@id\":\"https:\\\/\\\/www.mpppst.gob.ve\\\/mpppstweb\\\/index.php\\\/2022\\\/01\\\/11\\\/sundde-desplegada-en-defensa-de-los-derechos-socioeconomicos-de-los-venezolanos\\\/\",\"url\":\"https:\\\/\\\/www.mpppst.gob.ve\\\/mpppstweb\\\/index.php\\\/2022\\\/01\\\/11\\\/sundde-desplegada-en-defensa-de-los-derechos-socioeconomicos-de-los-venezolanos\\\/\",\"name\":\"Sundde desplegada en defensa de los derechos socioecon\u00f3micos de los venezolanos - MPPPST\",\"isPartOf\":{\"@id\":\"https:\\\/\\\/www.mpppst.gob.ve\\\/mpppstweb\\\/#website\"},\"primaryImageOfPage\":{\"@id\":\"https:\\\/\\\/www.mpppst.gob.ve\\\/mpppstweb\\\/index.php\\\/2022\\\/01\\\/11\\\/sundde-desplegada-en-defensa-de-los-derechos-socioeconomicos-de-los-venezolanos\\\/#primaryimage\"},\"image\":{\"@id\":\"https:\\\/\\\/www.mpppst.gob.ve\\\/mpppstweb\\\/index.php\\\/2022\\\/01\\\/11\\\/sundde-desplegada-en-defensa-de-los-derechos-socioeconomicos-de-los-venezolanos\\\/#primaryimage\"},\"thumbnailUrl\":\"https:\\\/\\\/www.mpppst.gob.ve\\\/mpppstweb\\\/wp-content\\\/uploads\\\/2022\\\/01\\\/FIwrPyFWQAYi1yc-768x427-1.jpg\",\"datePublished\":\"2022-01-11T11:45:50+00:00\",\"dateModified\":\"2022-01-11T11:45:51+00:00\",\"breadcrumb\":{\"@id\":\"https:\\\/\\\/www.mpppst.gob.ve\\\/mpppstweb\\\/index.php\\\/2022\\\/01\\\/11\\\/sundde-desplegada-en-defensa-de-los-derechos-socioeconomicos-de-los-venezolanos\\\/#breadcrumb\"},\"inLanguage\":\"es\",\"potentialAction\":[{\"@type\":\"ReadAction\",\"target\":[\"https:\\\/\\\/www.mpppst.gob.ve\\\/mpppstweb\\\/index.php\\\/2022\\\/01\\\/11\\\/sundde-desplegada-en-defensa-de-los-derechos-socioeconomicos-de-los-venezolanos\\\/\"]}]},{\"@type\":\"ImageObject\",\"inLanguage\":\"es\",\"@id\":\"https:\\\/\\\/www.mpppst.gob.ve\\\/mpppstweb\\\/index.php\\\/2022\\\/01\\\/11\\\/sundde-desplegada-en-defensa-de-los-derechos-socioeconomicos-de-los-venezolanos\\\/#primaryimage\",\"url\":\"https:\\\/\\\/www.mpppst.gob.ve\\\/mpppstweb\\\/wp-content\\\/uploads\\\/2022\\\/01\\\/FIwrPyFWQAYi1yc-768x427-1.jpg\",\"contentUrl\":\"https:\\\/\\\/www.mpppst.gob.ve\\\/mpppstweb\\\/wp-content\\\/uploads\\\/2022\\\/01\\\/FIwrPyFWQAYi1yc-768x427-1.jpg\",\"width\":768,\"height\":427},{\"@type\":\"BreadcrumbList\",\"@id\":\"https:\\\/\\\/www.mpppst.gob.ve\\\/mpppstweb\\\/index.php\\\/2022\\\/01\\\/11\\\/sundde-desplegada-en-defensa-de-los-derechos-socioeconomicos-de-los-venezolanos\\\/#breadcrumb\",\"itemListElement\":[{\"@type\":\"ListItem\",\"position\":1,\"name\":\"Home\",\"item\":\"https:\\\/\\\/www.mpppst.gob.ve\\\/mpppstweb\\\/\"},{\"@type\":\"ListItem\",\"position\":2,\"name\":\"Sundde desplegada en defensa de los derechos socioecon\u00f3micos de los venezolanos\"}]},{\"@type\":\"WebSite\",\"@id\":\"https:\\\/\\\/www.mpppst.gob.ve\\\/mpppstweb\\\/#website\",\"url\":\"https:\\\/\\\/www.mpppst.gob.ve\\\/mpppstweb\\\/\",\"name\":\"MPPPST\",\"description\":\"Sitio web oficial del Ministerio del Poder Popular para el Proceso Social de Trabajo\",\"publisher\":{\"@id\":\"https:\\\/\\\/www.mpppst.gob.ve\\\/mpppstweb\\\/#organization\"},\"alternateName\":\"Ministerio del Poder Popular para el Proceso Social de Trabajo\",\"potentialAction\":[{\"@type\":\"SearchAction\",\"target\":{\"@type\":\"EntryPoint\",\"urlTemplate\":\"https:\\\/\\\/www.mpppst.gob.ve\\\/mpppstweb\\\/?s={search_term_string}\"},\"query-input\":{\"@type\":\"PropertyValueSpecification\",\"valueRequired\":true,\"valueName\":\"search_term_string\"}}],\"inLanguage\":\"es\"},{\"@type\":\"Organization\",\"@id\":\"https:\\\/\\\/www.mpppst.gob.ve\\\/mpppstweb\\\/#organization\",\"name\":\"Ministerio del Poder Popular para el Proceso Social de Trabajo\",\"alternateName\":\"MPPPST\",\"url\":\"https:\\\/\\\/www.mpppst.gob.ve\\\/mpppstweb\\\/\",\"logo\":{\"@type\":\"ImageObject\",\"inLanguage\":\"es\",\"@id\":\"https:\\\/\\\/www.mpppst.gob.ve\\\/mpppstweb\\\/#\\\/schema\\\/logo\\\/image\\\/\",\"url\":\"https:\\\/\\\/www.mpppst.gob.ve\\\/mpppstweb\\\/wp-content\\\/uploads\\\/2025\\\/07\\\/cropped-cropped-g910.png\",\"contentUrl\":\"https:\\\/\\\/www.mpppst.gob.ve\\\/mpppstweb\\\/wp-content\\\/uploads\\\/2025\\\/07\\\/cropped-cropped-g910.png\",\"width\":1080,\"height\":241,\"caption\":\"Ministerio del Poder Popular para el Proceso Social de Trabajo\"},\"image\":{\"@id\":\"https:\\\/\\\/www.mpppst.gob.ve\\\/mpppstweb\\\/#\\\/schema\\\/logo\\\/image\\\/\"},\"sameAs\":[\"https:\\\/\\\/www.facebook.com\\\/mintrabajo_ve\",\"https:\\\/\\\/www.instagram.com\\\/mintrabajo_ve\\\/\",\"https:\\\/\\\/www.tiktok.com\\\/@mintrabajo_ve\",\"https:\\\/\\\/t.me\\\/mpppst\"]},{\"@type\":\"Person\",\"@id\":\"https:\\\/\\\/www.mpppst.gob.ve\\\/mpppstweb\\\/#\\\/schema\\\/person\\\/fc187ee8ead412bd4c9304b62f900ea4\",\"name\":\"MPPPST Prensa\",\"url\":\"https:\\\/\\\/www.mpppst.gob.ve\\\/mpppstweb\\\/index.php\\\/author\\\/prensa-mpppst\\\/\"}]}<\/script>\n<!-- \/ Yoast SEO plugin. -->","yoast_head_json":{"title":"Sundde desplegada en defensa de los derechos socioecon\u00f3micos de los venezolanos - MPPPST","robots":{"index":"index","follow":"follow","max-snippet":"max-snippet:-1","max-image-preview":"max-image-preview:large","max-video-preview":"max-video-preview:-1"},"canonical":"https:\/\/www.mpppst.gob.ve\/mpppstweb\/index.php\/2022\/01\/11\/sundde-desplegada-en-defensa-de-los-derechos-socioeconomicos-de-los-venezolanos\/","og_locale":"es_ES","og_type":"article","og_title":"Sundde desplegada en defensa de los derechos socioecon\u00f3micos de los venezolanos - MPPPST","og_description":"Funcionarios de la Superintendencia Nacional para la Defensa de los Derechos Socioecon\u00f3micos (Sundde) se mantienen desplegados &hellip; Sundde desplegada en defensa de los derechos socioecon\u00f3micos de los venezolanosLeer m\u00e1s","og_url":"https:\/\/www.mpppst.gob.ve\/mpppstweb\/index.php\/2022\/01\/11\/sundde-desplegada-en-defensa-de-los-derechos-socioeconomicos-de-los-venezolanos\/","og_site_name":"MPPPST","article_publisher":"https:\/\/www.facebook.com\/mintrabajo_ve","article_published_time":"2022-01-11T11:45:50+00:00","article_modified_time":"2022-01-11T11:45:51+00:00","og_image":[{"width":768,"height":427,"url":"https:\/\/www.mpppst.gob.ve\/mpppstweb\/wp-content\/uploads\/2022\/01\/FIwrPyFWQAYi1yc-768x427-1.jpg","type":"image\/jpeg"}],"author":"MPPPST Prensa","twitter_card":"summary_large_image","schema":{"@context":"https:\/\/schema.org","@graph":[{"@type":"Article","@id":"https:\/\/www.mpppst.gob.ve\/mpppstweb\/index.php\/2022\/01\/11\/sundde-desplegada-en-defensa-de-los-derechos-socioeconomicos-de-los-venezolanos\/#article","isPartOf":{"@id":"https:\/\/www.mpppst.gob.ve\/mpppstweb\/index.php\/2022\/01\/11\/sundde-desplegada-en-defensa-de-los-derechos-socioeconomicos-de-los-venezolanos\/"},"author":{"name":"MPPPST Prensa","@id":"https:\/\/www.mpppst.gob.ve\/mpppstweb\/#\/schema\/person\/fc187ee8ead412bd4c9304b62f900ea4"},"headline":"Sundde desplegada en defensa de los derechos socioecon\u00f3micos de los venezolanos","datePublished":"2022-01-11T11:45:50+00:00","dateModified":"2022-01-11T11:45:51+00:00","mainEntityOfPage":{"@id":"https:\/\/www.mpppst.gob.ve\/mpppstweb\/index.php\/2022\/01\/11\/sundde-desplegada-en-defensa-de-los-derechos-socioeconomicos-de-los-venezolanos\/"},"wordCount":186,"publisher":{"@id":"https:\/\/www.mpppst.gob.ve\/mpppstweb\/#organization"},"image":{"@id":"https:\/\/www.mpppst.gob.ve\/mpppstweb\/index.php\/2022\/01\/11\/sundde-desplegada-en-defensa-de-los-derechos-socioeconomicos-de-los-venezolanos\/#primaryimage"},"thumbnailUrl":"https:\/\/www.mpppst.gob.ve\/mpppstweb\/wp-content\/uploads\/2022\/01\/FIwrPyFWQAYi1yc-768x427-1.jpg","articleSection":["Gobierno Nacional","Noticias"],"inLanguage":"es"},{"@type":"WebPage","@id":"https:\/\/www.mpppst.gob.ve\/mpppstweb\/index.php\/2022\/01\/11\/sundde-desplegada-en-defensa-de-los-derechos-socioeconomicos-de-los-venezolanos\/","url":"https:\/\/www.mpppst.gob.ve\/mpppstweb\/index.php\/2022\/01\/11\/sundde-desplegada-en-defensa-de-los-derechos-socioeconomicos-de-los-venezolanos\/","name":"Sundde desplegada en defensa de los derechos socioecon\u00f3micos de los venezolanos - MPPPST","isPartOf":{"@id":"https:\/\/www.mpppst.gob.ve\/mpppstweb\/#website"},"primaryImageOfPage":{"@id":"https:\/\/www.mpppst.gob.ve\/mpppstweb\/index.php\/2022\/01\/11\/sundde-desplegada-en-defensa-de-los-derechos-socioeconomicos-de-los-venezolanos\/#primaryimage"},"image":{"@id":"https:\/\/www.mpppst.gob.ve\/mpppstweb\/index.php\/2022\/01\/11\/sundde-desplegada-en-defensa-de-los-derechos-socioeconomicos-de-los-venezolanos\/#primaryimage"},"thumbnailUrl":"https:\/\/www.mpppst.gob.ve\/mpppstweb\/wp-content\/uploads\/2022\/01\/FIwrPyFWQAYi1yc-768x427-1.jpg","datePublished":"2022-01-11T11:45:50+00:00","dateModified":"2022-01-11T11:45:51+00:00","breadcrumb":{"@id":"https:\/\/www.mpppst.gob.ve\/mpppstweb\/index.php\/2022\/01\/11\/sundde-desplegada-en-defensa-de-los-derechos-socioeconomicos-de-los-venezolanos\/#breadcrumb"},"inLanguage":"es","potentialAction":[{"@type":"ReadAction","target":["https:\/\/www.mpppst.gob.ve\/mpppstweb\/index.php\/2022\/01\/11\/sundde-desplegada-en-defensa-de-los-derechos-socioeconomicos-de-los-venezolanos\/"]}]},{"@type":"ImageObject","inLanguage":"es","@id":"https:\/\/www.mpppst.gob.ve\/mpppstweb\/index.php\/2022\/01\/11\/sundde-desplegada-en-defensa-de-los-derechos-socioeconomicos-de-los-venezolanos\/#primaryimage","url":"https:\/\/www.mpppst.gob.ve\/mpppstweb\/wp-content\/uploads\/2022\/01\/FIwrPyFWQAYi1yc-768x427-1.jpg","contentUrl":"https:\/\/www.mpppst.gob.ve\/mpppstweb\/wp-content\/uploads\/2022\/01\/FIwrPyFWQAYi1yc-768x427-1.jpg","width":768,"height":427},{"@type":"BreadcrumbList","@id":"https:\/\/www.mpppst.gob.ve\/mpppstweb\/index.php\/2022\/01\/11\/sundde-desplegada-en-defensa-de-los-derechos-socioeconomicos-de-los-venezolanos\/#breadcrumb","itemListElement":[{"@type":"ListItem","position":1,"name":"Home","item":"https:\/\/www.mpppst.gob.ve\/mpppstweb\/"},{"@type":"ListItem","position":2,"name":"Sundde desplegada en defensa de los derechos socioecon\u00f3micos de los venezolanos"}]},{"@type":"WebSite","@id":"https:\/\/www.mpppst.gob.ve\/mpppstweb\/#website","url":"https:\/\/www.mpppst.gob.ve\/mpppstweb\/","name":"MPPPST","description":"Sitio web oficial del Ministerio del Poder Popular para el Proceso Social de Trabajo","publisher":{"@id":"https:\/\/www.mpppst.gob.ve\/mpppstweb\/#organization"},"alternateName":"Ministerio del Poder Popular para el Proceso Social de Trabajo","potentialAction":[{"@type":"SearchAction","target":{"@type":"EntryPoint","urlTemplate":"https:\/\/www.mpppst.gob.ve\/mpppstweb\/?s={search_term_string}"},"query-input":{"@type":"PropertyValueSpecification","valueRequired":true,"valueName":"search_term_string"}}],"inLanguage":"es"},{"@type":"Organization","@id":"https:\/\/www.mpppst.gob.ve\/mpppstweb\/#organization","name":"Ministerio del Poder Popular para el Proceso Social de Trabajo","alternateName":"MPPPST","url":"https:\/\/www.mpppst.gob.ve\/mpppstweb\/","logo":{"@type":"ImageObject","inLanguage":"es","@id":"https:\/\/www.mpppst.gob.ve\/mpppstweb\/#\/schema\/logo\/image\/","url":"https:\/\/www.mpppst.gob.ve\/mpppstweb\/wp-content\/uploads\/2025\/07\/cropped-cropped-g910.png","contentUrl":"https:\/\/www.mpppst.gob.ve\/mpppstweb\/wp-content\/uploads\/2025\/07\/cropped-cropped-g910.png","width":1080,"height":241,"caption":"Ministerio del Poder Popular para el Proceso Social de Trabajo"},"image":{"@id":"https:\/\/www.mpppst.gob.ve\/mpppstweb\/#\/schema\/logo\/image\/"},"sameAs":["https:\/\/www.facebook.com\/mintrabajo_ve","https:\/\/www.instagram.com\/mintrabajo_ve\/","https:\/\/www.tiktok.com\/@mintrabajo_ve","https:\/\/t.me\/mpppst"]},{"@type":"Person","@id":"https:\/\/www.mpppst.gob.ve\/mpppstweb\/#\/schema\/person\/fc187ee8ead412bd4c9304b62f900ea4","name":"MPPPST Prensa","url":"https:\/\/www.mpppst.gob.ve\/mpppstweb\/index.php\/author\/prensa-mpppst\/"}]}},"_links":{"self":[{"href":"https:\/\/www.mpppst.gob.ve\/mpppstweb\/index.php\/wp-json\/wp\/v2\/posts\/24178","targetHints":{"allow":["GET"]}}],"collection":[{"href":"https:\/\/www.mpppst.gob.ve\/mpppstweb\/index.php\/wp-json\/wp\/v2\/posts"}],"about":[{"href":"https:\/\/www.mpppst.gob.ve\/mpppstweb\/index.php\/wp-json\/wp\/v2\/types\/post"}],"author":[{"embeddable":true,"href":"https:\/\/www.mpppst.gob.ve\/mpppstweb\/index.php\/wp-json\/wp\/v2\/users\/25"}],"replies":[{"embeddable":true,"href":"https:\/\/www.mpppst.gob.ve\/mpppstweb\/index.php\/wp-json\/wp\/v2\/comments?post=24178"}],"version-history":[{"count":1,"href":"https:\/\/www.mpppst.gob.ve\/mpppstweb\/index.php\/wp-json\/wp\/v2\/posts\/24178\/revisions"}],"predecessor-version":[{"id":24180,"href":"https:\/\/www.mpppst.gob.ve\/mpppstweb\/index.php\/wp-json\/wp\/v2\/posts\/24178\/revisions\/24180"}],"wp:featuredmedia":[{"embeddable":true,"href":"https:\/\/www.mpppst.gob.ve\/mpppstweb\/index.php\/wp-json\/wp\/v2\/media\/24179"}],"wp:attachment":[{"href":"https:\/\/www.mpppst.gob.ve\/mpppstweb\/index.php\/wp-json\/wp\/v2\/media?parent=24178"}],"wp:term":[{"taxonomy":"category","embeddable":true,"href":"https:\/\/www.mpppst.gob.ve\/mpppstweb\/index.php\/wp-json\/wp\/v2\/categories?post=24178"},{"taxonomy":"post_tag","embeddable":true,"href":"https:\/\/www.mpppst.gob.ve\/mpppstweb\/index.php\/wp-json\/wp\/v2\/tags?post=24178"}],"curies":[{"name":"wp","href":"https:\/\/api.w.org\/{rel}","templated":true}]}}