{"id":24181,"date":"2022-01-11T07:48:45","date_gmt":"2022-01-11T11:48:45","guid":{"rendered":"http:\/\/www.mpppst.gob.ve\/mpppstweb\/?p=24181"},"modified":"2022-01-11T07:48:46","modified_gmt":"2022-01-11T11:48:46","slug":"presidente-reelecto-daniel-ortega-los-pueblos-perdieron-el-miedo-y-hoy-resisten-con-dignidad","status":"publish","type":"post","link":"https:\/\/www.mpppst.gob.ve\/mpppstweb\/index.php\/2022\/01\/11\/presidente-reelecto-daniel-ortega-los-pueblos-perdieron-el-miedo-y-hoy-resisten-con-dignidad\/","title":{"rendered":"Presidente reelecto Daniel Ortega: Los pueblos perdieron el miedo y hoy resisten con dignidad"},"content":{"rendered":"\n<p class=\"wp-block-paragraph\">Este lunes, el presidente de Nicaragua,&nbsp;<strong>Daniel Ortega,<\/strong>&nbsp;durante el acto de toma de posesi\u00f3n tras su reelecci\u00f3n presidencial, destac\u00f3 que los pueblos perdieron el temor y hoy resisten con dignidad.<\/p>\n\n\n\n<p class=\"wp-block-paragraph\">\u201cEl pueblo de Nicaragua est\u00e1 sometido a sanciones brutales, as\u00ed como el pueblo venezolano son sometidos a sanciones brutales, donde incluso lanzaron un intento de asesinato contra el presidente Nicol\u00e1s Maduro, ah\u00ed no estaba la Uni\u00f3n Europa (UE) condenando ese crimen, porque son ellos mismos los criminales, y no se dan cuenta que los pueblos perdieron el temor y hoy resisten con dignidad\u201d.<\/p>\n\n\n\n<figure><iframe allowfullscreen=\"true\" class=\"\" src=\"https:\/\/platform.twitter.com\/embed\/Tweet.html?creatorScreenName=VTVcanal8&amp;dnt=false&amp;embedId=twitter-widget-0&amp;features=eyJ0ZndfZXhwZXJpbWVudHNfY29va2llX2V4cGlyYXRpb24iOnsiYnVja2V0IjoxMjA5NjAwLCJ2ZXJzaW9uIjpudWxsfSwidGZ3X2hvcml6b25fdHdlZXRfZW1iZWRfOTU1NSI6eyJidWNrZXQiOiJodGUiLCJ2ZXJzaW9uIjpudWxsfSwidGZ3X3NwYWNlX2NhcmQiOnsiYnVja2V0Ijoib2ZmIiwidmVyc2lvbiI6bnVsbH19&amp;frame=false&amp;hideCard=false&amp;hideThread=false&amp;id=1480704376402546694&amp;lang=es&amp;origin=https%3A%2F%2Fwww.vtv.gob.ve%2Fpresidente-ortega-pueblos-temor-resisten-dignidad%2F&amp;sessionId=b49c52aa074106588fa63c1d4b091f0e38debdc6&amp;siteScreenName=VTVcanal8&amp;theme=light&amp;widgetsVersion=9fd78d5%3A1638479056965&amp;width=550px\"><\/iframe><\/figure>\n\n\n\n<p class=\"wp-block-paragraph\">Recalc\u00f3 que desde los Estados Unidos \u201cintentan golpes de Estado contra Venezuela, han provocado actos terroristas en Venezuela. Se est\u00e1n robando las empresas de Venezuela, quienes dieron calor a personas en ese pa\u00eds para que no muriesen de fr\u00edo. En nuestra Am\u00e9rica hemos ido cambiando porque cada vez hay m\u00e1s patriotismo y dignidad, logramos encontrarnos en la Comunidad de Estados y Caribe\u00f1os (Celac)\u201d.&nbsp;<\/p>\n\n\n\n<p class=\"wp-block-paragraph\">Asimismo, Ortega se refiri\u00f3 al secuestrado diplom\u00e1tico venezolano,&nbsp;<strong>Alex Saab<\/strong>, agregando que \u201clo han perseguido, lo han encarcelado por llevar el alimento a las familias venezolanas\u201d, al tiempo que inst\u00f3 al presidente&nbsp;<em><strong>Joe Biden<\/strong>&nbsp;<\/em>a cesar el bloqueo en contra de Cuba.<\/p>\n\n\n\n<p class=\"wp-block-paragraph\">A\u00f1adi\u00f3 que el 90% de los pa\u00edses de las Naciones Unidas votan porque se suspenda el bloqueo en contra de esta hermana Rep\u00fablica, \u201cni Cuba, ni Nicaragua,&nbsp; ni Venezuela son enemigos del Gobierno de Estados Unidos\u201d, insisti\u00f3.<\/p>\n\n\n\n<p class=\"wp-block-paragraph\">En dicha jornada, Ortega tambi\u00e9n jurament\u00f3 al Gabinete de Gobierno que le acompa\u00f1ar\u00e1 en el ejercicio de sus funciones durante el nuevo periodo 2022-2026. \/ YD\/MQ<\/p>\n\n\n\n<figure><iframe allowfullscreen=\"true\" class=\"\" src=\"https:\/\/platform.twitter.com\/embed\/Tweet.html?creatorScreenName=VTVcanal8&amp;dnt=false&amp;embedId=twitter-widget-1&amp;features=eyJ0ZndfZXhwZXJpbWVudHNfY29va2llX2V4cGlyYXRpb24iOnsiYnVja2V0IjoxMjA5NjAwLCJ2ZXJzaW9uIjpudWxsfSwidGZ3X2hvcml6b25fdHdlZXRfZW1iZWRfOTU1NSI6eyJidWNrZXQiOiJodGUiLCJ2ZXJzaW9uIjpudWxsfSwidGZ3X3NwYWNlX2NhcmQiOnsiYnVja2V0Ijoib2ZmIiwidmVyc2lvbiI6bnVsbH19&amp;frame=false&amp;hideCard=false&amp;hideThread=false&amp;id=1480706210789740549&amp;lang=es&amp;origin=https%3A%2F%2Fwww.vtv.gob.ve%2Fpresidente-ortega-pueblos-temor-resisten-dignidad%2F&amp;sessionId=b49c52aa074106588fa63c1d4b091f0e38debdc6&amp;siteScreenName=VTVcanal8&amp;theme=light&amp;widgetsVersion=9fd78d5%3A1638479056965&amp;width=550px\"><\/iframe><\/figure>\n","protected":false},"excerpt":{"rendered":"<p>Este lunes, el presidente de Nicaragua,&nbsp;Daniel Ortega,&nbsp;durante el acto de toma de posesi\u00f3n tras su reelecci\u00f3n &hellip; <a title=\"Presidente reelecto Daniel Ortega: Los pueblos perdieron el miedo y hoy resisten con dignidad\" class=\"hm-read-more\" href=\"https:\/\/www.mpppst.gob.ve\/mpppstweb\/index.php\/2022\/01\/11\/presidente-reelecto-daniel-ortega-los-pueblos-perdieron-el-miedo-y-hoy-resisten-con-dignidad\/\"><span class=\"screen-reader-text\">Presidente reelecto Daniel Ortega: Los pueblos perdieron el miedo y hoy resisten con dignidad<\/span>Leer m\u00e1s<\/a><\/p>\n","protected":false},"author":25,"featured_media":24182,"comment_status":"closed","ping_status":"closed","sticky":false,"template":"","format":"standard","meta":{"footnotes":""},"categories":[260,163],"tags":[],"class_list":["post-24181","post","type-post","status-publish","format-standard","has-post-thumbnail","hentry","category-internacionales-2","category-noticias"],"yoast_head":"<!-- This site is optimized with the Yoast SEO plugin v28.4 - https:\/\/yoast.com\/product\/yoast-seo-wordpress\/ -->\n<title>Presidente reelecto Daniel Ortega: Los pueblos perdieron el miedo y hoy resisten con dignidad - MPPPST<\/title>\n<meta name=\"robots\" content=\"index, follow, max-snippet:-1, max-image-preview:large, max-video-preview:-1\" \/>\n<link rel=\"canonical\" href=\"https:\/\/www.mpppst.gob.ve\/mpppstweb\/index.php\/2022\/01\/11\/presidente-reelecto-daniel-ortega-los-pueblos-perdieron-el-miedo-y-hoy-resisten-con-dignidad\/\" \/>\n<meta property=\"og:locale\" content=\"es_ES\" \/>\n<meta property=\"og:type\" content=\"article\" \/>\n<meta property=\"og:title\" content=\"Presidente reelecto Daniel Ortega: Los pueblos perdieron el miedo y hoy resisten con dignidad - MPPPST\" \/>\n<meta property=\"og:description\" content=\"Este lunes, el presidente de Nicaragua,&nbsp;Daniel Ortega,&nbsp;durante el acto de toma de posesi\u00f3n tras su reelecci\u00f3n &hellip; Presidente reelecto Daniel Ortega: Los pueblos perdieron el miedo y hoy resisten con dignidadLeer m\u00e1s\" \/>\n<meta property=\"og:url\" content=\"https:\/\/www.mpppst.gob.ve\/mpppstweb\/index.php\/2022\/01\/11\/presidente-reelecto-daniel-ortega-los-pueblos-perdieron-el-miedo-y-hoy-resisten-con-dignidad\/\" \/>\n<meta property=\"og:site_name\" content=\"MPPPST\" \/>\n<meta property=\"article:publisher\" content=\"https:\/\/www.facebook.com\/mintrabajo_ve\" \/>\n<meta property=\"article:published_time\" content=\"2022-01-11T11:48:45+00:00\" \/>\n<meta property=\"article:modified_time\" content=\"2022-01-11T11:48:46+00:00\" \/>\n<meta property=\"og:image\" content=\"https:\/\/www.mpppst.gob.ve\/mpppstweb\/wp-content\/uploads\/2022\/01\/Ortega-768x427-1.jpg\" \/>\n\t<meta property=\"og:image:width\" content=\"768\" \/>\n\t<meta property=\"og:image:height\" content=\"427\" \/>\n\t<meta property=\"og:image:type\" content=\"image\/jpeg\" \/>\n<meta name=\"author\" content=\"MPPPST Prensa\" \/>\n<meta name=\"twitter:card\" content=\"summary_large_image\" \/>\n<script type=\"application\/ld+json\" class=\"yoast-schema-graph\">{\"@context\":\"https:\\\/\\\/schema.org\",\"@graph\":[{\"@type\":\"Article\",\"@id\":\"https:\\\/\\\/www.mpppst.gob.ve\\\/mpppstweb\\\/index.php\\\/2022\\\/01\\\/11\\\/presidente-reelecto-daniel-ortega-los-pueblos-perdieron-el-miedo-y-hoy-resisten-con-dignidad\\\/#article\",\"isPartOf\":{\"@id\":\"https:\\\/\\\/www.mpppst.gob.ve\\\/mpppstweb\\\/index.php\\\/2022\\\/01\\\/11\\\/presidente-reelecto-daniel-ortega-los-pueblos-perdieron-el-miedo-y-hoy-resisten-con-dignidad\\\/\"},\"author\":{\"name\":\"MPPPST Prensa\",\"@id\":\"https:\\\/\\\/www.mpppst.gob.ve\\\/mpppstweb\\\/#\\\/schema\\\/person\\\/fc187ee8ead412bd4c9304b62f900ea4\"},\"headline\":\"Presidente reelecto Daniel Ortega: Los pueblos perdieron el miedo y hoy resisten con dignidad\",\"datePublished\":\"2022-01-11T11:48:45+00:00\",\"dateModified\":\"2022-01-11T11:48:46+00:00\",\"mainEntityOfPage\":{\"@id\":\"https:\\\/\\\/www.mpppst.gob.ve\\\/mpppstweb\\\/index.php\\\/2022\\\/01\\\/11\\\/presidente-reelecto-daniel-ortega-los-pueblos-perdieron-el-miedo-y-hoy-resisten-con-dignidad\\\/\"},\"wordCount\":298,\"publisher\":{\"@id\":\"https:\\\/\\\/www.mpppst.gob.ve\\\/mpppstweb\\\/#organization\"},\"image\":{\"@id\":\"https:\\\/\\\/www.mpppst.gob.ve\\\/mpppstweb\\\/index.php\\\/2022\\\/01\\\/11\\\/presidente-reelecto-daniel-ortega-los-pueblos-perdieron-el-miedo-y-hoy-resisten-con-dignidad\\\/#primaryimage\"},\"thumbnailUrl\":\"https:\\\/\\\/www.mpppst.gob.ve\\\/mpppstweb\\\/wp-content\\\/uploads\\\/2022\\\/01\\\/Ortega-768x427-1.jpg\",\"articleSection\":[\"Internacionales\",\"Noticias\"],\"inLanguage\":\"es\"},{\"@type\":\"WebPage\",\"@id\":\"https:\\\/\\\/www.mpppst.gob.ve\\\/mpppstweb\\\/index.php\\\/2022\\\/01\\\/11\\\/presidente-reelecto-daniel-ortega-los-pueblos-perdieron-el-miedo-y-hoy-resisten-con-dignidad\\\/\",\"url\":\"https:\\\/\\\/www.mpppst.gob.ve\\\/mpppstweb\\\/index.php\\\/2022\\\/01\\\/11\\\/presidente-reelecto-daniel-ortega-los-pueblos-perdieron-el-miedo-y-hoy-resisten-con-dignidad\\\/\",\"name\":\"Presidente reelecto Daniel Ortega: Los pueblos perdieron el miedo y hoy resisten con dignidad - MPPPST\",\"isPartOf\":{\"@id\":\"https:\\\/\\\/www.mpppst.gob.ve\\\/mpppstweb\\\/#website\"},\"primaryImageOfPage\":{\"@id\":\"https:\\\/\\\/www.mpppst.gob.ve\\\/mpppstweb\\\/index.php\\\/2022\\\/01\\\/11\\\/presidente-reelecto-daniel-ortega-los-pueblos-perdieron-el-miedo-y-hoy-resisten-con-dignidad\\\/#primaryimage\"},\"image\":{\"@id\":\"https:\\\/\\\/www.mpppst.gob.ve\\\/mpppstweb\\\/index.php\\\/2022\\\/01\\\/11\\\/presidente-reelecto-daniel-ortega-los-pueblos-perdieron-el-miedo-y-hoy-resisten-con-dignidad\\\/#primaryimage\"},\"thumbnailUrl\":\"https:\\\/\\\/www.mpppst.gob.ve\\\/mpppstweb\\\/wp-content\\\/uploads\\\/2022\\\/01\\\/Ortega-768x427-1.jpg\",\"datePublished\":\"2022-01-11T11:48:45+00:00\",\"dateModified\":\"2022-01-11T11:48:46+00:00\",\"breadcrumb\":{\"@id\":\"https:\\\/\\\/www.mpppst.gob.ve\\\/mpppstweb\\\/index.php\\\/2022\\\/01\\\/11\\\/presidente-reelecto-daniel-ortega-los-pueblos-perdieron-el-miedo-y-hoy-resisten-con-dignidad\\\/#breadcrumb\"},\"inLanguage\":\"es\",\"potentialAction\":[{\"@type\":\"ReadAction\",\"target\":[\"https:\\\/\\\/www.mpppst.gob.ve\\\/mpppstweb\\\/index.php\\\/2022\\\/01\\\/11\\\/presidente-reelecto-daniel-ortega-los-pueblos-perdieron-el-miedo-y-hoy-resisten-con-dignidad\\\/\"]}]},{\"@type\":\"ImageObject\",\"inLanguage\":\"es\",\"@id\":\"https:\\\/\\\/www.mpppst.gob.ve\\\/mpppstweb\\\/index.php\\\/2022\\\/01\\\/11\\\/presidente-reelecto-daniel-ortega-los-pueblos-perdieron-el-miedo-y-hoy-resisten-con-dignidad\\\/#primaryimage\",\"url\":\"https:\\\/\\\/www.mpppst.gob.ve\\\/mpppstweb\\\/wp-content\\\/uploads\\\/2022\\\/01\\\/Ortega-768x427-1.jpg\",\"contentUrl\":\"https:\\\/\\\/www.mpppst.gob.ve\\\/mpppstweb\\\/wp-content\\\/uploads\\\/2022\\\/01\\\/Ortega-768x427-1.jpg\",\"width\":768,\"height\":427},{\"@type\":\"BreadcrumbList\",\"@id\":\"https:\\\/\\\/www.mpppst.gob.ve\\\/mpppstweb\\\/index.php\\\/2022\\\/01\\\/11\\\/presidente-reelecto-daniel-ortega-los-pueblos-perdieron-el-miedo-y-hoy-resisten-con-dignidad\\\/#breadcrumb\",\"itemListElement\":[{\"@type\":\"ListItem\",\"position\":1,\"name\":\"Home\",\"item\":\"https:\\\/\\\/www.mpppst.gob.ve\\\/mpppstweb\\\/\"},{\"@type\":\"ListItem\",\"position\":2,\"name\":\"Presidente reelecto Daniel Ortega: Los pueblos perdieron el miedo y hoy resisten con dignidad\"}]},{\"@type\":\"WebSite\",\"@id\":\"https:\\\/\\\/www.mpppst.gob.ve\\\/mpppstweb\\\/#website\",\"url\":\"https:\\\/\\\/www.mpppst.gob.ve\\\/mpppstweb\\\/\",\"name\":\"MPPPST\",\"description\":\"Sitio web oficial del Ministerio del Poder Popular para el Proceso Social de Trabajo\",\"publisher\":{\"@id\":\"https:\\\/\\\/www.mpppst.gob.ve\\\/mpppstweb\\\/#organization\"},\"alternateName\":\"Ministerio del Poder Popular para el Proceso Social de Trabajo\",\"potentialAction\":[{\"@type\":\"SearchAction\",\"target\":{\"@type\":\"EntryPoint\",\"urlTemplate\":\"https:\\\/\\\/www.mpppst.gob.ve\\\/mpppstweb\\\/?s={search_term_string}\"},\"query-input\":{\"@type\":\"PropertyValueSpecification\",\"valueRequired\":true,\"valueName\":\"search_term_string\"}}],\"inLanguage\":\"es\"},{\"@type\":\"Organization\",\"@id\":\"https:\\\/\\\/www.mpppst.gob.ve\\\/mpppstweb\\\/#organization\",\"name\":\"Ministerio del Poder Popular para el Proceso Social de Trabajo\",\"alternateName\":\"MPPPST\",\"url\":\"https:\\\/\\\/www.mpppst.gob.ve\\\/mpppstweb\\\/\",\"logo\":{\"@type\":\"ImageObject\",\"inLanguage\":\"es\",\"@id\":\"https:\\\/\\\/www.mpppst.gob.ve\\\/mpppstweb\\\/#\\\/schema\\\/logo\\\/image\\\/\",\"url\":\"https:\\\/\\\/www.mpppst.gob.ve\\\/mpppstweb\\\/wp-content\\\/uploads\\\/2025\\\/07\\\/cropped-cropped-g910.png\",\"contentUrl\":\"https:\\\/\\\/www.mpppst.gob.ve\\\/mpppstweb\\\/wp-content\\\/uploads\\\/2025\\\/07\\\/cropped-cropped-g910.png\",\"width\":1080,\"height\":241,\"caption\":\"Ministerio del Poder Popular para el Proceso Social de Trabajo\"},\"image\":{\"@id\":\"https:\\\/\\\/www.mpppst.gob.ve\\\/mpppstweb\\\/#\\\/schema\\\/logo\\\/image\\\/\"},\"sameAs\":[\"https:\\\/\\\/www.facebook.com\\\/mintrabajo_ve\",\"https:\\\/\\\/www.instagram.com\\\/mintrabajo_ve\\\/\",\"https:\\\/\\\/www.tiktok.com\\\/@mintrabajo_ve\",\"https:\\\/\\\/t.me\\\/mpppst\"]},{\"@type\":\"Person\",\"@id\":\"https:\\\/\\\/www.mpppst.gob.ve\\\/mpppstweb\\\/#\\\/schema\\\/person\\\/fc187ee8ead412bd4c9304b62f900ea4\",\"name\":\"MPPPST Prensa\",\"url\":\"https:\\\/\\\/www.mpppst.gob.ve\\\/mpppstweb\\\/index.php\\\/author\\\/prensa-mpppst\\\/\"}]}<\/script>\n<!-- \/ Yoast SEO plugin. -->","yoast_head_json":{"title":"Presidente reelecto Daniel Ortega: Los pueblos perdieron el miedo y hoy resisten con dignidad - MPPPST","robots":{"index":"index","follow":"follow","max-snippet":"max-snippet:-1","max-image-preview":"max-image-preview:large","max-video-preview":"max-video-preview:-1"},"canonical":"https:\/\/www.mpppst.gob.ve\/mpppstweb\/index.php\/2022\/01\/11\/presidente-reelecto-daniel-ortega-los-pueblos-perdieron-el-miedo-y-hoy-resisten-con-dignidad\/","og_locale":"es_ES","og_type":"article","og_title":"Presidente reelecto Daniel Ortega: Los pueblos perdieron el miedo y hoy resisten con dignidad - MPPPST","og_description":"Este lunes, el presidente de Nicaragua,&nbsp;Daniel Ortega,&nbsp;durante el acto de toma de posesi\u00f3n tras su reelecci\u00f3n &hellip; Presidente reelecto Daniel Ortega: Los pueblos perdieron el miedo y hoy resisten con dignidadLeer m\u00e1s","og_url":"https:\/\/www.mpppst.gob.ve\/mpppstweb\/index.php\/2022\/01\/11\/presidente-reelecto-daniel-ortega-los-pueblos-perdieron-el-miedo-y-hoy-resisten-con-dignidad\/","og_site_name":"MPPPST","article_publisher":"https:\/\/www.facebook.com\/mintrabajo_ve","article_published_time":"2022-01-11T11:48:45+00:00","article_modified_time":"2022-01-11T11:48:46+00:00","og_image":[{"width":768,"height":427,"url":"https:\/\/www.mpppst.gob.ve\/mpppstweb\/wp-content\/uploads\/2022\/01\/Ortega-768x427-1.jpg","type":"image\/jpeg"}],"author":"MPPPST Prensa","twitter_card":"summary_large_image","schema":{"@context":"https:\/\/schema.org","@graph":[{"@type":"Article","@id":"https:\/\/www.mpppst.gob.ve\/mpppstweb\/index.php\/2022\/01\/11\/presidente-reelecto-daniel-ortega-los-pueblos-perdieron-el-miedo-y-hoy-resisten-con-dignidad\/#article","isPartOf":{"@id":"https:\/\/www.mpppst.gob.ve\/mpppstweb\/index.php\/2022\/01\/11\/presidente-reelecto-daniel-ortega-los-pueblos-perdieron-el-miedo-y-hoy-resisten-con-dignidad\/"},"author":{"name":"MPPPST Prensa","@id":"https:\/\/www.mpppst.gob.ve\/mpppstweb\/#\/schema\/person\/fc187ee8ead412bd4c9304b62f900ea4"},"headline":"Presidente reelecto Daniel Ortega: Los pueblos perdieron el miedo y hoy resisten con dignidad","datePublished":"2022-01-11T11:48:45+00:00","dateModified":"2022-01-11T11:48:46+00:00","mainEntityOfPage":{"@id":"https:\/\/www.mpppst.gob.ve\/mpppstweb\/index.php\/2022\/01\/11\/presidente-reelecto-daniel-ortega-los-pueblos-perdieron-el-miedo-y-hoy-resisten-con-dignidad\/"},"wordCount":298,"publisher":{"@id":"https:\/\/www.mpppst.gob.ve\/mpppstweb\/#organization"},"image":{"@id":"https:\/\/www.mpppst.gob.ve\/mpppstweb\/index.php\/2022\/01\/11\/presidente-reelecto-daniel-ortega-los-pueblos-perdieron-el-miedo-y-hoy-resisten-con-dignidad\/#primaryimage"},"thumbnailUrl":"https:\/\/www.mpppst.gob.ve\/mpppstweb\/wp-content\/uploads\/2022\/01\/Ortega-768x427-1.jpg","articleSection":["Internacionales","Noticias"],"inLanguage":"es"},{"@type":"WebPage","@id":"https:\/\/www.mpppst.gob.ve\/mpppstweb\/index.php\/2022\/01\/11\/presidente-reelecto-daniel-ortega-los-pueblos-perdieron-el-miedo-y-hoy-resisten-con-dignidad\/","url":"https:\/\/www.mpppst.gob.ve\/mpppstweb\/index.php\/2022\/01\/11\/presidente-reelecto-daniel-ortega-los-pueblos-perdieron-el-miedo-y-hoy-resisten-con-dignidad\/","name":"Presidente reelecto Daniel Ortega: Los pueblos perdieron el miedo y hoy resisten con dignidad - MPPPST","isPartOf":{"@id":"https:\/\/www.mpppst.gob.ve\/mpppstweb\/#website"},"primaryImageOfPage":{"@id":"https:\/\/www.mpppst.gob.ve\/mpppstweb\/index.php\/2022\/01\/11\/presidente-reelecto-daniel-ortega-los-pueblos-perdieron-el-miedo-y-hoy-resisten-con-dignidad\/#primaryimage"},"image":{"@id":"https:\/\/www.mpppst.gob.ve\/mpppstweb\/index.php\/2022\/01\/11\/presidente-reelecto-daniel-ortega-los-pueblos-perdieron-el-miedo-y-hoy-resisten-con-dignidad\/#primaryimage"},"thumbnailUrl":"https:\/\/www.mpppst.gob.ve\/mpppstweb\/wp-content\/uploads\/2022\/01\/Ortega-768x427-1.jpg","datePublished":"2022-01-11T11:48:45+00:00","dateModified":"2022-01-11T11:48:46+00:00","breadcrumb":{"@id":"https:\/\/www.mpppst.gob.ve\/mpppstweb\/index.php\/2022\/01\/11\/presidente-reelecto-daniel-ortega-los-pueblos-perdieron-el-miedo-y-hoy-resisten-con-dignidad\/#breadcrumb"},"inLanguage":"es","potentialAction":[{"@type":"ReadAction","target":["https:\/\/www.mpppst.gob.ve\/mpppstweb\/index.php\/2022\/01\/11\/presidente-reelecto-daniel-ortega-los-pueblos-perdieron-el-miedo-y-hoy-resisten-con-dignidad\/"]}]},{"@type":"ImageObject","inLanguage":"es","@id":"https:\/\/www.mpppst.gob.ve\/mpppstweb\/index.php\/2022\/01\/11\/presidente-reelecto-daniel-ortega-los-pueblos-perdieron-el-miedo-y-hoy-resisten-con-dignidad\/#primaryimage","url":"https:\/\/www.mpppst.gob.ve\/mpppstweb\/wp-content\/uploads\/2022\/01\/Ortega-768x427-1.jpg","contentUrl":"https:\/\/www.mpppst.gob.ve\/mpppstweb\/wp-content\/uploads\/2022\/01\/Ortega-768x427-1.jpg","width":768,"height":427},{"@type":"BreadcrumbList","@id":"https:\/\/www.mpppst.gob.ve\/mpppstweb\/index.php\/2022\/01\/11\/presidente-reelecto-daniel-ortega-los-pueblos-perdieron-el-miedo-y-hoy-resisten-con-dignidad\/#breadcrumb","itemListElement":[{"@type":"ListItem","position":1,"name":"Home","item":"https:\/\/www.mpppst.gob.ve\/mpppstweb\/"},{"@type":"ListItem","position":2,"name":"Presidente reelecto Daniel Ortega: Los pueblos perdieron el miedo y hoy resisten con dignidad"}]},{"@type":"WebSite","@id":"https:\/\/www.mpppst.gob.ve\/mpppstweb\/#website","url":"https:\/\/www.mpppst.gob.ve\/mpppstweb\/","name":"MPPPST","description":"Sitio web oficial del Ministerio del Poder Popular para el Proceso Social de Trabajo","publisher":{"@id":"https:\/\/www.mpppst.gob.ve\/mpppstweb\/#organization"},"alternateName":"Ministerio del Poder Popular para el Proceso Social de Trabajo","potentialAction":[{"@type":"SearchAction","target":{"@type":"EntryPoint","urlTemplate":"https:\/\/www.mpppst.gob.ve\/mpppstweb\/?s={search_term_string}"},"query-input":{"@type":"PropertyValueSpecification","valueRequired":true,"valueName":"search_term_string"}}],"inLanguage":"es"},{"@type":"Organization","@id":"https:\/\/www.mpppst.gob.ve\/mpppstweb\/#organization","name":"Ministerio del Poder Popular para el Proceso Social de Trabajo","alternateName":"MPPPST","url":"https:\/\/www.mpppst.gob.ve\/mpppstweb\/","logo":{"@type":"ImageObject","inLanguage":"es","@id":"https:\/\/www.mpppst.gob.ve\/mpppstweb\/#\/schema\/logo\/image\/","url":"https:\/\/www.mpppst.gob.ve\/mpppstweb\/wp-content\/uploads\/2025\/07\/cropped-cropped-g910.png","contentUrl":"https:\/\/www.mpppst.gob.ve\/mpppstweb\/wp-content\/uploads\/2025\/07\/cropped-cropped-g910.png","width":1080,"height":241,"caption":"Ministerio del Poder Popular para el Proceso Social de Trabajo"},"image":{"@id":"https:\/\/www.mpppst.gob.ve\/mpppstweb\/#\/schema\/logo\/image\/"},"sameAs":["https:\/\/www.facebook.com\/mintrabajo_ve","https:\/\/www.instagram.com\/mintrabajo_ve\/","https:\/\/www.tiktok.com\/@mintrabajo_ve","https:\/\/t.me\/mpppst"]},{"@type":"Person","@id":"https:\/\/www.mpppst.gob.ve\/mpppstweb\/#\/schema\/person\/fc187ee8ead412bd4c9304b62f900ea4","name":"MPPPST Prensa","url":"https:\/\/www.mpppst.gob.ve\/mpppstweb\/index.php\/author\/prensa-mpppst\/"}]}},"_links":{"self":[{"href":"https:\/\/www.mpppst.gob.ve\/mpppstweb\/index.php\/wp-json\/wp\/v2\/posts\/24181","targetHints":{"allow":["GET"]}}],"collection":[{"href":"https:\/\/www.mpppst.gob.ve\/mpppstweb\/index.php\/wp-json\/wp\/v2\/posts"}],"about":[{"href":"https:\/\/www.mpppst.gob.ve\/mpppstweb\/index.php\/wp-json\/wp\/v2\/types\/post"}],"author":[{"embeddable":true,"href":"https:\/\/www.mpppst.gob.ve\/mpppstweb\/index.php\/wp-json\/wp\/v2\/users\/25"}],"replies":[{"embeddable":true,"href":"https:\/\/www.mpppst.gob.ve\/mpppstweb\/index.php\/wp-json\/wp\/v2\/comments?post=24181"}],"version-history":[{"count":1,"href":"https:\/\/www.mpppst.gob.ve\/mpppstweb\/index.php\/wp-json\/wp\/v2\/posts\/24181\/revisions"}],"predecessor-version":[{"id":24183,"href":"https:\/\/www.mpppst.gob.ve\/mpppstweb\/index.php\/wp-json\/wp\/v2\/posts\/24181\/revisions\/24183"}],"wp:featuredmedia":[{"embeddable":true,"href":"https:\/\/www.mpppst.gob.ve\/mpppstweb\/index.php\/wp-json\/wp\/v2\/media\/24182"}],"wp:attachment":[{"href":"https:\/\/www.mpppst.gob.ve\/mpppstweb\/index.php\/wp-json\/wp\/v2\/media?parent=24181"}],"wp:term":[{"taxonomy":"category","embeddable":true,"href":"https:\/\/www.mpppst.gob.ve\/mpppstweb\/index.php\/wp-json\/wp\/v2\/categories?post=24181"},{"taxonomy":"post_tag","embeddable":true,"href":"https:\/\/www.mpppst.gob.ve\/mpppstweb\/index.php\/wp-json\/wp\/v2\/tags?post=24181"}],"curies":[{"name":"wp","href":"https:\/\/api.w.org\/{rel}","templated":true}]}}