{"id":24222,"date":"2022-01-14T05:13:07","date_gmt":"2022-01-14T09:13:07","guid":{"rendered":"http:\/\/www.mpppst.gob.ve\/mpppstweb\/?p=24222"},"modified":"2022-01-14T05:13:08","modified_gmt":"2022-01-14T09:13:08","slug":"an-y-cne-afinan-agenda-de-trabajo-para-el-ano-2022-2023","status":"publish","type":"post","link":"https:\/\/www.mpppst.gob.ve\/mpppstweb\/index.php\/2022\/01\/14\/an-y-cne-afinan-agenda-de-trabajo-para-el-ano-2022-2023\/","title":{"rendered":"AN y CNE afinan agenda de trabajo para el a\u00f1o 2022-2023"},"content":{"rendered":"\n<p>Este jueves, el Consejo Nacional Electoral (CNE) y la Asamblea Nacional (AN), sostuvieron un encuentro con el objetivo de afinar estrategias como parte de la agenda de trabajo para el 2022-2023.<\/p>\n\n\n\n<p>El presidente del CNE, Pedro Calzadilla, se\u00f1al\u00f3 que \u201cfue una fruct\u00edfera reuni\u00f3n en donde hubo intercambio fluido de ideas. Esperamos que en este 2022 podamos avanzar en las tareas pendientes que tenemos ambas instituciones\u201d.&nbsp;<\/p>\n\n\n\n<p>Por su parte, Jorge Villarroel, coordinador de la Comisi\u00f3n designada por el presidente de la AN, Jorge Rodr\u00edguez, celebr\u00f3 la formalizaci\u00f3n de la nueva junta directiva ante el CNE, \u201cy el reconocimiento al esfuerzo que ha hecho el CNE como Poder Electoral en los \u00faltimos procesos como las megalececiones del 21 de noviembre, que fue un gran esfuerzo y victoria a nivel de pa\u00eds\u201d.<\/p>\n\n\n\n<p>Cabe mencionar que la Comisi\u00f3n de parlamentarios y parlamentarias de la AN entreg\u00f3 al Presidente del CNE, la notificaci\u00f3n formal sobre la nueva junta directiva y el inicio de sesiones para el periodo 2022-2023. \/ YD\/CP<\/p>\n\n\n\n<figure><iframe allowfullscreen=\"true\" class=\"\" src=\"https:\/\/platform.twitter.com\/embed\/Tweet.html?creatorScreenName=VTVcanal8&amp;dnt=false&amp;embedId=twitter-widget-0&amp;features=eyJ0ZndfZXhwZXJpbWVudHNfY29va2llX2V4cGlyYXRpb24iOnsiYnVja2V0IjoxMjA5NjAwLCJ2ZXJzaW9uIjpudWxsfSwidGZ3X2hvcml6b25fdHdlZXRfZW1iZWRfOTU1NSI6eyJidWNrZXQiOiJodGUiLCJ2ZXJzaW9uIjpudWxsfSwidGZ3X3NwYWNlX2NhcmQiOnsiYnVja2V0Ijoib2ZmIiwidmVyc2lvbiI6bnVsbH19&amp;frame=false&amp;hideCard=false&amp;hideThread=false&amp;id=1481683324112412679&amp;lang=es&amp;origin=https%3A%2F%2Fwww.vtv.gob.ve%2Fan-cne-afinan-agenda-trabajo-2022-2023%2F&amp;sessionId=57d43e4403bc3ccb20f35560746f8037c9eaafa0&amp;siteScreenName=VTVcanal8&amp;theme=light&amp;widgetsVersion=86e9194f%3A1641882287124&amp;width=550px\"><\/iframe><\/figure>\n","protected":false},"excerpt":{"rendered":"<p>Este jueves, el Consejo Nacional Electoral (CNE) y la Asamblea Nacional (AN), sostuvieron un encuentro con &hellip; <a title=\"AN y CNE afinan agenda de trabajo para el a\u00f1o 2022-2023\" class=\"hm-read-more\" href=\"https:\/\/www.mpppst.gob.ve\/mpppstweb\/index.php\/2022\/01\/14\/an-y-cne-afinan-agenda-de-trabajo-para-el-ano-2022-2023\/\"><span class=\"screen-reader-text\">AN y CNE afinan agenda de trabajo para el a\u00f1o 2022-2023<\/span>Read more<\/a><\/p>\n","protected":false},"author":25,"featured_media":24223,"comment_status":"closed","ping_status":"closed","sticky":false,"template":"","format":"standard","meta":{"footnotes":""},"categories":[395,82,163],"tags":[],"yoast_head":"<!-- This site is optimized with the Yoast SEO plugin v22.5 - https:\/\/yoast.com\/wordpress\/plugins\/seo\/ -->\n<title>AN y CNE afinan agenda de trabajo para el a\u00f1o 2022-2023 - MPPPST<\/title>\n<meta name=\"robots\" content=\"index, follow, max-snippet:-1, max-image-preview:large, max-video-preview:-1\" \/>\n<link rel=\"canonical\" href=\"https:\/\/www.mpppst.gob.ve\/mpppstweb\/index.php\/2022\/01\/14\/an-y-cne-afinan-agenda-de-trabajo-para-el-ano-2022-2023\/\" \/>\n<meta property=\"og:locale\" content=\"es_ES\" \/>\n<meta property=\"og:type\" content=\"article\" \/>\n<meta property=\"og:title\" content=\"AN y CNE afinan agenda de trabajo para el a\u00f1o 2022-2023 - MPPPST\" \/>\n<meta property=\"og:description\" content=\"Este jueves, el Consejo Nacional Electoral (CNE) y la Asamblea Nacional (AN), sostuvieron un encuentro con &hellip; AN y CNE afinan agenda de trabajo para el a\u00f1o 2022-2023Read more\" \/>\n<meta property=\"og:url\" content=\"https:\/\/www.mpppst.gob.ve\/mpppstweb\/index.php\/2022\/01\/14\/an-y-cne-afinan-agenda-de-trabajo-para-el-ano-2022-2023\/\" \/>\n<meta property=\"og:site_name\" content=\"MPPPST\" \/>\n<meta property=\"article:published_time\" content=\"2022-01-14T09:13:07+00:00\" \/>\n<meta property=\"article:modified_time\" content=\"2022-01-14T09:13:08+00:00\" \/>\n<meta property=\"og:image\" content=\"https:\/\/www.mpppst.gob.ve\/mpppstweb\/wp-content\/uploads\/2022\/01\/AFINAN-768x427-1.png\" \/>\n\t<meta property=\"og:image:width\" content=\"768\" \/>\n\t<meta property=\"og:image:height\" content=\"427\" \/>\n\t<meta property=\"og:image:type\" content=\"image\/png\" \/>\n<meta name=\"author\" content=\"MPPPST Prensa\" \/>\n<meta name=\"twitter:card\" content=\"summary_large_image\" \/>\n<meta name=\"twitter:label1\" content=\"Escrito por\" \/>\n\t<meta name=\"twitter:data1\" content=\"MPPPST Prensa\" \/>\n\t<meta name=\"twitter:label2\" content=\"Tiempo de lectura\" \/>\n\t<meta name=\"twitter:data2\" content=\"1 minuto\" \/>\n<script type=\"application\/ld+json\" class=\"yoast-schema-graph\">{\"@context\":\"https:\/\/schema.org\",\"@graph\":[{\"@type\":\"Article\",\"@id\":\"https:\/\/www.mpppst.gob.ve\/mpppstweb\/index.php\/2022\/01\/14\/an-y-cne-afinan-agenda-de-trabajo-para-el-ano-2022-2023\/#article\",\"isPartOf\":{\"@id\":\"https:\/\/www.mpppst.gob.ve\/mpppstweb\/index.php\/2022\/01\/14\/an-y-cne-afinan-agenda-de-trabajo-para-el-ano-2022-2023\/\"},\"author\":{\"name\":\"MPPPST Prensa\",\"@id\":\"https:\/\/www.mpppst.gob.ve\/mpppstweb\/#\/schema\/person\/fc187ee8ead412bd4c9304b62f900ea4\"},\"headline\":\"AN y CNE afinan agenda de trabajo para el a\u00f1o 2022-2023\",\"datePublished\":\"2022-01-14T09:13:07+00:00\",\"dateModified\":\"2022-01-14T09:13:08+00:00\",\"mainEntityOfPage\":{\"@id\":\"https:\/\/www.mpppst.gob.ve\/mpppstweb\/index.php\/2022\/01\/14\/an-y-cne-afinan-agenda-de-trabajo-para-el-ano-2022-2023\/\"},\"wordCount\":185,\"publisher\":{\"@id\":\"https:\/\/www.mpppst.gob.ve\/mpppstweb\/#organization\"},\"image\":{\"@id\":\"https:\/\/www.mpppst.gob.ve\/mpppstweb\/index.php\/2022\/01\/14\/an-y-cne-afinan-agenda-de-trabajo-para-el-ano-2022-2023\/#primaryimage\"},\"thumbnailUrl\":\"https:\/\/www.mpppst.gob.ve\/mpppstweb\/wp-content\/uploads\/2022\/01\/AFINAN-768x427-1.png\",\"articleSection\":[\"CNE\",\"Gobierno Nacional\",\"Noticias\"],\"inLanguage\":\"es\"},{\"@type\":\"WebPage\",\"@id\":\"https:\/\/www.mpppst.gob.ve\/mpppstweb\/index.php\/2022\/01\/14\/an-y-cne-afinan-agenda-de-trabajo-para-el-ano-2022-2023\/\",\"url\":\"https:\/\/www.mpppst.gob.ve\/mpppstweb\/index.php\/2022\/01\/14\/an-y-cne-afinan-agenda-de-trabajo-para-el-ano-2022-2023\/\",\"name\":\"AN y CNE afinan agenda de trabajo para el a\u00f1o 2022-2023 - MPPPST\",\"isPartOf\":{\"@id\":\"https:\/\/www.mpppst.gob.ve\/mpppstweb\/#website\"},\"primaryImageOfPage\":{\"@id\":\"https:\/\/www.mpppst.gob.ve\/mpppstweb\/index.php\/2022\/01\/14\/an-y-cne-afinan-agenda-de-trabajo-para-el-ano-2022-2023\/#primaryimage\"},\"image\":{\"@id\":\"https:\/\/www.mpppst.gob.ve\/mpppstweb\/index.php\/2022\/01\/14\/an-y-cne-afinan-agenda-de-trabajo-para-el-ano-2022-2023\/#primaryimage\"},\"thumbnailUrl\":\"https:\/\/www.mpppst.gob.ve\/mpppstweb\/wp-content\/uploads\/2022\/01\/AFINAN-768x427-1.png\",\"datePublished\":\"2022-01-14T09:13:07+00:00\",\"dateModified\":\"2022-01-14T09:13:08+00:00\",\"breadcrumb\":{\"@id\":\"https:\/\/www.mpppst.gob.ve\/mpppstweb\/index.php\/2022\/01\/14\/an-y-cne-afinan-agenda-de-trabajo-para-el-ano-2022-2023\/#breadcrumb\"},\"inLanguage\":\"es\",\"potentialAction\":[{\"@type\":\"ReadAction\",\"target\":[\"https:\/\/www.mpppst.gob.ve\/mpppstweb\/index.php\/2022\/01\/14\/an-y-cne-afinan-agenda-de-trabajo-para-el-ano-2022-2023\/\"]}]},{\"@type\":\"ImageObject\",\"inLanguage\":\"es\",\"@id\":\"https:\/\/www.mpppst.gob.ve\/mpppstweb\/index.php\/2022\/01\/14\/an-y-cne-afinan-agenda-de-trabajo-para-el-ano-2022-2023\/#primaryimage\",\"url\":\"https:\/\/www.mpppst.gob.ve\/mpppstweb\/wp-content\/uploads\/2022\/01\/AFINAN-768x427-1.png\",\"contentUrl\":\"https:\/\/www.mpppst.gob.ve\/mpppstweb\/wp-content\/uploads\/2022\/01\/AFINAN-768x427-1.png\",\"width\":768,\"height\":427},{\"@type\":\"BreadcrumbList\",\"@id\":\"https:\/\/www.mpppst.gob.ve\/mpppstweb\/index.php\/2022\/01\/14\/an-y-cne-afinan-agenda-de-trabajo-para-el-ano-2022-2023\/#breadcrumb\",\"itemListElement\":[{\"@type\":\"ListItem\",\"position\":1,\"name\":\"Home\",\"item\":\"https:\/\/www.mpppst.gob.ve\/mpppstweb\/\"},{\"@type\":\"ListItem\",\"position\":2,\"name\":\"AN y CNE afinan agenda de trabajo para el a\u00f1o 2022-2023\"}]},{\"@type\":\"WebSite\",\"@id\":\"https:\/\/www.mpppst.gob.ve\/mpppstweb\/#website\",\"url\":\"https:\/\/www.mpppst.gob.ve\/mpppstweb\/\",\"name\":\"MPPPST\",\"description\":\"Ministerio del Poder Popular para el Proceso Social de Trabajo\",\"publisher\":{\"@id\":\"https:\/\/www.mpppst.gob.ve\/mpppstweb\/#organization\"},\"potentialAction\":[{\"@type\":\"SearchAction\",\"target\":{\"@type\":\"EntryPoint\",\"urlTemplate\":\"https:\/\/www.mpppst.gob.ve\/mpppstweb\/?s={search_term_string}\"},\"query-input\":\"required name=search_term_string\"}],\"inLanguage\":\"es\"},{\"@type\":\"Organization\",\"@id\":\"https:\/\/www.mpppst.gob.ve\/mpppstweb\/#organization\",\"name\":\"mpppst\",\"url\":\"https:\/\/www.mpppst.gob.ve\/mpppstweb\/\",\"logo\":{\"@type\":\"ImageObject\",\"inLanguage\":\"es\",\"@id\":\"https:\/\/www.mpppst.gob.ve\/mpppstweb\/#\/schema\/logo\/image\/\",\"url\":\"https:\/\/www.mpppst.gob.ve\/mpppstweb\/wp-content\/uploads\/2025\/07\/cropped-cropped-g910.png\",\"contentUrl\":\"https:\/\/www.mpppst.gob.ve\/mpppstweb\/wp-content\/uploads\/2025\/07\/cropped-cropped-g910.png\",\"width\":1080,\"height\":241,\"caption\":\"mpppst\"},\"image\":{\"@id\":\"https:\/\/www.mpppst.gob.ve\/mpppstweb\/#\/schema\/logo\/image\/\"}},{\"@type\":\"Person\",\"@id\":\"https:\/\/www.mpppst.gob.ve\/mpppstweb\/#\/schema\/person\/fc187ee8ead412bd4c9304b62f900ea4\",\"name\":\"MPPPST Prensa\",\"url\":\"https:\/\/www.mpppst.gob.ve\/mpppstweb\/index.php\/author\/prensa-mpppst\/\"}]}<\/script>\n<!-- \/ Yoast SEO plugin. -->","yoast_head_json":{"title":"AN y CNE afinan agenda de trabajo para el a\u00f1o 2022-2023 - MPPPST","robots":{"index":"index","follow":"follow","max-snippet":"max-snippet:-1","max-image-preview":"max-image-preview:large","max-video-preview":"max-video-preview:-1"},"canonical":"https:\/\/www.mpppst.gob.ve\/mpppstweb\/index.php\/2022\/01\/14\/an-y-cne-afinan-agenda-de-trabajo-para-el-ano-2022-2023\/","og_locale":"es_ES","og_type":"article","og_title":"AN y CNE afinan agenda de trabajo para el a\u00f1o 2022-2023 - MPPPST","og_description":"Este jueves, el Consejo Nacional Electoral (CNE) y la Asamblea Nacional (AN), sostuvieron un encuentro con &hellip; AN y CNE afinan agenda de trabajo para el a\u00f1o 2022-2023Read more","og_url":"https:\/\/www.mpppst.gob.ve\/mpppstweb\/index.php\/2022\/01\/14\/an-y-cne-afinan-agenda-de-trabajo-para-el-ano-2022-2023\/","og_site_name":"MPPPST","article_published_time":"2022-01-14T09:13:07+00:00","article_modified_time":"2022-01-14T09:13:08+00:00","og_image":[{"width":768,"height":427,"url":"https:\/\/www.mpppst.gob.ve\/mpppstweb\/wp-content\/uploads\/2022\/01\/AFINAN-768x427-1.png","type":"image\/png"}],"author":"MPPPST Prensa","twitter_card":"summary_large_image","twitter_misc":{"Escrito por":"MPPPST Prensa","Tiempo de lectura":"1 minuto"},"schema":{"@context":"https:\/\/schema.org","@graph":[{"@type":"Article","@id":"https:\/\/www.mpppst.gob.ve\/mpppstweb\/index.php\/2022\/01\/14\/an-y-cne-afinan-agenda-de-trabajo-para-el-ano-2022-2023\/#article","isPartOf":{"@id":"https:\/\/www.mpppst.gob.ve\/mpppstweb\/index.php\/2022\/01\/14\/an-y-cne-afinan-agenda-de-trabajo-para-el-ano-2022-2023\/"},"author":{"name":"MPPPST Prensa","@id":"https:\/\/www.mpppst.gob.ve\/mpppstweb\/#\/schema\/person\/fc187ee8ead412bd4c9304b62f900ea4"},"headline":"AN y CNE afinan agenda de trabajo para el a\u00f1o 2022-2023","datePublished":"2022-01-14T09:13:07+00:00","dateModified":"2022-01-14T09:13:08+00:00","mainEntityOfPage":{"@id":"https:\/\/www.mpppst.gob.ve\/mpppstweb\/index.php\/2022\/01\/14\/an-y-cne-afinan-agenda-de-trabajo-para-el-ano-2022-2023\/"},"wordCount":185,"publisher":{"@id":"https:\/\/www.mpppst.gob.ve\/mpppstweb\/#organization"},"image":{"@id":"https:\/\/www.mpppst.gob.ve\/mpppstweb\/index.php\/2022\/01\/14\/an-y-cne-afinan-agenda-de-trabajo-para-el-ano-2022-2023\/#primaryimage"},"thumbnailUrl":"https:\/\/www.mpppst.gob.ve\/mpppstweb\/wp-content\/uploads\/2022\/01\/AFINAN-768x427-1.png","articleSection":["CNE","Gobierno Nacional","Noticias"],"inLanguage":"es"},{"@type":"WebPage","@id":"https:\/\/www.mpppst.gob.ve\/mpppstweb\/index.php\/2022\/01\/14\/an-y-cne-afinan-agenda-de-trabajo-para-el-ano-2022-2023\/","url":"https:\/\/www.mpppst.gob.ve\/mpppstweb\/index.php\/2022\/01\/14\/an-y-cne-afinan-agenda-de-trabajo-para-el-ano-2022-2023\/","name":"AN y CNE afinan agenda de trabajo para el a\u00f1o 2022-2023 - MPPPST","isPartOf":{"@id":"https:\/\/www.mpppst.gob.ve\/mpppstweb\/#website"},"primaryImageOfPage":{"@id":"https:\/\/www.mpppst.gob.ve\/mpppstweb\/index.php\/2022\/01\/14\/an-y-cne-afinan-agenda-de-trabajo-para-el-ano-2022-2023\/#primaryimage"},"image":{"@id":"https:\/\/www.mpppst.gob.ve\/mpppstweb\/index.php\/2022\/01\/14\/an-y-cne-afinan-agenda-de-trabajo-para-el-ano-2022-2023\/#primaryimage"},"thumbnailUrl":"https:\/\/www.mpppst.gob.ve\/mpppstweb\/wp-content\/uploads\/2022\/01\/AFINAN-768x427-1.png","datePublished":"2022-01-14T09:13:07+00:00","dateModified":"2022-01-14T09:13:08+00:00","breadcrumb":{"@id":"https:\/\/www.mpppst.gob.ve\/mpppstweb\/index.php\/2022\/01\/14\/an-y-cne-afinan-agenda-de-trabajo-para-el-ano-2022-2023\/#breadcrumb"},"inLanguage":"es","potentialAction":[{"@type":"ReadAction","target":["https:\/\/www.mpppst.gob.ve\/mpppstweb\/index.php\/2022\/01\/14\/an-y-cne-afinan-agenda-de-trabajo-para-el-ano-2022-2023\/"]}]},{"@type":"ImageObject","inLanguage":"es","@id":"https:\/\/www.mpppst.gob.ve\/mpppstweb\/index.php\/2022\/01\/14\/an-y-cne-afinan-agenda-de-trabajo-para-el-ano-2022-2023\/#primaryimage","url":"https:\/\/www.mpppst.gob.ve\/mpppstweb\/wp-content\/uploads\/2022\/01\/AFINAN-768x427-1.png","contentUrl":"https:\/\/www.mpppst.gob.ve\/mpppstweb\/wp-content\/uploads\/2022\/01\/AFINAN-768x427-1.png","width":768,"height":427},{"@type":"BreadcrumbList","@id":"https:\/\/www.mpppst.gob.ve\/mpppstweb\/index.php\/2022\/01\/14\/an-y-cne-afinan-agenda-de-trabajo-para-el-ano-2022-2023\/#breadcrumb","itemListElement":[{"@type":"ListItem","position":1,"name":"Home","item":"https:\/\/www.mpppst.gob.ve\/mpppstweb\/"},{"@type":"ListItem","position":2,"name":"AN y CNE afinan agenda de trabajo para el a\u00f1o 2022-2023"}]},{"@type":"WebSite","@id":"https:\/\/www.mpppst.gob.ve\/mpppstweb\/#website","url":"https:\/\/www.mpppst.gob.ve\/mpppstweb\/","name":"MPPPST","description":"Ministerio del Poder Popular para el Proceso Social de Trabajo","publisher":{"@id":"https:\/\/www.mpppst.gob.ve\/mpppstweb\/#organization"},"potentialAction":[{"@type":"SearchAction","target":{"@type":"EntryPoint","urlTemplate":"https:\/\/www.mpppst.gob.ve\/mpppstweb\/?s={search_term_string}"},"query-input":"required name=search_term_string"}],"inLanguage":"es"},{"@type":"Organization","@id":"https:\/\/www.mpppst.gob.ve\/mpppstweb\/#organization","name":"mpppst","url":"https:\/\/www.mpppst.gob.ve\/mpppstweb\/","logo":{"@type":"ImageObject","inLanguage":"es","@id":"https:\/\/www.mpppst.gob.ve\/mpppstweb\/#\/schema\/logo\/image\/","url":"https:\/\/www.mpppst.gob.ve\/mpppstweb\/wp-content\/uploads\/2025\/07\/cropped-cropped-g910.png","contentUrl":"https:\/\/www.mpppst.gob.ve\/mpppstweb\/wp-content\/uploads\/2025\/07\/cropped-cropped-g910.png","width":1080,"height":241,"caption":"mpppst"},"image":{"@id":"https:\/\/www.mpppst.gob.ve\/mpppstweb\/#\/schema\/logo\/image\/"}},{"@type":"Person","@id":"https:\/\/www.mpppst.gob.ve\/mpppstweb\/#\/schema\/person\/fc187ee8ead412bd4c9304b62f900ea4","name":"MPPPST Prensa","url":"https:\/\/www.mpppst.gob.ve\/mpppstweb\/index.php\/author\/prensa-mpppst\/"}]}},"_links":{"self":[{"href":"https:\/\/www.mpppst.gob.ve\/mpppstweb\/index.php\/wp-json\/wp\/v2\/posts\/24222"}],"collection":[{"href":"https:\/\/www.mpppst.gob.ve\/mpppstweb\/index.php\/wp-json\/wp\/v2\/posts"}],"about":[{"href":"https:\/\/www.mpppst.gob.ve\/mpppstweb\/index.php\/wp-json\/wp\/v2\/types\/post"}],"author":[{"embeddable":true,"href":"https:\/\/www.mpppst.gob.ve\/mpppstweb\/index.php\/wp-json\/wp\/v2\/users\/25"}],"replies":[{"embeddable":true,"href":"https:\/\/www.mpppst.gob.ve\/mpppstweb\/index.php\/wp-json\/wp\/v2\/comments?post=24222"}],"version-history":[{"count":1,"href":"https:\/\/www.mpppst.gob.ve\/mpppstweb\/index.php\/wp-json\/wp\/v2\/posts\/24222\/revisions"}],"predecessor-version":[{"id":24224,"href":"https:\/\/www.mpppst.gob.ve\/mpppstweb\/index.php\/wp-json\/wp\/v2\/posts\/24222\/revisions\/24224"}],"wp:featuredmedia":[{"embeddable":true,"href":"https:\/\/www.mpppst.gob.ve\/mpppstweb\/index.php\/wp-json\/wp\/v2\/media\/24223"}],"wp:attachment":[{"href":"https:\/\/www.mpppst.gob.ve\/mpppstweb\/index.php\/wp-json\/wp\/v2\/media?parent=24222"}],"wp:term":[{"taxonomy":"category","embeddable":true,"href":"https:\/\/www.mpppst.gob.ve\/mpppstweb\/index.php\/wp-json\/wp\/v2\/categories?post=24222"},{"taxonomy":"post_tag","embeddable":true,"href":"https:\/\/www.mpppst.gob.ve\/mpppstweb\/index.php\/wp-json\/wp\/v2\/tags?post=24222"}],"curies":[{"name":"wp","href":"https:\/\/api.w.org\/{rel}","templated":true}]}}