{"id":24508,"date":"2022-08-03T19:08:47","date_gmt":"2022-08-03T23:08:47","guid":{"rendered":"http:\/\/www.mpppst.gob.ve\/mpppstweb\/?p=24508"},"modified":"2022-08-03T19:08:50","modified_gmt":"2022-08-03T23:08:50","slug":"ministro-torrealba-recibe-proyectos-y-firma-convencion-colectiva-de-ipostel","status":"publish","type":"post","link":"https:\/\/www.mpppst.gob.ve\/mpppstweb\/index.php\/2022\/08\/03\/ministro-torrealba-recibe-proyectos-y-firma-convencion-colectiva-de-ipostel\/","title":{"rendered":"Ministro Torrealba recibe proyectos y firma convenci\u00f3n colectiva de Ipostel"},"content":{"rendered":"\n<p class=\"wp-block-paragraph\">El ministro del Poder Popular para el Proceso Social de Trabajo, Francisco Torrealba, recibi\u00f3 los proyectos de la Segunda Convenci\u00f3n Colectiva del Instituto Postal Telegr\u00e1fico de Venezuela (Ipostel) y homolog\u00f3 la IV Convenci\u00f3n Colectiva del sector universitario.<\/p>\n\n\n\n<p class=\"wp-block-paragraph\">La informaci\u00f3n la dio a conocer el titular de la mencionada cartera a trav\u00e9s de la publicaci\u00f3n de un v\u00eddeo en la red social Twitter, en donde se\u00f1al\u00f3 que recibi\u00f3 los cincos ejemplares del proyecto de la Segunda Convenci\u00f3n Colectiva de los trabajadores de Ipostel.<\/p>\n\n\n\n<p class=\"wp-block-paragraph\">Durante el encuentro con los trabajadores de Ipostel, el ministro Torrealba report\u00f3 la suscripci\u00f3n del acta de homologaci\u00f3n de la IV Convenci\u00f3n Colectiva del sector universitario, dirigida por la Junta Directiva de la Federaci\u00f3n de Trabajadores Universitarios de Venezuela (FTUV) y por la ministra de Educaci\u00f3n Universitaria, Tibisay Lucena.<\/p>\n\n\n\n<figure class=\"wp-block-embed-twitter wp-block-embed is-type-rich is-provider-twitter\"><div class=\"wp-block-embed__wrapper\">\n<blockquote class=\"twitter-tweet\" data-width=\"500\" data-dnt=\"true\"><p lang=\"es\" dir=\"ltr\"><a href=\"https:\/\/x.com\/hashtag\/3Ago?src=hash&amp;ref_src=twsrc%5Etfw\">#3Ago<\/a> | Recibimos el proyecto de la 2da Convenci\u00f3n Colectiva junto a los Trabajadores y Trabajadoras del  Sindicato de <a href=\"https:\/\/x.com\/ipostel_ve?ref_src=twsrc%5Etfw\">@ipostel_ve<\/a>, asegur\u00e1ndonos del bienestar, el progreso y la producci\u00f3n de la Clase Obrera que conforma este sector.<a href=\"https:\/\/x.com\/hashtag\/VivaElTricolorNacional?src=hash&amp;ref_src=twsrc%5Etfw\">#VivaElTricolorNacional<\/a> <a href=\"https:\/\/x.com\/NicolasMaduro?ref_src=twsrc%5Etfw\">@NicolasMaduro<\/a> <a href=\"https:\/\/t.co\/GDyWOJ3aCS\">pic.twitter.com\/GDyWOJ3aCS<\/a><\/p>&mdash; Francisco Torrealba (@torrealbaf) <a href=\"https:\/\/x.com\/torrealbaf\/status\/1554873569963872256?ref_src=twsrc%5Etfw\">August 3, 2022<\/a><\/blockquote><script async src=\"https:\/\/platform.x.com\/widgets.js\" charset=\"utf-8\"><\/script>\n<\/div><\/figure>\n","protected":false},"excerpt":{"rendered":"<p>El ministro del Poder Popular para el Proceso Social de Trabajo, Francisco Torrealba, recibi\u00f3 los proyectos &hellip; <a title=\"Ministro Torrealba recibe proyectos y firma convenci\u00f3n colectiva de Ipostel\" class=\"hm-read-more\" href=\"https:\/\/www.mpppst.gob.ve\/mpppstweb\/index.php\/2022\/08\/03\/ministro-torrealba-recibe-proyectos-y-firma-convencion-colectiva-de-ipostel\/\"><span class=\"screen-reader-text\">Ministro Torrealba recibe proyectos y firma convenci\u00f3n colectiva de Ipostel<\/span>Leer m\u00e1s<\/a><\/p>\n","protected":false},"author":25,"featured_media":24509,"comment_status":"closed","ping_status":"closed","sticky":false,"template":"","format":"standard","meta":{"footnotes":""},"categories":[312,82,163],"tags":[],"class_list":["post-24508","post","type-post","status-publish","format-standard","has-post-thumbnail","hentry","category-contratos-colectivos","category-gobierno-nacional","category-noticias"],"yoast_head":"<!-- This site is optimized with the Yoast SEO plugin v28.4 - https:\/\/yoast.com\/product\/yoast-seo-wordpress\/ -->\n<title>Ministro Torrealba recibe proyectos y firma convenci\u00f3n colectiva de Ipostel - MPPPST<\/title>\n<meta name=\"robots\" content=\"index, follow, max-snippet:-1, max-image-preview:large, max-video-preview:-1\" \/>\n<link rel=\"canonical\" href=\"https:\/\/www.mpppst.gob.ve\/mpppstweb\/index.php\/2022\/08\/03\/ministro-torrealba-recibe-proyectos-y-firma-convencion-colectiva-de-ipostel\/\" \/>\n<meta property=\"og:locale\" content=\"es_ES\" \/>\n<meta property=\"og:type\" content=\"article\" \/>\n<meta property=\"og:title\" content=\"Ministro Torrealba recibe proyectos y firma convenci\u00f3n colectiva de Ipostel - MPPPST\" \/>\n<meta property=\"og:description\" content=\"El ministro del Poder Popular para el Proceso Social de Trabajo, Francisco Torrealba, recibi\u00f3 los proyectos &hellip; Ministro Torrealba recibe proyectos y firma convenci\u00f3n colectiva de IpostelLeer m\u00e1s\" \/>\n<meta property=\"og:url\" content=\"https:\/\/www.mpppst.gob.ve\/mpppstweb\/index.php\/2022\/08\/03\/ministro-torrealba-recibe-proyectos-y-firma-convencion-colectiva-de-ipostel\/\" \/>\n<meta property=\"og:site_name\" content=\"MPPPST\" \/>\n<meta property=\"article:publisher\" content=\"https:\/\/www.facebook.com\/mintrabajo_ve\" \/>\n<meta property=\"article:published_time\" content=\"2022-08-03T23:08:47+00:00\" \/>\n<meta property=\"article:modified_time\" content=\"2022-08-03T23:08:50+00:00\" \/>\n<meta property=\"og:image\" content=\"https:\/\/www.mpppst.gob.ve\/mpppstweb\/wp-content\/uploads\/2022\/08\/Fotograma-768x427-1.png\" \/>\n\t<meta property=\"og:image:width\" content=\"768\" \/>\n\t<meta property=\"og:image:height\" content=\"427\" \/>\n\t<meta property=\"og:image:type\" content=\"image\/png\" \/>\n<meta name=\"author\" content=\"MPPPST Prensa\" \/>\n<meta name=\"twitter:card\" content=\"summary_large_image\" \/>\n<script type=\"application\/ld+json\" class=\"yoast-schema-graph\">{\"@context\":\"https:\\\/\\\/schema.org\",\"@graph\":[{\"@type\":\"Article\",\"@id\":\"https:\\\/\\\/www.mpppst.gob.ve\\\/mpppstweb\\\/index.php\\\/2022\\\/08\\\/03\\\/ministro-torrealba-recibe-proyectos-y-firma-convencion-colectiva-de-ipostel\\\/#article\",\"isPartOf\":{\"@id\":\"https:\\\/\\\/www.mpppst.gob.ve\\\/mpppstweb\\\/index.php\\\/2022\\\/08\\\/03\\\/ministro-torrealba-recibe-proyectos-y-firma-convencion-colectiva-de-ipostel\\\/\"},\"author\":{\"name\":\"MPPPST Prensa\",\"@id\":\"https:\\\/\\\/www.mpppst.gob.ve\\\/mpppstweb\\\/#\\\/schema\\\/person\\\/fc187ee8ead412bd4c9304b62f900ea4\"},\"headline\":\"Ministro Torrealba recibe proyectos y firma convenci\u00f3n colectiva de Ipostel\",\"datePublished\":\"2022-08-03T23:08:47+00:00\",\"dateModified\":\"2022-08-03T23:08:50+00:00\",\"mainEntityOfPage\":{\"@id\":\"https:\\\/\\\/www.mpppst.gob.ve\\\/mpppstweb\\\/index.php\\\/2022\\\/08\\\/03\\\/ministro-torrealba-recibe-proyectos-y-firma-convencion-colectiva-de-ipostel\\\/\"},\"wordCount\":170,\"publisher\":{\"@id\":\"https:\\\/\\\/www.mpppst.gob.ve\\\/mpppstweb\\\/#organization\"},\"image\":{\"@id\":\"https:\\\/\\\/www.mpppst.gob.ve\\\/mpppstweb\\\/index.php\\\/2022\\\/08\\\/03\\\/ministro-torrealba-recibe-proyectos-y-firma-convencion-colectiva-de-ipostel\\\/#primaryimage\"},\"thumbnailUrl\":\"https:\\\/\\\/www.mpppst.gob.ve\\\/mpppstweb\\\/wp-content\\\/uploads\\\/2022\\\/08\\\/Fotograma-768x427-1.png\",\"articleSection\":[\"Contratos Colectivos\",\"Gobierno Nacional\",\"Noticias\"],\"inLanguage\":\"es\"},{\"@type\":\"WebPage\",\"@id\":\"https:\\\/\\\/www.mpppst.gob.ve\\\/mpppstweb\\\/index.php\\\/2022\\\/08\\\/03\\\/ministro-torrealba-recibe-proyectos-y-firma-convencion-colectiva-de-ipostel\\\/\",\"url\":\"https:\\\/\\\/www.mpppst.gob.ve\\\/mpppstweb\\\/index.php\\\/2022\\\/08\\\/03\\\/ministro-torrealba-recibe-proyectos-y-firma-convencion-colectiva-de-ipostel\\\/\",\"name\":\"Ministro Torrealba recibe proyectos y firma convenci\u00f3n colectiva de Ipostel - MPPPST\",\"isPartOf\":{\"@id\":\"https:\\\/\\\/www.mpppst.gob.ve\\\/mpppstweb\\\/#website\"},\"primaryImageOfPage\":{\"@id\":\"https:\\\/\\\/www.mpppst.gob.ve\\\/mpppstweb\\\/index.php\\\/2022\\\/08\\\/03\\\/ministro-torrealba-recibe-proyectos-y-firma-convencion-colectiva-de-ipostel\\\/#primaryimage\"},\"image\":{\"@id\":\"https:\\\/\\\/www.mpppst.gob.ve\\\/mpppstweb\\\/index.php\\\/2022\\\/08\\\/03\\\/ministro-torrealba-recibe-proyectos-y-firma-convencion-colectiva-de-ipostel\\\/#primaryimage\"},\"thumbnailUrl\":\"https:\\\/\\\/www.mpppst.gob.ve\\\/mpppstweb\\\/wp-content\\\/uploads\\\/2022\\\/08\\\/Fotograma-768x427-1.png\",\"datePublished\":\"2022-08-03T23:08:47+00:00\",\"dateModified\":\"2022-08-03T23:08:50+00:00\",\"breadcrumb\":{\"@id\":\"https:\\\/\\\/www.mpppst.gob.ve\\\/mpppstweb\\\/index.php\\\/2022\\\/08\\\/03\\\/ministro-torrealba-recibe-proyectos-y-firma-convencion-colectiva-de-ipostel\\\/#breadcrumb\"},\"inLanguage\":\"es\",\"potentialAction\":[{\"@type\":\"ReadAction\",\"target\":[\"https:\\\/\\\/www.mpppst.gob.ve\\\/mpppstweb\\\/index.php\\\/2022\\\/08\\\/03\\\/ministro-torrealba-recibe-proyectos-y-firma-convencion-colectiva-de-ipostel\\\/\"]}]},{\"@type\":\"ImageObject\",\"inLanguage\":\"es\",\"@id\":\"https:\\\/\\\/www.mpppst.gob.ve\\\/mpppstweb\\\/index.php\\\/2022\\\/08\\\/03\\\/ministro-torrealba-recibe-proyectos-y-firma-convencion-colectiva-de-ipostel\\\/#primaryimage\",\"url\":\"https:\\\/\\\/www.mpppst.gob.ve\\\/mpppstweb\\\/wp-content\\\/uploads\\\/2022\\\/08\\\/Fotograma-768x427-1.png\",\"contentUrl\":\"https:\\\/\\\/www.mpppst.gob.ve\\\/mpppstweb\\\/wp-content\\\/uploads\\\/2022\\\/08\\\/Fotograma-768x427-1.png\",\"width\":768,\"height\":427},{\"@type\":\"BreadcrumbList\",\"@id\":\"https:\\\/\\\/www.mpppst.gob.ve\\\/mpppstweb\\\/index.php\\\/2022\\\/08\\\/03\\\/ministro-torrealba-recibe-proyectos-y-firma-convencion-colectiva-de-ipostel\\\/#breadcrumb\",\"itemListElement\":[{\"@type\":\"ListItem\",\"position\":1,\"name\":\"Home\",\"item\":\"https:\\\/\\\/www.mpppst.gob.ve\\\/mpppstweb\\\/\"},{\"@type\":\"ListItem\",\"position\":2,\"name\":\"Ministro Torrealba recibe proyectos y firma convenci\u00f3n colectiva de Ipostel\"}]},{\"@type\":\"WebSite\",\"@id\":\"https:\\\/\\\/www.mpppst.gob.ve\\\/mpppstweb\\\/#website\",\"url\":\"https:\\\/\\\/www.mpppst.gob.ve\\\/mpppstweb\\\/\",\"name\":\"MPPPST\",\"description\":\"Sitio web oficial del Ministerio del Poder Popular para el Proceso Social de Trabajo\",\"publisher\":{\"@id\":\"https:\\\/\\\/www.mpppst.gob.ve\\\/mpppstweb\\\/#organization\"},\"alternateName\":\"Ministerio del Poder Popular para el Proceso Social de Trabajo\",\"potentialAction\":[{\"@type\":\"SearchAction\",\"target\":{\"@type\":\"EntryPoint\",\"urlTemplate\":\"https:\\\/\\\/www.mpppst.gob.ve\\\/mpppstweb\\\/?s={search_term_string}\"},\"query-input\":{\"@type\":\"PropertyValueSpecification\",\"valueRequired\":true,\"valueName\":\"search_term_string\"}}],\"inLanguage\":\"es\"},{\"@type\":\"Organization\",\"@id\":\"https:\\\/\\\/www.mpppst.gob.ve\\\/mpppstweb\\\/#organization\",\"name\":\"Ministerio del Poder Popular para el Proceso Social de Trabajo\",\"alternateName\":\"MPPPST\",\"url\":\"https:\\\/\\\/www.mpppst.gob.ve\\\/mpppstweb\\\/\",\"logo\":{\"@type\":\"ImageObject\",\"inLanguage\":\"es\",\"@id\":\"https:\\\/\\\/www.mpppst.gob.ve\\\/mpppstweb\\\/#\\\/schema\\\/logo\\\/image\\\/\",\"url\":\"https:\\\/\\\/www.mpppst.gob.ve\\\/mpppstweb\\\/wp-content\\\/uploads\\\/2025\\\/07\\\/cropped-cropped-g910.png\",\"contentUrl\":\"https:\\\/\\\/www.mpppst.gob.ve\\\/mpppstweb\\\/wp-content\\\/uploads\\\/2025\\\/07\\\/cropped-cropped-g910.png\",\"width\":1080,\"height\":241,\"caption\":\"Ministerio del Poder Popular para el Proceso Social de Trabajo\"},\"image\":{\"@id\":\"https:\\\/\\\/www.mpppst.gob.ve\\\/mpppstweb\\\/#\\\/schema\\\/logo\\\/image\\\/\"},\"sameAs\":[\"https:\\\/\\\/www.facebook.com\\\/mintrabajo_ve\",\"https:\\\/\\\/www.instagram.com\\\/mintrabajo_ve\\\/\",\"https:\\\/\\\/www.tiktok.com\\\/@mintrabajo_ve\",\"https:\\\/\\\/t.me\\\/mpppst\"]},{\"@type\":\"Person\",\"@id\":\"https:\\\/\\\/www.mpppst.gob.ve\\\/mpppstweb\\\/#\\\/schema\\\/person\\\/fc187ee8ead412bd4c9304b62f900ea4\",\"name\":\"MPPPST Prensa\",\"url\":\"https:\\\/\\\/www.mpppst.gob.ve\\\/mpppstweb\\\/index.php\\\/author\\\/prensa-mpppst\\\/\"}]}<\/script>\n<!-- \/ Yoast SEO plugin. -->","yoast_head_json":{"title":"Ministro Torrealba recibe proyectos y firma convenci\u00f3n colectiva de Ipostel - MPPPST","robots":{"index":"index","follow":"follow","max-snippet":"max-snippet:-1","max-image-preview":"max-image-preview:large","max-video-preview":"max-video-preview:-1"},"canonical":"https:\/\/www.mpppst.gob.ve\/mpppstweb\/index.php\/2022\/08\/03\/ministro-torrealba-recibe-proyectos-y-firma-convencion-colectiva-de-ipostel\/","og_locale":"es_ES","og_type":"article","og_title":"Ministro Torrealba recibe proyectos y firma convenci\u00f3n colectiva de Ipostel - MPPPST","og_description":"El ministro del Poder Popular para el Proceso Social de Trabajo, Francisco Torrealba, recibi\u00f3 los proyectos &hellip; Ministro Torrealba recibe proyectos y firma convenci\u00f3n colectiva de IpostelLeer m\u00e1s","og_url":"https:\/\/www.mpppst.gob.ve\/mpppstweb\/index.php\/2022\/08\/03\/ministro-torrealba-recibe-proyectos-y-firma-convencion-colectiva-de-ipostel\/","og_site_name":"MPPPST","article_publisher":"https:\/\/www.facebook.com\/mintrabajo_ve","article_published_time":"2022-08-03T23:08:47+00:00","article_modified_time":"2022-08-03T23:08:50+00:00","og_image":[{"width":768,"height":427,"url":"https:\/\/www.mpppst.gob.ve\/mpppstweb\/wp-content\/uploads\/2022\/08\/Fotograma-768x427-1.png","type":"image\/png"}],"author":"MPPPST Prensa","twitter_card":"summary_large_image","schema":{"@context":"https:\/\/schema.org","@graph":[{"@type":"Article","@id":"https:\/\/www.mpppst.gob.ve\/mpppstweb\/index.php\/2022\/08\/03\/ministro-torrealba-recibe-proyectos-y-firma-convencion-colectiva-de-ipostel\/#article","isPartOf":{"@id":"https:\/\/www.mpppst.gob.ve\/mpppstweb\/index.php\/2022\/08\/03\/ministro-torrealba-recibe-proyectos-y-firma-convencion-colectiva-de-ipostel\/"},"author":{"name":"MPPPST Prensa","@id":"https:\/\/www.mpppst.gob.ve\/mpppstweb\/#\/schema\/person\/fc187ee8ead412bd4c9304b62f900ea4"},"headline":"Ministro Torrealba recibe proyectos y firma convenci\u00f3n colectiva de Ipostel","datePublished":"2022-08-03T23:08:47+00:00","dateModified":"2022-08-03T23:08:50+00:00","mainEntityOfPage":{"@id":"https:\/\/www.mpppst.gob.ve\/mpppstweb\/index.php\/2022\/08\/03\/ministro-torrealba-recibe-proyectos-y-firma-convencion-colectiva-de-ipostel\/"},"wordCount":170,"publisher":{"@id":"https:\/\/www.mpppst.gob.ve\/mpppstweb\/#organization"},"image":{"@id":"https:\/\/www.mpppst.gob.ve\/mpppstweb\/index.php\/2022\/08\/03\/ministro-torrealba-recibe-proyectos-y-firma-convencion-colectiva-de-ipostel\/#primaryimage"},"thumbnailUrl":"https:\/\/www.mpppst.gob.ve\/mpppstweb\/wp-content\/uploads\/2022\/08\/Fotograma-768x427-1.png","articleSection":["Contratos Colectivos","Gobierno Nacional","Noticias"],"inLanguage":"es"},{"@type":"WebPage","@id":"https:\/\/www.mpppst.gob.ve\/mpppstweb\/index.php\/2022\/08\/03\/ministro-torrealba-recibe-proyectos-y-firma-convencion-colectiva-de-ipostel\/","url":"https:\/\/www.mpppst.gob.ve\/mpppstweb\/index.php\/2022\/08\/03\/ministro-torrealba-recibe-proyectos-y-firma-convencion-colectiva-de-ipostel\/","name":"Ministro Torrealba recibe proyectos y firma convenci\u00f3n colectiva de Ipostel - MPPPST","isPartOf":{"@id":"https:\/\/www.mpppst.gob.ve\/mpppstweb\/#website"},"primaryImageOfPage":{"@id":"https:\/\/www.mpppst.gob.ve\/mpppstweb\/index.php\/2022\/08\/03\/ministro-torrealba-recibe-proyectos-y-firma-convencion-colectiva-de-ipostel\/#primaryimage"},"image":{"@id":"https:\/\/www.mpppst.gob.ve\/mpppstweb\/index.php\/2022\/08\/03\/ministro-torrealba-recibe-proyectos-y-firma-convencion-colectiva-de-ipostel\/#primaryimage"},"thumbnailUrl":"https:\/\/www.mpppst.gob.ve\/mpppstweb\/wp-content\/uploads\/2022\/08\/Fotograma-768x427-1.png","datePublished":"2022-08-03T23:08:47+00:00","dateModified":"2022-08-03T23:08:50+00:00","breadcrumb":{"@id":"https:\/\/www.mpppst.gob.ve\/mpppstweb\/index.php\/2022\/08\/03\/ministro-torrealba-recibe-proyectos-y-firma-convencion-colectiva-de-ipostel\/#breadcrumb"},"inLanguage":"es","potentialAction":[{"@type":"ReadAction","target":["https:\/\/www.mpppst.gob.ve\/mpppstweb\/index.php\/2022\/08\/03\/ministro-torrealba-recibe-proyectos-y-firma-convencion-colectiva-de-ipostel\/"]}]},{"@type":"ImageObject","inLanguage":"es","@id":"https:\/\/www.mpppst.gob.ve\/mpppstweb\/index.php\/2022\/08\/03\/ministro-torrealba-recibe-proyectos-y-firma-convencion-colectiva-de-ipostel\/#primaryimage","url":"https:\/\/www.mpppst.gob.ve\/mpppstweb\/wp-content\/uploads\/2022\/08\/Fotograma-768x427-1.png","contentUrl":"https:\/\/www.mpppst.gob.ve\/mpppstweb\/wp-content\/uploads\/2022\/08\/Fotograma-768x427-1.png","width":768,"height":427},{"@type":"BreadcrumbList","@id":"https:\/\/www.mpppst.gob.ve\/mpppstweb\/index.php\/2022\/08\/03\/ministro-torrealba-recibe-proyectos-y-firma-convencion-colectiva-de-ipostel\/#breadcrumb","itemListElement":[{"@type":"ListItem","position":1,"name":"Home","item":"https:\/\/www.mpppst.gob.ve\/mpppstweb\/"},{"@type":"ListItem","position":2,"name":"Ministro Torrealba recibe proyectos y firma convenci\u00f3n colectiva de Ipostel"}]},{"@type":"WebSite","@id":"https:\/\/www.mpppst.gob.ve\/mpppstweb\/#website","url":"https:\/\/www.mpppst.gob.ve\/mpppstweb\/","name":"MPPPST","description":"Sitio web oficial del Ministerio del Poder Popular para el Proceso Social de Trabajo","publisher":{"@id":"https:\/\/www.mpppst.gob.ve\/mpppstweb\/#organization"},"alternateName":"Ministerio del Poder Popular para el Proceso Social de Trabajo","potentialAction":[{"@type":"SearchAction","target":{"@type":"EntryPoint","urlTemplate":"https:\/\/www.mpppst.gob.ve\/mpppstweb\/?s={search_term_string}"},"query-input":{"@type":"PropertyValueSpecification","valueRequired":true,"valueName":"search_term_string"}}],"inLanguage":"es"},{"@type":"Organization","@id":"https:\/\/www.mpppst.gob.ve\/mpppstweb\/#organization","name":"Ministerio del Poder Popular para el Proceso Social de Trabajo","alternateName":"MPPPST","url":"https:\/\/www.mpppst.gob.ve\/mpppstweb\/","logo":{"@type":"ImageObject","inLanguage":"es","@id":"https:\/\/www.mpppst.gob.ve\/mpppstweb\/#\/schema\/logo\/image\/","url":"https:\/\/www.mpppst.gob.ve\/mpppstweb\/wp-content\/uploads\/2025\/07\/cropped-cropped-g910.png","contentUrl":"https:\/\/www.mpppst.gob.ve\/mpppstweb\/wp-content\/uploads\/2025\/07\/cropped-cropped-g910.png","width":1080,"height":241,"caption":"Ministerio del Poder Popular para el Proceso Social de Trabajo"},"image":{"@id":"https:\/\/www.mpppst.gob.ve\/mpppstweb\/#\/schema\/logo\/image\/"},"sameAs":["https:\/\/www.facebook.com\/mintrabajo_ve","https:\/\/www.instagram.com\/mintrabajo_ve\/","https:\/\/www.tiktok.com\/@mintrabajo_ve","https:\/\/t.me\/mpppst"]},{"@type":"Person","@id":"https:\/\/www.mpppst.gob.ve\/mpppstweb\/#\/schema\/person\/fc187ee8ead412bd4c9304b62f900ea4","name":"MPPPST Prensa","url":"https:\/\/www.mpppst.gob.ve\/mpppstweb\/index.php\/author\/prensa-mpppst\/"}]}},"_links":{"self":[{"href":"https:\/\/www.mpppst.gob.ve\/mpppstweb\/index.php\/wp-json\/wp\/v2\/posts\/24508","targetHints":{"allow":["GET"]}}],"collection":[{"href":"https:\/\/www.mpppst.gob.ve\/mpppstweb\/index.php\/wp-json\/wp\/v2\/posts"}],"about":[{"href":"https:\/\/www.mpppst.gob.ve\/mpppstweb\/index.php\/wp-json\/wp\/v2\/types\/post"}],"author":[{"embeddable":true,"href":"https:\/\/www.mpppst.gob.ve\/mpppstweb\/index.php\/wp-json\/wp\/v2\/users\/25"}],"replies":[{"embeddable":true,"href":"https:\/\/www.mpppst.gob.ve\/mpppstweb\/index.php\/wp-json\/wp\/v2\/comments?post=24508"}],"version-history":[{"count":1,"href":"https:\/\/www.mpppst.gob.ve\/mpppstweb\/index.php\/wp-json\/wp\/v2\/posts\/24508\/revisions"}],"predecessor-version":[{"id":24510,"href":"https:\/\/www.mpppst.gob.ve\/mpppstweb\/index.php\/wp-json\/wp\/v2\/posts\/24508\/revisions\/24510"}],"wp:featuredmedia":[{"embeddable":true,"href":"https:\/\/www.mpppst.gob.ve\/mpppstweb\/index.php\/wp-json\/wp\/v2\/media\/24509"}],"wp:attachment":[{"href":"https:\/\/www.mpppst.gob.ve\/mpppstweb\/index.php\/wp-json\/wp\/v2\/media?parent=24508"}],"wp:term":[{"taxonomy":"category","embeddable":true,"href":"https:\/\/www.mpppst.gob.ve\/mpppstweb\/index.php\/wp-json\/wp\/v2\/categories?post=24508"},{"taxonomy":"post_tag","embeddable":true,"href":"https:\/\/www.mpppst.gob.ve\/mpppstweb\/index.php\/wp-json\/wp\/v2\/tags?post=24508"}],"curies":[{"name":"wp","href":"https:\/\/api.w.org\/{rel}","templated":true}]}}