{"id":24681,"date":"2023-03-21T18:09:09","date_gmt":"2023-03-21T22:09:09","guid":{"rendered":"http:\/\/www.mpppst.gob.ve\/mpppstweb\/?p=24681"},"modified":"2023-03-27T16:48:12","modified_gmt":"2023-03-27T20:48:12","slug":"min-francisco-torrealba-presento-informe-ante-la-organizacion-internacional-de-trabajo","status":"publish","type":"post","link":"https:\/\/www.mpppst.gob.ve\/mpppstweb\/index.php\/2023\/03\/21\/min-francisco-torrealba-presento-informe-ante-la-organizacion-internacional-de-trabajo\/","title":{"rendered":"Min. Francisco Torrealba present\u00f3 avances ante la Organizaci\u00f3n Internacional de Trabajo"},"content":{"rendered":"\n<p class=\"wp-block-paragraph\">El Ministro del Poder Popular para el Proceso Social de Trabajo, Francisco Torrealba, present\u00f3 ante la Organizaci\u00f3n Internacional del Trabajo (OIT) en Ginebra, los avances sobre toda la evoluci\u00f3n relativa al Foro de Di\u00e1logo Social realizado en el presente a\u00f1o y a la puesta en pr\u00e1ctica por el Gobierno de la Rep\u00fablica Bolivariana de Venezuela del plan de acci\u00f3n acordado, a fin de dar cumplimiento a las recomendaciones de la Comisi\u00f3n de Encuestas, respecto los convenios 26, 87 y 144.<\/p>\n\n\n\n<p class=\"wp-block-paragraph\">En primera instancia, el ministro, reconoci\u00f3 que Venezuela es un pa\u00eds asediado con 923 medidas coercitivas unilaterales, que han afectado directamente la paz, la estabilidad laboral y la garant\u00eda de los derechos fundamentales de las trabajadoras y los trabajadores del pa\u00eds.<\/p>\n\n\n\n<p class=\"wp-block-paragraph\">Bajo esta premisa, destac\u00f3 que se han llevado a cabo reuniones sobre temas centrales sobre la libertad sindical, los m\u00e9todos para la fijaci\u00f3n del salario m\u00ednimo y las relativas a situaciones particulares de las organizaciones de empleadores y empleadoras, trabajadores y trabajadoras.<\/p>\n\n\n\n<p class=\"wp-block-paragraph\">Inform\u00f3 que se acord\u00f3 trabajar y analizar los factores internos y externos con el observatorio venezolano antibloqueo para conocer el impacto de las medidas coercitivas unilaterales, su incidencia y relevancia del salario m\u00ednimo.<\/p>\n\n\n\n<p class=\"wp-block-paragraph\">Recalc\u00f3 que es de importancia referir el conjunto de actividades enmarcadas en el plan de acci\u00f3n, producto de la segunda y tercera edici\u00f3n del Foro de Di\u00e1logo Social celebrado en el estado Nueva Esparta, entre el Gobierno Nacional e interlocutores sociales.<\/p>\n\n\n\n<p class=\"wp-block-paragraph\">\u201cSe desarroll\u00f3 adem\u00e1s, un encuentro entre las organizaciones empleadoras en el marco del plan de acci\u00f3n relativa al convenio 87 sobre libertad sindical y la protecci\u00f3n del derecho de sindicalizaci\u00f3n, abordando los casos a fines de avanzar en un mecanismo de sistematizaci\u00f3n y seguimiento de aquellos que podr\u00edan estar vinculados con el convenio 87 y as\u00ed continuar canalizando ante el organismo correspondiente, la resoluci\u00f3n de los mismos\u201d, explic\u00f3.<\/p>\n\n\n\n<p class=\"wp-block-paragraph\">Finalmente, asegur\u00f3 que tiene la firme convicci\u00f3n del pleno respeto a los convenios internacionales y el inter\u00e9s del Gobierno Nacional en continuar avanzando en todos los temas del mundo del trabajo, asimismo como continuar generando la garant\u00eda de derechos fundamentales incluidos los derechos laborales.<\/p>\n\n\n\n<p class=\"has-text-align-right wp-block-paragraph\"><em>Lic.Legna Rivas&nbsp;<\/em><\/p>\n","protected":false},"excerpt":{"rendered":"<p>El Ministro del Poder Popular para el Proceso Social de Trabajo, Francisco Torrealba, present\u00f3 ante la &hellip; <a title=\"Min. Francisco Torrealba present\u00f3 avances ante la Organizaci\u00f3n Internacional de Trabajo\" class=\"hm-read-more\" href=\"https:\/\/www.mpppst.gob.ve\/mpppstweb\/index.php\/2023\/03\/21\/min-francisco-torrealba-presento-informe-ante-la-organizacion-internacional-de-trabajo\/\"><span class=\"screen-reader-text\">Min. Francisco Torrealba present\u00f3 avances ante la Organizaci\u00f3n Internacional de Trabajo<\/span>Leer m\u00e1s<\/a><\/p>\n","protected":false},"author":25,"featured_media":24682,"comment_status":"closed","ping_status":"closed","sticky":false,"template":"","format":"standard","meta":{"footnotes":""},"categories":[82,83,163,374],"tags":[318,402,370],"class_list":["post-24681","post","type-post","status-publish","format-standard","has-post-thumbnail","hentry","category-gobierno-nacional","category-ministerio","category-noticias","category-oit","tag-ministro-torrealba","tag-noticias","tag-oit"],"yoast_head":"<!-- This site is optimized with the Yoast SEO plugin v28.4 - https:\/\/yoast.com\/product\/yoast-seo-wordpress\/ -->\n<title>Min. Francisco Torrealba present\u00f3 avances ante la Organizaci\u00f3n Internacional de Trabajo - MPPPST<\/title>\n<meta name=\"robots\" content=\"index, follow, max-snippet:-1, max-image-preview:large, max-video-preview:-1\" \/>\n<link rel=\"canonical\" href=\"https:\/\/www.mpppst.gob.ve\/mpppstweb\/index.php\/2023\/03\/21\/min-francisco-torrealba-presento-informe-ante-la-organizacion-internacional-de-trabajo\/\" \/>\n<meta property=\"og:locale\" content=\"es_ES\" \/>\n<meta property=\"og:type\" content=\"article\" \/>\n<meta property=\"og:title\" content=\"Min. Francisco Torrealba present\u00f3 avances ante la Organizaci\u00f3n Internacional de Trabajo - MPPPST\" \/>\n<meta property=\"og:description\" content=\"El Ministro del Poder Popular para el Proceso Social de Trabajo, Francisco Torrealba, present\u00f3 ante la &hellip; Min. Francisco Torrealba present\u00f3 avances ante la Organizaci\u00f3n Internacional de TrabajoLeer m\u00e1s\" \/>\n<meta property=\"og:url\" content=\"https:\/\/www.mpppst.gob.ve\/mpppstweb\/index.php\/2023\/03\/21\/min-francisco-torrealba-presento-informe-ante-la-organizacion-internacional-de-trabajo\/\" \/>\n<meta property=\"og:site_name\" content=\"MPPPST\" \/>\n<meta property=\"article:publisher\" content=\"https:\/\/www.facebook.com\/mintrabajo_ve\" \/>\n<meta property=\"article:published_time\" content=\"2023-03-21T22:09:09+00:00\" \/>\n<meta property=\"article:modified_time\" content=\"2023-03-27T20:48:12+00:00\" \/>\n<meta property=\"og:image\" content=\"https:\/\/www.mpppst.gob.ve\/mpppstweb\/wp-content\/uploads\/2023\/03\/WhatsApp-Image-2023-03-21-at-6.06.37-PM.jpeg\" \/>\n\t<meta property=\"og:image:width\" content=\"1280\" \/>\n\t<meta property=\"og:image:height\" content=\"720\" \/>\n\t<meta property=\"og:image:type\" content=\"image\/jpeg\" \/>\n<meta name=\"author\" content=\"MPPPST Prensa\" \/>\n<meta name=\"twitter:card\" content=\"summary_large_image\" \/>\n<script type=\"application\/ld+json\" class=\"yoast-schema-graph\">{\"@context\":\"https:\\\/\\\/schema.org\",\"@graph\":[{\"@type\":\"Article\",\"@id\":\"https:\\\/\\\/www.mpppst.gob.ve\\\/mpppstweb\\\/index.php\\\/2023\\\/03\\\/21\\\/min-francisco-torrealba-presento-informe-ante-la-organizacion-internacional-de-trabajo\\\/#article\",\"isPartOf\":{\"@id\":\"https:\\\/\\\/www.mpppst.gob.ve\\\/mpppstweb\\\/index.php\\\/2023\\\/03\\\/21\\\/min-francisco-torrealba-presento-informe-ante-la-organizacion-internacional-de-trabajo\\\/\"},\"author\":{\"name\":\"MPPPST Prensa\",\"@id\":\"https:\\\/\\\/www.mpppst.gob.ve\\\/mpppstweb\\\/#\\\/schema\\\/person\\\/fc187ee8ead412bd4c9304b62f900ea4\"},\"headline\":\"Min. Francisco Torrealba present\u00f3 avances ante la Organizaci\u00f3n Internacional de Trabajo\",\"datePublished\":\"2023-03-21T22:09:09+00:00\",\"dateModified\":\"2023-03-27T20:48:12+00:00\",\"mainEntityOfPage\":{\"@id\":\"https:\\\/\\\/www.mpppst.gob.ve\\\/mpppstweb\\\/index.php\\\/2023\\\/03\\\/21\\\/min-francisco-torrealba-presento-informe-ante-la-organizacion-internacional-de-trabajo\\\/\"},\"wordCount\":387,\"publisher\":{\"@id\":\"https:\\\/\\\/www.mpppst.gob.ve\\\/mpppstweb\\\/#organization\"},\"image\":{\"@id\":\"https:\\\/\\\/www.mpppst.gob.ve\\\/mpppstweb\\\/index.php\\\/2023\\\/03\\\/21\\\/min-francisco-torrealba-presento-informe-ante-la-organizacion-internacional-de-trabajo\\\/#primaryimage\"},\"thumbnailUrl\":\"https:\\\/\\\/www.mpppst.gob.ve\\\/mpppstweb\\\/wp-content\\\/uploads\\\/2023\\\/03\\\/WhatsApp-Image-2023-03-21-at-6.06.37-PM.jpeg\",\"keywords\":[\"Ministro Torrealba\",\"Noticias\",\"OIT\"],\"articleSection\":[\"Gobierno Nacional\",\"Ministerio\",\"Noticias\",\"OIT\"],\"inLanguage\":\"es\"},{\"@type\":\"WebPage\",\"@id\":\"https:\\\/\\\/www.mpppst.gob.ve\\\/mpppstweb\\\/index.php\\\/2023\\\/03\\\/21\\\/min-francisco-torrealba-presento-informe-ante-la-organizacion-internacional-de-trabajo\\\/\",\"url\":\"https:\\\/\\\/www.mpppst.gob.ve\\\/mpppstweb\\\/index.php\\\/2023\\\/03\\\/21\\\/min-francisco-torrealba-presento-informe-ante-la-organizacion-internacional-de-trabajo\\\/\",\"name\":\"Min. Francisco Torrealba present\u00f3 avances ante la Organizaci\u00f3n Internacional de Trabajo - MPPPST\",\"isPartOf\":{\"@id\":\"https:\\\/\\\/www.mpppst.gob.ve\\\/mpppstweb\\\/#website\"},\"primaryImageOfPage\":{\"@id\":\"https:\\\/\\\/www.mpppst.gob.ve\\\/mpppstweb\\\/index.php\\\/2023\\\/03\\\/21\\\/min-francisco-torrealba-presento-informe-ante-la-organizacion-internacional-de-trabajo\\\/#primaryimage\"},\"image\":{\"@id\":\"https:\\\/\\\/www.mpppst.gob.ve\\\/mpppstweb\\\/index.php\\\/2023\\\/03\\\/21\\\/min-francisco-torrealba-presento-informe-ante-la-organizacion-internacional-de-trabajo\\\/#primaryimage\"},\"thumbnailUrl\":\"https:\\\/\\\/www.mpppst.gob.ve\\\/mpppstweb\\\/wp-content\\\/uploads\\\/2023\\\/03\\\/WhatsApp-Image-2023-03-21-at-6.06.37-PM.jpeg\",\"datePublished\":\"2023-03-21T22:09:09+00:00\",\"dateModified\":\"2023-03-27T20:48:12+00:00\",\"breadcrumb\":{\"@id\":\"https:\\\/\\\/www.mpppst.gob.ve\\\/mpppstweb\\\/index.php\\\/2023\\\/03\\\/21\\\/min-francisco-torrealba-presento-informe-ante-la-organizacion-internacional-de-trabajo\\\/#breadcrumb\"},\"inLanguage\":\"es\",\"potentialAction\":[{\"@type\":\"ReadAction\",\"target\":[\"https:\\\/\\\/www.mpppst.gob.ve\\\/mpppstweb\\\/index.php\\\/2023\\\/03\\\/21\\\/min-francisco-torrealba-presento-informe-ante-la-organizacion-internacional-de-trabajo\\\/\"]}]},{\"@type\":\"ImageObject\",\"inLanguage\":\"es\",\"@id\":\"https:\\\/\\\/www.mpppst.gob.ve\\\/mpppstweb\\\/index.php\\\/2023\\\/03\\\/21\\\/min-francisco-torrealba-presento-informe-ante-la-organizacion-internacional-de-trabajo\\\/#primaryimage\",\"url\":\"https:\\\/\\\/www.mpppst.gob.ve\\\/mpppstweb\\\/wp-content\\\/uploads\\\/2023\\\/03\\\/WhatsApp-Image-2023-03-21-at-6.06.37-PM.jpeg\",\"contentUrl\":\"https:\\\/\\\/www.mpppst.gob.ve\\\/mpppstweb\\\/wp-content\\\/uploads\\\/2023\\\/03\\\/WhatsApp-Image-2023-03-21-at-6.06.37-PM.jpeg\",\"width\":1280,\"height\":720},{\"@type\":\"BreadcrumbList\",\"@id\":\"https:\\\/\\\/www.mpppst.gob.ve\\\/mpppstweb\\\/index.php\\\/2023\\\/03\\\/21\\\/min-francisco-torrealba-presento-informe-ante-la-organizacion-internacional-de-trabajo\\\/#breadcrumb\",\"itemListElement\":[{\"@type\":\"ListItem\",\"position\":1,\"name\":\"Home\",\"item\":\"https:\\\/\\\/www.mpppst.gob.ve\\\/mpppstweb\\\/\"},{\"@type\":\"ListItem\",\"position\":2,\"name\":\"Min. Francisco Torrealba present\u00f3 avances ante la Organizaci\u00f3n Internacional de Trabajo\"}]},{\"@type\":\"WebSite\",\"@id\":\"https:\\\/\\\/www.mpppst.gob.ve\\\/mpppstweb\\\/#website\",\"url\":\"https:\\\/\\\/www.mpppst.gob.ve\\\/mpppstweb\\\/\",\"name\":\"MPPPST\",\"description\":\"Sitio web oficial del Ministerio del Poder Popular para el Proceso Social de Trabajo\",\"publisher\":{\"@id\":\"https:\\\/\\\/www.mpppst.gob.ve\\\/mpppstweb\\\/#organization\"},\"alternateName\":\"Ministerio del Poder Popular para el Proceso Social de Trabajo\",\"potentialAction\":[{\"@type\":\"SearchAction\",\"target\":{\"@type\":\"EntryPoint\",\"urlTemplate\":\"https:\\\/\\\/www.mpppst.gob.ve\\\/mpppstweb\\\/?s={search_term_string}\"},\"query-input\":{\"@type\":\"PropertyValueSpecification\",\"valueRequired\":true,\"valueName\":\"search_term_string\"}}],\"inLanguage\":\"es\"},{\"@type\":\"Organization\",\"@id\":\"https:\\\/\\\/www.mpppst.gob.ve\\\/mpppstweb\\\/#organization\",\"name\":\"Ministerio del Poder Popular para el Proceso Social de Trabajo\",\"alternateName\":\"MPPPST\",\"url\":\"https:\\\/\\\/www.mpppst.gob.ve\\\/mpppstweb\\\/\",\"logo\":{\"@type\":\"ImageObject\",\"inLanguage\":\"es\",\"@id\":\"https:\\\/\\\/www.mpppst.gob.ve\\\/mpppstweb\\\/#\\\/schema\\\/logo\\\/image\\\/\",\"url\":\"https:\\\/\\\/www.mpppst.gob.ve\\\/mpppstweb\\\/wp-content\\\/uploads\\\/2025\\\/07\\\/cropped-cropped-g910.png\",\"contentUrl\":\"https:\\\/\\\/www.mpppst.gob.ve\\\/mpppstweb\\\/wp-content\\\/uploads\\\/2025\\\/07\\\/cropped-cropped-g910.png\",\"width\":1080,\"height\":241,\"caption\":\"Ministerio del Poder Popular para el Proceso Social de Trabajo\"},\"image\":{\"@id\":\"https:\\\/\\\/www.mpppst.gob.ve\\\/mpppstweb\\\/#\\\/schema\\\/logo\\\/image\\\/\"},\"sameAs\":[\"https:\\\/\\\/www.facebook.com\\\/mintrabajo_ve\",\"https:\\\/\\\/www.instagram.com\\\/mintrabajo_ve\\\/\",\"https:\\\/\\\/www.tiktok.com\\\/@mintrabajo_ve\",\"https:\\\/\\\/t.me\\\/mpppst\"]},{\"@type\":\"Person\",\"@id\":\"https:\\\/\\\/www.mpppst.gob.ve\\\/mpppstweb\\\/#\\\/schema\\\/person\\\/fc187ee8ead412bd4c9304b62f900ea4\",\"name\":\"MPPPST Prensa\",\"url\":\"https:\\\/\\\/www.mpppst.gob.ve\\\/mpppstweb\\\/index.php\\\/author\\\/prensa-mpppst\\\/\"}]}<\/script>\n<!-- \/ Yoast SEO plugin. -->","yoast_head_json":{"title":"Min. Francisco Torrealba present\u00f3 avances ante la Organizaci\u00f3n Internacional de Trabajo - MPPPST","robots":{"index":"index","follow":"follow","max-snippet":"max-snippet:-1","max-image-preview":"max-image-preview:large","max-video-preview":"max-video-preview:-1"},"canonical":"https:\/\/www.mpppst.gob.ve\/mpppstweb\/index.php\/2023\/03\/21\/min-francisco-torrealba-presento-informe-ante-la-organizacion-internacional-de-trabajo\/","og_locale":"es_ES","og_type":"article","og_title":"Min. Francisco Torrealba present\u00f3 avances ante la Organizaci\u00f3n Internacional de Trabajo - MPPPST","og_description":"El Ministro del Poder Popular para el Proceso Social de Trabajo, Francisco Torrealba, present\u00f3 ante la &hellip; Min. Francisco Torrealba present\u00f3 avances ante la Organizaci\u00f3n Internacional de TrabajoLeer m\u00e1s","og_url":"https:\/\/www.mpppst.gob.ve\/mpppstweb\/index.php\/2023\/03\/21\/min-francisco-torrealba-presento-informe-ante-la-organizacion-internacional-de-trabajo\/","og_site_name":"MPPPST","article_publisher":"https:\/\/www.facebook.com\/mintrabajo_ve","article_published_time":"2023-03-21T22:09:09+00:00","article_modified_time":"2023-03-27T20:48:12+00:00","og_image":[{"width":1280,"height":720,"url":"https:\/\/www.mpppst.gob.ve\/mpppstweb\/wp-content\/uploads\/2023\/03\/WhatsApp-Image-2023-03-21-at-6.06.37-PM.jpeg","type":"image\/jpeg"}],"author":"MPPPST Prensa","twitter_card":"summary_large_image","schema":{"@context":"https:\/\/schema.org","@graph":[{"@type":"Article","@id":"https:\/\/www.mpppst.gob.ve\/mpppstweb\/index.php\/2023\/03\/21\/min-francisco-torrealba-presento-informe-ante-la-organizacion-internacional-de-trabajo\/#article","isPartOf":{"@id":"https:\/\/www.mpppst.gob.ve\/mpppstweb\/index.php\/2023\/03\/21\/min-francisco-torrealba-presento-informe-ante-la-organizacion-internacional-de-trabajo\/"},"author":{"name":"MPPPST Prensa","@id":"https:\/\/www.mpppst.gob.ve\/mpppstweb\/#\/schema\/person\/fc187ee8ead412bd4c9304b62f900ea4"},"headline":"Min. Francisco Torrealba present\u00f3 avances ante la Organizaci\u00f3n Internacional de Trabajo","datePublished":"2023-03-21T22:09:09+00:00","dateModified":"2023-03-27T20:48:12+00:00","mainEntityOfPage":{"@id":"https:\/\/www.mpppst.gob.ve\/mpppstweb\/index.php\/2023\/03\/21\/min-francisco-torrealba-presento-informe-ante-la-organizacion-internacional-de-trabajo\/"},"wordCount":387,"publisher":{"@id":"https:\/\/www.mpppst.gob.ve\/mpppstweb\/#organization"},"image":{"@id":"https:\/\/www.mpppst.gob.ve\/mpppstweb\/index.php\/2023\/03\/21\/min-francisco-torrealba-presento-informe-ante-la-organizacion-internacional-de-trabajo\/#primaryimage"},"thumbnailUrl":"https:\/\/www.mpppst.gob.ve\/mpppstweb\/wp-content\/uploads\/2023\/03\/WhatsApp-Image-2023-03-21-at-6.06.37-PM.jpeg","keywords":["Ministro Torrealba","Noticias","OIT"],"articleSection":["Gobierno Nacional","Ministerio","Noticias","OIT"],"inLanguage":"es"},{"@type":"WebPage","@id":"https:\/\/www.mpppst.gob.ve\/mpppstweb\/index.php\/2023\/03\/21\/min-francisco-torrealba-presento-informe-ante-la-organizacion-internacional-de-trabajo\/","url":"https:\/\/www.mpppst.gob.ve\/mpppstweb\/index.php\/2023\/03\/21\/min-francisco-torrealba-presento-informe-ante-la-organizacion-internacional-de-trabajo\/","name":"Min. Francisco Torrealba present\u00f3 avances ante la Organizaci\u00f3n Internacional de Trabajo - MPPPST","isPartOf":{"@id":"https:\/\/www.mpppst.gob.ve\/mpppstweb\/#website"},"primaryImageOfPage":{"@id":"https:\/\/www.mpppst.gob.ve\/mpppstweb\/index.php\/2023\/03\/21\/min-francisco-torrealba-presento-informe-ante-la-organizacion-internacional-de-trabajo\/#primaryimage"},"image":{"@id":"https:\/\/www.mpppst.gob.ve\/mpppstweb\/index.php\/2023\/03\/21\/min-francisco-torrealba-presento-informe-ante-la-organizacion-internacional-de-trabajo\/#primaryimage"},"thumbnailUrl":"https:\/\/www.mpppst.gob.ve\/mpppstweb\/wp-content\/uploads\/2023\/03\/WhatsApp-Image-2023-03-21-at-6.06.37-PM.jpeg","datePublished":"2023-03-21T22:09:09+00:00","dateModified":"2023-03-27T20:48:12+00:00","breadcrumb":{"@id":"https:\/\/www.mpppst.gob.ve\/mpppstweb\/index.php\/2023\/03\/21\/min-francisco-torrealba-presento-informe-ante-la-organizacion-internacional-de-trabajo\/#breadcrumb"},"inLanguage":"es","potentialAction":[{"@type":"ReadAction","target":["https:\/\/www.mpppst.gob.ve\/mpppstweb\/index.php\/2023\/03\/21\/min-francisco-torrealba-presento-informe-ante-la-organizacion-internacional-de-trabajo\/"]}]},{"@type":"ImageObject","inLanguage":"es","@id":"https:\/\/www.mpppst.gob.ve\/mpppstweb\/index.php\/2023\/03\/21\/min-francisco-torrealba-presento-informe-ante-la-organizacion-internacional-de-trabajo\/#primaryimage","url":"https:\/\/www.mpppst.gob.ve\/mpppstweb\/wp-content\/uploads\/2023\/03\/WhatsApp-Image-2023-03-21-at-6.06.37-PM.jpeg","contentUrl":"https:\/\/www.mpppst.gob.ve\/mpppstweb\/wp-content\/uploads\/2023\/03\/WhatsApp-Image-2023-03-21-at-6.06.37-PM.jpeg","width":1280,"height":720},{"@type":"BreadcrumbList","@id":"https:\/\/www.mpppst.gob.ve\/mpppstweb\/index.php\/2023\/03\/21\/min-francisco-torrealba-presento-informe-ante-la-organizacion-internacional-de-trabajo\/#breadcrumb","itemListElement":[{"@type":"ListItem","position":1,"name":"Home","item":"https:\/\/www.mpppst.gob.ve\/mpppstweb\/"},{"@type":"ListItem","position":2,"name":"Min. Francisco Torrealba present\u00f3 avances ante la Organizaci\u00f3n Internacional de Trabajo"}]},{"@type":"WebSite","@id":"https:\/\/www.mpppst.gob.ve\/mpppstweb\/#website","url":"https:\/\/www.mpppst.gob.ve\/mpppstweb\/","name":"MPPPST","description":"Sitio web oficial del Ministerio del Poder Popular para el Proceso Social de Trabajo","publisher":{"@id":"https:\/\/www.mpppst.gob.ve\/mpppstweb\/#organization"},"alternateName":"Ministerio del Poder Popular para el Proceso Social de Trabajo","potentialAction":[{"@type":"SearchAction","target":{"@type":"EntryPoint","urlTemplate":"https:\/\/www.mpppst.gob.ve\/mpppstweb\/?s={search_term_string}"},"query-input":{"@type":"PropertyValueSpecification","valueRequired":true,"valueName":"search_term_string"}}],"inLanguage":"es"},{"@type":"Organization","@id":"https:\/\/www.mpppst.gob.ve\/mpppstweb\/#organization","name":"Ministerio del Poder Popular para el Proceso Social de Trabajo","alternateName":"MPPPST","url":"https:\/\/www.mpppst.gob.ve\/mpppstweb\/","logo":{"@type":"ImageObject","inLanguage":"es","@id":"https:\/\/www.mpppst.gob.ve\/mpppstweb\/#\/schema\/logo\/image\/","url":"https:\/\/www.mpppst.gob.ve\/mpppstweb\/wp-content\/uploads\/2025\/07\/cropped-cropped-g910.png","contentUrl":"https:\/\/www.mpppst.gob.ve\/mpppstweb\/wp-content\/uploads\/2025\/07\/cropped-cropped-g910.png","width":1080,"height":241,"caption":"Ministerio del Poder Popular para el Proceso Social de Trabajo"},"image":{"@id":"https:\/\/www.mpppst.gob.ve\/mpppstweb\/#\/schema\/logo\/image\/"},"sameAs":["https:\/\/www.facebook.com\/mintrabajo_ve","https:\/\/www.instagram.com\/mintrabajo_ve\/","https:\/\/www.tiktok.com\/@mintrabajo_ve","https:\/\/t.me\/mpppst"]},{"@type":"Person","@id":"https:\/\/www.mpppst.gob.ve\/mpppstweb\/#\/schema\/person\/fc187ee8ead412bd4c9304b62f900ea4","name":"MPPPST Prensa","url":"https:\/\/www.mpppst.gob.ve\/mpppstweb\/index.php\/author\/prensa-mpppst\/"}]}},"_links":{"self":[{"href":"https:\/\/www.mpppst.gob.ve\/mpppstweb\/index.php\/wp-json\/wp\/v2\/posts\/24681","targetHints":{"allow":["GET"]}}],"collection":[{"href":"https:\/\/www.mpppst.gob.ve\/mpppstweb\/index.php\/wp-json\/wp\/v2\/posts"}],"about":[{"href":"https:\/\/www.mpppst.gob.ve\/mpppstweb\/index.php\/wp-json\/wp\/v2\/types\/post"}],"author":[{"embeddable":true,"href":"https:\/\/www.mpppst.gob.ve\/mpppstweb\/index.php\/wp-json\/wp\/v2\/users\/25"}],"replies":[{"embeddable":true,"href":"https:\/\/www.mpppst.gob.ve\/mpppstweb\/index.php\/wp-json\/wp\/v2\/comments?post=24681"}],"version-history":[{"count":2,"href":"https:\/\/www.mpppst.gob.ve\/mpppstweb\/index.php\/wp-json\/wp\/v2\/posts\/24681\/revisions"}],"predecessor-version":[{"id":24687,"href":"https:\/\/www.mpppst.gob.ve\/mpppstweb\/index.php\/wp-json\/wp\/v2\/posts\/24681\/revisions\/24687"}],"wp:featuredmedia":[{"embeddable":true,"href":"https:\/\/www.mpppst.gob.ve\/mpppstweb\/index.php\/wp-json\/wp\/v2\/media\/24682"}],"wp:attachment":[{"href":"https:\/\/www.mpppst.gob.ve\/mpppstweb\/index.php\/wp-json\/wp\/v2\/media?parent=24681"}],"wp:term":[{"taxonomy":"category","embeddable":true,"href":"https:\/\/www.mpppst.gob.ve\/mpppstweb\/index.php\/wp-json\/wp\/v2\/categories?post=24681"},{"taxonomy":"post_tag","embeddable":true,"href":"https:\/\/www.mpppst.gob.ve\/mpppstweb\/index.php\/wp-json\/wp\/v2\/tags?post=24681"}],"curies":[{"name":"wp","href":"https:\/\/api.w.org\/{rel}","templated":true}]}}