{"id":24882,"date":"2023-08-30T12:24:21","date_gmt":"2023-08-30T16:24:21","guid":{"rendered":"http:\/\/www.mpppst.gob.ve\/mpppstweb\/?p=24882"},"modified":"2024-01-02T21:38:21","modified_gmt":"2024-01-03T01:38:21","slug":"inpsasel-es-un-espacio-mas-conquistado-por-la-clase-obrera","status":"publish","type":"post","link":"https:\/\/www.mpppst.gob.ve\/mpppstweb\/index.php\/2023\/08\/30\/inpsasel-es-un-espacio-mas-conquistado-por-la-clase-obrera\/","title":{"rendered":"Inpsasel es un espacio m\u00e1s conquistado por la clase obrera"},"content":{"rendered":"\n<p class=\"wp-block-paragraph\"><strong>MPPPST, Caracas.-<\/strong> El <strong>Instituto Nacional de Prevenci\u00f3n, Salud y Seguridad Laborales<\/strong> (<strong>Inpsasel<\/strong>) inaugur\u00f3 este mi\u00e9rcoles, 30 de agosto, la sala de usos m\u00faltiples \u201c<em>Hugo Ch\u00e1vez Fr\u00edas<\/em>\u201d para la recreaci\u00f3n y salud de las y los trabajadores en la sede central ubicada en La Candelaria, Caracas.<\/p>\n\n\n\n<p class=\"wp-block-paragraph\">La actividad estuvo encabezada por el ministro del Poder Popular para el Proceso Social del Trabajo (MPPPST), <strong>Francisco Torrealba<\/strong>, quien enfatiz\u00f3 la necesidad de continuar trabajando para fortalecer la revoluci\u00f3n.<\/p>\n\n\n\n<p class=\"wp-block-paragraph\">\u201cEl reposicionamiento revolucionario de las calles hoy tambi\u00e9n tiene que darse en lo interno de todas las instituciones y empresas. Hay que prepararse para organizar la gran victoria del a\u00f1o 2024\u201d, asever\u00f3 el ministro.<\/p>\n\n\n\n<p class=\"wp-block-paragraph\">En el encuentro tambi\u00e9n particip\u00f3 el presidente de Inpsasel, <strong>Rusbel Rond\u00f3n<\/strong>, quien precis\u00f3 que la sala se encuentra dotada con las \u00faltimas tecnolog\u00edas, al tiempo que indic\u00f3 que posee una capacidad para 300 personas.<\/p>\n\n\n\n<p class=\"wp-block-paragraph\">Por su parte, la vicepresidenta de la Clase Obrera del Partido Socialista Unido de Venezuela (Psuv) en Aragua, <strong>Ysabel Torcate<\/strong>, destac\u00f3 la importancia de estos espacios para el sano esparcimiento y desenvolvimiento de los trabajadores, quienes podr\u00e1n disfrutar de actividades recreativas, culturales y de salud.<\/p>\n\n\n\n<p class=\"wp-block-paragraph\">Es de resaltar que con esta obra, el Inpsasel (ente adscrito del MPPPST), ratifica su compromiso con el bienestar de las trabajadoras y trabajadores del pa\u00eds.<\/p>\n\n\n\n<p class=\"wp-block-paragraph\"><strong>Prensa MPPPST\/Scarlett Kirian<\/strong><\/p>\n\n\n\n<figure class=\"wp-block-gallery has-nested-images columns-default is-cropped wp-block-gallery-1 is-layout-flex wp-block-gallery-is-layout-flex\">\n<figure class=\"wp-block-image size-large\"><a href=\"https:\/\/www.mpppst.gob.ve\/mpppstweb\/wp-content\/uploads\/2023\/09\/WhatsApp-Image-2023-09-01-at-12.30.19-PM-1.jpeg\"><img loading=\"lazy\" decoding=\"async\" width=\"843\" height=\"721\" data-id=\"24885\" src=\"https:\/\/www.mpppst.gob.ve\/mpppstweb\/wp-content\/uploads\/2023\/09\/WhatsApp-Image-2023-09-01-at-12.30.19-PM-1.jpeg\" alt=\"\" class=\"wp-image-24885\" srcset=\"https:\/\/www.mpppst.gob.ve\/mpppstweb\/wp-content\/uploads\/2023\/09\/WhatsApp-Image-2023-09-01-at-12.30.19-PM-1.jpeg 843w, https:\/\/www.mpppst.gob.ve\/mpppstweb\/wp-content\/uploads\/2023\/09\/WhatsApp-Image-2023-09-01-at-12.30.19-PM-1-300x257.jpeg 300w, https:\/\/www.mpppst.gob.ve\/mpppstweb\/wp-content\/uploads\/2023\/09\/WhatsApp-Image-2023-09-01-at-12.30.19-PM-1-768x657.jpeg 768w\" sizes=\"auto, (max-width: 843px) 100vw, 843px\" \/><\/a><\/figure>\n<\/figure>\n","protected":false},"excerpt":{"rendered":"<p>La actividad estuvo encabezada por el ministro del Poder Popular para el Proceso Social del Trabajo, Francisco Torrealba, quien enfatiz\u00f3 la necesidad de continuar trabajando para fortalecer la revoluci\u00f3n.<\/p>\n","protected":false},"author":25,"featured_media":24884,"comment_status":"closed","ping_status":"closed","sticky":false,"template":"","format":"standard","meta":{"footnotes":""},"categories":[170,82,83,163],"tags":[340,414,416,224,415,345,335],"class_list":["post-24882","post","type-post","status-publish","format-standard","has-post-thumbnail","hentry","category-gestion-directa-y-democratica","category-gobierno-nacional","category-ministerio","category-noticias","tag-francisco-torrealba","tag-ipsasel","tag-nicolas-maduro-2","tag-revolucion-bolivariana","tag-rusbel-rondon","tag-trabajadores","tag-venezuela"],"yoast_head":"<!-- This site is optimized with the Yoast SEO plugin v28.4 - https:\/\/yoast.com\/product\/yoast-seo-wordpress\/ -->\n<title>Inpsasel es un espacio m\u00e1s conquistado por la clase obrera - MPPPST<\/title>\n<meta name=\"robots\" content=\"index, follow, max-snippet:-1, max-image-preview:large, max-video-preview:-1\" \/>\n<link rel=\"canonical\" href=\"https:\/\/www.mpppst.gob.ve\/mpppstweb\/index.php\/2023\/08\/30\/inpsasel-es-un-espacio-mas-conquistado-por-la-clase-obrera\/\" \/>\n<meta property=\"og:locale\" content=\"es_ES\" \/>\n<meta property=\"og:type\" content=\"article\" \/>\n<meta property=\"og:title\" content=\"Inpsasel es un espacio m\u00e1s conquistado por la clase obrera - MPPPST\" \/>\n<meta property=\"og:description\" content=\"La actividad estuvo encabezada por el ministro del Poder Popular para el Proceso Social del Trabajo, Francisco Torrealba, quien enfatiz\u00f3 la necesidad de continuar trabajando para fortalecer la revoluci\u00f3n.\" \/>\n<meta property=\"og:url\" content=\"https:\/\/www.mpppst.gob.ve\/mpppstweb\/index.php\/2023\/08\/30\/inpsasel-es-un-espacio-mas-conquistado-por-la-clase-obrera\/\" \/>\n<meta property=\"og:site_name\" content=\"MPPPST\" \/>\n<meta property=\"article:publisher\" content=\"https:\/\/www.facebook.com\/mintrabajo_ve\" \/>\n<meta property=\"article:published_time\" content=\"2023-08-30T16:24:21+00:00\" \/>\n<meta property=\"article:modified_time\" content=\"2024-01-03T01:38:21+00:00\" \/>\n<meta property=\"og:image\" content=\"https:\/\/www.mpppst.gob.ve\/mpppstweb\/wp-content\/uploads\/2023\/09\/WhatsApp-Image-2023-09-01-at-12.30.20-PM.jpeg\" \/>\n\t<meta property=\"og:image:width\" content=\"1080\" \/>\n\t<meta property=\"og:image:height\" content=\"608\" \/>\n\t<meta property=\"og:image:type\" content=\"image\/jpeg\" \/>\n<meta name=\"author\" content=\"MPPPST Prensa\" \/>\n<meta name=\"twitter:card\" content=\"summary_large_image\" \/>\n<script type=\"application\/ld+json\" class=\"yoast-schema-graph\">{\"@context\":\"https:\\\/\\\/schema.org\",\"@graph\":[{\"@type\":\"Article\",\"@id\":\"https:\\\/\\\/www.mpppst.gob.ve\\\/mpppstweb\\\/index.php\\\/2023\\\/08\\\/30\\\/inpsasel-es-un-espacio-mas-conquistado-por-la-clase-obrera\\\/#article\",\"isPartOf\":{\"@id\":\"https:\\\/\\\/www.mpppst.gob.ve\\\/mpppstweb\\\/index.php\\\/2023\\\/08\\\/30\\\/inpsasel-es-un-espacio-mas-conquistado-por-la-clase-obrera\\\/\"},\"author\":{\"name\":\"MPPPST Prensa\",\"@id\":\"https:\\\/\\\/www.mpppst.gob.ve\\\/mpppstweb\\\/#\\\/schema\\\/person\\\/fc187ee8ead412bd4c9304b62f900ea4\"},\"headline\":\"Inpsasel es un espacio m\u00e1s conquistado por la clase obrera\",\"datePublished\":\"2023-08-30T16:24:21+00:00\",\"dateModified\":\"2024-01-03T01:38:21+00:00\",\"mainEntityOfPage\":{\"@id\":\"https:\\\/\\\/www.mpppst.gob.ve\\\/mpppstweb\\\/index.php\\\/2023\\\/08\\\/30\\\/inpsasel-es-un-espacio-mas-conquistado-por-la-clase-obrera\\\/\"},\"wordCount\":241,\"publisher\":{\"@id\":\"https:\\\/\\\/www.mpppst.gob.ve\\\/mpppstweb\\\/#organization\"},\"image\":{\"@id\":\"https:\\\/\\\/www.mpppst.gob.ve\\\/mpppstweb\\\/index.php\\\/2023\\\/08\\\/30\\\/inpsasel-es-un-espacio-mas-conquistado-por-la-clase-obrera\\\/#primaryimage\"},\"thumbnailUrl\":\"https:\\\/\\\/www.mpppst.gob.ve\\\/mpppstweb\\\/wp-content\\\/uploads\\\/2023\\\/09\\\/WhatsApp-Image-2023-09-01-at-12.30.20-PM.jpeg\",\"keywords\":[\"Francisco Torrealba\",\"Ipsasel\",\"Nicolas Maduro\",\"Revoluci\u00f3n Bolivariana\",\"Rusbel Rond\u00f3n\",\"Trabajadores\",\"Venezuela\"],\"articleSection\":[\"Gesti\u00f3n Directa y Democr\u00e1tica\",\"Gobierno Nacional\",\"Ministerio\",\"Noticias\"],\"inLanguage\":\"es\"},{\"@type\":\"WebPage\",\"@id\":\"https:\\\/\\\/www.mpppst.gob.ve\\\/mpppstweb\\\/index.php\\\/2023\\\/08\\\/30\\\/inpsasel-es-un-espacio-mas-conquistado-por-la-clase-obrera\\\/\",\"url\":\"https:\\\/\\\/www.mpppst.gob.ve\\\/mpppstweb\\\/index.php\\\/2023\\\/08\\\/30\\\/inpsasel-es-un-espacio-mas-conquistado-por-la-clase-obrera\\\/\",\"name\":\"Inpsasel es un espacio m\u00e1s conquistado por la clase obrera - MPPPST\",\"isPartOf\":{\"@id\":\"https:\\\/\\\/www.mpppst.gob.ve\\\/mpppstweb\\\/#website\"},\"primaryImageOfPage\":{\"@id\":\"https:\\\/\\\/www.mpppst.gob.ve\\\/mpppstweb\\\/index.php\\\/2023\\\/08\\\/30\\\/inpsasel-es-un-espacio-mas-conquistado-por-la-clase-obrera\\\/#primaryimage\"},\"image\":{\"@id\":\"https:\\\/\\\/www.mpppst.gob.ve\\\/mpppstweb\\\/index.php\\\/2023\\\/08\\\/30\\\/inpsasel-es-un-espacio-mas-conquistado-por-la-clase-obrera\\\/#primaryimage\"},\"thumbnailUrl\":\"https:\\\/\\\/www.mpppst.gob.ve\\\/mpppstweb\\\/wp-content\\\/uploads\\\/2023\\\/09\\\/WhatsApp-Image-2023-09-01-at-12.30.20-PM.jpeg\",\"datePublished\":\"2023-08-30T16:24:21+00:00\",\"dateModified\":\"2024-01-03T01:38:21+00:00\",\"breadcrumb\":{\"@id\":\"https:\\\/\\\/www.mpppst.gob.ve\\\/mpppstweb\\\/index.php\\\/2023\\\/08\\\/30\\\/inpsasel-es-un-espacio-mas-conquistado-por-la-clase-obrera\\\/#breadcrumb\"},\"inLanguage\":\"es\",\"potentialAction\":[{\"@type\":\"ReadAction\",\"target\":[\"https:\\\/\\\/www.mpppst.gob.ve\\\/mpppstweb\\\/index.php\\\/2023\\\/08\\\/30\\\/inpsasel-es-un-espacio-mas-conquistado-por-la-clase-obrera\\\/\"]}]},{\"@type\":\"ImageObject\",\"inLanguage\":\"es\",\"@id\":\"https:\\\/\\\/www.mpppst.gob.ve\\\/mpppstweb\\\/index.php\\\/2023\\\/08\\\/30\\\/inpsasel-es-un-espacio-mas-conquistado-por-la-clase-obrera\\\/#primaryimage\",\"url\":\"https:\\\/\\\/www.mpppst.gob.ve\\\/mpppstweb\\\/wp-content\\\/uploads\\\/2023\\\/09\\\/WhatsApp-Image-2023-09-01-at-12.30.20-PM.jpeg\",\"contentUrl\":\"https:\\\/\\\/www.mpppst.gob.ve\\\/mpppstweb\\\/wp-content\\\/uploads\\\/2023\\\/09\\\/WhatsApp-Image-2023-09-01-at-12.30.20-PM.jpeg\",\"width\":1080,\"height\":608,\"caption\":\"Ministro Torrealba reinagura sala de Inpsasel\"},{\"@type\":\"BreadcrumbList\",\"@id\":\"https:\\\/\\\/www.mpppst.gob.ve\\\/mpppstweb\\\/index.php\\\/2023\\\/08\\\/30\\\/inpsasel-es-un-espacio-mas-conquistado-por-la-clase-obrera\\\/#breadcrumb\",\"itemListElement\":[{\"@type\":\"ListItem\",\"position\":1,\"name\":\"Home\",\"item\":\"https:\\\/\\\/www.mpppst.gob.ve\\\/mpppstweb\\\/\"},{\"@type\":\"ListItem\",\"position\":2,\"name\":\"Inpsasel es un espacio m\u00e1s conquistado por la clase obrera\"}]},{\"@type\":\"WebSite\",\"@id\":\"https:\\\/\\\/www.mpppst.gob.ve\\\/mpppstweb\\\/#website\",\"url\":\"https:\\\/\\\/www.mpppst.gob.ve\\\/mpppstweb\\\/\",\"name\":\"MPPPST\",\"description\":\"Sitio web oficial del Ministerio del Poder Popular para el Proceso Social de Trabajo\",\"publisher\":{\"@id\":\"https:\\\/\\\/www.mpppst.gob.ve\\\/mpppstweb\\\/#organization\"},\"alternateName\":\"Ministerio del Poder Popular para el Proceso Social de Trabajo\",\"potentialAction\":[{\"@type\":\"SearchAction\",\"target\":{\"@type\":\"EntryPoint\",\"urlTemplate\":\"https:\\\/\\\/www.mpppst.gob.ve\\\/mpppstweb\\\/?s={search_term_string}\"},\"query-input\":{\"@type\":\"PropertyValueSpecification\",\"valueRequired\":true,\"valueName\":\"search_term_string\"}}],\"inLanguage\":\"es\"},{\"@type\":\"Organization\",\"@id\":\"https:\\\/\\\/www.mpppst.gob.ve\\\/mpppstweb\\\/#organization\",\"name\":\"Ministerio del Poder Popular para el Proceso Social de Trabajo\",\"alternateName\":\"MPPPST\",\"url\":\"https:\\\/\\\/www.mpppst.gob.ve\\\/mpppstweb\\\/\",\"logo\":{\"@type\":\"ImageObject\",\"inLanguage\":\"es\",\"@id\":\"https:\\\/\\\/www.mpppst.gob.ve\\\/mpppstweb\\\/#\\\/schema\\\/logo\\\/image\\\/\",\"url\":\"https:\\\/\\\/www.mpppst.gob.ve\\\/mpppstweb\\\/wp-content\\\/uploads\\\/2025\\\/07\\\/cropped-cropped-g910.png\",\"contentUrl\":\"https:\\\/\\\/www.mpppst.gob.ve\\\/mpppstweb\\\/wp-content\\\/uploads\\\/2025\\\/07\\\/cropped-cropped-g910.png\",\"width\":1080,\"height\":241,\"caption\":\"Ministerio del Poder Popular para el Proceso Social de Trabajo\"},\"image\":{\"@id\":\"https:\\\/\\\/www.mpppst.gob.ve\\\/mpppstweb\\\/#\\\/schema\\\/logo\\\/image\\\/\"},\"sameAs\":[\"https:\\\/\\\/www.facebook.com\\\/mintrabajo_ve\",\"https:\\\/\\\/www.instagram.com\\\/mintrabajo_ve\\\/\",\"https:\\\/\\\/www.tiktok.com\\\/@mintrabajo_ve\",\"https:\\\/\\\/t.me\\\/mpppst\"]},{\"@type\":\"Person\",\"@id\":\"https:\\\/\\\/www.mpppst.gob.ve\\\/mpppstweb\\\/#\\\/schema\\\/person\\\/fc187ee8ead412bd4c9304b62f900ea4\",\"name\":\"MPPPST Prensa\",\"url\":\"https:\\\/\\\/www.mpppst.gob.ve\\\/mpppstweb\\\/index.php\\\/author\\\/prensa-mpppst\\\/\"}]}<\/script>\n<!-- \/ Yoast SEO plugin. -->","yoast_head_json":{"title":"Inpsasel es un espacio m\u00e1s conquistado por la clase obrera - MPPPST","robots":{"index":"index","follow":"follow","max-snippet":"max-snippet:-1","max-image-preview":"max-image-preview:large","max-video-preview":"max-video-preview:-1"},"canonical":"https:\/\/www.mpppst.gob.ve\/mpppstweb\/index.php\/2023\/08\/30\/inpsasel-es-un-espacio-mas-conquistado-por-la-clase-obrera\/","og_locale":"es_ES","og_type":"article","og_title":"Inpsasel es un espacio m\u00e1s conquistado por la clase obrera - MPPPST","og_description":"La actividad estuvo encabezada por el ministro del Poder Popular para el Proceso Social del Trabajo, Francisco Torrealba, quien enfatiz\u00f3 la necesidad de continuar trabajando para fortalecer la revoluci\u00f3n.","og_url":"https:\/\/www.mpppst.gob.ve\/mpppstweb\/index.php\/2023\/08\/30\/inpsasel-es-un-espacio-mas-conquistado-por-la-clase-obrera\/","og_site_name":"MPPPST","article_publisher":"https:\/\/www.facebook.com\/mintrabajo_ve","article_published_time":"2023-08-30T16:24:21+00:00","article_modified_time":"2024-01-03T01:38:21+00:00","og_image":[{"width":1080,"height":608,"url":"https:\/\/www.mpppst.gob.ve\/mpppstweb\/wp-content\/uploads\/2023\/09\/WhatsApp-Image-2023-09-01-at-12.30.20-PM.jpeg","type":"image\/jpeg"}],"author":"MPPPST Prensa","twitter_card":"summary_large_image","schema":{"@context":"https:\/\/schema.org","@graph":[{"@type":"Article","@id":"https:\/\/www.mpppst.gob.ve\/mpppstweb\/index.php\/2023\/08\/30\/inpsasel-es-un-espacio-mas-conquistado-por-la-clase-obrera\/#article","isPartOf":{"@id":"https:\/\/www.mpppst.gob.ve\/mpppstweb\/index.php\/2023\/08\/30\/inpsasel-es-un-espacio-mas-conquistado-por-la-clase-obrera\/"},"author":{"name":"MPPPST Prensa","@id":"https:\/\/www.mpppst.gob.ve\/mpppstweb\/#\/schema\/person\/fc187ee8ead412bd4c9304b62f900ea4"},"headline":"Inpsasel es un espacio m\u00e1s conquistado por la clase obrera","datePublished":"2023-08-30T16:24:21+00:00","dateModified":"2024-01-03T01:38:21+00:00","mainEntityOfPage":{"@id":"https:\/\/www.mpppst.gob.ve\/mpppstweb\/index.php\/2023\/08\/30\/inpsasel-es-un-espacio-mas-conquistado-por-la-clase-obrera\/"},"wordCount":241,"publisher":{"@id":"https:\/\/www.mpppst.gob.ve\/mpppstweb\/#organization"},"image":{"@id":"https:\/\/www.mpppst.gob.ve\/mpppstweb\/index.php\/2023\/08\/30\/inpsasel-es-un-espacio-mas-conquistado-por-la-clase-obrera\/#primaryimage"},"thumbnailUrl":"https:\/\/www.mpppst.gob.ve\/mpppstweb\/wp-content\/uploads\/2023\/09\/WhatsApp-Image-2023-09-01-at-12.30.20-PM.jpeg","keywords":["Francisco Torrealba","Ipsasel","Nicolas Maduro","Revoluci\u00f3n Bolivariana","Rusbel Rond\u00f3n","Trabajadores","Venezuela"],"articleSection":["Gesti\u00f3n Directa y Democr\u00e1tica","Gobierno Nacional","Ministerio","Noticias"],"inLanguage":"es"},{"@type":"WebPage","@id":"https:\/\/www.mpppst.gob.ve\/mpppstweb\/index.php\/2023\/08\/30\/inpsasel-es-un-espacio-mas-conquistado-por-la-clase-obrera\/","url":"https:\/\/www.mpppst.gob.ve\/mpppstweb\/index.php\/2023\/08\/30\/inpsasel-es-un-espacio-mas-conquistado-por-la-clase-obrera\/","name":"Inpsasel es un espacio m\u00e1s conquistado por la clase obrera - MPPPST","isPartOf":{"@id":"https:\/\/www.mpppst.gob.ve\/mpppstweb\/#website"},"primaryImageOfPage":{"@id":"https:\/\/www.mpppst.gob.ve\/mpppstweb\/index.php\/2023\/08\/30\/inpsasel-es-un-espacio-mas-conquistado-por-la-clase-obrera\/#primaryimage"},"image":{"@id":"https:\/\/www.mpppst.gob.ve\/mpppstweb\/index.php\/2023\/08\/30\/inpsasel-es-un-espacio-mas-conquistado-por-la-clase-obrera\/#primaryimage"},"thumbnailUrl":"https:\/\/www.mpppst.gob.ve\/mpppstweb\/wp-content\/uploads\/2023\/09\/WhatsApp-Image-2023-09-01-at-12.30.20-PM.jpeg","datePublished":"2023-08-30T16:24:21+00:00","dateModified":"2024-01-03T01:38:21+00:00","breadcrumb":{"@id":"https:\/\/www.mpppst.gob.ve\/mpppstweb\/index.php\/2023\/08\/30\/inpsasel-es-un-espacio-mas-conquistado-por-la-clase-obrera\/#breadcrumb"},"inLanguage":"es","potentialAction":[{"@type":"ReadAction","target":["https:\/\/www.mpppst.gob.ve\/mpppstweb\/index.php\/2023\/08\/30\/inpsasel-es-un-espacio-mas-conquistado-por-la-clase-obrera\/"]}]},{"@type":"ImageObject","inLanguage":"es","@id":"https:\/\/www.mpppst.gob.ve\/mpppstweb\/index.php\/2023\/08\/30\/inpsasel-es-un-espacio-mas-conquistado-por-la-clase-obrera\/#primaryimage","url":"https:\/\/www.mpppst.gob.ve\/mpppstweb\/wp-content\/uploads\/2023\/09\/WhatsApp-Image-2023-09-01-at-12.30.20-PM.jpeg","contentUrl":"https:\/\/www.mpppst.gob.ve\/mpppstweb\/wp-content\/uploads\/2023\/09\/WhatsApp-Image-2023-09-01-at-12.30.20-PM.jpeg","width":1080,"height":608,"caption":"Ministro Torrealba reinagura sala de Inpsasel"},{"@type":"BreadcrumbList","@id":"https:\/\/www.mpppst.gob.ve\/mpppstweb\/index.php\/2023\/08\/30\/inpsasel-es-un-espacio-mas-conquistado-por-la-clase-obrera\/#breadcrumb","itemListElement":[{"@type":"ListItem","position":1,"name":"Home","item":"https:\/\/www.mpppst.gob.ve\/mpppstweb\/"},{"@type":"ListItem","position":2,"name":"Inpsasel es un espacio m\u00e1s conquistado por la clase obrera"}]},{"@type":"WebSite","@id":"https:\/\/www.mpppst.gob.ve\/mpppstweb\/#website","url":"https:\/\/www.mpppst.gob.ve\/mpppstweb\/","name":"MPPPST","description":"Sitio web oficial del Ministerio del Poder Popular para el Proceso Social de Trabajo","publisher":{"@id":"https:\/\/www.mpppst.gob.ve\/mpppstweb\/#organization"},"alternateName":"Ministerio del Poder Popular para el Proceso Social de Trabajo","potentialAction":[{"@type":"SearchAction","target":{"@type":"EntryPoint","urlTemplate":"https:\/\/www.mpppst.gob.ve\/mpppstweb\/?s={search_term_string}"},"query-input":{"@type":"PropertyValueSpecification","valueRequired":true,"valueName":"search_term_string"}}],"inLanguage":"es"},{"@type":"Organization","@id":"https:\/\/www.mpppst.gob.ve\/mpppstweb\/#organization","name":"Ministerio del Poder Popular para el Proceso Social de Trabajo","alternateName":"MPPPST","url":"https:\/\/www.mpppst.gob.ve\/mpppstweb\/","logo":{"@type":"ImageObject","inLanguage":"es","@id":"https:\/\/www.mpppst.gob.ve\/mpppstweb\/#\/schema\/logo\/image\/","url":"https:\/\/www.mpppst.gob.ve\/mpppstweb\/wp-content\/uploads\/2025\/07\/cropped-cropped-g910.png","contentUrl":"https:\/\/www.mpppst.gob.ve\/mpppstweb\/wp-content\/uploads\/2025\/07\/cropped-cropped-g910.png","width":1080,"height":241,"caption":"Ministerio del Poder Popular para el Proceso Social de Trabajo"},"image":{"@id":"https:\/\/www.mpppst.gob.ve\/mpppstweb\/#\/schema\/logo\/image\/"},"sameAs":["https:\/\/www.facebook.com\/mintrabajo_ve","https:\/\/www.instagram.com\/mintrabajo_ve\/","https:\/\/www.tiktok.com\/@mintrabajo_ve","https:\/\/t.me\/mpppst"]},{"@type":"Person","@id":"https:\/\/www.mpppst.gob.ve\/mpppstweb\/#\/schema\/person\/fc187ee8ead412bd4c9304b62f900ea4","name":"MPPPST Prensa","url":"https:\/\/www.mpppst.gob.ve\/mpppstweb\/index.php\/author\/prensa-mpppst\/"}]}},"_links":{"self":[{"href":"https:\/\/www.mpppst.gob.ve\/mpppstweb\/index.php\/wp-json\/wp\/v2\/posts\/24882","targetHints":{"allow":["GET"]}}],"collection":[{"href":"https:\/\/www.mpppst.gob.ve\/mpppstweb\/index.php\/wp-json\/wp\/v2\/posts"}],"about":[{"href":"https:\/\/www.mpppst.gob.ve\/mpppstweb\/index.php\/wp-json\/wp\/v2\/types\/post"}],"author":[{"embeddable":true,"href":"https:\/\/www.mpppst.gob.ve\/mpppstweb\/index.php\/wp-json\/wp\/v2\/users\/25"}],"replies":[{"embeddable":true,"href":"https:\/\/www.mpppst.gob.ve\/mpppstweb\/index.php\/wp-json\/wp\/v2\/comments?post=24882"}],"version-history":[{"count":2,"href":"https:\/\/www.mpppst.gob.ve\/mpppstweb\/index.php\/wp-json\/wp\/v2\/posts\/24882\/revisions"}],"predecessor-version":[{"id":25578,"href":"https:\/\/www.mpppst.gob.ve\/mpppstweb\/index.php\/wp-json\/wp\/v2\/posts\/24882\/revisions\/25578"}],"wp:featuredmedia":[{"embeddable":true,"href":"https:\/\/www.mpppst.gob.ve\/mpppstweb\/index.php\/wp-json\/wp\/v2\/media\/24884"}],"wp:attachment":[{"href":"https:\/\/www.mpppst.gob.ve\/mpppstweb\/index.php\/wp-json\/wp\/v2\/media?parent=24882"}],"wp:term":[{"taxonomy":"category","embeddable":true,"href":"https:\/\/www.mpppst.gob.ve\/mpppstweb\/index.php\/wp-json\/wp\/v2\/categories?post=24882"},{"taxonomy":"post_tag","embeddable":true,"href":"https:\/\/www.mpppst.gob.ve\/mpppstweb\/index.php\/wp-json\/wp\/v2\/tags?post=24882"}],"curies":[{"name":"wp","href":"https:\/\/api.w.org\/{rel}","templated":true}]}}