{"id":25042,"date":"2023-10-13T11:29:10","date_gmt":"2023-10-13T15:29:10","guid":{"rendered":"http:\/\/www.mpppst.gob.ve\/mpppstweb\/?p=25042"},"modified":"2023-11-11T03:09:46","modified_gmt":"2023-11-11T07:09:46","slug":"en-fotos-dia-de-la-resistencia-indigena-y-la-descolonizacion-de-america","status":"publish","type":"post","link":"https:\/\/www.mpppst.gob.ve\/mpppstweb\/index.php\/2023\/10\/13\/en-fotos-dia-de-la-resistencia-indigena-y-la-descolonizacion-de-america\/","title":{"rendered":"EN FOTOS | D\u00eda de la Resistencia Ind\u00edgena y la Descolonizaci\u00f3n de Am\u00e9rica"},"content":{"rendered":"\n<p class=\"wp-block-paragraph\"><strong>Caracas, 13 de octubre del 2023.-<\/strong> Este jueves, 12 de octubre, se celebr\u00f3 el <strong>D\u00eda de la Resistencia Ind\u00edgena y la Descolonizaci\u00f3n de Am\u00e9rica<\/strong> con una marcha multitudinaria para <strong>reivindicar la lucha de los pueblos originarios contra la colonizaci\u00f3n europea<\/strong>, desde Parque Carabobo hasta la Asamblea Nacional, donde los pueblos ind\u00edgenas entregaron un manifiesto que reafirma su compromiso con la Revoluci\u00f3n Bolivariana.<\/p>\n\n\n\n<p class=\"wp-block-paragraph\"><strong>Fotos MPPPST<\/strong><\/p>\n\n\n<div class=\"wp-block-image\">\n<figure class=\"alignleft size-large is-resized\"><a href=\"https:\/\/www.mpppst.gob.ve\/mpppstweb\/wp-content\/uploads\/2023\/10\/Dia-de-la-Resistencia-Indigena-y-la-Descolonizacion-de-America.jpeg\"><img loading=\"lazy\" decoding=\"async\" width=\"1024\" height=\"577\" src=\"https:\/\/www.mpppst.gob.ve\/mpppstweb\/wp-content\/uploads\/2023\/10\/Dia-de-la-Resistencia-Indigena-y-la-Descolonizacion-de-America-1024x577.jpeg\" alt=\"\" class=\"wp-image-25043\" style=\"width:557px;height:314px\" srcset=\"https:\/\/www.mpppst.gob.ve\/mpppstweb\/wp-content\/uploads\/2023\/10\/Dia-de-la-Resistencia-Indigena-y-la-Descolonizacion-de-America-1024x577.jpeg 1024w, https:\/\/www.mpppst.gob.ve\/mpppstweb\/wp-content\/uploads\/2023\/10\/Dia-de-la-Resistencia-Indigena-y-la-Descolonizacion-de-America-300x169.jpeg 300w, https:\/\/www.mpppst.gob.ve\/mpppstweb\/wp-content\/uploads\/2023\/10\/Dia-de-la-Resistencia-Indigena-y-la-Descolonizacion-de-America-768x433.jpeg 768w, https:\/\/www.mpppst.gob.ve\/mpppstweb\/wp-content\/uploads\/2023\/10\/Dia-de-la-Resistencia-Indigena-y-la-Descolonizacion-de-America.jpeg 1280w\" sizes=\"auto, (max-width: 1024px) 100vw, 1024px\" \/><\/a><\/figure>\n<\/div>\n\n\n<figure class=\"wp-block-image size-large\"><a href=\"https:\/\/www.mpppst.gob.ve\/mpppstweb\/wp-content\/uploads\/2023\/10\/Dia-de-la-Resistencia-Indigena-y-la-Descolonizacion-de-America-1.jpeg\"><img loading=\"lazy\" decoding=\"async\" width=\"1024\" height=\"577\" src=\"https:\/\/www.mpppst.gob.ve\/mpppstweb\/wp-content\/uploads\/2023\/10\/Dia-de-la-Resistencia-Indigena-y-la-Descolonizacion-de-America-1-1024x577.jpeg\" alt=\"\" class=\"wp-image-25044\" srcset=\"https:\/\/www.mpppst.gob.ve\/mpppstweb\/wp-content\/uploads\/2023\/10\/Dia-de-la-Resistencia-Indigena-y-la-Descolonizacion-de-America-1-1024x577.jpeg 1024w, https:\/\/www.mpppst.gob.ve\/mpppstweb\/wp-content\/uploads\/2023\/10\/Dia-de-la-Resistencia-Indigena-y-la-Descolonizacion-de-America-1-300x169.jpeg 300w, https:\/\/www.mpppst.gob.ve\/mpppstweb\/wp-content\/uploads\/2023\/10\/Dia-de-la-Resistencia-Indigena-y-la-Descolonizacion-de-America-1-768x433.jpeg 768w, https:\/\/www.mpppst.gob.ve\/mpppstweb\/wp-content\/uploads\/2023\/10\/Dia-de-la-Resistencia-Indigena-y-la-Descolonizacion-de-America-1.jpeg 1280w\" sizes=\"auto, (max-width: 1024px) 100vw, 1024px\" \/><\/a><\/figure>\n\n\n<div class=\"wp-block-image\">\n<figure class=\"alignleft size-large is-resized\"><a href=\"https:\/\/www.mpppst.gob.ve\/mpppstweb\/wp-content\/uploads\/2023\/10\/Dia-de-la-Resistencia-Indigena-y-la-Descolonizacion-de-America-4.jpeg\"><img loading=\"lazy\" decoding=\"async\" width=\"1024\" height=\"577\" src=\"https:\/\/www.mpppst.gob.ve\/mpppstweb\/wp-content\/uploads\/2023\/10\/Dia-de-la-Resistencia-Indigena-y-la-Descolonizacion-de-America-4-1024x577.jpeg\" alt=\"\" class=\"wp-image-25045\" style=\"width:560px;height:316px\" srcset=\"https:\/\/www.mpppst.gob.ve\/mpppstweb\/wp-content\/uploads\/2023\/10\/Dia-de-la-Resistencia-Indigena-y-la-Descolonizacion-de-America-4-1024x577.jpeg 1024w, https:\/\/www.mpppst.gob.ve\/mpppstweb\/wp-content\/uploads\/2023\/10\/Dia-de-la-Resistencia-Indigena-y-la-Descolonizacion-de-America-4-300x169.jpeg 300w, https:\/\/www.mpppst.gob.ve\/mpppstweb\/wp-content\/uploads\/2023\/10\/Dia-de-la-Resistencia-Indigena-y-la-Descolonizacion-de-America-4-768x433.jpeg 768w, https:\/\/www.mpppst.gob.ve\/mpppstweb\/wp-content\/uploads\/2023\/10\/Dia-de-la-Resistencia-Indigena-y-la-Descolonizacion-de-America-4.jpeg 1280w\" sizes=\"auto, (max-width: 1024px) 100vw, 1024px\" \/><\/a><\/figure>\n<\/div>\n\n\n<figure class=\"wp-block-image size-large\"><a href=\"https:\/\/www.mpppst.gob.ve\/mpppstweb\/wp-content\/uploads\/2023\/10\/Dia-de-la-Resistencia-Indigena-y-la-Descolonizacion-de-America-2.jpeg\"><img loading=\"lazy\" decoding=\"async\" width=\"1024\" height=\"577\" src=\"https:\/\/www.mpppst.gob.ve\/mpppstweb\/wp-content\/uploads\/2023\/10\/Dia-de-la-Resistencia-Indigena-y-la-Descolonizacion-de-America-2-1024x577.jpeg\" alt=\"\" class=\"wp-image-25046\" srcset=\"https:\/\/www.mpppst.gob.ve\/mpppstweb\/wp-content\/uploads\/2023\/10\/Dia-de-la-Resistencia-Indigena-y-la-Descolonizacion-de-America-2-1024x577.jpeg 1024w, https:\/\/www.mpppst.gob.ve\/mpppstweb\/wp-content\/uploads\/2023\/10\/Dia-de-la-Resistencia-Indigena-y-la-Descolonizacion-de-America-2-300x169.jpeg 300w, https:\/\/www.mpppst.gob.ve\/mpppstweb\/wp-content\/uploads\/2023\/10\/Dia-de-la-Resistencia-Indigena-y-la-Descolonizacion-de-America-2-768x433.jpeg 768w, https:\/\/www.mpppst.gob.ve\/mpppstweb\/wp-content\/uploads\/2023\/10\/Dia-de-la-Resistencia-Indigena-y-la-Descolonizacion-de-America-2.jpeg 1280w\" sizes=\"auto, (max-width: 1024px) 100vw, 1024px\" \/><\/a><\/figure>\n\n\n<div class=\"wp-block-image\">\n<figure class=\"alignright size-large is-resized\"><a href=\"https:\/\/www.mpppst.gob.ve\/mpppstweb\/wp-content\/uploads\/2023\/10\/Dia-de-la-Resistencia-Indigena-y-la-Descolonizacion-de-America-5.jpeg\"><img loading=\"lazy\" decoding=\"async\" width=\"1024\" height=\"577\" src=\"https:\/\/www.mpppst.gob.ve\/mpppstweb\/wp-content\/uploads\/2023\/10\/Dia-de-la-Resistencia-Indigena-y-la-Descolonizacion-de-America-5-1024x577.jpeg\" alt=\"\" class=\"wp-image-25048\" style=\"width:545px;height:306px\" srcset=\"https:\/\/www.mpppst.gob.ve\/mpppstweb\/wp-content\/uploads\/2023\/10\/Dia-de-la-Resistencia-Indigena-y-la-Descolonizacion-de-America-5-1024x577.jpeg 1024w, https:\/\/www.mpppst.gob.ve\/mpppstweb\/wp-content\/uploads\/2023\/10\/Dia-de-la-Resistencia-Indigena-y-la-Descolonizacion-de-America-5-300x169.jpeg 300w, https:\/\/www.mpppst.gob.ve\/mpppstweb\/wp-content\/uploads\/2023\/10\/Dia-de-la-Resistencia-Indigena-y-la-Descolonizacion-de-America-5-768x433.jpeg 768w, https:\/\/www.mpppst.gob.ve\/mpppstweb\/wp-content\/uploads\/2023\/10\/Dia-de-la-Resistencia-Indigena-y-la-Descolonizacion-de-America-5.jpeg 1280w\" sizes=\"auto, (max-width: 1024px) 100vw, 1024px\" \/><\/a><\/figure>\n<\/div>\n\n<div class=\"wp-block-image\">\n<figure class=\"alignleft size-large is-resized\"><a href=\"https:\/\/www.mpppst.gob.ve\/mpppstweb\/wp-content\/uploads\/2023\/10\/Dia-de-la-Resistencia-Indigena-y-la-Descolonizacion-de-America-3.jpeg\"><img loading=\"lazy\" decoding=\"async\" width=\"1280\" height=\"800\" src=\"https:\/\/www.mpppst.gob.ve\/mpppstweb\/wp-content\/uploads\/2023\/10\/Dia-de-la-Resistencia-Indigena-y-la-Descolonizacion-de-America-3-edited.jpeg\" alt=\"\" class=\"wp-image-25049\" style=\"width:558px\" srcset=\"https:\/\/www.mpppst.gob.ve\/mpppstweb\/wp-content\/uploads\/2023\/10\/Dia-de-la-Resistencia-Indigena-y-la-Descolonizacion-de-America-3-edited.jpeg 1280w, https:\/\/www.mpppst.gob.ve\/mpppstweb\/wp-content\/uploads\/2023\/10\/Dia-de-la-Resistencia-Indigena-y-la-Descolonizacion-de-America-3-edited-300x188.jpeg 300w, https:\/\/www.mpppst.gob.ve\/mpppstweb\/wp-content\/uploads\/2023\/10\/Dia-de-la-Resistencia-Indigena-y-la-Descolonizacion-de-America-3-edited-1024x640.jpeg 1024w, https:\/\/www.mpppst.gob.ve\/mpppstweb\/wp-content\/uploads\/2023\/10\/Dia-de-la-Resistencia-Indigena-y-la-Descolonizacion-de-America-3-edited-768x480.jpeg 768w\" sizes=\"auto, (max-width: 1280px) 100vw, 1280px\" \/><\/a><\/figure>\n<\/div>\n\n<div class=\"wp-block-image\">\n<figure class=\"alignleft size-large is-resized\"><a href=\"https:\/\/www.mpppst.gob.ve\/mpppstweb\/wp-content\/uploads\/2023\/10\/Dia-de-la-Resistencia-Indigena-y-la-Descolonizacion-de-America-2-1.jpeg\"><img loading=\"lazy\" decoding=\"async\" width=\"1280\" height=\"800\" src=\"https:\/\/www.mpppst.gob.ve\/mpppstweb\/wp-content\/uploads\/2023\/10\/Dia-de-la-Resistencia-Indigena-y-la-Descolonizacion-de-America-2-1-edited.jpeg\" alt=\"\" class=\"wp-image-25051\" style=\"width:581px;height:363px\" srcset=\"https:\/\/www.mpppst.gob.ve\/mpppstweb\/wp-content\/uploads\/2023\/10\/Dia-de-la-Resistencia-Indigena-y-la-Descolonizacion-de-America-2-1-edited.jpeg 1280w, https:\/\/www.mpppst.gob.ve\/mpppstweb\/wp-content\/uploads\/2023\/10\/Dia-de-la-Resistencia-Indigena-y-la-Descolonizacion-de-America-2-1-edited-300x188.jpeg 300w, https:\/\/www.mpppst.gob.ve\/mpppstweb\/wp-content\/uploads\/2023\/10\/Dia-de-la-Resistencia-Indigena-y-la-Descolonizacion-de-America-2-1-edited-1024x640.jpeg 1024w, https:\/\/www.mpppst.gob.ve\/mpppstweb\/wp-content\/uploads\/2023\/10\/Dia-de-la-Resistencia-Indigena-y-la-Descolonizacion-de-America-2-1-edited-768x480.jpeg 768w\" sizes=\"auto, (max-width: 1280px) 100vw, 1280px\" \/><\/a><\/figure>\n<\/div>\n\n\n<figure class=\"wp-block-image size-large\"><a href=\"https:\/\/www.mpppst.gob.ve\/mpppstweb\/wp-content\/uploads\/2023\/10\/Pueblos-originarios-de-Venezuela-reafirman-su-compromiso-con-la-Revolucion-Bolivariana.jpeg\"><img loading=\"lazy\" decoding=\"async\" width=\"1024\" height=\"768\" src=\"https:\/\/www.mpppst.gob.ve\/mpppstweb\/wp-content\/uploads\/2023\/10\/Pueblos-originarios-de-Venezuela-reafirman-su-compromiso-con-la-Revolucion-Bolivariana-1024x768.jpeg\" alt=\"\" class=\"wp-image-25026\" srcset=\"https:\/\/www.mpppst.gob.ve\/mpppstweb\/wp-content\/uploads\/2023\/10\/Pueblos-originarios-de-Venezuela-reafirman-su-compromiso-con-la-Revolucion-Bolivariana-1024x768.jpeg 1024w, https:\/\/www.mpppst.gob.ve\/mpppstweb\/wp-content\/uploads\/2023\/10\/Pueblos-originarios-de-Venezuela-reafirman-su-compromiso-con-la-Revolucion-Bolivariana-300x225.jpeg 300w, https:\/\/www.mpppst.gob.ve\/mpppstweb\/wp-content\/uploads\/2023\/10\/Pueblos-originarios-de-Venezuela-reafirman-su-compromiso-con-la-Revolucion-Bolivariana-768x576.jpeg 768w, https:\/\/www.mpppst.gob.ve\/mpppstweb\/wp-content\/uploads\/2023\/10\/Pueblos-originarios-de-Venezuela-reafirman-su-compromiso-con-la-Revolucion-Bolivariana.jpeg 1280w\" sizes=\"auto, (max-width: 1024px) 100vw, 1024px\" \/><\/a><\/figure>\n\n\n<div class=\"wp-block-image\">\n<figure class=\"alignleft size-full is-resized\"><a href=\"https:\/\/www.mpppst.gob.ve\/mpppstweb\/wp-content\/uploads\/2023\/10\/Pueblos-originarios-de-Venezuela-reafirman-su-compromiso-con-la-Revolucion-Bolivariana-1.jpeg\"><img loading=\"lazy\" decoding=\"async\" width=\"800\" height=\"451\" src=\"https:\/\/www.mpppst.gob.ve\/mpppstweb\/wp-content\/uploads\/2023\/10\/Pueblos-originarios-de-Venezuela-reafirman-su-compromiso-con-la-Revolucion-Bolivariana-1.jpeg\" alt=\"\" class=\"wp-image-25027\" style=\"width:580px;height:327px\" srcset=\"https:\/\/www.mpppst.gob.ve\/mpppstweb\/wp-content\/uploads\/2023\/10\/Pueblos-originarios-de-Venezuela-reafirman-su-compromiso-con-la-Revolucion-Bolivariana-1.jpeg 800w, https:\/\/www.mpppst.gob.ve\/mpppstweb\/wp-content\/uploads\/2023\/10\/Pueblos-originarios-de-Venezuela-reafirman-su-compromiso-con-la-Revolucion-Bolivariana-1-300x169.jpeg 300w, https:\/\/www.mpppst.gob.ve\/mpppstweb\/wp-content\/uploads\/2023\/10\/Pueblos-originarios-de-Venezuela-reafirman-su-compromiso-con-la-Revolucion-Bolivariana-1-768x433.jpeg 768w\" sizes=\"auto, (max-width: 800px) 100vw, 800px\" \/><\/a><\/figure>\n<\/div>\n\n\n<figure class=\"wp-block-image size-large\"><a href=\"https:\/\/www.mpppst.gob.ve\/mpppstweb\/wp-content\/uploads\/2023\/10\/Dia-de-la-Resistencia-Indigena-y-la-Descolonizacion-de-America-1-1.jpeg\"><img loading=\"lazy\" decoding=\"async\" width=\"1024\" height=\"577\" src=\"https:\/\/www.mpppst.gob.ve\/mpppstweb\/wp-content\/uploads\/2023\/10\/Dia-de-la-Resistencia-Indigena-y-la-Descolonizacion-de-America-1-1-1024x577.jpeg\" alt=\"\" class=\"wp-image-25052\" srcset=\"https:\/\/www.mpppst.gob.ve\/mpppstweb\/wp-content\/uploads\/2023\/10\/Dia-de-la-Resistencia-Indigena-y-la-Descolonizacion-de-America-1-1-1024x577.jpeg 1024w, https:\/\/www.mpppst.gob.ve\/mpppstweb\/wp-content\/uploads\/2023\/10\/Dia-de-la-Resistencia-Indigena-y-la-Descolonizacion-de-America-1-1-300x169.jpeg 300w, https:\/\/www.mpppst.gob.ve\/mpppstweb\/wp-content\/uploads\/2023\/10\/Dia-de-la-Resistencia-Indigena-y-la-Descolonizacion-de-America-1-1-768x433.jpeg 768w, https:\/\/www.mpppst.gob.ve\/mpppstweb\/wp-content\/uploads\/2023\/10\/Dia-de-la-Resistencia-Indigena-y-la-Descolonizacion-de-America-1-1.jpeg 1280w\" sizes=\"auto, (max-width: 1024px) 100vw, 1024px\" \/><\/a><\/figure>\n","protected":false},"excerpt":{"rendered":"<p>Este jueves, 12 de octubre, se celebr\u00f3 el D\u00eda de la Resistencia Ind\u00edgena y la Descolonizaci\u00f3n de Am\u00e9rica con una marcha multitudinaria para reivindicar la lucha de los pueblos originarios contra la colonizaci\u00f3n europea.<\/p>\n","protected":false},"author":25,"featured_media":25035,"comment_status":"closed","ping_status":"closed","sticky":false,"template":"","format":"standard","meta":{"footnotes":""},"categories":[163],"tags":[457,222,459,223,341,227,458,335],"class_list":["post-25042","post","type-post","status-publish","format-standard","has-post-thumbnail","hentry","category-noticias","tag-dia-de-la-resistencia-indigena","tag-gobierno-bolivariano","tag-movilizacion","tag-mpppst","tag-nicolas-maduro","tag-proceso-social","tag-pueblos-originarios","tag-venezuela"],"yoast_head":"<!-- This site is optimized with the Yoast SEO plugin v28.4 - https:\/\/yoast.com\/product\/yoast-seo-wordpress\/ -->\n<title>EN FOTOS | D\u00eda de la Resistencia Ind\u00edgena y la Descolonizaci\u00f3n de Am\u00e9rica - MPPPST<\/title>\n<meta name=\"robots\" content=\"index, follow, max-snippet:-1, max-image-preview:large, max-video-preview:-1\" \/>\n<link rel=\"canonical\" href=\"https:\/\/www.mpppst.gob.ve\/mpppstweb\/index.php\/2023\/10\/13\/en-fotos-dia-de-la-resistencia-indigena-y-la-descolonizacion-de-america\/\" \/>\n<meta property=\"og:locale\" content=\"es_ES\" \/>\n<meta property=\"og:type\" content=\"article\" \/>\n<meta property=\"og:title\" content=\"EN FOTOS | D\u00eda de la Resistencia Ind\u00edgena y la Descolonizaci\u00f3n de Am\u00e9rica - MPPPST\" \/>\n<meta property=\"og:description\" content=\"Este jueves, 12 de octubre, se celebr\u00f3 el D\u00eda de la Resistencia Ind\u00edgena y la Descolonizaci\u00f3n de Am\u00e9rica con una marcha multitudinaria para reivindicar la lucha de los pueblos originarios contra la colonizaci\u00f3n europea.\" \/>\n<meta property=\"og:url\" content=\"https:\/\/www.mpppst.gob.ve\/mpppstweb\/index.php\/2023\/10\/13\/en-fotos-dia-de-la-resistencia-indigena-y-la-descolonizacion-de-america\/\" \/>\n<meta property=\"og:site_name\" content=\"MPPPST\" \/>\n<meta property=\"article:publisher\" content=\"https:\/\/www.facebook.com\/mintrabajo_ve\" \/>\n<meta property=\"article:published_time\" content=\"2023-10-13T15:29:10+00:00\" \/>\n<meta property=\"article:modified_time\" content=\"2023-11-11T07:09:46+00:00\" \/>\n<meta property=\"og:image\" content=\"https:\/\/www.mpppst.gob.ve\/mpppstweb\/wp-content\/uploads\/2023\/10\/Pueblos-originarios-de-Venezuela-reafirman-su-compromiso-con-la-Revolucion-Bolivariana3.jpeg\" \/>\n\t<meta property=\"og:image:width\" content=\"1280\" \/>\n\t<meta property=\"og:image:height\" content=\"721\" \/>\n\t<meta property=\"og:image:type\" content=\"image\/jpeg\" \/>\n<meta name=\"author\" content=\"MPPPST Prensa\" \/>\n<meta name=\"twitter:card\" content=\"summary_large_image\" \/>\n<script type=\"application\/ld+json\" class=\"yoast-schema-graph\">{\"@context\":\"https:\\\/\\\/schema.org\",\"@graph\":[{\"@type\":\"Article\",\"@id\":\"https:\\\/\\\/www.mpppst.gob.ve\\\/mpppstweb\\\/index.php\\\/2023\\\/10\\\/13\\\/en-fotos-dia-de-la-resistencia-indigena-y-la-descolonizacion-de-america\\\/#article\",\"isPartOf\":{\"@id\":\"https:\\\/\\\/www.mpppst.gob.ve\\\/mpppstweb\\\/index.php\\\/2023\\\/10\\\/13\\\/en-fotos-dia-de-la-resistencia-indigena-y-la-descolonizacion-de-america\\\/\"},\"author\":{\"name\":\"MPPPST Prensa\",\"@id\":\"https:\\\/\\\/www.mpppst.gob.ve\\\/mpppstweb\\\/#\\\/schema\\\/person\\\/fc187ee8ead412bd4c9304b62f900ea4\"},\"headline\":\"EN FOTOS | D\u00eda de la Resistencia Ind\u00edgena y la Descolonizaci\u00f3n de Am\u00e9rica\",\"datePublished\":\"2023-10-13T15:29:10+00:00\",\"dateModified\":\"2023-11-11T07:09:46+00:00\",\"mainEntityOfPage\":{\"@id\":\"https:\\\/\\\/www.mpppst.gob.ve\\\/mpppstweb\\\/index.php\\\/2023\\\/10\\\/13\\\/en-fotos-dia-de-la-resistencia-indigena-y-la-descolonizacion-de-america\\\/\"},\"wordCount\":85,\"publisher\":{\"@id\":\"https:\\\/\\\/www.mpppst.gob.ve\\\/mpppstweb\\\/#organization\"},\"image\":{\"@id\":\"https:\\\/\\\/www.mpppst.gob.ve\\\/mpppstweb\\\/index.php\\\/2023\\\/10\\\/13\\\/en-fotos-dia-de-la-resistencia-indigena-y-la-descolonizacion-de-america\\\/#primaryimage\"},\"thumbnailUrl\":\"https:\\\/\\\/www.mpppst.gob.ve\\\/mpppstweb\\\/wp-content\\\/uploads\\\/2023\\\/10\\\/Pueblos-originarios-de-Venezuela-reafirman-su-compromiso-con-la-Revolucion-Bolivariana3.jpeg\",\"keywords\":[\"D\u00eda de la Resistencia Ind\u00edgena\",\"Gobierno Bolivariano\",\"Movilizaci\u00f3n\",\"MPPPST\",\"Nicol\u00e1s Maduro\",\"Proceso Social\",\"Pueblos originarios\",\"Venezuela\"],\"articleSection\":[\"Noticias\"],\"inLanguage\":\"es\"},{\"@type\":\"WebPage\",\"@id\":\"https:\\\/\\\/www.mpppst.gob.ve\\\/mpppstweb\\\/index.php\\\/2023\\\/10\\\/13\\\/en-fotos-dia-de-la-resistencia-indigena-y-la-descolonizacion-de-america\\\/\",\"url\":\"https:\\\/\\\/www.mpppst.gob.ve\\\/mpppstweb\\\/index.php\\\/2023\\\/10\\\/13\\\/en-fotos-dia-de-la-resistencia-indigena-y-la-descolonizacion-de-america\\\/\",\"name\":\"EN FOTOS | D\u00eda de la Resistencia Ind\u00edgena y la Descolonizaci\u00f3n de Am\u00e9rica - MPPPST\",\"isPartOf\":{\"@id\":\"https:\\\/\\\/www.mpppst.gob.ve\\\/mpppstweb\\\/#website\"},\"primaryImageOfPage\":{\"@id\":\"https:\\\/\\\/www.mpppst.gob.ve\\\/mpppstweb\\\/index.php\\\/2023\\\/10\\\/13\\\/en-fotos-dia-de-la-resistencia-indigena-y-la-descolonizacion-de-america\\\/#primaryimage\"},\"image\":{\"@id\":\"https:\\\/\\\/www.mpppst.gob.ve\\\/mpppstweb\\\/index.php\\\/2023\\\/10\\\/13\\\/en-fotos-dia-de-la-resistencia-indigena-y-la-descolonizacion-de-america\\\/#primaryimage\"},\"thumbnailUrl\":\"https:\\\/\\\/www.mpppst.gob.ve\\\/mpppstweb\\\/wp-content\\\/uploads\\\/2023\\\/10\\\/Pueblos-originarios-de-Venezuela-reafirman-su-compromiso-con-la-Revolucion-Bolivariana3.jpeg\",\"datePublished\":\"2023-10-13T15:29:10+00:00\",\"dateModified\":\"2023-11-11T07:09:46+00:00\",\"breadcrumb\":{\"@id\":\"https:\\\/\\\/www.mpppst.gob.ve\\\/mpppstweb\\\/index.php\\\/2023\\\/10\\\/13\\\/en-fotos-dia-de-la-resistencia-indigena-y-la-descolonizacion-de-america\\\/#breadcrumb\"},\"inLanguage\":\"es\",\"potentialAction\":[{\"@type\":\"ReadAction\",\"target\":[\"https:\\\/\\\/www.mpppst.gob.ve\\\/mpppstweb\\\/index.php\\\/2023\\\/10\\\/13\\\/en-fotos-dia-de-la-resistencia-indigena-y-la-descolonizacion-de-america\\\/\"]}]},{\"@type\":\"ImageObject\",\"inLanguage\":\"es\",\"@id\":\"https:\\\/\\\/www.mpppst.gob.ve\\\/mpppstweb\\\/index.php\\\/2023\\\/10\\\/13\\\/en-fotos-dia-de-la-resistencia-indigena-y-la-descolonizacion-de-america\\\/#primaryimage\",\"url\":\"https:\\\/\\\/www.mpppst.gob.ve\\\/mpppstweb\\\/wp-content\\\/uploads\\\/2023\\\/10\\\/Pueblos-originarios-de-Venezuela-reafirman-su-compromiso-con-la-Revolucion-Bolivariana3.jpeg\",\"contentUrl\":\"https:\\\/\\\/www.mpppst.gob.ve\\\/mpppstweb\\\/wp-content\\\/uploads\\\/2023\\\/10\\\/Pueblos-originarios-de-Venezuela-reafirman-su-compromiso-con-la-Revolucion-Bolivariana3.jpeg\",\"width\":1280,\"height\":721},{\"@type\":\"BreadcrumbList\",\"@id\":\"https:\\\/\\\/www.mpppst.gob.ve\\\/mpppstweb\\\/index.php\\\/2023\\\/10\\\/13\\\/en-fotos-dia-de-la-resistencia-indigena-y-la-descolonizacion-de-america\\\/#breadcrumb\",\"itemListElement\":[{\"@type\":\"ListItem\",\"position\":1,\"name\":\"Home\",\"item\":\"https:\\\/\\\/www.mpppst.gob.ve\\\/mpppstweb\\\/\"},{\"@type\":\"ListItem\",\"position\":2,\"name\":\"EN FOTOS | D\u00eda de la Resistencia Ind\u00edgena y la Descolonizaci\u00f3n de Am\u00e9rica\"}]},{\"@type\":\"WebSite\",\"@id\":\"https:\\\/\\\/www.mpppst.gob.ve\\\/mpppstweb\\\/#website\",\"url\":\"https:\\\/\\\/www.mpppst.gob.ve\\\/mpppstweb\\\/\",\"name\":\"MPPPST\",\"description\":\"Sitio web oficial del Ministerio del Poder Popular para el Proceso Social de Trabajo\",\"publisher\":{\"@id\":\"https:\\\/\\\/www.mpppst.gob.ve\\\/mpppstweb\\\/#organization\"},\"alternateName\":\"Ministerio del Poder Popular para el Proceso Social de Trabajo\",\"potentialAction\":[{\"@type\":\"SearchAction\",\"target\":{\"@type\":\"EntryPoint\",\"urlTemplate\":\"https:\\\/\\\/www.mpppst.gob.ve\\\/mpppstweb\\\/?s={search_term_string}\"},\"query-input\":{\"@type\":\"PropertyValueSpecification\",\"valueRequired\":true,\"valueName\":\"search_term_string\"}}],\"inLanguage\":\"es\"},{\"@type\":\"Organization\",\"@id\":\"https:\\\/\\\/www.mpppst.gob.ve\\\/mpppstweb\\\/#organization\",\"name\":\"Ministerio del Poder Popular para el Proceso Social de Trabajo\",\"alternateName\":\"MPPPST\",\"url\":\"https:\\\/\\\/www.mpppst.gob.ve\\\/mpppstweb\\\/\",\"logo\":{\"@type\":\"ImageObject\",\"inLanguage\":\"es\",\"@id\":\"https:\\\/\\\/www.mpppst.gob.ve\\\/mpppstweb\\\/#\\\/schema\\\/logo\\\/image\\\/\",\"url\":\"https:\\\/\\\/www.mpppst.gob.ve\\\/mpppstweb\\\/wp-content\\\/uploads\\\/2025\\\/07\\\/cropped-cropped-g910.png\",\"contentUrl\":\"https:\\\/\\\/www.mpppst.gob.ve\\\/mpppstweb\\\/wp-content\\\/uploads\\\/2025\\\/07\\\/cropped-cropped-g910.png\",\"width\":1080,\"height\":241,\"caption\":\"Ministerio del Poder Popular para el Proceso Social de Trabajo\"},\"image\":{\"@id\":\"https:\\\/\\\/www.mpppst.gob.ve\\\/mpppstweb\\\/#\\\/schema\\\/logo\\\/image\\\/\"},\"sameAs\":[\"https:\\\/\\\/www.facebook.com\\\/mintrabajo_ve\",\"https:\\\/\\\/www.instagram.com\\\/mintrabajo_ve\\\/\",\"https:\\\/\\\/www.tiktok.com\\\/@mintrabajo_ve\",\"https:\\\/\\\/t.me\\\/mpppst\"]},{\"@type\":\"Person\",\"@id\":\"https:\\\/\\\/www.mpppst.gob.ve\\\/mpppstweb\\\/#\\\/schema\\\/person\\\/fc187ee8ead412bd4c9304b62f900ea4\",\"name\":\"MPPPST Prensa\",\"url\":\"https:\\\/\\\/www.mpppst.gob.ve\\\/mpppstweb\\\/index.php\\\/author\\\/prensa-mpppst\\\/\"}]}<\/script>\n<!-- \/ Yoast SEO plugin. -->","yoast_head_json":{"title":"EN FOTOS | D\u00eda de la Resistencia Ind\u00edgena y la Descolonizaci\u00f3n de Am\u00e9rica - MPPPST","robots":{"index":"index","follow":"follow","max-snippet":"max-snippet:-1","max-image-preview":"max-image-preview:large","max-video-preview":"max-video-preview:-1"},"canonical":"https:\/\/www.mpppst.gob.ve\/mpppstweb\/index.php\/2023\/10\/13\/en-fotos-dia-de-la-resistencia-indigena-y-la-descolonizacion-de-america\/","og_locale":"es_ES","og_type":"article","og_title":"EN FOTOS | D\u00eda de la Resistencia Ind\u00edgena y la Descolonizaci\u00f3n de Am\u00e9rica - MPPPST","og_description":"Este jueves, 12 de octubre, se celebr\u00f3 el D\u00eda de la Resistencia Ind\u00edgena y la Descolonizaci\u00f3n de Am\u00e9rica con una marcha multitudinaria para reivindicar la lucha de los pueblos originarios contra la colonizaci\u00f3n europea.","og_url":"https:\/\/www.mpppst.gob.ve\/mpppstweb\/index.php\/2023\/10\/13\/en-fotos-dia-de-la-resistencia-indigena-y-la-descolonizacion-de-america\/","og_site_name":"MPPPST","article_publisher":"https:\/\/www.facebook.com\/mintrabajo_ve","article_published_time":"2023-10-13T15:29:10+00:00","article_modified_time":"2023-11-11T07:09:46+00:00","og_image":[{"width":1280,"height":721,"url":"https:\/\/www.mpppst.gob.ve\/mpppstweb\/wp-content\/uploads\/2023\/10\/Pueblos-originarios-de-Venezuela-reafirman-su-compromiso-con-la-Revolucion-Bolivariana3.jpeg","type":"image\/jpeg"}],"author":"MPPPST Prensa","twitter_card":"summary_large_image","schema":{"@context":"https:\/\/schema.org","@graph":[{"@type":"Article","@id":"https:\/\/www.mpppst.gob.ve\/mpppstweb\/index.php\/2023\/10\/13\/en-fotos-dia-de-la-resistencia-indigena-y-la-descolonizacion-de-america\/#article","isPartOf":{"@id":"https:\/\/www.mpppst.gob.ve\/mpppstweb\/index.php\/2023\/10\/13\/en-fotos-dia-de-la-resistencia-indigena-y-la-descolonizacion-de-america\/"},"author":{"name":"MPPPST Prensa","@id":"https:\/\/www.mpppst.gob.ve\/mpppstweb\/#\/schema\/person\/fc187ee8ead412bd4c9304b62f900ea4"},"headline":"EN FOTOS | D\u00eda de la Resistencia Ind\u00edgena y la Descolonizaci\u00f3n de Am\u00e9rica","datePublished":"2023-10-13T15:29:10+00:00","dateModified":"2023-11-11T07:09:46+00:00","mainEntityOfPage":{"@id":"https:\/\/www.mpppst.gob.ve\/mpppstweb\/index.php\/2023\/10\/13\/en-fotos-dia-de-la-resistencia-indigena-y-la-descolonizacion-de-america\/"},"wordCount":85,"publisher":{"@id":"https:\/\/www.mpppst.gob.ve\/mpppstweb\/#organization"},"image":{"@id":"https:\/\/www.mpppst.gob.ve\/mpppstweb\/index.php\/2023\/10\/13\/en-fotos-dia-de-la-resistencia-indigena-y-la-descolonizacion-de-america\/#primaryimage"},"thumbnailUrl":"https:\/\/www.mpppst.gob.ve\/mpppstweb\/wp-content\/uploads\/2023\/10\/Pueblos-originarios-de-Venezuela-reafirman-su-compromiso-con-la-Revolucion-Bolivariana3.jpeg","keywords":["D\u00eda de la Resistencia Ind\u00edgena","Gobierno Bolivariano","Movilizaci\u00f3n","MPPPST","Nicol\u00e1s Maduro","Proceso Social","Pueblos originarios","Venezuela"],"articleSection":["Noticias"],"inLanguage":"es"},{"@type":"WebPage","@id":"https:\/\/www.mpppst.gob.ve\/mpppstweb\/index.php\/2023\/10\/13\/en-fotos-dia-de-la-resistencia-indigena-y-la-descolonizacion-de-america\/","url":"https:\/\/www.mpppst.gob.ve\/mpppstweb\/index.php\/2023\/10\/13\/en-fotos-dia-de-la-resistencia-indigena-y-la-descolonizacion-de-america\/","name":"EN FOTOS | D\u00eda de la Resistencia Ind\u00edgena y la Descolonizaci\u00f3n de Am\u00e9rica - MPPPST","isPartOf":{"@id":"https:\/\/www.mpppst.gob.ve\/mpppstweb\/#website"},"primaryImageOfPage":{"@id":"https:\/\/www.mpppst.gob.ve\/mpppstweb\/index.php\/2023\/10\/13\/en-fotos-dia-de-la-resistencia-indigena-y-la-descolonizacion-de-america\/#primaryimage"},"image":{"@id":"https:\/\/www.mpppst.gob.ve\/mpppstweb\/index.php\/2023\/10\/13\/en-fotos-dia-de-la-resistencia-indigena-y-la-descolonizacion-de-america\/#primaryimage"},"thumbnailUrl":"https:\/\/www.mpppst.gob.ve\/mpppstweb\/wp-content\/uploads\/2023\/10\/Pueblos-originarios-de-Venezuela-reafirman-su-compromiso-con-la-Revolucion-Bolivariana3.jpeg","datePublished":"2023-10-13T15:29:10+00:00","dateModified":"2023-11-11T07:09:46+00:00","breadcrumb":{"@id":"https:\/\/www.mpppst.gob.ve\/mpppstweb\/index.php\/2023\/10\/13\/en-fotos-dia-de-la-resistencia-indigena-y-la-descolonizacion-de-america\/#breadcrumb"},"inLanguage":"es","potentialAction":[{"@type":"ReadAction","target":["https:\/\/www.mpppst.gob.ve\/mpppstweb\/index.php\/2023\/10\/13\/en-fotos-dia-de-la-resistencia-indigena-y-la-descolonizacion-de-america\/"]}]},{"@type":"ImageObject","inLanguage":"es","@id":"https:\/\/www.mpppst.gob.ve\/mpppstweb\/index.php\/2023\/10\/13\/en-fotos-dia-de-la-resistencia-indigena-y-la-descolonizacion-de-america\/#primaryimage","url":"https:\/\/www.mpppst.gob.ve\/mpppstweb\/wp-content\/uploads\/2023\/10\/Pueblos-originarios-de-Venezuela-reafirman-su-compromiso-con-la-Revolucion-Bolivariana3.jpeg","contentUrl":"https:\/\/www.mpppst.gob.ve\/mpppstweb\/wp-content\/uploads\/2023\/10\/Pueblos-originarios-de-Venezuela-reafirman-su-compromiso-con-la-Revolucion-Bolivariana3.jpeg","width":1280,"height":721},{"@type":"BreadcrumbList","@id":"https:\/\/www.mpppst.gob.ve\/mpppstweb\/index.php\/2023\/10\/13\/en-fotos-dia-de-la-resistencia-indigena-y-la-descolonizacion-de-america\/#breadcrumb","itemListElement":[{"@type":"ListItem","position":1,"name":"Home","item":"https:\/\/www.mpppst.gob.ve\/mpppstweb\/"},{"@type":"ListItem","position":2,"name":"EN FOTOS | D\u00eda de la Resistencia Ind\u00edgena y la Descolonizaci\u00f3n de Am\u00e9rica"}]},{"@type":"WebSite","@id":"https:\/\/www.mpppst.gob.ve\/mpppstweb\/#website","url":"https:\/\/www.mpppst.gob.ve\/mpppstweb\/","name":"MPPPST","description":"Sitio web oficial del Ministerio del Poder Popular para el Proceso Social de Trabajo","publisher":{"@id":"https:\/\/www.mpppst.gob.ve\/mpppstweb\/#organization"},"alternateName":"Ministerio del Poder Popular para el Proceso Social de Trabajo","potentialAction":[{"@type":"SearchAction","target":{"@type":"EntryPoint","urlTemplate":"https:\/\/www.mpppst.gob.ve\/mpppstweb\/?s={search_term_string}"},"query-input":{"@type":"PropertyValueSpecification","valueRequired":true,"valueName":"search_term_string"}}],"inLanguage":"es"},{"@type":"Organization","@id":"https:\/\/www.mpppst.gob.ve\/mpppstweb\/#organization","name":"Ministerio del Poder Popular para el Proceso Social de Trabajo","alternateName":"MPPPST","url":"https:\/\/www.mpppst.gob.ve\/mpppstweb\/","logo":{"@type":"ImageObject","inLanguage":"es","@id":"https:\/\/www.mpppst.gob.ve\/mpppstweb\/#\/schema\/logo\/image\/","url":"https:\/\/www.mpppst.gob.ve\/mpppstweb\/wp-content\/uploads\/2025\/07\/cropped-cropped-g910.png","contentUrl":"https:\/\/www.mpppst.gob.ve\/mpppstweb\/wp-content\/uploads\/2025\/07\/cropped-cropped-g910.png","width":1080,"height":241,"caption":"Ministerio del Poder Popular para el Proceso Social de Trabajo"},"image":{"@id":"https:\/\/www.mpppst.gob.ve\/mpppstweb\/#\/schema\/logo\/image\/"},"sameAs":["https:\/\/www.facebook.com\/mintrabajo_ve","https:\/\/www.instagram.com\/mintrabajo_ve\/","https:\/\/www.tiktok.com\/@mintrabajo_ve","https:\/\/t.me\/mpppst"]},{"@type":"Person","@id":"https:\/\/www.mpppst.gob.ve\/mpppstweb\/#\/schema\/person\/fc187ee8ead412bd4c9304b62f900ea4","name":"MPPPST Prensa","url":"https:\/\/www.mpppst.gob.ve\/mpppstweb\/index.php\/author\/prensa-mpppst\/"}]}},"_links":{"self":[{"href":"https:\/\/www.mpppst.gob.ve\/mpppstweb\/index.php\/wp-json\/wp\/v2\/posts\/25042","targetHints":{"allow":["GET"]}}],"collection":[{"href":"https:\/\/www.mpppst.gob.ve\/mpppstweb\/index.php\/wp-json\/wp\/v2\/posts"}],"about":[{"href":"https:\/\/www.mpppst.gob.ve\/mpppstweb\/index.php\/wp-json\/wp\/v2\/types\/post"}],"author":[{"embeddable":true,"href":"https:\/\/www.mpppst.gob.ve\/mpppstweb\/index.php\/wp-json\/wp\/v2\/users\/25"}],"replies":[{"embeddable":true,"href":"https:\/\/www.mpppst.gob.ve\/mpppstweb\/index.php\/wp-json\/wp\/v2\/comments?post=25042"}],"version-history":[{"count":2,"href":"https:\/\/www.mpppst.gob.ve\/mpppstweb\/index.php\/wp-json\/wp\/v2\/posts\/25042\/revisions"}],"predecessor-version":[{"id":25269,"href":"https:\/\/www.mpppst.gob.ve\/mpppstweb\/index.php\/wp-json\/wp\/v2\/posts\/25042\/revisions\/25269"}],"wp:featuredmedia":[{"embeddable":true,"href":"https:\/\/www.mpppst.gob.ve\/mpppstweb\/index.php\/wp-json\/wp\/v2\/media\/25035"}],"wp:attachment":[{"href":"https:\/\/www.mpppst.gob.ve\/mpppstweb\/index.php\/wp-json\/wp\/v2\/media?parent=25042"}],"wp:term":[{"taxonomy":"category","embeddable":true,"href":"https:\/\/www.mpppst.gob.ve\/mpppstweb\/index.php\/wp-json\/wp\/v2\/categories?post=25042"},{"taxonomy":"post_tag","embeddable":true,"href":"https:\/\/www.mpppst.gob.ve\/mpppstweb\/index.php\/wp-json\/wp\/v2\/tags?post=25042"}],"curies":[{"name":"wp","href":"https:\/\/api.w.org\/{rel}","templated":true}]}}