{"id":25109,"date":"2023-10-20T14:15:00","date_gmt":"2023-10-20T18:15:00","guid":{"rendered":"http:\/\/www.mpppst.gob.ve\/mpppstweb\/?p=25109"},"modified":"2023-11-11T02:57:44","modified_gmt":"2023-11-11T06:57:44","slug":"referendum-consultivo-del-esequibo-sera-el-3-de-diciembre","status":"publish","type":"post","link":"https:\/\/www.mpppst.gob.ve\/mpppstweb\/index.php\/2023\/10\/20\/referendum-consultivo-del-esequibo-sera-el-3-de-diciembre\/","title":{"rendered":"Refer\u00e9ndum Consultivo del Esequibo ser\u00e1 el 3 de diciembre"},"content":{"rendered":"\n<p><strong>Caracas, 20 de octubre de 2023.-<\/strong> La <strong>Asamblea Nacional<\/strong>, en ejercicio de sus atribuciones, convoca a un <strong>refer\u00e9ndum consultivo <\/strong>para el pr\u00f3ximo 3 de diciembre para que el pueblo soberano de Venezuela se pronuncie sobre la soberan\u00eda sobre el territorio Esequibo, as\u00ed lo inform\u00f3 el <strong>presidente de la Asamble Nacional<\/strong>,<strong> Jorge Rodr\u00edguez<\/strong>.<\/p>\n\n\n\n<p>Desde el <em>Consejo Nacional Electoral<\/em> (CNE), destac\u00f3 que la AN se encuentran en sesi\u00f3n permanente para subsanar los defectos de organizar toda la cascada establecida en un cronograma electoral cabal, que permita la convocatoria de la consulta.<\/p>\n\n\n\n<p>Asimismo, el diputado entreg\u00f3 al <strong>presidente del CNE<\/strong>, <strong>Elvis Amoroso<\/strong>, un modelo de posibles preguntas, para que se dise\u00f1e cual ser\u00e1 el tenor de consulta a las y los venezolanos.<\/p>\n\n\n\n<p>El refer\u00e9ndum consultivo se realizar\u00e1 a trav\u00e9s de un proceso de votaci\u00f3n universal, directa y secreta, en el que los venezolanos podr\u00e1n votar.<\/p>\n\n\n\n<p><strong>Prensa MPPPST<\/strong><\/p>\n\n\n\n<figure class=\"wp-block-image size-large\"><a href=\"http:\/\/www.mpppst.gob.ve\/mpppstweb\/wp-content\/uploads\/2023\/10\/Referendum-Consultivo-del-Esequibo-sera-el-3-de-diciembre-1.jpg\"><img decoding=\"async\" loading=\"lazy\" width=\"1024\" height=\"576\" src=\"http:\/\/www.mpppst.gob.ve\/mpppstweb\/wp-content\/uploads\/2023\/10\/Referendum-Consultivo-del-Esequibo-sera-el-3-de-diciembre-1-1024x576.jpg\" alt=\"\" class=\"wp-image-25112\" srcset=\"https:\/\/www.mpppst.gob.ve\/mpppstweb\/wp-content\/uploads\/2023\/10\/Referendum-Consultivo-del-Esequibo-sera-el-3-de-diciembre-1-1024x576.jpg 1024w, https:\/\/www.mpppst.gob.ve\/mpppstweb\/wp-content\/uploads\/2023\/10\/Referendum-Consultivo-del-Esequibo-sera-el-3-de-diciembre-1-300x169.jpg 300w, https:\/\/www.mpppst.gob.ve\/mpppstweb\/wp-content\/uploads\/2023\/10\/Referendum-Consultivo-del-Esequibo-sera-el-3-de-diciembre-1-768x432.jpg 768w, https:\/\/www.mpppst.gob.ve\/mpppstweb\/wp-content\/uploads\/2023\/10\/Referendum-Consultivo-del-Esequibo-sera-el-3-de-diciembre-1.jpg 1242w\" sizes=\"(max-width: 1024px) 100vw, 1024px\" \/><\/a><figcaption class=\"wp-element-caption\">Presidente de la AN, Jorge Rodr\u00edguez, junto al presidente de CNE, Elvis Amoroso.<\/figcaption><\/figure>\n","protected":false},"excerpt":{"rendered":"<p>La informaci\u00f3n la dio a conocer el presidente de la Asamblea Nacional, Jorge Rodr\u00edguez, desde el Consejo Nacional Electoral.<\/p>\n","protected":false},"author":25,"featured_media":25111,"comment_status":"closed","ping_status":"closed","sticky":false,"template":"","format":"standard","meta":{"footnotes":""},"categories":[82,163],"tags":[393,480,451,470,479],"yoast_head":"<!-- This site is optimized with the Yoast SEO plugin v22.5 - https:\/\/yoast.com\/wordpress\/plugins\/seo\/ -->\n<title>Refer\u00e9ndum Consultivo del Esequibo ser\u00e1 el 3 de diciembre - MPPPST<\/title>\n<meta name=\"robots\" content=\"index, follow, max-snippet:-1, max-image-preview:large, max-video-preview:-1\" \/>\n<link rel=\"canonical\" href=\"https:\/\/www.mpppst.gob.ve\/mpppstweb\/index.php\/2023\/10\/20\/referendum-consultivo-del-esequibo-sera-el-3-de-diciembre\/\" \/>\n<meta property=\"og:locale\" content=\"es_ES\" \/>\n<meta property=\"og:type\" content=\"article\" \/>\n<meta property=\"og:title\" content=\"Refer\u00e9ndum Consultivo del Esequibo ser\u00e1 el 3 de diciembre - MPPPST\" \/>\n<meta property=\"og:description\" content=\"La informaci\u00f3n la dio a conocer el presidente de la Asamblea Nacional, Jorge Rodr\u00edguez, desde el Consejo Nacional Electoral.\" \/>\n<meta property=\"og:url\" content=\"https:\/\/www.mpppst.gob.ve\/mpppstweb\/index.php\/2023\/10\/20\/referendum-consultivo-del-esequibo-sera-el-3-de-diciembre\/\" \/>\n<meta property=\"og:site_name\" content=\"MPPPST\" \/>\n<meta property=\"article:published_time\" content=\"2023-10-20T18:15:00+00:00\" \/>\n<meta property=\"article:modified_time\" content=\"2023-11-11T06:57:44+00:00\" \/>\n<meta property=\"og:image\" content=\"https:\/\/www.mpppst.gob.ve\/mpppstweb\/wp-content\/uploads\/2023\/10\/Referendum-Consultivo-del-Esequibo-sera-el-3-de-diciembre.jpg\" \/>\n\t<meta property=\"og:image:width\" content=\"1242\" \/>\n\t<meta property=\"og:image:height\" content=\"699\" \/>\n\t<meta property=\"og:image:type\" content=\"image\/jpeg\" \/>\n<meta name=\"author\" content=\"MPPPST Prensa\" \/>\n<meta name=\"twitter:card\" content=\"summary_large_image\" \/>\n<meta name=\"twitter:label1\" content=\"Escrito por\" \/>\n\t<meta name=\"twitter:data1\" content=\"MPPPST Prensa\" \/>\n\t<meta name=\"twitter:label2\" content=\"Tiempo de lectura\" \/>\n\t<meta name=\"twitter:data2\" content=\"1 minuto\" \/>\n<script type=\"application\/ld+json\" class=\"yoast-schema-graph\">{\"@context\":\"https:\/\/schema.org\",\"@graph\":[{\"@type\":\"Article\",\"@id\":\"https:\/\/www.mpppst.gob.ve\/mpppstweb\/index.php\/2023\/10\/20\/referendum-consultivo-del-esequibo-sera-el-3-de-diciembre\/#article\",\"isPartOf\":{\"@id\":\"https:\/\/www.mpppst.gob.ve\/mpppstweb\/index.php\/2023\/10\/20\/referendum-consultivo-del-esequibo-sera-el-3-de-diciembre\/\"},\"author\":{\"name\":\"MPPPST Prensa\",\"@id\":\"https:\/\/www.mpppst.gob.ve\/mpppstweb\/#\/schema\/person\/fc187ee8ead412bd4c9304b62f900ea4\"},\"headline\":\"Refer\u00e9ndum Consultivo del Esequibo ser\u00e1 el 3 de diciembre\",\"datePublished\":\"2023-10-20T18:15:00+00:00\",\"dateModified\":\"2023-11-11T06:57:44+00:00\",\"mainEntityOfPage\":{\"@id\":\"https:\/\/www.mpppst.gob.ve\/mpppstweb\/index.php\/2023\/10\/20\/referendum-consultivo-del-esequibo-sera-el-3-de-diciembre\/\"},\"wordCount\":175,\"publisher\":{\"@id\":\"https:\/\/www.mpppst.gob.ve\/mpppstweb\/#organization\"},\"image\":{\"@id\":\"https:\/\/www.mpppst.gob.ve\/mpppstweb\/index.php\/2023\/10\/20\/referendum-consultivo-del-esequibo-sera-el-3-de-diciembre\/#primaryimage\"},\"thumbnailUrl\":\"https:\/\/www.mpppst.gob.ve\/mpppstweb\/wp-content\/uploads\/2023\/10\/Referendum-Consultivo-del-Esequibo-sera-el-3-de-diciembre.jpg\",\"keywords\":[\"CNE\",\"Elvis Amoroso\",\"Esequibo\",\"Jorge Rodr\u00edguez\",\"Refer\u00e9ndum Consultivo\"],\"articleSection\":[\"Gobierno Nacional\",\"Noticias\"],\"inLanguage\":\"es\"},{\"@type\":\"WebPage\",\"@id\":\"https:\/\/www.mpppst.gob.ve\/mpppstweb\/index.php\/2023\/10\/20\/referendum-consultivo-del-esequibo-sera-el-3-de-diciembre\/\",\"url\":\"https:\/\/www.mpppst.gob.ve\/mpppstweb\/index.php\/2023\/10\/20\/referendum-consultivo-del-esequibo-sera-el-3-de-diciembre\/\",\"name\":\"Refer\u00e9ndum Consultivo del Esequibo ser\u00e1 el 3 de diciembre - MPPPST\",\"isPartOf\":{\"@id\":\"https:\/\/www.mpppst.gob.ve\/mpppstweb\/#website\"},\"primaryImageOfPage\":{\"@id\":\"https:\/\/www.mpppst.gob.ve\/mpppstweb\/index.php\/2023\/10\/20\/referendum-consultivo-del-esequibo-sera-el-3-de-diciembre\/#primaryimage\"},\"image\":{\"@id\":\"https:\/\/www.mpppst.gob.ve\/mpppstweb\/index.php\/2023\/10\/20\/referendum-consultivo-del-esequibo-sera-el-3-de-diciembre\/#primaryimage\"},\"thumbnailUrl\":\"https:\/\/www.mpppst.gob.ve\/mpppstweb\/wp-content\/uploads\/2023\/10\/Referendum-Consultivo-del-Esequibo-sera-el-3-de-diciembre.jpg\",\"datePublished\":\"2023-10-20T18:15:00+00:00\",\"dateModified\":\"2023-11-11T06:57:44+00:00\",\"breadcrumb\":{\"@id\":\"https:\/\/www.mpppst.gob.ve\/mpppstweb\/index.php\/2023\/10\/20\/referendum-consultivo-del-esequibo-sera-el-3-de-diciembre\/#breadcrumb\"},\"inLanguage\":\"es\",\"potentialAction\":[{\"@type\":\"ReadAction\",\"target\":[\"https:\/\/www.mpppst.gob.ve\/mpppstweb\/index.php\/2023\/10\/20\/referendum-consultivo-del-esequibo-sera-el-3-de-diciembre\/\"]}]},{\"@type\":\"ImageObject\",\"inLanguage\":\"es\",\"@id\":\"https:\/\/www.mpppst.gob.ve\/mpppstweb\/index.php\/2023\/10\/20\/referendum-consultivo-del-esequibo-sera-el-3-de-diciembre\/#primaryimage\",\"url\":\"https:\/\/www.mpppst.gob.ve\/mpppstweb\/wp-content\/uploads\/2023\/10\/Referendum-Consultivo-del-Esequibo-sera-el-3-de-diciembre.jpg\",\"contentUrl\":\"https:\/\/www.mpppst.gob.ve\/mpppstweb\/wp-content\/uploads\/2023\/10\/Referendum-Consultivo-del-Esequibo-sera-el-3-de-diciembre.jpg\",\"width\":1242,\"height\":699},{\"@type\":\"BreadcrumbList\",\"@id\":\"https:\/\/www.mpppst.gob.ve\/mpppstweb\/index.php\/2023\/10\/20\/referendum-consultivo-del-esequibo-sera-el-3-de-diciembre\/#breadcrumb\",\"itemListElement\":[{\"@type\":\"ListItem\",\"position\":1,\"name\":\"Home\",\"item\":\"https:\/\/www.mpppst.gob.ve\/mpppstweb\/\"},{\"@type\":\"ListItem\",\"position\":2,\"name\":\"Refer\u00e9ndum Consultivo del Esequibo ser\u00e1 el 3 de diciembre\"}]},{\"@type\":\"WebSite\",\"@id\":\"https:\/\/www.mpppst.gob.ve\/mpppstweb\/#website\",\"url\":\"https:\/\/www.mpppst.gob.ve\/mpppstweb\/\",\"name\":\"MPPPST\",\"description\":\"Ministerio del Poder Popular para el Proceso Social de Trabajo\",\"publisher\":{\"@id\":\"https:\/\/www.mpppst.gob.ve\/mpppstweb\/#organization\"},\"potentialAction\":[{\"@type\":\"SearchAction\",\"target\":{\"@type\":\"EntryPoint\",\"urlTemplate\":\"https:\/\/www.mpppst.gob.ve\/mpppstweb\/?s={search_term_string}\"},\"query-input\":\"required name=search_term_string\"}],\"inLanguage\":\"es\"},{\"@type\":\"Organization\",\"@id\":\"https:\/\/www.mpppst.gob.ve\/mpppstweb\/#organization\",\"name\":\"mpppst\",\"url\":\"https:\/\/www.mpppst.gob.ve\/mpppstweb\/\",\"logo\":{\"@type\":\"ImageObject\",\"inLanguage\":\"es\",\"@id\":\"https:\/\/www.mpppst.gob.ve\/mpppstweb\/#\/schema\/logo\/image\/\",\"url\":\"https:\/\/www.mpppst.gob.ve\/mpppstweb\/wp-content\/uploads\/2025\/07\/cropped-cropped-g910.png\",\"contentUrl\":\"https:\/\/www.mpppst.gob.ve\/mpppstweb\/wp-content\/uploads\/2025\/07\/cropped-cropped-g910.png\",\"width\":1080,\"height\":241,\"caption\":\"mpppst\"},\"image\":{\"@id\":\"https:\/\/www.mpppst.gob.ve\/mpppstweb\/#\/schema\/logo\/image\/\"}},{\"@type\":\"Person\",\"@id\":\"https:\/\/www.mpppst.gob.ve\/mpppstweb\/#\/schema\/person\/fc187ee8ead412bd4c9304b62f900ea4\",\"name\":\"MPPPST Prensa\",\"url\":\"https:\/\/www.mpppst.gob.ve\/mpppstweb\/index.php\/author\/prensa-mpppst\/\"}]}<\/script>\n<!-- \/ Yoast SEO plugin. -->","yoast_head_json":{"title":"Refer\u00e9ndum Consultivo del Esequibo ser\u00e1 el 3 de diciembre - MPPPST","robots":{"index":"index","follow":"follow","max-snippet":"max-snippet:-1","max-image-preview":"max-image-preview:large","max-video-preview":"max-video-preview:-1"},"canonical":"https:\/\/www.mpppst.gob.ve\/mpppstweb\/index.php\/2023\/10\/20\/referendum-consultivo-del-esequibo-sera-el-3-de-diciembre\/","og_locale":"es_ES","og_type":"article","og_title":"Refer\u00e9ndum Consultivo del Esequibo ser\u00e1 el 3 de diciembre - MPPPST","og_description":"La informaci\u00f3n la dio a conocer el presidente de la Asamblea Nacional, Jorge Rodr\u00edguez, desde el Consejo Nacional Electoral.","og_url":"https:\/\/www.mpppst.gob.ve\/mpppstweb\/index.php\/2023\/10\/20\/referendum-consultivo-del-esequibo-sera-el-3-de-diciembre\/","og_site_name":"MPPPST","article_published_time":"2023-10-20T18:15:00+00:00","article_modified_time":"2023-11-11T06:57:44+00:00","og_image":[{"width":1242,"height":699,"url":"https:\/\/www.mpppst.gob.ve\/mpppstweb\/wp-content\/uploads\/2023\/10\/Referendum-Consultivo-del-Esequibo-sera-el-3-de-diciembre.jpg","type":"image\/jpeg"}],"author":"MPPPST Prensa","twitter_card":"summary_large_image","twitter_misc":{"Escrito por":"MPPPST Prensa","Tiempo de lectura":"1 minuto"},"schema":{"@context":"https:\/\/schema.org","@graph":[{"@type":"Article","@id":"https:\/\/www.mpppst.gob.ve\/mpppstweb\/index.php\/2023\/10\/20\/referendum-consultivo-del-esequibo-sera-el-3-de-diciembre\/#article","isPartOf":{"@id":"https:\/\/www.mpppst.gob.ve\/mpppstweb\/index.php\/2023\/10\/20\/referendum-consultivo-del-esequibo-sera-el-3-de-diciembre\/"},"author":{"name":"MPPPST Prensa","@id":"https:\/\/www.mpppst.gob.ve\/mpppstweb\/#\/schema\/person\/fc187ee8ead412bd4c9304b62f900ea4"},"headline":"Refer\u00e9ndum Consultivo del Esequibo ser\u00e1 el 3 de diciembre","datePublished":"2023-10-20T18:15:00+00:00","dateModified":"2023-11-11T06:57:44+00:00","mainEntityOfPage":{"@id":"https:\/\/www.mpppst.gob.ve\/mpppstweb\/index.php\/2023\/10\/20\/referendum-consultivo-del-esequibo-sera-el-3-de-diciembre\/"},"wordCount":175,"publisher":{"@id":"https:\/\/www.mpppst.gob.ve\/mpppstweb\/#organization"},"image":{"@id":"https:\/\/www.mpppst.gob.ve\/mpppstweb\/index.php\/2023\/10\/20\/referendum-consultivo-del-esequibo-sera-el-3-de-diciembre\/#primaryimage"},"thumbnailUrl":"https:\/\/www.mpppst.gob.ve\/mpppstweb\/wp-content\/uploads\/2023\/10\/Referendum-Consultivo-del-Esequibo-sera-el-3-de-diciembre.jpg","keywords":["CNE","Elvis Amoroso","Esequibo","Jorge Rodr\u00edguez","Refer\u00e9ndum Consultivo"],"articleSection":["Gobierno Nacional","Noticias"],"inLanguage":"es"},{"@type":"WebPage","@id":"https:\/\/www.mpppst.gob.ve\/mpppstweb\/index.php\/2023\/10\/20\/referendum-consultivo-del-esequibo-sera-el-3-de-diciembre\/","url":"https:\/\/www.mpppst.gob.ve\/mpppstweb\/index.php\/2023\/10\/20\/referendum-consultivo-del-esequibo-sera-el-3-de-diciembre\/","name":"Refer\u00e9ndum Consultivo del Esequibo ser\u00e1 el 3 de diciembre - MPPPST","isPartOf":{"@id":"https:\/\/www.mpppst.gob.ve\/mpppstweb\/#website"},"primaryImageOfPage":{"@id":"https:\/\/www.mpppst.gob.ve\/mpppstweb\/index.php\/2023\/10\/20\/referendum-consultivo-del-esequibo-sera-el-3-de-diciembre\/#primaryimage"},"image":{"@id":"https:\/\/www.mpppst.gob.ve\/mpppstweb\/index.php\/2023\/10\/20\/referendum-consultivo-del-esequibo-sera-el-3-de-diciembre\/#primaryimage"},"thumbnailUrl":"https:\/\/www.mpppst.gob.ve\/mpppstweb\/wp-content\/uploads\/2023\/10\/Referendum-Consultivo-del-Esequibo-sera-el-3-de-diciembre.jpg","datePublished":"2023-10-20T18:15:00+00:00","dateModified":"2023-11-11T06:57:44+00:00","breadcrumb":{"@id":"https:\/\/www.mpppst.gob.ve\/mpppstweb\/index.php\/2023\/10\/20\/referendum-consultivo-del-esequibo-sera-el-3-de-diciembre\/#breadcrumb"},"inLanguage":"es","potentialAction":[{"@type":"ReadAction","target":["https:\/\/www.mpppst.gob.ve\/mpppstweb\/index.php\/2023\/10\/20\/referendum-consultivo-del-esequibo-sera-el-3-de-diciembre\/"]}]},{"@type":"ImageObject","inLanguage":"es","@id":"https:\/\/www.mpppst.gob.ve\/mpppstweb\/index.php\/2023\/10\/20\/referendum-consultivo-del-esequibo-sera-el-3-de-diciembre\/#primaryimage","url":"https:\/\/www.mpppst.gob.ve\/mpppstweb\/wp-content\/uploads\/2023\/10\/Referendum-Consultivo-del-Esequibo-sera-el-3-de-diciembre.jpg","contentUrl":"https:\/\/www.mpppst.gob.ve\/mpppstweb\/wp-content\/uploads\/2023\/10\/Referendum-Consultivo-del-Esequibo-sera-el-3-de-diciembre.jpg","width":1242,"height":699},{"@type":"BreadcrumbList","@id":"https:\/\/www.mpppst.gob.ve\/mpppstweb\/index.php\/2023\/10\/20\/referendum-consultivo-del-esequibo-sera-el-3-de-diciembre\/#breadcrumb","itemListElement":[{"@type":"ListItem","position":1,"name":"Home","item":"https:\/\/www.mpppst.gob.ve\/mpppstweb\/"},{"@type":"ListItem","position":2,"name":"Refer\u00e9ndum Consultivo del Esequibo ser\u00e1 el 3 de diciembre"}]},{"@type":"WebSite","@id":"https:\/\/www.mpppst.gob.ve\/mpppstweb\/#website","url":"https:\/\/www.mpppst.gob.ve\/mpppstweb\/","name":"MPPPST","description":"Ministerio del Poder Popular para el Proceso Social de Trabajo","publisher":{"@id":"https:\/\/www.mpppst.gob.ve\/mpppstweb\/#organization"},"potentialAction":[{"@type":"SearchAction","target":{"@type":"EntryPoint","urlTemplate":"https:\/\/www.mpppst.gob.ve\/mpppstweb\/?s={search_term_string}"},"query-input":"required name=search_term_string"}],"inLanguage":"es"},{"@type":"Organization","@id":"https:\/\/www.mpppst.gob.ve\/mpppstweb\/#organization","name":"mpppst","url":"https:\/\/www.mpppst.gob.ve\/mpppstweb\/","logo":{"@type":"ImageObject","inLanguage":"es","@id":"https:\/\/www.mpppst.gob.ve\/mpppstweb\/#\/schema\/logo\/image\/","url":"https:\/\/www.mpppst.gob.ve\/mpppstweb\/wp-content\/uploads\/2025\/07\/cropped-cropped-g910.png","contentUrl":"https:\/\/www.mpppst.gob.ve\/mpppstweb\/wp-content\/uploads\/2025\/07\/cropped-cropped-g910.png","width":1080,"height":241,"caption":"mpppst"},"image":{"@id":"https:\/\/www.mpppst.gob.ve\/mpppstweb\/#\/schema\/logo\/image\/"}},{"@type":"Person","@id":"https:\/\/www.mpppst.gob.ve\/mpppstweb\/#\/schema\/person\/fc187ee8ead412bd4c9304b62f900ea4","name":"MPPPST Prensa","url":"https:\/\/www.mpppst.gob.ve\/mpppstweb\/index.php\/author\/prensa-mpppst\/"}]}},"_links":{"self":[{"href":"https:\/\/www.mpppst.gob.ve\/mpppstweb\/index.php\/wp-json\/wp\/v2\/posts\/25109"}],"collection":[{"href":"https:\/\/www.mpppst.gob.ve\/mpppstweb\/index.php\/wp-json\/wp\/v2\/posts"}],"about":[{"href":"https:\/\/www.mpppst.gob.ve\/mpppstweb\/index.php\/wp-json\/wp\/v2\/types\/post"}],"author":[{"embeddable":true,"href":"https:\/\/www.mpppst.gob.ve\/mpppstweb\/index.php\/wp-json\/wp\/v2\/users\/25"}],"replies":[{"embeddable":true,"href":"https:\/\/www.mpppst.gob.ve\/mpppstweb\/index.php\/wp-json\/wp\/v2\/comments?post=25109"}],"version-history":[{"count":2,"href":"https:\/\/www.mpppst.gob.ve\/mpppstweb\/index.php\/wp-json\/wp\/v2\/posts\/25109\/revisions"}],"predecessor-version":[{"id":25255,"href":"https:\/\/www.mpppst.gob.ve\/mpppstweb\/index.php\/wp-json\/wp\/v2\/posts\/25109\/revisions\/25255"}],"wp:featuredmedia":[{"embeddable":true,"href":"https:\/\/www.mpppst.gob.ve\/mpppstweb\/index.php\/wp-json\/wp\/v2\/media\/25111"}],"wp:attachment":[{"href":"https:\/\/www.mpppst.gob.ve\/mpppstweb\/index.php\/wp-json\/wp\/v2\/media?parent=25109"}],"wp:term":[{"taxonomy":"category","embeddable":true,"href":"https:\/\/www.mpppst.gob.ve\/mpppstweb\/index.php\/wp-json\/wp\/v2\/categories?post=25109"},{"taxonomy":"post_tag","embeddable":true,"href":"https:\/\/www.mpppst.gob.ve\/mpppstweb\/index.php\/wp-json\/wp\/v2\/tags?post=25109"}],"curies":[{"name":"wp","href":"https:\/\/api.w.org\/{rel}","templated":true}]}}