{"id":25188,"date":"2023-11-10T16:33:47","date_gmt":"2023-11-10T20:33:47","guid":{"rendered":"http:\/\/www.mpppst.gob.ve\/mpppstweb\/?p=25188"},"modified":"2023-11-11T02:38:30","modified_gmt":"2023-11-11T06:38:30","slug":"venezuela-reitera-su-defensa-de-la-guayana-esequiba-en-todos-los-ambitos","status":"publish","type":"post","link":"https:\/\/www.mpppst.gob.ve\/mpppstweb\/index.php\/2023\/11\/10\/venezuela-reitera-su-defensa-de-la-guayana-esequiba-en-todos-los-ambitos\/","title":{"rendered":"Venezuela reitera su defensa de la Guayana Esequiba en todos los \u00e1mbitos"},"content":{"rendered":"\n<p class=\"wp-block-paragraph\"><strong>MPPPST, Caracas.-<\/strong> El Gobierno de Venezuela reitera su defensa de los derechos soberanos sobre la <strong>Guayana Esequiba<\/strong>, en todos los \u00e1mbitos, incluyendo el legal, diplom\u00e1tico y pol\u00edtico.<\/p>\n\n\n\n<p class=\"wp-block-paragraph\">Venezuela recuerda que el <em>Laudo Arbitral<\/em> de Par\u00eds de 1899, que otorg\u00f3 la Guayana Esequiba a Guyana, es \u00abnulo e \u00edrrito\u00bb, ya que fue dictado en condiciones de parcialidad y arbitrariedad.<\/p>\n\n\n\n<p class=\"wp-block-paragraph\">El Gobierno venezolano tambi\u00e9n ha denunciado las acciones ilegales y provocativas del Gobierno de Guyana en la Guayana Esequiba, como la construcci\u00f3n de una carretera en el territorio en disputa.<\/p>\n\n\n\n<p class=\"wp-block-paragraph\">La reiteraci\u00f3n de Venezuela de su defensa de la Guayana Esequiba es un mensaje claro a Guyana y a la comunidad internacional. El Gobierno venezolano est\u00e1 decidido a <strong>defender sus derechos soberanos <\/strong>sobre este territorio, a pesar de las dificultades.<\/p>\n\n\n\n<p class=\"wp-block-paragraph\">En ese sentido, Venezuela contin\u00faa con sus esfuerzos diplom\u00e1ticos para resolver la controversia, debido a que la defensa de la Guayana Esequiba es un tema de importancia nacional para Venezuela.<\/p>\n\n\n\n<p class=\"wp-block-paragraph\">Es por ello que el pr\u00f3ximo 3 de diciembre Venezuela decidir\u00e1 a trav\u00e9s un <strong>Refer\u00e9ndum Consultivo<\/strong> de cinco preguntas la defensa de la Guayana Esequiba.<\/p>\n\n\n\n<p class=\"wp-block-paragraph\"><strong>Prensa MPPPST<\/strong><\/p>\n","protected":false},"excerpt":{"rendered":"<p>La reiteraci\u00f3n de Venezuela de su defensa de la Guayana Esequiba es un mensaje claro a Guyana y a la comunidad internacional.<\/p>\n","protected":false},"author":25,"featured_media":25211,"comment_status":"closed","ping_status":"closed","sticky":false,"template":"","format":"standard","meta":{"footnotes":""},"categories":[163],"tags":[],"class_list":["post-25188","post","type-post","status-publish","format-standard","has-post-thumbnail","hentry","category-noticias"],"yoast_head":"<!-- This site is optimized with the Yoast SEO plugin v28.4 - https:\/\/yoast.com\/product\/yoast-seo-wordpress\/ -->\n<title>Venezuela reitera su defensa de la Guayana Esequiba en todos los \u00e1mbitos - MPPPST<\/title>\n<meta name=\"robots\" content=\"index, follow, max-snippet:-1, max-image-preview:large, max-video-preview:-1\" \/>\n<link rel=\"canonical\" href=\"https:\/\/www.mpppst.gob.ve\/mpppstweb\/index.php\/2023\/11\/10\/venezuela-reitera-su-defensa-de-la-guayana-esequiba-en-todos-los-ambitos\/\" \/>\n<meta property=\"og:locale\" content=\"es_ES\" \/>\n<meta property=\"og:type\" content=\"article\" \/>\n<meta property=\"og:title\" content=\"Venezuela reitera su defensa de la Guayana Esequiba en todos los \u00e1mbitos - MPPPST\" \/>\n<meta property=\"og:description\" content=\"La reiteraci\u00f3n de Venezuela de su defensa de la Guayana Esequiba es un mensaje claro a Guyana y a la comunidad internacional.\" \/>\n<meta property=\"og:url\" content=\"https:\/\/www.mpppst.gob.ve\/mpppstweb\/index.php\/2023\/11\/10\/venezuela-reitera-su-defensa-de-la-guayana-esequiba-en-todos-los-ambitos\/\" \/>\n<meta property=\"og:site_name\" content=\"MPPPST\" \/>\n<meta property=\"article:publisher\" content=\"https:\/\/www.facebook.com\/mintrabajo_ve\" \/>\n<meta property=\"article:published_time\" content=\"2023-11-10T20:33:47+00:00\" \/>\n<meta property=\"article:modified_time\" content=\"2023-11-11T06:38:30+00:00\" \/>\n<meta property=\"og:image\" content=\"https:\/\/www.mpppst.gob.ve\/mpppstweb\/wp-content\/uploads\/2023\/11\/Nicolas-Maduro.jpg\" \/>\n\t<meta property=\"og:image:width\" content=\"815\" \/>\n\t<meta property=\"og:image:height\" content=\"600\" \/>\n\t<meta property=\"og:image:type\" content=\"image\/jpeg\" \/>\n<meta name=\"author\" content=\"MPPPST Prensa\" \/>\n<meta name=\"twitter:card\" content=\"summary_large_image\" \/>\n<script type=\"application\/ld+json\" class=\"yoast-schema-graph\">{\"@context\":\"https:\\\/\\\/schema.org\",\"@graph\":[{\"@type\":\"Article\",\"@id\":\"https:\\\/\\\/www.mpppst.gob.ve\\\/mpppstweb\\\/index.php\\\/2023\\\/11\\\/10\\\/venezuela-reitera-su-defensa-de-la-guayana-esequiba-en-todos-los-ambitos\\\/#article\",\"isPartOf\":{\"@id\":\"https:\\\/\\\/www.mpppst.gob.ve\\\/mpppstweb\\\/index.php\\\/2023\\\/11\\\/10\\\/venezuela-reitera-su-defensa-de-la-guayana-esequiba-en-todos-los-ambitos\\\/\"},\"author\":{\"name\":\"MPPPST Prensa\",\"@id\":\"https:\\\/\\\/www.mpppst.gob.ve\\\/mpppstweb\\\/#\\\/schema\\\/person\\\/fc187ee8ead412bd4c9304b62f900ea4\"},\"headline\":\"Venezuela reitera su defensa de la Guayana Esequiba en todos los \u00e1mbitos\",\"datePublished\":\"2023-11-10T20:33:47+00:00\",\"dateModified\":\"2023-11-11T06:38:30+00:00\",\"mainEntityOfPage\":{\"@id\":\"https:\\\/\\\/www.mpppst.gob.ve\\\/mpppstweb\\\/index.php\\\/2023\\\/11\\\/10\\\/venezuela-reitera-su-defensa-de-la-guayana-esequiba-en-todos-los-ambitos\\\/\"},\"wordCount\":207,\"publisher\":{\"@id\":\"https:\\\/\\\/www.mpppst.gob.ve\\\/mpppstweb\\\/#organization\"},\"image\":{\"@id\":\"https:\\\/\\\/www.mpppst.gob.ve\\\/mpppstweb\\\/index.php\\\/2023\\\/11\\\/10\\\/venezuela-reitera-su-defensa-de-la-guayana-esequiba-en-todos-los-ambitos\\\/#primaryimage\"},\"thumbnailUrl\":\"https:\\\/\\\/www.mpppst.gob.ve\\\/mpppstweb\\\/wp-content\\\/uploads\\\/2023\\\/11\\\/Nicolas-Maduro.jpg\",\"articleSection\":[\"Noticias\"],\"inLanguage\":\"es\"},{\"@type\":\"WebPage\",\"@id\":\"https:\\\/\\\/www.mpppst.gob.ve\\\/mpppstweb\\\/index.php\\\/2023\\\/11\\\/10\\\/venezuela-reitera-su-defensa-de-la-guayana-esequiba-en-todos-los-ambitos\\\/\",\"url\":\"https:\\\/\\\/www.mpppst.gob.ve\\\/mpppstweb\\\/index.php\\\/2023\\\/11\\\/10\\\/venezuela-reitera-su-defensa-de-la-guayana-esequiba-en-todos-los-ambitos\\\/\",\"name\":\"Venezuela reitera su defensa de la Guayana Esequiba en todos los \u00e1mbitos - MPPPST\",\"isPartOf\":{\"@id\":\"https:\\\/\\\/www.mpppst.gob.ve\\\/mpppstweb\\\/#website\"},\"primaryImageOfPage\":{\"@id\":\"https:\\\/\\\/www.mpppst.gob.ve\\\/mpppstweb\\\/index.php\\\/2023\\\/11\\\/10\\\/venezuela-reitera-su-defensa-de-la-guayana-esequiba-en-todos-los-ambitos\\\/#primaryimage\"},\"image\":{\"@id\":\"https:\\\/\\\/www.mpppst.gob.ve\\\/mpppstweb\\\/index.php\\\/2023\\\/11\\\/10\\\/venezuela-reitera-su-defensa-de-la-guayana-esequiba-en-todos-los-ambitos\\\/#primaryimage\"},\"thumbnailUrl\":\"https:\\\/\\\/www.mpppst.gob.ve\\\/mpppstweb\\\/wp-content\\\/uploads\\\/2023\\\/11\\\/Nicolas-Maduro.jpg\",\"datePublished\":\"2023-11-10T20:33:47+00:00\",\"dateModified\":\"2023-11-11T06:38:30+00:00\",\"breadcrumb\":{\"@id\":\"https:\\\/\\\/www.mpppst.gob.ve\\\/mpppstweb\\\/index.php\\\/2023\\\/11\\\/10\\\/venezuela-reitera-su-defensa-de-la-guayana-esequiba-en-todos-los-ambitos\\\/#breadcrumb\"},\"inLanguage\":\"es\",\"potentialAction\":[{\"@type\":\"ReadAction\",\"target\":[\"https:\\\/\\\/www.mpppst.gob.ve\\\/mpppstweb\\\/index.php\\\/2023\\\/11\\\/10\\\/venezuela-reitera-su-defensa-de-la-guayana-esequiba-en-todos-los-ambitos\\\/\"]}]},{\"@type\":\"ImageObject\",\"inLanguage\":\"es\",\"@id\":\"https:\\\/\\\/www.mpppst.gob.ve\\\/mpppstweb\\\/index.php\\\/2023\\\/11\\\/10\\\/venezuela-reitera-su-defensa-de-la-guayana-esequiba-en-todos-los-ambitos\\\/#primaryimage\",\"url\":\"https:\\\/\\\/www.mpppst.gob.ve\\\/mpppstweb\\\/wp-content\\\/uploads\\\/2023\\\/11\\\/Nicolas-Maduro.jpg\",\"contentUrl\":\"https:\\\/\\\/www.mpppst.gob.ve\\\/mpppstweb\\\/wp-content\\\/uploads\\\/2023\\\/11\\\/Nicolas-Maduro.jpg\",\"width\":815,\"height\":600},{\"@type\":\"BreadcrumbList\",\"@id\":\"https:\\\/\\\/www.mpppst.gob.ve\\\/mpppstweb\\\/index.php\\\/2023\\\/11\\\/10\\\/venezuela-reitera-su-defensa-de-la-guayana-esequiba-en-todos-los-ambitos\\\/#breadcrumb\",\"itemListElement\":[{\"@type\":\"ListItem\",\"position\":1,\"name\":\"Home\",\"item\":\"https:\\\/\\\/www.mpppst.gob.ve\\\/mpppstweb\\\/\"},{\"@type\":\"ListItem\",\"position\":2,\"name\":\"Venezuela reitera su defensa de la Guayana Esequiba en todos los \u00e1mbitos\"}]},{\"@type\":\"WebSite\",\"@id\":\"https:\\\/\\\/www.mpppst.gob.ve\\\/mpppstweb\\\/#website\",\"url\":\"https:\\\/\\\/www.mpppst.gob.ve\\\/mpppstweb\\\/\",\"name\":\"MPPPST\",\"description\":\"Sitio web oficial del Ministerio del Poder Popular para el Proceso Social de Trabajo\",\"publisher\":{\"@id\":\"https:\\\/\\\/www.mpppst.gob.ve\\\/mpppstweb\\\/#organization\"},\"alternateName\":\"Ministerio del Poder Popular para el Proceso Social de Trabajo\",\"potentialAction\":[{\"@type\":\"SearchAction\",\"target\":{\"@type\":\"EntryPoint\",\"urlTemplate\":\"https:\\\/\\\/www.mpppst.gob.ve\\\/mpppstweb\\\/?s={search_term_string}\"},\"query-input\":{\"@type\":\"PropertyValueSpecification\",\"valueRequired\":true,\"valueName\":\"search_term_string\"}}],\"inLanguage\":\"es\"},{\"@type\":\"Organization\",\"@id\":\"https:\\\/\\\/www.mpppst.gob.ve\\\/mpppstweb\\\/#organization\",\"name\":\"Ministerio del Poder Popular para el Proceso Social de Trabajo\",\"alternateName\":\"MPPPST\",\"url\":\"https:\\\/\\\/www.mpppst.gob.ve\\\/mpppstweb\\\/\",\"logo\":{\"@type\":\"ImageObject\",\"inLanguage\":\"es\",\"@id\":\"https:\\\/\\\/www.mpppst.gob.ve\\\/mpppstweb\\\/#\\\/schema\\\/logo\\\/image\\\/\",\"url\":\"https:\\\/\\\/www.mpppst.gob.ve\\\/mpppstweb\\\/wp-content\\\/uploads\\\/2025\\\/07\\\/cropped-cropped-g910.png\",\"contentUrl\":\"https:\\\/\\\/www.mpppst.gob.ve\\\/mpppstweb\\\/wp-content\\\/uploads\\\/2025\\\/07\\\/cropped-cropped-g910.png\",\"width\":1080,\"height\":241,\"caption\":\"Ministerio del Poder Popular para el Proceso Social de Trabajo\"},\"image\":{\"@id\":\"https:\\\/\\\/www.mpppst.gob.ve\\\/mpppstweb\\\/#\\\/schema\\\/logo\\\/image\\\/\"},\"sameAs\":[\"https:\\\/\\\/www.facebook.com\\\/mintrabajo_ve\",\"https:\\\/\\\/www.instagram.com\\\/mintrabajo_ve\\\/\",\"https:\\\/\\\/www.tiktok.com\\\/@mintrabajo_ve\",\"https:\\\/\\\/t.me\\\/mpppst\"]},{\"@type\":\"Person\",\"@id\":\"https:\\\/\\\/www.mpppst.gob.ve\\\/mpppstweb\\\/#\\\/schema\\\/person\\\/fc187ee8ead412bd4c9304b62f900ea4\",\"name\":\"MPPPST Prensa\",\"url\":\"https:\\\/\\\/www.mpppst.gob.ve\\\/mpppstweb\\\/index.php\\\/author\\\/prensa-mpppst\\\/\"}]}<\/script>\n<!-- \/ Yoast SEO plugin. -->","yoast_head_json":{"title":"Venezuela reitera su defensa de la Guayana Esequiba en todos los \u00e1mbitos - MPPPST","robots":{"index":"index","follow":"follow","max-snippet":"max-snippet:-1","max-image-preview":"max-image-preview:large","max-video-preview":"max-video-preview:-1"},"canonical":"https:\/\/www.mpppst.gob.ve\/mpppstweb\/index.php\/2023\/11\/10\/venezuela-reitera-su-defensa-de-la-guayana-esequiba-en-todos-los-ambitos\/","og_locale":"es_ES","og_type":"article","og_title":"Venezuela reitera su defensa de la Guayana Esequiba en todos los \u00e1mbitos - MPPPST","og_description":"La reiteraci\u00f3n de Venezuela de su defensa de la Guayana Esequiba es un mensaje claro a Guyana y a la comunidad internacional.","og_url":"https:\/\/www.mpppst.gob.ve\/mpppstweb\/index.php\/2023\/11\/10\/venezuela-reitera-su-defensa-de-la-guayana-esequiba-en-todos-los-ambitos\/","og_site_name":"MPPPST","article_publisher":"https:\/\/www.facebook.com\/mintrabajo_ve","article_published_time":"2023-11-10T20:33:47+00:00","article_modified_time":"2023-11-11T06:38:30+00:00","og_image":[{"width":815,"height":600,"url":"https:\/\/www.mpppst.gob.ve\/mpppstweb\/wp-content\/uploads\/2023\/11\/Nicolas-Maduro.jpg","type":"image\/jpeg"}],"author":"MPPPST Prensa","twitter_card":"summary_large_image","schema":{"@context":"https:\/\/schema.org","@graph":[{"@type":"Article","@id":"https:\/\/www.mpppst.gob.ve\/mpppstweb\/index.php\/2023\/11\/10\/venezuela-reitera-su-defensa-de-la-guayana-esequiba-en-todos-los-ambitos\/#article","isPartOf":{"@id":"https:\/\/www.mpppst.gob.ve\/mpppstweb\/index.php\/2023\/11\/10\/venezuela-reitera-su-defensa-de-la-guayana-esequiba-en-todos-los-ambitos\/"},"author":{"name":"MPPPST Prensa","@id":"https:\/\/www.mpppst.gob.ve\/mpppstweb\/#\/schema\/person\/fc187ee8ead412bd4c9304b62f900ea4"},"headline":"Venezuela reitera su defensa de la Guayana Esequiba en todos los \u00e1mbitos","datePublished":"2023-11-10T20:33:47+00:00","dateModified":"2023-11-11T06:38:30+00:00","mainEntityOfPage":{"@id":"https:\/\/www.mpppst.gob.ve\/mpppstweb\/index.php\/2023\/11\/10\/venezuela-reitera-su-defensa-de-la-guayana-esequiba-en-todos-los-ambitos\/"},"wordCount":207,"publisher":{"@id":"https:\/\/www.mpppst.gob.ve\/mpppstweb\/#organization"},"image":{"@id":"https:\/\/www.mpppst.gob.ve\/mpppstweb\/index.php\/2023\/11\/10\/venezuela-reitera-su-defensa-de-la-guayana-esequiba-en-todos-los-ambitos\/#primaryimage"},"thumbnailUrl":"https:\/\/www.mpppst.gob.ve\/mpppstweb\/wp-content\/uploads\/2023\/11\/Nicolas-Maduro.jpg","articleSection":["Noticias"],"inLanguage":"es"},{"@type":"WebPage","@id":"https:\/\/www.mpppst.gob.ve\/mpppstweb\/index.php\/2023\/11\/10\/venezuela-reitera-su-defensa-de-la-guayana-esequiba-en-todos-los-ambitos\/","url":"https:\/\/www.mpppst.gob.ve\/mpppstweb\/index.php\/2023\/11\/10\/venezuela-reitera-su-defensa-de-la-guayana-esequiba-en-todos-los-ambitos\/","name":"Venezuela reitera su defensa de la Guayana Esequiba en todos los \u00e1mbitos - MPPPST","isPartOf":{"@id":"https:\/\/www.mpppst.gob.ve\/mpppstweb\/#website"},"primaryImageOfPage":{"@id":"https:\/\/www.mpppst.gob.ve\/mpppstweb\/index.php\/2023\/11\/10\/venezuela-reitera-su-defensa-de-la-guayana-esequiba-en-todos-los-ambitos\/#primaryimage"},"image":{"@id":"https:\/\/www.mpppst.gob.ve\/mpppstweb\/index.php\/2023\/11\/10\/venezuela-reitera-su-defensa-de-la-guayana-esequiba-en-todos-los-ambitos\/#primaryimage"},"thumbnailUrl":"https:\/\/www.mpppst.gob.ve\/mpppstweb\/wp-content\/uploads\/2023\/11\/Nicolas-Maduro.jpg","datePublished":"2023-11-10T20:33:47+00:00","dateModified":"2023-11-11T06:38:30+00:00","breadcrumb":{"@id":"https:\/\/www.mpppst.gob.ve\/mpppstweb\/index.php\/2023\/11\/10\/venezuela-reitera-su-defensa-de-la-guayana-esequiba-en-todos-los-ambitos\/#breadcrumb"},"inLanguage":"es","potentialAction":[{"@type":"ReadAction","target":["https:\/\/www.mpppst.gob.ve\/mpppstweb\/index.php\/2023\/11\/10\/venezuela-reitera-su-defensa-de-la-guayana-esequiba-en-todos-los-ambitos\/"]}]},{"@type":"ImageObject","inLanguage":"es","@id":"https:\/\/www.mpppst.gob.ve\/mpppstweb\/index.php\/2023\/11\/10\/venezuela-reitera-su-defensa-de-la-guayana-esequiba-en-todos-los-ambitos\/#primaryimage","url":"https:\/\/www.mpppst.gob.ve\/mpppstweb\/wp-content\/uploads\/2023\/11\/Nicolas-Maduro.jpg","contentUrl":"https:\/\/www.mpppst.gob.ve\/mpppstweb\/wp-content\/uploads\/2023\/11\/Nicolas-Maduro.jpg","width":815,"height":600},{"@type":"BreadcrumbList","@id":"https:\/\/www.mpppst.gob.ve\/mpppstweb\/index.php\/2023\/11\/10\/venezuela-reitera-su-defensa-de-la-guayana-esequiba-en-todos-los-ambitos\/#breadcrumb","itemListElement":[{"@type":"ListItem","position":1,"name":"Home","item":"https:\/\/www.mpppst.gob.ve\/mpppstweb\/"},{"@type":"ListItem","position":2,"name":"Venezuela reitera su defensa de la Guayana Esequiba en todos los \u00e1mbitos"}]},{"@type":"WebSite","@id":"https:\/\/www.mpppst.gob.ve\/mpppstweb\/#website","url":"https:\/\/www.mpppst.gob.ve\/mpppstweb\/","name":"MPPPST","description":"Sitio web oficial del Ministerio del Poder Popular para el Proceso Social de Trabajo","publisher":{"@id":"https:\/\/www.mpppst.gob.ve\/mpppstweb\/#organization"},"alternateName":"Ministerio del Poder Popular para el Proceso Social de Trabajo","potentialAction":[{"@type":"SearchAction","target":{"@type":"EntryPoint","urlTemplate":"https:\/\/www.mpppst.gob.ve\/mpppstweb\/?s={search_term_string}"},"query-input":{"@type":"PropertyValueSpecification","valueRequired":true,"valueName":"search_term_string"}}],"inLanguage":"es"},{"@type":"Organization","@id":"https:\/\/www.mpppst.gob.ve\/mpppstweb\/#organization","name":"Ministerio del Poder Popular para el Proceso Social de Trabajo","alternateName":"MPPPST","url":"https:\/\/www.mpppst.gob.ve\/mpppstweb\/","logo":{"@type":"ImageObject","inLanguage":"es","@id":"https:\/\/www.mpppst.gob.ve\/mpppstweb\/#\/schema\/logo\/image\/","url":"https:\/\/www.mpppst.gob.ve\/mpppstweb\/wp-content\/uploads\/2025\/07\/cropped-cropped-g910.png","contentUrl":"https:\/\/www.mpppst.gob.ve\/mpppstweb\/wp-content\/uploads\/2025\/07\/cropped-cropped-g910.png","width":1080,"height":241,"caption":"Ministerio del Poder Popular para el Proceso Social de Trabajo"},"image":{"@id":"https:\/\/www.mpppst.gob.ve\/mpppstweb\/#\/schema\/logo\/image\/"},"sameAs":["https:\/\/www.facebook.com\/mintrabajo_ve","https:\/\/www.instagram.com\/mintrabajo_ve\/","https:\/\/www.tiktok.com\/@mintrabajo_ve","https:\/\/t.me\/mpppst"]},{"@type":"Person","@id":"https:\/\/www.mpppst.gob.ve\/mpppstweb\/#\/schema\/person\/fc187ee8ead412bd4c9304b62f900ea4","name":"MPPPST Prensa","url":"https:\/\/www.mpppst.gob.ve\/mpppstweb\/index.php\/author\/prensa-mpppst\/"}]}},"_links":{"self":[{"href":"https:\/\/www.mpppst.gob.ve\/mpppstweb\/index.php\/wp-json\/wp\/v2\/posts\/25188","targetHints":{"allow":["GET"]}}],"collection":[{"href":"https:\/\/www.mpppst.gob.ve\/mpppstweb\/index.php\/wp-json\/wp\/v2\/posts"}],"about":[{"href":"https:\/\/www.mpppst.gob.ve\/mpppstweb\/index.php\/wp-json\/wp\/v2\/types\/post"}],"author":[{"embeddable":true,"href":"https:\/\/www.mpppst.gob.ve\/mpppstweb\/index.php\/wp-json\/wp\/v2\/users\/25"}],"replies":[{"embeddable":true,"href":"https:\/\/www.mpppst.gob.ve\/mpppstweb\/index.php\/wp-json\/wp\/v2\/comments?post=25188"}],"version-history":[{"count":2,"href":"https:\/\/www.mpppst.gob.ve\/mpppstweb\/index.php\/wp-json\/wp\/v2\/posts\/25188\/revisions"}],"predecessor-version":[{"id":25232,"href":"https:\/\/www.mpppst.gob.ve\/mpppstweb\/index.php\/wp-json\/wp\/v2\/posts\/25188\/revisions\/25232"}],"wp:featuredmedia":[{"embeddable":true,"href":"https:\/\/www.mpppst.gob.ve\/mpppstweb\/index.php\/wp-json\/wp\/v2\/media\/25211"}],"wp:attachment":[{"href":"https:\/\/www.mpppst.gob.ve\/mpppstweb\/index.php\/wp-json\/wp\/v2\/media?parent=25188"}],"wp:term":[{"taxonomy":"category","embeddable":true,"href":"https:\/\/www.mpppst.gob.ve\/mpppstweb\/index.php\/wp-json\/wp\/v2\/categories?post=25188"},{"taxonomy":"post_tag","embeddable":true,"href":"https:\/\/www.mpppst.gob.ve\/mpppstweb\/index.php\/wp-json\/wp\/v2\/tags?post=25188"}],"curies":[{"name":"wp","href":"https:\/\/api.w.org\/{rel}","templated":true}]}}