{"id":25321,"date":"2023-11-15T12:08:00","date_gmt":"2023-11-15T16:08:00","guid":{"rendered":"http:\/\/www.mpppst.gob.ve\/mpppstweb\/?p=25321"},"modified":"2023-11-15T17:32:00","modified_gmt":"2023-11-15T21:32:00","slug":"asamblea-nacional-consigna-amparo-constitucional-en-tsj-a-favor-del-referendum-consultivo-en-defensa-del-esequibo","status":"publish","type":"post","link":"https:\/\/www.mpppst.gob.ve\/mpppstweb\/index.php\/2023\/11\/15\/asamblea-nacional-consigna-amparo-constitucional-en-tsj-a-favor-del-referendum-consultivo-en-defensa-del-esequibo\/","title":{"rendered":"Ministro Torrealba conversa con la clase obrera petrolera sobre el Esequibo"},"content":{"rendered":"\n<p><strong>MPPPST, Caracas, 15 de noviembre de 2023.-<\/strong> <strong>Francisco Torrealba<\/strong>, <strong>ministro del Poder Popular Para el Proceso Social<\/strong>, realiza un recorrido por <strong>Petr\u00f3leos de Venezuela <\/strong>(<strong>Pdvsa<\/strong>) La Campi\u00f1a, Caracas, donde se reuni\u00f3 con el <strong>Consejo Productivo de Trabajadores y Trabajadoras<\/strong> (<strong>CPTT<\/strong>).<\/p>\n\n\n<div class=\"wp-block-image\">\n<figure class=\"alignleft size-large is-resized\"><a href=\"http:\/\/www.mpppst.gob.ve\/mpppstweb\/wp-content\/uploads\/2023\/11\/WhatsApp-Image-2023-11-15-at-17.13.49-1.jpeg\"><img decoding=\"async\" loading=\"lazy\" width=\"1024\" height=\"885\" src=\"http:\/\/www.mpppst.gob.ve\/mpppstweb\/wp-content\/uploads\/2023\/11\/WhatsApp-Image-2023-11-15-at-17.13.49-1-1024x885.jpeg\" alt=\"\" class=\"wp-image-25324\" style=\"aspect-ratio:1.1570621468926554;width:370px;height:auto\" srcset=\"https:\/\/www.mpppst.gob.ve\/mpppstweb\/wp-content\/uploads\/2023\/11\/WhatsApp-Image-2023-11-15-at-17.13.49-1-1024x885.jpeg 1024w, https:\/\/www.mpppst.gob.ve\/mpppstweb\/wp-content\/uploads\/2023\/11\/WhatsApp-Image-2023-11-15-at-17.13.49-1-300x259.jpeg 300w, https:\/\/www.mpppst.gob.ve\/mpppstweb\/wp-content\/uploads\/2023\/11\/WhatsApp-Image-2023-11-15-at-17.13.49-1-768x663.jpeg 768w, https:\/\/www.mpppst.gob.ve\/mpppstweb\/wp-content\/uploads\/2023\/11\/WhatsApp-Image-2023-11-15-at-17.13.49-1.jpeg 1080w\" sizes=\"(max-width: 1024px) 100vw, 1024px\" \/><\/a><figcaption class=\"wp-element-caption\">Ministro Torrealba junto a trabajadores de PDVSA.<\/figcaption><\/figure><\/div>\n\n\n<p>En dicho encuentro se habl\u00f3 del tema m\u00e1s importante e hist\u00f3rico que ha tenido Venezuela en los \u00faltimos d\u00edas, la defensa de la Guayana Esequiba.<\/p>\n\n\n\n<p>El ministro Torrealba exhort\u00f3 a los trabajadores a participar en los <strong>Comando Venezuela Toda<\/strong>, en formar y agrupar los 1&#215;10 para que nadie se quede sin participar en la defensa de la Patria, as\u00ed como rechaz\u00f3 la agresi\u00f3n que ha tenido la Rep\u00fablica Cooperativa de Guayana para con la Rep\u00fablica Bolivariana de Venezuela.<\/p>\n\n\n\n<p>\u201cEsta Convocatoria es de parte de la Patria, que incluye a todos los venezolanos y venezolanas, no tiene distinci\u00f3n pol\u00edtica, religiosa, ni de ning\u00fan tipo, est\u00e1 en juego la defensa de nuestra integridad, de nuestro territorio nacional. Se repartieron volantes con las 5 preguntas para que la gente conozca y recordarle a todos que se debe votar 5 veces s\u00ed\u201d, indic\u00f3.<\/p>\n\n\n\n<p><strong>Prensa MPPPST\/Rosa Brito<\/strong><\/p>\n\n\n<div class=\"wp-block-image\">\n<figure class=\"alignright size-large is-resized\"><a href=\"http:\/\/www.mpppst.gob.ve\/mpppstweb\/wp-content\/uploads\/2023\/11\/WhatsApp-Image-2023-11-15-at-17.13.49.jpeg\"><img decoding=\"async\" loading=\"lazy\" width=\"1024\" height=\"576\" src=\"http:\/\/www.mpppst.gob.ve\/mpppstweb\/wp-content\/uploads\/2023\/11\/WhatsApp-Image-2023-11-15-at-17.13.49-1024x576.jpeg\" alt=\"\" class=\"wp-image-25323\" style=\"aspect-ratio:1.7777777777777777;width:427px;height:auto\" srcset=\"https:\/\/www.mpppst.gob.ve\/mpppstweb\/wp-content\/uploads\/2023\/11\/WhatsApp-Image-2023-11-15-at-17.13.49-1024x576.jpeg 1024w, https:\/\/www.mpppst.gob.ve\/mpppstweb\/wp-content\/uploads\/2023\/11\/WhatsApp-Image-2023-11-15-at-17.13.49-300x169.jpeg 300w, https:\/\/www.mpppst.gob.ve\/mpppstweb\/wp-content\/uploads\/2023\/11\/WhatsApp-Image-2023-11-15-at-17.13.49-768x432.jpeg 768w, https:\/\/www.mpppst.gob.ve\/mpppstweb\/wp-content\/uploads\/2023\/11\/WhatsApp-Image-2023-11-15-at-17.13.49.jpeg 1080w\" sizes=\"(max-width: 1024px) 100vw, 1024px\" \/><\/a><\/figure><\/div>\n\n\n<figure class=\"wp-block-image size-large is-resized\"><a href=\"http:\/\/www.mpppst.gob.ve\/mpppstweb\/wp-content\/uploads\/2023\/11\/WhatsApp-Image-2023-11-15-at-17.13.48.jpeg\"><img decoding=\"async\" loading=\"lazy\" width=\"1024\" height=\"576\" src=\"http:\/\/www.mpppst.gob.ve\/mpppstweb\/wp-content\/uploads\/2023\/11\/WhatsApp-Image-2023-11-15-at-17.13.48-1024x576.jpeg\" alt=\"\" class=\"wp-image-25326\" style=\"aspect-ratio:1.7777777777777777;width:448px;height:auto\" srcset=\"https:\/\/www.mpppst.gob.ve\/mpppstweb\/wp-content\/uploads\/2023\/11\/WhatsApp-Image-2023-11-15-at-17.13.48-1024x576.jpeg 1024w, https:\/\/www.mpppst.gob.ve\/mpppstweb\/wp-content\/uploads\/2023\/11\/WhatsApp-Image-2023-11-15-at-17.13.48-300x169.jpeg 300w, https:\/\/www.mpppst.gob.ve\/mpppstweb\/wp-content\/uploads\/2023\/11\/WhatsApp-Image-2023-11-15-at-17.13.48-768x432.jpeg 768w, https:\/\/www.mpppst.gob.ve\/mpppstweb\/wp-content\/uploads\/2023\/11\/WhatsApp-Image-2023-11-15-at-17.13.48.jpeg 1080w\" sizes=\"(max-width: 1024px) 100vw, 1024px\" \/><\/a><\/figure>\n","protected":false},"excerpt":{"rendered":"<p>MPPPST, Caracas, 15 de noviembre de 2023.- Francisco Torrealba, ministro del Poder Popular Para el Proceso &hellip; <a title=\"Ministro Torrealba conversa con la clase obrera petrolera sobre el Esequibo\" class=\"hm-read-more\" href=\"https:\/\/www.mpppst.gob.ve\/mpppstweb\/index.php\/2023\/11\/15\/asamblea-nacional-consigna-amparo-constitucional-en-tsj-a-favor-del-referendum-consultivo-en-defensa-del-esequibo\/\"><span class=\"screen-reader-text\">Ministro Torrealba conversa con la clase obrera petrolera sobre el Esequibo<\/span>Read more<\/a><\/p>\n","protected":false},"author":25,"featured_media":25322,"comment_status":"closed","ping_status":"closed","sticky":false,"template":"","format":"standard","meta":{"footnotes":""},"categories":[163],"tags":[550,548,549,340,225,321,335,532,516],"yoast_head":"<!-- This site is optimized with the Yoast SEO plugin v22.5 - https:\/\/yoast.com\/wordpress\/plugins\/seo\/ -->\n<title>Ministro Torrealba conversa con la clase obrera petrolera sobre el Esequibo - MPPPST<\/title>\n<meta name=\"robots\" content=\"index, follow, max-snippet:-1, max-image-preview:large, max-video-preview:-1\" \/>\n<link rel=\"canonical\" href=\"https:\/\/www.mpppst.gob.ve\/mpppstweb\/index.php\/2023\/11\/15\/asamblea-nacional-consigna-amparo-constitucional-en-tsj-a-favor-del-referendum-consultivo-en-defensa-del-esequibo\/\" \/>\n<meta property=\"og:locale\" content=\"es_ES\" \/>\n<meta property=\"og:type\" content=\"article\" \/>\n<meta property=\"og:title\" content=\"Ministro Torrealba conversa con la clase obrera petrolera sobre el Esequibo - MPPPST\" \/>\n<meta property=\"og:description\" content=\"MPPPST, Caracas, 15 de noviembre de 2023.- Francisco Torrealba, ministro del Poder Popular Para el Proceso &hellip; Ministro Torrealba conversa con la clase obrera petrolera sobre el EsequiboRead more\" \/>\n<meta property=\"og:url\" content=\"https:\/\/www.mpppst.gob.ve\/mpppstweb\/index.php\/2023\/11\/15\/asamblea-nacional-consigna-amparo-constitucional-en-tsj-a-favor-del-referendum-consultivo-en-defensa-del-esequibo\/\" \/>\n<meta property=\"og:site_name\" content=\"MPPPST\" \/>\n<meta property=\"article:published_time\" content=\"2023-11-15T16:08:00+00:00\" \/>\n<meta property=\"article:modified_time\" content=\"2023-11-15T21:32:00+00:00\" \/>\n<meta property=\"og:image\" content=\"https:\/\/www.mpppst.gob.ve\/mpppstweb\/wp-content\/uploads\/2023\/11\/WhatsApp-Image-2023-11-15-at-17.13.49-2.jpeg\" \/>\n\t<meta property=\"og:image:width\" content=\"1080\" \/>\n\t<meta property=\"og:image:height\" content=\"608\" \/>\n\t<meta property=\"og:image:type\" content=\"image\/jpeg\" \/>\n<meta name=\"author\" content=\"MPPPST Prensa\" \/>\n<meta name=\"twitter:card\" content=\"summary_large_image\" \/>\n<meta name=\"twitter:label1\" content=\"Escrito por\" \/>\n\t<meta name=\"twitter:data1\" content=\"MPPPST Prensa\" \/>\n\t<meta name=\"twitter:label2\" content=\"Tiempo de lectura\" \/>\n\t<meta name=\"twitter:data2\" content=\"1 minuto\" \/>\n<script type=\"application\/ld+json\" class=\"yoast-schema-graph\">{\"@context\":\"https:\/\/schema.org\",\"@graph\":[{\"@type\":\"Article\",\"@id\":\"https:\/\/www.mpppst.gob.ve\/mpppstweb\/index.php\/2023\/11\/15\/asamblea-nacional-consigna-amparo-constitucional-en-tsj-a-favor-del-referendum-consultivo-en-defensa-del-esequibo\/#article\",\"isPartOf\":{\"@id\":\"https:\/\/www.mpppst.gob.ve\/mpppstweb\/index.php\/2023\/11\/15\/asamblea-nacional-consigna-amparo-constitucional-en-tsj-a-favor-del-referendum-consultivo-en-defensa-del-esequibo\/\"},\"author\":{\"name\":\"MPPPST Prensa\",\"@id\":\"https:\/\/www.mpppst.gob.ve\/mpppstweb\/#\/schema\/person\/fc187ee8ead412bd4c9304b62f900ea4\"},\"headline\":\"Ministro Torrealba conversa con la clase obrera petrolera sobre el Esequibo\",\"datePublished\":\"2023-11-15T16:08:00+00:00\",\"dateModified\":\"2023-11-15T21:32:00+00:00\",\"mainEntityOfPage\":{\"@id\":\"https:\/\/www.mpppst.gob.ve\/mpppstweb\/index.php\/2023\/11\/15\/asamblea-nacional-consigna-amparo-constitucional-en-tsj-a-favor-del-referendum-consultivo-en-defensa-del-esequibo\/\"},\"wordCount\":209,\"publisher\":{\"@id\":\"https:\/\/www.mpppst.gob.ve\/mpppstweb\/#organization\"},\"image\":{\"@id\":\"https:\/\/www.mpppst.gob.ve\/mpppstweb\/index.php\/2023\/11\/15\/asamblea-nacional-consigna-amparo-constitucional-en-tsj-a-favor-del-referendum-consultivo-en-defensa-del-esequibo\/#primaryimage\"},\"thumbnailUrl\":\"https:\/\/www.mpppst.gob.ve\/mpppstweb\/wp-content\/uploads\/2023\/11\/WhatsApp-Image-2023-11-15-at-17.13.49-2.jpeg\",\"keywords\":[\"\u00c7omando Venezuela Toda\",\"Consejo Productivo\",\"CPTT\",\"Francisco Torrealba\",\"Fuerza Laboral\",\"PDVSA\",\"Venezuela\",\"Venezuela M\u00eda\",\"Venezuela Toda\"],\"articleSection\":[\"Noticias\"],\"inLanguage\":\"es\"},{\"@type\":\"WebPage\",\"@id\":\"https:\/\/www.mpppst.gob.ve\/mpppstweb\/index.php\/2023\/11\/15\/asamblea-nacional-consigna-amparo-constitucional-en-tsj-a-favor-del-referendum-consultivo-en-defensa-del-esequibo\/\",\"url\":\"https:\/\/www.mpppst.gob.ve\/mpppstweb\/index.php\/2023\/11\/15\/asamblea-nacional-consigna-amparo-constitucional-en-tsj-a-favor-del-referendum-consultivo-en-defensa-del-esequibo\/\",\"name\":\"Ministro Torrealba conversa con la clase obrera petrolera sobre el Esequibo - MPPPST\",\"isPartOf\":{\"@id\":\"https:\/\/www.mpppst.gob.ve\/mpppstweb\/#website\"},\"primaryImageOfPage\":{\"@id\":\"https:\/\/www.mpppst.gob.ve\/mpppstweb\/index.php\/2023\/11\/15\/asamblea-nacional-consigna-amparo-constitucional-en-tsj-a-favor-del-referendum-consultivo-en-defensa-del-esequibo\/#primaryimage\"},\"image\":{\"@id\":\"https:\/\/www.mpppst.gob.ve\/mpppstweb\/index.php\/2023\/11\/15\/asamblea-nacional-consigna-amparo-constitucional-en-tsj-a-favor-del-referendum-consultivo-en-defensa-del-esequibo\/#primaryimage\"},\"thumbnailUrl\":\"https:\/\/www.mpppst.gob.ve\/mpppstweb\/wp-content\/uploads\/2023\/11\/WhatsApp-Image-2023-11-15-at-17.13.49-2.jpeg\",\"datePublished\":\"2023-11-15T16:08:00+00:00\",\"dateModified\":\"2023-11-15T21:32:00+00:00\",\"breadcrumb\":{\"@id\":\"https:\/\/www.mpppst.gob.ve\/mpppstweb\/index.php\/2023\/11\/15\/asamblea-nacional-consigna-amparo-constitucional-en-tsj-a-favor-del-referendum-consultivo-en-defensa-del-esequibo\/#breadcrumb\"},\"inLanguage\":\"es\",\"potentialAction\":[{\"@type\":\"ReadAction\",\"target\":[\"https:\/\/www.mpppst.gob.ve\/mpppstweb\/index.php\/2023\/11\/15\/asamblea-nacional-consigna-amparo-constitucional-en-tsj-a-favor-del-referendum-consultivo-en-defensa-del-esequibo\/\"]}]},{\"@type\":\"ImageObject\",\"inLanguage\":\"es\",\"@id\":\"https:\/\/www.mpppst.gob.ve\/mpppstweb\/index.php\/2023\/11\/15\/asamblea-nacional-consigna-amparo-constitucional-en-tsj-a-favor-del-referendum-consultivo-en-defensa-del-esequibo\/#primaryimage\",\"url\":\"https:\/\/www.mpppst.gob.ve\/mpppstweb\/wp-content\/uploads\/2023\/11\/WhatsApp-Image-2023-11-15-at-17.13.49-2.jpeg\",\"contentUrl\":\"https:\/\/www.mpppst.gob.ve\/mpppstweb\/wp-content\/uploads\/2023\/11\/WhatsApp-Image-2023-11-15-at-17.13.49-2.jpeg\",\"width\":1080,\"height\":608},{\"@type\":\"BreadcrumbList\",\"@id\":\"https:\/\/www.mpppst.gob.ve\/mpppstweb\/index.php\/2023\/11\/15\/asamblea-nacional-consigna-amparo-constitucional-en-tsj-a-favor-del-referendum-consultivo-en-defensa-del-esequibo\/#breadcrumb\",\"itemListElement\":[{\"@type\":\"ListItem\",\"position\":1,\"name\":\"Home\",\"item\":\"https:\/\/www.mpppst.gob.ve\/mpppstweb\/\"},{\"@type\":\"ListItem\",\"position\":2,\"name\":\"Ministro Torrealba conversa con la clase obrera petrolera sobre el Esequibo\"}]},{\"@type\":\"WebSite\",\"@id\":\"https:\/\/www.mpppst.gob.ve\/mpppstweb\/#website\",\"url\":\"https:\/\/www.mpppst.gob.ve\/mpppstweb\/\",\"name\":\"MPPPST\",\"description\":\"Ministerio del Poder Popular para el Proceso Social de Trabajo\",\"publisher\":{\"@id\":\"https:\/\/www.mpppst.gob.ve\/mpppstweb\/#organization\"},\"potentialAction\":[{\"@type\":\"SearchAction\",\"target\":{\"@type\":\"EntryPoint\",\"urlTemplate\":\"https:\/\/www.mpppst.gob.ve\/mpppstweb\/?s={search_term_string}\"},\"query-input\":\"required name=search_term_string\"}],\"inLanguage\":\"es\"},{\"@type\":\"Organization\",\"@id\":\"https:\/\/www.mpppst.gob.ve\/mpppstweb\/#organization\",\"name\":\"mpppst\",\"url\":\"https:\/\/www.mpppst.gob.ve\/mpppstweb\/\",\"logo\":{\"@type\":\"ImageObject\",\"inLanguage\":\"es\",\"@id\":\"https:\/\/www.mpppst.gob.ve\/mpppstweb\/#\/schema\/logo\/image\/\",\"url\":\"https:\/\/www.mpppst.gob.ve\/mpppstweb\/wp-content\/uploads\/2025\/07\/cropped-cropped-g910.png\",\"contentUrl\":\"https:\/\/www.mpppst.gob.ve\/mpppstweb\/wp-content\/uploads\/2025\/07\/cropped-cropped-g910.png\",\"width\":1080,\"height\":241,\"caption\":\"mpppst\"},\"image\":{\"@id\":\"https:\/\/www.mpppst.gob.ve\/mpppstweb\/#\/schema\/logo\/image\/\"}},{\"@type\":\"Person\",\"@id\":\"https:\/\/www.mpppst.gob.ve\/mpppstweb\/#\/schema\/person\/fc187ee8ead412bd4c9304b62f900ea4\",\"name\":\"MPPPST Prensa\",\"url\":\"https:\/\/www.mpppst.gob.ve\/mpppstweb\/index.php\/author\/prensa-mpppst\/\"}]}<\/script>\n<!-- \/ Yoast SEO plugin. -->","yoast_head_json":{"title":"Ministro Torrealba conversa con la clase obrera petrolera sobre el Esequibo - MPPPST","robots":{"index":"index","follow":"follow","max-snippet":"max-snippet:-1","max-image-preview":"max-image-preview:large","max-video-preview":"max-video-preview:-1"},"canonical":"https:\/\/www.mpppst.gob.ve\/mpppstweb\/index.php\/2023\/11\/15\/asamblea-nacional-consigna-amparo-constitucional-en-tsj-a-favor-del-referendum-consultivo-en-defensa-del-esequibo\/","og_locale":"es_ES","og_type":"article","og_title":"Ministro Torrealba conversa con la clase obrera petrolera sobre el Esequibo - MPPPST","og_description":"MPPPST, Caracas, 15 de noviembre de 2023.- Francisco Torrealba, ministro del Poder Popular Para el Proceso &hellip; Ministro Torrealba conversa con la clase obrera petrolera sobre el EsequiboRead more","og_url":"https:\/\/www.mpppst.gob.ve\/mpppstweb\/index.php\/2023\/11\/15\/asamblea-nacional-consigna-amparo-constitucional-en-tsj-a-favor-del-referendum-consultivo-en-defensa-del-esequibo\/","og_site_name":"MPPPST","article_published_time":"2023-11-15T16:08:00+00:00","article_modified_time":"2023-11-15T21:32:00+00:00","og_image":[{"width":1080,"height":608,"url":"https:\/\/www.mpppst.gob.ve\/mpppstweb\/wp-content\/uploads\/2023\/11\/WhatsApp-Image-2023-11-15-at-17.13.49-2.jpeg","type":"image\/jpeg"}],"author":"MPPPST Prensa","twitter_card":"summary_large_image","twitter_misc":{"Escrito por":"MPPPST Prensa","Tiempo de lectura":"1 minuto"},"schema":{"@context":"https:\/\/schema.org","@graph":[{"@type":"Article","@id":"https:\/\/www.mpppst.gob.ve\/mpppstweb\/index.php\/2023\/11\/15\/asamblea-nacional-consigna-amparo-constitucional-en-tsj-a-favor-del-referendum-consultivo-en-defensa-del-esequibo\/#article","isPartOf":{"@id":"https:\/\/www.mpppst.gob.ve\/mpppstweb\/index.php\/2023\/11\/15\/asamblea-nacional-consigna-amparo-constitucional-en-tsj-a-favor-del-referendum-consultivo-en-defensa-del-esequibo\/"},"author":{"name":"MPPPST Prensa","@id":"https:\/\/www.mpppst.gob.ve\/mpppstweb\/#\/schema\/person\/fc187ee8ead412bd4c9304b62f900ea4"},"headline":"Ministro Torrealba conversa con la clase obrera petrolera sobre el Esequibo","datePublished":"2023-11-15T16:08:00+00:00","dateModified":"2023-11-15T21:32:00+00:00","mainEntityOfPage":{"@id":"https:\/\/www.mpppst.gob.ve\/mpppstweb\/index.php\/2023\/11\/15\/asamblea-nacional-consigna-amparo-constitucional-en-tsj-a-favor-del-referendum-consultivo-en-defensa-del-esequibo\/"},"wordCount":209,"publisher":{"@id":"https:\/\/www.mpppst.gob.ve\/mpppstweb\/#organization"},"image":{"@id":"https:\/\/www.mpppst.gob.ve\/mpppstweb\/index.php\/2023\/11\/15\/asamblea-nacional-consigna-amparo-constitucional-en-tsj-a-favor-del-referendum-consultivo-en-defensa-del-esequibo\/#primaryimage"},"thumbnailUrl":"https:\/\/www.mpppst.gob.ve\/mpppstweb\/wp-content\/uploads\/2023\/11\/WhatsApp-Image-2023-11-15-at-17.13.49-2.jpeg","keywords":["\u00c7omando Venezuela Toda","Consejo Productivo","CPTT","Francisco Torrealba","Fuerza Laboral","PDVSA","Venezuela","Venezuela M\u00eda","Venezuela Toda"],"articleSection":["Noticias"],"inLanguage":"es"},{"@type":"WebPage","@id":"https:\/\/www.mpppst.gob.ve\/mpppstweb\/index.php\/2023\/11\/15\/asamblea-nacional-consigna-amparo-constitucional-en-tsj-a-favor-del-referendum-consultivo-en-defensa-del-esequibo\/","url":"https:\/\/www.mpppst.gob.ve\/mpppstweb\/index.php\/2023\/11\/15\/asamblea-nacional-consigna-amparo-constitucional-en-tsj-a-favor-del-referendum-consultivo-en-defensa-del-esequibo\/","name":"Ministro Torrealba conversa con la clase obrera petrolera sobre el Esequibo - MPPPST","isPartOf":{"@id":"https:\/\/www.mpppst.gob.ve\/mpppstweb\/#website"},"primaryImageOfPage":{"@id":"https:\/\/www.mpppst.gob.ve\/mpppstweb\/index.php\/2023\/11\/15\/asamblea-nacional-consigna-amparo-constitucional-en-tsj-a-favor-del-referendum-consultivo-en-defensa-del-esequibo\/#primaryimage"},"image":{"@id":"https:\/\/www.mpppst.gob.ve\/mpppstweb\/index.php\/2023\/11\/15\/asamblea-nacional-consigna-amparo-constitucional-en-tsj-a-favor-del-referendum-consultivo-en-defensa-del-esequibo\/#primaryimage"},"thumbnailUrl":"https:\/\/www.mpppst.gob.ve\/mpppstweb\/wp-content\/uploads\/2023\/11\/WhatsApp-Image-2023-11-15-at-17.13.49-2.jpeg","datePublished":"2023-11-15T16:08:00+00:00","dateModified":"2023-11-15T21:32:00+00:00","breadcrumb":{"@id":"https:\/\/www.mpppst.gob.ve\/mpppstweb\/index.php\/2023\/11\/15\/asamblea-nacional-consigna-amparo-constitucional-en-tsj-a-favor-del-referendum-consultivo-en-defensa-del-esequibo\/#breadcrumb"},"inLanguage":"es","potentialAction":[{"@type":"ReadAction","target":["https:\/\/www.mpppst.gob.ve\/mpppstweb\/index.php\/2023\/11\/15\/asamblea-nacional-consigna-amparo-constitucional-en-tsj-a-favor-del-referendum-consultivo-en-defensa-del-esequibo\/"]}]},{"@type":"ImageObject","inLanguage":"es","@id":"https:\/\/www.mpppst.gob.ve\/mpppstweb\/index.php\/2023\/11\/15\/asamblea-nacional-consigna-amparo-constitucional-en-tsj-a-favor-del-referendum-consultivo-en-defensa-del-esequibo\/#primaryimage","url":"https:\/\/www.mpppst.gob.ve\/mpppstweb\/wp-content\/uploads\/2023\/11\/WhatsApp-Image-2023-11-15-at-17.13.49-2.jpeg","contentUrl":"https:\/\/www.mpppst.gob.ve\/mpppstweb\/wp-content\/uploads\/2023\/11\/WhatsApp-Image-2023-11-15-at-17.13.49-2.jpeg","width":1080,"height":608},{"@type":"BreadcrumbList","@id":"https:\/\/www.mpppst.gob.ve\/mpppstweb\/index.php\/2023\/11\/15\/asamblea-nacional-consigna-amparo-constitucional-en-tsj-a-favor-del-referendum-consultivo-en-defensa-del-esequibo\/#breadcrumb","itemListElement":[{"@type":"ListItem","position":1,"name":"Home","item":"https:\/\/www.mpppst.gob.ve\/mpppstweb\/"},{"@type":"ListItem","position":2,"name":"Ministro Torrealba conversa con la clase obrera petrolera sobre el Esequibo"}]},{"@type":"WebSite","@id":"https:\/\/www.mpppst.gob.ve\/mpppstweb\/#website","url":"https:\/\/www.mpppst.gob.ve\/mpppstweb\/","name":"MPPPST","description":"Ministerio del Poder Popular para el Proceso Social de Trabajo","publisher":{"@id":"https:\/\/www.mpppst.gob.ve\/mpppstweb\/#organization"},"potentialAction":[{"@type":"SearchAction","target":{"@type":"EntryPoint","urlTemplate":"https:\/\/www.mpppst.gob.ve\/mpppstweb\/?s={search_term_string}"},"query-input":"required name=search_term_string"}],"inLanguage":"es"},{"@type":"Organization","@id":"https:\/\/www.mpppst.gob.ve\/mpppstweb\/#organization","name":"mpppst","url":"https:\/\/www.mpppst.gob.ve\/mpppstweb\/","logo":{"@type":"ImageObject","inLanguage":"es","@id":"https:\/\/www.mpppst.gob.ve\/mpppstweb\/#\/schema\/logo\/image\/","url":"https:\/\/www.mpppst.gob.ve\/mpppstweb\/wp-content\/uploads\/2025\/07\/cropped-cropped-g910.png","contentUrl":"https:\/\/www.mpppst.gob.ve\/mpppstweb\/wp-content\/uploads\/2025\/07\/cropped-cropped-g910.png","width":1080,"height":241,"caption":"mpppst"},"image":{"@id":"https:\/\/www.mpppst.gob.ve\/mpppstweb\/#\/schema\/logo\/image\/"}},{"@type":"Person","@id":"https:\/\/www.mpppst.gob.ve\/mpppstweb\/#\/schema\/person\/fc187ee8ead412bd4c9304b62f900ea4","name":"MPPPST Prensa","url":"https:\/\/www.mpppst.gob.ve\/mpppstweb\/index.php\/author\/prensa-mpppst\/"}]}},"_links":{"self":[{"href":"https:\/\/www.mpppst.gob.ve\/mpppstweb\/index.php\/wp-json\/wp\/v2\/posts\/25321"}],"collection":[{"href":"https:\/\/www.mpppst.gob.ve\/mpppstweb\/index.php\/wp-json\/wp\/v2\/posts"}],"about":[{"href":"https:\/\/www.mpppst.gob.ve\/mpppstweb\/index.php\/wp-json\/wp\/v2\/types\/post"}],"author":[{"embeddable":true,"href":"https:\/\/www.mpppst.gob.ve\/mpppstweb\/index.php\/wp-json\/wp\/v2\/users\/25"}],"replies":[{"embeddable":true,"href":"https:\/\/www.mpppst.gob.ve\/mpppstweb\/index.php\/wp-json\/wp\/v2\/comments?post=25321"}],"version-history":[{"count":2,"href":"https:\/\/www.mpppst.gob.ve\/mpppstweb\/index.php\/wp-json\/wp\/v2\/posts\/25321\/revisions"}],"predecessor-version":[{"id":25330,"href":"https:\/\/www.mpppst.gob.ve\/mpppstweb\/index.php\/wp-json\/wp\/v2\/posts\/25321\/revisions\/25330"}],"wp:featuredmedia":[{"embeddable":true,"href":"https:\/\/www.mpppst.gob.ve\/mpppstweb\/index.php\/wp-json\/wp\/v2\/media\/25322"}],"wp:attachment":[{"href":"https:\/\/www.mpppst.gob.ve\/mpppstweb\/index.php\/wp-json\/wp\/v2\/media?parent=25321"}],"wp:term":[{"taxonomy":"category","embeddable":true,"href":"https:\/\/www.mpppst.gob.ve\/mpppstweb\/index.php\/wp-json\/wp\/v2\/categories?post=25321"},{"taxonomy":"post_tag","embeddable":true,"href":"https:\/\/www.mpppst.gob.ve\/mpppstweb\/index.php\/wp-json\/wp\/v2\/tags?post=25321"}],"curies":[{"name":"wp","href":"https:\/\/api.w.org\/{rel}","templated":true}]}}