{"id":25399,"date":"2023-11-23T10:35:00","date_gmt":"2023-11-23T14:35:00","guid":{"rendered":"http:\/\/www.mpppst.gob.ve\/mpppstweb\/?p=25399"},"modified":"2023-11-23T14:44:16","modified_gmt":"2023-11-23T18:44:16","slug":"clase-obrera-se-moviliza-en-apoyo-al-esequibo","status":"publish","type":"post","link":"https:\/\/www.mpppst.gob.ve\/mpppstweb\/index.php\/2023\/11\/23\/clase-obrera-se-moviliza-en-apoyo-al-esequibo\/","title":{"rendered":"Clase obrera se moviliza en apoyo al Esequibo"},"content":{"rendered":"\n<p class=\"wp-block-paragraph\"><strong>MPPPST, Caracas.-<\/strong> La clase obrera de Caracas se moviliz\u00f3 este jueves 23 de noviembre en apoyo con la defensa del Esequibo y el Refer\u00e9ndum Consultivo que se realizar\u00e1 el pr\u00f3ximo 3 de diciembre.<\/p>\n\n\n\n<p class=\"wp-block-paragraph\">La marcha, convocada por el <em>Comando de Campa\u00f1a Esequibo 2023<\/em>, inici\u00f3 a las 8:00 am desde Puente Guan\u00e1bano hasta Puertas Caracas, por el camino de los espa\u00f1oles, a fin de reafirmar la soberan\u00eda venezolana sobre el Esequibo y denunciar la ocupaci\u00f3n ilegal de Guyana.<\/p>\n\n\n\n<p class=\"wp-block-paragraph\">Bajo las consignas \u00ab<em>El Esequibo es nuestro<\/em>\u00bb y \u00ab<em>Venezuela toda por el Esequibo<\/em>\u00ab, los participantes en la marcha se movilizaron con pancartas y banderas que ten\u00edan mensajes de apoyo al Esequibo.<\/p>\n\n\n\n<p class=\"wp-block-paragraph\">El Esequibo es un territorio de 159.500 kil\u00f3metros cuadrados que se encuentra ubicado al oeste del r\u00edo Esequibo, en la frontera entre Venezuela y Guyana.<\/p>\n\n\n\n<p class=\"wp-block-paragraph\"><strong>Prensa MPPPST<\/strong><\/p>\n\n\n\n<figure class=\"wp-block-image size-large\"><a href=\"https:\/\/www.mpppst.gob.ve\/mpppstweb\/wp-content\/uploads\/2023\/11\/WhatsApp-Image-2023-11-23-at-14.42.23.jpeg\"><img loading=\"lazy\" decoding=\"async\" width=\"1024\" height=\"576\" src=\"https:\/\/www.mpppst.gob.ve\/mpppstweb\/wp-content\/uploads\/2023\/11\/WhatsApp-Image-2023-11-23-at-14.42.23-1024x576.jpeg\" alt=\"\" class=\"wp-image-25401\" srcset=\"https:\/\/www.mpppst.gob.ve\/mpppstweb\/wp-content\/uploads\/2023\/11\/WhatsApp-Image-2023-11-23-at-14.42.23-1024x576.jpeg 1024w, https:\/\/www.mpppst.gob.ve\/mpppstweb\/wp-content\/uploads\/2023\/11\/WhatsApp-Image-2023-11-23-at-14.42.23-300x169.jpeg 300w, https:\/\/www.mpppst.gob.ve\/mpppstweb\/wp-content\/uploads\/2023\/11\/WhatsApp-Image-2023-11-23-at-14.42.23-768x432.jpeg 768w, https:\/\/www.mpppst.gob.ve\/mpppstweb\/wp-content\/uploads\/2023\/11\/WhatsApp-Image-2023-11-23-at-14.42.23.jpeg 1080w\" sizes=\"auto, (max-width: 1024px) 100vw, 1024px\" \/><\/a><\/figure>\n","protected":false},"excerpt":{"rendered":"<p>La marcha inici\u00f3 en Puente Guan\u00e1bano y finaliz\u00f3 en Puertas Caracas, por el camino de los espa\u00f1oles, a fin de reafirmar la soberan\u00eda venezolana sobre el Esequibo y denunciar la ocupaci\u00f3n ilegal de Guyana.<\/p>\n","protected":false},"author":25,"featured_media":25400,"comment_status":"closed","ping_status":"closed","sticky":false,"template":"","format":"standard","meta":{"footnotes":""},"categories":[163],"tags":[526,229,451,225,524,227,345,335],"class_list":["post-25399","post","type-post","status-publish","format-standard","has-post-thumbnail","hentry","category-noticias","tag-3-de-diciembre","tag-defensa-integral","tag-esequibo","tag-fuerza-laboral","tag-guayana-esequiba","tag-proceso-social","tag-trabajadores","tag-venezuela"],"yoast_head":"<!-- This site is optimized with the Yoast SEO plugin v28.4 - https:\/\/yoast.com\/product\/yoast-seo-wordpress\/ -->\n<title>Clase obrera se moviliza en apoyo al Esequibo - MPPPST<\/title>\n<meta name=\"robots\" content=\"index, follow, max-snippet:-1, max-image-preview:large, max-video-preview:-1\" \/>\n<link rel=\"canonical\" href=\"https:\/\/www.mpppst.gob.ve\/mpppstweb\/index.php\/2023\/11\/23\/clase-obrera-se-moviliza-en-apoyo-al-esequibo\/\" \/>\n<meta property=\"og:locale\" content=\"es_ES\" \/>\n<meta property=\"og:type\" content=\"article\" \/>\n<meta property=\"og:title\" content=\"Clase obrera se moviliza en apoyo al Esequibo - MPPPST\" \/>\n<meta property=\"og:description\" content=\"La marcha inici\u00f3 en Puente Guan\u00e1bano y finaliz\u00f3 en Puertas Caracas, por el camino de los espa\u00f1oles, a fin de reafirmar la soberan\u00eda venezolana sobre el Esequibo y denunciar la ocupaci\u00f3n ilegal de Guyana.\" \/>\n<meta property=\"og:url\" content=\"https:\/\/www.mpppst.gob.ve\/mpppstweb\/index.php\/2023\/11\/23\/clase-obrera-se-moviliza-en-apoyo-al-esequibo\/\" \/>\n<meta property=\"og:site_name\" content=\"MPPPST\" \/>\n<meta property=\"article:publisher\" content=\"https:\/\/www.facebook.com\/mintrabajo_ve\" \/>\n<meta property=\"article:published_time\" content=\"2023-11-23T14:35:00+00:00\" \/>\n<meta property=\"article:modified_time\" content=\"2023-11-23T18:44:16+00:00\" \/>\n<meta property=\"og:image\" content=\"https:\/\/www.mpppst.gob.ve\/mpppstweb\/wp-content\/uploads\/2023\/11\/WhatsApp-Image-2023-11-23-at-14.42.22.jpeg\" \/>\n\t<meta property=\"og:image:width\" content=\"1080\" \/>\n\t<meta property=\"og:image:height\" content=\"607\" \/>\n\t<meta property=\"og:image:type\" content=\"image\/jpeg\" \/>\n<meta name=\"author\" content=\"MPPPST Prensa\" \/>\n<meta name=\"twitter:card\" content=\"summary_large_image\" \/>\n<script type=\"application\/ld+json\" class=\"yoast-schema-graph\">{\"@context\":\"https:\\\/\\\/schema.org\",\"@graph\":[{\"@type\":\"Article\",\"@id\":\"https:\\\/\\\/www.mpppst.gob.ve\\\/mpppstweb\\\/index.php\\\/2023\\\/11\\\/23\\\/clase-obrera-se-moviliza-en-apoyo-al-esequibo\\\/#article\",\"isPartOf\":{\"@id\":\"https:\\\/\\\/www.mpppst.gob.ve\\\/mpppstweb\\\/index.php\\\/2023\\\/11\\\/23\\\/clase-obrera-se-moviliza-en-apoyo-al-esequibo\\\/\"},\"author\":{\"name\":\"MPPPST Prensa\",\"@id\":\"https:\\\/\\\/www.mpppst.gob.ve\\\/mpppstweb\\\/#\\\/schema\\\/person\\\/fc187ee8ead412bd4c9304b62f900ea4\"},\"headline\":\"Clase obrera se moviliza en apoyo al Esequibo\",\"datePublished\":\"2023-11-23T14:35:00+00:00\",\"dateModified\":\"2023-11-23T18:44:16+00:00\",\"mainEntityOfPage\":{\"@id\":\"https:\\\/\\\/www.mpppst.gob.ve\\\/mpppstweb\\\/index.php\\\/2023\\\/11\\\/23\\\/clase-obrera-se-moviliza-en-apoyo-al-esequibo\\\/\"},\"wordCount\":149,\"publisher\":{\"@id\":\"https:\\\/\\\/www.mpppst.gob.ve\\\/mpppstweb\\\/#organization\"},\"image\":{\"@id\":\"https:\\\/\\\/www.mpppst.gob.ve\\\/mpppstweb\\\/index.php\\\/2023\\\/11\\\/23\\\/clase-obrera-se-moviliza-en-apoyo-al-esequibo\\\/#primaryimage\"},\"thumbnailUrl\":\"https:\\\/\\\/www.mpppst.gob.ve\\\/mpppstweb\\\/wp-content\\\/uploads\\\/2023\\\/11\\\/WhatsApp-Image-2023-11-23-at-14.42.22.jpeg\",\"keywords\":[\"3 de diciembre\",\"Defensa Integral\",\"Esequibo\",\"Fuerza Laboral\",\"Guayana Esequiba\",\"Proceso Social\",\"Trabajadores\",\"Venezuela\"],\"articleSection\":[\"Noticias\"],\"inLanguage\":\"es\"},{\"@type\":\"WebPage\",\"@id\":\"https:\\\/\\\/www.mpppst.gob.ve\\\/mpppstweb\\\/index.php\\\/2023\\\/11\\\/23\\\/clase-obrera-se-moviliza-en-apoyo-al-esequibo\\\/\",\"url\":\"https:\\\/\\\/www.mpppst.gob.ve\\\/mpppstweb\\\/index.php\\\/2023\\\/11\\\/23\\\/clase-obrera-se-moviliza-en-apoyo-al-esequibo\\\/\",\"name\":\"Clase obrera se moviliza en apoyo al Esequibo - MPPPST\",\"isPartOf\":{\"@id\":\"https:\\\/\\\/www.mpppst.gob.ve\\\/mpppstweb\\\/#website\"},\"primaryImageOfPage\":{\"@id\":\"https:\\\/\\\/www.mpppst.gob.ve\\\/mpppstweb\\\/index.php\\\/2023\\\/11\\\/23\\\/clase-obrera-se-moviliza-en-apoyo-al-esequibo\\\/#primaryimage\"},\"image\":{\"@id\":\"https:\\\/\\\/www.mpppst.gob.ve\\\/mpppstweb\\\/index.php\\\/2023\\\/11\\\/23\\\/clase-obrera-se-moviliza-en-apoyo-al-esequibo\\\/#primaryimage\"},\"thumbnailUrl\":\"https:\\\/\\\/www.mpppst.gob.ve\\\/mpppstweb\\\/wp-content\\\/uploads\\\/2023\\\/11\\\/WhatsApp-Image-2023-11-23-at-14.42.22.jpeg\",\"datePublished\":\"2023-11-23T14:35:00+00:00\",\"dateModified\":\"2023-11-23T18:44:16+00:00\",\"breadcrumb\":{\"@id\":\"https:\\\/\\\/www.mpppst.gob.ve\\\/mpppstweb\\\/index.php\\\/2023\\\/11\\\/23\\\/clase-obrera-se-moviliza-en-apoyo-al-esequibo\\\/#breadcrumb\"},\"inLanguage\":\"es\",\"potentialAction\":[{\"@type\":\"ReadAction\",\"target\":[\"https:\\\/\\\/www.mpppst.gob.ve\\\/mpppstweb\\\/index.php\\\/2023\\\/11\\\/23\\\/clase-obrera-se-moviliza-en-apoyo-al-esequibo\\\/\"]}]},{\"@type\":\"ImageObject\",\"inLanguage\":\"es\",\"@id\":\"https:\\\/\\\/www.mpppst.gob.ve\\\/mpppstweb\\\/index.php\\\/2023\\\/11\\\/23\\\/clase-obrera-se-moviliza-en-apoyo-al-esequibo\\\/#primaryimage\",\"url\":\"https:\\\/\\\/www.mpppst.gob.ve\\\/mpppstweb\\\/wp-content\\\/uploads\\\/2023\\\/11\\\/WhatsApp-Image-2023-11-23-at-14.42.22.jpeg\",\"contentUrl\":\"https:\\\/\\\/www.mpppst.gob.ve\\\/mpppstweb\\\/wp-content\\\/uploads\\\/2023\\\/11\\\/WhatsApp-Image-2023-11-23-at-14.42.22.jpeg\",\"width\":1080,\"height\":607},{\"@type\":\"BreadcrumbList\",\"@id\":\"https:\\\/\\\/www.mpppst.gob.ve\\\/mpppstweb\\\/index.php\\\/2023\\\/11\\\/23\\\/clase-obrera-se-moviliza-en-apoyo-al-esequibo\\\/#breadcrumb\",\"itemListElement\":[{\"@type\":\"ListItem\",\"position\":1,\"name\":\"Home\",\"item\":\"https:\\\/\\\/www.mpppst.gob.ve\\\/mpppstweb\\\/\"},{\"@type\":\"ListItem\",\"position\":2,\"name\":\"Clase obrera se moviliza en apoyo al Esequibo\"}]},{\"@type\":\"WebSite\",\"@id\":\"https:\\\/\\\/www.mpppst.gob.ve\\\/mpppstweb\\\/#website\",\"url\":\"https:\\\/\\\/www.mpppst.gob.ve\\\/mpppstweb\\\/\",\"name\":\"MPPPST\",\"description\":\"Sitio web oficial del Ministerio del Poder Popular para el Proceso Social de Trabajo\",\"publisher\":{\"@id\":\"https:\\\/\\\/www.mpppst.gob.ve\\\/mpppstweb\\\/#organization\"},\"alternateName\":\"Ministerio del Poder Popular para el Proceso Social de Trabajo\",\"potentialAction\":[{\"@type\":\"SearchAction\",\"target\":{\"@type\":\"EntryPoint\",\"urlTemplate\":\"https:\\\/\\\/www.mpppst.gob.ve\\\/mpppstweb\\\/?s={search_term_string}\"},\"query-input\":{\"@type\":\"PropertyValueSpecification\",\"valueRequired\":true,\"valueName\":\"search_term_string\"}}],\"inLanguage\":\"es\"},{\"@type\":\"Organization\",\"@id\":\"https:\\\/\\\/www.mpppst.gob.ve\\\/mpppstweb\\\/#organization\",\"name\":\"Ministerio del Poder Popular para el Proceso Social de Trabajo\",\"alternateName\":\"MPPPST\",\"url\":\"https:\\\/\\\/www.mpppst.gob.ve\\\/mpppstweb\\\/\",\"logo\":{\"@type\":\"ImageObject\",\"inLanguage\":\"es\",\"@id\":\"https:\\\/\\\/www.mpppst.gob.ve\\\/mpppstweb\\\/#\\\/schema\\\/logo\\\/image\\\/\",\"url\":\"https:\\\/\\\/www.mpppst.gob.ve\\\/mpppstweb\\\/wp-content\\\/uploads\\\/2025\\\/07\\\/cropped-cropped-g910.png\",\"contentUrl\":\"https:\\\/\\\/www.mpppst.gob.ve\\\/mpppstweb\\\/wp-content\\\/uploads\\\/2025\\\/07\\\/cropped-cropped-g910.png\",\"width\":1080,\"height\":241,\"caption\":\"Ministerio del Poder Popular para el Proceso Social de Trabajo\"},\"image\":{\"@id\":\"https:\\\/\\\/www.mpppst.gob.ve\\\/mpppstweb\\\/#\\\/schema\\\/logo\\\/image\\\/\"},\"sameAs\":[\"https:\\\/\\\/www.facebook.com\\\/mintrabajo_ve\",\"https:\\\/\\\/www.instagram.com\\\/mintrabajo_ve\\\/\",\"https:\\\/\\\/www.tiktok.com\\\/@mintrabajo_ve\",\"https:\\\/\\\/t.me\\\/mpppst\"]},{\"@type\":\"Person\",\"@id\":\"https:\\\/\\\/www.mpppst.gob.ve\\\/mpppstweb\\\/#\\\/schema\\\/person\\\/fc187ee8ead412bd4c9304b62f900ea4\",\"name\":\"MPPPST Prensa\",\"url\":\"https:\\\/\\\/www.mpppst.gob.ve\\\/mpppstweb\\\/index.php\\\/author\\\/prensa-mpppst\\\/\"}]}<\/script>\n<!-- \/ Yoast SEO plugin. -->","yoast_head_json":{"title":"Clase obrera se moviliza en apoyo al Esequibo - MPPPST","robots":{"index":"index","follow":"follow","max-snippet":"max-snippet:-1","max-image-preview":"max-image-preview:large","max-video-preview":"max-video-preview:-1"},"canonical":"https:\/\/www.mpppst.gob.ve\/mpppstweb\/index.php\/2023\/11\/23\/clase-obrera-se-moviliza-en-apoyo-al-esequibo\/","og_locale":"es_ES","og_type":"article","og_title":"Clase obrera se moviliza en apoyo al Esequibo - MPPPST","og_description":"La marcha inici\u00f3 en Puente Guan\u00e1bano y finaliz\u00f3 en Puertas Caracas, por el camino de los espa\u00f1oles, a fin de reafirmar la soberan\u00eda venezolana sobre el Esequibo y denunciar la ocupaci\u00f3n ilegal de Guyana.","og_url":"https:\/\/www.mpppst.gob.ve\/mpppstweb\/index.php\/2023\/11\/23\/clase-obrera-se-moviliza-en-apoyo-al-esequibo\/","og_site_name":"MPPPST","article_publisher":"https:\/\/www.facebook.com\/mintrabajo_ve","article_published_time":"2023-11-23T14:35:00+00:00","article_modified_time":"2023-11-23T18:44:16+00:00","og_image":[{"width":1080,"height":607,"url":"https:\/\/www.mpppst.gob.ve\/mpppstweb\/wp-content\/uploads\/2023\/11\/WhatsApp-Image-2023-11-23-at-14.42.22.jpeg","type":"image\/jpeg"}],"author":"MPPPST Prensa","twitter_card":"summary_large_image","schema":{"@context":"https:\/\/schema.org","@graph":[{"@type":"Article","@id":"https:\/\/www.mpppst.gob.ve\/mpppstweb\/index.php\/2023\/11\/23\/clase-obrera-se-moviliza-en-apoyo-al-esequibo\/#article","isPartOf":{"@id":"https:\/\/www.mpppst.gob.ve\/mpppstweb\/index.php\/2023\/11\/23\/clase-obrera-se-moviliza-en-apoyo-al-esequibo\/"},"author":{"name":"MPPPST Prensa","@id":"https:\/\/www.mpppst.gob.ve\/mpppstweb\/#\/schema\/person\/fc187ee8ead412bd4c9304b62f900ea4"},"headline":"Clase obrera se moviliza en apoyo al Esequibo","datePublished":"2023-11-23T14:35:00+00:00","dateModified":"2023-11-23T18:44:16+00:00","mainEntityOfPage":{"@id":"https:\/\/www.mpppst.gob.ve\/mpppstweb\/index.php\/2023\/11\/23\/clase-obrera-se-moviliza-en-apoyo-al-esequibo\/"},"wordCount":149,"publisher":{"@id":"https:\/\/www.mpppst.gob.ve\/mpppstweb\/#organization"},"image":{"@id":"https:\/\/www.mpppst.gob.ve\/mpppstweb\/index.php\/2023\/11\/23\/clase-obrera-se-moviliza-en-apoyo-al-esequibo\/#primaryimage"},"thumbnailUrl":"https:\/\/www.mpppst.gob.ve\/mpppstweb\/wp-content\/uploads\/2023\/11\/WhatsApp-Image-2023-11-23-at-14.42.22.jpeg","keywords":["3 de diciembre","Defensa Integral","Esequibo","Fuerza Laboral","Guayana Esequiba","Proceso Social","Trabajadores","Venezuela"],"articleSection":["Noticias"],"inLanguage":"es"},{"@type":"WebPage","@id":"https:\/\/www.mpppst.gob.ve\/mpppstweb\/index.php\/2023\/11\/23\/clase-obrera-se-moviliza-en-apoyo-al-esequibo\/","url":"https:\/\/www.mpppst.gob.ve\/mpppstweb\/index.php\/2023\/11\/23\/clase-obrera-se-moviliza-en-apoyo-al-esequibo\/","name":"Clase obrera se moviliza en apoyo al Esequibo - MPPPST","isPartOf":{"@id":"https:\/\/www.mpppst.gob.ve\/mpppstweb\/#website"},"primaryImageOfPage":{"@id":"https:\/\/www.mpppst.gob.ve\/mpppstweb\/index.php\/2023\/11\/23\/clase-obrera-se-moviliza-en-apoyo-al-esequibo\/#primaryimage"},"image":{"@id":"https:\/\/www.mpppst.gob.ve\/mpppstweb\/index.php\/2023\/11\/23\/clase-obrera-se-moviliza-en-apoyo-al-esequibo\/#primaryimage"},"thumbnailUrl":"https:\/\/www.mpppst.gob.ve\/mpppstweb\/wp-content\/uploads\/2023\/11\/WhatsApp-Image-2023-11-23-at-14.42.22.jpeg","datePublished":"2023-11-23T14:35:00+00:00","dateModified":"2023-11-23T18:44:16+00:00","breadcrumb":{"@id":"https:\/\/www.mpppst.gob.ve\/mpppstweb\/index.php\/2023\/11\/23\/clase-obrera-se-moviliza-en-apoyo-al-esequibo\/#breadcrumb"},"inLanguage":"es","potentialAction":[{"@type":"ReadAction","target":["https:\/\/www.mpppst.gob.ve\/mpppstweb\/index.php\/2023\/11\/23\/clase-obrera-se-moviliza-en-apoyo-al-esequibo\/"]}]},{"@type":"ImageObject","inLanguage":"es","@id":"https:\/\/www.mpppst.gob.ve\/mpppstweb\/index.php\/2023\/11\/23\/clase-obrera-se-moviliza-en-apoyo-al-esequibo\/#primaryimage","url":"https:\/\/www.mpppst.gob.ve\/mpppstweb\/wp-content\/uploads\/2023\/11\/WhatsApp-Image-2023-11-23-at-14.42.22.jpeg","contentUrl":"https:\/\/www.mpppst.gob.ve\/mpppstweb\/wp-content\/uploads\/2023\/11\/WhatsApp-Image-2023-11-23-at-14.42.22.jpeg","width":1080,"height":607},{"@type":"BreadcrumbList","@id":"https:\/\/www.mpppst.gob.ve\/mpppstweb\/index.php\/2023\/11\/23\/clase-obrera-se-moviliza-en-apoyo-al-esequibo\/#breadcrumb","itemListElement":[{"@type":"ListItem","position":1,"name":"Home","item":"https:\/\/www.mpppst.gob.ve\/mpppstweb\/"},{"@type":"ListItem","position":2,"name":"Clase obrera se moviliza en apoyo al Esequibo"}]},{"@type":"WebSite","@id":"https:\/\/www.mpppst.gob.ve\/mpppstweb\/#website","url":"https:\/\/www.mpppst.gob.ve\/mpppstweb\/","name":"MPPPST","description":"Sitio web oficial del Ministerio del Poder Popular para el Proceso Social de Trabajo","publisher":{"@id":"https:\/\/www.mpppst.gob.ve\/mpppstweb\/#organization"},"alternateName":"Ministerio del Poder Popular para el Proceso Social de Trabajo","potentialAction":[{"@type":"SearchAction","target":{"@type":"EntryPoint","urlTemplate":"https:\/\/www.mpppst.gob.ve\/mpppstweb\/?s={search_term_string}"},"query-input":{"@type":"PropertyValueSpecification","valueRequired":true,"valueName":"search_term_string"}}],"inLanguage":"es"},{"@type":"Organization","@id":"https:\/\/www.mpppst.gob.ve\/mpppstweb\/#organization","name":"Ministerio del Poder Popular para el Proceso Social de Trabajo","alternateName":"MPPPST","url":"https:\/\/www.mpppst.gob.ve\/mpppstweb\/","logo":{"@type":"ImageObject","inLanguage":"es","@id":"https:\/\/www.mpppst.gob.ve\/mpppstweb\/#\/schema\/logo\/image\/","url":"https:\/\/www.mpppst.gob.ve\/mpppstweb\/wp-content\/uploads\/2025\/07\/cropped-cropped-g910.png","contentUrl":"https:\/\/www.mpppst.gob.ve\/mpppstweb\/wp-content\/uploads\/2025\/07\/cropped-cropped-g910.png","width":1080,"height":241,"caption":"Ministerio del Poder Popular para el Proceso Social de Trabajo"},"image":{"@id":"https:\/\/www.mpppst.gob.ve\/mpppstweb\/#\/schema\/logo\/image\/"},"sameAs":["https:\/\/www.facebook.com\/mintrabajo_ve","https:\/\/www.instagram.com\/mintrabajo_ve\/","https:\/\/www.tiktok.com\/@mintrabajo_ve","https:\/\/t.me\/mpppst"]},{"@type":"Person","@id":"https:\/\/www.mpppst.gob.ve\/mpppstweb\/#\/schema\/person\/fc187ee8ead412bd4c9304b62f900ea4","name":"MPPPST Prensa","url":"https:\/\/www.mpppst.gob.ve\/mpppstweb\/index.php\/author\/prensa-mpppst\/"}]}},"_links":{"self":[{"href":"https:\/\/www.mpppst.gob.ve\/mpppstweb\/index.php\/wp-json\/wp\/v2\/posts\/25399","targetHints":{"allow":["GET"]}}],"collection":[{"href":"https:\/\/www.mpppst.gob.ve\/mpppstweb\/index.php\/wp-json\/wp\/v2\/posts"}],"about":[{"href":"https:\/\/www.mpppst.gob.ve\/mpppstweb\/index.php\/wp-json\/wp\/v2\/types\/post"}],"author":[{"embeddable":true,"href":"https:\/\/www.mpppst.gob.ve\/mpppstweb\/index.php\/wp-json\/wp\/v2\/users\/25"}],"replies":[{"embeddable":true,"href":"https:\/\/www.mpppst.gob.ve\/mpppstweb\/index.php\/wp-json\/wp\/v2\/comments?post=25399"}],"version-history":[{"count":1,"href":"https:\/\/www.mpppst.gob.ve\/mpppstweb\/index.php\/wp-json\/wp\/v2\/posts\/25399\/revisions"}],"predecessor-version":[{"id":25402,"href":"https:\/\/www.mpppst.gob.ve\/mpppstweb\/index.php\/wp-json\/wp\/v2\/posts\/25399\/revisions\/25402"}],"wp:featuredmedia":[{"embeddable":true,"href":"https:\/\/www.mpppst.gob.ve\/mpppstweb\/index.php\/wp-json\/wp\/v2\/media\/25400"}],"wp:attachment":[{"href":"https:\/\/www.mpppst.gob.ve\/mpppstweb\/index.php\/wp-json\/wp\/v2\/media?parent=25399"}],"wp:term":[{"taxonomy":"category","embeddable":true,"href":"https:\/\/www.mpppst.gob.ve\/mpppstweb\/index.php\/wp-json\/wp\/v2\/categories?post=25399"},{"taxonomy":"post_tag","embeddable":true,"href":"https:\/\/www.mpppst.gob.ve\/mpppstweb\/index.php\/wp-json\/wp\/v2\/tags?post=25399"}],"curies":[{"name":"wp","href":"https:\/\/api.w.org\/{rel}","templated":true}]}}