{"id":25411,"date":"2023-11-23T10:28:00","date_gmt":"2023-11-23T14:28:00","guid":{"rendered":"http:\/\/www.mpppst.gob.ve\/mpppstweb\/?p=25411"},"modified":"2023-11-24T14:36:42","modified_gmt":"2023-11-24T18:36:42","slug":"presidente-nicolas-maduro-moros-cumple-61-anos-de-vida","status":"publish","type":"post","link":"https:\/\/www.mpppst.gob.ve\/mpppstweb\/index.php\/2023\/11\/23\/presidente-nicolas-maduro-moros-cumple-61-anos-de-vida\/","title":{"rendered":"Presidente Nicol\u00e1s Maduro Moros cumple 61 a\u00f1os de vida"},"content":{"rendered":"\n<p class=\"wp-block-paragraph\"><strong>MPPPST, Caracas.-<\/strong> El presidente de la Rep\u00fablica Bolivariana de Venezuela, <strong>Nicol\u00e1s Maduro Moros<\/strong>, cumple este jueves, 23 de noviembre, 61 a\u00f1os de vida.<\/p>\n\n\n\n<p class=\"wp-block-paragraph\">Maduro naci\u00f3 en Caracas el 23 de noviembre de 1962. Fue conductor de Metrob\u00fas en la compa\u00f1\u00eda de transporte Metro de Caracas y al poco tiempo fue fundador del Sindicato de la Clase Trabajadora de esta instituci\u00f3n (Sitrameca).<\/p>\n\n\n\n<p class=\"wp-block-paragraph\">Maduro se sum\u00f3 al Movimiento Bolivariano Revolucionario 200 (MBR-200), luego de la rebeli\u00f3n c\u00edvico-militar del 4 de febrero de 1992. Asimismo, perteneci\u00f3 a la direcci\u00f3n nacional del MBR-200 entre 1994 y 1997, adem\u00e1s fue fundador de la Fuerza Bolivariana de Trabajadores (FBT), organizaci\u00f3n de la que fue tambi\u00e9n coordinador nacional, rese\u00f1\u00f3 psuv.org.ve<\/p>\n\n\n\n<p class=\"wp-block-paragraph\">Entre 2006 y 2012 fue ministro del Poder Popular para las Relaciones Exteriores y vicepresidente de la Rep\u00fablica en el per\u00edodo 2012-2013.<\/p>\n\n\n\n<p class=\"wp-block-paragraph\">En 2013, tras la muerte del Comandante Hugo Ch\u00e1vez, Maduro fue elegido presidente de Venezuela y desde entonces ha permanecido en el poder durante dos per\u00edodos, en los que ha reiterado su compromiso con la Revoluci\u00f3n Bolivariana.<\/p>\n\n\n\n<p class=\"wp-block-paragraph\">En un mensaje publicado en su cuenta de X este jueves, el jefe de Estado agradeci\u00f3 las muestras de cari\u00f1o que ha recibido por su cumplea\u00f1os.<\/p>\n\n\n\n<p class=\"wp-block-paragraph\">\u201c\u00a1Aj\u00e1! Hoy es mi cumplea\u00f1os 61 \u00a1Na&#8217; Guar\u00e1! As\u00ed que espero sus regalos, \u00bfpero saben cu\u00e1les son los mejores regalos? Que se fortalezca cada vez m\u00e1s la uni\u00f3n y el amor de todo el Pueblo por la defensa de nuestra Patria. Que prevalezca siempre el patriotismo y el amor por lo nuestro, por encima de las diferencias. \u00a1Venezuela Toda el pa\u00eds m\u00e1s hermoso del mundo! \u00a1Feliz D\u00eda!\u201d, escribi\u00f3 en la red social.<\/p>\n\n\n\n<p class=\"wp-block-paragraph\"><strong>Prensa MPPPST<\/strong><\/p>\n\n\n\n<figure class=\"wp-block-image size-full\"><a href=\"https:\/\/www.mpppst.gob.ve\/mpppstweb\/wp-content\/uploads\/2023\/11\/Nicolas-Maduro-2.jpg\"><img loading=\"lazy\" decoding=\"async\" width=\"900\" height=\"600\" src=\"https:\/\/www.mpppst.gob.ve\/mpppstweb\/wp-content\/uploads\/2023\/11\/Nicolas-Maduro-2.jpg\" alt=\"\" class=\"wp-image-25413\" srcset=\"https:\/\/www.mpppst.gob.ve\/mpppstweb\/wp-content\/uploads\/2023\/11\/Nicolas-Maduro-2.jpg 900w, https:\/\/www.mpppst.gob.ve\/mpppstweb\/wp-content\/uploads\/2023\/11\/Nicolas-Maduro-2-300x200.jpg 300w, https:\/\/www.mpppst.gob.ve\/mpppstweb\/wp-content\/uploads\/2023\/11\/Nicolas-Maduro-2-768x512.jpg 768w\" sizes=\"auto, (max-width: 900px) 100vw, 900px\" \/><\/a><\/figure>\n","protected":false},"excerpt":{"rendered":"<p>El presidente de la Rep\u00fablica Bolivariana de Venezuela, Nicol\u00e1s Maduro Moros, cumple este jueves, 23 de noviembre, 61 a\u00f1os de vida.<\/p>\n","protected":false},"author":25,"featured_media":25412,"comment_status":"closed","ping_status":"closed","sticky":false,"template":"","format":"standard","meta":{"footnotes":""},"categories":[163],"tags":[341,227,345,335],"class_list":["post-25411","post","type-post","status-publish","format-standard","has-post-thumbnail","hentry","category-noticias","tag-nicolas-maduro","tag-proceso-social","tag-trabajadores","tag-venezuela"],"yoast_head":"<!-- This site is optimized with the Yoast SEO plugin v28.4 - https:\/\/yoast.com\/product\/yoast-seo-wordpress\/ -->\n<title>Presidente Nicol\u00e1s Maduro Moros cumple 61 a\u00f1os de vida - MPPPST<\/title>\n<meta name=\"robots\" content=\"index, follow, max-snippet:-1, max-image-preview:large, max-video-preview:-1\" \/>\n<link rel=\"canonical\" href=\"https:\/\/www.mpppst.gob.ve\/mpppstweb\/index.php\/2023\/11\/23\/presidente-nicolas-maduro-moros-cumple-61-anos-de-vida\/\" \/>\n<meta property=\"og:locale\" content=\"es_ES\" \/>\n<meta property=\"og:type\" content=\"article\" \/>\n<meta property=\"og:title\" content=\"Presidente Nicol\u00e1s Maduro Moros cumple 61 a\u00f1os de vida - MPPPST\" \/>\n<meta property=\"og:description\" content=\"El presidente de la Rep\u00fablica Bolivariana de Venezuela, Nicol\u00e1s Maduro Moros, cumple este jueves, 23 de noviembre, 61 a\u00f1os de vida.\" \/>\n<meta property=\"og:url\" content=\"https:\/\/www.mpppst.gob.ve\/mpppstweb\/index.php\/2023\/11\/23\/presidente-nicolas-maduro-moros-cumple-61-anos-de-vida\/\" \/>\n<meta property=\"og:site_name\" content=\"MPPPST\" \/>\n<meta property=\"article:publisher\" content=\"https:\/\/www.facebook.com\/mintrabajo_ve\" \/>\n<meta property=\"article:published_time\" content=\"2023-11-23T14:28:00+00:00\" \/>\n<meta property=\"article:modified_time\" content=\"2023-11-24T18:36:42+00:00\" \/>\n<meta property=\"og:image\" content=\"https:\/\/www.mpppst.gob.ve\/mpppstweb\/wp-content\/uploads\/2023\/11\/Nicolas-Maduro-1.jpg\" \/>\n\t<meta property=\"og:image:width\" content=\"900\" \/>\n\t<meta property=\"og:image:height\" content=\"600\" \/>\n\t<meta property=\"og:image:type\" content=\"image\/jpeg\" \/>\n<meta name=\"author\" content=\"MPPPST Prensa\" \/>\n<meta name=\"twitter:card\" content=\"summary_large_image\" \/>\n<script type=\"application\/ld+json\" class=\"yoast-schema-graph\">{\"@context\":\"https:\\\/\\\/schema.org\",\"@graph\":[{\"@type\":\"Article\",\"@id\":\"https:\\\/\\\/www.mpppst.gob.ve\\\/mpppstweb\\\/index.php\\\/2023\\\/11\\\/23\\\/presidente-nicolas-maduro-moros-cumple-61-anos-de-vida\\\/#article\",\"isPartOf\":{\"@id\":\"https:\\\/\\\/www.mpppst.gob.ve\\\/mpppstweb\\\/index.php\\\/2023\\\/11\\\/23\\\/presidente-nicolas-maduro-moros-cumple-61-anos-de-vida\\\/\"},\"author\":{\"name\":\"MPPPST Prensa\",\"@id\":\"https:\\\/\\\/www.mpppst.gob.ve\\\/mpppstweb\\\/#\\\/schema\\\/person\\\/fc187ee8ead412bd4c9304b62f900ea4\"},\"headline\":\"Presidente Nicol\u00e1s Maduro Moros cumple 61 a\u00f1os de vida\",\"datePublished\":\"2023-11-23T14:28:00+00:00\",\"dateModified\":\"2023-11-24T18:36:42+00:00\",\"mainEntityOfPage\":{\"@id\":\"https:\\\/\\\/www.mpppst.gob.ve\\\/mpppstweb\\\/index.php\\\/2023\\\/11\\\/23\\\/presidente-nicolas-maduro-moros-cumple-61-anos-de-vida\\\/\"},\"wordCount\":298,\"publisher\":{\"@id\":\"https:\\\/\\\/www.mpppst.gob.ve\\\/mpppstweb\\\/#organization\"},\"image\":{\"@id\":\"https:\\\/\\\/www.mpppst.gob.ve\\\/mpppstweb\\\/index.php\\\/2023\\\/11\\\/23\\\/presidente-nicolas-maduro-moros-cumple-61-anos-de-vida\\\/#primaryimage\"},\"thumbnailUrl\":\"https:\\\/\\\/www.mpppst.gob.ve\\\/mpppstweb\\\/wp-content\\\/uploads\\\/2023\\\/11\\\/Nicolas-Maduro-1.jpg\",\"keywords\":[\"Nicol\u00e1s Maduro\",\"Proceso Social\",\"Trabajadores\",\"Venezuela\"],\"articleSection\":[\"Noticias\"],\"inLanguage\":\"es\"},{\"@type\":\"WebPage\",\"@id\":\"https:\\\/\\\/www.mpppst.gob.ve\\\/mpppstweb\\\/index.php\\\/2023\\\/11\\\/23\\\/presidente-nicolas-maduro-moros-cumple-61-anos-de-vida\\\/\",\"url\":\"https:\\\/\\\/www.mpppst.gob.ve\\\/mpppstweb\\\/index.php\\\/2023\\\/11\\\/23\\\/presidente-nicolas-maduro-moros-cumple-61-anos-de-vida\\\/\",\"name\":\"Presidente Nicol\u00e1s Maduro Moros cumple 61 a\u00f1os de vida - MPPPST\",\"isPartOf\":{\"@id\":\"https:\\\/\\\/www.mpppst.gob.ve\\\/mpppstweb\\\/#website\"},\"primaryImageOfPage\":{\"@id\":\"https:\\\/\\\/www.mpppst.gob.ve\\\/mpppstweb\\\/index.php\\\/2023\\\/11\\\/23\\\/presidente-nicolas-maduro-moros-cumple-61-anos-de-vida\\\/#primaryimage\"},\"image\":{\"@id\":\"https:\\\/\\\/www.mpppst.gob.ve\\\/mpppstweb\\\/index.php\\\/2023\\\/11\\\/23\\\/presidente-nicolas-maduro-moros-cumple-61-anos-de-vida\\\/#primaryimage\"},\"thumbnailUrl\":\"https:\\\/\\\/www.mpppst.gob.ve\\\/mpppstweb\\\/wp-content\\\/uploads\\\/2023\\\/11\\\/Nicolas-Maduro-1.jpg\",\"datePublished\":\"2023-11-23T14:28:00+00:00\",\"dateModified\":\"2023-11-24T18:36:42+00:00\",\"breadcrumb\":{\"@id\":\"https:\\\/\\\/www.mpppst.gob.ve\\\/mpppstweb\\\/index.php\\\/2023\\\/11\\\/23\\\/presidente-nicolas-maduro-moros-cumple-61-anos-de-vida\\\/#breadcrumb\"},\"inLanguage\":\"es\",\"potentialAction\":[{\"@type\":\"ReadAction\",\"target\":[\"https:\\\/\\\/www.mpppst.gob.ve\\\/mpppstweb\\\/index.php\\\/2023\\\/11\\\/23\\\/presidente-nicolas-maduro-moros-cumple-61-anos-de-vida\\\/\"]}]},{\"@type\":\"ImageObject\",\"inLanguage\":\"es\",\"@id\":\"https:\\\/\\\/www.mpppst.gob.ve\\\/mpppstweb\\\/index.php\\\/2023\\\/11\\\/23\\\/presidente-nicolas-maduro-moros-cumple-61-anos-de-vida\\\/#primaryimage\",\"url\":\"https:\\\/\\\/www.mpppst.gob.ve\\\/mpppstweb\\\/wp-content\\\/uploads\\\/2023\\\/11\\\/Nicolas-Maduro-1.jpg\",\"contentUrl\":\"https:\\\/\\\/www.mpppst.gob.ve\\\/mpppstweb\\\/wp-content\\\/uploads\\\/2023\\\/11\\\/Nicolas-Maduro-1.jpg\",\"width\":900,\"height\":600},{\"@type\":\"BreadcrumbList\",\"@id\":\"https:\\\/\\\/www.mpppst.gob.ve\\\/mpppstweb\\\/index.php\\\/2023\\\/11\\\/23\\\/presidente-nicolas-maduro-moros-cumple-61-anos-de-vida\\\/#breadcrumb\",\"itemListElement\":[{\"@type\":\"ListItem\",\"position\":1,\"name\":\"Home\",\"item\":\"https:\\\/\\\/www.mpppst.gob.ve\\\/mpppstweb\\\/\"},{\"@type\":\"ListItem\",\"position\":2,\"name\":\"Presidente Nicol\u00e1s Maduro Moros cumple 61 a\u00f1os de vida\"}]},{\"@type\":\"WebSite\",\"@id\":\"https:\\\/\\\/www.mpppst.gob.ve\\\/mpppstweb\\\/#website\",\"url\":\"https:\\\/\\\/www.mpppst.gob.ve\\\/mpppstweb\\\/\",\"name\":\"MPPPST\",\"description\":\"Sitio web oficial del Ministerio del Poder Popular para el Proceso Social de Trabajo\",\"publisher\":{\"@id\":\"https:\\\/\\\/www.mpppst.gob.ve\\\/mpppstweb\\\/#organization\"},\"alternateName\":\"Ministerio del Poder Popular para el Proceso Social de Trabajo\",\"potentialAction\":[{\"@type\":\"SearchAction\",\"target\":{\"@type\":\"EntryPoint\",\"urlTemplate\":\"https:\\\/\\\/www.mpppst.gob.ve\\\/mpppstweb\\\/?s={search_term_string}\"},\"query-input\":{\"@type\":\"PropertyValueSpecification\",\"valueRequired\":true,\"valueName\":\"search_term_string\"}}],\"inLanguage\":\"es\"},{\"@type\":\"Organization\",\"@id\":\"https:\\\/\\\/www.mpppst.gob.ve\\\/mpppstweb\\\/#organization\",\"name\":\"Ministerio del Poder Popular para el Proceso Social de Trabajo\",\"alternateName\":\"MPPPST\",\"url\":\"https:\\\/\\\/www.mpppst.gob.ve\\\/mpppstweb\\\/\",\"logo\":{\"@type\":\"ImageObject\",\"inLanguage\":\"es\",\"@id\":\"https:\\\/\\\/www.mpppst.gob.ve\\\/mpppstweb\\\/#\\\/schema\\\/logo\\\/image\\\/\",\"url\":\"https:\\\/\\\/www.mpppst.gob.ve\\\/mpppstweb\\\/wp-content\\\/uploads\\\/2025\\\/07\\\/cropped-cropped-g910.png\",\"contentUrl\":\"https:\\\/\\\/www.mpppst.gob.ve\\\/mpppstweb\\\/wp-content\\\/uploads\\\/2025\\\/07\\\/cropped-cropped-g910.png\",\"width\":1080,\"height\":241,\"caption\":\"Ministerio del Poder Popular para el Proceso Social de Trabajo\"},\"image\":{\"@id\":\"https:\\\/\\\/www.mpppst.gob.ve\\\/mpppstweb\\\/#\\\/schema\\\/logo\\\/image\\\/\"},\"sameAs\":[\"https:\\\/\\\/www.facebook.com\\\/mintrabajo_ve\",\"https:\\\/\\\/www.instagram.com\\\/mintrabajo_ve\\\/\",\"https:\\\/\\\/www.tiktok.com\\\/@mintrabajo_ve\",\"https:\\\/\\\/t.me\\\/mpppst\"]},{\"@type\":\"Person\",\"@id\":\"https:\\\/\\\/www.mpppst.gob.ve\\\/mpppstweb\\\/#\\\/schema\\\/person\\\/fc187ee8ead412bd4c9304b62f900ea4\",\"name\":\"MPPPST Prensa\",\"url\":\"https:\\\/\\\/www.mpppst.gob.ve\\\/mpppstweb\\\/index.php\\\/author\\\/prensa-mpppst\\\/\"}]}<\/script>\n<!-- \/ Yoast SEO plugin. -->","yoast_head_json":{"title":"Presidente Nicol\u00e1s Maduro Moros cumple 61 a\u00f1os de vida - MPPPST","robots":{"index":"index","follow":"follow","max-snippet":"max-snippet:-1","max-image-preview":"max-image-preview:large","max-video-preview":"max-video-preview:-1"},"canonical":"https:\/\/www.mpppst.gob.ve\/mpppstweb\/index.php\/2023\/11\/23\/presidente-nicolas-maduro-moros-cumple-61-anos-de-vida\/","og_locale":"es_ES","og_type":"article","og_title":"Presidente Nicol\u00e1s Maduro Moros cumple 61 a\u00f1os de vida - MPPPST","og_description":"El presidente de la Rep\u00fablica Bolivariana de Venezuela, Nicol\u00e1s Maduro Moros, cumple este jueves, 23 de noviembre, 61 a\u00f1os de vida.","og_url":"https:\/\/www.mpppst.gob.ve\/mpppstweb\/index.php\/2023\/11\/23\/presidente-nicolas-maduro-moros-cumple-61-anos-de-vida\/","og_site_name":"MPPPST","article_publisher":"https:\/\/www.facebook.com\/mintrabajo_ve","article_published_time":"2023-11-23T14:28:00+00:00","article_modified_time":"2023-11-24T18:36:42+00:00","og_image":[{"width":900,"height":600,"url":"https:\/\/www.mpppst.gob.ve\/mpppstweb\/wp-content\/uploads\/2023\/11\/Nicolas-Maduro-1.jpg","type":"image\/jpeg"}],"author":"MPPPST Prensa","twitter_card":"summary_large_image","schema":{"@context":"https:\/\/schema.org","@graph":[{"@type":"Article","@id":"https:\/\/www.mpppst.gob.ve\/mpppstweb\/index.php\/2023\/11\/23\/presidente-nicolas-maduro-moros-cumple-61-anos-de-vida\/#article","isPartOf":{"@id":"https:\/\/www.mpppst.gob.ve\/mpppstweb\/index.php\/2023\/11\/23\/presidente-nicolas-maduro-moros-cumple-61-anos-de-vida\/"},"author":{"name":"MPPPST Prensa","@id":"https:\/\/www.mpppst.gob.ve\/mpppstweb\/#\/schema\/person\/fc187ee8ead412bd4c9304b62f900ea4"},"headline":"Presidente Nicol\u00e1s Maduro Moros cumple 61 a\u00f1os de vida","datePublished":"2023-11-23T14:28:00+00:00","dateModified":"2023-11-24T18:36:42+00:00","mainEntityOfPage":{"@id":"https:\/\/www.mpppst.gob.ve\/mpppstweb\/index.php\/2023\/11\/23\/presidente-nicolas-maduro-moros-cumple-61-anos-de-vida\/"},"wordCount":298,"publisher":{"@id":"https:\/\/www.mpppst.gob.ve\/mpppstweb\/#organization"},"image":{"@id":"https:\/\/www.mpppst.gob.ve\/mpppstweb\/index.php\/2023\/11\/23\/presidente-nicolas-maduro-moros-cumple-61-anos-de-vida\/#primaryimage"},"thumbnailUrl":"https:\/\/www.mpppst.gob.ve\/mpppstweb\/wp-content\/uploads\/2023\/11\/Nicolas-Maduro-1.jpg","keywords":["Nicol\u00e1s Maduro","Proceso Social","Trabajadores","Venezuela"],"articleSection":["Noticias"],"inLanguage":"es"},{"@type":"WebPage","@id":"https:\/\/www.mpppst.gob.ve\/mpppstweb\/index.php\/2023\/11\/23\/presidente-nicolas-maduro-moros-cumple-61-anos-de-vida\/","url":"https:\/\/www.mpppst.gob.ve\/mpppstweb\/index.php\/2023\/11\/23\/presidente-nicolas-maduro-moros-cumple-61-anos-de-vida\/","name":"Presidente Nicol\u00e1s Maduro Moros cumple 61 a\u00f1os de vida - MPPPST","isPartOf":{"@id":"https:\/\/www.mpppst.gob.ve\/mpppstweb\/#website"},"primaryImageOfPage":{"@id":"https:\/\/www.mpppst.gob.ve\/mpppstweb\/index.php\/2023\/11\/23\/presidente-nicolas-maduro-moros-cumple-61-anos-de-vida\/#primaryimage"},"image":{"@id":"https:\/\/www.mpppst.gob.ve\/mpppstweb\/index.php\/2023\/11\/23\/presidente-nicolas-maduro-moros-cumple-61-anos-de-vida\/#primaryimage"},"thumbnailUrl":"https:\/\/www.mpppst.gob.ve\/mpppstweb\/wp-content\/uploads\/2023\/11\/Nicolas-Maduro-1.jpg","datePublished":"2023-11-23T14:28:00+00:00","dateModified":"2023-11-24T18:36:42+00:00","breadcrumb":{"@id":"https:\/\/www.mpppst.gob.ve\/mpppstweb\/index.php\/2023\/11\/23\/presidente-nicolas-maduro-moros-cumple-61-anos-de-vida\/#breadcrumb"},"inLanguage":"es","potentialAction":[{"@type":"ReadAction","target":["https:\/\/www.mpppst.gob.ve\/mpppstweb\/index.php\/2023\/11\/23\/presidente-nicolas-maduro-moros-cumple-61-anos-de-vida\/"]}]},{"@type":"ImageObject","inLanguage":"es","@id":"https:\/\/www.mpppst.gob.ve\/mpppstweb\/index.php\/2023\/11\/23\/presidente-nicolas-maduro-moros-cumple-61-anos-de-vida\/#primaryimage","url":"https:\/\/www.mpppst.gob.ve\/mpppstweb\/wp-content\/uploads\/2023\/11\/Nicolas-Maduro-1.jpg","contentUrl":"https:\/\/www.mpppst.gob.ve\/mpppstweb\/wp-content\/uploads\/2023\/11\/Nicolas-Maduro-1.jpg","width":900,"height":600},{"@type":"BreadcrumbList","@id":"https:\/\/www.mpppst.gob.ve\/mpppstweb\/index.php\/2023\/11\/23\/presidente-nicolas-maduro-moros-cumple-61-anos-de-vida\/#breadcrumb","itemListElement":[{"@type":"ListItem","position":1,"name":"Home","item":"https:\/\/www.mpppst.gob.ve\/mpppstweb\/"},{"@type":"ListItem","position":2,"name":"Presidente Nicol\u00e1s Maduro Moros cumple 61 a\u00f1os de vida"}]},{"@type":"WebSite","@id":"https:\/\/www.mpppst.gob.ve\/mpppstweb\/#website","url":"https:\/\/www.mpppst.gob.ve\/mpppstweb\/","name":"MPPPST","description":"Sitio web oficial del Ministerio del Poder Popular para el Proceso Social de Trabajo","publisher":{"@id":"https:\/\/www.mpppst.gob.ve\/mpppstweb\/#organization"},"alternateName":"Ministerio del Poder Popular para el Proceso Social de Trabajo","potentialAction":[{"@type":"SearchAction","target":{"@type":"EntryPoint","urlTemplate":"https:\/\/www.mpppst.gob.ve\/mpppstweb\/?s={search_term_string}"},"query-input":{"@type":"PropertyValueSpecification","valueRequired":true,"valueName":"search_term_string"}}],"inLanguage":"es"},{"@type":"Organization","@id":"https:\/\/www.mpppst.gob.ve\/mpppstweb\/#organization","name":"Ministerio del Poder Popular para el Proceso Social de Trabajo","alternateName":"MPPPST","url":"https:\/\/www.mpppst.gob.ve\/mpppstweb\/","logo":{"@type":"ImageObject","inLanguage":"es","@id":"https:\/\/www.mpppst.gob.ve\/mpppstweb\/#\/schema\/logo\/image\/","url":"https:\/\/www.mpppst.gob.ve\/mpppstweb\/wp-content\/uploads\/2025\/07\/cropped-cropped-g910.png","contentUrl":"https:\/\/www.mpppst.gob.ve\/mpppstweb\/wp-content\/uploads\/2025\/07\/cropped-cropped-g910.png","width":1080,"height":241,"caption":"Ministerio del Poder Popular para el Proceso Social de Trabajo"},"image":{"@id":"https:\/\/www.mpppst.gob.ve\/mpppstweb\/#\/schema\/logo\/image\/"},"sameAs":["https:\/\/www.facebook.com\/mintrabajo_ve","https:\/\/www.instagram.com\/mintrabajo_ve\/","https:\/\/www.tiktok.com\/@mintrabajo_ve","https:\/\/t.me\/mpppst"]},{"@type":"Person","@id":"https:\/\/www.mpppst.gob.ve\/mpppstweb\/#\/schema\/person\/fc187ee8ead412bd4c9304b62f900ea4","name":"MPPPST Prensa","url":"https:\/\/www.mpppst.gob.ve\/mpppstweb\/index.php\/author\/prensa-mpppst\/"}]}},"_links":{"self":[{"href":"https:\/\/www.mpppst.gob.ve\/mpppstweb\/index.php\/wp-json\/wp\/v2\/posts\/25411","targetHints":{"allow":["GET"]}}],"collection":[{"href":"https:\/\/www.mpppst.gob.ve\/mpppstweb\/index.php\/wp-json\/wp\/v2\/posts"}],"about":[{"href":"https:\/\/www.mpppst.gob.ve\/mpppstweb\/index.php\/wp-json\/wp\/v2\/types\/post"}],"author":[{"embeddable":true,"href":"https:\/\/www.mpppst.gob.ve\/mpppstweb\/index.php\/wp-json\/wp\/v2\/users\/25"}],"replies":[{"embeddable":true,"href":"https:\/\/www.mpppst.gob.ve\/mpppstweb\/index.php\/wp-json\/wp\/v2\/comments?post=25411"}],"version-history":[{"count":1,"href":"https:\/\/www.mpppst.gob.ve\/mpppstweb\/index.php\/wp-json\/wp\/v2\/posts\/25411\/revisions"}],"predecessor-version":[{"id":25414,"href":"https:\/\/www.mpppst.gob.ve\/mpppstweb\/index.php\/wp-json\/wp\/v2\/posts\/25411\/revisions\/25414"}],"wp:featuredmedia":[{"embeddable":true,"href":"https:\/\/www.mpppst.gob.ve\/mpppstweb\/index.php\/wp-json\/wp\/v2\/media\/25412"}],"wp:attachment":[{"href":"https:\/\/www.mpppst.gob.ve\/mpppstweb\/index.php\/wp-json\/wp\/v2\/media?parent=25411"}],"wp:term":[{"taxonomy":"category","embeddable":true,"href":"https:\/\/www.mpppst.gob.ve\/mpppstweb\/index.php\/wp-json\/wp\/v2\/categories?post=25411"},{"taxonomy":"post_tag","embeddable":true,"href":"https:\/\/www.mpppst.gob.ve\/mpppstweb\/index.php\/wp-json\/wp\/v2\/tags?post=25411"}],"curies":[{"name":"wp","href":"https:\/\/api.w.org\/{rel}","templated":true}]}}