{"id":25472,"date":"2023-12-01T16:01:00","date_gmt":"2023-12-01T20:01:00","guid":{"rendered":"http:\/\/www.mpppst.gob.ve\/mpppstweb\/?p=25472"},"modified":"2023-12-02T11:17:13","modified_gmt":"2023-12-02T15:17:13","slug":"clase-obrera-participa-en-heroico-cierre-de-campana-venezuela-toda","status":"publish","type":"post","link":"https:\/\/www.mpppst.gob.ve\/mpppstweb\/index.php\/2023\/12\/01\/clase-obrera-participa-en-heroico-cierre-de-campana-venezuela-toda\/","title":{"rendered":"Clase obrera participa en heroico cierre de campa\u00f1a \u00abVenezuela Toda\u00bb"},"content":{"rendered":"\n<p class=\"wp-block-paragraph\"><strong>MPPPST, Caracas.-<\/strong>  A prop\u00f3sito del cierre de campa\u00f1a \u00ab<strong>Venezuela Toda<\/strong>\u00ab, la clase obrera venezolana particip\u00f3 en la movilizaci\u00f3n con mucha alegr\u00eda y emoci\u00f3n por las calles de Caracas.<\/p>\n\n\n\n<p class=\"wp-block-paragraph\">Entre consignas y un ambiente musical se desarroll\u00f3 la marcha en apoyo y celebraci\u00f3n por el cierre de la campa\u00f1a <em>Venezuela Toda<\/em>, entre un mar de ciudadanos el viceministro para la Educaci\u00f3n y Trabajo Liberador Ministerio Popular para el Proceso Social de Trabajo (MPPPST), <strong>Edgar Blanco<\/strong>, indic\u00f3 que se encuentran \u00abcelebrando este gran cierre rumbo a este domingo 3 de diciembre que es el refer\u00e9ndum del Esequibo\u00bb. \u00abEl Esequibo es nuestro, como lo han dicho nuestros l\u00edderes, nuestro pueblo. Todo el pueblo unido somos el Esequibo\u00bb, dijo.<\/p>\n\n\n\n<p class=\"wp-block-paragraph\">Por su parte, <strong>Bianca Araujo<\/strong>, directora de Despacho del MPPPST, afirm\u00f3 que la clase obrera est\u00e1 celebrando un cierre de campa\u00f1a exitoso, donde los venezolanos \u201cest\u00e1n apoyando el proceso del refer\u00e9ndum consultivo y rectificando su derecho con la patria. El pueblo guyan\u00e9s tambi\u00e9n es venezolano\u201d.<\/p>\n\n\n\n<p class=\"wp-block-paragraph\"><strong>Rosalia Zingales<\/strong>, viceministra para el Sistema Integrado de Inspecci\u00f3n Laboral del MPPPST, invit\u00f3 a la clase obrera venezolana a votar el 3 de diciembre en el Refer\u00e9ndum Consultivo por la defensa de la Guayana Esequiba.<\/p>\n\n\n\n<p class=\"wp-block-paragraph\">\u00abEn este momentos, los estamos invitando a todos y todas a votar en un acto de amor para la patria toda, para sentirnos unidos y para representar la octava estrella que est\u00e1 en nuestras manos, debemos salvaguardar para nosotros y para nuestros hijos y para todas las generaciones que nos siguen, nos vemos el domingo todos,<strong> \u00a1vota 5 veces s\u00ed!<\/strong>\u201d, expres\u00f3.<br><br><strong>Prensa MPPPST<\/strong><\/p>\n\n\n\n<figure class=\"wp-block-gallery has-nested-images columns-default is-cropped wp-block-gallery-1 is-layout-flex wp-block-gallery-is-layout-flex\">\n<figure class=\"wp-block-image size-large\"><a href=\"https:\/\/www.mpppst.gob.ve\/mpppstweb\/wp-content\/uploads\/2023\/12\/Clase-obrera-participa-en-heroico-cierre-de-campana-Venezuela-Toda.jpg\"><img loading=\"lazy\" decoding=\"async\" width=\"1024\" height=\"577\" data-id=\"25473\" src=\"https:\/\/www.mpppst.gob.ve\/mpppstweb\/wp-content\/uploads\/2023\/12\/Clase-obrera-participa-en-heroico-cierre-de-campana-Venezuela-Toda-1024x577.jpg\" alt=\"\" class=\"wp-image-25473\" srcset=\"https:\/\/www.mpppst.gob.ve\/mpppstweb\/wp-content\/uploads\/2023\/12\/Clase-obrera-participa-en-heroico-cierre-de-campana-Venezuela-Toda-1024x577.jpg 1024w, https:\/\/www.mpppst.gob.ve\/mpppstweb\/wp-content\/uploads\/2023\/12\/Clase-obrera-participa-en-heroico-cierre-de-campana-Venezuela-Toda-300x169.jpg 300w, https:\/\/www.mpppst.gob.ve\/mpppstweb\/wp-content\/uploads\/2023\/12\/Clase-obrera-participa-en-heroico-cierre-de-campana-Venezuela-Toda-768x433.jpg 768w, https:\/\/www.mpppst.gob.ve\/mpppstweb\/wp-content\/uploads\/2023\/12\/Clase-obrera-participa-en-heroico-cierre-de-campana-Venezuela-Toda.jpg 1280w\" sizes=\"auto, (max-width: 1024px) 100vw, 1024px\" \/><\/a><figcaption class=\"wp-element-caption\">Clase obrera venezolana dice cinco veces s\u00ed por el Esequibo, Caracas. <\/figcaption><\/figure>\n<\/figure>\n","protected":false},"excerpt":{"rendered":"<p>Entre consignas y un ambiente musical la clase obrera particip\u00f3 en movilizaci\u00f3n que recorri\u00f3 las calles de Caracas para decir 5 veces s\u00ed por Venezuela.<\/p>\n","protected":false},"author":25,"featured_media":25474,"comment_status":"closed","ping_status":"closed","sticky":false,"template":"","format":"standard","meta":{"footnotes":""},"categories":[163],"tags":[574,350,456,451,225,524,499,335,516,571],"class_list":["post-25472","post","type-post","status-publish","format-standard","has-post-thumbnail","hentry","category-noticias","tag-bianca-araujo","tag-clase-obrera","tag-edgar-blanco","tag-esequibo","tag-fuerza-laboral","tag-guayana-esequiba","tag-rosalia-zingales","tag-venezuela","tag-venezuela-toda","tag-vota-5-veces-si-2"],"yoast_head":"<!-- This site is optimized with the Yoast SEO plugin v28.4 - https:\/\/yoast.com\/product\/yoast-seo-wordpress\/ -->\n<title>Clase obrera participa en heroico cierre de campa\u00f1a &quot;Venezuela Toda&quot; - MPPPST<\/title>\n<meta name=\"robots\" content=\"index, follow, max-snippet:-1, max-image-preview:large, max-video-preview:-1\" \/>\n<link rel=\"canonical\" href=\"https:\/\/www.mpppst.gob.ve\/mpppstweb\/index.php\/2023\/12\/01\/clase-obrera-participa-en-heroico-cierre-de-campana-venezuela-toda\/\" \/>\n<meta property=\"og:locale\" content=\"es_ES\" \/>\n<meta property=\"og:type\" content=\"article\" \/>\n<meta property=\"og:title\" content=\"Clase obrera participa en heroico cierre de campa\u00f1a &quot;Venezuela Toda&quot; - MPPPST\" \/>\n<meta property=\"og:description\" content=\"Entre consignas y un ambiente musical la clase obrera particip\u00f3 en movilizaci\u00f3n que recorri\u00f3 las calles de Caracas para decir 5 veces s\u00ed por Venezuela.\" \/>\n<meta property=\"og:url\" content=\"https:\/\/www.mpppst.gob.ve\/mpppstweb\/index.php\/2023\/12\/01\/clase-obrera-participa-en-heroico-cierre-de-campana-venezuela-toda\/\" \/>\n<meta property=\"og:site_name\" content=\"MPPPST\" \/>\n<meta property=\"article:publisher\" content=\"https:\/\/www.facebook.com\/mintrabajo_ve\" \/>\n<meta property=\"article:published_time\" content=\"2023-12-01T20:01:00+00:00\" \/>\n<meta property=\"article:modified_time\" content=\"2023-12-02T15:17:13+00:00\" \/>\n<meta property=\"og:image\" content=\"https:\/\/www.mpppst.gob.ve\/mpppstweb\/wp-content\/uploads\/2023\/12\/Cierre-de-campana-Venezuela-Toda.jpg\" \/>\n\t<meta property=\"og:image:width\" content=\"1280\" \/>\n\t<meta property=\"og:image:height\" content=\"721\" \/>\n\t<meta property=\"og:image:type\" content=\"image\/jpeg\" \/>\n<meta name=\"author\" content=\"MPPPST Prensa\" \/>\n<meta name=\"twitter:card\" content=\"summary_large_image\" \/>\n<script type=\"application\/ld+json\" class=\"yoast-schema-graph\">{\"@context\":\"https:\\\/\\\/schema.org\",\"@graph\":[{\"@type\":\"Article\",\"@id\":\"https:\\\/\\\/www.mpppst.gob.ve\\\/mpppstweb\\\/index.php\\\/2023\\\/12\\\/01\\\/clase-obrera-participa-en-heroico-cierre-de-campana-venezuela-toda\\\/#article\",\"isPartOf\":{\"@id\":\"https:\\\/\\\/www.mpppst.gob.ve\\\/mpppstweb\\\/index.php\\\/2023\\\/12\\\/01\\\/clase-obrera-participa-en-heroico-cierre-de-campana-venezuela-toda\\\/\"},\"author\":{\"name\":\"MPPPST Prensa\",\"@id\":\"https:\\\/\\\/www.mpppst.gob.ve\\\/mpppstweb\\\/#\\\/schema\\\/person\\\/fc187ee8ead412bd4c9304b62f900ea4\"},\"headline\":\"Clase obrera participa en heroico cierre de campa\u00f1a \u00abVenezuela Toda\u00bb\",\"datePublished\":\"2023-12-01T20:01:00+00:00\",\"dateModified\":\"2023-12-02T15:17:13+00:00\",\"mainEntityOfPage\":{\"@id\":\"https:\\\/\\\/www.mpppst.gob.ve\\\/mpppstweb\\\/index.php\\\/2023\\\/12\\\/01\\\/clase-obrera-participa-en-heroico-cierre-de-campana-venezuela-toda\\\/\"},\"wordCount\":295,\"publisher\":{\"@id\":\"https:\\\/\\\/www.mpppst.gob.ve\\\/mpppstweb\\\/#organization\"},\"image\":{\"@id\":\"https:\\\/\\\/www.mpppst.gob.ve\\\/mpppstweb\\\/index.php\\\/2023\\\/12\\\/01\\\/clase-obrera-participa-en-heroico-cierre-de-campana-venezuela-toda\\\/#primaryimage\"},\"thumbnailUrl\":\"https:\\\/\\\/www.mpppst.gob.ve\\\/mpppstweb\\\/wp-content\\\/uploads\\\/2023\\\/12\\\/Cierre-de-campana-Venezuela-Toda.jpg\",\"keywords\":[\"Bianca Araujo\",\"Clase Obrera\",\"Edgar Blanco\",\"Esequibo\",\"Fuerza Laboral\",\"Guayana Esequiba\",\"Rosalia Zingales\",\"Venezuela\",\"Venezuela Toda\",\"vota 5 veces s\u00ed\"],\"articleSection\":[\"Noticias\"],\"inLanguage\":\"es\"},{\"@type\":\"WebPage\",\"@id\":\"https:\\\/\\\/www.mpppst.gob.ve\\\/mpppstweb\\\/index.php\\\/2023\\\/12\\\/01\\\/clase-obrera-participa-en-heroico-cierre-de-campana-venezuela-toda\\\/\",\"url\":\"https:\\\/\\\/www.mpppst.gob.ve\\\/mpppstweb\\\/index.php\\\/2023\\\/12\\\/01\\\/clase-obrera-participa-en-heroico-cierre-de-campana-venezuela-toda\\\/\",\"name\":\"Clase obrera participa en heroico cierre de campa\u00f1a \\\"Venezuela Toda\\\" - MPPPST\",\"isPartOf\":{\"@id\":\"https:\\\/\\\/www.mpppst.gob.ve\\\/mpppstweb\\\/#website\"},\"primaryImageOfPage\":{\"@id\":\"https:\\\/\\\/www.mpppst.gob.ve\\\/mpppstweb\\\/index.php\\\/2023\\\/12\\\/01\\\/clase-obrera-participa-en-heroico-cierre-de-campana-venezuela-toda\\\/#primaryimage\"},\"image\":{\"@id\":\"https:\\\/\\\/www.mpppst.gob.ve\\\/mpppstweb\\\/index.php\\\/2023\\\/12\\\/01\\\/clase-obrera-participa-en-heroico-cierre-de-campana-venezuela-toda\\\/#primaryimage\"},\"thumbnailUrl\":\"https:\\\/\\\/www.mpppst.gob.ve\\\/mpppstweb\\\/wp-content\\\/uploads\\\/2023\\\/12\\\/Cierre-de-campana-Venezuela-Toda.jpg\",\"datePublished\":\"2023-12-01T20:01:00+00:00\",\"dateModified\":\"2023-12-02T15:17:13+00:00\",\"breadcrumb\":{\"@id\":\"https:\\\/\\\/www.mpppst.gob.ve\\\/mpppstweb\\\/index.php\\\/2023\\\/12\\\/01\\\/clase-obrera-participa-en-heroico-cierre-de-campana-venezuela-toda\\\/#breadcrumb\"},\"inLanguage\":\"es\",\"potentialAction\":[{\"@type\":\"ReadAction\",\"target\":[\"https:\\\/\\\/www.mpppst.gob.ve\\\/mpppstweb\\\/index.php\\\/2023\\\/12\\\/01\\\/clase-obrera-participa-en-heroico-cierre-de-campana-venezuela-toda\\\/\"]}]},{\"@type\":\"ImageObject\",\"inLanguage\":\"es\",\"@id\":\"https:\\\/\\\/www.mpppst.gob.ve\\\/mpppstweb\\\/index.php\\\/2023\\\/12\\\/01\\\/clase-obrera-participa-en-heroico-cierre-de-campana-venezuela-toda\\\/#primaryimage\",\"url\":\"https:\\\/\\\/www.mpppst.gob.ve\\\/mpppstweb\\\/wp-content\\\/uploads\\\/2023\\\/12\\\/Cierre-de-campana-Venezuela-Toda.jpg\",\"contentUrl\":\"https:\\\/\\\/www.mpppst.gob.ve\\\/mpppstweb\\\/wp-content\\\/uploads\\\/2023\\\/12\\\/Cierre-de-campana-Venezuela-Toda.jpg\",\"width\":1280,\"height\":721},{\"@type\":\"BreadcrumbList\",\"@id\":\"https:\\\/\\\/www.mpppst.gob.ve\\\/mpppstweb\\\/index.php\\\/2023\\\/12\\\/01\\\/clase-obrera-participa-en-heroico-cierre-de-campana-venezuela-toda\\\/#breadcrumb\",\"itemListElement\":[{\"@type\":\"ListItem\",\"position\":1,\"name\":\"Home\",\"item\":\"https:\\\/\\\/www.mpppst.gob.ve\\\/mpppstweb\\\/\"},{\"@type\":\"ListItem\",\"position\":2,\"name\":\"Clase obrera participa en heroico cierre de campa\u00f1a \u00abVenezuela Toda\u00bb\"}]},{\"@type\":\"WebSite\",\"@id\":\"https:\\\/\\\/www.mpppst.gob.ve\\\/mpppstweb\\\/#website\",\"url\":\"https:\\\/\\\/www.mpppst.gob.ve\\\/mpppstweb\\\/\",\"name\":\"MPPPST\",\"description\":\"Sitio web oficial del Ministerio del Poder Popular para el Proceso Social de Trabajo\",\"publisher\":{\"@id\":\"https:\\\/\\\/www.mpppst.gob.ve\\\/mpppstweb\\\/#organization\"},\"alternateName\":\"Ministerio del Poder Popular para el Proceso Social de Trabajo\",\"potentialAction\":[{\"@type\":\"SearchAction\",\"target\":{\"@type\":\"EntryPoint\",\"urlTemplate\":\"https:\\\/\\\/www.mpppst.gob.ve\\\/mpppstweb\\\/?s={search_term_string}\"},\"query-input\":{\"@type\":\"PropertyValueSpecification\",\"valueRequired\":true,\"valueName\":\"search_term_string\"}}],\"inLanguage\":\"es\"},{\"@type\":\"Organization\",\"@id\":\"https:\\\/\\\/www.mpppst.gob.ve\\\/mpppstweb\\\/#organization\",\"name\":\"Ministerio del Poder Popular para el Proceso Social de Trabajo\",\"alternateName\":\"MPPPST\",\"url\":\"https:\\\/\\\/www.mpppst.gob.ve\\\/mpppstweb\\\/\",\"logo\":{\"@type\":\"ImageObject\",\"inLanguage\":\"es\",\"@id\":\"https:\\\/\\\/www.mpppst.gob.ve\\\/mpppstweb\\\/#\\\/schema\\\/logo\\\/image\\\/\",\"url\":\"https:\\\/\\\/www.mpppst.gob.ve\\\/mpppstweb\\\/wp-content\\\/uploads\\\/2025\\\/07\\\/cropped-cropped-g910.png\",\"contentUrl\":\"https:\\\/\\\/www.mpppst.gob.ve\\\/mpppstweb\\\/wp-content\\\/uploads\\\/2025\\\/07\\\/cropped-cropped-g910.png\",\"width\":1080,\"height\":241,\"caption\":\"Ministerio del Poder Popular para el Proceso Social de Trabajo\"},\"image\":{\"@id\":\"https:\\\/\\\/www.mpppst.gob.ve\\\/mpppstweb\\\/#\\\/schema\\\/logo\\\/image\\\/\"},\"sameAs\":[\"https:\\\/\\\/www.facebook.com\\\/mintrabajo_ve\",\"https:\\\/\\\/www.instagram.com\\\/mintrabajo_ve\\\/\",\"https:\\\/\\\/www.tiktok.com\\\/@mintrabajo_ve\",\"https:\\\/\\\/t.me\\\/mpppst\"]},{\"@type\":\"Person\",\"@id\":\"https:\\\/\\\/www.mpppst.gob.ve\\\/mpppstweb\\\/#\\\/schema\\\/person\\\/fc187ee8ead412bd4c9304b62f900ea4\",\"name\":\"MPPPST Prensa\",\"url\":\"https:\\\/\\\/www.mpppst.gob.ve\\\/mpppstweb\\\/index.php\\\/author\\\/prensa-mpppst\\\/\"}]}<\/script>\n<!-- \/ Yoast SEO plugin. -->","yoast_head_json":{"title":"Clase obrera participa en heroico cierre de campa\u00f1a \"Venezuela Toda\" - MPPPST","robots":{"index":"index","follow":"follow","max-snippet":"max-snippet:-1","max-image-preview":"max-image-preview:large","max-video-preview":"max-video-preview:-1"},"canonical":"https:\/\/www.mpppst.gob.ve\/mpppstweb\/index.php\/2023\/12\/01\/clase-obrera-participa-en-heroico-cierre-de-campana-venezuela-toda\/","og_locale":"es_ES","og_type":"article","og_title":"Clase obrera participa en heroico cierre de campa\u00f1a \"Venezuela Toda\" - MPPPST","og_description":"Entre consignas y un ambiente musical la clase obrera particip\u00f3 en movilizaci\u00f3n que recorri\u00f3 las calles de Caracas para decir 5 veces s\u00ed por Venezuela.","og_url":"https:\/\/www.mpppst.gob.ve\/mpppstweb\/index.php\/2023\/12\/01\/clase-obrera-participa-en-heroico-cierre-de-campana-venezuela-toda\/","og_site_name":"MPPPST","article_publisher":"https:\/\/www.facebook.com\/mintrabajo_ve","article_published_time":"2023-12-01T20:01:00+00:00","article_modified_time":"2023-12-02T15:17:13+00:00","og_image":[{"width":1280,"height":721,"url":"https:\/\/www.mpppst.gob.ve\/mpppstweb\/wp-content\/uploads\/2023\/12\/Cierre-de-campana-Venezuela-Toda.jpg","type":"image\/jpeg"}],"author":"MPPPST Prensa","twitter_card":"summary_large_image","schema":{"@context":"https:\/\/schema.org","@graph":[{"@type":"Article","@id":"https:\/\/www.mpppst.gob.ve\/mpppstweb\/index.php\/2023\/12\/01\/clase-obrera-participa-en-heroico-cierre-de-campana-venezuela-toda\/#article","isPartOf":{"@id":"https:\/\/www.mpppst.gob.ve\/mpppstweb\/index.php\/2023\/12\/01\/clase-obrera-participa-en-heroico-cierre-de-campana-venezuela-toda\/"},"author":{"name":"MPPPST Prensa","@id":"https:\/\/www.mpppst.gob.ve\/mpppstweb\/#\/schema\/person\/fc187ee8ead412bd4c9304b62f900ea4"},"headline":"Clase obrera participa en heroico cierre de campa\u00f1a \u00abVenezuela Toda\u00bb","datePublished":"2023-12-01T20:01:00+00:00","dateModified":"2023-12-02T15:17:13+00:00","mainEntityOfPage":{"@id":"https:\/\/www.mpppst.gob.ve\/mpppstweb\/index.php\/2023\/12\/01\/clase-obrera-participa-en-heroico-cierre-de-campana-venezuela-toda\/"},"wordCount":295,"publisher":{"@id":"https:\/\/www.mpppst.gob.ve\/mpppstweb\/#organization"},"image":{"@id":"https:\/\/www.mpppst.gob.ve\/mpppstweb\/index.php\/2023\/12\/01\/clase-obrera-participa-en-heroico-cierre-de-campana-venezuela-toda\/#primaryimage"},"thumbnailUrl":"https:\/\/www.mpppst.gob.ve\/mpppstweb\/wp-content\/uploads\/2023\/12\/Cierre-de-campana-Venezuela-Toda.jpg","keywords":["Bianca Araujo","Clase Obrera","Edgar Blanco","Esequibo","Fuerza Laboral","Guayana Esequiba","Rosalia Zingales","Venezuela","Venezuela Toda","vota 5 veces s\u00ed"],"articleSection":["Noticias"],"inLanguage":"es"},{"@type":"WebPage","@id":"https:\/\/www.mpppst.gob.ve\/mpppstweb\/index.php\/2023\/12\/01\/clase-obrera-participa-en-heroico-cierre-de-campana-venezuela-toda\/","url":"https:\/\/www.mpppst.gob.ve\/mpppstweb\/index.php\/2023\/12\/01\/clase-obrera-participa-en-heroico-cierre-de-campana-venezuela-toda\/","name":"Clase obrera participa en heroico cierre de campa\u00f1a \"Venezuela Toda\" - MPPPST","isPartOf":{"@id":"https:\/\/www.mpppst.gob.ve\/mpppstweb\/#website"},"primaryImageOfPage":{"@id":"https:\/\/www.mpppst.gob.ve\/mpppstweb\/index.php\/2023\/12\/01\/clase-obrera-participa-en-heroico-cierre-de-campana-venezuela-toda\/#primaryimage"},"image":{"@id":"https:\/\/www.mpppst.gob.ve\/mpppstweb\/index.php\/2023\/12\/01\/clase-obrera-participa-en-heroico-cierre-de-campana-venezuela-toda\/#primaryimage"},"thumbnailUrl":"https:\/\/www.mpppst.gob.ve\/mpppstweb\/wp-content\/uploads\/2023\/12\/Cierre-de-campana-Venezuela-Toda.jpg","datePublished":"2023-12-01T20:01:00+00:00","dateModified":"2023-12-02T15:17:13+00:00","breadcrumb":{"@id":"https:\/\/www.mpppst.gob.ve\/mpppstweb\/index.php\/2023\/12\/01\/clase-obrera-participa-en-heroico-cierre-de-campana-venezuela-toda\/#breadcrumb"},"inLanguage":"es","potentialAction":[{"@type":"ReadAction","target":["https:\/\/www.mpppst.gob.ve\/mpppstweb\/index.php\/2023\/12\/01\/clase-obrera-participa-en-heroico-cierre-de-campana-venezuela-toda\/"]}]},{"@type":"ImageObject","inLanguage":"es","@id":"https:\/\/www.mpppst.gob.ve\/mpppstweb\/index.php\/2023\/12\/01\/clase-obrera-participa-en-heroico-cierre-de-campana-venezuela-toda\/#primaryimage","url":"https:\/\/www.mpppst.gob.ve\/mpppstweb\/wp-content\/uploads\/2023\/12\/Cierre-de-campana-Venezuela-Toda.jpg","contentUrl":"https:\/\/www.mpppst.gob.ve\/mpppstweb\/wp-content\/uploads\/2023\/12\/Cierre-de-campana-Venezuela-Toda.jpg","width":1280,"height":721},{"@type":"BreadcrumbList","@id":"https:\/\/www.mpppst.gob.ve\/mpppstweb\/index.php\/2023\/12\/01\/clase-obrera-participa-en-heroico-cierre-de-campana-venezuela-toda\/#breadcrumb","itemListElement":[{"@type":"ListItem","position":1,"name":"Home","item":"https:\/\/www.mpppst.gob.ve\/mpppstweb\/"},{"@type":"ListItem","position":2,"name":"Clase obrera participa en heroico cierre de campa\u00f1a \u00abVenezuela Toda\u00bb"}]},{"@type":"WebSite","@id":"https:\/\/www.mpppst.gob.ve\/mpppstweb\/#website","url":"https:\/\/www.mpppst.gob.ve\/mpppstweb\/","name":"MPPPST","description":"Sitio web oficial del Ministerio del Poder Popular para el Proceso Social de Trabajo","publisher":{"@id":"https:\/\/www.mpppst.gob.ve\/mpppstweb\/#organization"},"alternateName":"Ministerio del Poder Popular para el Proceso Social de Trabajo","potentialAction":[{"@type":"SearchAction","target":{"@type":"EntryPoint","urlTemplate":"https:\/\/www.mpppst.gob.ve\/mpppstweb\/?s={search_term_string}"},"query-input":{"@type":"PropertyValueSpecification","valueRequired":true,"valueName":"search_term_string"}}],"inLanguage":"es"},{"@type":"Organization","@id":"https:\/\/www.mpppst.gob.ve\/mpppstweb\/#organization","name":"Ministerio del Poder Popular para el Proceso Social de Trabajo","alternateName":"MPPPST","url":"https:\/\/www.mpppst.gob.ve\/mpppstweb\/","logo":{"@type":"ImageObject","inLanguage":"es","@id":"https:\/\/www.mpppst.gob.ve\/mpppstweb\/#\/schema\/logo\/image\/","url":"https:\/\/www.mpppst.gob.ve\/mpppstweb\/wp-content\/uploads\/2025\/07\/cropped-cropped-g910.png","contentUrl":"https:\/\/www.mpppst.gob.ve\/mpppstweb\/wp-content\/uploads\/2025\/07\/cropped-cropped-g910.png","width":1080,"height":241,"caption":"Ministerio del Poder Popular para el Proceso Social de Trabajo"},"image":{"@id":"https:\/\/www.mpppst.gob.ve\/mpppstweb\/#\/schema\/logo\/image\/"},"sameAs":["https:\/\/www.facebook.com\/mintrabajo_ve","https:\/\/www.instagram.com\/mintrabajo_ve\/","https:\/\/www.tiktok.com\/@mintrabajo_ve","https:\/\/t.me\/mpppst"]},{"@type":"Person","@id":"https:\/\/www.mpppst.gob.ve\/mpppstweb\/#\/schema\/person\/fc187ee8ead412bd4c9304b62f900ea4","name":"MPPPST Prensa","url":"https:\/\/www.mpppst.gob.ve\/mpppstweb\/index.php\/author\/prensa-mpppst\/"}]}},"_links":{"self":[{"href":"https:\/\/www.mpppst.gob.ve\/mpppstweb\/index.php\/wp-json\/wp\/v2\/posts\/25472","targetHints":{"allow":["GET"]}}],"collection":[{"href":"https:\/\/www.mpppst.gob.ve\/mpppstweb\/index.php\/wp-json\/wp\/v2\/posts"}],"about":[{"href":"https:\/\/www.mpppst.gob.ve\/mpppstweb\/index.php\/wp-json\/wp\/v2\/types\/post"}],"author":[{"embeddable":true,"href":"https:\/\/www.mpppst.gob.ve\/mpppstweb\/index.php\/wp-json\/wp\/v2\/users\/25"}],"replies":[{"embeddable":true,"href":"https:\/\/www.mpppst.gob.ve\/mpppstweb\/index.php\/wp-json\/wp\/v2\/comments?post=25472"}],"version-history":[{"count":2,"href":"https:\/\/www.mpppst.gob.ve\/mpppstweb\/index.php\/wp-json\/wp\/v2\/posts\/25472\/revisions"}],"predecessor-version":[{"id":25565,"href":"https:\/\/www.mpppst.gob.ve\/mpppstweb\/index.php\/wp-json\/wp\/v2\/posts\/25472\/revisions\/25565"}],"wp:featuredmedia":[{"embeddable":true,"href":"https:\/\/www.mpppst.gob.ve\/mpppstweb\/index.php\/wp-json\/wp\/v2\/media\/25474"}],"wp:attachment":[{"href":"https:\/\/www.mpppst.gob.ve\/mpppstweb\/index.php\/wp-json\/wp\/v2\/media?parent=25472"}],"wp:term":[{"taxonomy":"category","embeddable":true,"href":"https:\/\/www.mpppst.gob.ve\/mpppstweb\/index.php\/wp-json\/wp\/v2\/categories?post=25472"},{"taxonomy":"post_tag","embeddable":true,"href":"https:\/\/www.mpppst.gob.ve\/mpppstweb\/index.php\/wp-json\/wp\/v2\/tags?post=25472"}],"curies":[{"name":"wp","href":"https:\/\/api.w.org\/{rel}","templated":true}]}}