{"id":25478,"date":"2023-12-01T02:19:00","date_gmt":"2023-12-01T06:19:00","guid":{"rendered":"http:\/\/www.mpppst.gob.ve\/mpppstweb\/?p=25478"},"modified":"2024-01-03T17:52:10","modified_gmt":"2024-01-03T21:52:10","slug":"punto-tricolor-finaliza-labores-con-el-cierre-de-campana-venezuela-toda","status":"publish","type":"post","link":"https:\/\/www.mpppst.gob.ve\/mpppstweb\/index.php\/2023\/12\/01\/punto-tricolor-finaliza-labores-con-el-cierre-de-campana-venezuela-toda\/","title":{"rendered":"Punto Tricolor finaliza labores con el cierre de campa\u00f1a Venezuela Toda"},"content":{"rendered":"\n<p class=\"wp-block-paragraph\"><strong>MPPPST, Caracas.<\/strong>&#8211;&nbsp; Durante el cierre de la <em>Campa\u00f1a \u201cVenezuela Toda\u201d,<\/em> el <strong>Punto Tricolor<\/strong> inform\u00f3 a la clase obrera venezolana sobre el tema transcendental que es la defensa del Esequibo, donde los ni\u00f1os y ni\u00f1as pudieron disfrutar de una jornada distinta.<\/p>\n\n\n\n<p class=\"wp-block-paragraph\">Entre alegr\u00eda, m\u00fasica y emoci\u00f3n, las y los ni\u00f1os caraque\u00f1os disfrutaron de pinta caritas, as\u00ed como de globos con forma de animales, mientras sus padres disfrutaban de una amena charla sobre el pr\u00f3ximo 3 de diciembre, d\u00eda en el que se realizar\u00e1 el <strong>Refer\u00e9ndum Consultivo<\/strong> en <strong>defensa del Esequibo<\/strong>.<\/p>\n\n\n\n<p class=\"wp-block-paragraph\">Este domingo 3 de diciembre la clase obrera saldr\u00e1 en respaldo del Esequibo venezolano diciendo <strong>5 veces s\u00ed <\/strong>en defensa de la patria y la integridad de su territorio nacional.<\/p>\n\n\n\n<p class=\"wp-block-paragraph\"><strong>Prensa MPPPST<\/strong>\/<strong>Rosa Brito<\/strong><\/p>\n\n\n\n<figure class=\"wp-block-image size-large\"><a href=\"https:\/\/www.mpppst.gob.ve\/mpppstweb\/wp-content\/uploads\/2023\/12\/Punto-Tricolor-finaliza-labores-con-el-cierre-de-campana-Venezuela-Toda.jpg\"><img loading=\"lazy\" decoding=\"async\" width=\"1024\" height=\"576\" src=\"https:\/\/www.mpppst.gob.ve\/mpppstweb\/wp-content\/uploads\/2023\/12\/Punto-Tricolor-finaliza-labores-con-el-cierre-de-campana-Venezuela-Toda-1024x576.jpg\" alt=\"\" class=\"wp-image-25479\" srcset=\"https:\/\/www.mpppst.gob.ve\/mpppstweb\/wp-content\/uploads\/2023\/12\/Punto-Tricolor-finaliza-labores-con-el-cierre-de-campana-Venezuela-Toda-1024x576.jpg 1024w, https:\/\/www.mpppst.gob.ve\/mpppstweb\/wp-content\/uploads\/2023\/12\/Punto-Tricolor-finaliza-labores-con-el-cierre-de-campana-Venezuela-Toda-300x169.jpg 300w, https:\/\/www.mpppst.gob.ve\/mpppstweb\/wp-content\/uploads\/2023\/12\/Punto-Tricolor-finaliza-labores-con-el-cierre-de-campana-Venezuela-Toda-768x432.jpg 768w, https:\/\/www.mpppst.gob.ve\/mpppstweb\/wp-content\/uploads\/2023\/12\/Punto-Tricolor-finaliza-labores-con-el-cierre-de-campana-Venezuela-Toda.jpg 1080w\" sizes=\"auto, (max-width: 1024px) 100vw, 1024px\" \/><\/a><figcaption class=\"wp-element-caption\">Pueblo obrero se informa sobre la importancia de participar en el Refer\u00e9ndum Consultivo y votar este 3 de diciembre 5 veces s\u00ed.<\/figcaption><\/figure>\n","protected":false},"excerpt":{"rendered":"<p>Durante el cierre de la Campa\u00f1a \u201cVenezuela Toda\u201d, el Punto Tricolor inform\u00f3 a la clase obrera venezolana sobre el tema transcendental que es la defensa del Esequibo, donde los ni\u00f1os y ni\u00f1as pudieron disfrutar de una jornada distinta.<\/p>\n","protected":false},"author":25,"featured_media":25480,"comment_status":"closed","ping_status":"closed","sticky":false,"template":"","format":"standard","meta":{"footnotes":""},"categories":[163],"tags":[576,451,524,553,479,335,516],"class_list":["post-25478","post","type-post","status-publish","format-standard","has-post-thumbnail","hentry","category-noticias","tag-5-veces-si","tag-esequibo","tag-guayana-esequiba","tag-punto-tricolor","tag-referendum-consultivo","tag-venezuela","tag-venezuela-toda"],"yoast_head":"<!-- This site is optimized with the Yoast SEO plugin v28.4 - https:\/\/yoast.com\/product\/yoast-seo-wordpress\/ -->\n<title>Punto Tricolor finaliza labores con el cierre de campa\u00f1a Venezuela Toda - MPPPST<\/title>\n<meta name=\"robots\" content=\"index, follow, max-snippet:-1, max-image-preview:large, max-video-preview:-1\" \/>\n<link rel=\"canonical\" href=\"https:\/\/www.mpppst.gob.ve\/mpppstweb\/index.php\/2023\/12\/01\/punto-tricolor-finaliza-labores-con-el-cierre-de-campana-venezuela-toda\/\" \/>\n<meta property=\"og:locale\" content=\"es_ES\" \/>\n<meta property=\"og:type\" content=\"article\" \/>\n<meta property=\"og:title\" content=\"Punto Tricolor finaliza labores con el cierre de campa\u00f1a Venezuela Toda - MPPPST\" \/>\n<meta property=\"og:description\" content=\"Durante el cierre de la Campa\u00f1a \u201cVenezuela Toda\u201d, el Punto Tricolor inform\u00f3 a la clase obrera venezolana sobre el tema transcendental que es la defensa del Esequibo, donde los ni\u00f1os y ni\u00f1as pudieron disfrutar de una jornada distinta.\" \/>\n<meta property=\"og:url\" content=\"https:\/\/www.mpppst.gob.ve\/mpppstweb\/index.php\/2023\/12\/01\/punto-tricolor-finaliza-labores-con-el-cierre-de-campana-venezuela-toda\/\" \/>\n<meta property=\"og:site_name\" content=\"MPPPST\" \/>\n<meta property=\"article:publisher\" content=\"https:\/\/www.facebook.com\/mintrabajo_ve\" \/>\n<meta property=\"article:published_time\" content=\"2023-12-01T06:19:00+00:00\" \/>\n<meta property=\"article:modified_time\" content=\"2024-01-03T21:52:10+00:00\" \/>\n<meta property=\"og:image\" content=\"https:\/\/www.mpppst.gob.ve\/mpppstweb\/wp-content\/uploads\/2023\/12\/Punto-Tricolor-finaliza-labores-con-el-cierre-de-campana-Venezuela-Toda-1.jpg\" \/>\n\t<meta property=\"og:image:width\" content=\"1080\" \/>\n\t<meta property=\"og:image:height\" content=\"717\" \/>\n\t<meta property=\"og:image:type\" content=\"image\/jpeg\" \/>\n<meta name=\"author\" content=\"MPPPST Prensa\" \/>\n<meta name=\"twitter:card\" content=\"summary_large_image\" \/>\n<script type=\"application\/ld+json\" class=\"yoast-schema-graph\">{\"@context\":\"https:\\\/\\\/schema.org\",\"@graph\":[{\"@type\":\"Article\",\"@id\":\"https:\\\/\\\/www.mpppst.gob.ve\\\/mpppstweb\\\/index.php\\\/2023\\\/12\\\/01\\\/punto-tricolor-finaliza-labores-con-el-cierre-de-campana-venezuela-toda\\\/#article\",\"isPartOf\":{\"@id\":\"https:\\\/\\\/www.mpppst.gob.ve\\\/mpppstweb\\\/index.php\\\/2023\\\/12\\\/01\\\/punto-tricolor-finaliza-labores-con-el-cierre-de-campana-venezuela-toda\\\/\"},\"author\":{\"name\":\"MPPPST Prensa\",\"@id\":\"https:\\\/\\\/www.mpppst.gob.ve\\\/mpppstweb\\\/#\\\/schema\\\/person\\\/fc187ee8ead412bd4c9304b62f900ea4\"},\"headline\":\"Punto Tricolor finaliza labores con el cierre de campa\u00f1a Venezuela Toda\",\"datePublished\":\"2023-12-01T06:19:00+00:00\",\"dateModified\":\"2024-01-03T21:52:10+00:00\",\"mainEntityOfPage\":{\"@id\":\"https:\\\/\\\/www.mpppst.gob.ve\\\/mpppstweb\\\/index.php\\\/2023\\\/12\\\/01\\\/punto-tricolor-finaliza-labores-con-el-cierre-de-campana-venezuela-toda\\\/\"},\"wordCount\":166,\"publisher\":{\"@id\":\"https:\\\/\\\/www.mpppst.gob.ve\\\/mpppstweb\\\/#organization\"},\"image\":{\"@id\":\"https:\\\/\\\/www.mpppst.gob.ve\\\/mpppstweb\\\/index.php\\\/2023\\\/12\\\/01\\\/punto-tricolor-finaliza-labores-con-el-cierre-de-campana-venezuela-toda\\\/#primaryimage\"},\"thumbnailUrl\":\"https:\\\/\\\/www.mpppst.gob.ve\\\/mpppstweb\\\/wp-content\\\/uploads\\\/2023\\\/12\\\/Punto-Tricolor-finaliza-labores-con-el-cierre-de-campana-Venezuela-Toda-1.jpg\",\"keywords\":[\"5 veces s\u00ed\",\"Esequibo\",\"Guayana Esequiba\",\"Punto Tricolor\",\"Refer\u00e9ndum Consultivo\",\"Venezuela\",\"Venezuela Toda\"],\"articleSection\":[\"Noticias\"],\"inLanguage\":\"es\"},{\"@type\":\"WebPage\",\"@id\":\"https:\\\/\\\/www.mpppst.gob.ve\\\/mpppstweb\\\/index.php\\\/2023\\\/12\\\/01\\\/punto-tricolor-finaliza-labores-con-el-cierre-de-campana-venezuela-toda\\\/\",\"url\":\"https:\\\/\\\/www.mpppst.gob.ve\\\/mpppstweb\\\/index.php\\\/2023\\\/12\\\/01\\\/punto-tricolor-finaliza-labores-con-el-cierre-de-campana-venezuela-toda\\\/\",\"name\":\"Punto Tricolor finaliza labores con el cierre de campa\u00f1a Venezuela Toda - MPPPST\",\"isPartOf\":{\"@id\":\"https:\\\/\\\/www.mpppst.gob.ve\\\/mpppstweb\\\/#website\"},\"primaryImageOfPage\":{\"@id\":\"https:\\\/\\\/www.mpppst.gob.ve\\\/mpppstweb\\\/index.php\\\/2023\\\/12\\\/01\\\/punto-tricolor-finaliza-labores-con-el-cierre-de-campana-venezuela-toda\\\/#primaryimage\"},\"image\":{\"@id\":\"https:\\\/\\\/www.mpppst.gob.ve\\\/mpppstweb\\\/index.php\\\/2023\\\/12\\\/01\\\/punto-tricolor-finaliza-labores-con-el-cierre-de-campana-venezuela-toda\\\/#primaryimage\"},\"thumbnailUrl\":\"https:\\\/\\\/www.mpppst.gob.ve\\\/mpppstweb\\\/wp-content\\\/uploads\\\/2023\\\/12\\\/Punto-Tricolor-finaliza-labores-con-el-cierre-de-campana-Venezuela-Toda-1.jpg\",\"datePublished\":\"2023-12-01T06:19:00+00:00\",\"dateModified\":\"2024-01-03T21:52:10+00:00\",\"breadcrumb\":{\"@id\":\"https:\\\/\\\/www.mpppst.gob.ve\\\/mpppstweb\\\/index.php\\\/2023\\\/12\\\/01\\\/punto-tricolor-finaliza-labores-con-el-cierre-de-campana-venezuela-toda\\\/#breadcrumb\"},\"inLanguage\":\"es\",\"potentialAction\":[{\"@type\":\"ReadAction\",\"target\":[\"https:\\\/\\\/www.mpppst.gob.ve\\\/mpppstweb\\\/index.php\\\/2023\\\/12\\\/01\\\/punto-tricolor-finaliza-labores-con-el-cierre-de-campana-venezuela-toda\\\/\"]}]},{\"@type\":\"ImageObject\",\"inLanguage\":\"es\",\"@id\":\"https:\\\/\\\/www.mpppst.gob.ve\\\/mpppstweb\\\/index.php\\\/2023\\\/12\\\/01\\\/punto-tricolor-finaliza-labores-con-el-cierre-de-campana-venezuela-toda\\\/#primaryimage\",\"url\":\"https:\\\/\\\/www.mpppst.gob.ve\\\/mpppstweb\\\/wp-content\\\/uploads\\\/2023\\\/12\\\/Punto-Tricolor-finaliza-labores-con-el-cierre-de-campana-Venezuela-Toda-1.jpg\",\"contentUrl\":\"https:\\\/\\\/www.mpppst.gob.ve\\\/mpppstweb\\\/wp-content\\\/uploads\\\/2023\\\/12\\\/Punto-Tricolor-finaliza-labores-con-el-cierre-de-campana-Venezuela-Toda-1.jpg\",\"width\":1080,\"height\":717},{\"@type\":\"BreadcrumbList\",\"@id\":\"https:\\\/\\\/www.mpppst.gob.ve\\\/mpppstweb\\\/index.php\\\/2023\\\/12\\\/01\\\/punto-tricolor-finaliza-labores-con-el-cierre-de-campana-venezuela-toda\\\/#breadcrumb\",\"itemListElement\":[{\"@type\":\"ListItem\",\"position\":1,\"name\":\"Home\",\"item\":\"https:\\\/\\\/www.mpppst.gob.ve\\\/mpppstweb\\\/\"},{\"@type\":\"ListItem\",\"position\":2,\"name\":\"Punto Tricolor finaliza labores con el cierre de campa\u00f1a Venezuela Toda\"}]},{\"@type\":\"WebSite\",\"@id\":\"https:\\\/\\\/www.mpppst.gob.ve\\\/mpppstweb\\\/#website\",\"url\":\"https:\\\/\\\/www.mpppst.gob.ve\\\/mpppstweb\\\/\",\"name\":\"MPPPST\",\"description\":\"Sitio web oficial del Ministerio del Poder Popular para el Proceso Social de Trabajo\",\"publisher\":{\"@id\":\"https:\\\/\\\/www.mpppst.gob.ve\\\/mpppstweb\\\/#organization\"},\"alternateName\":\"Ministerio del Poder Popular para el Proceso Social de Trabajo\",\"potentialAction\":[{\"@type\":\"SearchAction\",\"target\":{\"@type\":\"EntryPoint\",\"urlTemplate\":\"https:\\\/\\\/www.mpppst.gob.ve\\\/mpppstweb\\\/?s={search_term_string}\"},\"query-input\":{\"@type\":\"PropertyValueSpecification\",\"valueRequired\":true,\"valueName\":\"search_term_string\"}}],\"inLanguage\":\"es\"},{\"@type\":\"Organization\",\"@id\":\"https:\\\/\\\/www.mpppst.gob.ve\\\/mpppstweb\\\/#organization\",\"name\":\"Ministerio del Poder Popular para el Proceso Social de Trabajo\",\"alternateName\":\"MPPPST\",\"url\":\"https:\\\/\\\/www.mpppst.gob.ve\\\/mpppstweb\\\/\",\"logo\":{\"@type\":\"ImageObject\",\"inLanguage\":\"es\",\"@id\":\"https:\\\/\\\/www.mpppst.gob.ve\\\/mpppstweb\\\/#\\\/schema\\\/logo\\\/image\\\/\",\"url\":\"https:\\\/\\\/www.mpppst.gob.ve\\\/mpppstweb\\\/wp-content\\\/uploads\\\/2025\\\/07\\\/cropped-cropped-g910.png\",\"contentUrl\":\"https:\\\/\\\/www.mpppst.gob.ve\\\/mpppstweb\\\/wp-content\\\/uploads\\\/2025\\\/07\\\/cropped-cropped-g910.png\",\"width\":1080,\"height\":241,\"caption\":\"Ministerio del Poder Popular para el Proceso Social de Trabajo\"},\"image\":{\"@id\":\"https:\\\/\\\/www.mpppst.gob.ve\\\/mpppstweb\\\/#\\\/schema\\\/logo\\\/image\\\/\"},\"sameAs\":[\"https:\\\/\\\/www.facebook.com\\\/mintrabajo_ve\",\"https:\\\/\\\/www.instagram.com\\\/mintrabajo_ve\\\/\",\"https:\\\/\\\/www.tiktok.com\\\/@mintrabajo_ve\",\"https:\\\/\\\/t.me\\\/mpppst\"]},{\"@type\":\"Person\",\"@id\":\"https:\\\/\\\/www.mpppst.gob.ve\\\/mpppstweb\\\/#\\\/schema\\\/person\\\/fc187ee8ead412bd4c9304b62f900ea4\",\"name\":\"MPPPST Prensa\",\"url\":\"https:\\\/\\\/www.mpppst.gob.ve\\\/mpppstweb\\\/index.php\\\/author\\\/prensa-mpppst\\\/\"}]}<\/script>\n<!-- \/ Yoast SEO plugin. -->","yoast_head_json":{"title":"Punto Tricolor finaliza labores con el cierre de campa\u00f1a Venezuela Toda - MPPPST","robots":{"index":"index","follow":"follow","max-snippet":"max-snippet:-1","max-image-preview":"max-image-preview:large","max-video-preview":"max-video-preview:-1"},"canonical":"https:\/\/www.mpppst.gob.ve\/mpppstweb\/index.php\/2023\/12\/01\/punto-tricolor-finaliza-labores-con-el-cierre-de-campana-venezuela-toda\/","og_locale":"es_ES","og_type":"article","og_title":"Punto Tricolor finaliza labores con el cierre de campa\u00f1a Venezuela Toda - MPPPST","og_description":"Durante el cierre de la Campa\u00f1a \u201cVenezuela Toda\u201d, el Punto Tricolor inform\u00f3 a la clase obrera venezolana sobre el tema transcendental que es la defensa del Esequibo, donde los ni\u00f1os y ni\u00f1as pudieron disfrutar de una jornada distinta.","og_url":"https:\/\/www.mpppst.gob.ve\/mpppstweb\/index.php\/2023\/12\/01\/punto-tricolor-finaliza-labores-con-el-cierre-de-campana-venezuela-toda\/","og_site_name":"MPPPST","article_publisher":"https:\/\/www.facebook.com\/mintrabajo_ve","article_published_time":"2023-12-01T06:19:00+00:00","article_modified_time":"2024-01-03T21:52:10+00:00","og_image":[{"width":1080,"height":717,"url":"https:\/\/www.mpppst.gob.ve\/mpppstweb\/wp-content\/uploads\/2023\/12\/Punto-Tricolor-finaliza-labores-con-el-cierre-de-campana-Venezuela-Toda-1.jpg","type":"image\/jpeg"}],"author":"MPPPST Prensa","twitter_card":"summary_large_image","schema":{"@context":"https:\/\/schema.org","@graph":[{"@type":"Article","@id":"https:\/\/www.mpppst.gob.ve\/mpppstweb\/index.php\/2023\/12\/01\/punto-tricolor-finaliza-labores-con-el-cierre-de-campana-venezuela-toda\/#article","isPartOf":{"@id":"https:\/\/www.mpppst.gob.ve\/mpppstweb\/index.php\/2023\/12\/01\/punto-tricolor-finaliza-labores-con-el-cierre-de-campana-venezuela-toda\/"},"author":{"name":"MPPPST Prensa","@id":"https:\/\/www.mpppst.gob.ve\/mpppstweb\/#\/schema\/person\/fc187ee8ead412bd4c9304b62f900ea4"},"headline":"Punto Tricolor finaliza labores con el cierre de campa\u00f1a Venezuela Toda","datePublished":"2023-12-01T06:19:00+00:00","dateModified":"2024-01-03T21:52:10+00:00","mainEntityOfPage":{"@id":"https:\/\/www.mpppst.gob.ve\/mpppstweb\/index.php\/2023\/12\/01\/punto-tricolor-finaliza-labores-con-el-cierre-de-campana-venezuela-toda\/"},"wordCount":166,"publisher":{"@id":"https:\/\/www.mpppst.gob.ve\/mpppstweb\/#organization"},"image":{"@id":"https:\/\/www.mpppst.gob.ve\/mpppstweb\/index.php\/2023\/12\/01\/punto-tricolor-finaliza-labores-con-el-cierre-de-campana-venezuela-toda\/#primaryimage"},"thumbnailUrl":"https:\/\/www.mpppst.gob.ve\/mpppstweb\/wp-content\/uploads\/2023\/12\/Punto-Tricolor-finaliza-labores-con-el-cierre-de-campana-Venezuela-Toda-1.jpg","keywords":["5 veces s\u00ed","Esequibo","Guayana Esequiba","Punto Tricolor","Refer\u00e9ndum Consultivo","Venezuela","Venezuela Toda"],"articleSection":["Noticias"],"inLanguage":"es"},{"@type":"WebPage","@id":"https:\/\/www.mpppst.gob.ve\/mpppstweb\/index.php\/2023\/12\/01\/punto-tricolor-finaliza-labores-con-el-cierre-de-campana-venezuela-toda\/","url":"https:\/\/www.mpppst.gob.ve\/mpppstweb\/index.php\/2023\/12\/01\/punto-tricolor-finaliza-labores-con-el-cierre-de-campana-venezuela-toda\/","name":"Punto Tricolor finaliza labores con el cierre de campa\u00f1a Venezuela Toda - MPPPST","isPartOf":{"@id":"https:\/\/www.mpppst.gob.ve\/mpppstweb\/#website"},"primaryImageOfPage":{"@id":"https:\/\/www.mpppst.gob.ve\/mpppstweb\/index.php\/2023\/12\/01\/punto-tricolor-finaliza-labores-con-el-cierre-de-campana-venezuela-toda\/#primaryimage"},"image":{"@id":"https:\/\/www.mpppst.gob.ve\/mpppstweb\/index.php\/2023\/12\/01\/punto-tricolor-finaliza-labores-con-el-cierre-de-campana-venezuela-toda\/#primaryimage"},"thumbnailUrl":"https:\/\/www.mpppst.gob.ve\/mpppstweb\/wp-content\/uploads\/2023\/12\/Punto-Tricolor-finaliza-labores-con-el-cierre-de-campana-Venezuela-Toda-1.jpg","datePublished":"2023-12-01T06:19:00+00:00","dateModified":"2024-01-03T21:52:10+00:00","breadcrumb":{"@id":"https:\/\/www.mpppst.gob.ve\/mpppstweb\/index.php\/2023\/12\/01\/punto-tricolor-finaliza-labores-con-el-cierre-de-campana-venezuela-toda\/#breadcrumb"},"inLanguage":"es","potentialAction":[{"@type":"ReadAction","target":["https:\/\/www.mpppst.gob.ve\/mpppstweb\/index.php\/2023\/12\/01\/punto-tricolor-finaliza-labores-con-el-cierre-de-campana-venezuela-toda\/"]}]},{"@type":"ImageObject","inLanguage":"es","@id":"https:\/\/www.mpppst.gob.ve\/mpppstweb\/index.php\/2023\/12\/01\/punto-tricolor-finaliza-labores-con-el-cierre-de-campana-venezuela-toda\/#primaryimage","url":"https:\/\/www.mpppst.gob.ve\/mpppstweb\/wp-content\/uploads\/2023\/12\/Punto-Tricolor-finaliza-labores-con-el-cierre-de-campana-Venezuela-Toda-1.jpg","contentUrl":"https:\/\/www.mpppst.gob.ve\/mpppstweb\/wp-content\/uploads\/2023\/12\/Punto-Tricolor-finaliza-labores-con-el-cierre-de-campana-Venezuela-Toda-1.jpg","width":1080,"height":717},{"@type":"BreadcrumbList","@id":"https:\/\/www.mpppst.gob.ve\/mpppstweb\/index.php\/2023\/12\/01\/punto-tricolor-finaliza-labores-con-el-cierre-de-campana-venezuela-toda\/#breadcrumb","itemListElement":[{"@type":"ListItem","position":1,"name":"Home","item":"https:\/\/www.mpppst.gob.ve\/mpppstweb\/"},{"@type":"ListItem","position":2,"name":"Punto Tricolor finaliza labores con el cierre de campa\u00f1a Venezuela Toda"}]},{"@type":"WebSite","@id":"https:\/\/www.mpppst.gob.ve\/mpppstweb\/#website","url":"https:\/\/www.mpppst.gob.ve\/mpppstweb\/","name":"MPPPST","description":"Sitio web oficial del Ministerio del Poder Popular para el Proceso Social de Trabajo","publisher":{"@id":"https:\/\/www.mpppst.gob.ve\/mpppstweb\/#organization"},"alternateName":"Ministerio del Poder Popular para el Proceso Social de Trabajo","potentialAction":[{"@type":"SearchAction","target":{"@type":"EntryPoint","urlTemplate":"https:\/\/www.mpppst.gob.ve\/mpppstweb\/?s={search_term_string}"},"query-input":{"@type":"PropertyValueSpecification","valueRequired":true,"valueName":"search_term_string"}}],"inLanguage":"es"},{"@type":"Organization","@id":"https:\/\/www.mpppst.gob.ve\/mpppstweb\/#organization","name":"Ministerio del Poder Popular para el Proceso Social de Trabajo","alternateName":"MPPPST","url":"https:\/\/www.mpppst.gob.ve\/mpppstweb\/","logo":{"@type":"ImageObject","inLanguage":"es","@id":"https:\/\/www.mpppst.gob.ve\/mpppstweb\/#\/schema\/logo\/image\/","url":"https:\/\/www.mpppst.gob.ve\/mpppstweb\/wp-content\/uploads\/2025\/07\/cropped-cropped-g910.png","contentUrl":"https:\/\/www.mpppst.gob.ve\/mpppstweb\/wp-content\/uploads\/2025\/07\/cropped-cropped-g910.png","width":1080,"height":241,"caption":"Ministerio del Poder Popular para el Proceso Social de Trabajo"},"image":{"@id":"https:\/\/www.mpppst.gob.ve\/mpppstweb\/#\/schema\/logo\/image\/"},"sameAs":["https:\/\/www.facebook.com\/mintrabajo_ve","https:\/\/www.instagram.com\/mintrabajo_ve\/","https:\/\/www.tiktok.com\/@mintrabajo_ve","https:\/\/t.me\/mpppst"]},{"@type":"Person","@id":"https:\/\/www.mpppst.gob.ve\/mpppstweb\/#\/schema\/person\/fc187ee8ead412bd4c9304b62f900ea4","name":"MPPPST Prensa","url":"https:\/\/www.mpppst.gob.ve\/mpppstweb\/index.php\/author\/prensa-mpppst\/"}]}},"_links":{"self":[{"href":"https:\/\/www.mpppst.gob.ve\/mpppstweb\/index.php\/wp-json\/wp\/v2\/posts\/25478","targetHints":{"allow":["GET"]}}],"collection":[{"href":"https:\/\/www.mpppst.gob.ve\/mpppstweb\/index.php\/wp-json\/wp\/v2\/posts"}],"about":[{"href":"https:\/\/www.mpppst.gob.ve\/mpppstweb\/index.php\/wp-json\/wp\/v2\/types\/post"}],"author":[{"embeddable":true,"href":"https:\/\/www.mpppst.gob.ve\/mpppstweb\/index.php\/wp-json\/wp\/v2\/users\/25"}],"replies":[{"embeddable":true,"href":"https:\/\/www.mpppst.gob.ve\/mpppstweb\/index.php\/wp-json\/wp\/v2\/comments?post=25478"}],"version-history":[{"count":3,"href":"https:\/\/www.mpppst.gob.ve\/mpppstweb\/index.php\/wp-json\/wp\/v2\/posts\/25478\/revisions"}],"predecessor-version":[{"id":25581,"href":"https:\/\/www.mpppst.gob.ve\/mpppstweb\/index.php\/wp-json\/wp\/v2\/posts\/25478\/revisions\/25581"}],"wp:featuredmedia":[{"embeddable":true,"href":"https:\/\/www.mpppst.gob.ve\/mpppstweb\/index.php\/wp-json\/wp\/v2\/media\/25480"}],"wp:attachment":[{"href":"https:\/\/www.mpppst.gob.ve\/mpppstweb\/index.php\/wp-json\/wp\/v2\/media?parent=25478"}],"wp:term":[{"taxonomy":"category","embeddable":true,"href":"https:\/\/www.mpppst.gob.ve\/mpppstweb\/index.php\/wp-json\/wp\/v2\/categories?post=25478"},{"taxonomy":"post_tag","embeddable":true,"href":"https:\/\/www.mpppst.gob.ve\/mpppstweb\/index.php\/wp-json\/wp\/v2\/tags?post=25478"}],"curies":[{"name":"wp","href":"https:\/\/api.w.org\/{rel}","templated":true}]}}