{"id":25515,"date":"2023-12-08T18:10:00","date_gmt":"2023-12-08T22:10:00","guid":{"rendered":"http:\/\/www.mpppst.gob.ve\/mpppstweb\/?p=25515"},"modified":"2023-12-09T11:31:41","modified_gmt":"2023-12-09T15:31:41","slug":"presidente-maduro-felicita-al-pueblo-por-ejercer-su-soberania-en-referendum","status":"publish","type":"post","link":"https:\/\/www.mpppst.gob.ve\/mpppstweb\/index.php\/2023\/12\/08\/presidente-maduro-felicita-al-pueblo-por-ejercer-su-soberania-en-referendum\/","title":{"rendered":"Presidente Maduro felicita al pueblo por ejercer su soberan\u00eda en refer\u00e9ndum"},"content":{"rendered":"\n<p><strong>MPPPST, Caracas.-<\/strong> El Presidente de la Rep\u00fablica, <strong>Nicol\u00e1s Maduro Moros<\/strong>, resalt\u00f3 que el pueblo ejerci\u00f3 su soberan\u00eda al afirmar cinco veces con la opci\u00f3n si en el Refer\u00e9ndum Consultivo por la Defensa del Esequibo que se realiz\u00f3 el pasado 3 de diciembre. <\/p>\n\n\n\n<p>\u00abSi algo hemos logrado en esta batalla, es consolidar y construir un nivel superior de uni\u00f3n nacional (\u2026) Despu\u00e9s de 150 a\u00f1os se ha despertado una conciencia de justicia, de igualdad, de independencia, de soberan\u00eda ejercida\u00bb, destac\u00f3 el jefe de Estado desde el Palacio de Miraflores tras la movilizaci\u00f3n en apoyo al <strong>Plan de Acci\u00f3n en Defensa del Esequibo<\/strong> y el <strong>D\u00eda de la Lealtad y el Amor al Comandante Ch\u00e1ve<\/strong>z.<\/p>\n\n\n\n<p>Record\u00f3 que el pa\u00eds ha salido airoso de cada una de las pruebas que ha afrontado, as\u00ed como afirm\u00f3 que Venezuela avanza hacia un futuro pr\u00f3spero a partir de cinco consensos: el primero dirigido a la construcci\u00f3n de un nuevo modelo econ\u00f3mico, que produzca riqueza para el pa\u00eds, en la recuperaci\u00f3n econ\u00f3mica plena y completa, el segundo orientado a la \u201ccondena a las sanciones, al bloqueo, a la agresi\u00f3n y a las amenazas imperialistas\u00bb; y el tercero corresponde a la paz y, a prop\u00f3sito de este tema, inst\u00f3 al Poder Popular y a las reci\u00e9n creadas Unidades Populares para la Paz (UPAZ) a estar alerta frente a quienes a\u00fan apuestan a la violencia.<\/p>\n\n\n\n<p>El cuarto consenso trata sobre \u201cla recuperaci\u00f3n del Estado de bienestar social que nos dej\u00f3 Ch\u00e1vez, relanzamiento de las Misiones y Grandes Misiones, as\u00ed como las pol\u00edticas de protecci\u00f3n a los adultos mayores recuperar todas las escuelas, liceos, ambulatorios, CDI, construir las viviendas\u201d. Y el quinto, que surgi\u00f3 ante la reivindicaci\u00f3n de los derechos territoriales de Venezuela, est\u00e1 enfocada a la recuperaci\u00f3n de la Guayana Esequiba.<\/p>\n\n\n\n<p><strong>Firma de decretos<\/strong><br>Durante su alocuci\u00f3n, el primer mandatario anunci\u00f3 seis decretos para garantizar la protecci\u00f3n y defensa de la Guayana Esequiba y <strong>design\u00f3 <\/strong>a la vicepresidenta de la Rep\u00fablica, <strong>Delcy Rodr\u00edguez<\/strong>, <strong>jefa suprema de la Alta Comisi\u00f3n<\/strong>.<\/p>\n\n\n\n<p>1.- Decreto mediante el cual se designa al ciudadano Alexis Jos\u00e9 Rodr\u00edguez Cabello, como Autoridad \u00danica del estado de la Guyana Esequiba. Un estado nuevo y para proteger a los pueblos de la Guayana Esequiba, a fin de que lleguen las misiones Robinson, Ribas, Sucre, Barrio Adentro, la Gran Misi\u00f3n Vivienda Venezuela.<br>2.- Decreto mediante se designa una Alta Comisi\u00f3n Nacional para la Defensa y Recuperaci\u00f3n de la Guayana Esequiba con todos los sectores de la vida nacional, en lo pol\u00edtico, institucional, econ\u00f3mico y religioso.<br>3.- Decreto mediante el cual se oficializa y se establece el nuevo mapa oficial de Venezuela surgido del 3 de diciembre de 2023.<br>4.- Decreto mediante se ordena creaci\u00f3n inmediata de la Divisi\u00f3n Pdvsa Esequibo, CVG Esequibo, que procedan a dar licencia para la exploraci\u00f3n y explotaci\u00f3n de petr\u00f3leo, de gas y de minerales \u201cen todo nuestro territorio y en todos nuestros mares\u201d.<br>5.- Decreto mediante el cual se crea la nueva Zona de Defensa Integral de la Guayana Esequiba, con tres \u00c1reas de Defensa Integral y 28 sectores de desarrollo.<br>6.- Decreto mediante el cual se ordena iniciar los trabajos y se declara nuevos parques nacionales, zonas protectoras de reserva y monumentos naturales a la Guayana Esequiba.<\/p>\n\n\n\n<p><strong>Prensa MPPPST\/Lic. Legna Rivas<\/strong><\/p>\n","protected":false},"excerpt":{"rendered":"<p>Durante su alocuci\u00f3n, el Mandatario anunci\u00f3 seis decretos para garantizar la protecci\u00f3n y defensa de la Guayana Esequiba y design\u00f3 a la vicepresidenta de la Rep\u00fablica, Delcy Rodr\u00edguez, jefa suprema de la Alta Comisi\u00f3n.<\/p>\n","protected":false},"author":25,"featured_media":25517,"comment_status":"closed","ping_status":"closed","sticky":false,"template":"","format":"standard","meta":{"footnotes":""},"categories":[82,163],"tags":[445,584,225,222,223,341,585,345,335],"yoast_head":"<!-- This site is optimized with the Yoast SEO plugin v22.5 - https:\/\/yoast.com\/wordpress\/plugins\/seo\/ -->\n<title>Presidente Maduro felicita al pueblo por ejercer su soberan\u00eda en refer\u00e9ndum - MPPPST<\/title>\n<meta name=\"robots\" content=\"index, follow, max-snippet:-1, max-image-preview:large, max-video-preview:-1\" \/>\n<link rel=\"canonical\" href=\"https:\/\/www.mpppst.gob.ve\/mpppstweb\/index.php\/2023\/12\/08\/presidente-maduro-felicita-al-pueblo-por-ejercer-su-soberania-en-referendum\/\" \/>\n<meta property=\"og:locale\" content=\"es_ES\" \/>\n<meta property=\"og:type\" content=\"article\" \/>\n<meta property=\"og:title\" content=\"Presidente Maduro felicita al pueblo por ejercer su soberan\u00eda en refer\u00e9ndum - MPPPST\" \/>\n<meta property=\"og:description\" content=\"Durante su alocuci\u00f3n, el Mandatario anunci\u00f3 seis decretos para garantizar la protecci\u00f3n y defensa de la Guayana Esequiba y design\u00f3 a la vicepresidenta de la Rep\u00fablica, Delcy Rodr\u00edguez, jefa suprema de la Alta Comisi\u00f3n.\" \/>\n<meta property=\"og:url\" content=\"https:\/\/www.mpppst.gob.ve\/mpppstweb\/index.php\/2023\/12\/08\/presidente-maduro-felicita-al-pueblo-por-ejercer-su-soberania-en-referendum\/\" \/>\n<meta property=\"og:site_name\" content=\"MPPPST\" \/>\n<meta property=\"article:published_time\" content=\"2023-12-08T22:10:00+00:00\" \/>\n<meta property=\"article:modified_time\" content=\"2023-12-09T15:31:41+00:00\" \/>\n<meta property=\"og:image\" content=\"https:\/\/www.mpppst.gob.ve\/mpppstweb\/wp-content\/uploads\/2023\/12\/WhatsApp-Image-2023-12-09-at-11.12.44.jpeg\" \/>\n\t<meta property=\"og:image:width\" content=\"1280\" \/>\n\t<meta property=\"og:image:height\" content=\"950\" \/>\n\t<meta property=\"og:image:type\" content=\"image\/jpeg\" \/>\n<meta name=\"author\" content=\"MPPPST Prensa\" \/>\n<meta name=\"twitter:card\" content=\"summary_large_image\" \/>\n<meta name=\"twitter:label1\" content=\"Escrito por\" \/>\n\t<meta name=\"twitter:data1\" content=\"MPPPST Prensa\" \/>\n\t<meta name=\"twitter:label2\" content=\"Tiempo de lectura\" \/>\n\t<meta name=\"twitter:data2\" content=\"3 minutos\" \/>\n<script type=\"application\/ld+json\" class=\"yoast-schema-graph\">{\"@context\":\"https:\/\/schema.org\",\"@graph\":[{\"@type\":\"Article\",\"@id\":\"https:\/\/www.mpppst.gob.ve\/mpppstweb\/index.php\/2023\/12\/08\/presidente-maduro-felicita-al-pueblo-por-ejercer-su-soberania-en-referendum\/#article\",\"isPartOf\":{\"@id\":\"https:\/\/www.mpppst.gob.ve\/mpppstweb\/index.php\/2023\/12\/08\/presidente-maduro-felicita-al-pueblo-por-ejercer-su-soberania-en-referendum\/\"},\"author\":{\"name\":\"MPPPST Prensa\",\"@id\":\"https:\/\/www.mpppst.gob.ve\/mpppstweb\/#\/schema\/person\/fc187ee8ead412bd4c9304b62f900ea4\"},\"headline\":\"Presidente Maduro felicita al pueblo por ejercer su soberan\u00eda en refer\u00e9ndum\",\"datePublished\":\"2023-12-08T22:10:00+00:00\",\"dateModified\":\"2023-12-09T15:31:41+00:00\",\"mainEntityOfPage\":{\"@id\":\"https:\/\/www.mpppst.gob.ve\/mpppstweb\/index.php\/2023\/12\/08\/presidente-maduro-felicita-al-pueblo-por-ejercer-su-soberania-en-referendum\/\"},\"wordCount\":592,\"publisher\":{\"@id\":\"https:\/\/www.mpppst.gob.ve\/mpppstweb\/#organization\"},\"image\":{\"@id\":\"https:\/\/www.mpppst.gob.ve\/mpppstweb\/index.php\/2023\/12\/08\/presidente-maduro-felicita-al-pueblo-por-ejercer-su-soberania-en-referendum\/#primaryimage\"},\"thumbnailUrl\":\"https:\/\/www.mpppst.gob.ve\/mpppstweb\/wp-content\/uploads\/2023\/12\/WhatsApp-Image-2023-12-09-at-11.12.44.jpeg\",\"keywords\":[\"Delcy Rodr\u00edguez\",\"D\u00eda de la Lealtad y el Amor al Comandante Ch\u00e1vez\",\"Fuerza Laboral\",\"Gobierno Bolivariano\",\"MPPPST\",\"Nicol\u00e1s Maduro\",\"Plan de Acci\u00f3n en Defensa del Esequibo\",\"Trabajadores\",\"Venezuela\"],\"articleSection\":[\"Gobierno Nacional\",\"Noticias\"],\"inLanguage\":\"es\"},{\"@type\":\"WebPage\",\"@id\":\"https:\/\/www.mpppst.gob.ve\/mpppstweb\/index.php\/2023\/12\/08\/presidente-maduro-felicita-al-pueblo-por-ejercer-su-soberania-en-referendum\/\",\"url\":\"https:\/\/www.mpppst.gob.ve\/mpppstweb\/index.php\/2023\/12\/08\/presidente-maduro-felicita-al-pueblo-por-ejercer-su-soberania-en-referendum\/\",\"name\":\"Presidente Maduro felicita al pueblo por ejercer su soberan\u00eda en refer\u00e9ndum - MPPPST\",\"isPartOf\":{\"@id\":\"https:\/\/www.mpppst.gob.ve\/mpppstweb\/#website\"},\"primaryImageOfPage\":{\"@id\":\"https:\/\/www.mpppst.gob.ve\/mpppstweb\/index.php\/2023\/12\/08\/presidente-maduro-felicita-al-pueblo-por-ejercer-su-soberania-en-referendum\/#primaryimage\"},\"image\":{\"@id\":\"https:\/\/www.mpppst.gob.ve\/mpppstweb\/index.php\/2023\/12\/08\/presidente-maduro-felicita-al-pueblo-por-ejercer-su-soberania-en-referendum\/#primaryimage\"},\"thumbnailUrl\":\"https:\/\/www.mpppst.gob.ve\/mpppstweb\/wp-content\/uploads\/2023\/12\/WhatsApp-Image-2023-12-09-at-11.12.44.jpeg\",\"datePublished\":\"2023-12-08T22:10:00+00:00\",\"dateModified\":\"2023-12-09T15:31:41+00:00\",\"breadcrumb\":{\"@id\":\"https:\/\/www.mpppst.gob.ve\/mpppstweb\/index.php\/2023\/12\/08\/presidente-maduro-felicita-al-pueblo-por-ejercer-su-soberania-en-referendum\/#breadcrumb\"},\"inLanguage\":\"es\",\"potentialAction\":[{\"@type\":\"ReadAction\",\"target\":[\"https:\/\/www.mpppst.gob.ve\/mpppstweb\/index.php\/2023\/12\/08\/presidente-maduro-felicita-al-pueblo-por-ejercer-su-soberania-en-referendum\/\"]}]},{\"@type\":\"ImageObject\",\"inLanguage\":\"es\",\"@id\":\"https:\/\/www.mpppst.gob.ve\/mpppstweb\/index.php\/2023\/12\/08\/presidente-maduro-felicita-al-pueblo-por-ejercer-su-soberania-en-referendum\/#primaryimage\",\"url\":\"https:\/\/www.mpppst.gob.ve\/mpppstweb\/wp-content\/uploads\/2023\/12\/WhatsApp-Image-2023-12-09-at-11.12.44.jpeg\",\"contentUrl\":\"https:\/\/www.mpppst.gob.ve\/mpppstweb\/wp-content\/uploads\/2023\/12\/WhatsApp-Image-2023-12-09-at-11.12.44.jpeg\",\"width\":1280,\"height\":950},{\"@type\":\"BreadcrumbList\",\"@id\":\"https:\/\/www.mpppst.gob.ve\/mpppstweb\/index.php\/2023\/12\/08\/presidente-maduro-felicita-al-pueblo-por-ejercer-su-soberania-en-referendum\/#breadcrumb\",\"itemListElement\":[{\"@type\":\"ListItem\",\"position\":1,\"name\":\"Home\",\"item\":\"https:\/\/www.mpppst.gob.ve\/mpppstweb\/\"},{\"@type\":\"ListItem\",\"position\":2,\"name\":\"Presidente Maduro felicita al pueblo por ejercer su soberan\u00eda en refer\u00e9ndum\"}]},{\"@type\":\"WebSite\",\"@id\":\"https:\/\/www.mpppst.gob.ve\/mpppstweb\/#website\",\"url\":\"https:\/\/www.mpppst.gob.ve\/mpppstweb\/\",\"name\":\"MPPPST\",\"description\":\"Ministerio del Poder Popular para el Proceso Social de Trabajo\",\"publisher\":{\"@id\":\"https:\/\/www.mpppst.gob.ve\/mpppstweb\/#organization\"},\"potentialAction\":[{\"@type\":\"SearchAction\",\"target\":{\"@type\":\"EntryPoint\",\"urlTemplate\":\"https:\/\/www.mpppst.gob.ve\/mpppstweb\/?s={search_term_string}\"},\"query-input\":\"required name=search_term_string\"}],\"inLanguage\":\"es\"},{\"@type\":\"Organization\",\"@id\":\"https:\/\/www.mpppst.gob.ve\/mpppstweb\/#organization\",\"name\":\"mpppst\",\"url\":\"https:\/\/www.mpppst.gob.ve\/mpppstweb\/\",\"logo\":{\"@type\":\"ImageObject\",\"inLanguage\":\"es\",\"@id\":\"https:\/\/www.mpppst.gob.ve\/mpppstweb\/#\/schema\/logo\/image\/\",\"url\":\"https:\/\/www.mpppst.gob.ve\/mpppstweb\/wp-content\/uploads\/2025\/07\/cropped-cropped-g910.png\",\"contentUrl\":\"https:\/\/www.mpppst.gob.ve\/mpppstweb\/wp-content\/uploads\/2025\/07\/cropped-cropped-g910.png\",\"width\":1080,\"height\":241,\"caption\":\"mpppst\"},\"image\":{\"@id\":\"https:\/\/www.mpppst.gob.ve\/mpppstweb\/#\/schema\/logo\/image\/\"}},{\"@type\":\"Person\",\"@id\":\"https:\/\/www.mpppst.gob.ve\/mpppstweb\/#\/schema\/person\/fc187ee8ead412bd4c9304b62f900ea4\",\"name\":\"MPPPST Prensa\",\"url\":\"https:\/\/www.mpppst.gob.ve\/mpppstweb\/index.php\/author\/prensa-mpppst\/\"}]}<\/script>\n<!-- \/ Yoast SEO plugin. -->","yoast_head_json":{"title":"Presidente Maduro felicita al pueblo por ejercer su soberan\u00eda en refer\u00e9ndum - MPPPST","robots":{"index":"index","follow":"follow","max-snippet":"max-snippet:-1","max-image-preview":"max-image-preview:large","max-video-preview":"max-video-preview:-1"},"canonical":"https:\/\/www.mpppst.gob.ve\/mpppstweb\/index.php\/2023\/12\/08\/presidente-maduro-felicita-al-pueblo-por-ejercer-su-soberania-en-referendum\/","og_locale":"es_ES","og_type":"article","og_title":"Presidente Maduro felicita al pueblo por ejercer su soberan\u00eda en refer\u00e9ndum - MPPPST","og_description":"Durante su alocuci\u00f3n, el Mandatario anunci\u00f3 seis decretos para garantizar la protecci\u00f3n y defensa de la Guayana Esequiba y design\u00f3 a la vicepresidenta de la Rep\u00fablica, Delcy Rodr\u00edguez, jefa suprema de la Alta Comisi\u00f3n.","og_url":"https:\/\/www.mpppst.gob.ve\/mpppstweb\/index.php\/2023\/12\/08\/presidente-maduro-felicita-al-pueblo-por-ejercer-su-soberania-en-referendum\/","og_site_name":"MPPPST","article_published_time":"2023-12-08T22:10:00+00:00","article_modified_time":"2023-12-09T15:31:41+00:00","og_image":[{"width":1280,"height":950,"url":"https:\/\/www.mpppst.gob.ve\/mpppstweb\/wp-content\/uploads\/2023\/12\/WhatsApp-Image-2023-12-09-at-11.12.44.jpeg","type":"image\/jpeg"}],"author":"MPPPST Prensa","twitter_card":"summary_large_image","twitter_misc":{"Escrito por":"MPPPST Prensa","Tiempo de lectura":"3 minutos"},"schema":{"@context":"https:\/\/schema.org","@graph":[{"@type":"Article","@id":"https:\/\/www.mpppst.gob.ve\/mpppstweb\/index.php\/2023\/12\/08\/presidente-maduro-felicita-al-pueblo-por-ejercer-su-soberania-en-referendum\/#article","isPartOf":{"@id":"https:\/\/www.mpppst.gob.ve\/mpppstweb\/index.php\/2023\/12\/08\/presidente-maduro-felicita-al-pueblo-por-ejercer-su-soberania-en-referendum\/"},"author":{"name":"MPPPST Prensa","@id":"https:\/\/www.mpppst.gob.ve\/mpppstweb\/#\/schema\/person\/fc187ee8ead412bd4c9304b62f900ea4"},"headline":"Presidente Maduro felicita al pueblo por ejercer su soberan\u00eda en refer\u00e9ndum","datePublished":"2023-12-08T22:10:00+00:00","dateModified":"2023-12-09T15:31:41+00:00","mainEntityOfPage":{"@id":"https:\/\/www.mpppst.gob.ve\/mpppstweb\/index.php\/2023\/12\/08\/presidente-maduro-felicita-al-pueblo-por-ejercer-su-soberania-en-referendum\/"},"wordCount":592,"publisher":{"@id":"https:\/\/www.mpppst.gob.ve\/mpppstweb\/#organization"},"image":{"@id":"https:\/\/www.mpppst.gob.ve\/mpppstweb\/index.php\/2023\/12\/08\/presidente-maduro-felicita-al-pueblo-por-ejercer-su-soberania-en-referendum\/#primaryimage"},"thumbnailUrl":"https:\/\/www.mpppst.gob.ve\/mpppstweb\/wp-content\/uploads\/2023\/12\/WhatsApp-Image-2023-12-09-at-11.12.44.jpeg","keywords":["Delcy Rodr\u00edguez","D\u00eda de la Lealtad y el Amor al Comandante Ch\u00e1vez","Fuerza Laboral","Gobierno Bolivariano","MPPPST","Nicol\u00e1s Maduro","Plan de Acci\u00f3n en Defensa del Esequibo","Trabajadores","Venezuela"],"articleSection":["Gobierno Nacional","Noticias"],"inLanguage":"es"},{"@type":"WebPage","@id":"https:\/\/www.mpppst.gob.ve\/mpppstweb\/index.php\/2023\/12\/08\/presidente-maduro-felicita-al-pueblo-por-ejercer-su-soberania-en-referendum\/","url":"https:\/\/www.mpppst.gob.ve\/mpppstweb\/index.php\/2023\/12\/08\/presidente-maduro-felicita-al-pueblo-por-ejercer-su-soberania-en-referendum\/","name":"Presidente Maduro felicita al pueblo por ejercer su soberan\u00eda en refer\u00e9ndum - MPPPST","isPartOf":{"@id":"https:\/\/www.mpppst.gob.ve\/mpppstweb\/#website"},"primaryImageOfPage":{"@id":"https:\/\/www.mpppst.gob.ve\/mpppstweb\/index.php\/2023\/12\/08\/presidente-maduro-felicita-al-pueblo-por-ejercer-su-soberania-en-referendum\/#primaryimage"},"image":{"@id":"https:\/\/www.mpppst.gob.ve\/mpppstweb\/index.php\/2023\/12\/08\/presidente-maduro-felicita-al-pueblo-por-ejercer-su-soberania-en-referendum\/#primaryimage"},"thumbnailUrl":"https:\/\/www.mpppst.gob.ve\/mpppstweb\/wp-content\/uploads\/2023\/12\/WhatsApp-Image-2023-12-09-at-11.12.44.jpeg","datePublished":"2023-12-08T22:10:00+00:00","dateModified":"2023-12-09T15:31:41+00:00","breadcrumb":{"@id":"https:\/\/www.mpppst.gob.ve\/mpppstweb\/index.php\/2023\/12\/08\/presidente-maduro-felicita-al-pueblo-por-ejercer-su-soberania-en-referendum\/#breadcrumb"},"inLanguage":"es","potentialAction":[{"@type":"ReadAction","target":["https:\/\/www.mpppst.gob.ve\/mpppstweb\/index.php\/2023\/12\/08\/presidente-maduro-felicita-al-pueblo-por-ejercer-su-soberania-en-referendum\/"]}]},{"@type":"ImageObject","inLanguage":"es","@id":"https:\/\/www.mpppst.gob.ve\/mpppstweb\/index.php\/2023\/12\/08\/presidente-maduro-felicita-al-pueblo-por-ejercer-su-soberania-en-referendum\/#primaryimage","url":"https:\/\/www.mpppst.gob.ve\/mpppstweb\/wp-content\/uploads\/2023\/12\/WhatsApp-Image-2023-12-09-at-11.12.44.jpeg","contentUrl":"https:\/\/www.mpppst.gob.ve\/mpppstweb\/wp-content\/uploads\/2023\/12\/WhatsApp-Image-2023-12-09-at-11.12.44.jpeg","width":1280,"height":950},{"@type":"BreadcrumbList","@id":"https:\/\/www.mpppst.gob.ve\/mpppstweb\/index.php\/2023\/12\/08\/presidente-maduro-felicita-al-pueblo-por-ejercer-su-soberania-en-referendum\/#breadcrumb","itemListElement":[{"@type":"ListItem","position":1,"name":"Home","item":"https:\/\/www.mpppst.gob.ve\/mpppstweb\/"},{"@type":"ListItem","position":2,"name":"Presidente Maduro felicita al pueblo por ejercer su soberan\u00eda en refer\u00e9ndum"}]},{"@type":"WebSite","@id":"https:\/\/www.mpppst.gob.ve\/mpppstweb\/#website","url":"https:\/\/www.mpppst.gob.ve\/mpppstweb\/","name":"MPPPST","description":"Ministerio del Poder Popular para el Proceso Social de Trabajo","publisher":{"@id":"https:\/\/www.mpppst.gob.ve\/mpppstweb\/#organization"},"potentialAction":[{"@type":"SearchAction","target":{"@type":"EntryPoint","urlTemplate":"https:\/\/www.mpppst.gob.ve\/mpppstweb\/?s={search_term_string}"},"query-input":"required name=search_term_string"}],"inLanguage":"es"},{"@type":"Organization","@id":"https:\/\/www.mpppst.gob.ve\/mpppstweb\/#organization","name":"mpppst","url":"https:\/\/www.mpppst.gob.ve\/mpppstweb\/","logo":{"@type":"ImageObject","inLanguage":"es","@id":"https:\/\/www.mpppst.gob.ve\/mpppstweb\/#\/schema\/logo\/image\/","url":"https:\/\/www.mpppst.gob.ve\/mpppstweb\/wp-content\/uploads\/2025\/07\/cropped-cropped-g910.png","contentUrl":"https:\/\/www.mpppst.gob.ve\/mpppstweb\/wp-content\/uploads\/2025\/07\/cropped-cropped-g910.png","width":1080,"height":241,"caption":"mpppst"},"image":{"@id":"https:\/\/www.mpppst.gob.ve\/mpppstweb\/#\/schema\/logo\/image\/"}},{"@type":"Person","@id":"https:\/\/www.mpppst.gob.ve\/mpppstweb\/#\/schema\/person\/fc187ee8ead412bd4c9304b62f900ea4","name":"MPPPST Prensa","url":"https:\/\/www.mpppst.gob.ve\/mpppstweb\/index.php\/author\/prensa-mpppst\/"}]}},"_links":{"self":[{"href":"https:\/\/www.mpppst.gob.ve\/mpppstweb\/index.php\/wp-json\/wp\/v2\/posts\/25515"}],"collection":[{"href":"https:\/\/www.mpppst.gob.ve\/mpppstweb\/index.php\/wp-json\/wp\/v2\/posts"}],"about":[{"href":"https:\/\/www.mpppst.gob.ve\/mpppstweb\/index.php\/wp-json\/wp\/v2\/types\/post"}],"author":[{"embeddable":true,"href":"https:\/\/www.mpppst.gob.ve\/mpppstweb\/index.php\/wp-json\/wp\/v2\/users\/25"}],"replies":[{"embeddable":true,"href":"https:\/\/www.mpppst.gob.ve\/mpppstweb\/index.php\/wp-json\/wp\/v2\/comments?post=25515"}],"version-history":[{"count":1,"href":"https:\/\/www.mpppst.gob.ve\/mpppstweb\/index.php\/wp-json\/wp\/v2\/posts\/25515\/revisions"}],"predecessor-version":[{"id":25518,"href":"https:\/\/www.mpppst.gob.ve\/mpppstweb\/index.php\/wp-json\/wp\/v2\/posts\/25515\/revisions\/25518"}],"wp:featuredmedia":[{"embeddable":true,"href":"https:\/\/www.mpppst.gob.ve\/mpppstweb\/index.php\/wp-json\/wp\/v2\/media\/25517"}],"wp:attachment":[{"href":"https:\/\/www.mpppst.gob.ve\/mpppstweb\/index.php\/wp-json\/wp\/v2\/media?parent=25515"}],"wp:term":[{"taxonomy":"category","embeddable":true,"href":"https:\/\/www.mpppst.gob.ve\/mpppstweb\/index.php\/wp-json\/wp\/v2\/categories?post=25515"},{"taxonomy":"post_tag","embeddable":true,"href":"https:\/\/www.mpppst.gob.ve\/mpppstweb\/index.php\/wp-json\/wp\/v2\/tags?post=25515"}],"curies":[{"name":"wp","href":"https:\/\/api.w.org\/{rel}","templated":true}]}}