{"id":25516,"date":"2023-12-09T14:30:00","date_gmt":"2023-12-09T18:30:00","guid":{"rendered":"http:\/\/www.mpppst.gob.ve\/mpppstweb\/?p=25516"},"modified":"2024-01-02T21:03:52","modified_gmt":"2024-01-03T01:03:52","slug":"guyana-acepta-dialogo-propuesto-por-venezuela","status":"publish","type":"post","link":"https:\/\/www.mpppst.gob.ve\/mpppstweb\/index.php\/2023\/12\/09\/guyana-acepta-dialogo-propuesto-por-venezuela\/","title":{"rendered":"Guyana acepta di\u00e1logo propuesto por Venezuela"},"content":{"rendered":"\n<p><strong>MPPPST, Caracas.- <\/strong>La Rep\u00fablica Bolivariana de Venezuela y la Rep\u00fablica Cooperativa de Guyana acordaron sostener una <strong>reuni\u00f3n de alto nivel<\/strong>, para buscar una soluci\u00f3n sobre el Esequibo <strong>sin interferencia de actores externos<\/strong>.<\/p>\n\n\n\n<p>El di\u00e1logo se acord\u00f3 tras conversaciones telef\u00f3nicas entre el presidente de la Rep\u00fablica, <strong>Nicol\u00e1s Maduro<\/strong>, con su hom\u00f3logo de Brasil, <strong>Luiz In\u00e1cio da Silva<\/strong>, y con el primer ministro de San Vicente y las Granadinas, <strong>Ralph Gonsalves<\/strong>.<\/p>\n\n\n\n<p>\u00ab<strong>Venezuela expresa su satisfacci\u00f3n y asume dicha convocatoria con benepl\u00e1cito y compromiso<\/strong>\u00ab, reza el comunicado publicado por el ministro para Relaciones Exteriores, Yv\u00e1n Gil, donde se se\u00f1ala que la reuni\u00f3n se realizar\u00e1 \u00abcon el fin de preservar nuestra aspiraci\u00f3n de mantener Am\u00e9rica Latina y el Caribe como una zona de paz, sin interferencia de actores externos\u00bb.<\/p>\n\n\n\n<p>El documento refiere que en ambas convenciones el jefe de Estado remarc\u00f3 \u00abla posici\u00f3n hist\u00f3rica sobre los incuestionables derechos soberanos de Venezuela sobre la Guayana Esequiba\u00bb, al igual que del car\u00e1cter leg\u00edtimo y pac\u00edfico de la reclamaci\u00f3n, que se apaga al Acuerdo de Ginebra de 1966, y los principios y valores que inspiran la Diplomacia Bolivariana de Paz.<\/p>\n\n\n\n<p>Es de resaltar que, m\u00e1s temprano, el presidente Maduro inst\u00f3 al Gobierno de Guyana a retomar el di\u00e1logo y los principios establecidos en el <strong>Acuerdo de Ginebra<\/strong>, para tratar la controversia del Esequibo.<\/p>\n\n\n\n<p>\u00ab<strong>Guyana<\/strong> y <strong>ExxonMobil<\/strong> <strong>se tendr\u00e1n que sentar a dialogar con nosotros<\/strong>, el Gobierno de la Rep\u00fablica Bolivariana de Venezuela. Desde el coraz\u00f3n y del alma, <strong>queremos Paz y entendimiento<\/strong>. \u00a1Por las buenas, todo! \u00a1Qu\u00e9 lo escuche el mundo, con el Acuerdo de Ginebra, Todo!\u00bb, escribi\u00f3 el jefe de Estado en la red social <em>X<\/em>.<\/p>\n\n\n\n<p>La reuni\u00f3n de alto nivel entre Venezuela y Guyana a\u00fan no tiene fecha ni lugar confirmados.<\/p>\n\n\n\n<p><strong>Prensa MPPPST\/Scarlett Kirian<\/strong><\/p>\n","protected":false},"excerpt":{"rendered":"<p>El di\u00e1logo se acord\u00f3 tras conversaciones telef\u00f3nicas entre el presidente de la Rep\u00fablica, Nicol\u00e1s Maduro, con su hom\u00f3logo de Brasil, Luiz In\u00e1cio da Silva, y con el primer ministro de San Vicente y las Granadinas, Ralph Gonsalves.<\/p>\n","protected":false},"author":25,"featured_media":25529,"comment_status":"closed","ping_status":"closed","sticky":false,"template":"","format":"standard","meta":{"footnotes":""},"categories":[82,163],"tags":[281,560,451,524,341,587,335],"yoast_head":"<!-- This site is optimized with the Yoast SEO plugin v22.5 - https:\/\/yoast.com\/wordpress\/plugins\/seo\/ -->\n<title>Guyana acepta di\u00e1logo propuesto por Venezuela - MPPPST<\/title>\n<meta name=\"robots\" content=\"index, follow, max-snippet:-1, max-image-preview:large, max-video-preview:-1\" \/>\n<link rel=\"canonical\" href=\"https:\/\/www.mpppst.gob.ve\/mpppstweb\/index.php\/2023\/12\/09\/guyana-acepta-dialogo-propuesto-por-venezuela\/\" \/>\n<meta property=\"og:locale\" content=\"es_ES\" \/>\n<meta property=\"og:type\" content=\"article\" \/>\n<meta property=\"og:title\" content=\"Guyana acepta di\u00e1logo propuesto por Venezuela - MPPPST\" \/>\n<meta property=\"og:description\" content=\"El di\u00e1logo se acord\u00f3 tras conversaciones telef\u00f3nicas entre el presidente de la Rep\u00fablica, Nicol\u00e1s Maduro, con su hom\u00f3logo de Brasil, Luiz In\u00e1cio da Silva, y con el primer ministro de San Vicente y las Granadinas, Ralph Gonsalves.\" \/>\n<meta property=\"og:url\" content=\"https:\/\/www.mpppst.gob.ve\/mpppstweb\/index.php\/2023\/12\/09\/guyana-acepta-dialogo-propuesto-por-venezuela\/\" \/>\n<meta property=\"og:site_name\" content=\"MPPPST\" \/>\n<meta property=\"article:published_time\" content=\"2023-12-09T18:30:00+00:00\" \/>\n<meta property=\"article:modified_time\" content=\"2024-01-03T01:03:52+00:00\" \/>\n<meta property=\"og:image\" content=\"https:\/\/www.mpppst.gob.ve\/mpppstweb\/wp-content\/uploads\/2023\/12\/Guyana-acepta-dialogo-propuesto-por-Venezuela.webp\" \/>\n\t<meta property=\"og:image:width\" content=\"720\" \/>\n\t<meta property=\"og:image:height\" content=\"479\" \/>\n\t<meta property=\"og:image:type\" content=\"image\/webp\" \/>\n<meta name=\"author\" content=\"MPPPST Prensa\" \/>\n<meta name=\"twitter:card\" content=\"summary_large_image\" \/>\n<meta name=\"twitter:label1\" content=\"Escrito por\" \/>\n\t<meta name=\"twitter:data1\" content=\"MPPPST Prensa\" \/>\n\t<meta name=\"twitter:label2\" content=\"Tiempo de lectura\" \/>\n\t<meta name=\"twitter:data2\" content=\"2 minutos\" \/>\n<script type=\"application\/ld+json\" class=\"yoast-schema-graph\">{\"@context\":\"https:\/\/schema.org\",\"@graph\":[{\"@type\":\"Article\",\"@id\":\"https:\/\/www.mpppst.gob.ve\/mpppstweb\/index.php\/2023\/12\/09\/guyana-acepta-dialogo-propuesto-por-venezuela\/#article\",\"isPartOf\":{\"@id\":\"https:\/\/www.mpppst.gob.ve\/mpppstweb\/index.php\/2023\/12\/09\/guyana-acepta-dialogo-propuesto-por-venezuela\/\"},\"author\":{\"name\":\"MPPPST Prensa\",\"@id\":\"https:\/\/www.mpppst.gob.ve\/mpppstweb\/#\/schema\/person\/fc187ee8ead412bd4c9304b62f900ea4\"},\"headline\":\"Guyana acepta di\u00e1logo propuesto por Venezuela\",\"datePublished\":\"2023-12-09T18:30:00+00:00\",\"dateModified\":\"2024-01-03T01:03:52+00:00\",\"mainEntityOfPage\":{\"@id\":\"https:\/\/www.mpppst.gob.ve\/mpppstweb\/index.php\/2023\/12\/09\/guyana-acepta-dialogo-propuesto-por-venezuela\/\"},\"wordCount\":327,\"publisher\":{\"@id\":\"https:\/\/www.mpppst.gob.ve\/mpppstweb\/#organization\"},\"image\":{\"@id\":\"https:\/\/www.mpppst.gob.ve\/mpppstweb\/index.php\/2023\/12\/09\/guyana-acepta-dialogo-propuesto-por-venezuela\/#primaryimage\"},\"thumbnailUrl\":\"https:\/\/www.mpppst.gob.ve\/mpppstweb\/wp-content\/uploads\/2023\/12\/Guyana-acepta-dialogo-propuesto-por-Venezuela.webp\",\"keywords\":[\"Di\u00e1logo\",\"Diplomacia Bolivariana de Paz\",\"Esequibo\",\"Guayana Esequiba\",\"Nicol\u00e1s Maduro\",\"Reuni\u00f3n de alto nivel\",\"Venezuela\"],\"articleSection\":[\"Gobierno Nacional\",\"Noticias\"],\"inLanguage\":\"es\"},{\"@type\":\"WebPage\",\"@id\":\"https:\/\/www.mpppst.gob.ve\/mpppstweb\/index.php\/2023\/12\/09\/guyana-acepta-dialogo-propuesto-por-venezuela\/\",\"url\":\"https:\/\/www.mpppst.gob.ve\/mpppstweb\/index.php\/2023\/12\/09\/guyana-acepta-dialogo-propuesto-por-venezuela\/\",\"name\":\"Guyana acepta di\u00e1logo propuesto por Venezuela - MPPPST\",\"isPartOf\":{\"@id\":\"https:\/\/www.mpppst.gob.ve\/mpppstweb\/#website\"},\"primaryImageOfPage\":{\"@id\":\"https:\/\/www.mpppst.gob.ve\/mpppstweb\/index.php\/2023\/12\/09\/guyana-acepta-dialogo-propuesto-por-venezuela\/#primaryimage\"},\"image\":{\"@id\":\"https:\/\/www.mpppst.gob.ve\/mpppstweb\/index.php\/2023\/12\/09\/guyana-acepta-dialogo-propuesto-por-venezuela\/#primaryimage\"},\"thumbnailUrl\":\"https:\/\/www.mpppst.gob.ve\/mpppstweb\/wp-content\/uploads\/2023\/12\/Guyana-acepta-dialogo-propuesto-por-Venezuela.webp\",\"datePublished\":\"2023-12-09T18:30:00+00:00\",\"dateModified\":\"2024-01-03T01:03:52+00:00\",\"breadcrumb\":{\"@id\":\"https:\/\/www.mpppst.gob.ve\/mpppstweb\/index.php\/2023\/12\/09\/guyana-acepta-dialogo-propuesto-por-venezuela\/#breadcrumb\"},\"inLanguage\":\"es\",\"potentialAction\":[{\"@type\":\"ReadAction\",\"target\":[\"https:\/\/www.mpppst.gob.ve\/mpppstweb\/index.php\/2023\/12\/09\/guyana-acepta-dialogo-propuesto-por-venezuela\/\"]}]},{\"@type\":\"ImageObject\",\"inLanguage\":\"es\",\"@id\":\"https:\/\/www.mpppst.gob.ve\/mpppstweb\/index.php\/2023\/12\/09\/guyana-acepta-dialogo-propuesto-por-venezuela\/#primaryimage\",\"url\":\"https:\/\/www.mpppst.gob.ve\/mpppstweb\/wp-content\/uploads\/2023\/12\/Guyana-acepta-dialogo-propuesto-por-Venezuela.webp\",\"contentUrl\":\"https:\/\/www.mpppst.gob.ve\/mpppstweb\/wp-content\/uploads\/2023\/12\/Guyana-acepta-dialogo-propuesto-por-Venezuela.webp\",\"width\":720,\"height\":479,\"caption\":\"Guyana acepta di\u00e1logo propuesto por Venezuela\"},{\"@type\":\"BreadcrumbList\",\"@id\":\"https:\/\/www.mpppst.gob.ve\/mpppstweb\/index.php\/2023\/12\/09\/guyana-acepta-dialogo-propuesto-por-venezuela\/#breadcrumb\",\"itemListElement\":[{\"@type\":\"ListItem\",\"position\":1,\"name\":\"Home\",\"item\":\"https:\/\/www.mpppst.gob.ve\/mpppstweb\/\"},{\"@type\":\"ListItem\",\"position\":2,\"name\":\"Guyana acepta di\u00e1logo propuesto por Venezuela\"}]},{\"@type\":\"WebSite\",\"@id\":\"https:\/\/www.mpppst.gob.ve\/mpppstweb\/#website\",\"url\":\"https:\/\/www.mpppst.gob.ve\/mpppstweb\/\",\"name\":\"MPPPST\",\"description\":\"Ministerio del Poder Popular para el Proceso Social de Trabajo\",\"publisher\":{\"@id\":\"https:\/\/www.mpppst.gob.ve\/mpppstweb\/#organization\"},\"potentialAction\":[{\"@type\":\"SearchAction\",\"target\":{\"@type\":\"EntryPoint\",\"urlTemplate\":\"https:\/\/www.mpppst.gob.ve\/mpppstweb\/?s={search_term_string}\"},\"query-input\":\"required name=search_term_string\"}],\"inLanguage\":\"es\"},{\"@type\":\"Organization\",\"@id\":\"https:\/\/www.mpppst.gob.ve\/mpppstweb\/#organization\",\"name\":\"mpppst\",\"url\":\"https:\/\/www.mpppst.gob.ve\/mpppstweb\/\",\"logo\":{\"@type\":\"ImageObject\",\"inLanguage\":\"es\",\"@id\":\"https:\/\/www.mpppst.gob.ve\/mpppstweb\/#\/schema\/logo\/image\/\",\"url\":\"https:\/\/www.mpppst.gob.ve\/mpppstweb\/wp-content\/uploads\/2025\/07\/cropped-cropped-g910.png\",\"contentUrl\":\"https:\/\/www.mpppst.gob.ve\/mpppstweb\/wp-content\/uploads\/2025\/07\/cropped-cropped-g910.png\",\"width\":1080,\"height\":241,\"caption\":\"mpppst\"},\"image\":{\"@id\":\"https:\/\/www.mpppst.gob.ve\/mpppstweb\/#\/schema\/logo\/image\/\"}},{\"@type\":\"Person\",\"@id\":\"https:\/\/www.mpppst.gob.ve\/mpppstweb\/#\/schema\/person\/fc187ee8ead412bd4c9304b62f900ea4\",\"name\":\"MPPPST Prensa\",\"url\":\"https:\/\/www.mpppst.gob.ve\/mpppstweb\/index.php\/author\/prensa-mpppst\/\"}]}<\/script>\n<!-- \/ Yoast SEO plugin. -->","yoast_head_json":{"title":"Guyana acepta di\u00e1logo propuesto por Venezuela - MPPPST","robots":{"index":"index","follow":"follow","max-snippet":"max-snippet:-1","max-image-preview":"max-image-preview:large","max-video-preview":"max-video-preview:-1"},"canonical":"https:\/\/www.mpppst.gob.ve\/mpppstweb\/index.php\/2023\/12\/09\/guyana-acepta-dialogo-propuesto-por-venezuela\/","og_locale":"es_ES","og_type":"article","og_title":"Guyana acepta di\u00e1logo propuesto por Venezuela - MPPPST","og_description":"El di\u00e1logo se acord\u00f3 tras conversaciones telef\u00f3nicas entre el presidente de la Rep\u00fablica, Nicol\u00e1s Maduro, con su hom\u00f3logo de Brasil, Luiz In\u00e1cio da Silva, y con el primer ministro de San Vicente y las Granadinas, Ralph Gonsalves.","og_url":"https:\/\/www.mpppst.gob.ve\/mpppstweb\/index.php\/2023\/12\/09\/guyana-acepta-dialogo-propuesto-por-venezuela\/","og_site_name":"MPPPST","article_published_time":"2023-12-09T18:30:00+00:00","article_modified_time":"2024-01-03T01:03:52+00:00","og_image":[{"width":720,"height":479,"url":"https:\/\/www.mpppst.gob.ve\/mpppstweb\/wp-content\/uploads\/2023\/12\/Guyana-acepta-dialogo-propuesto-por-Venezuela.webp","type":"image\/webp"}],"author":"MPPPST Prensa","twitter_card":"summary_large_image","twitter_misc":{"Escrito por":"MPPPST Prensa","Tiempo de lectura":"2 minutos"},"schema":{"@context":"https:\/\/schema.org","@graph":[{"@type":"Article","@id":"https:\/\/www.mpppst.gob.ve\/mpppstweb\/index.php\/2023\/12\/09\/guyana-acepta-dialogo-propuesto-por-venezuela\/#article","isPartOf":{"@id":"https:\/\/www.mpppst.gob.ve\/mpppstweb\/index.php\/2023\/12\/09\/guyana-acepta-dialogo-propuesto-por-venezuela\/"},"author":{"name":"MPPPST Prensa","@id":"https:\/\/www.mpppst.gob.ve\/mpppstweb\/#\/schema\/person\/fc187ee8ead412bd4c9304b62f900ea4"},"headline":"Guyana acepta di\u00e1logo propuesto por Venezuela","datePublished":"2023-12-09T18:30:00+00:00","dateModified":"2024-01-03T01:03:52+00:00","mainEntityOfPage":{"@id":"https:\/\/www.mpppst.gob.ve\/mpppstweb\/index.php\/2023\/12\/09\/guyana-acepta-dialogo-propuesto-por-venezuela\/"},"wordCount":327,"publisher":{"@id":"https:\/\/www.mpppst.gob.ve\/mpppstweb\/#organization"},"image":{"@id":"https:\/\/www.mpppst.gob.ve\/mpppstweb\/index.php\/2023\/12\/09\/guyana-acepta-dialogo-propuesto-por-venezuela\/#primaryimage"},"thumbnailUrl":"https:\/\/www.mpppst.gob.ve\/mpppstweb\/wp-content\/uploads\/2023\/12\/Guyana-acepta-dialogo-propuesto-por-Venezuela.webp","keywords":["Di\u00e1logo","Diplomacia Bolivariana de Paz","Esequibo","Guayana Esequiba","Nicol\u00e1s Maduro","Reuni\u00f3n de alto nivel","Venezuela"],"articleSection":["Gobierno Nacional","Noticias"],"inLanguage":"es"},{"@type":"WebPage","@id":"https:\/\/www.mpppst.gob.ve\/mpppstweb\/index.php\/2023\/12\/09\/guyana-acepta-dialogo-propuesto-por-venezuela\/","url":"https:\/\/www.mpppst.gob.ve\/mpppstweb\/index.php\/2023\/12\/09\/guyana-acepta-dialogo-propuesto-por-venezuela\/","name":"Guyana acepta di\u00e1logo propuesto por Venezuela - MPPPST","isPartOf":{"@id":"https:\/\/www.mpppst.gob.ve\/mpppstweb\/#website"},"primaryImageOfPage":{"@id":"https:\/\/www.mpppst.gob.ve\/mpppstweb\/index.php\/2023\/12\/09\/guyana-acepta-dialogo-propuesto-por-venezuela\/#primaryimage"},"image":{"@id":"https:\/\/www.mpppst.gob.ve\/mpppstweb\/index.php\/2023\/12\/09\/guyana-acepta-dialogo-propuesto-por-venezuela\/#primaryimage"},"thumbnailUrl":"https:\/\/www.mpppst.gob.ve\/mpppstweb\/wp-content\/uploads\/2023\/12\/Guyana-acepta-dialogo-propuesto-por-Venezuela.webp","datePublished":"2023-12-09T18:30:00+00:00","dateModified":"2024-01-03T01:03:52+00:00","breadcrumb":{"@id":"https:\/\/www.mpppst.gob.ve\/mpppstweb\/index.php\/2023\/12\/09\/guyana-acepta-dialogo-propuesto-por-venezuela\/#breadcrumb"},"inLanguage":"es","potentialAction":[{"@type":"ReadAction","target":["https:\/\/www.mpppst.gob.ve\/mpppstweb\/index.php\/2023\/12\/09\/guyana-acepta-dialogo-propuesto-por-venezuela\/"]}]},{"@type":"ImageObject","inLanguage":"es","@id":"https:\/\/www.mpppst.gob.ve\/mpppstweb\/index.php\/2023\/12\/09\/guyana-acepta-dialogo-propuesto-por-venezuela\/#primaryimage","url":"https:\/\/www.mpppst.gob.ve\/mpppstweb\/wp-content\/uploads\/2023\/12\/Guyana-acepta-dialogo-propuesto-por-Venezuela.webp","contentUrl":"https:\/\/www.mpppst.gob.ve\/mpppstweb\/wp-content\/uploads\/2023\/12\/Guyana-acepta-dialogo-propuesto-por-Venezuela.webp","width":720,"height":479,"caption":"Guyana acepta di\u00e1logo propuesto por Venezuela"},{"@type":"BreadcrumbList","@id":"https:\/\/www.mpppst.gob.ve\/mpppstweb\/index.php\/2023\/12\/09\/guyana-acepta-dialogo-propuesto-por-venezuela\/#breadcrumb","itemListElement":[{"@type":"ListItem","position":1,"name":"Home","item":"https:\/\/www.mpppst.gob.ve\/mpppstweb\/"},{"@type":"ListItem","position":2,"name":"Guyana acepta di\u00e1logo propuesto por Venezuela"}]},{"@type":"WebSite","@id":"https:\/\/www.mpppst.gob.ve\/mpppstweb\/#website","url":"https:\/\/www.mpppst.gob.ve\/mpppstweb\/","name":"MPPPST","description":"Ministerio del Poder Popular para el Proceso Social de Trabajo","publisher":{"@id":"https:\/\/www.mpppst.gob.ve\/mpppstweb\/#organization"},"potentialAction":[{"@type":"SearchAction","target":{"@type":"EntryPoint","urlTemplate":"https:\/\/www.mpppst.gob.ve\/mpppstweb\/?s={search_term_string}"},"query-input":"required name=search_term_string"}],"inLanguage":"es"},{"@type":"Organization","@id":"https:\/\/www.mpppst.gob.ve\/mpppstweb\/#organization","name":"mpppst","url":"https:\/\/www.mpppst.gob.ve\/mpppstweb\/","logo":{"@type":"ImageObject","inLanguage":"es","@id":"https:\/\/www.mpppst.gob.ve\/mpppstweb\/#\/schema\/logo\/image\/","url":"https:\/\/www.mpppst.gob.ve\/mpppstweb\/wp-content\/uploads\/2025\/07\/cropped-cropped-g910.png","contentUrl":"https:\/\/www.mpppst.gob.ve\/mpppstweb\/wp-content\/uploads\/2025\/07\/cropped-cropped-g910.png","width":1080,"height":241,"caption":"mpppst"},"image":{"@id":"https:\/\/www.mpppst.gob.ve\/mpppstweb\/#\/schema\/logo\/image\/"}},{"@type":"Person","@id":"https:\/\/www.mpppst.gob.ve\/mpppstweb\/#\/schema\/person\/fc187ee8ead412bd4c9304b62f900ea4","name":"MPPPST Prensa","url":"https:\/\/www.mpppst.gob.ve\/mpppstweb\/index.php\/author\/prensa-mpppst\/"}]}},"_links":{"self":[{"href":"https:\/\/www.mpppst.gob.ve\/mpppstweb\/index.php\/wp-json\/wp\/v2\/posts\/25516"}],"collection":[{"href":"https:\/\/www.mpppst.gob.ve\/mpppstweb\/index.php\/wp-json\/wp\/v2\/posts"}],"about":[{"href":"https:\/\/www.mpppst.gob.ve\/mpppstweb\/index.php\/wp-json\/wp\/v2\/types\/post"}],"author":[{"embeddable":true,"href":"https:\/\/www.mpppst.gob.ve\/mpppstweb\/index.php\/wp-json\/wp\/v2\/users\/25"}],"replies":[{"embeddable":true,"href":"https:\/\/www.mpppst.gob.ve\/mpppstweb\/index.php\/wp-json\/wp\/v2\/comments?post=25516"}],"version-history":[{"count":4,"href":"https:\/\/www.mpppst.gob.ve\/mpppstweb\/index.php\/wp-json\/wp\/v2\/posts\/25516\/revisions"}],"predecessor-version":[{"id":25571,"href":"https:\/\/www.mpppst.gob.ve\/mpppstweb\/index.php\/wp-json\/wp\/v2\/posts\/25516\/revisions\/25571"}],"wp:featuredmedia":[{"embeddable":true,"href":"https:\/\/www.mpppst.gob.ve\/mpppstweb\/index.php\/wp-json\/wp\/v2\/media\/25529"}],"wp:attachment":[{"href":"https:\/\/www.mpppst.gob.ve\/mpppstweb\/index.php\/wp-json\/wp\/v2\/media?parent=25516"}],"wp:term":[{"taxonomy":"category","embeddable":true,"href":"https:\/\/www.mpppst.gob.ve\/mpppstweb\/index.php\/wp-json\/wp\/v2\/categories?post=25516"},{"taxonomy":"post_tag","embeddable":true,"href":"https:\/\/www.mpppst.gob.ve\/mpppstweb\/index.php\/wp-json\/wp\/v2\/tags?post=25516"}],"curies":[{"name":"wp","href":"https:\/\/api.w.org\/{rel}","templated":true}]}}