{"id":25532,"date":"2023-12-13T04:47:00","date_gmt":"2023-12-13T08:47:00","guid":{"rendered":"http:\/\/www.mpppst.gob.ve\/mpppstweb\/?p=25532"},"modified":"2024-01-02T21:06:53","modified_gmt":"2024-01-03T01:06:53","slug":"trabajadores-y-trabajadoras-de-venezuela-se-suman-a-la-defensa-del-esequibo","status":"publish","type":"post","link":"https:\/\/www.mpppst.gob.ve\/mpppstweb\/index.php\/2023\/12\/13\/trabajadores-y-trabajadoras-de-venezuela-se-suman-a-la-defensa-del-esequibo\/","title":{"rendered":"Trabajadores y trabajadoras de Venezuela se suman a la defensa del Esequibo"},"content":{"rendered":"\n<p><strong>MPPPST, Caracas.<\/strong>&#8211; La <strong>Asamblea Nacional<\/strong> (AN) de Venezuela realiz\u00f3 este mi\u00e9rcoles una reuni\u00f3n de trabajo con el sector de trabajadores y trabajadoras para recibir propuestas en <strong>defensa de la Guayana Esequiba<\/strong>.<\/p>\n\n\n\n<p>El encuentro estuvo encabezado por el primer vicepresidente de la AN, <strong>Pedro Infante<\/strong>, quien destac\u00f3 que \u00abVenezuela est\u00e1 en el tablero de la geopol\u00edtica mundial y decidi\u00f3 ser libre y soberana, con un presidente que tiene una clara expresi\u00f3n de lo que somos los venezolanos\u00bb.<\/p>\n\n\n\n<p>\u00abEl sector de los trabajadores y trabajadoras se ha incorporado en pleno al debate de la Ley Organiza en Defensa del Esequibo\u00bb, agreg\u00f3 Infante, rese\u00f1\u00f3 la AN en su cuenta en la red social en <em>X<\/em>.<\/p>\n\n\n\n<p>Por su parte, el gobernador del estado Bol\u00edvar, <strong>\u00c1ngel Marcano<\/strong>, agradeci\u00f3 la participaci\u00f3n de los trabajadores y trabajadoras en la defensa del Esequibo.<\/p>\n\n\n\n<p>\u00abUstedes vivieron en esta campa\u00f1a, una campa\u00f1a in\u00e9dita, hermosa y su aporte es esencial, tiene un papel protag\u00f3nico en la defensa del Esequibo\u00bb, dijo Marcano.<\/p>\n\n\n\n<p>Durante el encuentro, los trabajadores y trabajadoras elevaron diversas propuestas para la defensa del Esequibo.<\/p>\n\n\n\n<p>\u00abLa Ley es para garantizar la Paz y armonizar las relaciones con los hermanos de Guyana\u00bb, afirm\u00f3 el trabajador Jos\u00e9 Mora.<\/p>\n\n\n\n<p>Es de resaltar que la reuni\u00f3n de trabajo con los trabajadores y trabajadoras es un paso importante en el proceso de construcci\u00f3n de la <strong>Ley Org\u00e1nica en Defensa del Esequibo<\/strong>.<\/p>\n\n\n\n<p><strong>Prensa MPPPST\/Scarlett Kirian<\/strong><\/p>\n","protected":false},"excerpt":{"rendered":"<p>El encuentro estuvo encabezado por el primer vicepresidente de la AN, Pedro Infante, quien destac\u00f3 que \u00abVenezuela est\u00e1 en el tablero de la geopol\u00edtica mundial y decidi\u00f3 ser libre y soberana, con un presidente que tiene una clara expresi\u00f3n de lo que somos los venezolanos\u00bb.<\/p>\n","protected":false},"author":25,"featured_media":25542,"comment_status":"closed","ping_status":"closed","sticky":false,"template":"","format":"standard","meta":{"footnotes":""},"categories":[82,163],"tags":[590,450,229,225,222,524,591,223,535,227,335],"yoast_head":"<!-- This site is optimized with the Yoast SEO plugin v22.5 - https:\/\/yoast.com\/wordpress\/plugins\/seo\/ -->\n<title>Trabajadores y trabajadoras de Venezuela se suman a la defensa del Esequibo - MPPPST<\/title>\n<meta name=\"robots\" content=\"index, follow, max-snippet:-1, max-image-preview:large, max-video-preview:-1\" \/>\n<link rel=\"canonical\" href=\"https:\/\/www.mpppst.gob.ve\/mpppstweb\/index.php\/2023\/12\/13\/trabajadores-y-trabajadoras-de-venezuela-se-suman-a-la-defensa-del-esequibo\/\" \/>\n<meta property=\"og:locale\" content=\"es_ES\" \/>\n<meta property=\"og:type\" content=\"article\" \/>\n<meta property=\"og:title\" content=\"Trabajadores y trabajadoras de Venezuela se suman a la defensa del Esequibo - MPPPST\" \/>\n<meta property=\"og:description\" content=\"El encuentro estuvo encabezado por el primer vicepresidente de la AN, Pedro Infante, quien destac\u00f3 que &quot;Venezuela est\u00e1 en el tablero de la geopol\u00edtica mundial y decidi\u00f3 ser libre y soberana, con un presidente que tiene una clara expresi\u00f3n de lo que somos los venezolanos&quot;.\" \/>\n<meta property=\"og:url\" content=\"https:\/\/www.mpppst.gob.ve\/mpppstweb\/index.php\/2023\/12\/13\/trabajadores-y-trabajadoras-de-venezuela-se-suman-a-la-defensa-del-esequibo\/\" \/>\n<meta property=\"og:site_name\" content=\"MPPPST\" \/>\n<meta property=\"article:published_time\" content=\"2023-12-13T08:47:00+00:00\" \/>\n<meta property=\"article:modified_time\" content=\"2024-01-03T01:06:53+00:00\" \/>\n<meta property=\"og:image\" content=\"https:\/\/www.mpppst.gob.ve\/mpppstweb\/wp-content\/uploads\/2023\/12\/Trabajadores-y-trabajadoras-de-Venezuela-se-suman-a-la-defensa-del-Esequibo.jpg\" \/>\n\t<meta property=\"og:image:width\" content=\"2048\" \/>\n\t<meta property=\"og:image:height\" content=\"1152\" \/>\n\t<meta property=\"og:image:type\" content=\"image\/jpeg\" \/>\n<meta name=\"author\" content=\"MPPPST Prensa\" \/>\n<meta name=\"twitter:card\" content=\"summary_large_image\" \/>\n<meta name=\"twitter:label1\" content=\"Escrito por\" \/>\n\t<meta name=\"twitter:data1\" content=\"MPPPST Prensa\" \/>\n\t<meta name=\"twitter:label2\" content=\"Tiempo de lectura\" \/>\n\t<meta name=\"twitter:data2\" content=\"1 minuto\" \/>\n<script type=\"application\/ld+json\" class=\"yoast-schema-graph\">{\"@context\":\"https:\/\/schema.org\",\"@graph\":[{\"@type\":\"Article\",\"@id\":\"https:\/\/www.mpppst.gob.ve\/mpppstweb\/index.php\/2023\/12\/13\/trabajadores-y-trabajadoras-de-venezuela-se-suman-a-la-defensa-del-esequibo\/#article\",\"isPartOf\":{\"@id\":\"https:\/\/www.mpppst.gob.ve\/mpppstweb\/index.php\/2023\/12\/13\/trabajadores-y-trabajadoras-de-venezuela-se-suman-a-la-defensa-del-esequibo\/\"},\"author\":{\"name\":\"MPPPST Prensa\",\"@id\":\"https:\/\/www.mpppst.gob.ve\/mpppstweb\/#\/schema\/person\/fc187ee8ead412bd4c9304b62f900ea4\"},\"headline\":\"Trabajadores y trabajadoras de Venezuela se suman a la defensa del Esequibo\",\"datePublished\":\"2023-12-13T08:47:00+00:00\",\"dateModified\":\"2024-01-03T01:06:53+00:00\",\"mainEntityOfPage\":{\"@id\":\"https:\/\/www.mpppst.gob.ve\/mpppstweb\/index.php\/2023\/12\/13\/trabajadores-y-trabajadoras-de-venezuela-se-suman-a-la-defensa-del-esequibo\/\"},\"wordCount\":256,\"publisher\":{\"@id\":\"https:\/\/www.mpppst.gob.ve\/mpppstweb\/#organization\"},\"image\":{\"@id\":\"https:\/\/www.mpppst.gob.ve\/mpppstweb\/index.php\/2023\/12\/13\/trabajadores-y-trabajadoras-de-venezuela-se-suman-a-la-defensa-del-esequibo\/#primaryimage\"},\"thumbnailUrl\":\"https:\/\/www.mpppst.gob.ve\/mpppstweb\/wp-content\/uploads\/2023\/12\/Trabajadores-y-trabajadoras-de-Venezuela-se-suman-a-la-defensa-del-Esequibo.jpg\",\"keywords\":[\"\u00c1ngel Marcano\",\"Asamblea Nacional\",\"Defensa Integral\",\"Fuerza Laboral\",\"Gobierno Bolivariano\",\"Guayana Esequiba\",\"Ley Org\u00e1nica en Defensa del Esequibo\",\"MPPPST\",\"Pedro Infante\",\"Proceso Social\",\"Venezuela\"],\"articleSection\":[\"Gobierno Nacional\",\"Noticias\"],\"inLanguage\":\"es\"},{\"@type\":\"WebPage\",\"@id\":\"https:\/\/www.mpppst.gob.ve\/mpppstweb\/index.php\/2023\/12\/13\/trabajadores-y-trabajadoras-de-venezuela-se-suman-a-la-defensa-del-esequibo\/\",\"url\":\"https:\/\/www.mpppst.gob.ve\/mpppstweb\/index.php\/2023\/12\/13\/trabajadores-y-trabajadoras-de-venezuela-se-suman-a-la-defensa-del-esequibo\/\",\"name\":\"Trabajadores y trabajadoras de Venezuela se suman a la defensa del Esequibo - MPPPST\",\"isPartOf\":{\"@id\":\"https:\/\/www.mpppst.gob.ve\/mpppstweb\/#website\"},\"primaryImageOfPage\":{\"@id\":\"https:\/\/www.mpppst.gob.ve\/mpppstweb\/index.php\/2023\/12\/13\/trabajadores-y-trabajadoras-de-venezuela-se-suman-a-la-defensa-del-esequibo\/#primaryimage\"},\"image\":{\"@id\":\"https:\/\/www.mpppst.gob.ve\/mpppstweb\/index.php\/2023\/12\/13\/trabajadores-y-trabajadoras-de-venezuela-se-suman-a-la-defensa-del-esequibo\/#primaryimage\"},\"thumbnailUrl\":\"https:\/\/www.mpppst.gob.ve\/mpppstweb\/wp-content\/uploads\/2023\/12\/Trabajadores-y-trabajadoras-de-Venezuela-se-suman-a-la-defensa-del-Esequibo.jpg\",\"datePublished\":\"2023-12-13T08:47:00+00:00\",\"dateModified\":\"2024-01-03T01:06:53+00:00\",\"breadcrumb\":{\"@id\":\"https:\/\/www.mpppst.gob.ve\/mpppstweb\/index.php\/2023\/12\/13\/trabajadores-y-trabajadoras-de-venezuela-se-suman-a-la-defensa-del-esequibo\/#breadcrumb\"},\"inLanguage\":\"es\",\"potentialAction\":[{\"@type\":\"ReadAction\",\"target\":[\"https:\/\/www.mpppst.gob.ve\/mpppstweb\/index.php\/2023\/12\/13\/trabajadores-y-trabajadoras-de-venezuela-se-suman-a-la-defensa-del-esequibo\/\"]}]},{\"@type\":\"ImageObject\",\"inLanguage\":\"es\",\"@id\":\"https:\/\/www.mpppst.gob.ve\/mpppstweb\/index.php\/2023\/12\/13\/trabajadores-y-trabajadoras-de-venezuela-se-suman-a-la-defensa-del-esequibo\/#primaryimage\",\"url\":\"https:\/\/www.mpppst.gob.ve\/mpppstweb\/wp-content\/uploads\/2023\/12\/Trabajadores-y-trabajadoras-de-Venezuela-se-suman-a-la-defensa-del-Esequibo.jpg\",\"contentUrl\":\"https:\/\/www.mpppst.gob.ve\/mpppstweb\/wp-content\/uploads\/2023\/12\/Trabajadores-y-trabajadoras-de-Venezuela-se-suman-a-la-defensa-del-Esequibo.jpg\",\"width\":2048,\"height\":1152,\"caption\":\"Trabajadores y trabajadoras de Venezuela se suman a la defensa del Esequibo\"},{\"@type\":\"BreadcrumbList\",\"@id\":\"https:\/\/www.mpppst.gob.ve\/mpppstweb\/index.php\/2023\/12\/13\/trabajadores-y-trabajadoras-de-venezuela-se-suman-a-la-defensa-del-esequibo\/#breadcrumb\",\"itemListElement\":[{\"@type\":\"ListItem\",\"position\":1,\"name\":\"Home\",\"item\":\"https:\/\/www.mpppst.gob.ve\/mpppstweb\/\"},{\"@type\":\"ListItem\",\"position\":2,\"name\":\"Trabajadores y trabajadoras de Venezuela se suman a la defensa del Esequibo\"}]},{\"@type\":\"WebSite\",\"@id\":\"https:\/\/www.mpppst.gob.ve\/mpppstweb\/#website\",\"url\":\"https:\/\/www.mpppst.gob.ve\/mpppstweb\/\",\"name\":\"MPPPST\",\"description\":\"Ministerio del Poder Popular para el Proceso Social de Trabajo\",\"publisher\":{\"@id\":\"https:\/\/www.mpppst.gob.ve\/mpppstweb\/#organization\"},\"potentialAction\":[{\"@type\":\"SearchAction\",\"target\":{\"@type\":\"EntryPoint\",\"urlTemplate\":\"https:\/\/www.mpppst.gob.ve\/mpppstweb\/?s={search_term_string}\"},\"query-input\":\"required name=search_term_string\"}],\"inLanguage\":\"es\"},{\"@type\":\"Organization\",\"@id\":\"https:\/\/www.mpppst.gob.ve\/mpppstweb\/#organization\",\"name\":\"mpppst\",\"url\":\"https:\/\/www.mpppst.gob.ve\/mpppstweb\/\",\"logo\":{\"@type\":\"ImageObject\",\"inLanguage\":\"es\",\"@id\":\"https:\/\/www.mpppst.gob.ve\/mpppstweb\/#\/schema\/logo\/image\/\",\"url\":\"https:\/\/www.mpppst.gob.ve\/mpppstweb\/wp-content\/uploads\/2025\/07\/cropped-cropped-g910.png\",\"contentUrl\":\"https:\/\/www.mpppst.gob.ve\/mpppstweb\/wp-content\/uploads\/2025\/07\/cropped-cropped-g910.png\",\"width\":1080,\"height\":241,\"caption\":\"mpppst\"},\"image\":{\"@id\":\"https:\/\/www.mpppst.gob.ve\/mpppstweb\/#\/schema\/logo\/image\/\"}},{\"@type\":\"Person\",\"@id\":\"https:\/\/www.mpppst.gob.ve\/mpppstweb\/#\/schema\/person\/fc187ee8ead412bd4c9304b62f900ea4\",\"name\":\"MPPPST Prensa\",\"url\":\"https:\/\/www.mpppst.gob.ve\/mpppstweb\/index.php\/author\/prensa-mpppst\/\"}]}<\/script>\n<!-- \/ Yoast SEO plugin. -->","yoast_head_json":{"title":"Trabajadores y trabajadoras de Venezuela se suman a la defensa del Esequibo - MPPPST","robots":{"index":"index","follow":"follow","max-snippet":"max-snippet:-1","max-image-preview":"max-image-preview:large","max-video-preview":"max-video-preview:-1"},"canonical":"https:\/\/www.mpppst.gob.ve\/mpppstweb\/index.php\/2023\/12\/13\/trabajadores-y-trabajadoras-de-venezuela-se-suman-a-la-defensa-del-esequibo\/","og_locale":"es_ES","og_type":"article","og_title":"Trabajadores y trabajadoras de Venezuela se suman a la defensa del Esequibo - MPPPST","og_description":"El encuentro estuvo encabezado por el primer vicepresidente de la AN, Pedro Infante, quien destac\u00f3 que \"Venezuela est\u00e1 en el tablero de la geopol\u00edtica mundial y decidi\u00f3 ser libre y soberana, con un presidente que tiene una clara expresi\u00f3n de lo que somos los venezolanos\".","og_url":"https:\/\/www.mpppst.gob.ve\/mpppstweb\/index.php\/2023\/12\/13\/trabajadores-y-trabajadoras-de-venezuela-se-suman-a-la-defensa-del-esequibo\/","og_site_name":"MPPPST","article_published_time":"2023-12-13T08:47:00+00:00","article_modified_time":"2024-01-03T01:06:53+00:00","og_image":[{"width":2048,"height":1152,"url":"https:\/\/www.mpppst.gob.ve\/mpppstweb\/wp-content\/uploads\/2023\/12\/Trabajadores-y-trabajadoras-de-Venezuela-se-suman-a-la-defensa-del-Esequibo.jpg","type":"image\/jpeg"}],"author":"MPPPST Prensa","twitter_card":"summary_large_image","twitter_misc":{"Escrito por":"MPPPST Prensa","Tiempo de lectura":"1 minuto"},"schema":{"@context":"https:\/\/schema.org","@graph":[{"@type":"Article","@id":"https:\/\/www.mpppst.gob.ve\/mpppstweb\/index.php\/2023\/12\/13\/trabajadores-y-trabajadoras-de-venezuela-se-suman-a-la-defensa-del-esequibo\/#article","isPartOf":{"@id":"https:\/\/www.mpppst.gob.ve\/mpppstweb\/index.php\/2023\/12\/13\/trabajadores-y-trabajadoras-de-venezuela-se-suman-a-la-defensa-del-esequibo\/"},"author":{"name":"MPPPST Prensa","@id":"https:\/\/www.mpppst.gob.ve\/mpppstweb\/#\/schema\/person\/fc187ee8ead412bd4c9304b62f900ea4"},"headline":"Trabajadores y trabajadoras de Venezuela se suman a la defensa del Esequibo","datePublished":"2023-12-13T08:47:00+00:00","dateModified":"2024-01-03T01:06:53+00:00","mainEntityOfPage":{"@id":"https:\/\/www.mpppst.gob.ve\/mpppstweb\/index.php\/2023\/12\/13\/trabajadores-y-trabajadoras-de-venezuela-se-suman-a-la-defensa-del-esequibo\/"},"wordCount":256,"publisher":{"@id":"https:\/\/www.mpppst.gob.ve\/mpppstweb\/#organization"},"image":{"@id":"https:\/\/www.mpppst.gob.ve\/mpppstweb\/index.php\/2023\/12\/13\/trabajadores-y-trabajadoras-de-venezuela-se-suman-a-la-defensa-del-esequibo\/#primaryimage"},"thumbnailUrl":"https:\/\/www.mpppst.gob.ve\/mpppstweb\/wp-content\/uploads\/2023\/12\/Trabajadores-y-trabajadoras-de-Venezuela-se-suman-a-la-defensa-del-Esequibo.jpg","keywords":["\u00c1ngel Marcano","Asamblea Nacional","Defensa Integral","Fuerza Laboral","Gobierno Bolivariano","Guayana Esequiba","Ley Org\u00e1nica en Defensa del Esequibo","MPPPST","Pedro Infante","Proceso Social","Venezuela"],"articleSection":["Gobierno Nacional","Noticias"],"inLanguage":"es"},{"@type":"WebPage","@id":"https:\/\/www.mpppst.gob.ve\/mpppstweb\/index.php\/2023\/12\/13\/trabajadores-y-trabajadoras-de-venezuela-se-suman-a-la-defensa-del-esequibo\/","url":"https:\/\/www.mpppst.gob.ve\/mpppstweb\/index.php\/2023\/12\/13\/trabajadores-y-trabajadoras-de-venezuela-se-suman-a-la-defensa-del-esequibo\/","name":"Trabajadores y trabajadoras de Venezuela se suman a la defensa del Esequibo - MPPPST","isPartOf":{"@id":"https:\/\/www.mpppst.gob.ve\/mpppstweb\/#website"},"primaryImageOfPage":{"@id":"https:\/\/www.mpppst.gob.ve\/mpppstweb\/index.php\/2023\/12\/13\/trabajadores-y-trabajadoras-de-venezuela-se-suman-a-la-defensa-del-esequibo\/#primaryimage"},"image":{"@id":"https:\/\/www.mpppst.gob.ve\/mpppstweb\/index.php\/2023\/12\/13\/trabajadores-y-trabajadoras-de-venezuela-se-suman-a-la-defensa-del-esequibo\/#primaryimage"},"thumbnailUrl":"https:\/\/www.mpppst.gob.ve\/mpppstweb\/wp-content\/uploads\/2023\/12\/Trabajadores-y-trabajadoras-de-Venezuela-se-suman-a-la-defensa-del-Esequibo.jpg","datePublished":"2023-12-13T08:47:00+00:00","dateModified":"2024-01-03T01:06:53+00:00","breadcrumb":{"@id":"https:\/\/www.mpppst.gob.ve\/mpppstweb\/index.php\/2023\/12\/13\/trabajadores-y-trabajadoras-de-venezuela-se-suman-a-la-defensa-del-esequibo\/#breadcrumb"},"inLanguage":"es","potentialAction":[{"@type":"ReadAction","target":["https:\/\/www.mpppst.gob.ve\/mpppstweb\/index.php\/2023\/12\/13\/trabajadores-y-trabajadoras-de-venezuela-se-suman-a-la-defensa-del-esequibo\/"]}]},{"@type":"ImageObject","inLanguage":"es","@id":"https:\/\/www.mpppst.gob.ve\/mpppstweb\/index.php\/2023\/12\/13\/trabajadores-y-trabajadoras-de-venezuela-se-suman-a-la-defensa-del-esequibo\/#primaryimage","url":"https:\/\/www.mpppst.gob.ve\/mpppstweb\/wp-content\/uploads\/2023\/12\/Trabajadores-y-trabajadoras-de-Venezuela-se-suman-a-la-defensa-del-Esequibo.jpg","contentUrl":"https:\/\/www.mpppst.gob.ve\/mpppstweb\/wp-content\/uploads\/2023\/12\/Trabajadores-y-trabajadoras-de-Venezuela-se-suman-a-la-defensa-del-Esequibo.jpg","width":2048,"height":1152,"caption":"Trabajadores y trabajadoras de Venezuela se suman a la defensa del Esequibo"},{"@type":"BreadcrumbList","@id":"https:\/\/www.mpppst.gob.ve\/mpppstweb\/index.php\/2023\/12\/13\/trabajadores-y-trabajadoras-de-venezuela-se-suman-a-la-defensa-del-esequibo\/#breadcrumb","itemListElement":[{"@type":"ListItem","position":1,"name":"Home","item":"https:\/\/www.mpppst.gob.ve\/mpppstweb\/"},{"@type":"ListItem","position":2,"name":"Trabajadores y trabajadoras de Venezuela se suman a la defensa del Esequibo"}]},{"@type":"WebSite","@id":"https:\/\/www.mpppst.gob.ve\/mpppstweb\/#website","url":"https:\/\/www.mpppst.gob.ve\/mpppstweb\/","name":"MPPPST","description":"Ministerio del Poder Popular para el Proceso Social de Trabajo","publisher":{"@id":"https:\/\/www.mpppst.gob.ve\/mpppstweb\/#organization"},"potentialAction":[{"@type":"SearchAction","target":{"@type":"EntryPoint","urlTemplate":"https:\/\/www.mpppst.gob.ve\/mpppstweb\/?s={search_term_string}"},"query-input":"required name=search_term_string"}],"inLanguage":"es"},{"@type":"Organization","@id":"https:\/\/www.mpppst.gob.ve\/mpppstweb\/#organization","name":"mpppst","url":"https:\/\/www.mpppst.gob.ve\/mpppstweb\/","logo":{"@type":"ImageObject","inLanguage":"es","@id":"https:\/\/www.mpppst.gob.ve\/mpppstweb\/#\/schema\/logo\/image\/","url":"https:\/\/www.mpppst.gob.ve\/mpppstweb\/wp-content\/uploads\/2025\/07\/cropped-cropped-g910.png","contentUrl":"https:\/\/www.mpppst.gob.ve\/mpppstweb\/wp-content\/uploads\/2025\/07\/cropped-cropped-g910.png","width":1080,"height":241,"caption":"mpppst"},"image":{"@id":"https:\/\/www.mpppst.gob.ve\/mpppstweb\/#\/schema\/logo\/image\/"}},{"@type":"Person","@id":"https:\/\/www.mpppst.gob.ve\/mpppstweb\/#\/schema\/person\/fc187ee8ead412bd4c9304b62f900ea4","name":"MPPPST Prensa","url":"https:\/\/www.mpppst.gob.ve\/mpppstweb\/index.php\/author\/prensa-mpppst\/"}]}},"_links":{"self":[{"href":"https:\/\/www.mpppst.gob.ve\/mpppstweb\/index.php\/wp-json\/wp\/v2\/posts\/25532"}],"collection":[{"href":"https:\/\/www.mpppst.gob.ve\/mpppstweb\/index.php\/wp-json\/wp\/v2\/posts"}],"about":[{"href":"https:\/\/www.mpppst.gob.ve\/mpppstweb\/index.php\/wp-json\/wp\/v2\/types\/post"}],"author":[{"embeddable":true,"href":"https:\/\/www.mpppst.gob.ve\/mpppstweb\/index.php\/wp-json\/wp\/v2\/users\/25"}],"replies":[{"embeddable":true,"href":"https:\/\/www.mpppst.gob.ve\/mpppstweb\/index.php\/wp-json\/wp\/v2\/comments?post=25532"}],"version-history":[{"count":1,"href":"https:\/\/www.mpppst.gob.ve\/mpppstweb\/index.php\/wp-json\/wp\/v2\/posts\/25532\/revisions"}],"predecessor-version":[{"id":25543,"href":"https:\/\/www.mpppst.gob.ve\/mpppstweb\/index.php\/wp-json\/wp\/v2\/posts\/25532\/revisions\/25543"}],"wp:featuredmedia":[{"embeddable":true,"href":"https:\/\/www.mpppst.gob.ve\/mpppstweb\/index.php\/wp-json\/wp\/v2\/media\/25542"}],"wp:attachment":[{"href":"https:\/\/www.mpppst.gob.ve\/mpppstweb\/index.php\/wp-json\/wp\/v2\/media?parent=25532"}],"wp:term":[{"taxonomy":"category","embeddable":true,"href":"https:\/\/www.mpppst.gob.ve\/mpppstweb\/index.php\/wp-json\/wp\/v2\/categories?post=25532"},{"taxonomy":"post_tag","embeddable":true,"href":"https:\/\/www.mpppst.gob.ve\/mpppstweb\/index.php\/wp-json\/wp\/v2\/tags?post=25532"}],"curies":[{"name":"wp","href":"https:\/\/api.w.org\/{rel}","templated":true}]}}