{"id":25716,"date":"2024-01-27T10:35:00","date_gmt":"2024-01-27T14:35:00","guid":{"rendered":"http:\/\/www.mpppst.gob.ve\/mpppstweb\/?p=25716"},"modified":"2024-02-13T15:25:42","modified_gmt":"2024-02-13T19:25:42","slug":"formacion-clase-obrera-merida","status":"publish","type":"post","link":"https:\/\/www.mpppst.gob.ve\/mpppstweb\/index.php\/2024\/01\/27\/formacion-clase-obrera-merida\/","title":{"rendered":"MPPPST avanza en la formaci\u00f3n de la clase obrera en M\u00e9rida"},"content":{"rendered":"\n<p class=\"wp-block-paragraph\"><strong>MPPPST, Caracas.-<\/strong> El <strong>Ministerio del Poder Popular para el Proceso Social de Trabajo<\/strong> (MPPPST) sostuvo una reunieron con las autoridades de la Universidad Polit\u00e9cnica Territorial \u201cKleber Ram\u00edrez\u201d de M\u00e9rida, con el objetivo de <strong>avanzar con el plan de formaci\u00f3n y autoformaci\u00f3n de la clase obrera venezolana<\/strong>.<\/p>\n\n\n\n<p class=\"wp-block-paragraph\">En la reuni\u00f3n participaron Santos Romero, de la coordinaci\u00f3n de Estudios Abiertos; Walter Espinoza, coordinador de certificaci\u00f3n y Gineth Ridobott, coordinadora de Turismo a los fines de planificar, organizar y programar las tareas a desarrollar en el sector turismo para la 6\u00b0 graduaci\u00f3n conjunta de la clase obrera en la entidad meride\u00f1a.<\/p>\n\n\n\n<p class=\"wp-block-paragraph\">Durante el encuentro, se avanz\u00f3 en el dise\u00f1o del <strong>Programa Nacional de Formaci\u00f3n (<\/strong>PNF) <strong>Diplomado en Turismo<\/strong>, que busca formar a las y los trabajadores del sector tur\u00edstico en las habilidades y conocimientos necesarios para desempe\u00f1arse con \u00e9xito en el \u00e1rea.<\/p>\n\n\n\n<p class=\"wp-block-paragraph\">El Gobierno Nacional, junto al MPPPST, impulsa esquemas productivos y formativos integral para la clase obrera venezolana, a fin de fortalecer su liderazgo y calidad de vida.<\/p>\n\n\n\n<p class=\"wp-block-paragraph\"><strong>Prensa MPPPST<\/strong>\/<strong>Scarlett Kirian<\/strong><\/p>\n\n\n\n<figure class=\"wp-block-image size-full is-resized\"><a href=\"https:\/\/www.mpppst.gob.ve\/mpppstweb\/wp-content\/uploads\/2024\/01\/WhatsApp-Image-2024-01-31-at-08.14.15-1-e1706713301339.jpeg\"><img loading=\"lazy\" decoding=\"async\" width=\"871\" height=\"476\" src=\"https:\/\/www.mpppst.gob.ve\/mpppstweb\/wp-content\/uploads\/2024\/01\/WhatsApp-Image-2024-01-31-at-08.14.15-1-e1706713301339.jpeg\" alt=\"\" class=\"wp-image-25723\" style=\"aspect-ratio:1.8298319327731092;width:900px;height:auto\" srcset=\"https:\/\/www.mpppst.gob.ve\/mpppstweb\/wp-content\/uploads\/2024\/01\/WhatsApp-Image-2024-01-31-at-08.14.15-1-e1706713301339.jpeg 871w, https:\/\/www.mpppst.gob.ve\/mpppstweb\/wp-content\/uploads\/2024\/01\/WhatsApp-Image-2024-01-31-at-08.14.15-1-e1706713301339-300x164.jpeg 300w, https:\/\/www.mpppst.gob.ve\/mpppstweb\/wp-content\/uploads\/2024\/01\/WhatsApp-Image-2024-01-31-at-08.14.15-1-e1706713301339-768x420.jpeg 768w\" sizes=\"auto, (max-width: 871px) 100vw, 871px\" \/><\/a><figcaption class=\"wp-element-caption\">Encuentro entre representantes del Ministerio del Proceso Social de Trabajo y la C\u00e1mara de Turismo de M\u00e9rida. <\/figcaption><\/figure>\n","protected":false},"excerpt":{"rendered":"<p>El MPPPST sostuvo una reunieron con las autoridades de la Universidad Polit\u00e9cnica Territorial \u201cKleber Ram\u00edrez\u201d de M\u00e9rida, con el objetivo de avanzar con el plan de formaci\u00f3n y autoformaci\u00f3n de la clase obrera venezolana.<\/p>\n","protected":false},"author":25,"featured_media":25722,"comment_status":"closed","ping_status":"closed","sticky":false,"template":"","format":"standard","meta":{"footnotes":""},"categories":[163,630],"tags":[631,223],"class_list":["post-25716","post","type-post","status-publish","format-standard","has-post-thumbnail","hentry","category-noticias","category-regionales-del-mpppst","tag-merida","tag-mpppst"],"yoast_head":"<!-- This site is optimized with the Yoast SEO plugin v28.4 - https:\/\/yoast.com\/product\/yoast-seo-wordpress\/ -->\n<title>MPPPST avanza en la formaci\u00f3n de la clase obrera en M\u00e9rida - MPPPST<\/title>\n<meta name=\"description\" content=\"Para avanzar en la formaci\u00f3n de la clase obrera, el Ministerio de Trabajo se re\u00fane con autoridades de la Universidad Polit\u00e9cnica Territorial \u201cKleber Ram\u00edrez&quot; de M\u00e9rida\" \/>\n<meta name=\"robots\" content=\"index, follow, max-snippet:-1, max-image-preview:large, max-video-preview:-1\" \/>\n<link rel=\"canonical\" href=\"https:\/\/www.mpppst.gob.ve\/mpppstweb\/index.php\/2024\/01\/27\/formacion-clase-obrera-merida\/\" \/>\n<meta property=\"og:locale\" content=\"es_ES\" \/>\n<meta property=\"og:type\" content=\"article\" \/>\n<meta property=\"og:title\" content=\"MPPPST avanza en la formaci\u00f3n de la clase obrera en M\u00e9rida - MPPPST\" \/>\n<meta property=\"og:description\" content=\"Para avanzar en la formaci\u00f3n de la clase obrera, el Ministerio de Trabajo se re\u00fane con autoridades de la Universidad Polit\u00e9cnica Territorial \u201cKleber Ram\u00edrez&quot; de M\u00e9rida\" \/>\n<meta property=\"og:url\" content=\"https:\/\/www.mpppst.gob.ve\/mpppstweb\/index.php\/2024\/01\/27\/formacion-clase-obrera-merida\/\" \/>\n<meta property=\"og:site_name\" content=\"MPPPST\" \/>\n<meta property=\"article:publisher\" content=\"https:\/\/www.facebook.com\/mintrabajo_ve\" \/>\n<meta property=\"article:published_time\" content=\"2024-01-27T14:35:00+00:00\" \/>\n<meta property=\"article:modified_time\" content=\"2024-02-13T19:25:42+00:00\" \/>\n<meta property=\"og:image\" content=\"https:\/\/www.mpppst.gob.ve\/mpppstweb\/wp-content\/uploads\/2024\/01\/WhatsApp-Image-2024-01-31-at-08.14.15-e1706712997581.jpeg\" \/>\n\t<meta property=\"og:image:width\" content=\"1020\" \/>\n\t<meta property=\"og:image:height\" content=\"557\" \/>\n\t<meta property=\"og:image:type\" content=\"image\/jpeg\" \/>\n<meta name=\"author\" content=\"MPPPST Prensa\" \/>\n<meta name=\"twitter:card\" content=\"summary_large_image\" \/>\n<script type=\"application\/ld+json\" class=\"yoast-schema-graph\">{\"@context\":\"https:\\\/\\\/schema.org\",\"@graph\":[{\"@type\":\"Article\",\"@id\":\"https:\\\/\\\/www.mpppst.gob.ve\\\/mpppstweb\\\/index.php\\\/2024\\\/01\\\/27\\\/formacion-clase-obrera-merida\\\/#article\",\"isPartOf\":{\"@id\":\"https:\\\/\\\/www.mpppst.gob.ve\\\/mpppstweb\\\/index.php\\\/2024\\\/01\\\/27\\\/formacion-clase-obrera-merida\\\/\"},\"author\":{\"name\":\"MPPPST Prensa\",\"@id\":\"https:\\\/\\\/www.mpppst.gob.ve\\\/mpppstweb\\\/#\\\/schema\\\/person\\\/fc187ee8ead412bd4c9304b62f900ea4\"},\"headline\":\"MPPPST avanza en la formaci\u00f3n de la clase obrera en M\u00e9rida\",\"datePublished\":\"2024-01-27T14:35:00+00:00\",\"dateModified\":\"2024-02-13T19:25:42+00:00\",\"mainEntityOfPage\":{\"@id\":\"https:\\\/\\\/www.mpppst.gob.ve\\\/mpppstweb\\\/index.php\\\/2024\\\/01\\\/27\\\/formacion-clase-obrera-merida\\\/\"},\"wordCount\":216,\"publisher\":{\"@id\":\"https:\\\/\\\/www.mpppst.gob.ve\\\/mpppstweb\\\/#organization\"},\"image\":{\"@id\":\"https:\\\/\\\/www.mpppst.gob.ve\\\/mpppstweb\\\/index.php\\\/2024\\\/01\\\/27\\\/formacion-clase-obrera-merida\\\/#primaryimage\"},\"thumbnailUrl\":\"https:\\\/\\\/www.mpppst.gob.ve\\\/mpppstweb\\\/wp-content\\\/uploads\\\/2024\\\/01\\\/WhatsApp-Image-2024-01-31-at-08.14.15-e1706712997581.jpeg\",\"keywords\":[\"M\u00e9rida\",\"MPPPST\"],\"articleSection\":[\"Noticias\",\"Regionales\"],\"inLanguage\":\"es\"},{\"@type\":\"WebPage\",\"@id\":\"https:\\\/\\\/www.mpppst.gob.ve\\\/mpppstweb\\\/index.php\\\/2024\\\/01\\\/27\\\/formacion-clase-obrera-merida\\\/\",\"url\":\"https:\\\/\\\/www.mpppst.gob.ve\\\/mpppstweb\\\/index.php\\\/2024\\\/01\\\/27\\\/formacion-clase-obrera-merida\\\/\",\"name\":\"MPPPST avanza en la formaci\u00f3n de la clase obrera en M\u00e9rida - MPPPST\",\"isPartOf\":{\"@id\":\"https:\\\/\\\/www.mpppst.gob.ve\\\/mpppstweb\\\/#website\"},\"primaryImageOfPage\":{\"@id\":\"https:\\\/\\\/www.mpppst.gob.ve\\\/mpppstweb\\\/index.php\\\/2024\\\/01\\\/27\\\/formacion-clase-obrera-merida\\\/#primaryimage\"},\"image\":{\"@id\":\"https:\\\/\\\/www.mpppst.gob.ve\\\/mpppstweb\\\/index.php\\\/2024\\\/01\\\/27\\\/formacion-clase-obrera-merida\\\/#primaryimage\"},\"thumbnailUrl\":\"https:\\\/\\\/www.mpppst.gob.ve\\\/mpppstweb\\\/wp-content\\\/uploads\\\/2024\\\/01\\\/WhatsApp-Image-2024-01-31-at-08.14.15-e1706712997581.jpeg\",\"datePublished\":\"2024-01-27T14:35:00+00:00\",\"dateModified\":\"2024-02-13T19:25:42+00:00\",\"description\":\"Para avanzar en la formaci\u00f3n de la clase obrera, el Ministerio de Trabajo se re\u00fane con autoridades de la Universidad Polit\u00e9cnica Territorial \u201cKleber Ram\u00edrez\\\" de M\u00e9rida\",\"breadcrumb\":{\"@id\":\"https:\\\/\\\/www.mpppst.gob.ve\\\/mpppstweb\\\/index.php\\\/2024\\\/01\\\/27\\\/formacion-clase-obrera-merida\\\/#breadcrumb\"},\"inLanguage\":\"es\",\"potentialAction\":[{\"@type\":\"ReadAction\",\"target\":[\"https:\\\/\\\/www.mpppst.gob.ve\\\/mpppstweb\\\/index.php\\\/2024\\\/01\\\/27\\\/formacion-clase-obrera-merida\\\/\"]}]},{\"@type\":\"ImageObject\",\"inLanguage\":\"es\",\"@id\":\"https:\\\/\\\/www.mpppst.gob.ve\\\/mpppstweb\\\/index.php\\\/2024\\\/01\\\/27\\\/formacion-clase-obrera-merida\\\/#primaryimage\",\"url\":\"https:\\\/\\\/www.mpppst.gob.ve\\\/mpppstweb\\\/wp-content\\\/uploads\\\/2024\\\/01\\\/WhatsApp-Image-2024-01-31-at-08.14.15-e1706712997581.jpeg\",\"contentUrl\":\"https:\\\/\\\/www.mpppst.gob.ve\\\/mpppstweb\\\/wp-content\\\/uploads\\\/2024\\\/01\\\/WhatsApp-Image-2024-01-31-at-08.14.15-e1706712997581.jpeg\",\"width\":1020,\"height\":557,\"caption\":\"MPPPST avanza en la formaci\u00f3n de la clase obrera en M\u00e9rida\"},{\"@type\":\"BreadcrumbList\",\"@id\":\"https:\\\/\\\/www.mpppst.gob.ve\\\/mpppstweb\\\/index.php\\\/2024\\\/01\\\/27\\\/formacion-clase-obrera-merida\\\/#breadcrumb\",\"itemListElement\":[{\"@type\":\"ListItem\",\"position\":1,\"name\":\"Home\",\"item\":\"https:\\\/\\\/www.mpppst.gob.ve\\\/mpppstweb\\\/\"},{\"@type\":\"ListItem\",\"position\":2,\"name\":\"MPPPST avanza en la formaci\u00f3n de la clase obrera en M\u00e9rida\"}]},{\"@type\":\"WebSite\",\"@id\":\"https:\\\/\\\/www.mpppst.gob.ve\\\/mpppstweb\\\/#website\",\"url\":\"https:\\\/\\\/www.mpppst.gob.ve\\\/mpppstweb\\\/\",\"name\":\"MPPPST\",\"description\":\"Sitio web oficial del Ministerio del Poder Popular para el Proceso Social de Trabajo\",\"publisher\":{\"@id\":\"https:\\\/\\\/www.mpppst.gob.ve\\\/mpppstweb\\\/#organization\"},\"alternateName\":\"Ministerio del Poder Popular para el Proceso Social de Trabajo\",\"potentialAction\":[{\"@type\":\"SearchAction\",\"target\":{\"@type\":\"EntryPoint\",\"urlTemplate\":\"https:\\\/\\\/www.mpppst.gob.ve\\\/mpppstweb\\\/?s={search_term_string}\"},\"query-input\":{\"@type\":\"PropertyValueSpecification\",\"valueRequired\":true,\"valueName\":\"search_term_string\"}}],\"inLanguage\":\"es\"},{\"@type\":\"Organization\",\"@id\":\"https:\\\/\\\/www.mpppst.gob.ve\\\/mpppstweb\\\/#organization\",\"name\":\"Ministerio del Poder Popular para el Proceso Social de Trabajo\",\"alternateName\":\"MPPPST\",\"url\":\"https:\\\/\\\/www.mpppst.gob.ve\\\/mpppstweb\\\/\",\"logo\":{\"@type\":\"ImageObject\",\"inLanguage\":\"es\",\"@id\":\"https:\\\/\\\/www.mpppst.gob.ve\\\/mpppstweb\\\/#\\\/schema\\\/logo\\\/image\\\/\",\"url\":\"https:\\\/\\\/www.mpppst.gob.ve\\\/mpppstweb\\\/wp-content\\\/uploads\\\/2025\\\/07\\\/cropped-cropped-g910.png\",\"contentUrl\":\"https:\\\/\\\/www.mpppst.gob.ve\\\/mpppstweb\\\/wp-content\\\/uploads\\\/2025\\\/07\\\/cropped-cropped-g910.png\",\"width\":1080,\"height\":241,\"caption\":\"Ministerio del Poder Popular para el Proceso Social de Trabajo\"},\"image\":{\"@id\":\"https:\\\/\\\/www.mpppst.gob.ve\\\/mpppstweb\\\/#\\\/schema\\\/logo\\\/image\\\/\"},\"sameAs\":[\"https:\\\/\\\/www.facebook.com\\\/mintrabajo_ve\",\"https:\\\/\\\/www.instagram.com\\\/mintrabajo_ve\\\/\",\"https:\\\/\\\/www.tiktok.com\\\/@mintrabajo_ve\",\"https:\\\/\\\/t.me\\\/mpppst\"]},{\"@type\":\"Person\",\"@id\":\"https:\\\/\\\/www.mpppst.gob.ve\\\/mpppstweb\\\/#\\\/schema\\\/person\\\/fc187ee8ead412bd4c9304b62f900ea4\",\"name\":\"MPPPST Prensa\",\"url\":\"https:\\\/\\\/www.mpppst.gob.ve\\\/mpppstweb\\\/index.php\\\/author\\\/prensa-mpppst\\\/\"}]}<\/script>\n<!-- \/ Yoast SEO plugin. -->","yoast_head_json":{"title":"MPPPST avanza en la formaci\u00f3n de la clase obrera en M\u00e9rida - MPPPST","description":"Para avanzar en la formaci\u00f3n de la clase obrera, el Ministerio de Trabajo se re\u00fane con autoridades de la Universidad Polit\u00e9cnica Territorial \u201cKleber Ram\u00edrez\" de M\u00e9rida","robots":{"index":"index","follow":"follow","max-snippet":"max-snippet:-1","max-image-preview":"max-image-preview:large","max-video-preview":"max-video-preview:-1"},"canonical":"https:\/\/www.mpppst.gob.ve\/mpppstweb\/index.php\/2024\/01\/27\/formacion-clase-obrera-merida\/","og_locale":"es_ES","og_type":"article","og_title":"MPPPST avanza en la formaci\u00f3n de la clase obrera en M\u00e9rida - MPPPST","og_description":"Para avanzar en la formaci\u00f3n de la clase obrera, el Ministerio de Trabajo se re\u00fane con autoridades de la Universidad Polit\u00e9cnica Territorial \u201cKleber Ram\u00edrez\" de M\u00e9rida","og_url":"https:\/\/www.mpppst.gob.ve\/mpppstweb\/index.php\/2024\/01\/27\/formacion-clase-obrera-merida\/","og_site_name":"MPPPST","article_publisher":"https:\/\/www.facebook.com\/mintrabajo_ve","article_published_time":"2024-01-27T14:35:00+00:00","article_modified_time":"2024-02-13T19:25:42+00:00","og_image":[{"width":1020,"height":557,"url":"https:\/\/www.mpppst.gob.ve\/mpppstweb\/wp-content\/uploads\/2024\/01\/WhatsApp-Image-2024-01-31-at-08.14.15-e1706712997581.jpeg","type":"image\/jpeg"}],"author":"MPPPST Prensa","twitter_card":"summary_large_image","schema":{"@context":"https:\/\/schema.org","@graph":[{"@type":"Article","@id":"https:\/\/www.mpppst.gob.ve\/mpppstweb\/index.php\/2024\/01\/27\/formacion-clase-obrera-merida\/#article","isPartOf":{"@id":"https:\/\/www.mpppst.gob.ve\/mpppstweb\/index.php\/2024\/01\/27\/formacion-clase-obrera-merida\/"},"author":{"name":"MPPPST Prensa","@id":"https:\/\/www.mpppst.gob.ve\/mpppstweb\/#\/schema\/person\/fc187ee8ead412bd4c9304b62f900ea4"},"headline":"MPPPST avanza en la formaci\u00f3n de la clase obrera en M\u00e9rida","datePublished":"2024-01-27T14:35:00+00:00","dateModified":"2024-02-13T19:25:42+00:00","mainEntityOfPage":{"@id":"https:\/\/www.mpppst.gob.ve\/mpppstweb\/index.php\/2024\/01\/27\/formacion-clase-obrera-merida\/"},"wordCount":216,"publisher":{"@id":"https:\/\/www.mpppst.gob.ve\/mpppstweb\/#organization"},"image":{"@id":"https:\/\/www.mpppst.gob.ve\/mpppstweb\/index.php\/2024\/01\/27\/formacion-clase-obrera-merida\/#primaryimage"},"thumbnailUrl":"https:\/\/www.mpppst.gob.ve\/mpppstweb\/wp-content\/uploads\/2024\/01\/WhatsApp-Image-2024-01-31-at-08.14.15-e1706712997581.jpeg","keywords":["M\u00e9rida","MPPPST"],"articleSection":["Noticias","Regionales"],"inLanguage":"es"},{"@type":"WebPage","@id":"https:\/\/www.mpppst.gob.ve\/mpppstweb\/index.php\/2024\/01\/27\/formacion-clase-obrera-merida\/","url":"https:\/\/www.mpppst.gob.ve\/mpppstweb\/index.php\/2024\/01\/27\/formacion-clase-obrera-merida\/","name":"MPPPST avanza en la formaci\u00f3n de la clase obrera en M\u00e9rida - MPPPST","isPartOf":{"@id":"https:\/\/www.mpppst.gob.ve\/mpppstweb\/#website"},"primaryImageOfPage":{"@id":"https:\/\/www.mpppst.gob.ve\/mpppstweb\/index.php\/2024\/01\/27\/formacion-clase-obrera-merida\/#primaryimage"},"image":{"@id":"https:\/\/www.mpppst.gob.ve\/mpppstweb\/index.php\/2024\/01\/27\/formacion-clase-obrera-merida\/#primaryimage"},"thumbnailUrl":"https:\/\/www.mpppst.gob.ve\/mpppstweb\/wp-content\/uploads\/2024\/01\/WhatsApp-Image-2024-01-31-at-08.14.15-e1706712997581.jpeg","datePublished":"2024-01-27T14:35:00+00:00","dateModified":"2024-02-13T19:25:42+00:00","description":"Para avanzar en la formaci\u00f3n de la clase obrera, el Ministerio de Trabajo se re\u00fane con autoridades de la Universidad Polit\u00e9cnica Territorial \u201cKleber Ram\u00edrez\" de M\u00e9rida","breadcrumb":{"@id":"https:\/\/www.mpppst.gob.ve\/mpppstweb\/index.php\/2024\/01\/27\/formacion-clase-obrera-merida\/#breadcrumb"},"inLanguage":"es","potentialAction":[{"@type":"ReadAction","target":["https:\/\/www.mpppst.gob.ve\/mpppstweb\/index.php\/2024\/01\/27\/formacion-clase-obrera-merida\/"]}]},{"@type":"ImageObject","inLanguage":"es","@id":"https:\/\/www.mpppst.gob.ve\/mpppstweb\/index.php\/2024\/01\/27\/formacion-clase-obrera-merida\/#primaryimage","url":"https:\/\/www.mpppst.gob.ve\/mpppstweb\/wp-content\/uploads\/2024\/01\/WhatsApp-Image-2024-01-31-at-08.14.15-e1706712997581.jpeg","contentUrl":"https:\/\/www.mpppst.gob.ve\/mpppstweb\/wp-content\/uploads\/2024\/01\/WhatsApp-Image-2024-01-31-at-08.14.15-e1706712997581.jpeg","width":1020,"height":557,"caption":"MPPPST avanza en la formaci\u00f3n de la clase obrera en M\u00e9rida"},{"@type":"BreadcrumbList","@id":"https:\/\/www.mpppst.gob.ve\/mpppstweb\/index.php\/2024\/01\/27\/formacion-clase-obrera-merida\/#breadcrumb","itemListElement":[{"@type":"ListItem","position":1,"name":"Home","item":"https:\/\/www.mpppst.gob.ve\/mpppstweb\/"},{"@type":"ListItem","position":2,"name":"MPPPST avanza en la formaci\u00f3n de la clase obrera en M\u00e9rida"}]},{"@type":"WebSite","@id":"https:\/\/www.mpppst.gob.ve\/mpppstweb\/#website","url":"https:\/\/www.mpppst.gob.ve\/mpppstweb\/","name":"MPPPST","description":"Sitio web oficial del Ministerio del Poder Popular para el Proceso Social de Trabajo","publisher":{"@id":"https:\/\/www.mpppst.gob.ve\/mpppstweb\/#organization"},"alternateName":"Ministerio del Poder Popular para el Proceso Social de Trabajo","potentialAction":[{"@type":"SearchAction","target":{"@type":"EntryPoint","urlTemplate":"https:\/\/www.mpppst.gob.ve\/mpppstweb\/?s={search_term_string}"},"query-input":{"@type":"PropertyValueSpecification","valueRequired":true,"valueName":"search_term_string"}}],"inLanguage":"es"},{"@type":"Organization","@id":"https:\/\/www.mpppst.gob.ve\/mpppstweb\/#organization","name":"Ministerio del Poder Popular para el Proceso Social de Trabajo","alternateName":"MPPPST","url":"https:\/\/www.mpppst.gob.ve\/mpppstweb\/","logo":{"@type":"ImageObject","inLanguage":"es","@id":"https:\/\/www.mpppst.gob.ve\/mpppstweb\/#\/schema\/logo\/image\/","url":"https:\/\/www.mpppst.gob.ve\/mpppstweb\/wp-content\/uploads\/2025\/07\/cropped-cropped-g910.png","contentUrl":"https:\/\/www.mpppst.gob.ve\/mpppstweb\/wp-content\/uploads\/2025\/07\/cropped-cropped-g910.png","width":1080,"height":241,"caption":"Ministerio del Poder Popular para el Proceso Social de Trabajo"},"image":{"@id":"https:\/\/www.mpppst.gob.ve\/mpppstweb\/#\/schema\/logo\/image\/"},"sameAs":["https:\/\/www.facebook.com\/mintrabajo_ve","https:\/\/www.instagram.com\/mintrabajo_ve\/","https:\/\/www.tiktok.com\/@mintrabajo_ve","https:\/\/t.me\/mpppst"]},{"@type":"Person","@id":"https:\/\/www.mpppst.gob.ve\/mpppstweb\/#\/schema\/person\/fc187ee8ead412bd4c9304b62f900ea4","name":"MPPPST Prensa","url":"https:\/\/www.mpppst.gob.ve\/mpppstweb\/index.php\/author\/prensa-mpppst\/"}]}},"_links":{"self":[{"href":"https:\/\/www.mpppst.gob.ve\/mpppstweb\/index.php\/wp-json\/wp\/v2\/posts\/25716","targetHints":{"allow":["GET"]}}],"collection":[{"href":"https:\/\/www.mpppst.gob.ve\/mpppstweb\/index.php\/wp-json\/wp\/v2\/posts"}],"about":[{"href":"https:\/\/www.mpppst.gob.ve\/mpppstweb\/index.php\/wp-json\/wp\/v2\/types\/post"}],"author":[{"embeddable":true,"href":"https:\/\/www.mpppst.gob.ve\/mpppstweb\/index.php\/wp-json\/wp\/v2\/users\/25"}],"replies":[{"embeddable":true,"href":"https:\/\/www.mpppst.gob.ve\/mpppstweb\/index.php\/wp-json\/wp\/v2\/comments?post=25716"}],"version-history":[{"count":2,"href":"https:\/\/www.mpppst.gob.ve\/mpppstweb\/index.php\/wp-json\/wp\/v2\/posts\/25716\/revisions"}],"predecessor-version":[{"id":25725,"href":"https:\/\/www.mpppst.gob.ve\/mpppstweb\/index.php\/wp-json\/wp\/v2\/posts\/25716\/revisions\/25725"}],"wp:featuredmedia":[{"embeddable":true,"href":"https:\/\/www.mpppst.gob.ve\/mpppstweb\/index.php\/wp-json\/wp\/v2\/media\/25722"}],"wp:attachment":[{"href":"https:\/\/www.mpppst.gob.ve\/mpppstweb\/index.php\/wp-json\/wp\/v2\/media?parent=25716"}],"wp:term":[{"taxonomy":"category","embeddable":true,"href":"https:\/\/www.mpppst.gob.ve\/mpppstweb\/index.php\/wp-json\/wp\/v2\/categories?post=25716"},{"taxonomy":"post_tag","embeddable":true,"href":"https:\/\/www.mpppst.gob.ve\/mpppstweb\/index.php\/wp-json\/wp\/v2\/tags?post=25716"}],"curies":[{"name":"wp","href":"https:\/\/api.w.org\/{rel}","templated":true}]}}