{"id":25819,"date":"2024-02-06T18:02:00","date_gmt":"2024-02-06T22:02:00","guid":{"rendered":"http:\/\/www.mpppst.gob.ve\/mpppstweb\/?p=25819"},"modified":"2024-02-07T16:29:13","modified_gmt":"2024-02-07T20:29:13","slug":"culmino-expo-feria-gobierno-2024","status":"publish","type":"post","link":"https:\/\/www.mpppst.gob.ve\/mpppstweb\/index.php\/2024\/02\/06\/culmino-expo-feria-gobierno-2024\/","title":{"rendered":"Clausura de la Expo-Feria Gobierno 2024 recorre logros de la Revoluci\u00f3n Bolivariana"},"content":{"rendered":"\n<p class=\"wp-block-paragraph\"><strong>MPPPST, Caracas.-<\/strong> Con gran \u00e9xito culmin\u00f3 este martes la <strong>Expo-Feria Gobierno 2024<\/strong>, un evento que durante cuatro d\u00edas reuni\u00f3 a los entes ministeriales del pa\u00eds para mostrar los avances y logros alcanzados en <strong>25 a\u00f1os de Revoluci\u00f3n Bolivariana<\/strong> en el <strong>Poliedro de Caracas<\/strong>.<\/p>\n\n\n\n<p class=\"wp-block-paragraph\">La actividad cont\u00f3 con 33 entes ministeriales, el Sistema 1\u00d710 del Buen Gobierno y el Sistema Patria, distribuidos en 36 stands, donde los ministerios expusieron sus principales programas y proyectos para el disfrute del pueblo venezolano.<\/p>\n\n\n\n<p class=\"wp-block-paragraph\">Durante la ExpoGobierno 2024, el <strong>Ministerio del Poder Popular para el Proceso Social de Trabajo <\/strong>dio a conocer las <strong>mejoras en las condiciones laborales y la protecci\u00f3n social<\/strong> de las y los trabajadores venezolanos obtenidos en dos d\u00e9cadas de Revoluci\u00f3n.<\/p>\n\n\n\n<p class=\"wp-block-paragraph\">Asimismo, los visitantes pudieron disfrutar y conocer de cerca los logros obtenidos para la clase obrera, las misiones sociales, los planes de desarrollo econ\u00f3mico, los avances en materia de ciencia y tecnolog\u00eda, y las obras de infraestructura que se han realizado en el pa\u00eds durante los \u00faltimos 25 a\u00f1os.<\/p>\n\n\n\n<p class=\"wp-block-paragraph\">La Expo-Feria Gobierno 2024 no solo fue un espacio para mostrar los logros del gobierno, sino tambi\u00e9n para la interacci\u00f3n y el aprendizaje, al tiempo que participaron en talleres y conferencias sobre diversos temas de inter\u00e9s nacional.<\/p>\n\n\n\n<p class=\"wp-block-paragraph\"><strong>Prensa MPPPST<\/strong>\/<strong>Scarlett Kirian<\/strong><\/p>\n\n\n\n<figure class=\"wp-block-image size-large is-resized\"><a href=\"https:\/\/www.mpppst.gob.ve\/mpppstweb\/wp-content\/uploads\/2024\/02\/WhatsApp-Image-2024-02-07-at-16.24.06.jpeg\"><img loading=\"lazy\" decoding=\"async\" width=\"1024\" height=\"576\" src=\"https:\/\/www.mpppst.gob.ve\/mpppstweb\/wp-content\/uploads\/2024\/02\/WhatsApp-Image-2024-02-07-at-16.24.06-1024x576.jpeg\" alt=\"Clausura de la Expo-Feria Gobierno 2024 recorre logros de la Revoluci\u00f3n Bolivariana\" class=\"wp-image-25820\" style=\"aspect-ratio:1.7777777777777777;width:900px;height:auto\" srcset=\"https:\/\/www.mpppst.gob.ve\/mpppstweb\/wp-content\/uploads\/2024\/02\/WhatsApp-Image-2024-02-07-at-16.24.06-1024x576.jpeg 1024w, https:\/\/www.mpppst.gob.ve\/mpppstweb\/wp-content\/uploads\/2024\/02\/WhatsApp-Image-2024-02-07-at-16.24.06-300x169.jpeg 300w, https:\/\/www.mpppst.gob.ve\/mpppstweb\/wp-content\/uploads\/2024\/02\/WhatsApp-Image-2024-02-07-at-16.24.06-768x432.jpeg 768w, https:\/\/www.mpppst.gob.ve\/mpppstweb\/wp-content\/uploads\/2024\/02\/WhatsApp-Image-2024-02-07-at-16.24.06.jpeg 1080w\" sizes=\"auto, (max-width: 1024px) 100vw, 1024px\" \/><\/a><figcaption class=\"wp-element-caption\">Stand del Ministerio del Proceso Social de Trabajo en la Expo-Feria Gobierno 2024, en el Poliedro de Caracas.<\/figcaption><\/figure>\n","protected":false},"excerpt":{"rendered":"<p>La actividad cont\u00f3 con 33 entes ministeriales, el Sistema 1\u00d710 del Buen Gobierno y el Sistema Patria, distribuidos en 36 stands, donde los ministerios expusieron sus principales programas y proyectos para el disfrute del pueblo venezolano.<\/p>\n","protected":false},"author":25,"featured_media":25820,"comment_status":"closed","ping_status":"closed","sticky":false,"template":"","format":"standard","meta":{"footnotes":""},"categories":[82,83,163],"tags":[662,666,225,223,341,667,227,224],"class_list":["post-25819","post","type-post","status-publish","format-standard","has-post-thumbnail","hentry","category-gobierno-nacional","category-ministerio","category-noticias","tag-expo-gobierno","tag-expo-feria-gobierno-2024","tag-fuerza-laboral","tag-mpppst","tag-nicolas-maduro","tag-poliedro","tag-proceso-social","tag-revolucion-bolivariana"],"yoast_head":"<!-- This site is optimized with the Yoast SEO plugin v28.4 - https:\/\/yoast.com\/product\/yoast-seo-wordpress\/ -->\n<title>Clausura de la Expo-Feria Gobierno 2024 recorre logros de la Revoluci\u00f3n Bolivariana - MPPPST<\/title>\n<meta name=\"description\" content=\"Con gran \u00e9xito culmin\u00f3 la Expo-Feria Gobierno 2024, un evento que durante cuatro d\u00edas mostr\u00f3 los avances y logros conquistados en 25 a\u00f1os d...\" \/>\n<meta name=\"robots\" content=\"index, follow, max-snippet:-1, max-image-preview:large, max-video-preview:-1\" \/>\n<link rel=\"canonical\" href=\"https:\/\/www.mpppst.gob.ve\/mpppstweb\/index.php\/2024\/02\/06\/culmino-expo-feria-gobierno-2024\/\" \/>\n<meta property=\"og:locale\" content=\"es_ES\" \/>\n<meta property=\"og:type\" content=\"article\" \/>\n<meta property=\"og:title\" content=\"Clausura de la Expo-Feria Gobierno 2024 recorre logros de la Revoluci\u00f3n Bolivariana - MPPPST\" \/>\n<meta property=\"og:description\" content=\"Con gran \u00e9xito culmin\u00f3 la Expo-Feria Gobierno 2024, un evento que durante cuatro d\u00edas mostr\u00f3 los avances y logros conquistados en 25 a\u00f1os d...\" \/>\n<meta property=\"og:url\" content=\"https:\/\/www.mpppst.gob.ve\/mpppstweb\/index.php\/2024\/02\/06\/culmino-expo-feria-gobierno-2024\/\" \/>\n<meta property=\"og:site_name\" content=\"MPPPST\" \/>\n<meta property=\"article:publisher\" content=\"https:\/\/www.facebook.com\/mintrabajo_ve\" \/>\n<meta property=\"article:published_time\" content=\"2024-02-06T22:02:00+00:00\" \/>\n<meta property=\"article:modified_time\" content=\"2024-02-07T20:29:13+00:00\" \/>\n<meta property=\"og:image\" content=\"https:\/\/www.mpppst.gob.ve\/mpppstweb\/wp-content\/uploads\/2024\/02\/WhatsApp-Image-2024-02-07-at-16.24.06.jpeg\" \/>\n\t<meta property=\"og:image:width\" content=\"1080\" \/>\n\t<meta property=\"og:image:height\" content=\"608\" \/>\n\t<meta property=\"og:image:type\" content=\"image\/jpeg\" \/>\n<meta name=\"author\" content=\"MPPPST Prensa\" \/>\n<meta name=\"twitter:card\" content=\"summary_large_image\" \/>\n<script type=\"application\/ld+json\" class=\"yoast-schema-graph\">{\"@context\":\"https:\\\/\\\/schema.org\",\"@graph\":[{\"@type\":\"Article\",\"@id\":\"https:\\\/\\\/www.mpppst.gob.ve\\\/mpppstweb\\\/index.php\\\/2024\\\/02\\\/06\\\/culmino-expo-feria-gobierno-2024\\\/#article\",\"isPartOf\":{\"@id\":\"https:\\\/\\\/www.mpppst.gob.ve\\\/mpppstweb\\\/index.php\\\/2024\\\/02\\\/06\\\/culmino-expo-feria-gobierno-2024\\\/\"},\"author\":{\"name\":\"MPPPST Prensa\",\"@id\":\"https:\\\/\\\/www.mpppst.gob.ve\\\/mpppstweb\\\/#\\\/schema\\\/person\\\/fc187ee8ead412bd4c9304b62f900ea4\"},\"headline\":\"Clausura de la Expo-Feria Gobierno 2024 recorre logros de la Revoluci\u00f3n Bolivariana\",\"datePublished\":\"2024-02-06T22:02:00+00:00\",\"dateModified\":\"2024-02-07T20:29:13+00:00\",\"mainEntityOfPage\":{\"@id\":\"https:\\\/\\\/www.mpppst.gob.ve\\\/mpppstweb\\\/index.php\\\/2024\\\/02\\\/06\\\/culmino-expo-feria-gobierno-2024\\\/\"},\"wordCount\":245,\"publisher\":{\"@id\":\"https:\\\/\\\/www.mpppst.gob.ve\\\/mpppstweb\\\/#organization\"},\"image\":{\"@id\":\"https:\\\/\\\/www.mpppst.gob.ve\\\/mpppstweb\\\/index.php\\\/2024\\\/02\\\/06\\\/culmino-expo-feria-gobierno-2024\\\/#primaryimage\"},\"thumbnailUrl\":\"https:\\\/\\\/www.mpppst.gob.ve\\\/mpppstweb\\\/wp-content\\\/uploads\\\/2024\\\/02\\\/WhatsApp-Image-2024-02-07-at-16.24.06.jpeg\",\"keywords\":[\"Expo Gobierno\",\"Expo-Feria Gobierno 2024\",\"Fuerza Laboral\",\"MPPPST\",\"Nicol\u00e1s Maduro\",\"Poliedro\",\"Proceso Social\",\"Revoluci\u00f3n Bolivariana\"],\"articleSection\":[\"Gobierno Nacional\",\"Ministerio\",\"Noticias\"],\"inLanguage\":\"es\"},{\"@type\":\"WebPage\",\"@id\":\"https:\\\/\\\/www.mpppst.gob.ve\\\/mpppstweb\\\/index.php\\\/2024\\\/02\\\/06\\\/culmino-expo-feria-gobierno-2024\\\/\",\"url\":\"https:\\\/\\\/www.mpppst.gob.ve\\\/mpppstweb\\\/index.php\\\/2024\\\/02\\\/06\\\/culmino-expo-feria-gobierno-2024\\\/\",\"name\":\"Clausura de la Expo-Feria Gobierno 2024 recorre logros de la Revoluci\u00f3n Bolivariana - MPPPST\",\"isPartOf\":{\"@id\":\"https:\\\/\\\/www.mpppst.gob.ve\\\/mpppstweb\\\/#website\"},\"primaryImageOfPage\":{\"@id\":\"https:\\\/\\\/www.mpppst.gob.ve\\\/mpppstweb\\\/index.php\\\/2024\\\/02\\\/06\\\/culmino-expo-feria-gobierno-2024\\\/#primaryimage\"},\"image\":{\"@id\":\"https:\\\/\\\/www.mpppst.gob.ve\\\/mpppstweb\\\/index.php\\\/2024\\\/02\\\/06\\\/culmino-expo-feria-gobierno-2024\\\/#primaryimage\"},\"thumbnailUrl\":\"https:\\\/\\\/www.mpppst.gob.ve\\\/mpppstweb\\\/wp-content\\\/uploads\\\/2024\\\/02\\\/WhatsApp-Image-2024-02-07-at-16.24.06.jpeg\",\"datePublished\":\"2024-02-06T22:02:00+00:00\",\"dateModified\":\"2024-02-07T20:29:13+00:00\",\"description\":\"Con gran \u00e9xito culmin\u00f3 la Expo-Feria Gobierno 2024, un evento que durante cuatro d\u00edas mostr\u00f3 los avances y logros conquistados en 25 a\u00f1os d...\",\"breadcrumb\":{\"@id\":\"https:\\\/\\\/www.mpppst.gob.ve\\\/mpppstweb\\\/index.php\\\/2024\\\/02\\\/06\\\/culmino-expo-feria-gobierno-2024\\\/#breadcrumb\"},\"inLanguage\":\"es\",\"potentialAction\":[{\"@type\":\"ReadAction\",\"target\":[\"https:\\\/\\\/www.mpppst.gob.ve\\\/mpppstweb\\\/index.php\\\/2024\\\/02\\\/06\\\/culmino-expo-feria-gobierno-2024\\\/\"]}]},{\"@type\":\"ImageObject\",\"inLanguage\":\"es\",\"@id\":\"https:\\\/\\\/www.mpppst.gob.ve\\\/mpppstweb\\\/index.php\\\/2024\\\/02\\\/06\\\/culmino-expo-feria-gobierno-2024\\\/#primaryimage\",\"url\":\"https:\\\/\\\/www.mpppst.gob.ve\\\/mpppstweb\\\/wp-content\\\/uploads\\\/2024\\\/02\\\/WhatsApp-Image-2024-02-07-at-16.24.06.jpeg\",\"contentUrl\":\"https:\\\/\\\/www.mpppst.gob.ve\\\/mpppstweb\\\/wp-content\\\/uploads\\\/2024\\\/02\\\/WhatsApp-Image-2024-02-07-at-16.24.06.jpeg\",\"width\":1080,\"height\":608,\"caption\":\"Clausura de la Expo-Feria Gobierno 2024 recorre logros de la Revoluci\u00f3n Bolivariana\"},{\"@type\":\"BreadcrumbList\",\"@id\":\"https:\\\/\\\/www.mpppst.gob.ve\\\/mpppstweb\\\/index.php\\\/2024\\\/02\\\/06\\\/culmino-expo-feria-gobierno-2024\\\/#breadcrumb\",\"itemListElement\":[{\"@type\":\"ListItem\",\"position\":1,\"name\":\"Home\",\"item\":\"https:\\\/\\\/www.mpppst.gob.ve\\\/mpppstweb\\\/\"},{\"@type\":\"ListItem\",\"position\":2,\"name\":\"Clausura de la Expo-Feria Gobierno 2024 recorre logros de la Revoluci\u00f3n Bolivariana\"}]},{\"@type\":\"WebSite\",\"@id\":\"https:\\\/\\\/www.mpppst.gob.ve\\\/mpppstweb\\\/#website\",\"url\":\"https:\\\/\\\/www.mpppst.gob.ve\\\/mpppstweb\\\/\",\"name\":\"MPPPST\",\"description\":\"Sitio web oficial del Ministerio del Poder Popular para el Proceso Social de Trabajo\",\"publisher\":{\"@id\":\"https:\\\/\\\/www.mpppst.gob.ve\\\/mpppstweb\\\/#organization\"},\"alternateName\":\"Ministerio del Poder Popular para el Proceso Social de Trabajo\",\"potentialAction\":[{\"@type\":\"SearchAction\",\"target\":{\"@type\":\"EntryPoint\",\"urlTemplate\":\"https:\\\/\\\/www.mpppst.gob.ve\\\/mpppstweb\\\/?s={search_term_string}\"},\"query-input\":{\"@type\":\"PropertyValueSpecification\",\"valueRequired\":true,\"valueName\":\"search_term_string\"}}],\"inLanguage\":\"es\"},{\"@type\":\"Organization\",\"@id\":\"https:\\\/\\\/www.mpppst.gob.ve\\\/mpppstweb\\\/#organization\",\"name\":\"Ministerio del Poder Popular para el Proceso Social de Trabajo\",\"alternateName\":\"MPPPST\",\"url\":\"https:\\\/\\\/www.mpppst.gob.ve\\\/mpppstweb\\\/\",\"logo\":{\"@type\":\"ImageObject\",\"inLanguage\":\"es\",\"@id\":\"https:\\\/\\\/www.mpppst.gob.ve\\\/mpppstweb\\\/#\\\/schema\\\/logo\\\/image\\\/\",\"url\":\"https:\\\/\\\/www.mpppst.gob.ve\\\/mpppstweb\\\/wp-content\\\/uploads\\\/2025\\\/07\\\/cropped-cropped-g910.png\",\"contentUrl\":\"https:\\\/\\\/www.mpppst.gob.ve\\\/mpppstweb\\\/wp-content\\\/uploads\\\/2025\\\/07\\\/cropped-cropped-g910.png\",\"width\":1080,\"height\":241,\"caption\":\"Ministerio del Poder Popular para el Proceso Social de Trabajo\"},\"image\":{\"@id\":\"https:\\\/\\\/www.mpppst.gob.ve\\\/mpppstweb\\\/#\\\/schema\\\/logo\\\/image\\\/\"},\"sameAs\":[\"https:\\\/\\\/www.facebook.com\\\/mintrabajo_ve\",\"https:\\\/\\\/www.instagram.com\\\/mintrabajo_ve\\\/\",\"https:\\\/\\\/www.tiktok.com\\\/@mintrabajo_ve\",\"https:\\\/\\\/t.me\\\/mpppst\"]},{\"@type\":\"Person\",\"@id\":\"https:\\\/\\\/www.mpppst.gob.ve\\\/mpppstweb\\\/#\\\/schema\\\/person\\\/fc187ee8ead412bd4c9304b62f900ea4\",\"name\":\"MPPPST Prensa\",\"url\":\"https:\\\/\\\/www.mpppst.gob.ve\\\/mpppstweb\\\/index.php\\\/author\\\/prensa-mpppst\\\/\"}]}<\/script>\n<!-- \/ Yoast SEO plugin. -->","yoast_head_json":{"title":"Clausura de la Expo-Feria Gobierno 2024 recorre logros de la Revoluci\u00f3n Bolivariana - MPPPST","description":"Con gran \u00e9xito culmin\u00f3 la Expo-Feria Gobierno 2024, un evento que durante cuatro d\u00edas mostr\u00f3 los avances y logros conquistados en 25 a\u00f1os d...","robots":{"index":"index","follow":"follow","max-snippet":"max-snippet:-1","max-image-preview":"max-image-preview:large","max-video-preview":"max-video-preview:-1"},"canonical":"https:\/\/www.mpppst.gob.ve\/mpppstweb\/index.php\/2024\/02\/06\/culmino-expo-feria-gobierno-2024\/","og_locale":"es_ES","og_type":"article","og_title":"Clausura de la Expo-Feria Gobierno 2024 recorre logros de la Revoluci\u00f3n Bolivariana - MPPPST","og_description":"Con gran \u00e9xito culmin\u00f3 la Expo-Feria Gobierno 2024, un evento que durante cuatro d\u00edas mostr\u00f3 los avances y logros conquistados en 25 a\u00f1os d...","og_url":"https:\/\/www.mpppst.gob.ve\/mpppstweb\/index.php\/2024\/02\/06\/culmino-expo-feria-gobierno-2024\/","og_site_name":"MPPPST","article_publisher":"https:\/\/www.facebook.com\/mintrabajo_ve","article_published_time":"2024-02-06T22:02:00+00:00","article_modified_time":"2024-02-07T20:29:13+00:00","og_image":[{"width":1080,"height":608,"url":"https:\/\/www.mpppst.gob.ve\/mpppstweb\/wp-content\/uploads\/2024\/02\/WhatsApp-Image-2024-02-07-at-16.24.06.jpeg","type":"image\/jpeg"}],"author":"MPPPST Prensa","twitter_card":"summary_large_image","schema":{"@context":"https:\/\/schema.org","@graph":[{"@type":"Article","@id":"https:\/\/www.mpppst.gob.ve\/mpppstweb\/index.php\/2024\/02\/06\/culmino-expo-feria-gobierno-2024\/#article","isPartOf":{"@id":"https:\/\/www.mpppst.gob.ve\/mpppstweb\/index.php\/2024\/02\/06\/culmino-expo-feria-gobierno-2024\/"},"author":{"name":"MPPPST Prensa","@id":"https:\/\/www.mpppst.gob.ve\/mpppstweb\/#\/schema\/person\/fc187ee8ead412bd4c9304b62f900ea4"},"headline":"Clausura de la Expo-Feria Gobierno 2024 recorre logros de la Revoluci\u00f3n Bolivariana","datePublished":"2024-02-06T22:02:00+00:00","dateModified":"2024-02-07T20:29:13+00:00","mainEntityOfPage":{"@id":"https:\/\/www.mpppst.gob.ve\/mpppstweb\/index.php\/2024\/02\/06\/culmino-expo-feria-gobierno-2024\/"},"wordCount":245,"publisher":{"@id":"https:\/\/www.mpppst.gob.ve\/mpppstweb\/#organization"},"image":{"@id":"https:\/\/www.mpppst.gob.ve\/mpppstweb\/index.php\/2024\/02\/06\/culmino-expo-feria-gobierno-2024\/#primaryimage"},"thumbnailUrl":"https:\/\/www.mpppst.gob.ve\/mpppstweb\/wp-content\/uploads\/2024\/02\/WhatsApp-Image-2024-02-07-at-16.24.06.jpeg","keywords":["Expo Gobierno","Expo-Feria Gobierno 2024","Fuerza Laboral","MPPPST","Nicol\u00e1s Maduro","Poliedro","Proceso Social","Revoluci\u00f3n Bolivariana"],"articleSection":["Gobierno Nacional","Ministerio","Noticias"],"inLanguage":"es"},{"@type":"WebPage","@id":"https:\/\/www.mpppst.gob.ve\/mpppstweb\/index.php\/2024\/02\/06\/culmino-expo-feria-gobierno-2024\/","url":"https:\/\/www.mpppst.gob.ve\/mpppstweb\/index.php\/2024\/02\/06\/culmino-expo-feria-gobierno-2024\/","name":"Clausura de la Expo-Feria Gobierno 2024 recorre logros de la Revoluci\u00f3n Bolivariana - MPPPST","isPartOf":{"@id":"https:\/\/www.mpppst.gob.ve\/mpppstweb\/#website"},"primaryImageOfPage":{"@id":"https:\/\/www.mpppst.gob.ve\/mpppstweb\/index.php\/2024\/02\/06\/culmino-expo-feria-gobierno-2024\/#primaryimage"},"image":{"@id":"https:\/\/www.mpppst.gob.ve\/mpppstweb\/index.php\/2024\/02\/06\/culmino-expo-feria-gobierno-2024\/#primaryimage"},"thumbnailUrl":"https:\/\/www.mpppst.gob.ve\/mpppstweb\/wp-content\/uploads\/2024\/02\/WhatsApp-Image-2024-02-07-at-16.24.06.jpeg","datePublished":"2024-02-06T22:02:00+00:00","dateModified":"2024-02-07T20:29:13+00:00","description":"Con gran \u00e9xito culmin\u00f3 la Expo-Feria Gobierno 2024, un evento que durante cuatro d\u00edas mostr\u00f3 los avances y logros conquistados en 25 a\u00f1os d...","breadcrumb":{"@id":"https:\/\/www.mpppst.gob.ve\/mpppstweb\/index.php\/2024\/02\/06\/culmino-expo-feria-gobierno-2024\/#breadcrumb"},"inLanguage":"es","potentialAction":[{"@type":"ReadAction","target":["https:\/\/www.mpppst.gob.ve\/mpppstweb\/index.php\/2024\/02\/06\/culmino-expo-feria-gobierno-2024\/"]}]},{"@type":"ImageObject","inLanguage":"es","@id":"https:\/\/www.mpppst.gob.ve\/mpppstweb\/index.php\/2024\/02\/06\/culmino-expo-feria-gobierno-2024\/#primaryimage","url":"https:\/\/www.mpppst.gob.ve\/mpppstweb\/wp-content\/uploads\/2024\/02\/WhatsApp-Image-2024-02-07-at-16.24.06.jpeg","contentUrl":"https:\/\/www.mpppst.gob.ve\/mpppstweb\/wp-content\/uploads\/2024\/02\/WhatsApp-Image-2024-02-07-at-16.24.06.jpeg","width":1080,"height":608,"caption":"Clausura de la Expo-Feria Gobierno 2024 recorre logros de la Revoluci\u00f3n Bolivariana"},{"@type":"BreadcrumbList","@id":"https:\/\/www.mpppst.gob.ve\/mpppstweb\/index.php\/2024\/02\/06\/culmino-expo-feria-gobierno-2024\/#breadcrumb","itemListElement":[{"@type":"ListItem","position":1,"name":"Home","item":"https:\/\/www.mpppst.gob.ve\/mpppstweb\/"},{"@type":"ListItem","position":2,"name":"Clausura de la Expo-Feria Gobierno 2024 recorre logros de la Revoluci\u00f3n Bolivariana"}]},{"@type":"WebSite","@id":"https:\/\/www.mpppst.gob.ve\/mpppstweb\/#website","url":"https:\/\/www.mpppst.gob.ve\/mpppstweb\/","name":"MPPPST","description":"Sitio web oficial del Ministerio del Poder Popular para el Proceso Social de Trabajo","publisher":{"@id":"https:\/\/www.mpppst.gob.ve\/mpppstweb\/#organization"},"alternateName":"Ministerio del Poder Popular para el Proceso Social de Trabajo","potentialAction":[{"@type":"SearchAction","target":{"@type":"EntryPoint","urlTemplate":"https:\/\/www.mpppst.gob.ve\/mpppstweb\/?s={search_term_string}"},"query-input":{"@type":"PropertyValueSpecification","valueRequired":true,"valueName":"search_term_string"}}],"inLanguage":"es"},{"@type":"Organization","@id":"https:\/\/www.mpppst.gob.ve\/mpppstweb\/#organization","name":"Ministerio del Poder Popular para el Proceso Social de Trabajo","alternateName":"MPPPST","url":"https:\/\/www.mpppst.gob.ve\/mpppstweb\/","logo":{"@type":"ImageObject","inLanguage":"es","@id":"https:\/\/www.mpppst.gob.ve\/mpppstweb\/#\/schema\/logo\/image\/","url":"https:\/\/www.mpppst.gob.ve\/mpppstweb\/wp-content\/uploads\/2025\/07\/cropped-cropped-g910.png","contentUrl":"https:\/\/www.mpppst.gob.ve\/mpppstweb\/wp-content\/uploads\/2025\/07\/cropped-cropped-g910.png","width":1080,"height":241,"caption":"Ministerio del Poder Popular para el Proceso Social de Trabajo"},"image":{"@id":"https:\/\/www.mpppst.gob.ve\/mpppstweb\/#\/schema\/logo\/image\/"},"sameAs":["https:\/\/www.facebook.com\/mintrabajo_ve","https:\/\/www.instagram.com\/mintrabajo_ve\/","https:\/\/www.tiktok.com\/@mintrabajo_ve","https:\/\/t.me\/mpppst"]},{"@type":"Person","@id":"https:\/\/www.mpppst.gob.ve\/mpppstweb\/#\/schema\/person\/fc187ee8ead412bd4c9304b62f900ea4","name":"MPPPST Prensa","url":"https:\/\/www.mpppst.gob.ve\/mpppstweb\/index.php\/author\/prensa-mpppst\/"}]}},"_links":{"self":[{"href":"https:\/\/www.mpppst.gob.ve\/mpppstweb\/index.php\/wp-json\/wp\/v2\/posts\/25819","targetHints":{"allow":["GET"]}}],"collection":[{"href":"https:\/\/www.mpppst.gob.ve\/mpppstweb\/index.php\/wp-json\/wp\/v2\/posts"}],"about":[{"href":"https:\/\/www.mpppst.gob.ve\/mpppstweb\/index.php\/wp-json\/wp\/v2\/types\/post"}],"author":[{"embeddable":true,"href":"https:\/\/www.mpppst.gob.ve\/mpppstweb\/index.php\/wp-json\/wp\/v2\/users\/25"}],"replies":[{"embeddable":true,"href":"https:\/\/www.mpppst.gob.ve\/mpppstweb\/index.php\/wp-json\/wp\/v2\/comments?post=25819"}],"version-history":[{"count":1,"href":"https:\/\/www.mpppst.gob.ve\/mpppstweb\/index.php\/wp-json\/wp\/v2\/posts\/25819\/revisions"}],"predecessor-version":[{"id":25821,"href":"https:\/\/www.mpppst.gob.ve\/mpppstweb\/index.php\/wp-json\/wp\/v2\/posts\/25819\/revisions\/25821"}],"wp:featuredmedia":[{"embeddable":true,"href":"https:\/\/www.mpppst.gob.ve\/mpppstweb\/index.php\/wp-json\/wp\/v2\/media\/25820"}],"wp:attachment":[{"href":"https:\/\/www.mpppst.gob.ve\/mpppstweb\/index.php\/wp-json\/wp\/v2\/media?parent=25819"}],"wp:term":[{"taxonomy":"category","embeddable":true,"href":"https:\/\/www.mpppst.gob.ve\/mpppstweb\/index.php\/wp-json\/wp\/v2\/categories?post=25819"},{"taxonomy":"post_tag","embeddable":true,"href":"https:\/\/www.mpppst.gob.ve\/mpppstweb\/index.php\/wp-json\/wp\/v2\/tags?post=25819"}],"curies":[{"name":"wp","href":"https:\/\/api.w.org\/{rel}","templated":true}]}}