{"id":25906,"date":"2024-03-05T19:51:38","date_gmt":"2024-03-05T23:51:38","guid":{"rendered":"http:\/\/www.mpppst.gob.ve\/mpppstweb\/?p=25906"},"modified":"2024-03-11T09:57:04","modified_gmt":"2024-03-11T13:57:04","slug":"elecciones-presidenciales-2024","status":"publish","type":"post","link":"https:\/\/www.mpppst.gob.ve\/mpppstweb\/index.php\/2024\/03\/05\/elecciones-presidenciales-2024\/","title":{"rendered":"CNE fija elecciones presidenciales para el 28 de julio"},"content":{"rendered":"\n<p><strong>MPPPST, Caracas.-<\/strong> El <strong>Consejo Nacional Electoral (CNE) <\/strong>anunci\u00f3 que las <strong>elecciones presidenciales 2024<\/strong> se celebrar\u00e1n el pr\u00f3ximo <strong>28 de julio<\/strong>.<\/p>\n\n\n\n<p>La decisi\u00f3n fue tomada por unanimidad por la <strong>Junta Directiva del<\/strong> <strong>CNE<\/strong>, luego de evaluar diversas propuestas y recomendaciones.<\/p>\n\n\n\n<p>\u00abLa Junta Nacional Electoral evalu\u00f3 las distintas propuestas de recomendaciones, presentando a la Junta Directiva del Consejo Nacional Electoral, en sesi\u00f3n permanente celebrada el d\u00eda de hoy 5 de marzo, un cronograma electoral que contempla todos los requisitos constitucionales, legales y t\u00e9cnicos para celebrar las elecciones presidenciales del a\u00f1o 2024, siendo aprobado, primero, elecci\u00f3n presidencial el d\u00eda 28 de julio\u00bb, inform\u00f3 el <strong>presidente <\/strong>del ente, <strong>Elvis Amoroso.<\/strong><\/p>\n\n\n\n<p><strong>Cronograma electoral:<br><\/strong>\u2022 18 de marzo al 16 de abril: Jornada especial de registro electoral nacional e internacional.<br>\u2022 16 de abril: Corte del registro electoral preliminar.<br>\u2022 21 al 25 de marzo: Presentaci\u00f3n de postulaciones.<br>\u2022 20 de marzo: Selecci\u00f3n de los integrantes de los organismos subalternos.<br>\u2022 4 al 25 de julio: Campa\u00f1a electoral.<\/p>\n\n\n\n<p>Por su parte, el <strong>presidente de la Rep\u00fablica, Nicol\u00e1s Maduro<\/strong>, precis\u00f3 que el proceso se ha realizado como parte del respeto al proceso de negociaciones \u201cdesde Noruega, M\u00e9xico, Barbados y que se ampliaron en el acuerdo de Caracas recientemente\u201d.<\/p>\n\n\n\n<p><strong>Prensa MPPPST\/Scarlett Kirian<\/strong><\/p>\n","protected":false},"excerpt":{"rendered":"<p>MPPPST, Caracas.- El Consejo Nacional Electoral (CNE) anunci\u00f3 que las elecciones presidenciales 2024 se celebrar\u00e1n el &hellip; <a title=\"CNE fija elecciones presidenciales para el 28 de julio\" class=\"hm-read-more\" href=\"https:\/\/www.mpppst.gob.ve\/mpppstweb\/index.php\/2024\/03\/05\/elecciones-presidenciales-2024\/\"><span class=\"screen-reader-text\">CNE fija elecciones presidenciales para el 28 de julio<\/span>Read more<\/a><\/p>\n","protected":false},"author":25,"featured_media":25907,"comment_status":"closed","ping_status":"closed","sticky":false,"template":"","format":"standard","meta":{"footnotes":""},"categories":[395,82,163],"tags":[393,692,480,620],"yoast_head":"<!-- This site is optimized with the Yoast SEO plugin v22.5 - https:\/\/yoast.com\/wordpress\/plugins\/seo\/ -->\n<title>CNE fija elecciones presidenciales para el 28 de julio - MPPPST<\/title>\n<meta name=\"description\" content=\"El Consejo Nacional Electoral (CNE) anunci\u00f3 que las elecciones presidenciales 2024 se celebrar\u00e1n el pr\u00f3ximo 28 de julio.\" \/>\n<meta name=\"robots\" content=\"index, follow, max-snippet:-1, max-image-preview:large, max-video-preview:-1\" \/>\n<link rel=\"canonical\" href=\"https:\/\/www.mpppst.gob.ve\/mpppstweb\/index.php\/2024\/03\/05\/elecciones-presidenciales-2024\/\" \/>\n<meta property=\"og:locale\" content=\"es_ES\" \/>\n<meta property=\"og:type\" content=\"article\" \/>\n<meta property=\"og:title\" content=\"CNE fija elecciones presidenciales para el 28 de julio - MPPPST\" \/>\n<meta property=\"og:description\" content=\"El Consejo Nacional Electoral (CNE) anunci\u00f3 que las elecciones presidenciales 2024 se celebrar\u00e1n el pr\u00f3ximo 28 de julio.\" \/>\n<meta property=\"og:url\" content=\"https:\/\/www.mpppst.gob.ve\/mpppstweb\/index.php\/2024\/03\/05\/elecciones-presidenciales-2024\/\" \/>\n<meta property=\"og:site_name\" content=\"MPPPST\" \/>\n<meta property=\"article:published_time\" content=\"2024-03-05T23:51:38+00:00\" \/>\n<meta property=\"article:modified_time\" content=\"2024-03-11T13:57:04+00:00\" \/>\n<meta property=\"og:image\" content=\"https:\/\/www.mpppst.gob.ve\/mpppstweb\/wp-content\/uploads\/2024\/03\/amoroso.jpg\" \/>\n\t<meta property=\"og:image:width\" content=\"1024\" \/>\n\t<meta property=\"og:image:height\" content=\"682\" \/>\n\t<meta property=\"og:image:type\" content=\"image\/jpeg\" \/>\n<meta name=\"author\" content=\"MPPPST Prensa\" \/>\n<meta name=\"twitter:card\" content=\"summary_large_image\" \/>\n<meta name=\"twitter:label1\" content=\"Escrito por\" \/>\n\t<meta name=\"twitter:data1\" content=\"MPPPST Prensa\" \/>\n\t<meta name=\"twitter:label2\" content=\"Tiempo de lectura\" \/>\n\t<meta name=\"twitter:data2\" content=\"2 minutos\" \/>\n<script type=\"application\/ld+json\" class=\"yoast-schema-graph\">{\"@context\":\"https:\/\/schema.org\",\"@graph\":[{\"@type\":\"Article\",\"@id\":\"https:\/\/www.mpppst.gob.ve\/mpppstweb\/index.php\/2024\/03\/05\/elecciones-presidenciales-2024\/#article\",\"isPartOf\":{\"@id\":\"https:\/\/www.mpppst.gob.ve\/mpppstweb\/index.php\/2024\/03\/05\/elecciones-presidenciales-2024\/\"},\"author\":{\"name\":\"MPPPST Prensa\",\"@id\":\"https:\/\/www.mpppst.gob.ve\/mpppstweb\/#\/schema\/person\/fc187ee8ead412bd4c9304b62f900ea4\"},\"headline\":\"CNE fija elecciones presidenciales para el 28 de julio\",\"datePublished\":\"2024-03-05T23:51:38+00:00\",\"dateModified\":\"2024-03-11T13:57:04+00:00\",\"mainEntityOfPage\":{\"@id\":\"https:\/\/www.mpppst.gob.ve\/mpppstweb\/index.php\/2024\/03\/05\/elecciones-presidenciales-2024\/\"},\"wordCount\":211,\"publisher\":{\"@id\":\"https:\/\/www.mpppst.gob.ve\/mpppstweb\/#organization\"},\"image\":{\"@id\":\"https:\/\/www.mpppst.gob.ve\/mpppstweb\/index.php\/2024\/03\/05\/elecciones-presidenciales-2024\/#primaryimage\"},\"thumbnailUrl\":\"https:\/\/www.mpppst.gob.ve\/mpppstweb\/wp-content\/uploads\/2024\/03\/amoroso.jpg\",\"keywords\":[\"CNE\",\"Consejo Nacional Electoral\",\"Elvis Amoroso\",\"Presidente Nicol\u00e1s Maduro\"],\"articleSection\":[\"CNE\",\"Gobierno Nacional\",\"Noticias\"],\"inLanguage\":\"es\"},{\"@type\":\"WebPage\",\"@id\":\"https:\/\/www.mpppst.gob.ve\/mpppstweb\/index.php\/2024\/03\/05\/elecciones-presidenciales-2024\/\",\"url\":\"https:\/\/www.mpppst.gob.ve\/mpppstweb\/index.php\/2024\/03\/05\/elecciones-presidenciales-2024\/\",\"name\":\"CNE fija elecciones presidenciales para el 28 de julio - MPPPST\",\"isPartOf\":{\"@id\":\"https:\/\/www.mpppst.gob.ve\/mpppstweb\/#website\"},\"primaryImageOfPage\":{\"@id\":\"https:\/\/www.mpppst.gob.ve\/mpppstweb\/index.php\/2024\/03\/05\/elecciones-presidenciales-2024\/#primaryimage\"},\"image\":{\"@id\":\"https:\/\/www.mpppst.gob.ve\/mpppstweb\/index.php\/2024\/03\/05\/elecciones-presidenciales-2024\/#primaryimage\"},\"thumbnailUrl\":\"https:\/\/www.mpppst.gob.ve\/mpppstweb\/wp-content\/uploads\/2024\/03\/amoroso.jpg\",\"datePublished\":\"2024-03-05T23:51:38+00:00\",\"dateModified\":\"2024-03-11T13:57:04+00:00\",\"description\":\"El Consejo Nacional Electoral (CNE) anunci\u00f3 que las elecciones presidenciales 2024 se celebrar\u00e1n el pr\u00f3ximo 28 de julio.\",\"breadcrumb\":{\"@id\":\"https:\/\/www.mpppst.gob.ve\/mpppstweb\/index.php\/2024\/03\/05\/elecciones-presidenciales-2024\/#breadcrumb\"},\"inLanguage\":\"es\",\"potentialAction\":[{\"@type\":\"ReadAction\",\"target\":[\"https:\/\/www.mpppst.gob.ve\/mpppstweb\/index.php\/2024\/03\/05\/elecciones-presidenciales-2024\/\"]}]},{\"@type\":\"ImageObject\",\"inLanguage\":\"es\",\"@id\":\"https:\/\/www.mpppst.gob.ve\/mpppstweb\/index.php\/2024\/03\/05\/elecciones-presidenciales-2024\/#primaryimage\",\"url\":\"https:\/\/www.mpppst.gob.ve\/mpppstweb\/wp-content\/uploads\/2024\/03\/amoroso.jpg\",\"contentUrl\":\"https:\/\/www.mpppst.gob.ve\/mpppstweb\/wp-content\/uploads\/2024\/03\/amoroso.jpg\",\"width\":1024,\"height\":682,\"caption\":\"Presidente del Concejos Nacional Electoral\"},{\"@type\":\"BreadcrumbList\",\"@id\":\"https:\/\/www.mpppst.gob.ve\/mpppstweb\/index.php\/2024\/03\/05\/elecciones-presidenciales-2024\/#breadcrumb\",\"itemListElement\":[{\"@type\":\"ListItem\",\"position\":1,\"name\":\"Home\",\"item\":\"https:\/\/www.mpppst.gob.ve\/mpppstweb\/\"},{\"@type\":\"ListItem\",\"position\":2,\"name\":\"CNE fija elecciones presidenciales para el 28 de julio\"}]},{\"@type\":\"WebSite\",\"@id\":\"https:\/\/www.mpppst.gob.ve\/mpppstweb\/#website\",\"url\":\"https:\/\/www.mpppst.gob.ve\/mpppstweb\/\",\"name\":\"MPPPST\",\"description\":\"Ministerio del Poder Popular para el Proceso Social de Trabajo\",\"publisher\":{\"@id\":\"https:\/\/www.mpppst.gob.ve\/mpppstweb\/#organization\"},\"potentialAction\":[{\"@type\":\"SearchAction\",\"target\":{\"@type\":\"EntryPoint\",\"urlTemplate\":\"https:\/\/www.mpppst.gob.ve\/mpppstweb\/?s={search_term_string}\"},\"query-input\":\"required name=search_term_string\"}],\"inLanguage\":\"es\"},{\"@type\":\"Organization\",\"@id\":\"https:\/\/www.mpppst.gob.ve\/mpppstweb\/#organization\",\"name\":\"mpppst\",\"url\":\"https:\/\/www.mpppst.gob.ve\/mpppstweb\/\",\"logo\":{\"@type\":\"ImageObject\",\"inLanguage\":\"es\",\"@id\":\"https:\/\/www.mpppst.gob.ve\/mpppstweb\/#\/schema\/logo\/image\/\",\"url\":\"https:\/\/www.mpppst.gob.ve\/mpppstweb\/wp-content\/uploads\/2025\/07\/cropped-cropped-g910.png\",\"contentUrl\":\"https:\/\/www.mpppst.gob.ve\/mpppstweb\/wp-content\/uploads\/2025\/07\/cropped-cropped-g910.png\",\"width\":1080,\"height\":241,\"caption\":\"mpppst\"},\"image\":{\"@id\":\"https:\/\/www.mpppst.gob.ve\/mpppstweb\/#\/schema\/logo\/image\/\"}},{\"@type\":\"Person\",\"@id\":\"https:\/\/www.mpppst.gob.ve\/mpppstweb\/#\/schema\/person\/fc187ee8ead412bd4c9304b62f900ea4\",\"name\":\"MPPPST Prensa\",\"url\":\"https:\/\/www.mpppst.gob.ve\/mpppstweb\/index.php\/author\/prensa-mpppst\/\"}]}<\/script>\n<!-- \/ Yoast SEO plugin. -->","yoast_head_json":{"title":"CNE fija elecciones presidenciales para el 28 de julio - MPPPST","description":"El Consejo Nacional Electoral (CNE) anunci\u00f3 que las elecciones presidenciales 2024 se celebrar\u00e1n el pr\u00f3ximo 28 de julio.","robots":{"index":"index","follow":"follow","max-snippet":"max-snippet:-1","max-image-preview":"max-image-preview:large","max-video-preview":"max-video-preview:-1"},"canonical":"https:\/\/www.mpppst.gob.ve\/mpppstweb\/index.php\/2024\/03\/05\/elecciones-presidenciales-2024\/","og_locale":"es_ES","og_type":"article","og_title":"CNE fija elecciones presidenciales para el 28 de julio - MPPPST","og_description":"El Consejo Nacional Electoral (CNE) anunci\u00f3 que las elecciones presidenciales 2024 se celebrar\u00e1n el pr\u00f3ximo 28 de julio.","og_url":"https:\/\/www.mpppst.gob.ve\/mpppstweb\/index.php\/2024\/03\/05\/elecciones-presidenciales-2024\/","og_site_name":"MPPPST","article_published_time":"2024-03-05T23:51:38+00:00","article_modified_time":"2024-03-11T13:57:04+00:00","og_image":[{"width":1024,"height":682,"url":"https:\/\/www.mpppst.gob.ve\/mpppstweb\/wp-content\/uploads\/2024\/03\/amoroso.jpg","type":"image\/jpeg"}],"author":"MPPPST Prensa","twitter_card":"summary_large_image","twitter_misc":{"Escrito por":"MPPPST Prensa","Tiempo de lectura":"2 minutos"},"schema":{"@context":"https:\/\/schema.org","@graph":[{"@type":"Article","@id":"https:\/\/www.mpppst.gob.ve\/mpppstweb\/index.php\/2024\/03\/05\/elecciones-presidenciales-2024\/#article","isPartOf":{"@id":"https:\/\/www.mpppst.gob.ve\/mpppstweb\/index.php\/2024\/03\/05\/elecciones-presidenciales-2024\/"},"author":{"name":"MPPPST Prensa","@id":"https:\/\/www.mpppst.gob.ve\/mpppstweb\/#\/schema\/person\/fc187ee8ead412bd4c9304b62f900ea4"},"headline":"CNE fija elecciones presidenciales para el 28 de julio","datePublished":"2024-03-05T23:51:38+00:00","dateModified":"2024-03-11T13:57:04+00:00","mainEntityOfPage":{"@id":"https:\/\/www.mpppst.gob.ve\/mpppstweb\/index.php\/2024\/03\/05\/elecciones-presidenciales-2024\/"},"wordCount":211,"publisher":{"@id":"https:\/\/www.mpppst.gob.ve\/mpppstweb\/#organization"},"image":{"@id":"https:\/\/www.mpppst.gob.ve\/mpppstweb\/index.php\/2024\/03\/05\/elecciones-presidenciales-2024\/#primaryimage"},"thumbnailUrl":"https:\/\/www.mpppst.gob.ve\/mpppstweb\/wp-content\/uploads\/2024\/03\/amoroso.jpg","keywords":["CNE","Consejo Nacional Electoral","Elvis Amoroso","Presidente Nicol\u00e1s Maduro"],"articleSection":["CNE","Gobierno Nacional","Noticias"],"inLanguage":"es"},{"@type":"WebPage","@id":"https:\/\/www.mpppst.gob.ve\/mpppstweb\/index.php\/2024\/03\/05\/elecciones-presidenciales-2024\/","url":"https:\/\/www.mpppst.gob.ve\/mpppstweb\/index.php\/2024\/03\/05\/elecciones-presidenciales-2024\/","name":"CNE fija elecciones presidenciales para el 28 de julio - MPPPST","isPartOf":{"@id":"https:\/\/www.mpppst.gob.ve\/mpppstweb\/#website"},"primaryImageOfPage":{"@id":"https:\/\/www.mpppst.gob.ve\/mpppstweb\/index.php\/2024\/03\/05\/elecciones-presidenciales-2024\/#primaryimage"},"image":{"@id":"https:\/\/www.mpppst.gob.ve\/mpppstweb\/index.php\/2024\/03\/05\/elecciones-presidenciales-2024\/#primaryimage"},"thumbnailUrl":"https:\/\/www.mpppst.gob.ve\/mpppstweb\/wp-content\/uploads\/2024\/03\/amoroso.jpg","datePublished":"2024-03-05T23:51:38+00:00","dateModified":"2024-03-11T13:57:04+00:00","description":"El Consejo Nacional Electoral (CNE) anunci\u00f3 que las elecciones presidenciales 2024 se celebrar\u00e1n el pr\u00f3ximo 28 de julio.","breadcrumb":{"@id":"https:\/\/www.mpppst.gob.ve\/mpppstweb\/index.php\/2024\/03\/05\/elecciones-presidenciales-2024\/#breadcrumb"},"inLanguage":"es","potentialAction":[{"@type":"ReadAction","target":["https:\/\/www.mpppst.gob.ve\/mpppstweb\/index.php\/2024\/03\/05\/elecciones-presidenciales-2024\/"]}]},{"@type":"ImageObject","inLanguage":"es","@id":"https:\/\/www.mpppst.gob.ve\/mpppstweb\/index.php\/2024\/03\/05\/elecciones-presidenciales-2024\/#primaryimage","url":"https:\/\/www.mpppst.gob.ve\/mpppstweb\/wp-content\/uploads\/2024\/03\/amoroso.jpg","contentUrl":"https:\/\/www.mpppst.gob.ve\/mpppstweb\/wp-content\/uploads\/2024\/03\/amoroso.jpg","width":1024,"height":682,"caption":"Presidente del Concejos Nacional Electoral"},{"@type":"BreadcrumbList","@id":"https:\/\/www.mpppst.gob.ve\/mpppstweb\/index.php\/2024\/03\/05\/elecciones-presidenciales-2024\/#breadcrumb","itemListElement":[{"@type":"ListItem","position":1,"name":"Home","item":"https:\/\/www.mpppst.gob.ve\/mpppstweb\/"},{"@type":"ListItem","position":2,"name":"CNE fija elecciones presidenciales para el 28 de julio"}]},{"@type":"WebSite","@id":"https:\/\/www.mpppst.gob.ve\/mpppstweb\/#website","url":"https:\/\/www.mpppst.gob.ve\/mpppstweb\/","name":"MPPPST","description":"Ministerio del Poder Popular para el Proceso Social de Trabajo","publisher":{"@id":"https:\/\/www.mpppst.gob.ve\/mpppstweb\/#organization"},"potentialAction":[{"@type":"SearchAction","target":{"@type":"EntryPoint","urlTemplate":"https:\/\/www.mpppst.gob.ve\/mpppstweb\/?s={search_term_string}"},"query-input":"required name=search_term_string"}],"inLanguage":"es"},{"@type":"Organization","@id":"https:\/\/www.mpppst.gob.ve\/mpppstweb\/#organization","name":"mpppst","url":"https:\/\/www.mpppst.gob.ve\/mpppstweb\/","logo":{"@type":"ImageObject","inLanguage":"es","@id":"https:\/\/www.mpppst.gob.ve\/mpppstweb\/#\/schema\/logo\/image\/","url":"https:\/\/www.mpppst.gob.ve\/mpppstweb\/wp-content\/uploads\/2025\/07\/cropped-cropped-g910.png","contentUrl":"https:\/\/www.mpppst.gob.ve\/mpppstweb\/wp-content\/uploads\/2025\/07\/cropped-cropped-g910.png","width":1080,"height":241,"caption":"mpppst"},"image":{"@id":"https:\/\/www.mpppst.gob.ve\/mpppstweb\/#\/schema\/logo\/image\/"}},{"@type":"Person","@id":"https:\/\/www.mpppst.gob.ve\/mpppstweb\/#\/schema\/person\/fc187ee8ead412bd4c9304b62f900ea4","name":"MPPPST Prensa","url":"https:\/\/www.mpppst.gob.ve\/mpppstweb\/index.php\/author\/prensa-mpppst\/"}]}},"_links":{"self":[{"href":"https:\/\/www.mpppst.gob.ve\/mpppstweb\/index.php\/wp-json\/wp\/v2\/posts\/25906"}],"collection":[{"href":"https:\/\/www.mpppst.gob.ve\/mpppstweb\/index.php\/wp-json\/wp\/v2\/posts"}],"about":[{"href":"https:\/\/www.mpppst.gob.ve\/mpppstweb\/index.php\/wp-json\/wp\/v2\/types\/post"}],"author":[{"embeddable":true,"href":"https:\/\/www.mpppst.gob.ve\/mpppstweb\/index.php\/wp-json\/wp\/v2\/users\/25"}],"replies":[{"embeddable":true,"href":"https:\/\/www.mpppst.gob.ve\/mpppstweb\/index.php\/wp-json\/wp\/v2\/comments?post=25906"}],"version-history":[{"count":1,"href":"https:\/\/www.mpppst.gob.ve\/mpppstweb\/index.php\/wp-json\/wp\/v2\/posts\/25906\/revisions"}],"predecessor-version":[{"id":25908,"href":"https:\/\/www.mpppst.gob.ve\/mpppstweb\/index.php\/wp-json\/wp\/v2\/posts\/25906\/revisions\/25908"}],"wp:featuredmedia":[{"embeddable":true,"href":"https:\/\/www.mpppst.gob.ve\/mpppstweb\/index.php\/wp-json\/wp\/v2\/media\/25907"}],"wp:attachment":[{"href":"https:\/\/www.mpppst.gob.ve\/mpppstweb\/index.php\/wp-json\/wp\/v2\/media?parent=25906"}],"wp:term":[{"taxonomy":"category","embeddable":true,"href":"https:\/\/www.mpppst.gob.ve\/mpppstweb\/index.php\/wp-json\/wp\/v2\/categories?post=25906"},{"taxonomy":"post_tag","embeddable":true,"href":"https:\/\/www.mpppst.gob.ve\/mpppstweb\/index.php\/wp-json\/wp\/v2\/tags?post=25906"}],"curies":[{"name":"wp","href":"https:\/\/api.w.org\/{rel}","templated":true}]}}