{"id":25922,"date":"2024-03-11T15:14:00","date_gmt":"2024-03-11T19:14:00","guid":{"rendered":"http:\/\/www.mpppst.gob.ve\/mpppstweb\/?p=25922"},"modified":"2024-03-12T11:55:59","modified_gmt":"2024-03-12T15:55:59","slug":"tribuna-antiimperialista-conmemora-a-la-mujer-venezolana-y-feminista","status":"publish","type":"post","link":"https:\/\/www.mpppst.gob.ve\/mpppstweb\/index.php\/2024\/03\/11\/tribuna-antiimperialista-conmemora-a-la-mujer-venezolana-y-feminista\/","title":{"rendered":"Tribuna Antiimperialista conmemora a la mujer venezolana y feminista"},"content":{"rendered":"\n<p class=\"wp-block-paragraph\"><strong>MPPPST, Caracas.<\/strong>&#8211; Desde Plaza Caracas se celebr\u00f3 la Tribuna Antiimperialista n\u00famero 44, donde se exalt\u00f3 a las trabajadoras venezolana, a fin de recordar que las mujeres son el pilar primordial de la <strong>Revoluci\u00f3n Bolivariana<\/strong>.<\/p>\n\n\n\n<p class=\"wp-block-paragraph\">Milagro Acosta, miembro de la Comisi\u00f3n de Mujeres y de la Igualdad G\u00e9nero de la Federaci\u00f3n Bolivariana de Trabajadores y Trabajadoras de la Ciudad, el Campo y la Pesca (FBST-CCP) expres\u00f3 su alegr\u00eda por participar en la Tribuna Antiimperialista, al tiempo que acot\u00f3 que \u201ccomo mujeres trabajadoras tenemos un compromiso patrio, donde el presidente obrero y conductor de victorias, Nicol\u00e1s Maduro, nos llama a la unificaci\u00f3n. Adem\u00e1s las mujeres de hoy en d\u00eda no hemos abandonado nuestros espacios, a pesar del bloqueo que nos acedia, no hemos abandonado la lucha, y estamos en ese proceso de transformaci\u00f3n, al cual nos invit\u00f3 el Presidente con la Gran Misi\u00f3n Venezuela Mujer\u201d.<\/p>\n\n\n\n<p class=\"wp-block-paragraph\">Acosta destac\u00f3 que la mujer debe ser protag\u00f3nica y participativas, al tiempo que las invit\u00f3 a sumarse al voluntariado de las 7 Grandes Transformaciones (7T), en el cual la diversidad de movimientos es grande, \u201cno solo proponer propuestas, si no tambi\u00e9n trabajar por el Congreso de la Nueva \u00c9poca\u201d.<\/p>\n\n\n\n<p class=\"wp-block-paragraph\">Por su parte, Aura Guti\u00e9rrez, expres\u00f3 su gratitud ante los presente e indic\u00f3 que lo aguerridas y luchadoras que son las mujeres venezolanas, que adem\u00e1s de atender a sus familias, atienden a la comunidad y salen a trabajar. \u00abLas mujeres estamos con pie de lucha por la revoluci\u00f3n\u201d, dijo al tiempo que record\u00f3 al Comandante Hugo Ch\u00e1vez, siendo \u00e9l el primer presidente en visibilizar a la mujer venezolana e incluirla como protagonista de la Revoluci\u00f3n.<\/p>\n\n\n\n<p class=\"wp-block-paragraph\">La coordinadora del viceministerio de Derechos y Relaciones Laborales, Ada Ben\u00edtez, manifest\u00f3 que las mujeres venezolanas deben ser conmemoradas cada d\u00eda e indic\u00f3 que las mujeres venezolanas tenemos un papel protag\u00f3nico e invit\u00f3 a las mujeres a juramentarse en los Concejos Feministas de Trabajadoras del el Ministerio del Poder Popular para el Proceso Social del Trabajo (MPPPST). <\/p>\n\n\n\n<p class=\"wp-block-paragraph\">\u201cLas mujeres somos del tama\u00f1o del compromiso que se nos presenta. La lucha es de base y las mujeres debemos salvaguardar esta patria en los cuatro puntos cardinales, estamos haciendo historia, vamos camino a nuestra paz\u00bb, se\u00f1al\u00f3.<\/p>\n\n\n\n<p class=\"wp-block-paragraph\">Durante la actividad, se realiz\u00f3 la presentaci\u00f3n de Miss Turismo, <strong>Grarielys Aparicio<\/strong>, quien particip\u00f3 en \u00ab<strong>Miss Clase Obrera<\/strong>\u00ab, adem\u00e1s de representar el Viceministerio de Derechos y Relaciones laborales, gan\u00f3 el segundo lugar.<\/p>\n\n\n\n<p class=\"wp-block-paragraph\">Asimismo, cada mujer que asisti\u00f3 a la Tribuna recibi\u00f3 un detalle de parte del ministro del MPPPST, Alexis Corredor P\u00e9rez, mientras el Grupo EMI (Ensamble musical del Ipasme) latinoamericano, dedicaba canciones a las damas.<\/p>\n\n\n\n<p class=\"wp-block-paragraph\"><strong>Prensa MPPPST\/Rosa Brito<\/strong><\/p>\n\n\n\n<figure class=\"wp-block-image size-large is-resized\"><a href=\"https:\/\/www.mpppst.gob.ve\/mpppstweb\/wp-content\/uploads\/2024\/03\/WhatsApp-Image-2024-03-12-at-11.46.53.jpeg\"><img loading=\"lazy\" decoding=\"async\" width=\"1024\" height=\"576\" src=\"https:\/\/www.mpppst.gob.ve\/mpppstweb\/wp-content\/uploads\/2024\/03\/WhatsApp-Image-2024-03-12-at-11.46.53-1024x576.jpeg\" alt=\"\" class=\"wp-image-25924\" style=\"aspect-ratio:1.7777777777777777;width:900px;height:auto\" srcset=\"https:\/\/www.mpppst.gob.ve\/mpppstweb\/wp-content\/uploads\/2024\/03\/WhatsApp-Image-2024-03-12-at-11.46.53-1024x576.jpeg 1024w, https:\/\/www.mpppst.gob.ve\/mpppstweb\/wp-content\/uploads\/2024\/03\/WhatsApp-Image-2024-03-12-at-11.46.53-300x169.jpeg 300w, https:\/\/www.mpppst.gob.ve\/mpppstweb\/wp-content\/uploads\/2024\/03\/WhatsApp-Image-2024-03-12-at-11.46.53-768x432.jpeg 768w, https:\/\/www.mpppst.gob.ve\/mpppstweb\/wp-content\/uploads\/2024\/03\/WhatsApp-Image-2024-03-12-at-11.46.53.jpeg 1080w\" sizes=\"auto, (max-width: 1024px) 100vw, 1024px\" \/><\/a><figcaption class=\"wp-element-caption\">Entrega de reconocimiento por parte de Miss Turismo desde Plaza Caracas. <\/figcaption><\/figure>\n","protected":false},"excerpt":{"rendered":"<p>Durante el encuentro se exalt\u00f3 a las trabajadoras venezolana, a fin de recordar que las mujeres son el pilar primordial de la Revoluci\u00f3n Bolivariana<\/p>\n","protected":false},"author":25,"featured_media":25923,"comment_status":"closed","ping_status":"closed","sticky":false,"template":"","format":"standard","meta":{"footnotes":""},"categories":[82,163],"tags":[225,222,223,341,224,428,335],"class_list":["post-25922","post","type-post","status-publish","format-standard","has-post-thumbnail","hentry","category-gobierno-nacional","category-noticias","tag-fuerza-laboral","tag-gobierno-bolivariano","tag-mpppst","tag-nicolas-maduro","tag-revolucion-bolivariana","tag-tribuna-antiimperialista","tag-venezuela"],"yoast_head":"<!-- This site is optimized with the Yoast SEO plugin v28.4 - https:\/\/yoast.com\/product\/yoast-seo-wordpress\/ -->\n<title>Tribuna Antiimperialista conmemora a la mujer venezolana y feminista - MPPPST<\/title>\n<meta name=\"description\" content=\"Tribuna Antiimperialista exalta a las trabajadoras venezolana, a fin de recordar que las mujeres son el pilar fundamental de la Revoluci\u00f3n...\" \/>\n<meta name=\"robots\" content=\"index, follow, max-snippet:-1, max-image-preview:large, max-video-preview:-1\" \/>\n<link rel=\"canonical\" href=\"https:\/\/www.mpppst.gob.ve\/mpppstweb\/index.php\/2024\/03\/11\/tribuna-antiimperialista-conmemora-a-la-mujer-venezolana-y-feminista\/\" \/>\n<meta property=\"og:locale\" content=\"es_ES\" \/>\n<meta property=\"og:type\" content=\"article\" \/>\n<meta property=\"og:title\" content=\"Tribuna Antiimperialista conmemora a la mujer venezolana y feminista - MPPPST\" \/>\n<meta property=\"og:description\" content=\"Tribuna Antiimperialista exalta a las trabajadoras venezolana, a fin de recordar que las mujeres son el pilar fundamental de la Revoluci\u00f3n...\" \/>\n<meta property=\"og:url\" content=\"https:\/\/www.mpppst.gob.ve\/mpppstweb\/index.php\/2024\/03\/11\/tribuna-antiimperialista-conmemora-a-la-mujer-venezolana-y-feminista\/\" \/>\n<meta property=\"og:site_name\" content=\"MPPPST\" \/>\n<meta property=\"article:publisher\" content=\"https:\/\/www.facebook.com\/mintrabajo_ve\" \/>\n<meta property=\"article:published_time\" content=\"2024-03-11T19:14:00+00:00\" \/>\n<meta property=\"article:modified_time\" content=\"2024-03-12T15:55:59+00:00\" \/>\n<meta property=\"og:image\" content=\"https:\/\/www.mpppst.gob.ve\/mpppstweb\/wp-content\/uploads\/2024\/03\/WhatsApp-Image-2024-03-12-at-11.46.52.jpeg\" \/>\n\t<meta property=\"og:image:width\" content=\"1080\" \/>\n\t<meta property=\"og:image:height\" content=\"608\" \/>\n\t<meta property=\"og:image:type\" content=\"image\/jpeg\" \/>\n<meta name=\"author\" content=\"MPPPST Prensa\" \/>\n<meta name=\"twitter:card\" content=\"summary_large_image\" \/>\n<script type=\"application\/ld+json\" class=\"yoast-schema-graph\">{\"@context\":\"https:\\\/\\\/schema.org\",\"@graph\":[{\"@type\":\"Article\",\"@id\":\"https:\\\/\\\/www.mpppst.gob.ve\\\/mpppstweb\\\/index.php\\\/2024\\\/03\\\/11\\\/tribuna-antiimperialista-conmemora-a-la-mujer-venezolana-y-feminista\\\/#article\",\"isPartOf\":{\"@id\":\"https:\\\/\\\/www.mpppst.gob.ve\\\/mpppstweb\\\/index.php\\\/2024\\\/03\\\/11\\\/tribuna-antiimperialista-conmemora-a-la-mujer-venezolana-y-feminista\\\/\"},\"author\":{\"name\":\"MPPPST Prensa\",\"@id\":\"https:\\\/\\\/www.mpppst.gob.ve\\\/mpppstweb\\\/#\\\/schema\\\/person\\\/fc187ee8ead412bd4c9304b62f900ea4\"},\"headline\":\"Tribuna Antiimperialista conmemora a la mujer venezolana y feminista\",\"datePublished\":\"2024-03-11T19:14:00+00:00\",\"dateModified\":\"2024-03-12T15:55:59+00:00\",\"mainEntityOfPage\":{\"@id\":\"https:\\\/\\\/www.mpppst.gob.ve\\\/mpppstweb\\\/index.php\\\/2024\\\/03\\\/11\\\/tribuna-antiimperialista-conmemora-a-la-mujer-venezolana-y-feminista\\\/\"},\"wordCount\":477,\"publisher\":{\"@id\":\"https:\\\/\\\/www.mpppst.gob.ve\\\/mpppstweb\\\/#organization\"},\"image\":{\"@id\":\"https:\\\/\\\/www.mpppst.gob.ve\\\/mpppstweb\\\/index.php\\\/2024\\\/03\\\/11\\\/tribuna-antiimperialista-conmemora-a-la-mujer-venezolana-y-feminista\\\/#primaryimage\"},\"thumbnailUrl\":\"https:\\\/\\\/www.mpppst.gob.ve\\\/mpppstweb\\\/wp-content\\\/uploads\\\/2024\\\/03\\\/WhatsApp-Image-2024-03-12-at-11.46.52.jpeg\",\"keywords\":[\"Fuerza Laboral\",\"Gobierno Bolivariano\",\"MPPPST\",\"Nicol\u00e1s Maduro\",\"Revoluci\u00f3n Bolivariana\",\"Tribuna antiimperialista\",\"Venezuela\"],\"articleSection\":[\"Gobierno Nacional\",\"Noticias\"],\"inLanguage\":\"es\"},{\"@type\":\"WebPage\",\"@id\":\"https:\\\/\\\/www.mpppst.gob.ve\\\/mpppstweb\\\/index.php\\\/2024\\\/03\\\/11\\\/tribuna-antiimperialista-conmemora-a-la-mujer-venezolana-y-feminista\\\/\",\"url\":\"https:\\\/\\\/www.mpppst.gob.ve\\\/mpppstweb\\\/index.php\\\/2024\\\/03\\\/11\\\/tribuna-antiimperialista-conmemora-a-la-mujer-venezolana-y-feminista\\\/\",\"name\":\"Tribuna Antiimperialista conmemora a la mujer venezolana y feminista - MPPPST\",\"isPartOf\":{\"@id\":\"https:\\\/\\\/www.mpppst.gob.ve\\\/mpppstweb\\\/#website\"},\"primaryImageOfPage\":{\"@id\":\"https:\\\/\\\/www.mpppst.gob.ve\\\/mpppstweb\\\/index.php\\\/2024\\\/03\\\/11\\\/tribuna-antiimperialista-conmemora-a-la-mujer-venezolana-y-feminista\\\/#primaryimage\"},\"image\":{\"@id\":\"https:\\\/\\\/www.mpppst.gob.ve\\\/mpppstweb\\\/index.php\\\/2024\\\/03\\\/11\\\/tribuna-antiimperialista-conmemora-a-la-mujer-venezolana-y-feminista\\\/#primaryimage\"},\"thumbnailUrl\":\"https:\\\/\\\/www.mpppst.gob.ve\\\/mpppstweb\\\/wp-content\\\/uploads\\\/2024\\\/03\\\/WhatsApp-Image-2024-03-12-at-11.46.52.jpeg\",\"datePublished\":\"2024-03-11T19:14:00+00:00\",\"dateModified\":\"2024-03-12T15:55:59+00:00\",\"description\":\"Tribuna Antiimperialista exalta a las trabajadoras venezolana, a fin de recordar que las mujeres son el pilar fundamental de la Revoluci\u00f3n...\",\"breadcrumb\":{\"@id\":\"https:\\\/\\\/www.mpppst.gob.ve\\\/mpppstweb\\\/index.php\\\/2024\\\/03\\\/11\\\/tribuna-antiimperialista-conmemora-a-la-mujer-venezolana-y-feminista\\\/#breadcrumb\"},\"inLanguage\":\"es\",\"potentialAction\":[{\"@type\":\"ReadAction\",\"target\":[\"https:\\\/\\\/www.mpppst.gob.ve\\\/mpppstweb\\\/index.php\\\/2024\\\/03\\\/11\\\/tribuna-antiimperialista-conmemora-a-la-mujer-venezolana-y-feminista\\\/\"]}]},{\"@type\":\"ImageObject\",\"inLanguage\":\"es\",\"@id\":\"https:\\\/\\\/www.mpppst.gob.ve\\\/mpppstweb\\\/index.php\\\/2024\\\/03\\\/11\\\/tribuna-antiimperialista-conmemora-a-la-mujer-venezolana-y-feminista\\\/#primaryimage\",\"url\":\"https:\\\/\\\/www.mpppst.gob.ve\\\/mpppstweb\\\/wp-content\\\/uploads\\\/2024\\\/03\\\/WhatsApp-Image-2024-03-12-at-11.46.52.jpeg\",\"contentUrl\":\"https:\\\/\\\/www.mpppst.gob.ve\\\/mpppstweb\\\/wp-content\\\/uploads\\\/2024\\\/03\\\/WhatsApp-Image-2024-03-12-at-11.46.52.jpeg\",\"width\":1080,\"height\":608,\"caption\":\"Tribuna Antiimperialista conmemora a la mujer venezolana y feminista\"},{\"@type\":\"BreadcrumbList\",\"@id\":\"https:\\\/\\\/www.mpppst.gob.ve\\\/mpppstweb\\\/index.php\\\/2024\\\/03\\\/11\\\/tribuna-antiimperialista-conmemora-a-la-mujer-venezolana-y-feminista\\\/#breadcrumb\",\"itemListElement\":[{\"@type\":\"ListItem\",\"position\":1,\"name\":\"Home\",\"item\":\"https:\\\/\\\/www.mpppst.gob.ve\\\/mpppstweb\\\/\"},{\"@type\":\"ListItem\",\"position\":2,\"name\":\"Tribuna Antiimperialista conmemora a la mujer venezolana y feminista\"}]},{\"@type\":\"WebSite\",\"@id\":\"https:\\\/\\\/www.mpppst.gob.ve\\\/mpppstweb\\\/#website\",\"url\":\"https:\\\/\\\/www.mpppst.gob.ve\\\/mpppstweb\\\/\",\"name\":\"MPPPST\",\"description\":\"Sitio web oficial del Ministerio del Poder Popular para el Proceso Social de Trabajo\",\"publisher\":{\"@id\":\"https:\\\/\\\/www.mpppst.gob.ve\\\/mpppstweb\\\/#organization\"},\"alternateName\":\"Ministerio del Poder Popular para el Proceso Social de Trabajo\",\"potentialAction\":[{\"@type\":\"SearchAction\",\"target\":{\"@type\":\"EntryPoint\",\"urlTemplate\":\"https:\\\/\\\/www.mpppst.gob.ve\\\/mpppstweb\\\/?s={search_term_string}\"},\"query-input\":{\"@type\":\"PropertyValueSpecification\",\"valueRequired\":true,\"valueName\":\"search_term_string\"}}],\"inLanguage\":\"es\"},{\"@type\":\"Organization\",\"@id\":\"https:\\\/\\\/www.mpppst.gob.ve\\\/mpppstweb\\\/#organization\",\"name\":\"Ministerio del Poder Popular para el Proceso Social de Trabajo\",\"alternateName\":\"MPPPST\",\"url\":\"https:\\\/\\\/www.mpppst.gob.ve\\\/mpppstweb\\\/\",\"logo\":{\"@type\":\"ImageObject\",\"inLanguage\":\"es\",\"@id\":\"https:\\\/\\\/www.mpppst.gob.ve\\\/mpppstweb\\\/#\\\/schema\\\/logo\\\/image\\\/\",\"url\":\"https:\\\/\\\/www.mpppst.gob.ve\\\/mpppstweb\\\/wp-content\\\/uploads\\\/2025\\\/07\\\/cropped-cropped-g910.png\",\"contentUrl\":\"https:\\\/\\\/www.mpppst.gob.ve\\\/mpppstweb\\\/wp-content\\\/uploads\\\/2025\\\/07\\\/cropped-cropped-g910.png\",\"width\":1080,\"height\":241,\"caption\":\"Ministerio del Poder Popular para el Proceso Social de Trabajo\"},\"image\":{\"@id\":\"https:\\\/\\\/www.mpppst.gob.ve\\\/mpppstweb\\\/#\\\/schema\\\/logo\\\/image\\\/\"},\"sameAs\":[\"https:\\\/\\\/www.facebook.com\\\/mintrabajo_ve\",\"https:\\\/\\\/www.instagram.com\\\/mintrabajo_ve\\\/\",\"https:\\\/\\\/www.tiktok.com\\\/@mintrabajo_ve\",\"https:\\\/\\\/t.me\\\/mpppst\"]},{\"@type\":\"Person\",\"@id\":\"https:\\\/\\\/www.mpppst.gob.ve\\\/mpppstweb\\\/#\\\/schema\\\/person\\\/fc187ee8ead412bd4c9304b62f900ea4\",\"name\":\"MPPPST Prensa\",\"url\":\"https:\\\/\\\/www.mpppst.gob.ve\\\/mpppstweb\\\/index.php\\\/author\\\/prensa-mpppst\\\/\"}]}<\/script>\n<!-- \/ Yoast SEO plugin. -->","yoast_head_json":{"title":"Tribuna Antiimperialista conmemora a la mujer venezolana y feminista - MPPPST","description":"Tribuna Antiimperialista exalta a las trabajadoras venezolana, a fin de recordar que las mujeres son el pilar fundamental de la Revoluci\u00f3n...","robots":{"index":"index","follow":"follow","max-snippet":"max-snippet:-1","max-image-preview":"max-image-preview:large","max-video-preview":"max-video-preview:-1"},"canonical":"https:\/\/www.mpppst.gob.ve\/mpppstweb\/index.php\/2024\/03\/11\/tribuna-antiimperialista-conmemora-a-la-mujer-venezolana-y-feminista\/","og_locale":"es_ES","og_type":"article","og_title":"Tribuna Antiimperialista conmemora a la mujer venezolana y feminista - MPPPST","og_description":"Tribuna Antiimperialista exalta a las trabajadoras venezolana, a fin de recordar que las mujeres son el pilar fundamental de la Revoluci\u00f3n...","og_url":"https:\/\/www.mpppst.gob.ve\/mpppstweb\/index.php\/2024\/03\/11\/tribuna-antiimperialista-conmemora-a-la-mujer-venezolana-y-feminista\/","og_site_name":"MPPPST","article_publisher":"https:\/\/www.facebook.com\/mintrabajo_ve","article_published_time":"2024-03-11T19:14:00+00:00","article_modified_time":"2024-03-12T15:55:59+00:00","og_image":[{"width":1080,"height":608,"url":"https:\/\/www.mpppst.gob.ve\/mpppstweb\/wp-content\/uploads\/2024\/03\/WhatsApp-Image-2024-03-12-at-11.46.52.jpeg","type":"image\/jpeg"}],"author":"MPPPST Prensa","twitter_card":"summary_large_image","schema":{"@context":"https:\/\/schema.org","@graph":[{"@type":"Article","@id":"https:\/\/www.mpppst.gob.ve\/mpppstweb\/index.php\/2024\/03\/11\/tribuna-antiimperialista-conmemora-a-la-mujer-venezolana-y-feminista\/#article","isPartOf":{"@id":"https:\/\/www.mpppst.gob.ve\/mpppstweb\/index.php\/2024\/03\/11\/tribuna-antiimperialista-conmemora-a-la-mujer-venezolana-y-feminista\/"},"author":{"name":"MPPPST Prensa","@id":"https:\/\/www.mpppst.gob.ve\/mpppstweb\/#\/schema\/person\/fc187ee8ead412bd4c9304b62f900ea4"},"headline":"Tribuna Antiimperialista conmemora a la mujer venezolana y feminista","datePublished":"2024-03-11T19:14:00+00:00","dateModified":"2024-03-12T15:55:59+00:00","mainEntityOfPage":{"@id":"https:\/\/www.mpppst.gob.ve\/mpppstweb\/index.php\/2024\/03\/11\/tribuna-antiimperialista-conmemora-a-la-mujer-venezolana-y-feminista\/"},"wordCount":477,"publisher":{"@id":"https:\/\/www.mpppst.gob.ve\/mpppstweb\/#organization"},"image":{"@id":"https:\/\/www.mpppst.gob.ve\/mpppstweb\/index.php\/2024\/03\/11\/tribuna-antiimperialista-conmemora-a-la-mujer-venezolana-y-feminista\/#primaryimage"},"thumbnailUrl":"https:\/\/www.mpppst.gob.ve\/mpppstweb\/wp-content\/uploads\/2024\/03\/WhatsApp-Image-2024-03-12-at-11.46.52.jpeg","keywords":["Fuerza Laboral","Gobierno Bolivariano","MPPPST","Nicol\u00e1s Maduro","Revoluci\u00f3n Bolivariana","Tribuna antiimperialista","Venezuela"],"articleSection":["Gobierno Nacional","Noticias"],"inLanguage":"es"},{"@type":"WebPage","@id":"https:\/\/www.mpppst.gob.ve\/mpppstweb\/index.php\/2024\/03\/11\/tribuna-antiimperialista-conmemora-a-la-mujer-venezolana-y-feminista\/","url":"https:\/\/www.mpppst.gob.ve\/mpppstweb\/index.php\/2024\/03\/11\/tribuna-antiimperialista-conmemora-a-la-mujer-venezolana-y-feminista\/","name":"Tribuna Antiimperialista conmemora a la mujer venezolana y feminista - MPPPST","isPartOf":{"@id":"https:\/\/www.mpppst.gob.ve\/mpppstweb\/#website"},"primaryImageOfPage":{"@id":"https:\/\/www.mpppst.gob.ve\/mpppstweb\/index.php\/2024\/03\/11\/tribuna-antiimperialista-conmemora-a-la-mujer-venezolana-y-feminista\/#primaryimage"},"image":{"@id":"https:\/\/www.mpppst.gob.ve\/mpppstweb\/index.php\/2024\/03\/11\/tribuna-antiimperialista-conmemora-a-la-mujer-venezolana-y-feminista\/#primaryimage"},"thumbnailUrl":"https:\/\/www.mpppst.gob.ve\/mpppstweb\/wp-content\/uploads\/2024\/03\/WhatsApp-Image-2024-03-12-at-11.46.52.jpeg","datePublished":"2024-03-11T19:14:00+00:00","dateModified":"2024-03-12T15:55:59+00:00","description":"Tribuna Antiimperialista exalta a las trabajadoras venezolana, a fin de recordar que las mujeres son el pilar fundamental de la Revoluci\u00f3n...","breadcrumb":{"@id":"https:\/\/www.mpppst.gob.ve\/mpppstweb\/index.php\/2024\/03\/11\/tribuna-antiimperialista-conmemora-a-la-mujer-venezolana-y-feminista\/#breadcrumb"},"inLanguage":"es","potentialAction":[{"@type":"ReadAction","target":["https:\/\/www.mpppst.gob.ve\/mpppstweb\/index.php\/2024\/03\/11\/tribuna-antiimperialista-conmemora-a-la-mujer-venezolana-y-feminista\/"]}]},{"@type":"ImageObject","inLanguage":"es","@id":"https:\/\/www.mpppst.gob.ve\/mpppstweb\/index.php\/2024\/03\/11\/tribuna-antiimperialista-conmemora-a-la-mujer-venezolana-y-feminista\/#primaryimage","url":"https:\/\/www.mpppst.gob.ve\/mpppstweb\/wp-content\/uploads\/2024\/03\/WhatsApp-Image-2024-03-12-at-11.46.52.jpeg","contentUrl":"https:\/\/www.mpppst.gob.ve\/mpppstweb\/wp-content\/uploads\/2024\/03\/WhatsApp-Image-2024-03-12-at-11.46.52.jpeg","width":1080,"height":608,"caption":"Tribuna Antiimperialista conmemora a la mujer venezolana y feminista"},{"@type":"BreadcrumbList","@id":"https:\/\/www.mpppst.gob.ve\/mpppstweb\/index.php\/2024\/03\/11\/tribuna-antiimperialista-conmemora-a-la-mujer-venezolana-y-feminista\/#breadcrumb","itemListElement":[{"@type":"ListItem","position":1,"name":"Home","item":"https:\/\/www.mpppst.gob.ve\/mpppstweb\/"},{"@type":"ListItem","position":2,"name":"Tribuna Antiimperialista conmemora a la mujer venezolana y feminista"}]},{"@type":"WebSite","@id":"https:\/\/www.mpppst.gob.ve\/mpppstweb\/#website","url":"https:\/\/www.mpppst.gob.ve\/mpppstweb\/","name":"MPPPST","description":"Sitio web oficial del Ministerio del Poder Popular para el Proceso Social de Trabajo","publisher":{"@id":"https:\/\/www.mpppst.gob.ve\/mpppstweb\/#organization"},"alternateName":"Ministerio del Poder Popular para el Proceso Social de Trabajo","potentialAction":[{"@type":"SearchAction","target":{"@type":"EntryPoint","urlTemplate":"https:\/\/www.mpppst.gob.ve\/mpppstweb\/?s={search_term_string}"},"query-input":{"@type":"PropertyValueSpecification","valueRequired":true,"valueName":"search_term_string"}}],"inLanguage":"es"},{"@type":"Organization","@id":"https:\/\/www.mpppst.gob.ve\/mpppstweb\/#organization","name":"Ministerio del Poder Popular para el Proceso Social de Trabajo","alternateName":"MPPPST","url":"https:\/\/www.mpppst.gob.ve\/mpppstweb\/","logo":{"@type":"ImageObject","inLanguage":"es","@id":"https:\/\/www.mpppst.gob.ve\/mpppstweb\/#\/schema\/logo\/image\/","url":"https:\/\/www.mpppst.gob.ve\/mpppstweb\/wp-content\/uploads\/2025\/07\/cropped-cropped-g910.png","contentUrl":"https:\/\/www.mpppst.gob.ve\/mpppstweb\/wp-content\/uploads\/2025\/07\/cropped-cropped-g910.png","width":1080,"height":241,"caption":"Ministerio del Poder Popular para el Proceso Social de Trabajo"},"image":{"@id":"https:\/\/www.mpppst.gob.ve\/mpppstweb\/#\/schema\/logo\/image\/"},"sameAs":["https:\/\/www.facebook.com\/mintrabajo_ve","https:\/\/www.instagram.com\/mintrabajo_ve\/","https:\/\/www.tiktok.com\/@mintrabajo_ve","https:\/\/t.me\/mpppst"]},{"@type":"Person","@id":"https:\/\/www.mpppst.gob.ve\/mpppstweb\/#\/schema\/person\/fc187ee8ead412bd4c9304b62f900ea4","name":"MPPPST Prensa","url":"https:\/\/www.mpppst.gob.ve\/mpppstweb\/index.php\/author\/prensa-mpppst\/"}]}},"_links":{"self":[{"href":"https:\/\/www.mpppst.gob.ve\/mpppstweb\/index.php\/wp-json\/wp\/v2\/posts\/25922","targetHints":{"allow":["GET"]}}],"collection":[{"href":"https:\/\/www.mpppst.gob.ve\/mpppstweb\/index.php\/wp-json\/wp\/v2\/posts"}],"about":[{"href":"https:\/\/www.mpppst.gob.ve\/mpppstweb\/index.php\/wp-json\/wp\/v2\/types\/post"}],"author":[{"embeddable":true,"href":"https:\/\/www.mpppst.gob.ve\/mpppstweb\/index.php\/wp-json\/wp\/v2\/users\/25"}],"replies":[{"embeddable":true,"href":"https:\/\/www.mpppst.gob.ve\/mpppstweb\/index.php\/wp-json\/wp\/v2\/comments?post=25922"}],"version-history":[{"count":1,"href":"https:\/\/www.mpppst.gob.ve\/mpppstweb\/index.php\/wp-json\/wp\/v2\/posts\/25922\/revisions"}],"predecessor-version":[{"id":25925,"href":"https:\/\/www.mpppst.gob.ve\/mpppstweb\/index.php\/wp-json\/wp\/v2\/posts\/25922\/revisions\/25925"}],"wp:featuredmedia":[{"embeddable":true,"href":"https:\/\/www.mpppst.gob.ve\/mpppstweb\/index.php\/wp-json\/wp\/v2\/media\/25923"}],"wp:attachment":[{"href":"https:\/\/www.mpppst.gob.ve\/mpppstweb\/index.php\/wp-json\/wp\/v2\/media?parent=25922"}],"wp:term":[{"taxonomy":"category","embeddable":true,"href":"https:\/\/www.mpppst.gob.ve\/mpppstweb\/index.php\/wp-json\/wp\/v2\/categories?post=25922"},{"taxonomy":"post_tag","embeddable":true,"href":"https:\/\/www.mpppst.gob.ve\/mpppstweb\/index.php\/wp-json\/wp\/v2\/tags?post=25922"}],"curies":[{"name":"wp","href":"https:\/\/api.w.org\/{rel}","templated":true}]}}