{"id":25947,"date":"2024-03-13T14:07:30","date_gmt":"2024-03-13T18:07:30","guid":{"rendered":"http:\/\/www.mpppst.gob.ve\/mpppstweb\/?p=25947"},"modified":"2024-03-19T14:48:46","modified_gmt":"2024-03-19T18:48:46","slug":"centros-de-encuentro-de-educacion-y-trabajo","status":"publish","type":"post","link":"https:\/\/www.mpppst.gob.ve\/mpppstweb\/index.php\/2024\/03\/13\/centros-de-encuentro-de-educacion-y-trabajo\/","title":{"rendered":"MPPPST y Centros de Encuentro de Educaci\u00f3n y Trabajo visitan empresas en Cuman\u00e1"},"content":{"rendered":"\n<p><strong>MPPPST, Caracas.-<\/strong> El<strong> Ministerio del Poder Popular para el Proceso Social del Trabajo<\/strong> (MPPPST), junto con los <strong>Centros de Encuentro de Educaci\u00f3n y Trabajo<\/strong> (CEET) visitaron diferentes empresas de <strong>Cuman\u00e1<\/strong>, estado <strong>Sucre<\/strong>, con el fin de iniciar los pasos correspondientes para conocer los nuevos voceros de los <strong>Consejos Productivos de Trabajadores y Trabajadoras<\/strong> (<strong>CPTT<\/strong>).<\/p>\n\n\n\n<p>Las empresas <strong>At\u00fan Euskal<\/strong>, <strong>Micronizados<\/strong>, <strong>Corporaci\u00f3n 3C <\/strong>y <strong>Empresas Polar Mariguitar<\/strong>, tuvieron una visita del MPPPST Sucre, que fue liderado por la abogada Maryadela Guzm\u00e1n, junto con la inspector\u00eda del trabajo del MPPPST y el CEET-Cuman\u00e1, para animar a los trabajadores y trabajadoras a iniciar una pr\u00f3xima selecci\u00f3n de voceros para los CPTT de cada compa\u00f1\u00eda.<\/p>\n\n\n\n<p>Tambi\u00e9n se les record\u00f3 que pueden participar en los \u00ab<em>Planes de Formaci\u00f3n de Trabajadores<\/em>\u00ab, que es organizado por el <strong>Viceministerio de Educaci\u00f3n y el Trabajo para la Liberaci\u00f3n<\/strong> del MPPPST.<\/p>\n\n\n\n<p>La clase obrera que hacen vida en las empresas visitadas, comentaron su intenci\u00f3n de que conformar los nuevos CPTT, as\u00ed como la renovaci\u00f3n de los mismos.<\/p>\n\n\n\n<p>Es de destacar que los CEET son para la formaci\u00f3n colectiva de la clase obrera que desee participar y as\u00ed dar continuidad a que cada f\u00e1brica se convierta en una escuela.<\/p>\n\n\n\n<p><strong>Prensa MPPPST\/Rosa Brito<\/strong><\/p>\n","protected":false},"excerpt":{"rendered":"<p>Las empresas At\u00fan Euskal, Micronizados, Corporaci\u00f3n 3C y Empresas Polar Mariguitar, tuvieron una visita del MPPPST Sucre para animar a los trabajadores y trabajadoras a iniciar una pr\u00f3xima selecci\u00f3n de voceros para los CPTT de cada compa\u00f1\u00eda.<\/p>\n","protected":false},"author":25,"featured_media":0,"comment_status":"closed","ping_status":"closed","sticky":false,"template":"","format":"standard","meta":{"footnotes":""},"categories":[82,163,630],"tags":[703,222,223,227,654,335],"yoast_head":"<!-- This site is optimized with the Yoast SEO plugin v22.5 - https:\/\/yoast.com\/wordpress\/plugins\/seo\/ -->\n<title>MPPPST y Centros de Encuentro de Educaci\u00f3n y Trabajo visitan empresas en Cuman\u00e1 - MPPPST<\/title>\n<meta name=\"robots\" content=\"index, follow, max-snippet:-1, max-image-preview:large, max-video-preview:-1\" \/>\n<link rel=\"canonical\" href=\"https:\/\/www.mpppst.gob.ve\/mpppstweb\/index.php\/2024\/03\/13\/centros-de-encuentro-de-educacion-y-trabajo\/\" \/>\n<meta property=\"og:locale\" content=\"es_ES\" \/>\n<meta property=\"og:type\" content=\"article\" \/>\n<meta property=\"og:title\" content=\"MPPPST y Centros de Encuentro de Educaci\u00f3n y Trabajo visitan empresas en Cuman\u00e1 - MPPPST\" \/>\n<meta property=\"og:description\" content=\"Las empresas At\u00fan Euskal, Micronizados, Corporaci\u00f3n 3C y Empresas Polar Mariguitar, tuvieron una visita del MPPPST Sucre para animar a los trabajadores y trabajadoras a iniciar una pr\u00f3xima selecci\u00f3n de voceros para los CPTT de cada compa\u00f1\u00eda.\" \/>\n<meta property=\"og:url\" content=\"https:\/\/www.mpppst.gob.ve\/mpppstweb\/index.php\/2024\/03\/13\/centros-de-encuentro-de-educacion-y-trabajo\/\" \/>\n<meta property=\"og:site_name\" content=\"MPPPST\" \/>\n<meta property=\"article:published_time\" content=\"2024-03-13T18:07:30+00:00\" \/>\n<meta property=\"article:modified_time\" content=\"2024-03-19T18:48:46+00:00\" \/>\n<meta name=\"author\" content=\"MPPPST Prensa\" \/>\n<meta name=\"twitter:card\" content=\"summary_large_image\" \/>\n<meta name=\"twitter:label1\" content=\"Escrito por\" \/>\n\t<meta name=\"twitter:data1\" content=\"MPPPST Prensa\" \/>\n\t<meta name=\"twitter:label2\" content=\"Tiempo de lectura\" \/>\n\t<meta name=\"twitter:data2\" content=\"1 minuto\" \/>\n<script type=\"application\/ld+json\" class=\"yoast-schema-graph\">{\"@context\":\"https:\/\/schema.org\",\"@graph\":[{\"@type\":\"Article\",\"@id\":\"https:\/\/www.mpppst.gob.ve\/mpppstweb\/index.php\/2024\/03\/13\/centros-de-encuentro-de-educacion-y-trabajo\/#article\",\"isPartOf\":{\"@id\":\"https:\/\/www.mpppst.gob.ve\/mpppstweb\/index.php\/2024\/03\/13\/centros-de-encuentro-de-educacion-y-trabajo\/\"},\"author\":{\"name\":\"MPPPST Prensa\",\"@id\":\"https:\/\/www.mpppst.gob.ve\/mpppstweb\/#\/schema\/person\/fc187ee8ead412bd4c9304b62f900ea4\"},\"headline\":\"MPPPST y Centros de Encuentro de Educaci\u00f3n y Trabajo visitan empresas en Cuman\u00e1\",\"datePublished\":\"2024-03-13T18:07:30+00:00\",\"dateModified\":\"2024-03-19T18:48:46+00:00\",\"mainEntityOfPage\":{\"@id\":\"https:\/\/www.mpppst.gob.ve\/mpppstweb\/index.php\/2024\/03\/13\/centros-de-encuentro-de-educacion-y-trabajo\/\"},\"wordCount\":232,\"publisher\":{\"@id\":\"https:\/\/www.mpppst.gob.ve\/mpppstweb\/#organization\"},\"keywords\":[\"Cuman\u00e1\",\"Gobierno Bolivariano\",\"MPPPST\",\"Proceso Social\",\"Sucre\",\"Venezuela\"],\"articleSection\":[\"Gobierno Nacional\",\"Noticias\",\"Regionales\"],\"inLanguage\":\"es\"},{\"@type\":\"WebPage\",\"@id\":\"https:\/\/www.mpppst.gob.ve\/mpppstweb\/index.php\/2024\/03\/13\/centros-de-encuentro-de-educacion-y-trabajo\/\",\"url\":\"https:\/\/www.mpppst.gob.ve\/mpppstweb\/index.php\/2024\/03\/13\/centros-de-encuentro-de-educacion-y-trabajo\/\",\"name\":\"MPPPST y Centros de Encuentro de Educaci\u00f3n y Trabajo visitan empresas en Cuman\u00e1 - MPPPST\",\"isPartOf\":{\"@id\":\"https:\/\/www.mpppst.gob.ve\/mpppstweb\/#website\"},\"datePublished\":\"2024-03-13T18:07:30+00:00\",\"dateModified\":\"2024-03-19T18:48:46+00:00\",\"breadcrumb\":{\"@id\":\"https:\/\/www.mpppst.gob.ve\/mpppstweb\/index.php\/2024\/03\/13\/centros-de-encuentro-de-educacion-y-trabajo\/#breadcrumb\"},\"inLanguage\":\"es\",\"potentialAction\":[{\"@type\":\"ReadAction\",\"target\":[\"https:\/\/www.mpppst.gob.ve\/mpppstweb\/index.php\/2024\/03\/13\/centros-de-encuentro-de-educacion-y-trabajo\/\"]}]},{\"@type\":\"BreadcrumbList\",\"@id\":\"https:\/\/www.mpppst.gob.ve\/mpppstweb\/index.php\/2024\/03\/13\/centros-de-encuentro-de-educacion-y-trabajo\/#breadcrumb\",\"itemListElement\":[{\"@type\":\"ListItem\",\"position\":1,\"name\":\"Home\",\"item\":\"https:\/\/www.mpppst.gob.ve\/mpppstweb\/\"},{\"@type\":\"ListItem\",\"position\":2,\"name\":\"MPPPST y Centros de Encuentro de Educaci\u00f3n y Trabajo visitan empresas en Cuman\u00e1\"}]},{\"@type\":\"WebSite\",\"@id\":\"https:\/\/www.mpppst.gob.ve\/mpppstweb\/#website\",\"url\":\"https:\/\/www.mpppst.gob.ve\/mpppstweb\/\",\"name\":\"MPPPST\",\"description\":\"Ministerio del Poder Popular para el Proceso Social de Trabajo\",\"publisher\":{\"@id\":\"https:\/\/www.mpppst.gob.ve\/mpppstweb\/#organization\"},\"potentialAction\":[{\"@type\":\"SearchAction\",\"target\":{\"@type\":\"EntryPoint\",\"urlTemplate\":\"https:\/\/www.mpppst.gob.ve\/mpppstweb\/?s={search_term_string}\"},\"query-input\":\"required name=search_term_string\"}],\"inLanguage\":\"es\"},{\"@type\":\"Organization\",\"@id\":\"https:\/\/www.mpppst.gob.ve\/mpppstweb\/#organization\",\"name\":\"mpppst\",\"url\":\"https:\/\/www.mpppst.gob.ve\/mpppstweb\/\",\"logo\":{\"@type\":\"ImageObject\",\"inLanguage\":\"es\",\"@id\":\"https:\/\/www.mpppst.gob.ve\/mpppstweb\/#\/schema\/logo\/image\/\",\"url\":\"https:\/\/www.mpppst.gob.ve\/mpppstweb\/wp-content\/uploads\/2025\/07\/cropped-cropped-g910.png\",\"contentUrl\":\"https:\/\/www.mpppst.gob.ve\/mpppstweb\/wp-content\/uploads\/2025\/07\/cropped-cropped-g910.png\",\"width\":1080,\"height\":241,\"caption\":\"mpppst\"},\"image\":{\"@id\":\"https:\/\/www.mpppst.gob.ve\/mpppstweb\/#\/schema\/logo\/image\/\"}},{\"@type\":\"Person\",\"@id\":\"https:\/\/www.mpppst.gob.ve\/mpppstweb\/#\/schema\/person\/fc187ee8ead412bd4c9304b62f900ea4\",\"name\":\"MPPPST Prensa\",\"url\":\"https:\/\/www.mpppst.gob.ve\/mpppstweb\/index.php\/author\/prensa-mpppst\/\"}]}<\/script>\n<!-- \/ Yoast SEO plugin. -->","yoast_head_json":{"title":"MPPPST y Centros de Encuentro de Educaci\u00f3n y Trabajo visitan empresas en Cuman\u00e1 - MPPPST","robots":{"index":"index","follow":"follow","max-snippet":"max-snippet:-1","max-image-preview":"max-image-preview:large","max-video-preview":"max-video-preview:-1"},"canonical":"https:\/\/www.mpppst.gob.ve\/mpppstweb\/index.php\/2024\/03\/13\/centros-de-encuentro-de-educacion-y-trabajo\/","og_locale":"es_ES","og_type":"article","og_title":"MPPPST y Centros de Encuentro de Educaci\u00f3n y Trabajo visitan empresas en Cuman\u00e1 - MPPPST","og_description":"Las empresas At\u00fan Euskal, Micronizados, Corporaci\u00f3n 3C y Empresas Polar Mariguitar, tuvieron una visita del MPPPST Sucre para animar a los trabajadores y trabajadoras a iniciar una pr\u00f3xima selecci\u00f3n de voceros para los CPTT de cada compa\u00f1\u00eda.","og_url":"https:\/\/www.mpppst.gob.ve\/mpppstweb\/index.php\/2024\/03\/13\/centros-de-encuentro-de-educacion-y-trabajo\/","og_site_name":"MPPPST","article_published_time":"2024-03-13T18:07:30+00:00","article_modified_time":"2024-03-19T18:48:46+00:00","author":"MPPPST Prensa","twitter_card":"summary_large_image","twitter_misc":{"Escrito por":"MPPPST Prensa","Tiempo de lectura":"1 minuto"},"schema":{"@context":"https:\/\/schema.org","@graph":[{"@type":"Article","@id":"https:\/\/www.mpppst.gob.ve\/mpppstweb\/index.php\/2024\/03\/13\/centros-de-encuentro-de-educacion-y-trabajo\/#article","isPartOf":{"@id":"https:\/\/www.mpppst.gob.ve\/mpppstweb\/index.php\/2024\/03\/13\/centros-de-encuentro-de-educacion-y-trabajo\/"},"author":{"name":"MPPPST Prensa","@id":"https:\/\/www.mpppst.gob.ve\/mpppstweb\/#\/schema\/person\/fc187ee8ead412bd4c9304b62f900ea4"},"headline":"MPPPST y Centros de Encuentro de Educaci\u00f3n y Trabajo visitan empresas en Cuman\u00e1","datePublished":"2024-03-13T18:07:30+00:00","dateModified":"2024-03-19T18:48:46+00:00","mainEntityOfPage":{"@id":"https:\/\/www.mpppst.gob.ve\/mpppstweb\/index.php\/2024\/03\/13\/centros-de-encuentro-de-educacion-y-trabajo\/"},"wordCount":232,"publisher":{"@id":"https:\/\/www.mpppst.gob.ve\/mpppstweb\/#organization"},"keywords":["Cuman\u00e1","Gobierno Bolivariano","MPPPST","Proceso Social","Sucre","Venezuela"],"articleSection":["Gobierno Nacional","Noticias","Regionales"],"inLanguage":"es"},{"@type":"WebPage","@id":"https:\/\/www.mpppst.gob.ve\/mpppstweb\/index.php\/2024\/03\/13\/centros-de-encuentro-de-educacion-y-trabajo\/","url":"https:\/\/www.mpppst.gob.ve\/mpppstweb\/index.php\/2024\/03\/13\/centros-de-encuentro-de-educacion-y-trabajo\/","name":"MPPPST y Centros de Encuentro de Educaci\u00f3n y Trabajo visitan empresas en Cuman\u00e1 - MPPPST","isPartOf":{"@id":"https:\/\/www.mpppst.gob.ve\/mpppstweb\/#website"},"datePublished":"2024-03-13T18:07:30+00:00","dateModified":"2024-03-19T18:48:46+00:00","breadcrumb":{"@id":"https:\/\/www.mpppst.gob.ve\/mpppstweb\/index.php\/2024\/03\/13\/centros-de-encuentro-de-educacion-y-trabajo\/#breadcrumb"},"inLanguage":"es","potentialAction":[{"@type":"ReadAction","target":["https:\/\/www.mpppst.gob.ve\/mpppstweb\/index.php\/2024\/03\/13\/centros-de-encuentro-de-educacion-y-trabajo\/"]}]},{"@type":"BreadcrumbList","@id":"https:\/\/www.mpppst.gob.ve\/mpppstweb\/index.php\/2024\/03\/13\/centros-de-encuentro-de-educacion-y-trabajo\/#breadcrumb","itemListElement":[{"@type":"ListItem","position":1,"name":"Home","item":"https:\/\/www.mpppst.gob.ve\/mpppstweb\/"},{"@type":"ListItem","position":2,"name":"MPPPST y Centros de Encuentro de Educaci\u00f3n y Trabajo visitan empresas en Cuman\u00e1"}]},{"@type":"WebSite","@id":"https:\/\/www.mpppst.gob.ve\/mpppstweb\/#website","url":"https:\/\/www.mpppst.gob.ve\/mpppstweb\/","name":"MPPPST","description":"Ministerio del Poder Popular para el Proceso Social de Trabajo","publisher":{"@id":"https:\/\/www.mpppst.gob.ve\/mpppstweb\/#organization"},"potentialAction":[{"@type":"SearchAction","target":{"@type":"EntryPoint","urlTemplate":"https:\/\/www.mpppst.gob.ve\/mpppstweb\/?s={search_term_string}"},"query-input":"required name=search_term_string"}],"inLanguage":"es"},{"@type":"Organization","@id":"https:\/\/www.mpppst.gob.ve\/mpppstweb\/#organization","name":"mpppst","url":"https:\/\/www.mpppst.gob.ve\/mpppstweb\/","logo":{"@type":"ImageObject","inLanguage":"es","@id":"https:\/\/www.mpppst.gob.ve\/mpppstweb\/#\/schema\/logo\/image\/","url":"https:\/\/www.mpppst.gob.ve\/mpppstweb\/wp-content\/uploads\/2025\/07\/cropped-cropped-g910.png","contentUrl":"https:\/\/www.mpppst.gob.ve\/mpppstweb\/wp-content\/uploads\/2025\/07\/cropped-cropped-g910.png","width":1080,"height":241,"caption":"mpppst"},"image":{"@id":"https:\/\/www.mpppst.gob.ve\/mpppstweb\/#\/schema\/logo\/image\/"}},{"@type":"Person","@id":"https:\/\/www.mpppst.gob.ve\/mpppstweb\/#\/schema\/person\/fc187ee8ead412bd4c9304b62f900ea4","name":"MPPPST Prensa","url":"https:\/\/www.mpppst.gob.ve\/mpppstweb\/index.php\/author\/prensa-mpppst\/"}]}},"_links":{"self":[{"href":"https:\/\/www.mpppst.gob.ve\/mpppstweb\/index.php\/wp-json\/wp\/v2\/posts\/25947"}],"collection":[{"href":"https:\/\/www.mpppst.gob.ve\/mpppstweb\/index.php\/wp-json\/wp\/v2\/posts"}],"about":[{"href":"https:\/\/www.mpppst.gob.ve\/mpppstweb\/index.php\/wp-json\/wp\/v2\/types\/post"}],"author":[{"embeddable":true,"href":"https:\/\/www.mpppst.gob.ve\/mpppstweb\/index.php\/wp-json\/wp\/v2\/users\/25"}],"replies":[{"embeddable":true,"href":"https:\/\/www.mpppst.gob.ve\/mpppstweb\/index.php\/wp-json\/wp\/v2\/comments?post=25947"}],"version-history":[{"count":2,"href":"https:\/\/www.mpppst.gob.ve\/mpppstweb\/index.php\/wp-json\/wp\/v2\/posts\/25947\/revisions"}],"predecessor-version":[{"id":25965,"href":"https:\/\/www.mpppst.gob.ve\/mpppstweb\/index.php\/wp-json\/wp\/v2\/posts\/25947\/revisions\/25965"}],"wp:attachment":[{"href":"https:\/\/www.mpppst.gob.ve\/mpppstweb\/index.php\/wp-json\/wp\/v2\/media?parent=25947"}],"wp:term":[{"taxonomy":"category","embeddable":true,"href":"https:\/\/www.mpppst.gob.ve\/mpppstweb\/index.php\/wp-json\/wp\/v2\/categories?post=25947"},{"taxonomy":"post_tag","embeddable":true,"href":"https:\/\/www.mpppst.gob.ve\/mpppstweb\/index.php\/wp-json\/wp\/v2\/tags?post=25947"}],"curies":[{"name":"wp","href":"https:\/\/api.w.org\/{rel}","templated":true}]}}