{"id":26003,"date":"2024-04-11T11:07:25","date_gmt":"2024-04-11T15:07:25","guid":{"rendered":"http:\/\/www.mpppst.gob.ve\/mpppstweb\/?p=26003"},"modified":"2024-04-11T12:41:29","modified_gmt":"2024-04-11T16:41:29","slug":"presidente-de-inpsasel-participa-en-la-vigilia-del-puente-llaguno","status":"publish","type":"post","link":"https:\/\/www.mpppst.gob.ve\/mpppstweb\/index.php\/2024\/04\/11\/presidente-de-inpsasel-participa-en-la-vigilia-del-puente-llaguno\/","title":{"rendered":"Clase obrera participa en la vigilia del Puente Llaguno"},"content":{"rendered":"\n<p class=\"wp-block-paragraph\">MPPPST, Caracas.- En el Puente Llaguno, cientos de trabajadores y trabajadoras conmemoraron con una vigilia los 22 a\u00f1os desde el rescate del Comandante Hugo Ch\u00e1vez, quien en 2002 fue destituido de su cargo como Presidente de la Rep\u00fablica y fue encarcelado en la prisi\u00f3n militar de la Isla La Orchila.<\/p>\n\n\n\n<p class=\"wp-block-paragraph\">El presidente del Instituto Nacional de Prevenci\u00f3n, Salud y Seguridad Laborales (Inpsasel), Rusbel Rond\u00f3n, expres\u00f3 el enga\u00f1o que vivi\u00f3 el pueblo venezolano hace 22 a\u00f1os, cuando militares confabularon contra el mandato del Presidente Hugo Ch\u00e1vez.<\/p>\n\n\n\n<p class=\"wp-block-paragraph\">\u201cEs un d\u00eda hist\u00f3rico para conmemorar y recordar tambi\u00e9n a aquellos hombres que perdieron su vida en este puente, tras la arremetida de la derecha y la Polic\u00eda Metropolitana de la \u00e9poca (\u2026) jam\u00e1s contaron que el pueblo de Caracas y sus parroquias m\u00e1s aguerridas de La Vega, San Jos\u00e9, 23 de enero, Petare y otras iban a defender a su Presidente, y rodear desde el Palacio de Miraflores hasta el Puente Llaguno, y salvar la Revoluci\u00f3n Bolivariana\u201d, enfatiz\u00f3 Rond\u00f3n.<\/p>\n\n\n\n<p class=\"wp-block-paragraph\">En el puente Llaguno, se encuentra en la actualidad una estatua en conmemoraci\u00f3n a los fallecidos ante aquel ataque, que le cost\u00f3 la vida a 19 personas que se encontraban defendiendo y exigiendo la liberaci\u00f3n del Comandante Hugo Ch\u00e1vez.<\/p>\n","protected":false},"excerpt":{"rendered":"<p>MPPPST, Caracas.- En el Puente Llaguno, cientos de trabajadores y trabajadoras conmemoraron con una vigilia los &hellip; <a title=\"Clase obrera participa en la vigilia del Puente Llaguno\" class=\"hm-read-more\" href=\"https:\/\/www.mpppst.gob.ve\/mpppstweb\/index.php\/2024\/04\/11\/presidente-de-inpsasel-participa-en-la-vigilia-del-puente-llaguno\/\"><span class=\"screen-reader-text\">Clase obrera participa en la vigilia del Puente Llaguno<\/span>Leer m\u00e1s<\/a><\/p>\n","protected":false},"author":25,"featured_media":26004,"comment_status":"closed","ping_status":"closed","sticky":false,"template":"","format":"standard","meta":{"footnotes":""},"categories":[163],"tags":[250,715,415],"class_list":["post-26003","post","type-post","status-publish","format-standard","has-post-thumbnail","hentry","category-noticias","tag-inpsasel","tag-puente-llaguno","tag-rusbel-rondon"],"yoast_head":"<!-- This site is optimized with the Yoast SEO plugin v28.4 - https:\/\/yoast.com\/product\/yoast-seo-wordpress\/ -->\n<title>Clase obrera participa en la vigilia del Puente Llaguno - MPPPST<\/title>\n<meta name=\"robots\" content=\"index, follow, max-snippet:-1, max-image-preview:large, max-video-preview:-1\" \/>\n<link rel=\"canonical\" href=\"https:\/\/www.mpppst.gob.ve\/mpppstweb\/index.php\/2024\/04\/11\/presidente-de-inpsasel-participa-en-la-vigilia-del-puente-llaguno\/\" \/>\n<meta property=\"og:locale\" content=\"es_ES\" \/>\n<meta property=\"og:type\" content=\"article\" \/>\n<meta property=\"og:title\" content=\"Clase obrera participa en la vigilia del Puente Llaguno - MPPPST\" \/>\n<meta property=\"og:description\" content=\"MPPPST, Caracas.- En el Puente Llaguno, cientos de trabajadores y trabajadoras conmemoraron con una vigilia los &hellip; Clase obrera participa en la vigilia del Puente LlagunoLeer m\u00e1s\" \/>\n<meta property=\"og:url\" content=\"https:\/\/www.mpppst.gob.ve\/mpppstweb\/index.php\/2024\/04\/11\/presidente-de-inpsasel-participa-en-la-vigilia-del-puente-llaguno\/\" \/>\n<meta property=\"og:site_name\" content=\"MPPPST\" \/>\n<meta property=\"article:publisher\" content=\"https:\/\/www.facebook.com\/mintrabajo_ve\" \/>\n<meta property=\"article:published_time\" content=\"2024-04-11T15:07:25+00:00\" \/>\n<meta property=\"article:modified_time\" content=\"2024-04-11T16:41:29+00:00\" \/>\n<meta property=\"og:image\" content=\"https:\/\/www.mpppst.gob.ve\/mpppstweb\/wp-content\/uploads\/2024\/04\/WhatsApp-Image-2024-04-09-at-8.41.57-PM.jpeg\" \/>\n\t<meta property=\"og:image:width\" content=\"2560\" \/>\n\t<meta property=\"og:image:height\" content=\"1706\" \/>\n\t<meta property=\"og:image:type\" content=\"image\/jpeg\" \/>\n<meta name=\"author\" content=\"MPPPST Prensa\" \/>\n<meta name=\"twitter:card\" content=\"summary_large_image\" \/>\n<script type=\"application\/ld+json\" class=\"yoast-schema-graph\">{\"@context\":\"https:\\\/\\\/schema.org\",\"@graph\":[{\"@type\":\"Article\",\"@id\":\"https:\\\/\\\/www.mpppst.gob.ve\\\/mpppstweb\\\/index.php\\\/2024\\\/04\\\/11\\\/presidente-de-inpsasel-participa-en-la-vigilia-del-puente-llaguno\\\/#article\",\"isPartOf\":{\"@id\":\"https:\\\/\\\/www.mpppst.gob.ve\\\/mpppstweb\\\/index.php\\\/2024\\\/04\\\/11\\\/presidente-de-inpsasel-participa-en-la-vigilia-del-puente-llaguno\\\/\"},\"author\":{\"name\":\"MPPPST Prensa\",\"@id\":\"https:\\\/\\\/www.mpppst.gob.ve\\\/mpppstweb\\\/#\\\/schema\\\/person\\\/fc187ee8ead412bd4c9304b62f900ea4\"},\"headline\":\"Clase obrera participa en la vigilia del Puente Llaguno\",\"datePublished\":\"2024-04-11T15:07:25+00:00\",\"dateModified\":\"2024-04-11T16:41:29+00:00\",\"mainEntityOfPage\":{\"@id\":\"https:\\\/\\\/www.mpppst.gob.ve\\\/mpppstweb\\\/index.php\\\/2024\\\/04\\\/11\\\/presidente-de-inpsasel-participa-en-la-vigilia-del-puente-llaguno\\\/\"},\"wordCount\":228,\"publisher\":{\"@id\":\"https:\\\/\\\/www.mpppst.gob.ve\\\/mpppstweb\\\/#organization\"},\"image\":{\"@id\":\"https:\\\/\\\/www.mpppst.gob.ve\\\/mpppstweb\\\/index.php\\\/2024\\\/04\\\/11\\\/presidente-de-inpsasel-participa-en-la-vigilia-del-puente-llaguno\\\/#primaryimage\"},\"thumbnailUrl\":\"https:\\\/\\\/www.mpppst.gob.ve\\\/mpppstweb\\\/wp-content\\\/uploads\\\/2024\\\/04\\\/WhatsApp-Image-2024-04-09-at-8.41.57-PM.jpeg\",\"keywords\":[\"Inpsasel\",\"Puente Llaguno\",\"Rusbel Rond\u00f3n\"],\"articleSection\":[\"Noticias\"],\"inLanguage\":\"es\"},{\"@type\":\"WebPage\",\"@id\":\"https:\\\/\\\/www.mpppst.gob.ve\\\/mpppstweb\\\/index.php\\\/2024\\\/04\\\/11\\\/presidente-de-inpsasel-participa-en-la-vigilia-del-puente-llaguno\\\/\",\"url\":\"https:\\\/\\\/www.mpppst.gob.ve\\\/mpppstweb\\\/index.php\\\/2024\\\/04\\\/11\\\/presidente-de-inpsasel-participa-en-la-vigilia-del-puente-llaguno\\\/\",\"name\":\"Clase obrera participa en la vigilia del Puente Llaguno - MPPPST\",\"isPartOf\":{\"@id\":\"https:\\\/\\\/www.mpppst.gob.ve\\\/mpppstweb\\\/#website\"},\"primaryImageOfPage\":{\"@id\":\"https:\\\/\\\/www.mpppst.gob.ve\\\/mpppstweb\\\/index.php\\\/2024\\\/04\\\/11\\\/presidente-de-inpsasel-participa-en-la-vigilia-del-puente-llaguno\\\/#primaryimage\"},\"image\":{\"@id\":\"https:\\\/\\\/www.mpppst.gob.ve\\\/mpppstweb\\\/index.php\\\/2024\\\/04\\\/11\\\/presidente-de-inpsasel-participa-en-la-vigilia-del-puente-llaguno\\\/#primaryimage\"},\"thumbnailUrl\":\"https:\\\/\\\/www.mpppst.gob.ve\\\/mpppstweb\\\/wp-content\\\/uploads\\\/2024\\\/04\\\/WhatsApp-Image-2024-04-09-at-8.41.57-PM.jpeg\",\"datePublished\":\"2024-04-11T15:07:25+00:00\",\"dateModified\":\"2024-04-11T16:41:29+00:00\",\"breadcrumb\":{\"@id\":\"https:\\\/\\\/www.mpppst.gob.ve\\\/mpppstweb\\\/index.php\\\/2024\\\/04\\\/11\\\/presidente-de-inpsasel-participa-en-la-vigilia-del-puente-llaguno\\\/#breadcrumb\"},\"inLanguage\":\"es\",\"potentialAction\":[{\"@type\":\"ReadAction\",\"target\":[\"https:\\\/\\\/www.mpppst.gob.ve\\\/mpppstweb\\\/index.php\\\/2024\\\/04\\\/11\\\/presidente-de-inpsasel-participa-en-la-vigilia-del-puente-llaguno\\\/\"]}]},{\"@type\":\"ImageObject\",\"inLanguage\":\"es\",\"@id\":\"https:\\\/\\\/www.mpppst.gob.ve\\\/mpppstweb\\\/index.php\\\/2024\\\/04\\\/11\\\/presidente-de-inpsasel-participa-en-la-vigilia-del-puente-llaguno\\\/#primaryimage\",\"url\":\"https:\\\/\\\/www.mpppst.gob.ve\\\/mpppstweb\\\/wp-content\\\/uploads\\\/2024\\\/04\\\/WhatsApp-Image-2024-04-09-at-8.41.57-PM.jpeg\",\"contentUrl\":\"https:\\\/\\\/www.mpppst.gob.ve\\\/mpppstweb\\\/wp-content\\\/uploads\\\/2024\\\/04\\\/WhatsApp-Image-2024-04-09-at-8.41.57-PM.jpeg\",\"width\":2560,\"height\":1706,\"caption\":\"Vigilia de los 22 a\u00f1os en Puente Llaguno\"},{\"@type\":\"BreadcrumbList\",\"@id\":\"https:\\\/\\\/www.mpppst.gob.ve\\\/mpppstweb\\\/index.php\\\/2024\\\/04\\\/11\\\/presidente-de-inpsasel-participa-en-la-vigilia-del-puente-llaguno\\\/#breadcrumb\",\"itemListElement\":[{\"@type\":\"ListItem\",\"position\":1,\"name\":\"Home\",\"item\":\"https:\\\/\\\/www.mpppst.gob.ve\\\/mpppstweb\\\/\"},{\"@type\":\"ListItem\",\"position\":2,\"name\":\"Clase obrera participa en la vigilia del Puente Llaguno\"}]},{\"@type\":\"WebSite\",\"@id\":\"https:\\\/\\\/www.mpppst.gob.ve\\\/mpppstweb\\\/#website\",\"url\":\"https:\\\/\\\/www.mpppst.gob.ve\\\/mpppstweb\\\/\",\"name\":\"MPPPST\",\"description\":\"Sitio web oficial del Ministerio del Poder Popular para el Proceso Social de Trabajo\",\"publisher\":{\"@id\":\"https:\\\/\\\/www.mpppst.gob.ve\\\/mpppstweb\\\/#organization\"},\"alternateName\":\"Ministerio del Poder Popular para el Proceso Social de Trabajo\",\"potentialAction\":[{\"@type\":\"SearchAction\",\"target\":{\"@type\":\"EntryPoint\",\"urlTemplate\":\"https:\\\/\\\/www.mpppst.gob.ve\\\/mpppstweb\\\/?s={search_term_string}\"},\"query-input\":{\"@type\":\"PropertyValueSpecification\",\"valueRequired\":true,\"valueName\":\"search_term_string\"}}],\"inLanguage\":\"es\"},{\"@type\":\"Organization\",\"@id\":\"https:\\\/\\\/www.mpppst.gob.ve\\\/mpppstweb\\\/#organization\",\"name\":\"Ministerio del Poder Popular para el Proceso Social de Trabajo\",\"alternateName\":\"MPPPST\",\"url\":\"https:\\\/\\\/www.mpppst.gob.ve\\\/mpppstweb\\\/\",\"logo\":{\"@type\":\"ImageObject\",\"inLanguage\":\"es\",\"@id\":\"https:\\\/\\\/www.mpppst.gob.ve\\\/mpppstweb\\\/#\\\/schema\\\/logo\\\/image\\\/\",\"url\":\"https:\\\/\\\/www.mpppst.gob.ve\\\/mpppstweb\\\/wp-content\\\/uploads\\\/2025\\\/07\\\/cropped-cropped-g910.png\",\"contentUrl\":\"https:\\\/\\\/www.mpppst.gob.ve\\\/mpppstweb\\\/wp-content\\\/uploads\\\/2025\\\/07\\\/cropped-cropped-g910.png\",\"width\":1080,\"height\":241,\"caption\":\"Ministerio del Poder Popular para el Proceso Social de Trabajo\"},\"image\":{\"@id\":\"https:\\\/\\\/www.mpppst.gob.ve\\\/mpppstweb\\\/#\\\/schema\\\/logo\\\/image\\\/\"},\"sameAs\":[\"https:\\\/\\\/www.facebook.com\\\/mintrabajo_ve\",\"https:\\\/\\\/www.instagram.com\\\/mintrabajo_ve\\\/\",\"https:\\\/\\\/www.tiktok.com\\\/@mintrabajo_ve\",\"https:\\\/\\\/t.me\\\/mpppst\"]},{\"@type\":\"Person\",\"@id\":\"https:\\\/\\\/www.mpppst.gob.ve\\\/mpppstweb\\\/#\\\/schema\\\/person\\\/fc187ee8ead412bd4c9304b62f900ea4\",\"name\":\"MPPPST Prensa\",\"url\":\"https:\\\/\\\/www.mpppst.gob.ve\\\/mpppstweb\\\/index.php\\\/author\\\/prensa-mpppst\\\/\"}]}<\/script>\n<!-- \/ Yoast SEO plugin. -->","yoast_head_json":{"title":"Clase obrera participa en la vigilia del Puente Llaguno - MPPPST","robots":{"index":"index","follow":"follow","max-snippet":"max-snippet:-1","max-image-preview":"max-image-preview:large","max-video-preview":"max-video-preview:-1"},"canonical":"https:\/\/www.mpppst.gob.ve\/mpppstweb\/index.php\/2024\/04\/11\/presidente-de-inpsasel-participa-en-la-vigilia-del-puente-llaguno\/","og_locale":"es_ES","og_type":"article","og_title":"Clase obrera participa en la vigilia del Puente Llaguno - MPPPST","og_description":"MPPPST, Caracas.- En el Puente Llaguno, cientos de trabajadores y trabajadoras conmemoraron con una vigilia los &hellip; Clase obrera participa en la vigilia del Puente LlagunoLeer m\u00e1s","og_url":"https:\/\/www.mpppst.gob.ve\/mpppstweb\/index.php\/2024\/04\/11\/presidente-de-inpsasel-participa-en-la-vigilia-del-puente-llaguno\/","og_site_name":"MPPPST","article_publisher":"https:\/\/www.facebook.com\/mintrabajo_ve","article_published_time":"2024-04-11T15:07:25+00:00","article_modified_time":"2024-04-11T16:41:29+00:00","og_image":[{"width":2560,"height":1706,"url":"https:\/\/www.mpppst.gob.ve\/mpppstweb\/wp-content\/uploads\/2024\/04\/WhatsApp-Image-2024-04-09-at-8.41.57-PM.jpeg","type":"image\/jpeg"}],"author":"MPPPST Prensa","twitter_card":"summary_large_image","schema":{"@context":"https:\/\/schema.org","@graph":[{"@type":"Article","@id":"https:\/\/www.mpppst.gob.ve\/mpppstweb\/index.php\/2024\/04\/11\/presidente-de-inpsasel-participa-en-la-vigilia-del-puente-llaguno\/#article","isPartOf":{"@id":"https:\/\/www.mpppst.gob.ve\/mpppstweb\/index.php\/2024\/04\/11\/presidente-de-inpsasel-participa-en-la-vigilia-del-puente-llaguno\/"},"author":{"name":"MPPPST Prensa","@id":"https:\/\/www.mpppst.gob.ve\/mpppstweb\/#\/schema\/person\/fc187ee8ead412bd4c9304b62f900ea4"},"headline":"Clase obrera participa en la vigilia del Puente Llaguno","datePublished":"2024-04-11T15:07:25+00:00","dateModified":"2024-04-11T16:41:29+00:00","mainEntityOfPage":{"@id":"https:\/\/www.mpppst.gob.ve\/mpppstweb\/index.php\/2024\/04\/11\/presidente-de-inpsasel-participa-en-la-vigilia-del-puente-llaguno\/"},"wordCount":228,"publisher":{"@id":"https:\/\/www.mpppst.gob.ve\/mpppstweb\/#organization"},"image":{"@id":"https:\/\/www.mpppst.gob.ve\/mpppstweb\/index.php\/2024\/04\/11\/presidente-de-inpsasel-participa-en-la-vigilia-del-puente-llaguno\/#primaryimage"},"thumbnailUrl":"https:\/\/www.mpppst.gob.ve\/mpppstweb\/wp-content\/uploads\/2024\/04\/WhatsApp-Image-2024-04-09-at-8.41.57-PM.jpeg","keywords":["Inpsasel","Puente Llaguno","Rusbel Rond\u00f3n"],"articleSection":["Noticias"],"inLanguage":"es"},{"@type":"WebPage","@id":"https:\/\/www.mpppst.gob.ve\/mpppstweb\/index.php\/2024\/04\/11\/presidente-de-inpsasel-participa-en-la-vigilia-del-puente-llaguno\/","url":"https:\/\/www.mpppst.gob.ve\/mpppstweb\/index.php\/2024\/04\/11\/presidente-de-inpsasel-participa-en-la-vigilia-del-puente-llaguno\/","name":"Clase obrera participa en la vigilia del Puente Llaguno - MPPPST","isPartOf":{"@id":"https:\/\/www.mpppst.gob.ve\/mpppstweb\/#website"},"primaryImageOfPage":{"@id":"https:\/\/www.mpppst.gob.ve\/mpppstweb\/index.php\/2024\/04\/11\/presidente-de-inpsasel-participa-en-la-vigilia-del-puente-llaguno\/#primaryimage"},"image":{"@id":"https:\/\/www.mpppst.gob.ve\/mpppstweb\/index.php\/2024\/04\/11\/presidente-de-inpsasel-participa-en-la-vigilia-del-puente-llaguno\/#primaryimage"},"thumbnailUrl":"https:\/\/www.mpppst.gob.ve\/mpppstweb\/wp-content\/uploads\/2024\/04\/WhatsApp-Image-2024-04-09-at-8.41.57-PM.jpeg","datePublished":"2024-04-11T15:07:25+00:00","dateModified":"2024-04-11T16:41:29+00:00","breadcrumb":{"@id":"https:\/\/www.mpppst.gob.ve\/mpppstweb\/index.php\/2024\/04\/11\/presidente-de-inpsasel-participa-en-la-vigilia-del-puente-llaguno\/#breadcrumb"},"inLanguage":"es","potentialAction":[{"@type":"ReadAction","target":["https:\/\/www.mpppst.gob.ve\/mpppstweb\/index.php\/2024\/04\/11\/presidente-de-inpsasel-participa-en-la-vigilia-del-puente-llaguno\/"]}]},{"@type":"ImageObject","inLanguage":"es","@id":"https:\/\/www.mpppst.gob.ve\/mpppstweb\/index.php\/2024\/04\/11\/presidente-de-inpsasel-participa-en-la-vigilia-del-puente-llaguno\/#primaryimage","url":"https:\/\/www.mpppst.gob.ve\/mpppstweb\/wp-content\/uploads\/2024\/04\/WhatsApp-Image-2024-04-09-at-8.41.57-PM.jpeg","contentUrl":"https:\/\/www.mpppst.gob.ve\/mpppstweb\/wp-content\/uploads\/2024\/04\/WhatsApp-Image-2024-04-09-at-8.41.57-PM.jpeg","width":2560,"height":1706,"caption":"Vigilia de los 22 a\u00f1os en Puente Llaguno"},{"@type":"BreadcrumbList","@id":"https:\/\/www.mpppst.gob.ve\/mpppstweb\/index.php\/2024\/04\/11\/presidente-de-inpsasel-participa-en-la-vigilia-del-puente-llaguno\/#breadcrumb","itemListElement":[{"@type":"ListItem","position":1,"name":"Home","item":"https:\/\/www.mpppst.gob.ve\/mpppstweb\/"},{"@type":"ListItem","position":2,"name":"Clase obrera participa en la vigilia del Puente Llaguno"}]},{"@type":"WebSite","@id":"https:\/\/www.mpppst.gob.ve\/mpppstweb\/#website","url":"https:\/\/www.mpppst.gob.ve\/mpppstweb\/","name":"MPPPST","description":"Sitio web oficial del Ministerio del Poder Popular para el Proceso Social de Trabajo","publisher":{"@id":"https:\/\/www.mpppst.gob.ve\/mpppstweb\/#organization"},"alternateName":"Ministerio del Poder Popular para el Proceso Social de Trabajo","potentialAction":[{"@type":"SearchAction","target":{"@type":"EntryPoint","urlTemplate":"https:\/\/www.mpppst.gob.ve\/mpppstweb\/?s={search_term_string}"},"query-input":{"@type":"PropertyValueSpecification","valueRequired":true,"valueName":"search_term_string"}}],"inLanguage":"es"},{"@type":"Organization","@id":"https:\/\/www.mpppst.gob.ve\/mpppstweb\/#organization","name":"Ministerio del Poder Popular para el Proceso Social de Trabajo","alternateName":"MPPPST","url":"https:\/\/www.mpppst.gob.ve\/mpppstweb\/","logo":{"@type":"ImageObject","inLanguage":"es","@id":"https:\/\/www.mpppst.gob.ve\/mpppstweb\/#\/schema\/logo\/image\/","url":"https:\/\/www.mpppst.gob.ve\/mpppstweb\/wp-content\/uploads\/2025\/07\/cropped-cropped-g910.png","contentUrl":"https:\/\/www.mpppst.gob.ve\/mpppstweb\/wp-content\/uploads\/2025\/07\/cropped-cropped-g910.png","width":1080,"height":241,"caption":"Ministerio del Poder Popular para el Proceso Social de Trabajo"},"image":{"@id":"https:\/\/www.mpppst.gob.ve\/mpppstweb\/#\/schema\/logo\/image\/"},"sameAs":["https:\/\/www.facebook.com\/mintrabajo_ve","https:\/\/www.instagram.com\/mintrabajo_ve\/","https:\/\/www.tiktok.com\/@mintrabajo_ve","https:\/\/t.me\/mpppst"]},{"@type":"Person","@id":"https:\/\/www.mpppst.gob.ve\/mpppstweb\/#\/schema\/person\/fc187ee8ead412bd4c9304b62f900ea4","name":"MPPPST Prensa","url":"https:\/\/www.mpppst.gob.ve\/mpppstweb\/index.php\/author\/prensa-mpppst\/"}]}},"_links":{"self":[{"href":"https:\/\/www.mpppst.gob.ve\/mpppstweb\/index.php\/wp-json\/wp\/v2\/posts\/26003","targetHints":{"allow":["GET"]}}],"collection":[{"href":"https:\/\/www.mpppst.gob.ve\/mpppstweb\/index.php\/wp-json\/wp\/v2\/posts"}],"about":[{"href":"https:\/\/www.mpppst.gob.ve\/mpppstweb\/index.php\/wp-json\/wp\/v2\/types\/post"}],"author":[{"embeddable":true,"href":"https:\/\/www.mpppst.gob.ve\/mpppstweb\/index.php\/wp-json\/wp\/v2\/users\/25"}],"replies":[{"embeddable":true,"href":"https:\/\/www.mpppst.gob.ve\/mpppstweb\/index.php\/wp-json\/wp\/v2\/comments?post=26003"}],"version-history":[{"count":2,"href":"https:\/\/www.mpppst.gob.ve\/mpppstweb\/index.php\/wp-json\/wp\/v2\/posts\/26003\/revisions"}],"predecessor-version":[{"id":26012,"href":"https:\/\/www.mpppst.gob.ve\/mpppstweb\/index.php\/wp-json\/wp\/v2\/posts\/26003\/revisions\/26012"}],"wp:featuredmedia":[{"embeddable":true,"href":"https:\/\/www.mpppst.gob.ve\/mpppstweb\/index.php\/wp-json\/wp\/v2\/media\/26004"}],"wp:attachment":[{"href":"https:\/\/www.mpppst.gob.ve\/mpppstweb\/index.php\/wp-json\/wp\/v2\/media?parent=26003"}],"wp:term":[{"taxonomy":"category","embeddable":true,"href":"https:\/\/www.mpppst.gob.ve\/mpppstweb\/index.php\/wp-json\/wp\/v2\/categories?post=26003"},{"taxonomy":"post_tag","embeddable":true,"href":"https:\/\/www.mpppst.gob.ve\/mpppstweb\/index.php\/wp-json\/wp\/v2\/tags?post=26003"}],"curies":[{"name":"wp","href":"https:\/\/api.w.org\/{rel}","templated":true}]}}