{"id":26006,"date":"2024-04-11T12:39:25","date_gmt":"2024-04-11T16:39:25","guid":{"rendered":"http:\/\/www.mpppst.gob.ve\/mpppstweb\/?p=26006"},"modified":"2024-04-11T12:39:26","modified_gmt":"2024-04-11T16:39:26","slug":"abril-del-2002-el-mes-que-marco-la-historia-de-la-revolucion","status":"publish","type":"post","link":"https:\/\/www.mpppst.gob.ve\/mpppstweb\/index.php\/2024\/04\/11\/abril-del-2002-el-mes-que-marco-la-historia-de-la-revolucion\/","title":{"rendered":"Abril del 2002, el mes que marc\u00f3 la historia de la Revoluci\u00f3n"},"content":{"rendered":"\n<p class=\"wp-block-paragraph\"><strong>MPPPST, Caracas.-<\/strong> <strong>Abril del 2002<\/strong> fue el mes que marc\u00f3 el hito hist\u00f3rico de la <strong>Revoluci\u00f3n<\/strong>, los venezolanos y venezolanas de diferentes localidades salieron a reclamar por el regreso del <strong>Presidente Hugo Ch\u00e1vez<\/strong>, quien se encontraba encarcelado y su mandato hab\u00eda sufrido un golpe de estado.<\/p>\n\n\n\n<p class=\"wp-block-paragraph\">Todo comenz\u00f3 el 10 de diciembre del 2001, cuando empresas del sector privado convocaron a un paro nacional de 12 horas, en modo de protesta, alegando que las <strong>49 nuevas leyes<\/strong> por promulgar no estaban acordes con las empresas privadas ni al modelo venezolano, estas leyes se encontraban en reforma y se encuentran en la <strong>Constituci\u00f3n de 1999<\/strong>.<\/p>\n\n\n\n<p class=\"wp-block-paragraph\">Trabajadores de <strong>Petr\u00f3leos de Venezuela<\/strong> (<strong>Pdvsa<\/strong>), tambi\u00e9n se unieron a los paros que organizaron diferentes sindicatos, como la <strong>Confederaci\u00f3n de Trabajadores de Venezuela<\/strong> (<strong>CTV<\/strong>), empresas del sector privado y partidos pol\u00edticos adversos al mandato del <strong>Presidente Ch\u00e1vez<\/strong>, para el 9 de abril del a\u00f1o 2002 anunciaron una huelga general indefinida, durante estos d\u00edas Venezuela vivi\u00f3 conflictos y confrontaciones.<\/p>\n\n\n\n<p class=\"wp-block-paragraph\">El 11 de abril del 2002, en horas de la ma\u00f1ana los autodenominados Sociedad Civil, conformados por la <strong>CTV <\/strong>y <strong>Fedec\u00e1maras <\/strong>convocaron a una movilizaci\u00f3n en contra del mandato del <strong>Comandante<\/strong>, cuando la movilizaci\u00f3n lleg\u00f3 a Puente Llaguno 19 personas fueron asesinadas, durante esa noche el <strong>Presidente Hugo Ch\u00e1vez<\/strong> fue detenido y trasladado desde Miraflores hasta Fuerte Tiuna.<\/p>\n\n\n\n<figure class=\"wp-block-image size-large\"><a href=\"https:\/\/www.mpppst.gob.ve\/mpppstweb\/wp-content\/uploads\/2024\/04\/photo_4954169133428223575_y-1.jpg\"><img loading=\"lazy\" decoding=\"async\" width=\"1024\" height=\"576\" src=\"https:\/\/www.mpppst.gob.ve\/mpppstweb\/wp-content\/uploads\/2024\/04\/photo_4954169133428223575_y-1-1024x576.jpg\" alt=\"\" class=\"wp-image-26008\" srcset=\"https:\/\/www.mpppst.gob.ve\/mpppstweb\/wp-content\/uploads\/2024\/04\/photo_4954169133428223575_y-1-1024x576.jpg 1024w, https:\/\/www.mpppst.gob.ve\/mpppstweb\/wp-content\/uploads\/2024\/04\/photo_4954169133428223575_y-1-300x169.jpg 300w, https:\/\/www.mpppst.gob.ve\/mpppstweb\/wp-content\/uploads\/2024\/04\/photo_4954169133428223575_y-1-768x432.jpg 768w, https:\/\/www.mpppst.gob.ve\/mpppstweb\/wp-content\/uploads\/2024\/04\/photo_4954169133428223575_y-1.jpg 1200w\" sizes=\"auto, (max-width: 1024px) 100vw, 1024px\" \/><\/a><figcaption class=\"wp-element-caption\">Pedro Carmona auto jurament\u00e1ndose como presidente interino de la <strong>Rep\u00fablica Bolivariana de Venezuela<\/strong>.<\/figcaption><\/figure>\n\n\n\n<p class=\"wp-block-paragraph\">El 12 de abril, el conocido <strong>Pedro Carmona<\/strong>, presidente de la <strong>Federaci\u00f3n de C\u00e1maras de Comercio y de Industria de Venezuela<\/strong> (<strong>Fedec\u00e1maras<\/strong>), apareci\u00f3 en canales privados del pa\u00eds auto jurament\u00e1ndose como presidente interino de la <strong>Rep\u00fablica Bolivariana de Venezuela<\/strong>, e inici\u00f3 la descomposici\u00f3n de los poderes que conformaban el Estado y repuso el nombre de Rep\u00fablica de Venezuela. <\/p>\n\n\n\n<p class=\"wp-block-paragraph\">Momentos despu\u00e9s, su hija <strong>Mar\u00eda Gabriela Ch\u00e1vez<\/strong>, afirm\u00f3 para un canal internacional, que el Comandante no hab\u00eda renunciado y que era un <strong>Presidente prisionero<\/strong>, para la tarde del 12 de abril el <strong>Fiscal General de la Rep\u00fablica<\/strong>, <strong>Isa\u00edas Rodr\u00edguez<\/strong>, ofreci\u00f3 una conferencia de prensa donde expres\u00f3 que se hab\u00eda producido un golpe de Estado, y el nuevo gobierno era inconstitucional.<\/p>\n\n\n\n<p class=\"wp-block-paragraph\">Para ese momento, los ciudadanos y ciudadanas de las zonas populares de Caracas, se encontraban fuera de sus hogares con las consignas<strong> \u201c\u00a1Queremos a Ch\u00e1vez!\u201d<\/strong> y <strong>\u201cCh\u00e1vez no renunci\u00f3, lo tienen secuestrado\u201d<\/strong>, llenando las calles adyacentes al palacio de Miraflores, aunque la poblaci\u00f3n fue reprimida por la Polic\u00eda Metropolitana, se mantuvieron firmes en apoyo al Comandante.<\/p>\n\n\n\n<figure class=\"wp-block-image size-full\"><a href=\"https:\/\/www.mpppst.gob.ve\/mpppstweb\/wp-content\/uploads\/2024\/04\/pueblo_11_de_abril_vtv.jpeg_33295916.jpeg\"><img loading=\"lazy\" decoding=\"async\" width=\"620\" height=\"407\" src=\"https:\/\/www.mpppst.gob.ve\/mpppstweb\/wp-content\/uploads\/2024\/04\/pueblo_11_de_abril_vtv.jpeg_33295916.jpeg\" alt=\"\" class=\"wp-image-26010\" srcset=\"https:\/\/www.mpppst.gob.ve\/mpppstweb\/wp-content\/uploads\/2024\/04\/pueblo_11_de_abril_vtv.jpeg_33295916.jpeg 620w, https:\/\/www.mpppst.gob.ve\/mpppstweb\/wp-content\/uploads\/2024\/04\/pueblo_11_de_abril_vtv.jpeg_33295916-300x197.jpeg 300w\" sizes=\"auto, (max-width: 620px) 100vw, 620px\" \/><\/a><\/figure>\n\n\n\n<p class=\"wp-block-paragraph\">Por su parte, la simb\u00f3lica <strong>42\u00aa Brigada de Infanter\u00eda Paracaidista del Ej\u00e9rcito venezolano<\/strong> ubicada en <strong>Maracay<\/strong>, estado <strong>Aragua<\/strong>, se declara activa para la <strong>Operaci\u00f3n Rescate de la Dignidad Nacional<\/strong>, quien se fusiona con la <strong>Guardia de Honor Presidencial<\/strong>, armando una uni\u00f3n c\u00edvico-militar con el pueblo que se encontraba en los alrededores de Miraflores.<\/p>\n\n\n\n<p class=\"wp-block-paragraph\">Durante el 13 de abril el <strong>Comandante <\/strong>se encontraba en <strong>Turiamo<\/strong>, donde deja una carta que indica:<\/p>\n\n\n\n<p class=\"wp-block-paragraph\"><br>\u201cTuriamo, 13 de abril 2002<\/p>\n\n\n\n<p class=\"wp-block-paragraph\">a las 14:45<br>Al pueblo venezolano\u2026<\/p>\n\n\n\n<p class=\"wp-block-paragraph\">(y a quien pueda interesar).<br>Yo, Hugo Ch\u00e1vez Fr\u00edas, venezolano,<\/p>\n\n\n\n<p class=\"wp-block-paragraph\">Presidente de la Rep\u00fablica Bolivariana<\/p>\n\n\n\n<p class=\"wp-block-paragraph\">de Venezuela, declaro:<br>No he renunciado al<\/p>\n\n\n\n<p class=\"wp-block-paragraph\">poder leg\u00edtimo que el<\/p>\n\n\n\n<p class=\"wp-block-paragraph\">pueblo venezolano me dio.<br>\u00a1\u00a1Para siempre!!<br>Hugo Ch\u00e1vez F.\u201d<\/p>\n\n\n\n<p class=\"wp-block-paragraph\">Luego fue llevado hasta la isla de <strong>La Orchila<\/strong>, para ese momento el pueblo venezolano se encontraba reconquistando la <strong>Casa Militar<\/strong>, y el general <strong>Efra\u00edn V\u00e1squez Velasco<\/strong> anunciaba p\u00fablicamente que no respaldaba a <strong>Pedro Carmona<\/strong>, asegurando que se hab\u00eda roto el hilo constitucional.<\/p>\n\n\n\n<p class=\"wp-block-paragraph\">Se tem\u00eda un magnicidio, por ello el <strong>Alto Mando<\/strong> expresa el ultim\u00e1tum y dieron una hora para entregar sano y salvo al <strong>Presidente<\/strong>, en ese momento <strong>Diosdado Cabello<\/strong> toma el control como presidente provisional, mientras se espera el retorno del <strong>Presidente Hugo Ch\u00e1vez<\/strong>.<\/p>\n\n\n\n<p class=\"wp-block-paragraph\">A las altas horas de la noche, desde <strong>Puerto Cabello<\/strong>, estado <strong>Carabobo  <\/strong>una lancha con aproximadamente 30 funcionarios militares y tres helic\u00f3pteros, partieron a La Orchilla, eran comandados por el general <strong>Al\u00ed Uzc\u00e1tegui<\/strong>, la operaci\u00f3n fue exitosa, el Comandante estaba de regreso a Miraflores.<\/p>\n\n\n\n<p class=\"wp-block-paragraph\">Para la madrugada del 14 de abril, un helic\u00f3ptero de la <strong>Fuerza Armada Bolivariana<\/strong>, llevaba al <strong>Presidente Ch\u00e1vez<\/strong> rumbo a <strong>Miraflores <\/strong>donde lo esperaba el pueblo venezolano junto los militares patriotas.<\/p>\n","protected":false},"excerpt":{"rendered":"<p>MPPPST, Caracas.- Abril del 2002 fue el mes que marc\u00f3 el hito hist\u00f3rico de la Revoluci\u00f3n, &hellip; <a title=\"Abril del 2002, el mes que marc\u00f3 la historia de la Revoluci\u00f3n\" class=\"hm-read-more\" href=\"https:\/\/www.mpppst.gob.ve\/mpppstweb\/index.php\/2024\/04\/11\/abril-del-2002-el-mes-que-marco-la-historia-de-la-revolucion\/\"><span class=\"screen-reader-text\">Abril del 2002, el mes que marc\u00f3 la historia de la Revoluci\u00f3n<\/span>Leer m\u00e1s<\/a><\/p>\n","protected":false},"author":25,"featured_media":26007,"comment_status":"closed","ping_status":"closed","sticky":false,"template":"","format":"standard","meta":{"footnotes":""},"categories":[82,163],"tags":[716,717,637,697,719,718,720],"class_list":["post-26006","post","type-post","status-publish","format-standard","has-post-thumbnail","hentry","category-gobierno-nacional","category-noticias","tag-abril-del-2002","tag-aragua","tag-carabobo","tag-comandante-chavez","tag-fuerza-armada-bolivariana","tag-golpe-de-estado","tag-la-orchila"],"yoast_head":"<!-- This site is optimized with the Yoast SEO plugin v28.4 - https:\/\/yoast.com\/product\/yoast-seo-wordpress\/ -->\n<title>Abril del 2002, el mes que marc\u00f3 la historia de la Revoluci\u00f3n - MPPPST<\/title>\n<meta name=\"robots\" content=\"index, follow, max-snippet:-1, max-image-preview:large, max-video-preview:-1\" \/>\n<link rel=\"canonical\" href=\"https:\/\/www.mpppst.gob.ve\/mpppstweb\/index.php\/2024\/04\/11\/abril-del-2002-el-mes-que-marco-la-historia-de-la-revolucion\/\" \/>\n<meta property=\"og:locale\" content=\"es_ES\" \/>\n<meta property=\"og:type\" content=\"article\" \/>\n<meta property=\"og:title\" content=\"Abril del 2002, el mes que marc\u00f3 la historia de la Revoluci\u00f3n - MPPPST\" \/>\n<meta property=\"og:description\" content=\"MPPPST, Caracas.- Abril del 2002 fue el mes que marc\u00f3 el hito hist\u00f3rico de la Revoluci\u00f3n, &hellip; Abril del 2002, el mes que marc\u00f3 la historia de la Revoluci\u00f3nLeer m\u00e1s\" \/>\n<meta property=\"og:url\" content=\"https:\/\/www.mpppst.gob.ve\/mpppstweb\/index.php\/2024\/04\/11\/abril-del-2002-el-mes-que-marco-la-historia-de-la-revolucion\/\" \/>\n<meta property=\"og:site_name\" content=\"MPPPST\" \/>\n<meta property=\"article:publisher\" content=\"https:\/\/www.facebook.com\/mintrabajo_ve\" \/>\n<meta property=\"article:published_time\" content=\"2024-04-11T16:39:25+00:00\" \/>\n<meta property=\"article:modified_time\" content=\"2024-04-11T16:39:26+00:00\" \/>\n<meta property=\"og:image\" content=\"https:\/\/www.mpppst.gob.ve\/mpppstweb\/wp-content\/uploads\/2024\/04\/imagen_2024-04-11_122454896.png\" \/>\n\t<meta property=\"og:image:width\" content=\"620\" \/>\n\t<meta property=\"og:image:height\" content=\"413\" \/>\n\t<meta property=\"og:image:type\" content=\"image\/png\" \/>\n<meta name=\"author\" content=\"MPPPST Prensa\" \/>\n<meta name=\"twitter:card\" content=\"summary_large_image\" \/>\n<script type=\"application\/ld+json\" class=\"yoast-schema-graph\">{\"@context\":\"https:\\\/\\\/schema.org\",\"@graph\":[{\"@type\":\"Article\",\"@id\":\"https:\\\/\\\/www.mpppst.gob.ve\\\/mpppstweb\\\/index.php\\\/2024\\\/04\\\/11\\\/abril-del-2002-el-mes-que-marco-la-historia-de-la-revolucion\\\/#article\",\"isPartOf\":{\"@id\":\"https:\\\/\\\/www.mpppst.gob.ve\\\/mpppstweb\\\/index.php\\\/2024\\\/04\\\/11\\\/abril-del-2002-el-mes-que-marco-la-historia-de-la-revolucion\\\/\"},\"author\":{\"name\":\"MPPPST Prensa\",\"@id\":\"https:\\\/\\\/www.mpppst.gob.ve\\\/mpppstweb\\\/#\\\/schema\\\/person\\\/fc187ee8ead412bd4c9304b62f900ea4\"},\"headline\":\"Abril del 2002, el mes que marc\u00f3 la historia de la Revoluci\u00f3n\",\"datePublished\":\"2024-04-11T16:39:25+00:00\",\"dateModified\":\"2024-04-11T16:39:26+00:00\",\"mainEntityOfPage\":{\"@id\":\"https:\\\/\\\/www.mpppst.gob.ve\\\/mpppstweb\\\/index.php\\\/2024\\\/04\\\/11\\\/abril-del-2002-el-mes-que-marco-la-historia-de-la-revolucion\\\/\"},\"wordCount\":739,\"publisher\":{\"@id\":\"https:\\\/\\\/www.mpppst.gob.ve\\\/mpppstweb\\\/#organization\"},\"image\":{\"@id\":\"https:\\\/\\\/www.mpppst.gob.ve\\\/mpppstweb\\\/index.php\\\/2024\\\/04\\\/11\\\/abril-del-2002-el-mes-que-marco-la-historia-de-la-revolucion\\\/#primaryimage\"},\"thumbnailUrl\":\"https:\\\/\\\/www.mpppst.gob.ve\\\/mpppstweb\\\/wp-content\\\/uploads\\\/2024\\\/04\\\/imagen_2024-04-11_122454896.png\",\"keywords\":[\"abril del 2002\",\"Aragua\",\"Carabobo\",\"Comandante Ch\u00e1vez\",\"Fuerza Armada Bolivariana\",\"Golpe de Estado\",\"La Orchila\"],\"articleSection\":[\"Gobierno Nacional\",\"Noticias\"],\"inLanguage\":\"es\"},{\"@type\":\"WebPage\",\"@id\":\"https:\\\/\\\/www.mpppst.gob.ve\\\/mpppstweb\\\/index.php\\\/2024\\\/04\\\/11\\\/abril-del-2002-el-mes-que-marco-la-historia-de-la-revolucion\\\/\",\"url\":\"https:\\\/\\\/www.mpppst.gob.ve\\\/mpppstweb\\\/index.php\\\/2024\\\/04\\\/11\\\/abril-del-2002-el-mes-que-marco-la-historia-de-la-revolucion\\\/\",\"name\":\"Abril del 2002, el mes que marc\u00f3 la historia de la Revoluci\u00f3n - MPPPST\",\"isPartOf\":{\"@id\":\"https:\\\/\\\/www.mpppst.gob.ve\\\/mpppstweb\\\/#website\"},\"primaryImageOfPage\":{\"@id\":\"https:\\\/\\\/www.mpppst.gob.ve\\\/mpppstweb\\\/index.php\\\/2024\\\/04\\\/11\\\/abril-del-2002-el-mes-que-marco-la-historia-de-la-revolucion\\\/#primaryimage\"},\"image\":{\"@id\":\"https:\\\/\\\/www.mpppst.gob.ve\\\/mpppstweb\\\/index.php\\\/2024\\\/04\\\/11\\\/abril-del-2002-el-mes-que-marco-la-historia-de-la-revolucion\\\/#primaryimage\"},\"thumbnailUrl\":\"https:\\\/\\\/www.mpppst.gob.ve\\\/mpppstweb\\\/wp-content\\\/uploads\\\/2024\\\/04\\\/imagen_2024-04-11_122454896.png\",\"datePublished\":\"2024-04-11T16:39:25+00:00\",\"dateModified\":\"2024-04-11T16:39:26+00:00\",\"breadcrumb\":{\"@id\":\"https:\\\/\\\/www.mpppst.gob.ve\\\/mpppstweb\\\/index.php\\\/2024\\\/04\\\/11\\\/abril-del-2002-el-mes-que-marco-la-historia-de-la-revolucion\\\/#breadcrumb\"},\"inLanguage\":\"es\",\"potentialAction\":[{\"@type\":\"ReadAction\",\"target\":[\"https:\\\/\\\/www.mpppst.gob.ve\\\/mpppstweb\\\/index.php\\\/2024\\\/04\\\/11\\\/abril-del-2002-el-mes-que-marco-la-historia-de-la-revolucion\\\/\"]}]},{\"@type\":\"ImageObject\",\"inLanguage\":\"es\",\"@id\":\"https:\\\/\\\/www.mpppst.gob.ve\\\/mpppstweb\\\/index.php\\\/2024\\\/04\\\/11\\\/abril-del-2002-el-mes-que-marco-la-historia-de-la-revolucion\\\/#primaryimage\",\"url\":\"https:\\\/\\\/www.mpppst.gob.ve\\\/mpppstweb\\\/wp-content\\\/uploads\\\/2024\\\/04\\\/imagen_2024-04-11_122454896.png\",\"contentUrl\":\"https:\\\/\\\/www.mpppst.gob.ve\\\/mpppstweb\\\/wp-content\\\/uploads\\\/2024\\\/04\\\/imagen_2024-04-11_122454896.png\",\"width\":620,\"height\":413,\"caption\":\"Chavez regresa a Miraflores\"},{\"@type\":\"BreadcrumbList\",\"@id\":\"https:\\\/\\\/www.mpppst.gob.ve\\\/mpppstweb\\\/index.php\\\/2024\\\/04\\\/11\\\/abril-del-2002-el-mes-que-marco-la-historia-de-la-revolucion\\\/#breadcrumb\",\"itemListElement\":[{\"@type\":\"ListItem\",\"position\":1,\"name\":\"Home\",\"item\":\"https:\\\/\\\/www.mpppst.gob.ve\\\/mpppstweb\\\/\"},{\"@type\":\"ListItem\",\"position\":2,\"name\":\"Abril del 2002, el mes que marc\u00f3 la historia de la Revoluci\u00f3n\"}]},{\"@type\":\"WebSite\",\"@id\":\"https:\\\/\\\/www.mpppst.gob.ve\\\/mpppstweb\\\/#website\",\"url\":\"https:\\\/\\\/www.mpppst.gob.ve\\\/mpppstweb\\\/\",\"name\":\"MPPPST\",\"description\":\"Sitio web oficial del Ministerio del Poder Popular para el Proceso Social de Trabajo\",\"publisher\":{\"@id\":\"https:\\\/\\\/www.mpppst.gob.ve\\\/mpppstweb\\\/#organization\"},\"alternateName\":\"Ministerio del Poder Popular para el Proceso Social de Trabajo\",\"potentialAction\":[{\"@type\":\"SearchAction\",\"target\":{\"@type\":\"EntryPoint\",\"urlTemplate\":\"https:\\\/\\\/www.mpppst.gob.ve\\\/mpppstweb\\\/?s={search_term_string}\"},\"query-input\":{\"@type\":\"PropertyValueSpecification\",\"valueRequired\":true,\"valueName\":\"search_term_string\"}}],\"inLanguage\":\"es\"},{\"@type\":\"Organization\",\"@id\":\"https:\\\/\\\/www.mpppst.gob.ve\\\/mpppstweb\\\/#organization\",\"name\":\"Ministerio del Poder Popular para el Proceso Social de Trabajo\",\"alternateName\":\"MPPPST\",\"url\":\"https:\\\/\\\/www.mpppst.gob.ve\\\/mpppstweb\\\/\",\"logo\":{\"@type\":\"ImageObject\",\"inLanguage\":\"es\",\"@id\":\"https:\\\/\\\/www.mpppst.gob.ve\\\/mpppstweb\\\/#\\\/schema\\\/logo\\\/image\\\/\",\"url\":\"https:\\\/\\\/www.mpppst.gob.ve\\\/mpppstweb\\\/wp-content\\\/uploads\\\/2025\\\/07\\\/cropped-cropped-g910.png\",\"contentUrl\":\"https:\\\/\\\/www.mpppst.gob.ve\\\/mpppstweb\\\/wp-content\\\/uploads\\\/2025\\\/07\\\/cropped-cropped-g910.png\",\"width\":1080,\"height\":241,\"caption\":\"Ministerio del Poder Popular para el Proceso Social de Trabajo\"},\"image\":{\"@id\":\"https:\\\/\\\/www.mpppst.gob.ve\\\/mpppstweb\\\/#\\\/schema\\\/logo\\\/image\\\/\"},\"sameAs\":[\"https:\\\/\\\/www.facebook.com\\\/mintrabajo_ve\",\"https:\\\/\\\/www.instagram.com\\\/mintrabajo_ve\\\/\",\"https:\\\/\\\/www.tiktok.com\\\/@mintrabajo_ve\",\"https:\\\/\\\/t.me\\\/mpppst\"]},{\"@type\":\"Person\",\"@id\":\"https:\\\/\\\/www.mpppst.gob.ve\\\/mpppstweb\\\/#\\\/schema\\\/person\\\/fc187ee8ead412bd4c9304b62f900ea4\",\"name\":\"MPPPST Prensa\",\"url\":\"https:\\\/\\\/www.mpppst.gob.ve\\\/mpppstweb\\\/index.php\\\/author\\\/prensa-mpppst\\\/\"}]}<\/script>\n<!-- \/ Yoast SEO plugin. -->","yoast_head_json":{"title":"Abril del 2002, el mes que marc\u00f3 la historia de la Revoluci\u00f3n - MPPPST","robots":{"index":"index","follow":"follow","max-snippet":"max-snippet:-1","max-image-preview":"max-image-preview:large","max-video-preview":"max-video-preview:-1"},"canonical":"https:\/\/www.mpppst.gob.ve\/mpppstweb\/index.php\/2024\/04\/11\/abril-del-2002-el-mes-que-marco-la-historia-de-la-revolucion\/","og_locale":"es_ES","og_type":"article","og_title":"Abril del 2002, el mes que marc\u00f3 la historia de la Revoluci\u00f3n - MPPPST","og_description":"MPPPST, Caracas.- Abril del 2002 fue el mes que marc\u00f3 el hito hist\u00f3rico de la Revoluci\u00f3n, &hellip; Abril del 2002, el mes que marc\u00f3 la historia de la Revoluci\u00f3nLeer m\u00e1s","og_url":"https:\/\/www.mpppst.gob.ve\/mpppstweb\/index.php\/2024\/04\/11\/abril-del-2002-el-mes-que-marco-la-historia-de-la-revolucion\/","og_site_name":"MPPPST","article_publisher":"https:\/\/www.facebook.com\/mintrabajo_ve","article_published_time":"2024-04-11T16:39:25+00:00","article_modified_time":"2024-04-11T16:39:26+00:00","og_image":[{"width":620,"height":413,"url":"https:\/\/www.mpppst.gob.ve\/mpppstweb\/wp-content\/uploads\/2024\/04\/imagen_2024-04-11_122454896.png","type":"image\/png"}],"author":"MPPPST Prensa","twitter_card":"summary_large_image","schema":{"@context":"https:\/\/schema.org","@graph":[{"@type":"Article","@id":"https:\/\/www.mpppst.gob.ve\/mpppstweb\/index.php\/2024\/04\/11\/abril-del-2002-el-mes-que-marco-la-historia-de-la-revolucion\/#article","isPartOf":{"@id":"https:\/\/www.mpppst.gob.ve\/mpppstweb\/index.php\/2024\/04\/11\/abril-del-2002-el-mes-que-marco-la-historia-de-la-revolucion\/"},"author":{"name":"MPPPST Prensa","@id":"https:\/\/www.mpppst.gob.ve\/mpppstweb\/#\/schema\/person\/fc187ee8ead412bd4c9304b62f900ea4"},"headline":"Abril del 2002, el mes que marc\u00f3 la historia de la Revoluci\u00f3n","datePublished":"2024-04-11T16:39:25+00:00","dateModified":"2024-04-11T16:39:26+00:00","mainEntityOfPage":{"@id":"https:\/\/www.mpppst.gob.ve\/mpppstweb\/index.php\/2024\/04\/11\/abril-del-2002-el-mes-que-marco-la-historia-de-la-revolucion\/"},"wordCount":739,"publisher":{"@id":"https:\/\/www.mpppst.gob.ve\/mpppstweb\/#organization"},"image":{"@id":"https:\/\/www.mpppst.gob.ve\/mpppstweb\/index.php\/2024\/04\/11\/abril-del-2002-el-mes-que-marco-la-historia-de-la-revolucion\/#primaryimage"},"thumbnailUrl":"https:\/\/www.mpppst.gob.ve\/mpppstweb\/wp-content\/uploads\/2024\/04\/imagen_2024-04-11_122454896.png","keywords":["abril del 2002","Aragua","Carabobo","Comandante Ch\u00e1vez","Fuerza Armada Bolivariana","Golpe de Estado","La Orchila"],"articleSection":["Gobierno Nacional","Noticias"],"inLanguage":"es"},{"@type":"WebPage","@id":"https:\/\/www.mpppst.gob.ve\/mpppstweb\/index.php\/2024\/04\/11\/abril-del-2002-el-mes-que-marco-la-historia-de-la-revolucion\/","url":"https:\/\/www.mpppst.gob.ve\/mpppstweb\/index.php\/2024\/04\/11\/abril-del-2002-el-mes-que-marco-la-historia-de-la-revolucion\/","name":"Abril del 2002, el mes que marc\u00f3 la historia de la Revoluci\u00f3n - MPPPST","isPartOf":{"@id":"https:\/\/www.mpppst.gob.ve\/mpppstweb\/#website"},"primaryImageOfPage":{"@id":"https:\/\/www.mpppst.gob.ve\/mpppstweb\/index.php\/2024\/04\/11\/abril-del-2002-el-mes-que-marco-la-historia-de-la-revolucion\/#primaryimage"},"image":{"@id":"https:\/\/www.mpppst.gob.ve\/mpppstweb\/index.php\/2024\/04\/11\/abril-del-2002-el-mes-que-marco-la-historia-de-la-revolucion\/#primaryimage"},"thumbnailUrl":"https:\/\/www.mpppst.gob.ve\/mpppstweb\/wp-content\/uploads\/2024\/04\/imagen_2024-04-11_122454896.png","datePublished":"2024-04-11T16:39:25+00:00","dateModified":"2024-04-11T16:39:26+00:00","breadcrumb":{"@id":"https:\/\/www.mpppst.gob.ve\/mpppstweb\/index.php\/2024\/04\/11\/abril-del-2002-el-mes-que-marco-la-historia-de-la-revolucion\/#breadcrumb"},"inLanguage":"es","potentialAction":[{"@type":"ReadAction","target":["https:\/\/www.mpppst.gob.ve\/mpppstweb\/index.php\/2024\/04\/11\/abril-del-2002-el-mes-que-marco-la-historia-de-la-revolucion\/"]}]},{"@type":"ImageObject","inLanguage":"es","@id":"https:\/\/www.mpppst.gob.ve\/mpppstweb\/index.php\/2024\/04\/11\/abril-del-2002-el-mes-que-marco-la-historia-de-la-revolucion\/#primaryimage","url":"https:\/\/www.mpppst.gob.ve\/mpppstweb\/wp-content\/uploads\/2024\/04\/imagen_2024-04-11_122454896.png","contentUrl":"https:\/\/www.mpppst.gob.ve\/mpppstweb\/wp-content\/uploads\/2024\/04\/imagen_2024-04-11_122454896.png","width":620,"height":413,"caption":"Chavez regresa a Miraflores"},{"@type":"BreadcrumbList","@id":"https:\/\/www.mpppst.gob.ve\/mpppstweb\/index.php\/2024\/04\/11\/abril-del-2002-el-mes-que-marco-la-historia-de-la-revolucion\/#breadcrumb","itemListElement":[{"@type":"ListItem","position":1,"name":"Home","item":"https:\/\/www.mpppst.gob.ve\/mpppstweb\/"},{"@type":"ListItem","position":2,"name":"Abril del 2002, el mes que marc\u00f3 la historia de la Revoluci\u00f3n"}]},{"@type":"WebSite","@id":"https:\/\/www.mpppst.gob.ve\/mpppstweb\/#website","url":"https:\/\/www.mpppst.gob.ve\/mpppstweb\/","name":"MPPPST","description":"Sitio web oficial del Ministerio del Poder Popular para el Proceso Social de Trabajo","publisher":{"@id":"https:\/\/www.mpppst.gob.ve\/mpppstweb\/#organization"},"alternateName":"Ministerio del Poder Popular para el Proceso Social de Trabajo","potentialAction":[{"@type":"SearchAction","target":{"@type":"EntryPoint","urlTemplate":"https:\/\/www.mpppst.gob.ve\/mpppstweb\/?s={search_term_string}"},"query-input":{"@type":"PropertyValueSpecification","valueRequired":true,"valueName":"search_term_string"}}],"inLanguage":"es"},{"@type":"Organization","@id":"https:\/\/www.mpppst.gob.ve\/mpppstweb\/#organization","name":"Ministerio del Poder Popular para el Proceso Social de Trabajo","alternateName":"MPPPST","url":"https:\/\/www.mpppst.gob.ve\/mpppstweb\/","logo":{"@type":"ImageObject","inLanguage":"es","@id":"https:\/\/www.mpppst.gob.ve\/mpppstweb\/#\/schema\/logo\/image\/","url":"https:\/\/www.mpppst.gob.ve\/mpppstweb\/wp-content\/uploads\/2025\/07\/cropped-cropped-g910.png","contentUrl":"https:\/\/www.mpppst.gob.ve\/mpppstweb\/wp-content\/uploads\/2025\/07\/cropped-cropped-g910.png","width":1080,"height":241,"caption":"Ministerio del Poder Popular para el Proceso Social de Trabajo"},"image":{"@id":"https:\/\/www.mpppst.gob.ve\/mpppstweb\/#\/schema\/logo\/image\/"},"sameAs":["https:\/\/www.facebook.com\/mintrabajo_ve","https:\/\/www.instagram.com\/mintrabajo_ve\/","https:\/\/www.tiktok.com\/@mintrabajo_ve","https:\/\/t.me\/mpppst"]},{"@type":"Person","@id":"https:\/\/www.mpppst.gob.ve\/mpppstweb\/#\/schema\/person\/fc187ee8ead412bd4c9304b62f900ea4","name":"MPPPST Prensa","url":"https:\/\/www.mpppst.gob.ve\/mpppstweb\/index.php\/author\/prensa-mpppst\/"}]}},"_links":{"self":[{"href":"https:\/\/www.mpppst.gob.ve\/mpppstweb\/index.php\/wp-json\/wp\/v2\/posts\/26006","targetHints":{"allow":["GET"]}}],"collection":[{"href":"https:\/\/www.mpppst.gob.ve\/mpppstweb\/index.php\/wp-json\/wp\/v2\/posts"}],"about":[{"href":"https:\/\/www.mpppst.gob.ve\/mpppstweb\/index.php\/wp-json\/wp\/v2\/types\/post"}],"author":[{"embeddable":true,"href":"https:\/\/www.mpppst.gob.ve\/mpppstweb\/index.php\/wp-json\/wp\/v2\/users\/25"}],"replies":[{"embeddable":true,"href":"https:\/\/www.mpppst.gob.ve\/mpppstweb\/index.php\/wp-json\/wp\/v2\/comments?post=26006"}],"version-history":[{"count":1,"href":"https:\/\/www.mpppst.gob.ve\/mpppstweb\/index.php\/wp-json\/wp\/v2\/posts\/26006\/revisions"}],"predecessor-version":[{"id":26011,"href":"https:\/\/www.mpppst.gob.ve\/mpppstweb\/index.php\/wp-json\/wp\/v2\/posts\/26006\/revisions\/26011"}],"wp:featuredmedia":[{"embeddable":true,"href":"https:\/\/www.mpppst.gob.ve\/mpppstweb\/index.php\/wp-json\/wp\/v2\/media\/26007"}],"wp:attachment":[{"href":"https:\/\/www.mpppst.gob.ve\/mpppstweb\/index.php\/wp-json\/wp\/v2\/media?parent=26006"}],"wp:term":[{"taxonomy":"category","embeddable":true,"href":"https:\/\/www.mpppst.gob.ve\/mpppstweb\/index.php\/wp-json\/wp\/v2\/categories?post=26006"},{"taxonomy":"post_tag","embeddable":true,"href":"https:\/\/www.mpppst.gob.ve\/mpppstweb\/index.php\/wp-json\/wp\/v2\/tags?post=26006"}],"curies":[{"name":"wp","href":"https:\/\/api.w.org\/{rel}","templated":true}]}}