{"id":26019,"date":"2024-04-12T18:34:05","date_gmt":"2024-04-12T22:34:05","guid":{"rendered":"http:\/\/www.mpppst.gob.ve\/mpppstweb\/?p=26019"},"modified":"2024-04-12T18:34:07","modified_gmt":"2024-04-12T22:34:07","slug":"foro-nacional-de-conciencia-para-la-juventud-se-celebro-en-el-parque-ali-primera","status":"publish","type":"post","link":"https:\/\/www.mpppst.gob.ve\/mpppstweb\/index.php\/2024\/04\/12\/foro-nacional-de-conciencia-para-la-juventud-se-celebro-en-el-parque-ali-primera\/","title":{"rendered":"Foro Nacional de Conciencia para la juventud se celebr\u00f3 en el Parque Al\u00ed Primera"},"content":{"rendered":"\n<p>MPPPST, Caracas.- En la Concha Ac\u00fastica del<strong> Parque Al\u00ed Primera<\/strong>, se llev\u00f3 a cabo el foro nacional <strong>\u201cLa Juventud toma conciencia de los acontecimientos del 11, 12 y 13 de abril de 2002\u201d<\/strong>, con el fin de conocer la historia que vivi\u00f3 Venezuela antes y durante el golpe de <strong>Estado <\/strong>que sufri\u00f3 el mandato del <strong>Comandante Hugo Ch\u00e1vez<\/strong>, y como el pueblo venezolano sali\u00f3 en defensa de la Revoluci\u00f3n.<\/p>\n\n\n\n<p>La juventud del <strong>Ministerio del Poder Popular para el Proceso Social del Trabajado<\/strong> (<strong>MPPPST<\/strong>) hizo acto de presencia, el joven trabajador Omar Dom\u00ednguez, de la <strong>Oficina de Atenci\u00f3n Ciudadana<\/strong> (<strong>OAC<\/strong>), expres\u00f3 que su asistencia era \u201cpara tomar conciencia de los hechos hist\u00f3ricos de su pa\u00eds\u201d, tambi\u00e9n indic\u00f3 que Venezuela contar\u00e1 con su apoyo como joven trabajador y ser humano pol\u00edtico.<\/p>\n\n\n\n<p>Durante el foro el <strong>Primer Vicepresidente del Psuv<\/strong>, <strong>Diosdado Cabello<\/strong>, indic\u00f3 que \u201cLa lucha que hoy da Venezuela es parecida a la lucha de hace 200 a\u00f1os, de nuestros h\u00e9roes de la Independencia, porque ellos se enfrentaron al imperio espa\u00f1ol, pero nosotros nos enfrentamos hoy al imperio norteamericano\u201d.<\/p>\n\n\n\n<p>Por su parte, la integrante de la Direcci\u00f3n Nacional del Psuv, <strong>Iris Varela<\/strong>, asever\u00f3 que \u201cnunca alcanzaron los recursos para el pueblo, \u00bfCu\u00e1ndo alcanzaron los recursos para el pueblo? Cuando lleg\u00f3 Ch\u00e1vez, que convirti\u00f3 ese petr\u00f3leo y esos recursos energ\u00e9ticos, recursos minerales y ese oro, que solamente disfrutaban la elite y los apellidos y los gobernantes de turno los empez\u00f3 a distribuir para el pueblo y empieza a generar una pol\u00edtica social inclusiva, a abrir espacios, a llamar al pueblo y ense\u00f1arle al pueblo que hab\u00eda maneras de distribuir equitativamente las riquezas del pa\u00eds\u201d.<\/p>\n\n\n\n<p>Este foro tuvo como finalidad ense\u00f1arle la historia contempor\u00e1nea a los j\u00f3venes venezolanos que no conocen los acontecimientos de abril de 2002.<\/p>\n","protected":false},"excerpt":{"rendered":"<p>En la Concha Ac\u00fastica del Parque Al\u00ed Primera, se llev\u00f3 a cabo el foro nacional \u201cLa Juventud toma conciencia de los acontecimientos del 11, 12 y 13 de abril de 2002\u201d, con el fin de conocer la historia que vivi\u00f3 Venezuela antes y durante el golpe de Estado que sufri\u00f3 el mandato del Comandante Hugo Ch\u00e1vez, y como el pueblo venezolano sali\u00f3 en defensa de la Revoluci\u00f3n.<\/p>\n","protected":false},"author":25,"featured_media":26020,"comment_status":"closed","ping_status":"closed","sticky":false,"template":"","format":"standard","meta":{"footnotes":""},"categories":[82,163],"tags":[485,726,728,357,727],"yoast_head":"<!-- This site is optimized with the Yoast SEO plugin v22.5 - https:\/\/yoast.com\/wordpress\/plugins\/seo\/ -->\n<title>Foro Nacional de Conciencia para la juventud se celebr\u00f3 en el Parque Al\u00ed Primera - MPPPST<\/title>\n<meta name=\"robots\" content=\"index, follow, max-snippet:-1, max-image-preview:large, max-video-preview:-1\" \/>\n<link rel=\"canonical\" href=\"https:\/\/www.mpppst.gob.ve\/mpppstweb\/index.php\/2024\/04\/12\/foro-nacional-de-conciencia-para-la-juventud-se-celebro-en-el-parque-ali-primera\/\" \/>\n<meta property=\"og:locale\" content=\"es_ES\" \/>\n<meta property=\"og:type\" content=\"article\" \/>\n<meta property=\"og:title\" content=\"Foro Nacional de Conciencia para la juventud se celebr\u00f3 en el Parque Al\u00ed Primera - MPPPST\" \/>\n<meta property=\"og:description\" content=\"En la Concha Ac\u00fastica del Parque Al\u00ed Primera, se llev\u00f3 a cabo el foro nacional \u201cLa Juventud toma conciencia de los acontecimientos del 11, 12 y 13 de abril de 2002\u201d, con el fin de conocer la historia que vivi\u00f3 Venezuela antes y durante el golpe de Estado que sufri\u00f3 el mandato del Comandante Hugo Ch\u00e1vez, y como el pueblo venezolano sali\u00f3 en defensa de la Revoluci\u00f3n.\" \/>\n<meta property=\"og:url\" content=\"https:\/\/www.mpppst.gob.ve\/mpppstweb\/index.php\/2024\/04\/12\/foro-nacional-de-conciencia-para-la-juventud-se-celebro-en-el-parque-ali-primera\/\" \/>\n<meta property=\"og:site_name\" content=\"MPPPST\" \/>\n<meta property=\"article:published_time\" content=\"2024-04-12T22:34:05+00:00\" \/>\n<meta property=\"article:modified_time\" content=\"2024-04-12T22:34:07+00:00\" \/>\n<meta property=\"og:image\" content=\"https:\/\/www.mpppst.gob.ve\/mpppstweb\/wp-content\/uploads\/2024\/04\/Diosdado-Cabello.jpeg\" \/>\n\t<meta property=\"og:image:width\" content=\"1024\" \/>\n\t<meta property=\"og:image:height\" content=\"574\" \/>\n\t<meta property=\"og:image:type\" content=\"image\/jpeg\" \/>\n<meta name=\"author\" content=\"MPPPST Prensa\" \/>\n<meta name=\"twitter:card\" content=\"summary_large_image\" \/>\n<meta name=\"twitter:label1\" content=\"Escrito por\" \/>\n\t<meta name=\"twitter:data1\" content=\"MPPPST Prensa\" \/>\n\t<meta name=\"twitter:label2\" content=\"Tiempo de lectura\" \/>\n\t<meta name=\"twitter:data2\" content=\"2 minutos\" \/>\n<script type=\"application\/ld+json\" class=\"yoast-schema-graph\">{\"@context\":\"https:\/\/schema.org\",\"@graph\":[{\"@type\":\"Article\",\"@id\":\"https:\/\/www.mpppst.gob.ve\/mpppstweb\/index.php\/2024\/04\/12\/foro-nacional-de-conciencia-para-la-juventud-se-celebro-en-el-parque-ali-primera\/#article\",\"isPartOf\":{\"@id\":\"https:\/\/www.mpppst.gob.ve\/mpppstweb\/index.php\/2024\/04\/12\/foro-nacional-de-conciencia-para-la-juventud-se-celebro-en-el-parque-ali-primera\/\"},\"author\":{\"name\":\"MPPPST Prensa\",\"@id\":\"https:\/\/www.mpppst.gob.ve\/mpppstweb\/#\/schema\/person\/fc187ee8ead412bd4c9304b62f900ea4\"},\"headline\":\"Foro Nacional de Conciencia para la juventud se celebr\u00f3 en el Parque Al\u00ed Primera\",\"datePublished\":\"2024-04-12T22:34:05+00:00\",\"dateModified\":\"2024-04-12T22:34:07+00:00\",\"mainEntityOfPage\":{\"@id\":\"https:\/\/www.mpppst.gob.ve\/mpppstweb\/index.php\/2024\/04\/12\/foro-nacional-de-conciencia-para-la-juventud-se-celebro-en-el-parque-ali-primera\/\"},\"wordCount\":326,\"publisher\":{\"@id\":\"https:\/\/www.mpppst.gob.ve\/mpppstweb\/#organization\"},\"image\":{\"@id\":\"https:\/\/www.mpppst.gob.ve\/mpppstweb\/index.php\/2024\/04\/12\/foro-nacional-de-conciencia-para-la-juventud-se-celebro-en-el-parque-ali-primera\/#primaryimage\"},\"thumbnailUrl\":\"https:\/\/www.mpppst.gob.ve\/mpppstweb\/wp-content\/uploads\/2024\/04\/Diosdado-Cabello.jpeg\",\"keywords\":[\"Diosdado Cabello\",\"Foro de conciencia\",\"Iris Varela\",\"Juventud\",\"OAC\"],\"articleSection\":[\"Gobierno Nacional\",\"Noticias\"],\"inLanguage\":\"es\"},{\"@type\":\"WebPage\",\"@id\":\"https:\/\/www.mpppst.gob.ve\/mpppstweb\/index.php\/2024\/04\/12\/foro-nacional-de-conciencia-para-la-juventud-se-celebro-en-el-parque-ali-primera\/\",\"url\":\"https:\/\/www.mpppst.gob.ve\/mpppstweb\/index.php\/2024\/04\/12\/foro-nacional-de-conciencia-para-la-juventud-se-celebro-en-el-parque-ali-primera\/\",\"name\":\"Foro Nacional de Conciencia para la juventud se celebr\u00f3 en el Parque Al\u00ed Primera - MPPPST\",\"isPartOf\":{\"@id\":\"https:\/\/www.mpppst.gob.ve\/mpppstweb\/#website\"},\"primaryImageOfPage\":{\"@id\":\"https:\/\/www.mpppst.gob.ve\/mpppstweb\/index.php\/2024\/04\/12\/foro-nacional-de-conciencia-para-la-juventud-se-celebro-en-el-parque-ali-primera\/#primaryimage\"},\"image\":{\"@id\":\"https:\/\/www.mpppst.gob.ve\/mpppstweb\/index.php\/2024\/04\/12\/foro-nacional-de-conciencia-para-la-juventud-se-celebro-en-el-parque-ali-primera\/#primaryimage\"},\"thumbnailUrl\":\"https:\/\/www.mpppst.gob.ve\/mpppstweb\/wp-content\/uploads\/2024\/04\/Diosdado-Cabello.jpeg\",\"datePublished\":\"2024-04-12T22:34:05+00:00\",\"dateModified\":\"2024-04-12T22:34:07+00:00\",\"breadcrumb\":{\"@id\":\"https:\/\/www.mpppst.gob.ve\/mpppstweb\/index.php\/2024\/04\/12\/foro-nacional-de-conciencia-para-la-juventud-se-celebro-en-el-parque-ali-primera\/#breadcrumb\"},\"inLanguage\":\"es\",\"potentialAction\":[{\"@type\":\"ReadAction\",\"target\":[\"https:\/\/www.mpppst.gob.ve\/mpppstweb\/index.php\/2024\/04\/12\/foro-nacional-de-conciencia-para-la-juventud-se-celebro-en-el-parque-ali-primera\/\"]}]},{\"@type\":\"ImageObject\",\"inLanguage\":\"es\",\"@id\":\"https:\/\/www.mpppst.gob.ve\/mpppstweb\/index.php\/2024\/04\/12\/foro-nacional-de-conciencia-para-la-juventud-se-celebro-en-el-parque-ali-primera\/#primaryimage\",\"url\":\"https:\/\/www.mpppst.gob.ve\/mpppstweb\/wp-content\/uploads\/2024\/04\/Diosdado-Cabello.jpeg\",\"contentUrl\":\"https:\/\/www.mpppst.gob.ve\/mpppstweb\/wp-content\/uploads\/2024\/04\/Diosdado-Cabello.jpeg\",\"width\":1024,\"height\":574,\"caption\":\"Foro Nacional de Conciencia para la juventud\"},{\"@type\":\"BreadcrumbList\",\"@id\":\"https:\/\/www.mpppst.gob.ve\/mpppstweb\/index.php\/2024\/04\/12\/foro-nacional-de-conciencia-para-la-juventud-se-celebro-en-el-parque-ali-primera\/#breadcrumb\",\"itemListElement\":[{\"@type\":\"ListItem\",\"position\":1,\"name\":\"Home\",\"item\":\"https:\/\/www.mpppst.gob.ve\/mpppstweb\/\"},{\"@type\":\"ListItem\",\"position\":2,\"name\":\"Foro Nacional de Conciencia para la juventud se celebr\u00f3 en el Parque Al\u00ed Primera\"}]},{\"@type\":\"WebSite\",\"@id\":\"https:\/\/www.mpppst.gob.ve\/mpppstweb\/#website\",\"url\":\"https:\/\/www.mpppst.gob.ve\/mpppstweb\/\",\"name\":\"MPPPST\",\"description\":\"Ministerio del Poder Popular para el Proceso Social de Trabajo\",\"publisher\":{\"@id\":\"https:\/\/www.mpppst.gob.ve\/mpppstweb\/#organization\"},\"potentialAction\":[{\"@type\":\"SearchAction\",\"target\":{\"@type\":\"EntryPoint\",\"urlTemplate\":\"https:\/\/www.mpppst.gob.ve\/mpppstweb\/?s={search_term_string}\"},\"query-input\":\"required name=search_term_string\"}],\"inLanguage\":\"es\"},{\"@type\":\"Organization\",\"@id\":\"https:\/\/www.mpppst.gob.ve\/mpppstweb\/#organization\",\"name\":\"mpppst\",\"url\":\"https:\/\/www.mpppst.gob.ve\/mpppstweb\/\",\"logo\":{\"@type\":\"ImageObject\",\"inLanguage\":\"es\",\"@id\":\"https:\/\/www.mpppst.gob.ve\/mpppstweb\/#\/schema\/logo\/image\/\",\"url\":\"https:\/\/www.mpppst.gob.ve\/mpppstweb\/wp-content\/uploads\/2025\/07\/cropped-cropped-g910.png\",\"contentUrl\":\"https:\/\/www.mpppst.gob.ve\/mpppstweb\/wp-content\/uploads\/2025\/07\/cropped-cropped-g910.png\",\"width\":1080,\"height\":241,\"caption\":\"mpppst\"},\"image\":{\"@id\":\"https:\/\/www.mpppst.gob.ve\/mpppstweb\/#\/schema\/logo\/image\/\"}},{\"@type\":\"Person\",\"@id\":\"https:\/\/www.mpppst.gob.ve\/mpppstweb\/#\/schema\/person\/fc187ee8ead412bd4c9304b62f900ea4\",\"name\":\"MPPPST Prensa\",\"url\":\"https:\/\/www.mpppst.gob.ve\/mpppstweb\/index.php\/author\/prensa-mpppst\/\"}]}<\/script>\n<!-- \/ Yoast SEO plugin. -->","yoast_head_json":{"title":"Foro Nacional de Conciencia para la juventud se celebr\u00f3 en el Parque Al\u00ed Primera - MPPPST","robots":{"index":"index","follow":"follow","max-snippet":"max-snippet:-1","max-image-preview":"max-image-preview:large","max-video-preview":"max-video-preview:-1"},"canonical":"https:\/\/www.mpppst.gob.ve\/mpppstweb\/index.php\/2024\/04\/12\/foro-nacional-de-conciencia-para-la-juventud-se-celebro-en-el-parque-ali-primera\/","og_locale":"es_ES","og_type":"article","og_title":"Foro Nacional de Conciencia para la juventud se celebr\u00f3 en el Parque Al\u00ed Primera - MPPPST","og_description":"En la Concha Ac\u00fastica del Parque Al\u00ed Primera, se llev\u00f3 a cabo el foro nacional \u201cLa Juventud toma conciencia de los acontecimientos del 11, 12 y 13 de abril de 2002\u201d, con el fin de conocer la historia que vivi\u00f3 Venezuela antes y durante el golpe de Estado que sufri\u00f3 el mandato del Comandante Hugo Ch\u00e1vez, y como el pueblo venezolano sali\u00f3 en defensa de la Revoluci\u00f3n.","og_url":"https:\/\/www.mpppst.gob.ve\/mpppstweb\/index.php\/2024\/04\/12\/foro-nacional-de-conciencia-para-la-juventud-se-celebro-en-el-parque-ali-primera\/","og_site_name":"MPPPST","article_published_time":"2024-04-12T22:34:05+00:00","article_modified_time":"2024-04-12T22:34:07+00:00","og_image":[{"width":1024,"height":574,"url":"https:\/\/www.mpppst.gob.ve\/mpppstweb\/wp-content\/uploads\/2024\/04\/Diosdado-Cabello.jpeg","type":"image\/jpeg"}],"author":"MPPPST Prensa","twitter_card":"summary_large_image","twitter_misc":{"Escrito por":"MPPPST Prensa","Tiempo de lectura":"2 minutos"},"schema":{"@context":"https:\/\/schema.org","@graph":[{"@type":"Article","@id":"https:\/\/www.mpppst.gob.ve\/mpppstweb\/index.php\/2024\/04\/12\/foro-nacional-de-conciencia-para-la-juventud-se-celebro-en-el-parque-ali-primera\/#article","isPartOf":{"@id":"https:\/\/www.mpppst.gob.ve\/mpppstweb\/index.php\/2024\/04\/12\/foro-nacional-de-conciencia-para-la-juventud-se-celebro-en-el-parque-ali-primera\/"},"author":{"name":"MPPPST Prensa","@id":"https:\/\/www.mpppst.gob.ve\/mpppstweb\/#\/schema\/person\/fc187ee8ead412bd4c9304b62f900ea4"},"headline":"Foro Nacional de Conciencia para la juventud se celebr\u00f3 en el Parque Al\u00ed Primera","datePublished":"2024-04-12T22:34:05+00:00","dateModified":"2024-04-12T22:34:07+00:00","mainEntityOfPage":{"@id":"https:\/\/www.mpppst.gob.ve\/mpppstweb\/index.php\/2024\/04\/12\/foro-nacional-de-conciencia-para-la-juventud-se-celebro-en-el-parque-ali-primera\/"},"wordCount":326,"publisher":{"@id":"https:\/\/www.mpppst.gob.ve\/mpppstweb\/#organization"},"image":{"@id":"https:\/\/www.mpppst.gob.ve\/mpppstweb\/index.php\/2024\/04\/12\/foro-nacional-de-conciencia-para-la-juventud-se-celebro-en-el-parque-ali-primera\/#primaryimage"},"thumbnailUrl":"https:\/\/www.mpppst.gob.ve\/mpppstweb\/wp-content\/uploads\/2024\/04\/Diosdado-Cabello.jpeg","keywords":["Diosdado Cabello","Foro de conciencia","Iris Varela","Juventud","OAC"],"articleSection":["Gobierno Nacional","Noticias"],"inLanguage":"es"},{"@type":"WebPage","@id":"https:\/\/www.mpppst.gob.ve\/mpppstweb\/index.php\/2024\/04\/12\/foro-nacional-de-conciencia-para-la-juventud-se-celebro-en-el-parque-ali-primera\/","url":"https:\/\/www.mpppst.gob.ve\/mpppstweb\/index.php\/2024\/04\/12\/foro-nacional-de-conciencia-para-la-juventud-se-celebro-en-el-parque-ali-primera\/","name":"Foro Nacional de Conciencia para la juventud se celebr\u00f3 en el Parque Al\u00ed Primera - MPPPST","isPartOf":{"@id":"https:\/\/www.mpppst.gob.ve\/mpppstweb\/#website"},"primaryImageOfPage":{"@id":"https:\/\/www.mpppst.gob.ve\/mpppstweb\/index.php\/2024\/04\/12\/foro-nacional-de-conciencia-para-la-juventud-se-celebro-en-el-parque-ali-primera\/#primaryimage"},"image":{"@id":"https:\/\/www.mpppst.gob.ve\/mpppstweb\/index.php\/2024\/04\/12\/foro-nacional-de-conciencia-para-la-juventud-se-celebro-en-el-parque-ali-primera\/#primaryimage"},"thumbnailUrl":"https:\/\/www.mpppst.gob.ve\/mpppstweb\/wp-content\/uploads\/2024\/04\/Diosdado-Cabello.jpeg","datePublished":"2024-04-12T22:34:05+00:00","dateModified":"2024-04-12T22:34:07+00:00","breadcrumb":{"@id":"https:\/\/www.mpppst.gob.ve\/mpppstweb\/index.php\/2024\/04\/12\/foro-nacional-de-conciencia-para-la-juventud-se-celebro-en-el-parque-ali-primera\/#breadcrumb"},"inLanguage":"es","potentialAction":[{"@type":"ReadAction","target":["https:\/\/www.mpppst.gob.ve\/mpppstweb\/index.php\/2024\/04\/12\/foro-nacional-de-conciencia-para-la-juventud-se-celebro-en-el-parque-ali-primera\/"]}]},{"@type":"ImageObject","inLanguage":"es","@id":"https:\/\/www.mpppst.gob.ve\/mpppstweb\/index.php\/2024\/04\/12\/foro-nacional-de-conciencia-para-la-juventud-se-celebro-en-el-parque-ali-primera\/#primaryimage","url":"https:\/\/www.mpppst.gob.ve\/mpppstweb\/wp-content\/uploads\/2024\/04\/Diosdado-Cabello.jpeg","contentUrl":"https:\/\/www.mpppst.gob.ve\/mpppstweb\/wp-content\/uploads\/2024\/04\/Diosdado-Cabello.jpeg","width":1024,"height":574,"caption":"Foro Nacional de Conciencia para la juventud"},{"@type":"BreadcrumbList","@id":"https:\/\/www.mpppst.gob.ve\/mpppstweb\/index.php\/2024\/04\/12\/foro-nacional-de-conciencia-para-la-juventud-se-celebro-en-el-parque-ali-primera\/#breadcrumb","itemListElement":[{"@type":"ListItem","position":1,"name":"Home","item":"https:\/\/www.mpppst.gob.ve\/mpppstweb\/"},{"@type":"ListItem","position":2,"name":"Foro Nacional de Conciencia para la juventud se celebr\u00f3 en el Parque Al\u00ed Primera"}]},{"@type":"WebSite","@id":"https:\/\/www.mpppst.gob.ve\/mpppstweb\/#website","url":"https:\/\/www.mpppst.gob.ve\/mpppstweb\/","name":"MPPPST","description":"Ministerio del Poder Popular para el Proceso Social de Trabajo","publisher":{"@id":"https:\/\/www.mpppst.gob.ve\/mpppstweb\/#organization"},"potentialAction":[{"@type":"SearchAction","target":{"@type":"EntryPoint","urlTemplate":"https:\/\/www.mpppst.gob.ve\/mpppstweb\/?s={search_term_string}"},"query-input":"required name=search_term_string"}],"inLanguage":"es"},{"@type":"Organization","@id":"https:\/\/www.mpppst.gob.ve\/mpppstweb\/#organization","name":"mpppst","url":"https:\/\/www.mpppst.gob.ve\/mpppstweb\/","logo":{"@type":"ImageObject","inLanguage":"es","@id":"https:\/\/www.mpppst.gob.ve\/mpppstweb\/#\/schema\/logo\/image\/","url":"https:\/\/www.mpppst.gob.ve\/mpppstweb\/wp-content\/uploads\/2025\/07\/cropped-cropped-g910.png","contentUrl":"https:\/\/www.mpppst.gob.ve\/mpppstweb\/wp-content\/uploads\/2025\/07\/cropped-cropped-g910.png","width":1080,"height":241,"caption":"mpppst"},"image":{"@id":"https:\/\/www.mpppst.gob.ve\/mpppstweb\/#\/schema\/logo\/image\/"}},{"@type":"Person","@id":"https:\/\/www.mpppst.gob.ve\/mpppstweb\/#\/schema\/person\/fc187ee8ead412bd4c9304b62f900ea4","name":"MPPPST Prensa","url":"https:\/\/www.mpppst.gob.ve\/mpppstweb\/index.php\/author\/prensa-mpppst\/"}]}},"_links":{"self":[{"href":"https:\/\/www.mpppst.gob.ve\/mpppstweb\/index.php\/wp-json\/wp\/v2\/posts\/26019"}],"collection":[{"href":"https:\/\/www.mpppst.gob.ve\/mpppstweb\/index.php\/wp-json\/wp\/v2\/posts"}],"about":[{"href":"https:\/\/www.mpppst.gob.ve\/mpppstweb\/index.php\/wp-json\/wp\/v2\/types\/post"}],"author":[{"embeddable":true,"href":"https:\/\/www.mpppst.gob.ve\/mpppstweb\/index.php\/wp-json\/wp\/v2\/users\/25"}],"replies":[{"embeddable":true,"href":"https:\/\/www.mpppst.gob.ve\/mpppstweb\/index.php\/wp-json\/wp\/v2\/comments?post=26019"}],"version-history":[{"count":1,"href":"https:\/\/www.mpppst.gob.ve\/mpppstweb\/index.php\/wp-json\/wp\/v2\/posts\/26019\/revisions"}],"predecessor-version":[{"id":26021,"href":"https:\/\/www.mpppst.gob.ve\/mpppstweb\/index.php\/wp-json\/wp\/v2\/posts\/26019\/revisions\/26021"}],"wp:featuredmedia":[{"embeddable":true,"href":"https:\/\/www.mpppst.gob.ve\/mpppstweb\/index.php\/wp-json\/wp\/v2\/media\/26020"}],"wp:attachment":[{"href":"https:\/\/www.mpppst.gob.ve\/mpppstweb\/index.php\/wp-json\/wp\/v2\/media?parent=26019"}],"wp:term":[{"taxonomy":"category","embeddable":true,"href":"https:\/\/www.mpppst.gob.ve\/mpppstweb\/index.php\/wp-json\/wp\/v2\/categories?post=26019"},{"taxonomy":"post_tag","embeddable":true,"href":"https:\/\/www.mpppst.gob.ve\/mpppstweb\/index.php\/wp-json\/wp\/v2\/tags?post=26019"}],"curies":[{"name":"wp","href":"https:\/\/api.w.org\/{rel}","templated":true}]}}