{"id":26022,"date":"2024-04-15T09:40:11","date_gmt":"2024-04-15T13:40:11","guid":{"rendered":"http:\/\/www.mpppst.gob.ve\/mpppstweb\/?p=26022"},"modified":"2024-04-15T09:40:12","modified_gmt":"2024-04-15T13:40:12","slug":"viceministros-del-mpppst-estuvieron-presentes-en-la-movilizacion-22-anos-desde-el-rescate-del-comandante-chavez","status":"publish","type":"post","link":"https:\/\/www.mpppst.gob.ve\/mpppstweb\/index.php\/2024\/04\/15\/viceministros-del-mpppst-estuvieron-presentes-en-la-movilizacion-22-anos-desde-el-rescate-del-comandante-chavez\/","title":{"rendered":"Viceministros del MPPPST estuvieron presentes en la movilizaci\u00f3n \u00ab22 a\u00f1os desde el Rescate del Comandante Ch\u00e1vez\u00bb"},"content":{"rendered":"\n<p>MPPPST, Caracas.- Desde la avenida Libertador los <strong>Viceministros del Ministerio del Poder Popular para el Proceso Social del Trabajo <\/strong>(<strong>MPPPST<\/strong>), estuvieron presentes el s\u00e1bado de 13 de abril en la  movilizaci\u00f3n que celebr\u00f3 los <strong>22 a\u00f1os<\/strong> del rescate del <strong>Comandante Ch\u00e1vez<\/strong>.<\/p>\n\n\n\n<p>La <strong>viceministra para Derechos y Relaciones Laborales<\/strong>, <strong>Johanna Santeliz<\/strong>, enfatiz\u00f3 que hace 22 a\u00f1os, el pueblo venezolano, realiz\u00f3 la uni\u00f3n perfecta con los militares para reconstituir el hilo constitucional, adem\u00e1s de ello record\u00f3 que a los 22 a\u00f1os de aquel golpe de Estado, el <strong>Presidente Nicol\u00e1s Maduro<\/strong>, apoy\u00f3 y respald\u00f3 al <strong>Comandante<\/strong>, adem\u00e1s que el pueblo brav\u00edo estuvo presente en aquel d\u00eda y se mantiene consecuente.<\/p>\n\n\n\n<p>\u201cEl pueblo est\u00e1 aqu\u00ed para seguir demostrando que estamos en un pa\u00eds <strong>libre<\/strong>, <strong>soberano <\/strong>y <strong>democr\u00e1tico<\/strong>, que este pa\u00eds se respeta, y que los que pretendieron atentar contra nuestra Patria hoy est\u00e1n en otros espacios. El pueblo venezolano est\u00e1 aqu\u00ed respetando cada d\u00eda m\u00e1s nuestra <strong>Constituci\u00f3n de la Rep\u00fablica Bolivariana de Venezuela<\/strong> y respaldando a nuestro <strong>Presidente <\/strong>y conductor de victoria, <strong>Nicol\u00e1s Maduro Moro<\/strong>\u00ab, se\u00f1al\u00f3 <strong>Santeliz<\/strong>.<\/p>\n\n\n\n<p>Por su parte, el <strong>viceministro de Previsi\u00f3n Social del MPPPST<\/strong>, <strong>Rafael R\u00edos<\/strong>, record\u00f3 que cada 11 tiene su 13 e indic\u00f3 que el 13 de abril representa el momento de la conjugaci\u00f3n entre el l\u00edder y su pueblo.<\/p>\n\n\n\n<p>\u201cLlegamos al 13 de abril con el pueblo, con este pueblo bolivariano y heroico que le dio un ejemplo al mundo, cuando el mismo pueblo recupera el orden constitucional y reubica a nuestro <strong>Comandante Ch\u00e1vez <\/strong>en el puesto que el pueblo le dio\u201d, expres\u00f3 el viceministro <strong>R\u00edos<\/strong>.<\/p>\n\n\n\n<p>Entre m\u00fasica y baile, los viceministros acompa\u00f1aron a la clase obrera hasta Miraflores, donde concluy\u00f3 la movilizaci\u00f3n.<\/p>\n\n\n\n<p><strong>Presa MPPPST\/Rosa Brito<\/strong><\/p>\n","protected":false},"excerpt":{"rendered":"<p>Viceministros del MPPPST estuvieron presentes en la movilizaci\u00f3n \u00ab22 a\u00f1os desde el Rescate del Comandante Ch\u00e1vez\u00bb<\/p>\n","protected":false},"author":25,"featured_media":26023,"comment_status":"closed","ping_status":"closed","sticky":false,"template":"","format":"standard","meta":{"footnotes":""},"categories":[82,163],"tags":[730,459,223,732,729,731],"yoast_head":"<!-- This site is optimized with the Yoast SEO plugin v22.5 - https:\/\/yoast.com\/wordpress\/plugins\/seo\/ -->\n<title>Viceministros del MPPPST estuvieron presentes en la movilizaci\u00f3n &quot;22 a\u00f1os desde el Rescate del Comandante Ch\u00e1vez&quot; - MPPPST<\/title>\n<meta name=\"robots\" content=\"index, follow, max-snippet:-1, max-image-preview:large, max-video-preview:-1\" \/>\n<link rel=\"canonical\" href=\"https:\/\/www.mpppst.gob.ve\/mpppstweb\/index.php\/2024\/04\/15\/viceministros-del-mpppst-estuvieron-presentes-en-la-movilizacion-22-anos-desde-el-rescate-del-comandante-chavez\/\" \/>\n<meta property=\"og:locale\" content=\"es_ES\" \/>\n<meta property=\"og:type\" content=\"article\" \/>\n<meta property=\"og:title\" content=\"Viceministros del MPPPST estuvieron presentes en la movilizaci\u00f3n &quot;22 a\u00f1os desde el Rescate del Comandante Ch\u00e1vez&quot; - MPPPST\" \/>\n<meta property=\"og:description\" content=\"Viceministros del MPPPST estuvieron presentes en la movilizaci\u00f3n &quot;22 a\u00f1os desde el Rescate del Comandante Ch\u00e1vez&quot;\" \/>\n<meta property=\"og:url\" content=\"https:\/\/www.mpppst.gob.ve\/mpppstweb\/index.php\/2024\/04\/15\/viceministros-del-mpppst-estuvieron-presentes-en-la-movilizacion-22-anos-desde-el-rescate-del-comandante-chavez\/\" \/>\n<meta property=\"og:site_name\" content=\"MPPPST\" \/>\n<meta property=\"article:published_time\" content=\"2024-04-15T13:40:11+00:00\" \/>\n<meta property=\"article:modified_time\" content=\"2024-04-15T13:40:12+00:00\" \/>\n<meta property=\"og:image\" content=\"https:\/\/www.mpppst.gob.ve\/mpppstweb\/wp-content\/uploads\/2024\/04\/photo_4958908264767140692_y.jpg\" \/>\n\t<meta property=\"og:image:width\" content=\"1280\" \/>\n\t<meta property=\"og:image:height\" content=\"721\" \/>\n\t<meta property=\"og:image:type\" content=\"image\/jpeg\" \/>\n<meta name=\"author\" content=\"MPPPST Prensa\" \/>\n<meta name=\"twitter:card\" content=\"summary_large_image\" \/>\n<meta name=\"twitter:label1\" content=\"Escrito por\" \/>\n\t<meta name=\"twitter:data1\" content=\"MPPPST Prensa\" \/>\n\t<meta name=\"twitter:label2\" content=\"Tiempo de lectura\" \/>\n\t<meta name=\"twitter:data2\" content=\"2 minutos\" \/>\n<script type=\"application\/ld+json\" class=\"yoast-schema-graph\">{\"@context\":\"https:\/\/schema.org\",\"@graph\":[{\"@type\":\"Article\",\"@id\":\"https:\/\/www.mpppst.gob.ve\/mpppstweb\/index.php\/2024\/04\/15\/viceministros-del-mpppst-estuvieron-presentes-en-la-movilizacion-22-anos-desde-el-rescate-del-comandante-chavez\/#article\",\"isPartOf\":{\"@id\":\"https:\/\/www.mpppst.gob.ve\/mpppstweb\/index.php\/2024\/04\/15\/viceministros-del-mpppst-estuvieron-presentes-en-la-movilizacion-22-anos-desde-el-rescate-del-comandante-chavez\/\"},\"author\":{\"name\":\"MPPPST Prensa\",\"@id\":\"https:\/\/www.mpppst.gob.ve\/mpppstweb\/#\/schema\/person\/fc187ee8ead412bd4c9304b62f900ea4\"},\"headline\":\"Viceministros del MPPPST estuvieron presentes en la movilizaci\u00f3n \u00ab22 a\u00f1os desde el Rescate del Comandante Ch\u00e1vez\u00bb\",\"datePublished\":\"2024-04-15T13:40:11+00:00\",\"dateModified\":\"2024-04-15T13:40:12+00:00\",\"mainEntityOfPage\":{\"@id\":\"https:\/\/www.mpppst.gob.ve\/mpppstweb\/index.php\/2024\/04\/15\/viceministros-del-mpppst-estuvieron-presentes-en-la-movilizacion-22-anos-desde-el-rescate-del-comandante-chavez\/\"},\"wordCount\":321,\"publisher\":{\"@id\":\"https:\/\/www.mpppst.gob.ve\/mpppstweb\/#organization\"},\"image\":{\"@id\":\"https:\/\/www.mpppst.gob.ve\/mpppstweb\/index.php\/2024\/04\/15\/viceministros-del-mpppst-estuvieron-presentes-en-la-movilizacion-22-anos-desde-el-rescate-del-comandante-chavez\/#primaryimage\"},\"thumbnailUrl\":\"https:\/\/www.mpppst.gob.ve\/mpppstweb\/wp-content\/uploads\/2024\/04\/photo_4958908264767140692_y.jpg\",\"keywords\":[\"22 a\u00f1os desde el rescate del Comandante Ch\u00e1vez\",\"Movilizaci\u00f3n\",\"MPPPST\",\"Viceministerio para Derechos y Relaciones Laborales\",\"viceministerios\",\"Viceministro de Previsi\u00f3n Social\"],\"articleSection\":[\"Gobierno Nacional\",\"Noticias\"],\"inLanguage\":\"es\"},{\"@type\":\"WebPage\",\"@id\":\"https:\/\/www.mpppst.gob.ve\/mpppstweb\/index.php\/2024\/04\/15\/viceministros-del-mpppst-estuvieron-presentes-en-la-movilizacion-22-anos-desde-el-rescate-del-comandante-chavez\/\",\"url\":\"https:\/\/www.mpppst.gob.ve\/mpppstweb\/index.php\/2024\/04\/15\/viceministros-del-mpppst-estuvieron-presentes-en-la-movilizacion-22-anos-desde-el-rescate-del-comandante-chavez\/\",\"name\":\"Viceministros del MPPPST estuvieron presentes en la movilizaci\u00f3n \\\"22 a\u00f1os desde el Rescate del Comandante Ch\u00e1vez\\\" - MPPPST\",\"isPartOf\":{\"@id\":\"https:\/\/www.mpppst.gob.ve\/mpppstweb\/#website\"},\"primaryImageOfPage\":{\"@id\":\"https:\/\/www.mpppst.gob.ve\/mpppstweb\/index.php\/2024\/04\/15\/viceministros-del-mpppst-estuvieron-presentes-en-la-movilizacion-22-anos-desde-el-rescate-del-comandante-chavez\/#primaryimage\"},\"image\":{\"@id\":\"https:\/\/www.mpppst.gob.ve\/mpppstweb\/index.php\/2024\/04\/15\/viceministros-del-mpppst-estuvieron-presentes-en-la-movilizacion-22-anos-desde-el-rescate-del-comandante-chavez\/#primaryimage\"},\"thumbnailUrl\":\"https:\/\/www.mpppst.gob.ve\/mpppstweb\/wp-content\/uploads\/2024\/04\/photo_4958908264767140692_y.jpg\",\"datePublished\":\"2024-04-15T13:40:11+00:00\",\"dateModified\":\"2024-04-15T13:40:12+00:00\",\"breadcrumb\":{\"@id\":\"https:\/\/www.mpppst.gob.ve\/mpppstweb\/index.php\/2024\/04\/15\/viceministros-del-mpppst-estuvieron-presentes-en-la-movilizacion-22-anos-desde-el-rescate-del-comandante-chavez\/#breadcrumb\"},\"inLanguage\":\"es\",\"potentialAction\":[{\"@type\":\"ReadAction\",\"target\":[\"https:\/\/www.mpppst.gob.ve\/mpppstweb\/index.php\/2024\/04\/15\/viceministros-del-mpppst-estuvieron-presentes-en-la-movilizacion-22-anos-desde-el-rescate-del-comandante-chavez\/\"]}]},{\"@type\":\"ImageObject\",\"inLanguage\":\"es\",\"@id\":\"https:\/\/www.mpppst.gob.ve\/mpppstweb\/index.php\/2024\/04\/15\/viceministros-del-mpppst-estuvieron-presentes-en-la-movilizacion-22-anos-desde-el-rescate-del-comandante-chavez\/#primaryimage\",\"url\":\"https:\/\/www.mpppst.gob.ve\/mpppstweb\/wp-content\/uploads\/2024\/04\/photo_4958908264767140692_y.jpg\",\"contentUrl\":\"https:\/\/www.mpppst.gob.ve\/mpppstweb\/wp-content\/uploads\/2024\/04\/photo_4958908264767140692_y.jpg\",\"width\":1280,\"height\":721,\"caption\":\"Viceministros del MPPPST estuvieron presentes en la movilizaci\u00f3n \\\"22 a\u00f1os desde el Rescate del Comandante Ch\u00e1vez\\\"\"},{\"@type\":\"BreadcrumbList\",\"@id\":\"https:\/\/www.mpppst.gob.ve\/mpppstweb\/index.php\/2024\/04\/15\/viceministros-del-mpppst-estuvieron-presentes-en-la-movilizacion-22-anos-desde-el-rescate-del-comandante-chavez\/#breadcrumb\",\"itemListElement\":[{\"@type\":\"ListItem\",\"position\":1,\"name\":\"Home\",\"item\":\"https:\/\/www.mpppst.gob.ve\/mpppstweb\/\"},{\"@type\":\"ListItem\",\"position\":2,\"name\":\"Viceministros del MPPPST estuvieron presentes en la movilizaci\u00f3n \u00ab22 a\u00f1os desde el Rescate del Comandante Ch\u00e1vez\u00bb\"}]},{\"@type\":\"WebSite\",\"@id\":\"https:\/\/www.mpppst.gob.ve\/mpppstweb\/#website\",\"url\":\"https:\/\/www.mpppst.gob.ve\/mpppstweb\/\",\"name\":\"MPPPST\",\"description\":\"Ministerio del Poder Popular para el Proceso Social de Trabajo\",\"publisher\":{\"@id\":\"https:\/\/www.mpppst.gob.ve\/mpppstweb\/#organization\"},\"potentialAction\":[{\"@type\":\"SearchAction\",\"target\":{\"@type\":\"EntryPoint\",\"urlTemplate\":\"https:\/\/www.mpppst.gob.ve\/mpppstweb\/?s={search_term_string}\"},\"query-input\":\"required name=search_term_string\"}],\"inLanguage\":\"es\"},{\"@type\":\"Organization\",\"@id\":\"https:\/\/www.mpppst.gob.ve\/mpppstweb\/#organization\",\"name\":\"mpppst\",\"url\":\"https:\/\/www.mpppst.gob.ve\/mpppstweb\/\",\"logo\":{\"@type\":\"ImageObject\",\"inLanguage\":\"es\",\"@id\":\"https:\/\/www.mpppst.gob.ve\/mpppstweb\/#\/schema\/logo\/image\/\",\"url\":\"https:\/\/www.mpppst.gob.ve\/mpppstweb\/wp-content\/uploads\/2025\/07\/cropped-cropped-g910.png\",\"contentUrl\":\"https:\/\/www.mpppst.gob.ve\/mpppstweb\/wp-content\/uploads\/2025\/07\/cropped-cropped-g910.png\",\"width\":1080,\"height\":241,\"caption\":\"mpppst\"},\"image\":{\"@id\":\"https:\/\/www.mpppst.gob.ve\/mpppstweb\/#\/schema\/logo\/image\/\"}},{\"@type\":\"Person\",\"@id\":\"https:\/\/www.mpppst.gob.ve\/mpppstweb\/#\/schema\/person\/fc187ee8ead412bd4c9304b62f900ea4\",\"name\":\"MPPPST Prensa\",\"url\":\"https:\/\/www.mpppst.gob.ve\/mpppstweb\/index.php\/author\/prensa-mpppst\/\"}]}<\/script>\n<!-- \/ Yoast SEO plugin. -->","yoast_head_json":{"title":"Viceministros del MPPPST estuvieron presentes en la movilizaci\u00f3n \"22 a\u00f1os desde el Rescate del Comandante Ch\u00e1vez\" - MPPPST","robots":{"index":"index","follow":"follow","max-snippet":"max-snippet:-1","max-image-preview":"max-image-preview:large","max-video-preview":"max-video-preview:-1"},"canonical":"https:\/\/www.mpppst.gob.ve\/mpppstweb\/index.php\/2024\/04\/15\/viceministros-del-mpppst-estuvieron-presentes-en-la-movilizacion-22-anos-desde-el-rescate-del-comandante-chavez\/","og_locale":"es_ES","og_type":"article","og_title":"Viceministros del MPPPST estuvieron presentes en la movilizaci\u00f3n \"22 a\u00f1os desde el Rescate del Comandante Ch\u00e1vez\" - MPPPST","og_description":"Viceministros del MPPPST estuvieron presentes en la movilizaci\u00f3n \"22 a\u00f1os desde el Rescate del Comandante Ch\u00e1vez\"","og_url":"https:\/\/www.mpppst.gob.ve\/mpppstweb\/index.php\/2024\/04\/15\/viceministros-del-mpppst-estuvieron-presentes-en-la-movilizacion-22-anos-desde-el-rescate-del-comandante-chavez\/","og_site_name":"MPPPST","article_published_time":"2024-04-15T13:40:11+00:00","article_modified_time":"2024-04-15T13:40:12+00:00","og_image":[{"width":1280,"height":721,"url":"https:\/\/www.mpppst.gob.ve\/mpppstweb\/wp-content\/uploads\/2024\/04\/photo_4958908264767140692_y.jpg","type":"image\/jpeg"}],"author":"MPPPST Prensa","twitter_card":"summary_large_image","twitter_misc":{"Escrito por":"MPPPST Prensa","Tiempo de lectura":"2 minutos"},"schema":{"@context":"https:\/\/schema.org","@graph":[{"@type":"Article","@id":"https:\/\/www.mpppst.gob.ve\/mpppstweb\/index.php\/2024\/04\/15\/viceministros-del-mpppst-estuvieron-presentes-en-la-movilizacion-22-anos-desde-el-rescate-del-comandante-chavez\/#article","isPartOf":{"@id":"https:\/\/www.mpppst.gob.ve\/mpppstweb\/index.php\/2024\/04\/15\/viceministros-del-mpppst-estuvieron-presentes-en-la-movilizacion-22-anos-desde-el-rescate-del-comandante-chavez\/"},"author":{"name":"MPPPST Prensa","@id":"https:\/\/www.mpppst.gob.ve\/mpppstweb\/#\/schema\/person\/fc187ee8ead412bd4c9304b62f900ea4"},"headline":"Viceministros del MPPPST estuvieron presentes en la movilizaci\u00f3n \u00ab22 a\u00f1os desde el Rescate del Comandante Ch\u00e1vez\u00bb","datePublished":"2024-04-15T13:40:11+00:00","dateModified":"2024-04-15T13:40:12+00:00","mainEntityOfPage":{"@id":"https:\/\/www.mpppst.gob.ve\/mpppstweb\/index.php\/2024\/04\/15\/viceministros-del-mpppst-estuvieron-presentes-en-la-movilizacion-22-anos-desde-el-rescate-del-comandante-chavez\/"},"wordCount":321,"publisher":{"@id":"https:\/\/www.mpppst.gob.ve\/mpppstweb\/#organization"},"image":{"@id":"https:\/\/www.mpppst.gob.ve\/mpppstweb\/index.php\/2024\/04\/15\/viceministros-del-mpppst-estuvieron-presentes-en-la-movilizacion-22-anos-desde-el-rescate-del-comandante-chavez\/#primaryimage"},"thumbnailUrl":"https:\/\/www.mpppst.gob.ve\/mpppstweb\/wp-content\/uploads\/2024\/04\/photo_4958908264767140692_y.jpg","keywords":["22 a\u00f1os desde el rescate del Comandante Ch\u00e1vez","Movilizaci\u00f3n","MPPPST","Viceministerio para Derechos y Relaciones Laborales","viceministerios","Viceministro de Previsi\u00f3n Social"],"articleSection":["Gobierno Nacional","Noticias"],"inLanguage":"es"},{"@type":"WebPage","@id":"https:\/\/www.mpppst.gob.ve\/mpppstweb\/index.php\/2024\/04\/15\/viceministros-del-mpppst-estuvieron-presentes-en-la-movilizacion-22-anos-desde-el-rescate-del-comandante-chavez\/","url":"https:\/\/www.mpppst.gob.ve\/mpppstweb\/index.php\/2024\/04\/15\/viceministros-del-mpppst-estuvieron-presentes-en-la-movilizacion-22-anos-desde-el-rescate-del-comandante-chavez\/","name":"Viceministros del MPPPST estuvieron presentes en la movilizaci\u00f3n \"22 a\u00f1os desde el Rescate del Comandante Ch\u00e1vez\" - MPPPST","isPartOf":{"@id":"https:\/\/www.mpppst.gob.ve\/mpppstweb\/#website"},"primaryImageOfPage":{"@id":"https:\/\/www.mpppst.gob.ve\/mpppstweb\/index.php\/2024\/04\/15\/viceministros-del-mpppst-estuvieron-presentes-en-la-movilizacion-22-anos-desde-el-rescate-del-comandante-chavez\/#primaryimage"},"image":{"@id":"https:\/\/www.mpppst.gob.ve\/mpppstweb\/index.php\/2024\/04\/15\/viceministros-del-mpppst-estuvieron-presentes-en-la-movilizacion-22-anos-desde-el-rescate-del-comandante-chavez\/#primaryimage"},"thumbnailUrl":"https:\/\/www.mpppst.gob.ve\/mpppstweb\/wp-content\/uploads\/2024\/04\/photo_4958908264767140692_y.jpg","datePublished":"2024-04-15T13:40:11+00:00","dateModified":"2024-04-15T13:40:12+00:00","breadcrumb":{"@id":"https:\/\/www.mpppst.gob.ve\/mpppstweb\/index.php\/2024\/04\/15\/viceministros-del-mpppst-estuvieron-presentes-en-la-movilizacion-22-anos-desde-el-rescate-del-comandante-chavez\/#breadcrumb"},"inLanguage":"es","potentialAction":[{"@type":"ReadAction","target":["https:\/\/www.mpppst.gob.ve\/mpppstweb\/index.php\/2024\/04\/15\/viceministros-del-mpppst-estuvieron-presentes-en-la-movilizacion-22-anos-desde-el-rescate-del-comandante-chavez\/"]}]},{"@type":"ImageObject","inLanguage":"es","@id":"https:\/\/www.mpppst.gob.ve\/mpppstweb\/index.php\/2024\/04\/15\/viceministros-del-mpppst-estuvieron-presentes-en-la-movilizacion-22-anos-desde-el-rescate-del-comandante-chavez\/#primaryimage","url":"https:\/\/www.mpppst.gob.ve\/mpppstweb\/wp-content\/uploads\/2024\/04\/photo_4958908264767140692_y.jpg","contentUrl":"https:\/\/www.mpppst.gob.ve\/mpppstweb\/wp-content\/uploads\/2024\/04\/photo_4958908264767140692_y.jpg","width":1280,"height":721,"caption":"Viceministros del MPPPST estuvieron presentes en la movilizaci\u00f3n \"22 a\u00f1os desde el Rescate del Comandante Ch\u00e1vez\""},{"@type":"BreadcrumbList","@id":"https:\/\/www.mpppst.gob.ve\/mpppstweb\/index.php\/2024\/04\/15\/viceministros-del-mpppst-estuvieron-presentes-en-la-movilizacion-22-anos-desde-el-rescate-del-comandante-chavez\/#breadcrumb","itemListElement":[{"@type":"ListItem","position":1,"name":"Home","item":"https:\/\/www.mpppst.gob.ve\/mpppstweb\/"},{"@type":"ListItem","position":2,"name":"Viceministros del MPPPST estuvieron presentes en la movilizaci\u00f3n \u00ab22 a\u00f1os desde el Rescate del Comandante Ch\u00e1vez\u00bb"}]},{"@type":"WebSite","@id":"https:\/\/www.mpppst.gob.ve\/mpppstweb\/#website","url":"https:\/\/www.mpppst.gob.ve\/mpppstweb\/","name":"MPPPST","description":"Ministerio del Poder Popular para el Proceso Social de Trabajo","publisher":{"@id":"https:\/\/www.mpppst.gob.ve\/mpppstweb\/#organization"},"potentialAction":[{"@type":"SearchAction","target":{"@type":"EntryPoint","urlTemplate":"https:\/\/www.mpppst.gob.ve\/mpppstweb\/?s={search_term_string}"},"query-input":"required name=search_term_string"}],"inLanguage":"es"},{"@type":"Organization","@id":"https:\/\/www.mpppst.gob.ve\/mpppstweb\/#organization","name":"mpppst","url":"https:\/\/www.mpppst.gob.ve\/mpppstweb\/","logo":{"@type":"ImageObject","inLanguage":"es","@id":"https:\/\/www.mpppst.gob.ve\/mpppstweb\/#\/schema\/logo\/image\/","url":"https:\/\/www.mpppst.gob.ve\/mpppstweb\/wp-content\/uploads\/2025\/07\/cropped-cropped-g910.png","contentUrl":"https:\/\/www.mpppst.gob.ve\/mpppstweb\/wp-content\/uploads\/2025\/07\/cropped-cropped-g910.png","width":1080,"height":241,"caption":"mpppst"},"image":{"@id":"https:\/\/www.mpppst.gob.ve\/mpppstweb\/#\/schema\/logo\/image\/"}},{"@type":"Person","@id":"https:\/\/www.mpppst.gob.ve\/mpppstweb\/#\/schema\/person\/fc187ee8ead412bd4c9304b62f900ea4","name":"MPPPST Prensa","url":"https:\/\/www.mpppst.gob.ve\/mpppstweb\/index.php\/author\/prensa-mpppst\/"}]}},"_links":{"self":[{"href":"https:\/\/www.mpppst.gob.ve\/mpppstweb\/index.php\/wp-json\/wp\/v2\/posts\/26022"}],"collection":[{"href":"https:\/\/www.mpppst.gob.ve\/mpppstweb\/index.php\/wp-json\/wp\/v2\/posts"}],"about":[{"href":"https:\/\/www.mpppst.gob.ve\/mpppstweb\/index.php\/wp-json\/wp\/v2\/types\/post"}],"author":[{"embeddable":true,"href":"https:\/\/www.mpppst.gob.ve\/mpppstweb\/index.php\/wp-json\/wp\/v2\/users\/25"}],"replies":[{"embeddable":true,"href":"https:\/\/www.mpppst.gob.ve\/mpppstweb\/index.php\/wp-json\/wp\/v2\/comments?post=26022"}],"version-history":[{"count":1,"href":"https:\/\/www.mpppst.gob.ve\/mpppstweb\/index.php\/wp-json\/wp\/v2\/posts\/26022\/revisions"}],"predecessor-version":[{"id":26024,"href":"https:\/\/www.mpppst.gob.ve\/mpppstweb\/index.php\/wp-json\/wp\/v2\/posts\/26022\/revisions\/26024"}],"wp:featuredmedia":[{"embeddable":true,"href":"https:\/\/www.mpppst.gob.ve\/mpppstweb\/index.php\/wp-json\/wp\/v2\/media\/26023"}],"wp:attachment":[{"href":"https:\/\/www.mpppst.gob.ve\/mpppstweb\/index.php\/wp-json\/wp\/v2\/media?parent=26022"}],"wp:term":[{"taxonomy":"category","embeddable":true,"href":"https:\/\/www.mpppst.gob.ve\/mpppstweb\/index.php\/wp-json\/wp\/v2\/categories?post=26022"},{"taxonomy":"post_tag","embeddable":true,"href":"https:\/\/www.mpppst.gob.ve\/mpppstweb\/index.php\/wp-json\/wp\/v2\/tags?post=26022"}],"curies":[{"name":"wp","href":"https:\/\/api.w.org\/{rel}","templated":true}]}}