{"id":26038,"date":"2024-04-18T10:53:55","date_gmt":"2024-04-18T14:53:55","guid":{"rendered":"http:\/\/www.mpppst.gob.ve\/mpppstweb\/?p=26038"},"modified":"2024-04-18T10:53:58","modified_gmt":"2024-04-18T14:53:58","slug":"mpppst-se-une-a-la-campana-del-ahorro-energetico","status":"publish","type":"post","link":"https:\/\/www.mpppst.gob.ve\/mpppstweb\/index.php\/2024\/04\/18\/mpppst-se-une-a-la-campana-del-ahorro-energetico\/","title":{"rendered":"MPPPST se une a la campa\u00f1a del ahorro energ\u00e9tico"},"content":{"rendered":"\n<p><strong>MPPPST, Caracas.<\/strong>&#8211; En el <strong>Ministerio del Poder Popular para el Proceso Social de Trabajo<\/strong> (<strong>MPPPST<\/strong>), trabaja en conjunto con el<strong> Ministerio del Poder Popular para la Energ\u00eda El\u00e9ctrica<\/strong> (<strong>MPPEE<\/strong>), llevando a cabo una campa\u00f1a para la <strong>concientizaci\u00f3n energ\u00e9tica<\/strong>, con la finalidad que los trabajadores y trabajadoras tengan en cuenta el uso correspondiente del servicio el\u00e9ctrico, adem\u00e1s de estar aplicando la sexta l\u00ednea de las <strong>7 Grandes Transformaciones<\/strong> (<strong>7T<\/strong>) implementadas por el <strong>Presidente Nicol\u00e1s Maduro<\/strong>.<\/p>\n\n\n\n<p>La clase obrera obtuvo informaci\u00f3n impresa que indicaban las medidas para el ahorro energ\u00e9tico, adem\u00e1s de gu\u00edas con ciertos par\u00e1metros sobre el uso de las computadoras, los cargadores de celulares, el uso de la luz natural por encima de la artificial, entre otros puntos.<\/p>\n\n\n\n<p>Cabe destacar, que la sexta l\u00ednea habla sobre combatir la crisis clim\u00e1tica, formar conciencia y educar a la poblaci\u00f3n sobre el impacto ambiental.<\/p>\n\n\n\n<p>Prensa MPPPST\/Rosa Brito<\/p>\n","protected":false},"excerpt":{"rendered":"<p>MPPPST en conjunto con el MPPEE hablan del ahorro energ\u00e9tico.<\/p>\n","protected":false},"author":25,"featured_media":26039,"comment_status":"closed","ping_status":"closed","sticky":false,"template":"","format":"standard","meta":{"footnotes":""},"categories":[163,84],"tags":[624,625,375,737,223],"yoast_head":"<!-- This site is optimized with the Yoast SEO plugin v22.5 - https:\/\/yoast.com\/wordpress\/plugins\/seo\/ -->\n<title>MPPPST se une a la campa\u00f1a del ahorro energ\u00e9tico - MPPPST<\/title>\n<meta name=\"robots\" content=\"index, follow, max-snippet:-1, max-image-preview:large, max-video-preview:-1\" \/>\n<link rel=\"canonical\" href=\"https:\/\/www.mpppst.gob.ve\/mpppstweb\/index.php\/2024\/04\/18\/mpppst-se-une-a-la-campana-del-ahorro-energetico\/\" \/>\n<meta property=\"og:locale\" content=\"es_ES\" \/>\n<meta property=\"og:type\" content=\"article\" \/>\n<meta property=\"og:title\" content=\"MPPPST se une a la campa\u00f1a del ahorro energ\u00e9tico - MPPPST\" \/>\n<meta property=\"og:description\" content=\"MPPPST en conjunto con el MPPEE hablan del ahorro energ\u00e9tico.\" \/>\n<meta property=\"og:url\" content=\"https:\/\/www.mpppst.gob.ve\/mpppstweb\/index.php\/2024\/04\/18\/mpppst-se-une-a-la-campana-del-ahorro-energetico\/\" \/>\n<meta property=\"og:site_name\" content=\"MPPPST\" \/>\n<meta property=\"article:published_time\" content=\"2024-04-18T14:53:55+00:00\" \/>\n<meta property=\"article:modified_time\" content=\"2024-04-18T14:53:58+00:00\" \/>\n<meta property=\"og:image\" content=\"https:\/\/www.mpppst.gob.ve\/mpppstweb\/wp-content\/uploads\/2024\/04\/photo_4972130892818525666_y-1.jpg\" \/>\n\t<meta property=\"og:image:width\" content=\"1280\" \/>\n\t<meta property=\"og:image:height\" content=\"721\" \/>\n\t<meta property=\"og:image:type\" content=\"image\/jpeg\" \/>\n<meta name=\"author\" content=\"MPPPST Prensa\" \/>\n<meta name=\"twitter:card\" content=\"summary_large_image\" \/>\n<meta name=\"twitter:label1\" content=\"Escrito por\" \/>\n\t<meta name=\"twitter:data1\" content=\"MPPPST Prensa\" \/>\n\t<meta name=\"twitter:label2\" content=\"Tiempo de lectura\" \/>\n\t<meta name=\"twitter:data2\" content=\"1 minuto\" \/>\n<script type=\"application\/ld+json\" class=\"yoast-schema-graph\">{\"@context\":\"https:\/\/schema.org\",\"@graph\":[{\"@type\":\"Article\",\"@id\":\"https:\/\/www.mpppst.gob.ve\/mpppstweb\/index.php\/2024\/04\/18\/mpppst-se-une-a-la-campana-del-ahorro-energetico\/#article\",\"isPartOf\":{\"@id\":\"https:\/\/www.mpppst.gob.ve\/mpppstweb\/index.php\/2024\/04\/18\/mpppst-se-une-a-la-campana-del-ahorro-energetico\/\"},\"author\":{\"name\":\"MPPPST Prensa\",\"@id\":\"https:\/\/www.mpppst.gob.ve\/mpppstweb\/#\/schema\/person\/fc187ee8ead412bd4c9304b62f900ea4\"},\"headline\":\"MPPPST se une a la campa\u00f1a del ahorro energ\u00e9tico\",\"datePublished\":\"2024-04-18T14:53:55+00:00\",\"dateModified\":\"2024-04-18T14:53:58+00:00\",\"mainEntityOfPage\":{\"@id\":\"https:\/\/www.mpppst.gob.ve\/mpppstweb\/index.php\/2024\/04\/18\/mpppst-se-une-a-la-campana-del-ahorro-energetico\/\"},\"wordCount\":173,\"publisher\":{\"@id\":\"https:\/\/www.mpppst.gob.ve\/mpppstweb\/#organization\"},\"image\":{\"@id\":\"https:\/\/www.mpppst.gob.ve\/mpppstweb\/index.php\/2024\/04\/18\/mpppst-se-une-a-la-campana-del-ahorro-energetico\/#primaryimage\"},\"thumbnailUrl\":\"https:\/\/www.mpppst.gob.ve\/mpppstweb\/wp-content\/uploads\/2024\/04\/photo_4972130892818525666_y-1.jpg\",\"keywords\":[\"7 Transformaciones\",\"7T\",\"Ahorro Energ\u00e9tico\",\"MPPEE\",\"MPPPST\"],\"articleSection\":[\"Noticias\",\"Vida Laboral y Sindical\"],\"inLanguage\":\"es\"},{\"@type\":\"WebPage\",\"@id\":\"https:\/\/www.mpppst.gob.ve\/mpppstweb\/index.php\/2024\/04\/18\/mpppst-se-une-a-la-campana-del-ahorro-energetico\/\",\"url\":\"https:\/\/www.mpppst.gob.ve\/mpppstweb\/index.php\/2024\/04\/18\/mpppst-se-une-a-la-campana-del-ahorro-energetico\/\",\"name\":\"MPPPST se une a la campa\u00f1a del ahorro energ\u00e9tico - MPPPST\",\"isPartOf\":{\"@id\":\"https:\/\/www.mpppst.gob.ve\/mpppstweb\/#website\"},\"primaryImageOfPage\":{\"@id\":\"https:\/\/www.mpppst.gob.ve\/mpppstweb\/index.php\/2024\/04\/18\/mpppst-se-une-a-la-campana-del-ahorro-energetico\/#primaryimage\"},\"image\":{\"@id\":\"https:\/\/www.mpppst.gob.ve\/mpppstweb\/index.php\/2024\/04\/18\/mpppst-se-une-a-la-campana-del-ahorro-energetico\/#primaryimage\"},\"thumbnailUrl\":\"https:\/\/www.mpppst.gob.ve\/mpppstweb\/wp-content\/uploads\/2024\/04\/photo_4972130892818525666_y-1.jpg\",\"datePublished\":\"2024-04-18T14:53:55+00:00\",\"dateModified\":\"2024-04-18T14:53:58+00:00\",\"breadcrumb\":{\"@id\":\"https:\/\/www.mpppst.gob.ve\/mpppstweb\/index.php\/2024\/04\/18\/mpppst-se-une-a-la-campana-del-ahorro-energetico\/#breadcrumb\"},\"inLanguage\":\"es\",\"potentialAction\":[{\"@type\":\"ReadAction\",\"target\":[\"https:\/\/www.mpppst.gob.ve\/mpppstweb\/index.php\/2024\/04\/18\/mpppst-se-une-a-la-campana-del-ahorro-energetico\/\"]}]},{\"@type\":\"ImageObject\",\"inLanguage\":\"es\",\"@id\":\"https:\/\/www.mpppst.gob.ve\/mpppstweb\/index.php\/2024\/04\/18\/mpppst-se-une-a-la-campana-del-ahorro-energetico\/#primaryimage\",\"url\":\"https:\/\/www.mpppst.gob.ve\/mpppstweb\/wp-content\/uploads\/2024\/04\/photo_4972130892818525666_y-1.jpg\",\"contentUrl\":\"https:\/\/www.mpppst.gob.ve\/mpppstweb\/wp-content\/uploads\/2024\/04\/photo_4972130892818525666_y-1.jpg\",\"width\":1280,\"height\":721,\"caption\":\"MPPPST en conjunto con el MPPEE hablan del ahorro energ\u00e9tico.\"},{\"@type\":\"BreadcrumbList\",\"@id\":\"https:\/\/www.mpppst.gob.ve\/mpppstweb\/index.php\/2024\/04\/18\/mpppst-se-une-a-la-campana-del-ahorro-energetico\/#breadcrumb\",\"itemListElement\":[{\"@type\":\"ListItem\",\"position\":1,\"name\":\"Home\",\"item\":\"https:\/\/www.mpppst.gob.ve\/mpppstweb\/\"},{\"@type\":\"ListItem\",\"position\":2,\"name\":\"MPPPST se une a la campa\u00f1a del ahorro energ\u00e9tico\"}]},{\"@type\":\"WebSite\",\"@id\":\"https:\/\/www.mpppst.gob.ve\/mpppstweb\/#website\",\"url\":\"https:\/\/www.mpppst.gob.ve\/mpppstweb\/\",\"name\":\"MPPPST\",\"description\":\"Ministerio del Poder Popular para el Proceso Social de Trabajo\",\"publisher\":{\"@id\":\"https:\/\/www.mpppst.gob.ve\/mpppstweb\/#organization\"},\"potentialAction\":[{\"@type\":\"SearchAction\",\"target\":{\"@type\":\"EntryPoint\",\"urlTemplate\":\"https:\/\/www.mpppst.gob.ve\/mpppstweb\/?s={search_term_string}\"},\"query-input\":\"required name=search_term_string\"}],\"inLanguage\":\"es\"},{\"@type\":\"Organization\",\"@id\":\"https:\/\/www.mpppst.gob.ve\/mpppstweb\/#organization\",\"name\":\"mpppst\",\"url\":\"https:\/\/www.mpppst.gob.ve\/mpppstweb\/\",\"logo\":{\"@type\":\"ImageObject\",\"inLanguage\":\"es\",\"@id\":\"https:\/\/www.mpppst.gob.ve\/mpppstweb\/#\/schema\/logo\/image\/\",\"url\":\"https:\/\/www.mpppst.gob.ve\/mpppstweb\/wp-content\/uploads\/2025\/07\/cropped-cropped-g910.png\",\"contentUrl\":\"https:\/\/www.mpppst.gob.ve\/mpppstweb\/wp-content\/uploads\/2025\/07\/cropped-cropped-g910.png\",\"width\":1080,\"height\":241,\"caption\":\"mpppst\"},\"image\":{\"@id\":\"https:\/\/www.mpppst.gob.ve\/mpppstweb\/#\/schema\/logo\/image\/\"}},{\"@type\":\"Person\",\"@id\":\"https:\/\/www.mpppst.gob.ve\/mpppstweb\/#\/schema\/person\/fc187ee8ead412bd4c9304b62f900ea4\",\"name\":\"MPPPST Prensa\",\"url\":\"https:\/\/www.mpppst.gob.ve\/mpppstweb\/index.php\/author\/prensa-mpppst\/\"}]}<\/script>\n<!-- \/ Yoast SEO plugin. -->","yoast_head_json":{"title":"MPPPST se une a la campa\u00f1a del ahorro energ\u00e9tico - MPPPST","robots":{"index":"index","follow":"follow","max-snippet":"max-snippet:-1","max-image-preview":"max-image-preview:large","max-video-preview":"max-video-preview:-1"},"canonical":"https:\/\/www.mpppst.gob.ve\/mpppstweb\/index.php\/2024\/04\/18\/mpppst-se-une-a-la-campana-del-ahorro-energetico\/","og_locale":"es_ES","og_type":"article","og_title":"MPPPST se une a la campa\u00f1a del ahorro energ\u00e9tico - MPPPST","og_description":"MPPPST en conjunto con el MPPEE hablan del ahorro energ\u00e9tico.","og_url":"https:\/\/www.mpppst.gob.ve\/mpppstweb\/index.php\/2024\/04\/18\/mpppst-se-une-a-la-campana-del-ahorro-energetico\/","og_site_name":"MPPPST","article_published_time":"2024-04-18T14:53:55+00:00","article_modified_time":"2024-04-18T14:53:58+00:00","og_image":[{"width":1280,"height":721,"url":"https:\/\/www.mpppst.gob.ve\/mpppstweb\/wp-content\/uploads\/2024\/04\/photo_4972130892818525666_y-1.jpg","type":"image\/jpeg"}],"author":"MPPPST Prensa","twitter_card":"summary_large_image","twitter_misc":{"Escrito por":"MPPPST Prensa","Tiempo de lectura":"1 minuto"},"schema":{"@context":"https:\/\/schema.org","@graph":[{"@type":"Article","@id":"https:\/\/www.mpppst.gob.ve\/mpppstweb\/index.php\/2024\/04\/18\/mpppst-se-une-a-la-campana-del-ahorro-energetico\/#article","isPartOf":{"@id":"https:\/\/www.mpppst.gob.ve\/mpppstweb\/index.php\/2024\/04\/18\/mpppst-se-une-a-la-campana-del-ahorro-energetico\/"},"author":{"name":"MPPPST Prensa","@id":"https:\/\/www.mpppst.gob.ve\/mpppstweb\/#\/schema\/person\/fc187ee8ead412bd4c9304b62f900ea4"},"headline":"MPPPST se une a la campa\u00f1a del ahorro energ\u00e9tico","datePublished":"2024-04-18T14:53:55+00:00","dateModified":"2024-04-18T14:53:58+00:00","mainEntityOfPage":{"@id":"https:\/\/www.mpppst.gob.ve\/mpppstweb\/index.php\/2024\/04\/18\/mpppst-se-une-a-la-campana-del-ahorro-energetico\/"},"wordCount":173,"publisher":{"@id":"https:\/\/www.mpppst.gob.ve\/mpppstweb\/#organization"},"image":{"@id":"https:\/\/www.mpppst.gob.ve\/mpppstweb\/index.php\/2024\/04\/18\/mpppst-se-une-a-la-campana-del-ahorro-energetico\/#primaryimage"},"thumbnailUrl":"https:\/\/www.mpppst.gob.ve\/mpppstweb\/wp-content\/uploads\/2024\/04\/photo_4972130892818525666_y-1.jpg","keywords":["7 Transformaciones","7T","Ahorro Energ\u00e9tico","MPPEE","MPPPST"],"articleSection":["Noticias","Vida Laboral y Sindical"],"inLanguage":"es"},{"@type":"WebPage","@id":"https:\/\/www.mpppst.gob.ve\/mpppstweb\/index.php\/2024\/04\/18\/mpppst-se-une-a-la-campana-del-ahorro-energetico\/","url":"https:\/\/www.mpppst.gob.ve\/mpppstweb\/index.php\/2024\/04\/18\/mpppst-se-une-a-la-campana-del-ahorro-energetico\/","name":"MPPPST se une a la campa\u00f1a del ahorro energ\u00e9tico - MPPPST","isPartOf":{"@id":"https:\/\/www.mpppst.gob.ve\/mpppstweb\/#website"},"primaryImageOfPage":{"@id":"https:\/\/www.mpppst.gob.ve\/mpppstweb\/index.php\/2024\/04\/18\/mpppst-se-une-a-la-campana-del-ahorro-energetico\/#primaryimage"},"image":{"@id":"https:\/\/www.mpppst.gob.ve\/mpppstweb\/index.php\/2024\/04\/18\/mpppst-se-une-a-la-campana-del-ahorro-energetico\/#primaryimage"},"thumbnailUrl":"https:\/\/www.mpppst.gob.ve\/mpppstweb\/wp-content\/uploads\/2024\/04\/photo_4972130892818525666_y-1.jpg","datePublished":"2024-04-18T14:53:55+00:00","dateModified":"2024-04-18T14:53:58+00:00","breadcrumb":{"@id":"https:\/\/www.mpppst.gob.ve\/mpppstweb\/index.php\/2024\/04\/18\/mpppst-se-une-a-la-campana-del-ahorro-energetico\/#breadcrumb"},"inLanguage":"es","potentialAction":[{"@type":"ReadAction","target":["https:\/\/www.mpppst.gob.ve\/mpppstweb\/index.php\/2024\/04\/18\/mpppst-se-une-a-la-campana-del-ahorro-energetico\/"]}]},{"@type":"ImageObject","inLanguage":"es","@id":"https:\/\/www.mpppst.gob.ve\/mpppstweb\/index.php\/2024\/04\/18\/mpppst-se-une-a-la-campana-del-ahorro-energetico\/#primaryimage","url":"https:\/\/www.mpppst.gob.ve\/mpppstweb\/wp-content\/uploads\/2024\/04\/photo_4972130892818525666_y-1.jpg","contentUrl":"https:\/\/www.mpppst.gob.ve\/mpppstweb\/wp-content\/uploads\/2024\/04\/photo_4972130892818525666_y-1.jpg","width":1280,"height":721,"caption":"MPPPST en conjunto con el MPPEE hablan del ahorro energ\u00e9tico."},{"@type":"BreadcrumbList","@id":"https:\/\/www.mpppst.gob.ve\/mpppstweb\/index.php\/2024\/04\/18\/mpppst-se-une-a-la-campana-del-ahorro-energetico\/#breadcrumb","itemListElement":[{"@type":"ListItem","position":1,"name":"Home","item":"https:\/\/www.mpppst.gob.ve\/mpppstweb\/"},{"@type":"ListItem","position":2,"name":"MPPPST se une a la campa\u00f1a del ahorro energ\u00e9tico"}]},{"@type":"WebSite","@id":"https:\/\/www.mpppst.gob.ve\/mpppstweb\/#website","url":"https:\/\/www.mpppst.gob.ve\/mpppstweb\/","name":"MPPPST","description":"Ministerio del Poder Popular para el Proceso Social de Trabajo","publisher":{"@id":"https:\/\/www.mpppst.gob.ve\/mpppstweb\/#organization"},"potentialAction":[{"@type":"SearchAction","target":{"@type":"EntryPoint","urlTemplate":"https:\/\/www.mpppst.gob.ve\/mpppstweb\/?s={search_term_string}"},"query-input":"required name=search_term_string"}],"inLanguage":"es"},{"@type":"Organization","@id":"https:\/\/www.mpppst.gob.ve\/mpppstweb\/#organization","name":"mpppst","url":"https:\/\/www.mpppst.gob.ve\/mpppstweb\/","logo":{"@type":"ImageObject","inLanguage":"es","@id":"https:\/\/www.mpppst.gob.ve\/mpppstweb\/#\/schema\/logo\/image\/","url":"https:\/\/www.mpppst.gob.ve\/mpppstweb\/wp-content\/uploads\/2025\/07\/cropped-cropped-g910.png","contentUrl":"https:\/\/www.mpppst.gob.ve\/mpppstweb\/wp-content\/uploads\/2025\/07\/cropped-cropped-g910.png","width":1080,"height":241,"caption":"mpppst"},"image":{"@id":"https:\/\/www.mpppst.gob.ve\/mpppstweb\/#\/schema\/logo\/image\/"}},{"@type":"Person","@id":"https:\/\/www.mpppst.gob.ve\/mpppstweb\/#\/schema\/person\/fc187ee8ead412bd4c9304b62f900ea4","name":"MPPPST Prensa","url":"https:\/\/www.mpppst.gob.ve\/mpppstweb\/index.php\/author\/prensa-mpppst\/"}]}},"_links":{"self":[{"href":"https:\/\/www.mpppst.gob.ve\/mpppstweb\/index.php\/wp-json\/wp\/v2\/posts\/26038"}],"collection":[{"href":"https:\/\/www.mpppst.gob.ve\/mpppstweb\/index.php\/wp-json\/wp\/v2\/posts"}],"about":[{"href":"https:\/\/www.mpppst.gob.ve\/mpppstweb\/index.php\/wp-json\/wp\/v2\/types\/post"}],"author":[{"embeddable":true,"href":"https:\/\/www.mpppst.gob.ve\/mpppstweb\/index.php\/wp-json\/wp\/v2\/users\/25"}],"replies":[{"embeddable":true,"href":"https:\/\/www.mpppst.gob.ve\/mpppstweb\/index.php\/wp-json\/wp\/v2\/comments?post=26038"}],"version-history":[{"count":1,"href":"https:\/\/www.mpppst.gob.ve\/mpppstweb\/index.php\/wp-json\/wp\/v2\/posts\/26038\/revisions"}],"predecessor-version":[{"id":26040,"href":"https:\/\/www.mpppst.gob.ve\/mpppstweb\/index.php\/wp-json\/wp\/v2\/posts\/26038\/revisions\/26040"}],"wp:featuredmedia":[{"embeddable":true,"href":"https:\/\/www.mpppst.gob.ve\/mpppstweb\/index.php\/wp-json\/wp\/v2\/media\/26039"}],"wp:attachment":[{"href":"https:\/\/www.mpppst.gob.ve\/mpppstweb\/index.php\/wp-json\/wp\/v2\/media?parent=26038"}],"wp:term":[{"taxonomy":"category","embeddable":true,"href":"https:\/\/www.mpppst.gob.ve\/mpppstweb\/index.php\/wp-json\/wp\/v2\/categories?post=26038"},{"taxonomy":"post_tag","embeddable":true,"href":"https:\/\/www.mpppst.gob.ve\/mpppstweb\/index.php\/wp-json\/wp\/v2\/tags?post=26038"}],"curies":[{"name":"wp","href":"https:\/\/api.w.org\/{rel}","templated":true}]}}